{"id":10262,"date":"2018-07-31T18:18:19","date_gmt":"2018-07-31T18:18:19","guid":{"rendered":"https:\/\/swimchannel.flywheelsites.com\/?p=10262"},"modified":"2018-07-31T21:01:25","modified_gmt":"2018-07-31T21:01:25","slug":"pan-bh-vence-o-1o-campeonato-joanna-maranhao","status":"publish","type":"post","link":"https:\/\/swimchannel.net\/br\/pan-bh-vence-o-1o-campeonato-joanna-maranhao\/","title":{"rendered":"PAN &#8211; BH vence o 1\u00ba Campeonato Joanna Maranh\u00e3o"},"content":{"rendered":"<p>O 1\u00ba Campeonato <a href=\"https:\/\/swimchannel.net\/br\/atleta\/joanna-maranhao\/\">Joanna Maranh\u00e3o<\/a> foi realizado neste s\u00e1bado (28), em Belo Horizonte (MG). O evento foi feito na\u00a0piscina ol\u00edmpica do Centro de Treinamento Esportivo\u00a0da Universidade Federal de Minas Gerais em Belo Horizonte e teve toda sua renda revertida para\u00a0o Emancipa Esporte, uma iniciativa lan\u00e7ada por Joanna e seu marido, Luciano Correa, que oferece aulas pr\u00e1ticas esportivas para crian\u00e7as da rede p\u00fablica e tamb\u00e9m de educa\u00e7\u00e3o sexual como forma de preven\u00e7\u00e3o a situa\u00e7\u00f5es de abuso.<\/p>\n<p>O clube que somou mais pontos na competi\u00e7\u00e3o foi o\u00a0PAN &#8211; BH (Pais Amigos Nata\u00e7\u00e3o &#8211; BH) com\u00a0184,00, com destaque para Jo\u00e3o Vitor Dutra que venceu os 50m livre (26s24) e os 50m peito (34s76) na categoria juvenil.\u00a0 Em segundo lugar ficou o SESC Po\u00e7os de Caldas com 174 pontos e em terceiro a\u00a0Academia Acquapeu com 162 pontos.<\/p>\n<p>&#8220;Foi um evento muito lindo e especial. Fiz uma apresenta\u00e7\u00e3o de 200m medley a lado do Fabio Santi e do Leonardo Guedes que foi muito legal, al\u00e9m de uma apresenta\u00e7\u00e3o de dan\u00e7a e jud\u00f4, modalidade que queremos inserir no projeto. Os pais e as crian\u00e7as amaram e j\u00e1 at\u00e9 pediram uma segunda edi\u00e7\u00e3o que vamos tentar realizar em outubro ou novembro&#8221;, disse Joanna.<\/p>\n<div id='gallery-1' class='gallery galleryid-10262 gallery-columns-3 gallery-size-thumbnail'><figure class='gallery-item'>\n\t\t\t<div class='gallery-icon landscape'>\n\t\t\t\t<a href='https:\/\/swimchannel.net\/br\/pan-bh-vence-o-1o-campeonato-joanna-maranhao\/img_20180730_165937_745\/'><img loading=\"lazy\" decoding=\"async\" width=\"270\" height=\"180\" src=\"https:\/\/swimchannel.net\/br\/wp-content\/uploads\/2018\/07\/IMG_20180730_165937_745.jpg\" class=\"attachment-thumbnail size-thumbnail\" alt=\"\" aria-describedby=\"gallery-1-10265\" srcset=\"https:\/\/swimchannel.net\/br\/wp-content\/uploads\/2018\/07\/IMG_20180730_165937_745.jpg 1080w, https:\/\/swimchannel.net\/br\/wp-content\/uploads\/2018\/07\/IMG_20180730_165937_745-600x400.jpg 600w\" sizes=\"auto, (max-width: 270px) 100vw, 270px\" \/><\/a>\n\t\t\t<\/div>\n\t\t\t\t<figcaption class='wp-caption-text gallery-caption' id='gallery-1-10265'>\n\t\t\t\tJoanna posa com atletas &#8211; Foto: Divulga\u00e7\u00e3o \n\t\t\t\t<\/figcaption><\/figure><figure class='gallery-item'>\n\t\t\t<div class='gallery-icon landscape'>\n\t\t\t\t<a href='https:\/\/swimchannel.net\/br\/pan-bh-vence-o-1o-campeonato-joanna-maranhao\/img_20180730_165942_426\/'><img loading=\"lazy\" decoding=\"async\" width=\"270\" height=\"180\" src=\"https:\/\/swimchannel.net\/br\/wp-content\/uploads\/2018\/07\/IMG_20180730_165942_426.jpg\" class=\"attachment-thumbnail size-thumbnail\" alt=\"\" aria-describedby=\"gallery-1-10266\" srcset=\"https:\/\/swimchannel.net\/br\/wp-content\/uploads\/2018\/07\/IMG_20180730_165942_426.jpg 1080w, https:\/\/swimchannel.net\/br\/wp-content\/uploads\/2018\/07\/IMG_20180730_165942_426-600x400.jpg 600w\" sizes=\"auto, (max-width: 270px) 100vw, 270px\" \/><\/a>\n\t\t\t<\/div>\n\t\t\t\t<figcaption class='wp-caption-text gallery-caption' id='gallery-1-10266'>\n\t\t\t\tJoanna com Fabio Santi e Leo Guedes &#8211; Foto: Divulga\u00e7\u00e3o \n\t\t\t\t<\/figcaption><\/figure><figure class='gallery-item'>\n\t\t\t<div class='gallery-icon landscape'>\n\t\t\t\t<a href='https:\/\/swimchannel.net\/br\/pan-bh-vence-o-1o-campeonato-joanna-maranhao\/img_20180730_165951_007\/'><img loading=\"lazy\" decoding=\"async\" width=\"270\" height=\"180\" src=\"https:\/\/swimchannel.net\/br\/wp-content\/uploads\/2018\/07\/IMG_20180730_165951_007.jpg\" class=\"attachment-thumbnail size-thumbnail\" alt=\"\" aria-describedby=\"gallery-1-10267\" srcset=\"https:\/\/swimchannel.net\/br\/wp-content\/uploads\/2018\/07\/IMG_20180730_165951_007.jpg 1080w, https:\/\/swimchannel.net\/br\/wp-content\/uploads\/2018\/07\/IMG_20180730_165951_007-600x400.jpg 600w\" sizes=\"auto, (max-width: 270px) 100vw, 270px\" \/><\/a>\n\t\t\t<\/div>\n\t\t\t\t<figcaption class='wp-caption-text gallery-caption' id='gallery-1-10267'>\n\t\t\t\tJoanna posa com atleta &#8211; Foto: Divulga\u00e7\u00e3o \n\t\t\t\t<\/figcaption><\/figure><figure class='gallery-item'>\n\t\t\t<div class='gallery-icon landscape'>\n\t\t\t\t<a href='https:\/\/swimchannel.net\/br\/pan-bh-vence-o-1o-campeonato-joanna-maranhao\/img_20180730_170005_817\/'><img loading=\"lazy\" decoding=\"async\" width=\"270\" height=\"180\" src=\"https:\/\/swimchannel.net\/br\/wp-content\/uploads\/2018\/07\/IMG_20180730_170005_817.jpg\" class=\"attachment-thumbnail size-thumbnail\" alt=\"\" aria-describedby=\"gallery-1-10269\" srcset=\"https:\/\/swimchannel.net\/br\/wp-content\/uploads\/2018\/07\/IMG_20180730_170005_817.jpg 1080w, https:\/\/swimchannel.net\/br\/wp-content\/uploads\/2018\/07\/IMG_20180730_170005_817-600x400.jpg 600w\" sizes=\"auto, (max-width: 270px) 100vw, 270px\" \/><\/a>\n\t\t\t<\/div>\n\t\t\t\t<figcaption class='wp-caption-text gallery-caption' id='gallery-1-10269'>\n\t\t\t\tO ex-judoca ol\u00edmpico Luciano Correa &#8211; Foto: Divulga\u00e7\u00e3o \n\t\t\t\t<\/figcaption><\/figure><figure class='gallery-item'>\n\t\t\t<div class='gallery-icon landscape'>\n\t\t\t\t<a href='https:\/\/swimchannel.net\/br\/pan-bh-vence-o-1o-campeonato-joanna-maranhao\/img_20180730_170020_301\/'><img loading=\"lazy\" decoding=\"async\" width=\"270\" height=\"180\" src=\"https:\/\/swimchannel.net\/br\/wp-content\/uploads\/2018\/07\/IMG_20180730_170020_301.jpg\" class=\"attachment-thumbnail size-thumbnail\" alt=\"\" aria-describedby=\"gallery-1-10270\" srcset=\"https:\/\/swimchannel.net\/br\/wp-content\/uploads\/2018\/07\/IMG_20180730_170020_301.jpg 1080w, https:\/\/swimchannel.net\/br\/wp-content\/uploads\/2018\/07\/IMG_20180730_170020_301-600x400.jpg 600w\" sizes=\"auto, (max-width: 270px) 100vw, 270px\" \/><\/a>\n\t\t\t<\/div>\n\t\t\t\t<figcaption class='wp-caption-text gallery-caption' id='gallery-1-10270'>\n\t\t\t\tJoanna antes de cair na \u00e1gua &#8211; Foto: Divulga\u00e7\u00e3o \n\t\t\t\t<\/figcaption><\/figure><figure class='gallery-item'>\n\t\t\t<div class='gallery-icon landscape'>\n\t\t\t\t<a href='https:\/\/swimchannel.net\/br\/pan-bh-vence-o-1o-campeonato-joanna-maranhao\/img_20180730_170044_688\/'><img loading=\"lazy\" decoding=\"async\" width=\"270\" height=\"180\" src=\"https:\/\/swimchannel.net\/br\/wp-content\/uploads\/2018\/07\/IMG_20180730_170044_688.jpg\" class=\"attachment-thumbnail size-thumbnail\" alt=\"\" aria-describedby=\"gallery-1-10273\" srcset=\"https:\/\/swimchannel.net\/br\/wp-content\/uploads\/2018\/07\/IMG_20180730_170044_688.jpg 1080w, https:\/\/swimchannel.net\/br\/wp-content\/uploads\/2018\/07\/IMG_20180730_170044_688-600x400.jpg 600w\" sizes=\"auto, (max-width: 270px) 100vw, 270px\" \/><\/a>\n\t\t\t<\/div>\n\t\t\t\t<figcaption class='wp-caption-text gallery-caption' id='gallery-1-10273'>\n\t\t\t\tDemonstra\u00e7\u00e3o de dan\u00e7a &#8211; Foto: Divulga\u00e7\u00e3o \n\t\t\t\t<\/figcaption><\/figure><figure class='gallery-item'>\n\t\t\t<div class='gallery-icon landscape'>\n\t\t\t\t<a href='https:\/\/swimchannel.net\/br\/pan-bh-vence-o-1o-campeonato-joanna-maranhao\/img_20180730_170101_637\/'><img loading=\"lazy\" decoding=\"async\" width=\"270\" height=\"180\" src=\"https:\/\/swimchannel.net\/br\/wp-content\/uploads\/2018\/07\/IMG_20180730_170101_637.jpg\" class=\"attachment-thumbnail size-thumbnail\" alt=\"\" aria-describedby=\"gallery-1-10275\" srcset=\"https:\/\/swimchannel.net\/br\/wp-content\/uploads\/2018\/07\/IMG_20180730_170101_637.jpg 1080w, https:\/\/swimchannel.net\/br\/wp-content\/uploads\/2018\/07\/IMG_20180730_170101_637-600x400.jpg 600w\" sizes=\"auto, (max-width: 270px) 100vw, 270px\" \/><\/a>\n\t\t\t<\/div>\n\t\t\t\t<figcaption class='wp-caption-text gallery-caption' id='gallery-1-10275'>\n\t\t\t\tDemonstra\u00e7\u00e3o de jud\u00f4 &#8211; Foto: Divulga\u00e7\u00e3o \n\t\t\t\t<\/figcaption><\/figure><figure class='gallery-item'>\n\t\t\t<div class='gallery-icon landscape'>\n\t\t\t\t<a href='https:\/\/swimchannel.net\/br\/pan-bh-vence-o-1o-campeonato-joanna-maranhao\/img_20180730_170057_658-2\/'><img loading=\"lazy\" decoding=\"async\" width=\"270\" height=\"180\" src=\"https:\/\/swimchannel.net\/br\/wp-content\/uploads\/2018\/07\/IMG_20180730_170057_658-1.jpg\" class=\"attachment-thumbnail size-thumbnail\" alt=\"\" aria-describedby=\"gallery-1-10274\" srcset=\"https:\/\/swimchannel.net\/br\/wp-content\/uploads\/2018\/07\/IMG_20180730_170057_658-1.jpg 1080w, https:\/\/swimchannel.net\/br\/wp-content\/uploads\/2018\/07\/IMG_20180730_170057_658-1-600x400.jpg 600w\" sizes=\"auto, (max-width: 270px) 100vw, 270px\" \/><\/a>\n\t\t\t<\/div>\n\t\t\t\t<figcaption class='wp-caption-text gallery-caption' id='gallery-1-10274'>\n\t\t\t\tJoanna com os volunt\u00e1rios &#8211; Foto: Divulga\u00e7\u00e3o \n\t\t\t\t<\/figcaption><\/figure>\n\t\t<\/div>\n\n<p>O evento reuniu crian\u00e7as a partir das categorias pr\u00e9-mirim a juvenil, que nadaram at\u00e9 duas provas de 50 metros (crawl, costas, peito e borboleta). O Campeonato contou com uma demonstra\u00e7\u00e3o da equipe de jud\u00f4 do Minas T\u00eanis Clube e uma apresenta\u00e7\u00e3o de dan\u00e7a esportiva com Sarah Lage e Bruno Coman, al\u00e9m de uma apresenta\u00e7\u00e3o de 200m medley, da agora aposentada Joanna.<\/p>\n<p>Joanna Maranh\u00e3o <a href=\"https:\/\/swimchannel.net\/br\/atleta\/joanna-maranhao\/\">anunciou sua aposentadoria<\/a> na \u00faltima semana, terminando sua carreira como uma das mais premiadas atletas da nata\u00e7\u00e3o feminina brasileira. Disputou quatro Jogos Ol\u00edmpicos (Atenas-2004, Pequim-2008, Londres-2012 e Rio-2016), tendo sido finalista duas vezes em Atenas: uma com o revezamento 4x200m livre (s\u00e9tima posi\u00e7\u00e3o) e outra nos 400m medley quando ficou em quinto lugar e igualou a marca de Piedade Coutinho como melhor resultado da nata\u00e7\u00e3o feminina do Brasil em Olimp\u00edadas.<\/p>\n","protected":false},"excerpt":{"rendered":"<p>O 1\u00ba Campeonato Joanna Maranh\u00e3o foi realizado neste s\u00e1bado (28), em Belo Horizonte (MG). O evento foi feito na\u00a0piscina ol\u00edmpica do Centro de Treinamento Esportivo\u00a0da Universidade Federal de Minas Gerais em Belo Horizonte e teve toda sua renda revertida para\u00a0o Emancipa Esporte, uma iniciativa lan\u00e7ada por Joanna e seu marido, Luciano Correa, que oferece aulas [&hellip;]<\/p>\n","protected":false},"author":9,"featured_media":10284,"comment_status":"open","ping_status":"open","sticky":false,"template":"","format":"standard","meta":{"footnotes":""},"categories":[137],"tags":[1410,25,5,318],"class_list":["post-10262","post","type-post","status-publish","format-standard","has-post-thumbnail","hentry","category-natacao","tag-1o-campeonato-joanna-maranhao","tag-joanna-maranhao","tag-natacao","tag-projeto-social"],"yoast_head":"<!-- This site is optimized with the Yoast SEO plugin v27.0 - https:\/\/yoast.com\/product\/yoast-seo-wordpress\/ -->\n<title>PAN - BH vence o 1\u00ba Campeonato Joanna Maranh\u00e3o - Swimchannel<\/title>\n<meta name=\"description\" content=\"Evento foi realizado no Centro de Treinamento Esportivo da Universidade Federal de Minas Gerais e teve toda renda revertida para projeto social\" \/>\n<meta name=\"robots\" content=\"index, follow, max-snippet:-1, max-image-preview:large, max-video-preview:-1\" \/>\n<link rel=\"canonical\" href=\"https:\/\/swimchannel.net\/br\/pan-bh-vence-o-1o-campeonato-joanna-maranhao\/\" \/>\n<meta property=\"og:locale\" content=\"pt_BR\" \/>\n<meta property=\"og:type\" content=\"article\" \/>\n<meta property=\"og:title\" content=\"PAN - BH vence o 1\u00ba Campeonato Joanna Maranh\u00e3o - Swimchannel\" \/>\n<meta property=\"og:description\" content=\"Evento foi realizado no Centro de Treinamento Esportivo da Universidade Federal de Minas Gerais e teve toda renda revertida para projeto social\" \/>\n<meta property=\"og:url\" content=\"https:\/\/swimchannel.net\/br\/pan-bh-vence-o-1o-campeonato-joanna-maranhao\/\" \/>\n<meta property=\"og:site_name\" content=\"Swimchannel\" \/>\n<meta property=\"article:publisher\" content=\"https:\/\/www.facebook.com\/swimchannel\" \/>\n<meta property=\"article:published_time\" content=\"2018-07-31T18:18:19+00:00\" \/>\n<meta property=\"article:modified_time\" content=\"2018-07-31T21:01:25+00:00\" \/>\n<meta property=\"og:image\" content=\"https:\/\/swimchannel.net\/br\/wp-content\/uploads\/2018\/07\/joanna-evento.jpg\" \/>\n\t<meta property=\"og:image:width\" content=\"1200\" \/>\n\t<meta property=\"og:image:height\" content=\"675\" \/>\n\t<meta property=\"og:image:type\" content=\"image\/jpeg\" \/>\n<meta name=\"author\" content=\"Katarine Monteiro\" \/>\n<meta name=\"twitter:card\" content=\"summary_large_image\" \/>\n<meta name=\"twitter:creator\" content=\"@https:\/\/twitter.com\/Katarinem\" \/>\n<meta name=\"twitter:label1\" content=\"Escrito por\" \/>\n\t<meta name=\"twitter:data1\" content=\"Katarine Monteiro\" \/>\n\t<meta name=\"twitter:label2\" content=\"Est. tempo de leitura\" \/>\n\t<meta name=\"twitter:data2\" content=\"2 minutos\" \/>\n<script type=\"application\/ld+json\" class=\"yoast-schema-graph\">{\"@context\":\"https:\/\/schema.org\",\"@graph\":[{\"@type\":\"Article\",\"@id\":\"https:\/\/swimchannel.net\/br\/pan-bh-vence-o-1o-campeonato-joanna-maranhao\/#article\",\"isPartOf\":{\"@id\":\"https:\/\/swimchannel.net\/br\/pan-bh-vence-o-1o-campeonato-joanna-maranhao\/\"},\"author\":{\"name\":\"Katarine Monteiro\",\"@id\":\"https:\/\/swimchannel.net\/br\/#\/schema\/person\/73ae9cec62249968bca1f0a8098ef002\"},\"headline\":\"PAN &#8211; BH vence o 1\u00ba Campeonato Joanna Maranh\u00e3o\",\"datePublished\":\"2018-07-31T18:18:19+00:00\",\"dateModified\":\"2018-07-31T21:01:25+00:00\",\"mainEntityOfPage\":{\"@id\":\"https:\/\/swimchannel.net\/br\/pan-bh-vence-o-1o-campeonato-joanna-maranhao\/\"},\"wordCount\":377,\"commentCount\":0,\"publisher\":{\"@id\":\"https:\/\/swimchannel.net\/br\/#organization\"},\"image\":{\"@id\":\"https:\/\/swimchannel.net\/br\/pan-bh-vence-o-1o-campeonato-joanna-maranhao\/#primaryimage\"},\"thumbnailUrl\":\"https:\/\/swimchannel.net\/br\/wp-content\/uploads\/2018\/07\/joanna-evento.jpg\",\"keywords\":[\"1\u00ba Campeonato Joanna Maranh\u00e3o\",\"Joanna Maranh\u00e3o\",\"natacao\",\"projeto social\"],\"articleSection\":[\"Nata\u00e7\u00e3o\"],\"inLanguage\":\"pt-BR\",\"potentialAction\":[{\"@type\":\"CommentAction\",\"name\":\"Comment\",\"target\":[\"https:\/\/swimchannel.net\/br\/pan-bh-vence-o-1o-campeonato-joanna-maranhao\/#respond\"]}]},{\"@type\":\"WebPage\",\"@id\":\"https:\/\/swimchannel.net\/br\/pan-bh-vence-o-1o-campeonato-joanna-maranhao\/\",\"url\":\"https:\/\/swimchannel.net\/br\/pan-bh-vence-o-1o-campeonato-joanna-maranhao\/\",\"name\":\"PAN - BH vence o 1\u00ba Campeonato Joanna Maranh\u00e3o - Swimchannel\",\"isPartOf\":{\"@id\":\"https:\/\/swimchannel.net\/br\/#website\"},\"primaryImageOfPage\":{\"@id\":\"https:\/\/swimchannel.net\/br\/pan-bh-vence-o-1o-campeonato-joanna-maranhao\/#primaryimage\"},\"image\":{\"@id\":\"https:\/\/swimchannel.net\/br\/pan-bh-vence-o-1o-campeonato-joanna-maranhao\/#primaryimage\"},\"thumbnailUrl\":\"https:\/\/swimchannel.net\/br\/wp-content\/uploads\/2018\/07\/joanna-evento.jpg\",\"datePublished\":\"2018-07-31T18:18:19+00:00\",\"dateModified\":\"2018-07-31T21:01:25+00:00\",\"description\":\"Evento foi realizado no Centro de Treinamento Esportivo da Universidade Federal de Minas Gerais e teve toda renda revertida para projeto social\",\"breadcrumb\":{\"@id\":\"https:\/\/swimchannel.net\/br\/pan-bh-vence-o-1o-campeonato-joanna-maranhao\/#breadcrumb\"},\"inLanguage\":\"pt-BR\",\"potentialAction\":[{\"@type\":\"ReadAction\",\"target\":[\"https:\/\/swimchannel.net\/br\/pan-bh-vence-o-1o-campeonato-joanna-maranhao\/\"]}]},{\"@type\":\"ImageObject\",\"inLanguage\":\"pt-BR\",\"@id\":\"https:\/\/swimchannel.net\/br\/pan-bh-vence-o-1o-campeonato-joanna-maranhao\/#primaryimage\",\"url\":\"https:\/\/swimchannel.net\/br\/wp-content\/uploads\/2018\/07\/joanna-evento.jpg\",\"contentUrl\":\"https:\/\/swimchannel.net\/br\/wp-content\/uploads\/2018\/07\/joanna-evento.jpg\",\"width\":1200,\"height\":675},{\"@type\":\"BreadcrumbList\",\"@id\":\"https:\/\/swimchannel.net\/br\/pan-bh-vence-o-1o-campeonato-joanna-maranhao\/#breadcrumb\",\"itemListElement\":[{\"@type\":\"ListItem\",\"position\":1,\"name\":\"Home\",\"item\":\"https:\/\/swimchannel.net\/br\/\"},{\"@type\":\"ListItem\",\"position\":2,\"name\":\"PAN &#8211; BH vence o 1\u00ba Campeonato Joanna Maranh\u00e3o\"}]},{\"@type\":\"WebSite\",\"@id\":\"https:\/\/swimchannel.net\/br\/#website\",\"url\":\"https:\/\/swimchannel.net\/br\/\",\"name\":\"Swimchannel\",\"description\":\"Maior portal de nata\u00e7\u00e3o da america latina\",\"publisher\":{\"@id\":\"https:\/\/swimchannel.net\/br\/#organization\"},\"potentialAction\":[{\"@type\":\"SearchAction\",\"target\":{\"@type\":\"EntryPoint\",\"urlTemplate\":\"https:\/\/swimchannel.net\/br\/?s={search_term_string}\"},\"query-input\":{\"@type\":\"PropertyValueSpecification\",\"valueRequired\":true,\"valueName\":\"search_term_string\"}}],\"inLanguage\":\"pt-BR\"},{\"@type\":\"Organization\",\"@id\":\"https:\/\/swimchannel.net\/br\/#organization\",\"name\":\"Swimchannel - Conectando voc\u00ea a Nata\u00e7\u00e3o\",\"url\":\"https:\/\/swimchannel.net\/br\/\",\"logo\":{\"@type\":\"ImageObject\",\"inLanguage\":\"pt-BR\",\"@id\":\"https:\/\/swimchannel.net\/br\/#\/schema\/logo\/image\/\",\"url\":\"https:\/\/swimchannel.net\/br\/wp-content\/uploads\/2026\/02\/SWIM-CHANNEL.png\",\"contentUrl\":\"https:\/\/swimchannel.net\/br\/wp-content\/uploads\/2026\/02\/SWIM-CHANNEL.png\",\"width\":1120,\"height\":630,\"caption\":\"Swimchannel - Conectando voc\u00ea a Nata\u00e7\u00e3o\"},\"image\":{\"@id\":\"https:\/\/swimchannel.net\/br\/#\/schema\/logo\/image\/\"},\"sameAs\":[\"https:\/\/www.facebook.com\/swimchannel\",\"https:\/\/www.instagram.com\/swimchannel\"]},{\"@type\":\"Person\",\"@id\":\"https:\/\/swimchannel.net\/br\/#\/schema\/person\/73ae9cec62249968bca1f0a8098ef002\",\"name\":\"Katarine Monteiro\",\"image\":{\"@type\":\"ImageObject\",\"inLanguage\":\"pt-BR\",\"@id\":\"https:\/\/swimchannel.net\/br\/#\/schema\/person\/image\/\",\"url\":\"https:\/\/swimchannel.net\/br\/wp-content\/uploads\/2022\/01\/Katarine-Monteiro-100x100.jpg\",\"contentUrl\":\"https:\/\/swimchannel.net\/br\/wp-content\/uploads\/2022\/01\/Katarine-Monteiro-100x100.jpg\",\"caption\":\"Katarine Monteiro\"},\"description\":\"Jornalista SWIM CHANNEL especializada em esportes ol\u00edmpicos e em sa\u00fade. Com cobertura de grandes eventos internacionais, como Jogos Ol\u00edmpicos Rio 2016, Jogos Pan-Americanos em Lima 2019, Qatar Total Open 2020, Qatar ExxonMobil Open 2019 - t\u00eanis em Doha (QT), Semana Internacional de Vela de Ilhabela, Transat Jacques Vabre 2019 (Fran\u00e7a-Brasil), L'\u00c9tape Brasil by Tour de France, j\u00e1 fez in\u00fameras coberturas de nata\u00e7\u00e3o, maratona aqu\u00e1tica e polo aqu\u00e1tico. Formada tamb\u00e9m em Letras, a jornalista atua como assessora de imprensa, rela\u00e7\u00f5es p\u00fablicas e social media, com especializa\u00e7\u00e3o em marketing esportivo. Nadadora amadora de \u00e1guas abertas, j\u00e1 trabalhou com grandes nomes da nata\u00e7\u00e3o e do polo aqu\u00e1tico brasileiro.\",\"sameAs\":[\"https:\/\/www.instagram.com\/_katarinemonteiro\/\",\"https:\/\/www.linkedin.com\/in\/katarine-monteiro-19385297\/\",\"https:\/\/x.com\/https:\/\/twitter.com\/Katarinem\"],\"url\":\"https:\/\/swimchannel.net\/br\/author\/katarine-monteiro\/\"}]}<\/script>\n<!-- \/ Yoast SEO plugin. -->","yoast_head_json":{"title":"PAN - BH vence o 1\u00ba Campeonato Joanna Maranh\u00e3o - Swimchannel","description":"Evento foi realizado no Centro de Treinamento Esportivo da Universidade Federal de Minas Gerais e teve toda renda revertida para projeto social","robots":{"index":"index","follow":"follow","max-snippet":"max-snippet:-1","max-image-preview":"max-image-preview:large","max-video-preview":"max-video-preview:-1"},"canonical":"https:\/\/swimchannel.net\/br\/pan-bh-vence-o-1o-campeonato-joanna-maranhao\/","og_locale":"pt_BR","og_type":"article","og_title":"PAN - BH vence o 1\u00ba Campeonato Joanna Maranh\u00e3o - Swimchannel","og_description":"Evento foi realizado no Centro de Treinamento Esportivo da Universidade Federal de Minas Gerais e teve toda renda revertida para projeto social","og_url":"https:\/\/swimchannel.net\/br\/pan-bh-vence-o-1o-campeonato-joanna-maranhao\/","og_site_name":"Swimchannel","article_publisher":"https:\/\/www.facebook.com\/swimchannel","article_published_time":"2018-07-31T18:18:19+00:00","article_modified_time":"2018-07-31T21:01:25+00:00","og_image":[{"width":1200,"height":675,"url":"https:\/\/swimchannel.net\/br\/wp-content\/uploads\/2018\/07\/joanna-evento.jpg","type":"image\/jpeg"}],"author":"Katarine Monteiro","twitter_card":"summary_large_image","twitter_creator":"@https:\/\/twitter.com\/Katarinem","twitter_misc":{"Escrito por":"Katarine Monteiro","Est. tempo de leitura":"2 minutos"},"schema":{"@context":"https:\/\/schema.org","@graph":[{"@type":"Article","@id":"https:\/\/swimchannel.net\/br\/pan-bh-vence-o-1o-campeonato-joanna-maranhao\/#article","isPartOf":{"@id":"https:\/\/swimchannel.net\/br\/pan-bh-vence-o-1o-campeonato-joanna-maranhao\/"},"author":{"name":"Katarine Monteiro","@id":"https:\/\/swimchannel.net\/br\/#\/schema\/person\/73ae9cec62249968bca1f0a8098ef002"},"headline":"PAN &#8211; BH vence o 1\u00ba Campeonato Joanna Maranh\u00e3o","datePublished":"2018-07-31T18:18:19+00:00","dateModified":"2018-07-31T21:01:25+00:00","mainEntityOfPage":{"@id":"https:\/\/swimchannel.net\/br\/pan-bh-vence-o-1o-campeonato-joanna-maranhao\/"},"wordCount":377,"commentCount":0,"publisher":{"@id":"https:\/\/swimchannel.net\/br\/#organization"},"image":{"@id":"https:\/\/swimchannel.net\/br\/pan-bh-vence-o-1o-campeonato-joanna-maranhao\/#primaryimage"},"thumbnailUrl":"https:\/\/swimchannel.net\/br\/wp-content\/uploads\/2018\/07\/joanna-evento.jpg","keywords":["1\u00ba Campeonato Joanna Maranh\u00e3o","Joanna Maranh\u00e3o","natacao","projeto social"],"articleSection":["Nata\u00e7\u00e3o"],"inLanguage":"pt-BR","potentialAction":[{"@type":"CommentAction","name":"Comment","target":["https:\/\/swimchannel.net\/br\/pan-bh-vence-o-1o-campeonato-joanna-maranhao\/#respond"]}]},{"@type":"WebPage","@id":"https:\/\/swimchannel.net\/br\/pan-bh-vence-o-1o-campeonato-joanna-maranhao\/","url":"https:\/\/swimchannel.net\/br\/pan-bh-vence-o-1o-campeonato-joanna-maranhao\/","name":"PAN - BH vence o 1\u00ba Campeonato Joanna Maranh\u00e3o - Swimchannel","isPartOf":{"@id":"https:\/\/swimchannel.net\/br\/#website"},"primaryImageOfPage":{"@id":"https:\/\/swimchannel.net\/br\/pan-bh-vence-o-1o-campeonato-joanna-maranhao\/#primaryimage"},"image":{"@id":"https:\/\/swimchannel.net\/br\/pan-bh-vence-o-1o-campeonato-joanna-maranhao\/#primaryimage"},"thumbnailUrl":"https:\/\/swimchannel.net\/br\/wp-content\/uploads\/2018\/07\/joanna-evento.jpg","datePublished":"2018-07-31T18:18:19+00:00","dateModified":"2018-07-31T21:01:25+00:00","description":"Evento foi realizado no Centro de Treinamento Esportivo da Universidade Federal de Minas Gerais e teve toda renda revertida para projeto social","breadcrumb":{"@id":"https:\/\/swimchannel.net\/br\/pan-bh-vence-o-1o-campeonato-joanna-maranhao\/#breadcrumb"},"inLanguage":"pt-BR","potentialAction":[{"@type":"ReadAction","target":["https:\/\/swimchannel.net\/br\/pan-bh-vence-o-1o-campeonato-joanna-maranhao\/"]}]},{"@type":"ImageObject","inLanguage":"pt-BR","@id":"https:\/\/swimchannel.net\/br\/pan-bh-vence-o-1o-campeonato-joanna-maranhao\/#primaryimage","url":"https:\/\/swimchannel.net\/br\/wp-content\/uploads\/2018\/07\/joanna-evento.jpg","contentUrl":"https:\/\/swimchannel.net\/br\/wp-content\/uploads\/2018\/07\/joanna-evento.jpg","width":1200,"height":675},{"@type":"BreadcrumbList","@id":"https:\/\/swimchannel.net\/br\/pan-bh-vence-o-1o-campeonato-joanna-maranhao\/#breadcrumb","itemListElement":[{"@type":"ListItem","position":1,"name":"Home","item":"https:\/\/swimchannel.net\/br\/"},{"@type":"ListItem","position":2,"name":"PAN &#8211; BH vence o 1\u00ba Campeonato Joanna Maranh\u00e3o"}]},{"@type":"WebSite","@id":"https:\/\/swimchannel.net\/br\/#website","url":"https:\/\/swimchannel.net\/br\/","name":"Swimchannel","description":"Maior portal de nata\u00e7\u00e3o da america latina","publisher":{"@id":"https:\/\/swimchannel.net\/br\/#organization"},"potentialAction":[{"@type":"SearchAction","target":{"@type":"EntryPoint","urlTemplate":"https:\/\/swimchannel.net\/br\/?s={search_term_string}"},"query-input":{"@type":"PropertyValueSpecification","valueRequired":true,"valueName":"search_term_string"}}],"inLanguage":"pt-BR"},{"@type":"Organization","@id":"https:\/\/swimchannel.net\/br\/#organization","name":"Swimchannel - Conectando voc\u00ea a Nata\u00e7\u00e3o","url":"https:\/\/swimchannel.net\/br\/","logo":{"@type":"ImageObject","inLanguage":"pt-BR","@id":"https:\/\/swimchannel.net\/br\/#\/schema\/logo\/image\/","url":"https:\/\/swimchannel.net\/br\/wp-content\/uploads\/2026\/02\/SWIM-CHANNEL.png","contentUrl":"https:\/\/swimchannel.net\/br\/wp-content\/uploads\/2026\/02\/SWIM-CHANNEL.png","width":1120,"height":630,"caption":"Swimchannel - Conectando voc\u00ea a Nata\u00e7\u00e3o"},"image":{"@id":"https:\/\/swimchannel.net\/br\/#\/schema\/logo\/image\/"},"sameAs":["https:\/\/www.facebook.com\/swimchannel","https:\/\/www.instagram.com\/swimchannel"]},{"@type":"Person","@id":"https:\/\/swimchannel.net\/br\/#\/schema\/person\/73ae9cec62249968bca1f0a8098ef002","name":"Katarine Monteiro","image":{"@type":"ImageObject","inLanguage":"pt-BR","@id":"https:\/\/swimchannel.net\/br\/#\/schema\/person\/image\/","url":"https:\/\/swimchannel.net\/br\/wp-content\/uploads\/2022\/01\/Katarine-Monteiro-100x100.jpg","contentUrl":"https:\/\/swimchannel.net\/br\/wp-content\/uploads\/2022\/01\/Katarine-Monteiro-100x100.jpg","caption":"Katarine Monteiro"},"description":"Jornalista SWIM CHANNEL especializada em esportes ol\u00edmpicos e em sa\u00fade. Com cobertura de grandes eventos internacionais, como Jogos Ol\u00edmpicos Rio 2016, Jogos Pan-Americanos em Lima 2019, Qatar Total Open 2020, Qatar ExxonMobil Open 2019 - t\u00eanis em Doha (QT), Semana Internacional de Vela de Ilhabela, Transat Jacques Vabre 2019 (Fran\u00e7a-Brasil), L'\u00c9tape Brasil by Tour de France, j\u00e1 fez in\u00fameras coberturas de nata\u00e7\u00e3o, maratona aqu\u00e1tica e polo aqu\u00e1tico. Formada tamb\u00e9m em Letras, a jornalista atua como assessora de imprensa, rela\u00e7\u00f5es p\u00fablicas e social media, com especializa\u00e7\u00e3o em marketing esportivo. Nadadora amadora de \u00e1guas abertas, j\u00e1 trabalhou com grandes nomes da nata\u00e7\u00e3o e do polo aqu\u00e1tico brasileiro.","sameAs":["https:\/\/www.instagram.com\/_katarinemonteiro\/","https:\/\/www.linkedin.com\/in\/katarine-monteiro-19385297\/","https:\/\/x.com\/https:\/\/twitter.com\/Katarinem"],"url":"https:\/\/swimchannel.net\/br\/author\/katarine-monteiro\/"}]}},"_links":{"self":[{"href":"https:\/\/swimchannel.net\/br\/wp-json\/wp\/v2\/posts\/10262","targetHints":{"allow":["GET"]}}],"collection":[{"href":"https:\/\/swimchannel.net\/br\/wp-json\/wp\/v2\/posts"}],"about":[{"href":"https:\/\/swimchannel.net\/br\/wp-json\/wp\/v2\/types\/post"}],"author":[{"embeddable":true,"href":"https:\/\/swimchannel.net\/br\/wp-json\/wp\/v2\/users\/9"}],"replies":[{"embeddable":true,"href":"https:\/\/swimchannel.net\/br\/wp-json\/wp\/v2\/comments?post=10262"}],"version-history":[{"count":0,"href":"https:\/\/swimchannel.net\/br\/wp-json\/wp\/v2\/posts\/10262\/revisions"}],"wp:featuredmedia":[{"embeddable":true,"href":"https:\/\/swimchannel.net\/br\/wp-json\/wp\/v2\/media\/10284"}],"wp:attachment":[{"href":"https:\/\/swimchannel.net\/br\/wp-json\/wp\/v2\/media?parent=10262"}],"wp:term":[{"taxonomy":"category","embeddable":true,"href":"https:\/\/swimchannel.net\/br\/wp-json\/wp\/v2\/categories?post=10262"},{"taxonomy":"post_tag","embeddable":true,"href":"https:\/\/swimchannel.net\/br\/wp-json\/wp\/v2\/tags?post=10262"}],"curies":[{"name":"wp","href":"https:\/\/api.w.org\/{rel}","templated":true}]}}