{"id":11140,"date":"2018-08-29T18:51:44","date_gmt":"2018-08-29T18:51:44","guid":{"rendered":"https:\/\/swimchannel.flywheelsites.com\/?p=11140"},"modified":"2018-08-29T18:56:09","modified_gmt":"2018-08-29T18:56:09","slug":"atletas-do-desafio-speedo-40-enfrentam-primeira-prova-no-mar","status":"publish","type":"post","link":"https:\/\/swimchannel.net\/br\/atletas-do-desafio-speedo-40-enfrentam-primeira-prova-no-mar\/","title":{"rendered":"Atletas do Desafio Speedo 40 enfrentam primeira prova no mar"},"content":{"rendered":"<p>Os 40 atletas do Desafio Speedo 40, uma a\u00e7\u00e3o especial da marca em celebra\u00e7\u00e3o a suas quatro d\u00e9cadas de atividade no Brasil, far\u00e3o suas estreias em provas de \u00e1guas abertas neste final de semana. A prova escolhida para o primeiro desafio dos nadadores acontece neste domingo (02) na\u00a0VIII Etapa do <a href=\"https:\/\/swimchannel.net\/br\/melhor-evento\/circuito-maratona-aquatica\/\">Circuito Maratona Aqu\u00e1tica<\/a>, em S\u00e3o Sebasti\u00e3o.<\/p>\n<p>O Desafio tem o intuito de fazer 40 atletas, sejam eles j\u00e1 nadadores ou n\u00e3o, a se prepararem\u00a0 para realizar pela primeira vez a Travessia Fuga das Ilhas, de 1,5 km, no litoral norte de S\u00e3o Paulo. A prova, que ser\u00e1 realizada em dezembro \u00e9 uma das mais bonitas e aguardadas do calend\u00e1rio nacional e sempre re\u00fane muitos amantes das \u00e1guas abertas. Como forma de treinamento para essa prova, os participantes do desafio ir\u00e3o enfrentar pela primeira vez uma prova no mar, mas em uma dist\u00e2ncia menor, de 800 metros.<\/p>\n<p>&#8220;Essa primeira prova teste ser\u00e1 um desafio para mim. Eu nunca nadei no mar e aprendi a nadar praticamente em fevereiro. N\u00e3o sei exatamente o que me aguarda, se o mar vai estar frio, se vai estar agitado, ent\u00e3o ser\u00e1 um grande desafio. Os treinos est\u00e3o sendo bastante intensos e acredito que esteja preparado. Vou me desafiar para ver qual ser\u00e1 meu tempo e como irei reagir. Sentindo essa primeira prova vou saber qual vai ser meu estado f\u00edsico e emocional para as pr\u00f3ximas provas e para a grande prova em dezembro e o quanto vou ter que intensificar mais a prepara\u00e7\u00e3o para chegar bem na Fuga das Ilhas. O sentimento \u00e9 de gratid\u00e3o pela galera da Speedo e pelo pessoal dos treinos. Agora \u00e9 ver no que vai dar&#8221;, disse Felippe Luque, um dos participantes do Desafio.<\/p>\n<figure id=\"attachment_11141\" aria-describedby=\"caption-attachment-11141\" style=\"width: 900px\" class=\"wp-caption alignnone\"><img loading=\"lazy\" decoding=\"async\" class=\"wp-image-11141\" src=\"https:\/\/swimchannel.net\/br\/wp-content\/uploads\/2018\/08\/34755332_1842361505802382_376683909057871872_o.jpg\" alt=\"\" width=\"900\" height=\"600\" srcset=\"https:\/\/swimchannel.net\/br\/wp-content\/uploads\/2018\/08\/34755332_1842361505802382_376683909057871872_o.jpg 1875w, https:\/\/swimchannel.net\/br\/wp-content\/uploads\/2018\/08\/34755332_1842361505802382_376683909057871872_o-600x400.jpg 600w\" sizes=\"auto, (max-width: 900px) 100vw, 900px\" \/><figcaption id=\"caption-attachment-11141\" class=\"wp-caption-text\">Felippe Luque \u00e9 um dos participantes do Desafio Speedo 40 &#8211; Foto: Speedo Multisport\/Reprodu\u00e7\u00e3o<\/figcaption><\/figure>\n<p>Os atletas, que est\u00e3o sendo guiados pelos chamados &#8220;anjos&#8221;, est\u00e3o ansiosos para a prova que \u00e9 organizada pela Associa\u00e7\u00e3o Aqu\u00e1tica. &#8220;Minha expectativa \u00e9 de fechar um ciclo de supera\u00e7\u00e3o e esfor\u00e7o. Ser\u00e1 a primeira prova que fa\u00e7o no mar e vai traduzir um monte coisas. Venho de um hist\u00f3rico de c\u00e2ncer de mama, me tratei e\u00a0a nata\u00e7\u00e3o sempre fez parte desse hist\u00f3rico da busca pela cura. O nadar no mar sempre me ajudou. Com essa prova vou poder traduzir\u00a0tudo isso. Estou muito feliz por estar com o pessoal da Speedo.\u00a0A evolu\u00e7\u00e3o nos treinos \u00e9 fant\u00e1stica, voc\u00ea tem o apoio dos anjos, que te passam toda a seguran\u00e7a e ter todo esse respaldo \u00e9 uma alegria. S\u00f3 tenho agradecer e minha expectativa \u00e9 a de acabar bem a prova como um dever cumprido e querer n\u00e3o parar nunca mais de fazer travessias na vida&#8221;, disse Daniela Durr, tamb\u00e9m participante do Desafio.<\/p>\n<figure id=\"attachment_11151\" aria-describedby=\"caption-attachment-11151\" style=\"width: 424px\" class=\"wp-caption alignnone\"><img loading=\"lazy\" decoding=\"async\" class=\"wp-image-11151\" src=\"https:\/\/swimchannel.net\/br\/wp-content\/uploads\/2018\/08\/WhatsApp-Image-2018-08-29-at-12.20.28.jpeg\" alt=\"\" width=\"424\" height=\"566\" srcset=\"https:\/\/swimchannel.net\/br\/wp-content\/uploads\/2018\/08\/WhatsApp-Image-2018-08-29-at-12.20.28.jpeg 960w, https:\/\/swimchannel.net\/br\/wp-content\/uploads\/2018\/08\/WhatsApp-Image-2018-08-29-at-12.20.28-600x800.jpeg 600w\" sizes=\"auto, (max-width: 424px) 100vw, 424px\" \/><figcaption id=\"caption-attachment-11151\" class=\"wp-caption-text\">Daniela Durr tamb\u00e9m \u00e9 uma das participantes do Desafio Speedo 40 &#8211; Foto: Arquivo pessoal<\/figcaption><\/figure>\n<p>Harry Finger, ultramaratonista e um dos anjos do Desafio acredita no bom desempenho dos atletas. &#8220;Como a gente pode ver nos treinos presenciais e pela planilha de treinos que eles est\u00e3o seguindo, eles est\u00e3o preparados sim. Um mais outros menos, mas a expectativa \u00e9 que todos consigam fazer. Alguns anjos devem acompanhar e\u00a0 observei nos treinos que todos est\u00e3o fazendo as metragens&#8221;, comenta.<\/p>\n<p>Harry ainda completa com algumas dicas para o dia da prova: &#8220;A dica que eu dou \u00e9 que eles observem as referencias a\u00e9reas e de boias para ajudar na navega\u00e7\u00e3o. Se estiverem cansados nadarem um pouco de peito, por mais que acredite que n\u00e3o seja necess\u00e1rio, j\u00e1 que estar\u00e3o preparados. O\u00a0fato de eles saberem que sabem nadar e terem isso na consci\u00eancia tamb\u00e9m vai fazer com que n\u00e3o tenham tanto medo de concluir uma prova&#8221;, contou o ultramaratonista.<\/p>\n<p>No dia 25 de outubro e no dia e 25 de novembro os atletas ir\u00e3o enfrentar\u00a0 mais outros dois desafios antes da Fuga das Ilhas. Mais informa\u00e7\u00f5es sobre o Desafio Speedo 40 pode ser acompanhado <a href=\"http:\/\/desafiospeedo40.com.br\/noticia\/determinacao-energia-dentro-fora-dagua\/\">AQUI.\u00a0<\/a><\/p>\n","protected":false},"excerpt":{"rendered":"<p>Os 40 atletas do Desafio Speedo 40, uma a\u00e7\u00e3o especial da marca em celebra\u00e7\u00e3o a suas quatro d\u00e9cadas de atividade no Brasil, far\u00e3o suas estreias em provas de \u00e1guas abertas neste final de semana. A prova escolhida para o primeiro desafio dos nadadores acontece neste domingo (02) na\u00a0VIII Etapa do Circuito Maratona Aqu\u00e1tica, em S\u00e3o [&hellip;]<\/p>\n","protected":false},"author":9,"featured_media":11155,"comment_status":"open","ping_status":"open","sticky":false,"template":"","format":"standard","meta":{"footnotes":""},"categories":[115],"tags":[14,666,1340,5,312],"class_list":["post-11140","post","type-post","status-publish","format-standard","has-post-thumbnail","hentry","category-aguas-abertas","tag-aguas-abertas","tag-circuito-maratona-aquatica","tag-desafio-speedo-40","tag-natacao","tag-speedo"],"yoast_head":"<!-- This site is optimized with the Yoast SEO plugin v27.0 - https:\/\/yoast.com\/product\/yoast-seo-wordpress\/ -->\n<title>Atletas do Desafio Speedo 40 enfrentam primeira prova no mar - Swimchannel<\/title>\n<meta name=\"description\" content=\"A estreia em provas de \u00e1guas abertas ser\u00e1 no pr\u00f3ximo final de semana em S\u00e3o Sebasti\u00e3o em etapa v\u00e1lida pelo Circuito Maratona Aqu\u00e1tica.\" \/>\n<meta name=\"robots\" content=\"index, follow, max-snippet:-1, max-image-preview:large, max-video-preview:-1\" \/>\n<link rel=\"canonical\" href=\"https:\/\/swimchannel.net\/br\/atletas-do-desafio-speedo-40-enfrentam-primeira-prova-no-mar\/\" \/>\n<meta property=\"og:locale\" content=\"pt_BR\" \/>\n<meta property=\"og:type\" content=\"article\" \/>\n<meta property=\"og:title\" content=\"Atletas do Desafio Speedo 40 enfrentam primeira prova no mar - Swimchannel\" \/>\n<meta property=\"og:description\" content=\"A estreia em provas de \u00e1guas abertas ser\u00e1 no pr\u00f3ximo final de semana em S\u00e3o Sebasti\u00e3o em etapa v\u00e1lida pelo Circuito Maratona Aqu\u00e1tica.\" \/>\n<meta property=\"og:url\" content=\"https:\/\/swimchannel.net\/br\/atletas-do-desafio-speedo-40-enfrentam-primeira-prova-no-mar\/\" \/>\n<meta property=\"og:site_name\" content=\"Swimchannel\" \/>\n<meta property=\"article:publisher\" content=\"https:\/\/www.facebook.com\/swimchannel\" \/>\n<meta property=\"article:published_time\" content=\"2018-08-29T18:51:44+00:00\" \/>\n<meta property=\"article:modified_time\" content=\"2018-08-29T18:56:09+00:00\" \/>\n<meta property=\"og:image\" content=\"https:\/\/swimchannel.net\/br\/wp-content\/uploads\/2018\/08\/desafiospeedo40.jpg\" \/>\n\t<meta property=\"og:image:width\" content=\"1200\" \/>\n\t<meta property=\"og:image:height\" content=\"675\" \/>\n\t<meta property=\"og:image:type\" content=\"image\/jpeg\" \/>\n<meta name=\"author\" content=\"Katarine Monteiro\" \/>\n<meta name=\"twitter:card\" content=\"summary_large_image\" \/>\n<meta name=\"twitter:creator\" content=\"@https:\/\/twitter.com\/Katarinem\" \/>\n<meta name=\"twitter:label1\" content=\"Escrito por\" \/>\n\t<meta name=\"twitter:data1\" content=\"Katarine Monteiro\" \/>\n\t<meta name=\"twitter:label2\" content=\"Est. tempo de leitura\" \/>\n\t<meta name=\"twitter:data2\" content=\"3 minutos\" \/>\n<script type=\"application\/ld+json\" class=\"yoast-schema-graph\">{\"@context\":\"https:\/\/schema.org\",\"@graph\":[{\"@type\":\"Article\",\"@id\":\"https:\/\/swimchannel.net\/br\/atletas-do-desafio-speedo-40-enfrentam-primeira-prova-no-mar\/#article\",\"isPartOf\":{\"@id\":\"https:\/\/swimchannel.net\/br\/atletas-do-desafio-speedo-40-enfrentam-primeira-prova-no-mar\/\"},\"author\":{\"name\":\"Katarine Monteiro\",\"@id\":\"https:\/\/swimchannel.net\/br\/#\/schema\/person\/73ae9cec62249968bca1f0a8098ef002\"},\"headline\":\"Atletas do Desafio Speedo 40 enfrentam primeira prova no mar\",\"datePublished\":\"2018-08-29T18:51:44+00:00\",\"dateModified\":\"2018-08-29T18:56:09+00:00\",\"mainEntityOfPage\":{\"@id\":\"https:\/\/swimchannel.net\/br\/atletas-do-desafio-speedo-40-enfrentam-primeira-prova-no-mar\/\"},\"wordCount\":697,\"commentCount\":0,\"publisher\":{\"@id\":\"https:\/\/swimchannel.net\/br\/#organization\"},\"image\":{\"@id\":\"https:\/\/swimchannel.net\/br\/atletas-do-desafio-speedo-40-enfrentam-primeira-prova-no-mar\/#primaryimage\"},\"thumbnailUrl\":\"https:\/\/swimchannel.net\/br\/wp-content\/uploads\/2018\/08\/desafiospeedo40.jpg\",\"keywords\":[\"\u00c1guas abertas\",\"Circuito Maratona Aqu\u00e1tica\",\"Desafio Speedo 40\",\"natacao\",\"Speedo\"],\"articleSection\":[\"\u00c1guas Abertas\"],\"inLanguage\":\"pt-BR\",\"potentialAction\":[{\"@type\":\"CommentAction\",\"name\":\"Comment\",\"target\":[\"https:\/\/swimchannel.net\/br\/atletas-do-desafio-speedo-40-enfrentam-primeira-prova-no-mar\/#respond\"]}]},{\"@type\":\"WebPage\",\"@id\":\"https:\/\/swimchannel.net\/br\/atletas-do-desafio-speedo-40-enfrentam-primeira-prova-no-mar\/\",\"url\":\"https:\/\/swimchannel.net\/br\/atletas-do-desafio-speedo-40-enfrentam-primeira-prova-no-mar\/\",\"name\":\"Atletas do Desafio Speedo 40 enfrentam primeira prova no mar - Swimchannel\",\"isPartOf\":{\"@id\":\"https:\/\/swimchannel.net\/br\/#website\"},\"primaryImageOfPage\":{\"@id\":\"https:\/\/swimchannel.net\/br\/atletas-do-desafio-speedo-40-enfrentam-primeira-prova-no-mar\/#primaryimage\"},\"image\":{\"@id\":\"https:\/\/swimchannel.net\/br\/atletas-do-desafio-speedo-40-enfrentam-primeira-prova-no-mar\/#primaryimage\"},\"thumbnailUrl\":\"https:\/\/swimchannel.net\/br\/wp-content\/uploads\/2018\/08\/desafiospeedo40.jpg\",\"datePublished\":\"2018-08-29T18:51:44+00:00\",\"dateModified\":\"2018-08-29T18:56:09+00:00\",\"description\":\"A estreia em provas de \u00e1guas abertas ser\u00e1 no pr\u00f3ximo final de semana em S\u00e3o Sebasti\u00e3o em etapa v\u00e1lida pelo Circuito Maratona Aqu\u00e1tica.\",\"breadcrumb\":{\"@id\":\"https:\/\/swimchannel.net\/br\/atletas-do-desafio-speedo-40-enfrentam-primeira-prova-no-mar\/#breadcrumb\"},\"inLanguage\":\"pt-BR\",\"potentialAction\":[{\"@type\":\"ReadAction\",\"target\":[\"https:\/\/swimchannel.net\/br\/atletas-do-desafio-speedo-40-enfrentam-primeira-prova-no-mar\/\"]}]},{\"@type\":\"ImageObject\",\"inLanguage\":\"pt-BR\",\"@id\":\"https:\/\/swimchannel.net\/br\/atletas-do-desafio-speedo-40-enfrentam-primeira-prova-no-mar\/#primaryimage\",\"url\":\"https:\/\/swimchannel.net\/br\/wp-content\/uploads\/2018\/08\/desafiospeedo40.jpg\",\"contentUrl\":\"https:\/\/swimchannel.net\/br\/wp-content\/uploads\/2018\/08\/desafiospeedo40.jpg\",\"width\":1200,\"height\":675},{\"@type\":\"BreadcrumbList\",\"@id\":\"https:\/\/swimchannel.net\/br\/atletas-do-desafio-speedo-40-enfrentam-primeira-prova-no-mar\/#breadcrumb\",\"itemListElement\":[{\"@type\":\"ListItem\",\"position\":1,\"name\":\"Home\",\"item\":\"https:\/\/swimchannel.net\/br\/\"},{\"@type\":\"ListItem\",\"position\":2,\"name\":\"Atletas do Desafio Speedo 40 enfrentam primeira prova no mar\"}]},{\"@type\":\"WebSite\",\"@id\":\"https:\/\/swimchannel.net\/br\/#website\",\"url\":\"https:\/\/swimchannel.net\/br\/\",\"name\":\"Swimchannel\",\"description\":\"Maior portal de nata\u00e7\u00e3o da america latina\",\"publisher\":{\"@id\":\"https:\/\/swimchannel.net\/br\/#organization\"},\"potentialAction\":[{\"@type\":\"SearchAction\",\"target\":{\"@type\":\"EntryPoint\",\"urlTemplate\":\"https:\/\/swimchannel.net\/br\/?s={search_term_string}\"},\"query-input\":{\"@type\":\"PropertyValueSpecification\",\"valueRequired\":true,\"valueName\":\"search_term_string\"}}],\"inLanguage\":\"pt-BR\"},{\"@type\":\"Organization\",\"@id\":\"https:\/\/swimchannel.net\/br\/#organization\",\"name\":\"Swimchannel - Conectando voc\u00ea a Nata\u00e7\u00e3o\",\"url\":\"https:\/\/swimchannel.net\/br\/\",\"logo\":{\"@type\":\"ImageObject\",\"inLanguage\":\"pt-BR\",\"@id\":\"https:\/\/swimchannel.net\/br\/#\/schema\/logo\/image\/\",\"url\":\"https:\/\/swimchannel.net\/br\/wp-content\/uploads\/2026\/02\/SWIM-CHANNEL.png\",\"contentUrl\":\"https:\/\/swimchannel.net\/br\/wp-content\/uploads\/2026\/02\/SWIM-CHANNEL.png\",\"width\":1120,\"height\":630,\"caption\":\"Swimchannel - Conectando voc\u00ea a Nata\u00e7\u00e3o\"},\"image\":{\"@id\":\"https:\/\/swimchannel.net\/br\/#\/schema\/logo\/image\/\"},\"sameAs\":[\"https:\/\/www.facebook.com\/swimchannel\",\"https:\/\/www.instagram.com\/swimchannel\"]},{\"@type\":\"Person\",\"@id\":\"https:\/\/swimchannel.net\/br\/#\/schema\/person\/73ae9cec62249968bca1f0a8098ef002\",\"name\":\"Katarine Monteiro\",\"image\":{\"@type\":\"ImageObject\",\"inLanguage\":\"pt-BR\",\"@id\":\"https:\/\/swimchannel.net\/br\/#\/schema\/person\/image\/\",\"url\":\"https:\/\/swimchannel.net\/br\/wp-content\/uploads\/2022\/01\/Katarine-Monteiro-100x100.jpg\",\"contentUrl\":\"https:\/\/swimchannel.net\/br\/wp-content\/uploads\/2022\/01\/Katarine-Monteiro-100x100.jpg\",\"caption\":\"Katarine Monteiro\"},\"description\":\"Jornalista SWIM CHANNEL especializada em esportes ol\u00edmpicos e em sa\u00fade. Com cobertura de grandes eventos internacionais, como Jogos Ol\u00edmpicos Rio 2016, Jogos Pan-Americanos em Lima 2019, Qatar Total Open 2020, Qatar ExxonMobil Open 2019 - t\u00eanis em Doha (QT), Semana Internacional de Vela de Ilhabela, Transat Jacques Vabre 2019 (Fran\u00e7a-Brasil), L'\u00c9tape Brasil by Tour de France, j\u00e1 fez in\u00fameras coberturas de nata\u00e7\u00e3o, maratona aqu\u00e1tica e polo aqu\u00e1tico. Formada tamb\u00e9m em Letras, a jornalista atua como assessora de imprensa, rela\u00e7\u00f5es p\u00fablicas e social media, com especializa\u00e7\u00e3o em marketing esportivo. Nadadora amadora de \u00e1guas abertas, j\u00e1 trabalhou com grandes nomes da nata\u00e7\u00e3o e do polo aqu\u00e1tico brasileiro.\",\"sameAs\":[\"https:\/\/www.instagram.com\/_katarinemonteiro\/\",\"https:\/\/www.linkedin.com\/in\/katarine-monteiro-19385297\/\",\"https:\/\/x.com\/https:\/\/twitter.com\/Katarinem\"],\"url\":\"https:\/\/swimchannel.net\/br\/author\/katarine-monteiro\/\"}]}<\/script>\n<!-- \/ Yoast SEO plugin. -->","yoast_head_json":{"title":"Atletas do Desafio Speedo 40 enfrentam primeira prova no mar - Swimchannel","description":"A estreia em provas de \u00e1guas abertas ser\u00e1 no pr\u00f3ximo final de semana em S\u00e3o Sebasti\u00e3o em etapa v\u00e1lida pelo Circuito Maratona Aqu\u00e1tica.","robots":{"index":"index","follow":"follow","max-snippet":"max-snippet:-1","max-image-preview":"max-image-preview:large","max-video-preview":"max-video-preview:-1"},"canonical":"https:\/\/swimchannel.net\/br\/atletas-do-desafio-speedo-40-enfrentam-primeira-prova-no-mar\/","og_locale":"pt_BR","og_type":"article","og_title":"Atletas do Desafio Speedo 40 enfrentam primeira prova no mar - Swimchannel","og_description":"A estreia em provas de \u00e1guas abertas ser\u00e1 no pr\u00f3ximo final de semana em S\u00e3o Sebasti\u00e3o em etapa v\u00e1lida pelo Circuito Maratona Aqu\u00e1tica.","og_url":"https:\/\/swimchannel.net\/br\/atletas-do-desafio-speedo-40-enfrentam-primeira-prova-no-mar\/","og_site_name":"Swimchannel","article_publisher":"https:\/\/www.facebook.com\/swimchannel","article_published_time":"2018-08-29T18:51:44+00:00","article_modified_time":"2018-08-29T18:56:09+00:00","og_image":[{"width":1200,"height":675,"url":"https:\/\/swimchannel.net\/br\/wp-content\/uploads\/2018\/08\/desafiospeedo40.jpg","type":"image\/jpeg"}],"author":"Katarine Monteiro","twitter_card":"summary_large_image","twitter_creator":"@https:\/\/twitter.com\/Katarinem","twitter_misc":{"Escrito por":"Katarine Monteiro","Est. tempo de leitura":"3 minutos"},"schema":{"@context":"https:\/\/schema.org","@graph":[{"@type":"Article","@id":"https:\/\/swimchannel.net\/br\/atletas-do-desafio-speedo-40-enfrentam-primeira-prova-no-mar\/#article","isPartOf":{"@id":"https:\/\/swimchannel.net\/br\/atletas-do-desafio-speedo-40-enfrentam-primeira-prova-no-mar\/"},"author":{"name":"Katarine Monteiro","@id":"https:\/\/swimchannel.net\/br\/#\/schema\/person\/73ae9cec62249968bca1f0a8098ef002"},"headline":"Atletas do Desafio Speedo 40 enfrentam primeira prova no mar","datePublished":"2018-08-29T18:51:44+00:00","dateModified":"2018-08-29T18:56:09+00:00","mainEntityOfPage":{"@id":"https:\/\/swimchannel.net\/br\/atletas-do-desafio-speedo-40-enfrentam-primeira-prova-no-mar\/"},"wordCount":697,"commentCount":0,"publisher":{"@id":"https:\/\/swimchannel.net\/br\/#organization"},"image":{"@id":"https:\/\/swimchannel.net\/br\/atletas-do-desafio-speedo-40-enfrentam-primeira-prova-no-mar\/#primaryimage"},"thumbnailUrl":"https:\/\/swimchannel.net\/br\/wp-content\/uploads\/2018\/08\/desafiospeedo40.jpg","keywords":["\u00c1guas abertas","Circuito Maratona Aqu\u00e1tica","Desafio Speedo 40","natacao","Speedo"],"articleSection":["\u00c1guas Abertas"],"inLanguage":"pt-BR","potentialAction":[{"@type":"CommentAction","name":"Comment","target":["https:\/\/swimchannel.net\/br\/atletas-do-desafio-speedo-40-enfrentam-primeira-prova-no-mar\/#respond"]}]},{"@type":"WebPage","@id":"https:\/\/swimchannel.net\/br\/atletas-do-desafio-speedo-40-enfrentam-primeira-prova-no-mar\/","url":"https:\/\/swimchannel.net\/br\/atletas-do-desafio-speedo-40-enfrentam-primeira-prova-no-mar\/","name":"Atletas do Desafio Speedo 40 enfrentam primeira prova no mar - Swimchannel","isPartOf":{"@id":"https:\/\/swimchannel.net\/br\/#website"},"primaryImageOfPage":{"@id":"https:\/\/swimchannel.net\/br\/atletas-do-desafio-speedo-40-enfrentam-primeira-prova-no-mar\/#primaryimage"},"image":{"@id":"https:\/\/swimchannel.net\/br\/atletas-do-desafio-speedo-40-enfrentam-primeira-prova-no-mar\/#primaryimage"},"thumbnailUrl":"https:\/\/swimchannel.net\/br\/wp-content\/uploads\/2018\/08\/desafiospeedo40.jpg","datePublished":"2018-08-29T18:51:44+00:00","dateModified":"2018-08-29T18:56:09+00:00","description":"A estreia em provas de \u00e1guas abertas ser\u00e1 no pr\u00f3ximo final de semana em S\u00e3o Sebasti\u00e3o em etapa v\u00e1lida pelo Circuito Maratona Aqu\u00e1tica.","breadcrumb":{"@id":"https:\/\/swimchannel.net\/br\/atletas-do-desafio-speedo-40-enfrentam-primeira-prova-no-mar\/#breadcrumb"},"inLanguage":"pt-BR","potentialAction":[{"@type":"ReadAction","target":["https:\/\/swimchannel.net\/br\/atletas-do-desafio-speedo-40-enfrentam-primeira-prova-no-mar\/"]}]},{"@type":"ImageObject","inLanguage":"pt-BR","@id":"https:\/\/swimchannel.net\/br\/atletas-do-desafio-speedo-40-enfrentam-primeira-prova-no-mar\/#primaryimage","url":"https:\/\/swimchannel.net\/br\/wp-content\/uploads\/2018\/08\/desafiospeedo40.jpg","contentUrl":"https:\/\/swimchannel.net\/br\/wp-content\/uploads\/2018\/08\/desafiospeedo40.jpg","width":1200,"height":675},{"@type":"BreadcrumbList","@id":"https:\/\/swimchannel.net\/br\/atletas-do-desafio-speedo-40-enfrentam-primeira-prova-no-mar\/#breadcrumb","itemListElement":[{"@type":"ListItem","position":1,"name":"Home","item":"https:\/\/swimchannel.net\/br\/"},{"@type":"ListItem","position":2,"name":"Atletas do Desafio Speedo 40 enfrentam primeira prova no mar"}]},{"@type":"WebSite","@id":"https:\/\/swimchannel.net\/br\/#website","url":"https:\/\/swimchannel.net\/br\/","name":"Swimchannel","description":"Maior portal de nata\u00e7\u00e3o da america latina","publisher":{"@id":"https:\/\/swimchannel.net\/br\/#organization"},"potentialAction":[{"@type":"SearchAction","target":{"@type":"EntryPoint","urlTemplate":"https:\/\/swimchannel.net\/br\/?s={search_term_string}"},"query-input":{"@type":"PropertyValueSpecification","valueRequired":true,"valueName":"search_term_string"}}],"inLanguage":"pt-BR"},{"@type":"Organization","@id":"https:\/\/swimchannel.net\/br\/#organization","name":"Swimchannel - Conectando voc\u00ea a Nata\u00e7\u00e3o","url":"https:\/\/swimchannel.net\/br\/","logo":{"@type":"ImageObject","inLanguage":"pt-BR","@id":"https:\/\/swimchannel.net\/br\/#\/schema\/logo\/image\/","url":"https:\/\/swimchannel.net\/br\/wp-content\/uploads\/2026\/02\/SWIM-CHANNEL.png","contentUrl":"https:\/\/swimchannel.net\/br\/wp-content\/uploads\/2026\/02\/SWIM-CHANNEL.png","width":1120,"height":630,"caption":"Swimchannel - Conectando voc\u00ea a Nata\u00e7\u00e3o"},"image":{"@id":"https:\/\/swimchannel.net\/br\/#\/schema\/logo\/image\/"},"sameAs":["https:\/\/www.facebook.com\/swimchannel","https:\/\/www.instagram.com\/swimchannel"]},{"@type":"Person","@id":"https:\/\/swimchannel.net\/br\/#\/schema\/person\/73ae9cec62249968bca1f0a8098ef002","name":"Katarine Monteiro","image":{"@type":"ImageObject","inLanguage":"pt-BR","@id":"https:\/\/swimchannel.net\/br\/#\/schema\/person\/image\/","url":"https:\/\/swimchannel.net\/br\/wp-content\/uploads\/2022\/01\/Katarine-Monteiro-100x100.jpg","contentUrl":"https:\/\/swimchannel.net\/br\/wp-content\/uploads\/2022\/01\/Katarine-Monteiro-100x100.jpg","caption":"Katarine Monteiro"},"description":"Jornalista SWIM CHANNEL especializada em esportes ol\u00edmpicos e em sa\u00fade. Com cobertura de grandes eventos internacionais, como Jogos Ol\u00edmpicos Rio 2016, Jogos Pan-Americanos em Lima 2019, Qatar Total Open 2020, Qatar ExxonMobil Open 2019 - t\u00eanis em Doha (QT), Semana Internacional de Vela de Ilhabela, Transat Jacques Vabre 2019 (Fran\u00e7a-Brasil), L'\u00c9tape Brasil by Tour de France, j\u00e1 fez in\u00fameras coberturas de nata\u00e7\u00e3o, maratona aqu\u00e1tica e polo aqu\u00e1tico. Formada tamb\u00e9m em Letras, a jornalista atua como assessora de imprensa, rela\u00e7\u00f5es p\u00fablicas e social media, com especializa\u00e7\u00e3o em marketing esportivo. Nadadora amadora de \u00e1guas abertas, j\u00e1 trabalhou com grandes nomes da nata\u00e7\u00e3o e do polo aqu\u00e1tico brasileiro.","sameAs":["https:\/\/www.instagram.com\/_katarinemonteiro\/","https:\/\/www.linkedin.com\/in\/katarine-monteiro-19385297\/","https:\/\/x.com\/https:\/\/twitter.com\/Katarinem"],"url":"https:\/\/swimchannel.net\/br\/author\/katarine-monteiro\/"}]}},"_links":{"self":[{"href":"https:\/\/swimchannel.net\/br\/wp-json\/wp\/v2\/posts\/11140","targetHints":{"allow":["GET"]}}],"collection":[{"href":"https:\/\/swimchannel.net\/br\/wp-json\/wp\/v2\/posts"}],"about":[{"href":"https:\/\/swimchannel.net\/br\/wp-json\/wp\/v2\/types\/post"}],"author":[{"embeddable":true,"href":"https:\/\/swimchannel.net\/br\/wp-json\/wp\/v2\/users\/9"}],"replies":[{"embeddable":true,"href":"https:\/\/swimchannel.net\/br\/wp-json\/wp\/v2\/comments?post=11140"}],"version-history":[{"count":0,"href":"https:\/\/swimchannel.net\/br\/wp-json\/wp\/v2\/posts\/11140\/revisions"}],"wp:featuredmedia":[{"embeddable":true,"href":"https:\/\/swimchannel.net\/br\/wp-json\/wp\/v2\/media\/11155"}],"wp:attachment":[{"href":"https:\/\/swimchannel.net\/br\/wp-json\/wp\/v2\/media?parent=11140"}],"wp:term":[{"taxonomy":"category","embeddable":true,"href":"https:\/\/swimchannel.net\/br\/wp-json\/wp\/v2\/categories?post=11140"},{"taxonomy":"post_tag","embeddable":true,"href":"https:\/\/swimchannel.net\/br\/wp-json\/wp\/v2\/tags?post=11140"}],"curies":[{"name":"wp","href":"https:\/\/api.w.org\/{rel}","templated":true}]}}