{"id":11483,"date":"2018-09-11T18:05:24","date_gmt":"2018-09-11T18:05:24","guid":{"rendered":"https:\/\/swimchannel.flywheelsites.com\/?p=11483"},"modified":"2018-09-25T18:52:37","modified_gmt":"2018-09-25T18:52:37","slug":"super-final-do-circuito-thiago-pereira-2018-sera-no-corinthians","status":"publish","type":"post","link":"https:\/\/swimchannel.net\/br\/super-final-do-circuito-thiago-pereira-2018-sera-no-corinthians\/","title":{"rendered":"Super Final do Circuito Thiago Pereira 2018 ser\u00e1 no Corinthians"},"content":{"rendered":"<p style=\"text-align: justify;\">A Super Final do\u00a0<a href=\"http:\/\/click.presskit.com.br\/?usuid=&amp;urlid=&amp;url=http%3A\/\/www.thiagopereira.com.br\" target=\"_blank\" rel=\"noopener\">Trof\u00e9u Thiago Pereira<\/a>\u00a0j\u00e1 tem data, local e atletas convocados. A\u00a0piscina do Sport Club Corinthians\u00a0 Paulista recebe no dia 30\u00a0de setembro os quase 300 atletas classificados do circuito de 2018.\u00a0Com arbitragem da Federa\u00e7\u00e3o Aqu\u00e1tica Paulista (FAP),\u00a0nadadores convencionais, down e paral\u00edmpicos competiram as tr\u00eas seletivas do circuito nas cidades de S\u00e3o Paulo, Americana e S\u00e3o Jos\u00e9 dos Campos.<\/p>\n<p>O evento, al\u00e9m de reunir as provas de nata\u00e7\u00e3o,\u00a0inova no\u00a0espa\u00e7o recreativo criado para as crian\u00e7as e adolescentes participantes. As\u00a0seletivas, assim como a Super Final, foram compostas de quatro provas de 50 metros: costas, peito, borboleta e crawl. Al\u00e9m da premia\u00e7\u00e3o individual por prova, cada estilo nadado somava pontos para uma soma de resultados em que os melhores das categorias foram classificados para a Super Final.<\/p>\n<p>&#8220;Minha expectativa para a Super Final \u00e9 que seja uma competi\u00e7\u00e3o bem legal. Acho que vai ser um neg\u00f3cio diferente, porque as seletivas foram muito festivas, muito animadas, e na final a inten\u00e7\u00e3o da organiza\u00e7\u00e3o \u00e9 dar para esses atletas um outro tipo de tratamento. N\u00f3s queremos que os garotos sintam-se muito especiais. Vai ser uma Super final. Vai ser uma mini Olimp\u00edadas para essas crian\u00e7as&#8221;,\u00a0comentou Alex Pussieldi, organizador do evento e um dos colunistas da <strong>SWIM CHANNEL<\/strong>.<\/p>\n<div id='gallery-1' class='gallery galleryid-11483 gallery-columns-3 gallery-size-thumbnail'><figure class='gallery-item'>\n\t\t\t<div class='gallery-icon landscape'>\n\t\t\t\t<a href='https:\/\/swimchannel.net\/br\/super-final-do-circuito-thiago-pereira-2018-sera-no-corinthians\/345051_820537_39008946_2136741426565122_6832649066438983680_o\/'><img loading=\"lazy\" decoding=\"async\" width=\"270\" height=\"180\" src=\"https:\/\/swimchannel.net\/br\/wp-content\/uploads\/2018\/09\/345051_820537_39008946_2136741426565122_6832649066438983680_o.jpg\" class=\"attachment-thumbnail size-thumbnail\" alt=\"\" aria-describedby=\"gallery-1-11485\" srcset=\"https:\/\/swimchannel.net\/br\/wp-content\/uploads\/2018\/09\/345051_820537_39008946_2136741426565122_6832649066438983680_o.jpg 2048w, https:\/\/swimchannel.net\/br\/wp-content\/uploads\/2018\/09\/345051_820537_39008946_2136741426565122_6832649066438983680_o-600x400.jpg 600w\" sizes=\"auto, (max-width: 270px) 100vw, 270px\" \/><\/a>\n\t\t\t<\/div>\n\t\t\t\t<figcaption class='wp-caption-text gallery-caption' id='gallery-1-11485'>\n\t\t\t\tTrof\u00e9u Thiago Pereira 2018. Foto: Fl\u00e1vio Perez\/ On Board Sports \n\t\t\t\t<\/figcaption><\/figure><figure class='gallery-item'>\n\t\t\t<div class='gallery-icon landscape'>\n\t\t\t\t<a href='https:\/\/swimchannel.net\/br\/super-final-do-circuito-thiago-pereira-2018-sera-no-corinthians\/345051_820538_38999882_2136744136564851_364498584327946240_o\/'><img loading=\"lazy\" decoding=\"async\" width=\"270\" height=\"180\" src=\"https:\/\/swimchannel.net\/br\/wp-content\/uploads\/2018\/09\/345051_820538_38999882_2136744136564851_364498584327946240_o.jpg\" class=\"attachment-thumbnail size-thumbnail\" alt=\"\" aria-describedby=\"gallery-1-11486\" srcset=\"https:\/\/swimchannel.net\/br\/wp-content\/uploads\/2018\/09\/345051_820538_38999882_2136744136564851_364498584327946240_o.jpg 2048w, https:\/\/swimchannel.net\/br\/wp-content\/uploads\/2018\/09\/345051_820538_38999882_2136744136564851_364498584327946240_o-600x400.jpg 600w\" sizes=\"auto, (max-width: 270px) 100vw, 270px\" \/><\/a>\n\t\t\t<\/div>\n\t\t\t\t<figcaption class='wp-caption-text gallery-caption' id='gallery-1-11486'>\n\t\t\t\tTrof\u00e9u Thiago Pereira 2018. Foto: Fl\u00e1vio Perez\/ On Board Sports \n\t\t\t\t<\/figcaption><\/figure><figure class='gallery-item'>\n\t\t\t<div class='gallery-icon landscape'>\n\t\t\t\t<a href='https:\/\/swimchannel.net\/br\/super-final-do-circuito-thiago-pereira-2018-sera-no-corinthians\/345051_820540_whatsapp_image_2018_08_11_at_17-26-53\/'><img loading=\"lazy\" decoding=\"async\" width=\"270\" height=\"180\" src=\"https:\/\/swimchannel.net\/br\/wp-content\/uploads\/2018\/09\/345051_820540_whatsapp_image_2018_08_11_at_17.26.53.jpeg\" class=\"attachment-thumbnail size-thumbnail\" alt=\"\" aria-describedby=\"gallery-1-11484\" srcset=\"https:\/\/swimchannel.net\/br\/wp-content\/uploads\/2018\/09\/345051_820540_whatsapp_image_2018_08_11_at_17.26.53.jpeg 1600w, https:\/\/swimchannel.net\/br\/wp-content\/uploads\/2018\/09\/345051_820540_whatsapp_image_2018_08_11_at_17.26.53-600x400.jpeg 600w\" sizes=\"auto, (max-width: 270px) 100vw, 270px\" \/><\/a>\n\t\t\t<\/div>\n\t\t\t\t<figcaption class='wp-caption-text gallery-caption' id='gallery-1-11484'>\n\t\t\t\tTrof\u00e9u Thiago Pereira. Foto: Fl\u00e1vio Perez\/ On Board Sports \n\t\t\t\t<\/figcaption><\/figure>\n\t\t<\/div>\n\n<p style=\"text-align: justify;\">Al\u00e9m da\u00a0premia\u00e7\u00e3o por categoria para os tr\u00eas primeiros colocados de cada prova, na Super Final ser\u00e3o ainda premiados com trof\u00e9us: um atleta convencional por categoria e g\u00eanero, totalizando vinte trof\u00e9us; um atleta paral\u00edmpico por g\u00eanero, totalizando dois trof\u00e9us; um atleta\u00a0down\u00a0por g\u00eanero, totalizando dois trof\u00e9us.<\/p>\n<p style=\"text-align: justify;\">Mais ainda do que nas Seletivas, a ideia da Super Final \u00e9\u00a0proporcionar ao finalista a experi\u00eancia de participar de um evento de alta performance. O evento ter\u00e1 transmiss\u00e3o ao vivo e a plataforma dispon\u00edvel para acesso ser\u00e1 divulgada em breve.\u00a0&#8220;Vai ter entrevista dos atletas, transmiss\u00e3o ao vivo e os atletas ter\u00e3o espa\u00e7o onde seus nomes estar\u00e3o escritos para sempre. \u00c9 um evento mais competitivo em rela\u00e7\u00e3o \u00e0s seletivas, que eram mais classificat\u00f3rias. No final, teremos os grandes vencedores&#8221;, finalizou Pussieldi.\u00a0Confira\u00a0<a href=\"http:\/\/click.presskit.com.br\/?usuid=&amp;urlid=&amp;url=https%3A\/\/www.aquaticapaulista.org.br\/arquivos\/2018\/20180822064910.pdf\" target=\"_blank\" rel=\"noopener\">AQUI\u00a0<\/a>os classificados para a Super Final do Circuito Trof\u00e9u Thiago Pereira 2018.<\/p>\n<p style=\"text-align: justify;\">&#8220;O nosso objetivo \u00e9 estimular a pr\u00e1tica da modalidade, at\u00e9 para incentivarmos h\u00e1bitos saud\u00e1veis e minimizarmos alguns \u00edndices negativos. O afogamento, poucos sabem, \u00e9 a terceira maior causa de mortes no pa\u00eds, e com a populariza\u00e7\u00e3o da nata\u00e7\u00e3o essa taxa pode ser reduzida. E o projeto vai muito al\u00e9m disso. A ideia \u00e9 trabalhar a inclus\u00e3o e a inova\u00e7\u00e3o, aliadas ao esporte. Esses s\u00e3o os tr\u00eas pilares do projeto\u201d, conta o medalhista ol\u00edmpico <a href=\"https:\/\/swimchannel.net\/br\/atleta\/thiago-pereira\/\">Thiago Pereira<\/a>, que d\u00e1 nome ao Trof\u00e9u.<\/p>\n<p>Veja como foi a \u00faltima etapa em S\u00e3o Jos\u00e9 dos Campos <a href=\"http:\/\/onboardsports.net\/trofeu-thiago-pereira-reune-mais-de-300-nadadores-em-sao-jose-dos-campos\/\" target=\"_blank\" rel=\"noopener\">AQUI<\/a>.\u00a0 Assista ao v\u00eddeo da Terceira etapa:<\/p>\n<p><iframe loading=\"lazy\" src=\"https:\/\/www.youtube.com\/embed\/VbuBSSAgu6Y\" width=\"560\" height=\"315\" frameborder=\"0\" allowfullscreen=\"allowfullscreen\"><\/iframe><\/p>\n","protected":false},"excerpt":{"rendered":"<p>A Super Final do\u00a0Trof\u00e9u Thiago Pereira\u00a0j\u00e1 tem data, local e atletas convocados. A\u00a0piscina do Sport Club Corinthians\u00a0 Paulista recebe no dia 30\u00a0de setembro os quase 300 atletas classificados do circuito de 2018.\u00a0Com arbitragem da Federa\u00e7\u00e3o Aqu\u00e1tica Paulista (FAP),\u00a0nadadores convencionais, down e paral\u00edmpicos competiram as tr\u00eas seletivas do circuito nas cidades de S\u00e3o Paulo, Americana e [&hellip;]<\/p>\n","protected":false},"author":9,"featured_media":7922,"comment_status":"open","ping_status":"open","sticky":false,"template":"","format":"standard","meta":{"footnotes":""},"categories":[137],"tags":[1486,1182,5,32,1235],"class_list":["post-11483","post","type-post","status-publish","format-standard","has-post-thumbnail","hentry","category-natacao","tag-alex-pussieldi","tag-corinthians","tag-natacao","tag-thiago-pereira","tag-trofeu-thiago-pereira"],"yoast_head":"<!-- This site is optimized with the Yoast SEO plugin v27.0 - https:\/\/yoast.com\/product\/yoast-seo-wordpress\/ -->\n<title>Super Final do Circuito Thiago Pereira 2018 ser\u00e1 no Corinthians - Swimchannel<\/title>\n<meta name=\"description\" content=\"Competi\u00e7\u00e3o de nata\u00e7\u00e3o para atletas convencionais, paral\u00edmpicos e down ser\u00e1 no dia 30 de setembro.\" \/>\n<meta name=\"robots\" content=\"index, follow, max-snippet:-1, max-image-preview:large, max-video-preview:-1\" \/>\n<link rel=\"canonical\" href=\"https:\/\/swimchannel.net\/br\/super-final-do-circuito-thiago-pereira-2018-sera-no-corinthians\/\" \/>\n<meta property=\"og:locale\" content=\"pt_BR\" \/>\n<meta property=\"og:type\" content=\"article\" \/>\n<meta property=\"og:title\" content=\"Super Final do Circuito Thiago Pereira 2018 ser\u00e1 no Corinthians - Swimchannel\" \/>\n<meta property=\"og:description\" content=\"Competi\u00e7\u00e3o de nata\u00e7\u00e3o para atletas convencionais, paral\u00edmpicos e down ser\u00e1 no dia 30 de setembro.\" \/>\n<meta property=\"og:url\" content=\"https:\/\/swimchannel.net\/br\/super-final-do-circuito-thiago-pereira-2018-sera-no-corinthians\/\" \/>\n<meta property=\"og:site_name\" content=\"Swimchannel\" \/>\n<meta property=\"article:publisher\" content=\"https:\/\/www.facebook.com\/swimchannel\" \/>\n<meta property=\"article:published_time\" content=\"2018-09-11T18:05:24+00:00\" \/>\n<meta property=\"article:modified_time\" content=\"2018-09-25T18:52:37+00:00\" \/>\n<meta property=\"og:image\" content=\"https:\/\/swimchannel.net\/br\/wp-content\/uploads\/2018\/03\/thiago-trofeu.jpg\" \/>\n\t<meta property=\"og:image:width\" content=\"1200\" \/>\n\t<meta property=\"og:image:height\" content=\"675\" \/>\n\t<meta property=\"og:image:type\" content=\"image\/jpeg\" \/>\n<meta name=\"author\" content=\"Katarine Monteiro\" \/>\n<meta name=\"twitter:card\" content=\"summary_large_image\" \/>\n<meta name=\"twitter:creator\" content=\"@https:\/\/twitter.com\/Katarinem\" \/>\n<meta name=\"twitter:label1\" content=\"Escrito por\" \/>\n\t<meta name=\"twitter:data1\" content=\"Katarine Monteiro\" \/>\n\t<meta name=\"twitter:label2\" content=\"Est. tempo de leitura\" \/>\n\t<meta name=\"twitter:data2\" content=\"3 minutos\" \/>\n<script type=\"application\/ld+json\" class=\"yoast-schema-graph\">{\"@context\":\"https:\/\/schema.org\",\"@graph\":[{\"@type\":\"Article\",\"@id\":\"https:\/\/swimchannel.net\/br\/super-final-do-circuito-thiago-pereira-2018-sera-no-corinthians\/#article\",\"isPartOf\":{\"@id\":\"https:\/\/swimchannel.net\/br\/super-final-do-circuito-thiago-pereira-2018-sera-no-corinthians\/\"},\"author\":{\"name\":\"Katarine Monteiro\",\"@id\":\"https:\/\/swimchannel.net\/br\/#\/schema\/person\/73ae9cec62249968bca1f0a8098ef002\"},\"headline\":\"Super Final do Circuito Thiago Pereira 2018 ser\u00e1 no Corinthians\",\"datePublished\":\"2018-09-11T18:05:24+00:00\",\"dateModified\":\"2018-09-25T18:52:37+00:00\",\"mainEntityOfPage\":{\"@id\":\"https:\/\/swimchannel.net\/br\/super-final-do-circuito-thiago-pereira-2018-sera-no-corinthians\/\"},\"wordCount\":509,\"commentCount\":0,\"publisher\":{\"@id\":\"https:\/\/swimchannel.net\/br\/#organization\"},\"image\":{\"@id\":\"https:\/\/swimchannel.net\/br\/super-final-do-circuito-thiago-pereira-2018-sera-no-corinthians\/#primaryimage\"},\"thumbnailUrl\":\"https:\/\/swimchannel.net\/br\/wp-content\/uploads\/2018\/03\/thiago-trofeu.jpg\",\"keywords\":[\"Alex Pussieldi\",\"Corinthians\",\"natacao\",\"Thiago Pereira\",\"Trof\u00e9u Thiago Pereira\"],\"articleSection\":[\"Nata\u00e7\u00e3o\"],\"inLanguage\":\"pt-BR\",\"potentialAction\":[{\"@type\":\"CommentAction\",\"name\":\"Comment\",\"target\":[\"https:\/\/swimchannel.net\/br\/super-final-do-circuito-thiago-pereira-2018-sera-no-corinthians\/#respond\"]}]},{\"@type\":\"WebPage\",\"@id\":\"https:\/\/swimchannel.net\/br\/super-final-do-circuito-thiago-pereira-2018-sera-no-corinthians\/\",\"url\":\"https:\/\/swimchannel.net\/br\/super-final-do-circuito-thiago-pereira-2018-sera-no-corinthians\/\",\"name\":\"Super Final do Circuito Thiago Pereira 2018 ser\u00e1 no Corinthians - Swimchannel\",\"isPartOf\":{\"@id\":\"https:\/\/swimchannel.net\/br\/#website\"},\"primaryImageOfPage\":{\"@id\":\"https:\/\/swimchannel.net\/br\/super-final-do-circuito-thiago-pereira-2018-sera-no-corinthians\/#primaryimage\"},\"image\":{\"@id\":\"https:\/\/swimchannel.net\/br\/super-final-do-circuito-thiago-pereira-2018-sera-no-corinthians\/#primaryimage\"},\"thumbnailUrl\":\"https:\/\/swimchannel.net\/br\/wp-content\/uploads\/2018\/03\/thiago-trofeu.jpg\",\"datePublished\":\"2018-09-11T18:05:24+00:00\",\"dateModified\":\"2018-09-25T18:52:37+00:00\",\"description\":\"Competi\u00e7\u00e3o de nata\u00e7\u00e3o para atletas convencionais, paral\u00edmpicos e down ser\u00e1 no dia 30 de setembro.\",\"breadcrumb\":{\"@id\":\"https:\/\/swimchannel.net\/br\/super-final-do-circuito-thiago-pereira-2018-sera-no-corinthians\/#breadcrumb\"},\"inLanguage\":\"pt-BR\",\"potentialAction\":[{\"@type\":\"ReadAction\",\"target\":[\"https:\/\/swimchannel.net\/br\/super-final-do-circuito-thiago-pereira-2018-sera-no-corinthians\/\"]}]},{\"@type\":\"ImageObject\",\"inLanguage\":\"pt-BR\",\"@id\":\"https:\/\/swimchannel.net\/br\/super-final-do-circuito-thiago-pereira-2018-sera-no-corinthians\/#primaryimage\",\"url\":\"https:\/\/swimchannel.net\/br\/wp-content\/uploads\/2018\/03\/thiago-trofeu.jpg\",\"contentUrl\":\"https:\/\/swimchannel.net\/br\/wp-content\/uploads\/2018\/03\/thiago-trofeu.jpg\",\"width\":1200,\"height\":675,\"caption\":\"Thiago Pereira - Foto: Reprodu\u00e7\u00e3o\"},{\"@type\":\"BreadcrumbList\",\"@id\":\"https:\/\/swimchannel.net\/br\/super-final-do-circuito-thiago-pereira-2018-sera-no-corinthians\/#breadcrumb\",\"itemListElement\":[{\"@type\":\"ListItem\",\"position\":1,\"name\":\"Home\",\"item\":\"https:\/\/swimchannel.net\/br\/\"},{\"@type\":\"ListItem\",\"position\":2,\"name\":\"Super Final do Circuito Thiago Pereira 2018 ser\u00e1 no Corinthians\"}]},{\"@type\":\"WebSite\",\"@id\":\"https:\/\/swimchannel.net\/br\/#website\",\"url\":\"https:\/\/swimchannel.net\/br\/\",\"name\":\"Swimchannel\",\"description\":\"Maior portal de nata\u00e7\u00e3o da america latina\",\"publisher\":{\"@id\":\"https:\/\/swimchannel.net\/br\/#organization\"},\"potentialAction\":[{\"@type\":\"SearchAction\",\"target\":{\"@type\":\"EntryPoint\",\"urlTemplate\":\"https:\/\/swimchannel.net\/br\/?s={search_term_string}\"},\"query-input\":{\"@type\":\"PropertyValueSpecification\",\"valueRequired\":true,\"valueName\":\"search_term_string\"}}],\"inLanguage\":\"pt-BR\"},{\"@type\":\"Organization\",\"@id\":\"https:\/\/swimchannel.net\/br\/#organization\",\"name\":\"Swimchannel - Conectando voc\u00ea a Nata\u00e7\u00e3o\",\"url\":\"https:\/\/swimchannel.net\/br\/\",\"logo\":{\"@type\":\"ImageObject\",\"inLanguage\":\"pt-BR\",\"@id\":\"https:\/\/swimchannel.net\/br\/#\/schema\/logo\/image\/\",\"url\":\"https:\/\/swimchannel.net\/br\/wp-content\/uploads\/2026\/02\/SWIM-CHANNEL.png\",\"contentUrl\":\"https:\/\/swimchannel.net\/br\/wp-content\/uploads\/2026\/02\/SWIM-CHANNEL.png\",\"width\":1120,\"height\":630,\"caption\":\"Swimchannel - Conectando voc\u00ea a Nata\u00e7\u00e3o\"},\"image\":{\"@id\":\"https:\/\/swimchannel.net\/br\/#\/schema\/logo\/image\/\"},\"sameAs\":[\"https:\/\/www.facebook.com\/swimchannel\",\"https:\/\/www.instagram.com\/swimchannel\"]},{\"@type\":\"Person\",\"@id\":\"https:\/\/swimchannel.net\/br\/#\/schema\/person\/73ae9cec62249968bca1f0a8098ef002\",\"name\":\"Katarine Monteiro\",\"image\":{\"@type\":\"ImageObject\",\"inLanguage\":\"pt-BR\",\"@id\":\"https:\/\/swimchannel.net\/br\/#\/schema\/person\/image\/\",\"url\":\"https:\/\/swimchannel.net\/br\/wp-content\/uploads\/2022\/01\/Katarine-Monteiro-100x100.jpg\",\"contentUrl\":\"https:\/\/swimchannel.net\/br\/wp-content\/uploads\/2022\/01\/Katarine-Monteiro-100x100.jpg\",\"caption\":\"Katarine Monteiro\"},\"description\":\"Jornalista SWIM CHANNEL especializada em esportes ol\u00edmpicos e em sa\u00fade. Com cobertura de grandes eventos internacionais, como Jogos Ol\u00edmpicos Rio 2016, Jogos Pan-Americanos em Lima 2019, Qatar Total Open 2020, Qatar ExxonMobil Open 2019 - t\u00eanis em Doha (QT), Semana Internacional de Vela de Ilhabela, Transat Jacques Vabre 2019 (Fran\u00e7a-Brasil), L'\u00c9tape Brasil by Tour de France, j\u00e1 fez in\u00fameras coberturas de nata\u00e7\u00e3o, maratona aqu\u00e1tica e polo aqu\u00e1tico. Formada tamb\u00e9m em Letras, a jornalista atua como assessora de imprensa, rela\u00e7\u00f5es p\u00fablicas e social media, com especializa\u00e7\u00e3o em marketing esportivo. Nadadora amadora de \u00e1guas abertas, j\u00e1 trabalhou com grandes nomes da nata\u00e7\u00e3o e do polo aqu\u00e1tico brasileiro.\",\"sameAs\":[\"https:\/\/www.instagram.com\/_katarinemonteiro\/\",\"https:\/\/www.linkedin.com\/in\/katarine-monteiro-19385297\/\",\"https:\/\/x.com\/https:\/\/twitter.com\/Katarinem\"],\"url\":\"https:\/\/swimchannel.net\/br\/author\/katarine-monteiro\/\"}]}<\/script>\n<!-- \/ Yoast SEO plugin. -->","yoast_head_json":{"title":"Super Final do Circuito Thiago Pereira 2018 ser\u00e1 no Corinthians - Swimchannel","description":"Competi\u00e7\u00e3o de nata\u00e7\u00e3o para atletas convencionais, paral\u00edmpicos e down ser\u00e1 no dia 30 de setembro.","robots":{"index":"index","follow":"follow","max-snippet":"max-snippet:-1","max-image-preview":"max-image-preview:large","max-video-preview":"max-video-preview:-1"},"canonical":"https:\/\/swimchannel.net\/br\/super-final-do-circuito-thiago-pereira-2018-sera-no-corinthians\/","og_locale":"pt_BR","og_type":"article","og_title":"Super Final do Circuito Thiago Pereira 2018 ser\u00e1 no Corinthians - Swimchannel","og_description":"Competi\u00e7\u00e3o de nata\u00e7\u00e3o para atletas convencionais, paral\u00edmpicos e down ser\u00e1 no dia 30 de setembro.","og_url":"https:\/\/swimchannel.net\/br\/super-final-do-circuito-thiago-pereira-2018-sera-no-corinthians\/","og_site_name":"Swimchannel","article_publisher":"https:\/\/www.facebook.com\/swimchannel","article_published_time":"2018-09-11T18:05:24+00:00","article_modified_time":"2018-09-25T18:52:37+00:00","og_image":[{"width":1200,"height":675,"url":"https:\/\/swimchannel.net\/br\/wp-content\/uploads\/2018\/03\/thiago-trofeu.jpg","type":"image\/jpeg"}],"author":"Katarine Monteiro","twitter_card":"summary_large_image","twitter_creator":"@https:\/\/twitter.com\/Katarinem","twitter_misc":{"Escrito por":"Katarine Monteiro","Est. tempo de leitura":"3 minutos"},"schema":{"@context":"https:\/\/schema.org","@graph":[{"@type":"Article","@id":"https:\/\/swimchannel.net\/br\/super-final-do-circuito-thiago-pereira-2018-sera-no-corinthians\/#article","isPartOf":{"@id":"https:\/\/swimchannel.net\/br\/super-final-do-circuito-thiago-pereira-2018-sera-no-corinthians\/"},"author":{"name":"Katarine Monteiro","@id":"https:\/\/swimchannel.net\/br\/#\/schema\/person\/73ae9cec62249968bca1f0a8098ef002"},"headline":"Super Final do Circuito Thiago Pereira 2018 ser\u00e1 no Corinthians","datePublished":"2018-09-11T18:05:24+00:00","dateModified":"2018-09-25T18:52:37+00:00","mainEntityOfPage":{"@id":"https:\/\/swimchannel.net\/br\/super-final-do-circuito-thiago-pereira-2018-sera-no-corinthians\/"},"wordCount":509,"commentCount":0,"publisher":{"@id":"https:\/\/swimchannel.net\/br\/#organization"},"image":{"@id":"https:\/\/swimchannel.net\/br\/super-final-do-circuito-thiago-pereira-2018-sera-no-corinthians\/#primaryimage"},"thumbnailUrl":"https:\/\/swimchannel.net\/br\/wp-content\/uploads\/2018\/03\/thiago-trofeu.jpg","keywords":["Alex Pussieldi","Corinthians","natacao","Thiago Pereira","Trof\u00e9u Thiago Pereira"],"articleSection":["Nata\u00e7\u00e3o"],"inLanguage":"pt-BR","potentialAction":[{"@type":"CommentAction","name":"Comment","target":["https:\/\/swimchannel.net\/br\/super-final-do-circuito-thiago-pereira-2018-sera-no-corinthians\/#respond"]}]},{"@type":"WebPage","@id":"https:\/\/swimchannel.net\/br\/super-final-do-circuito-thiago-pereira-2018-sera-no-corinthians\/","url":"https:\/\/swimchannel.net\/br\/super-final-do-circuito-thiago-pereira-2018-sera-no-corinthians\/","name":"Super Final do Circuito Thiago Pereira 2018 ser\u00e1 no Corinthians - Swimchannel","isPartOf":{"@id":"https:\/\/swimchannel.net\/br\/#website"},"primaryImageOfPage":{"@id":"https:\/\/swimchannel.net\/br\/super-final-do-circuito-thiago-pereira-2018-sera-no-corinthians\/#primaryimage"},"image":{"@id":"https:\/\/swimchannel.net\/br\/super-final-do-circuito-thiago-pereira-2018-sera-no-corinthians\/#primaryimage"},"thumbnailUrl":"https:\/\/swimchannel.net\/br\/wp-content\/uploads\/2018\/03\/thiago-trofeu.jpg","datePublished":"2018-09-11T18:05:24+00:00","dateModified":"2018-09-25T18:52:37+00:00","description":"Competi\u00e7\u00e3o de nata\u00e7\u00e3o para atletas convencionais, paral\u00edmpicos e down ser\u00e1 no dia 30 de setembro.","breadcrumb":{"@id":"https:\/\/swimchannel.net\/br\/super-final-do-circuito-thiago-pereira-2018-sera-no-corinthians\/#breadcrumb"},"inLanguage":"pt-BR","potentialAction":[{"@type":"ReadAction","target":["https:\/\/swimchannel.net\/br\/super-final-do-circuito-thiago-pereira-2018-sera-no-corinthians\/"]}]},{"@type":"ImageObject","inLanguage":"pt-BR","@id":"https:\/\/swimchannel.net\/br\/super-final-do-circuito-thiago-pereira-2018-sera-no-corinthians\/#primaryimage","url":"https:\/\/swimchannel.net\/br\/wp-content\/uploads\/2018\/03\/thiago-trofeu.jpg","contentUrl":"https:\/\/swimchannel.net\/br\/wp-content\/uploads\/2018\/03\/thiago-trofeu.jpg","width":1200,"height":675,"caption":"Thiago Pereira - Foto: Reprodu\u00e7\u00e3o"},{"@type":"BreadcrumbList","@id":"https:\/\/swimchannel.net\/br\/super-final-do-circuito-thiago-pereira-2018-sera-no-corinthians\/#breadcrumb","itemListElement":[{"@type":"ListItem","position":1,"name":"Home","item":"https:\/\/swimchannel.net\/br\/"},{"@type":"ListItem","position":2,"name":"Super Final do Circuito Thiago Pereira 2018 ser\u00e1 no Corinthians"}]},{"@type":"WebSite","@id":"https:\/\/swimchannel.net\/br\/#website","url":"https:\/\/swimchannel.net\/br\/","name":"Swimchannel","description":"Maior portal de nata\u00e7\u00e3o da america latina","publisher":{"@id":"https:\/\/swimchannel.net\/br\/#organization"},"potentialAction":[{"@type":"SearchAction","target":{"@type":"EntryPoint","urlTemplate":"https:\/\/swimchannel.net\/br\/?s={search_term_string}"},"query-input":{"@type":"PropertyValueSpecification","valueRequired":true,"valueName":"search_term_string"}}],"inLanguage":"pt-BR"},{"@type":"Organization","@id":"https:\/\/swimchannel.net\/br\/#organization","name":"Swimchannel - Conectando voc\u00ea a Nata\u00e7\u00e3o","url":"https:\/\/swimchannel.net\/br\/","logo":{"@type":"ImageObject","inLanguage":"pt-BR","@id":"https:\/\/swimchannel.net\/br\/#\/schema\/logo\/image\/","url":"https:\/\/swimchannel.net\/br\/wp-content\/uploads\/2026\/02\/SWIM-CHANNEL.png","contentUrl":"https:\/\/swimchannel.net\/br\/wp-content\/uploads\/2026\/02\/SWIM-CHANNEL.png","width":1120,"height":630,"caption":"Swimchannel - Conectando voc\u00ea a Nata\u00e7\u00e3o"},"image":{"@id":"https:\/\/swimchannel.net\/br\/#\/schema\/logo\/image\/"},"sameAs":["https:\/\/www.facebook.com\/swimchannel","https:\/\/www.instagram.com\/swimchannel"]},{"@type":"Person","@id":"https:\/\/swimchannel.net\/br\/#\/schema\/person\/73ae9cec62249968bca1f0a8098ef002","name":"Katarine Monteiro","image":{"@type":"ImageObject","inLanguage":"pt-BR","@id":"https:\/\/swimchannel.net\/br\/#\/schema\/person\/image\/","url":"https:\/\/swimchannel.net\/br\/wp-content\/uploads\/2022\/01\/Katarine-Monteiro-100x100.jpg","contentUrl":"https:\/\/swimchannel.net\/br\/wp-content\/uploads\/2022\/01\/Katarine-Monteiro-100x100.jpg","caption":"Katarine Monteiro"},"description":"Jornalista SWIM CHANNEL especializada em esportes ol\u00edmpicos e em sa\u00fade. Com cobertura de grandes eventos internacionais, como Jogos Ol\u00edmpicos Rio 2016, Jogos Pan-Americanos em Lima 2019, Qatar Total Open 2020, Qatar ExxonMobil Open 2019 - t\u00eanis em Doha (QT), Semana Internacional de Vela de Ilhabela, Transat Jacques Vabre 2019 (Fran\u00e7a-Brasil), L'\u00c9tape Brasil by Tour de France, j\u00e1 fez in\u00fameras coberturas de nata\u00e7\u00e3o, maratona aqu\u00e1tica e polo aqu\u00e1tico. Formada tamb\u00e9m em Letras, a jornalista atua como assessora de imprensa, rela\u00e7\u00f5es p\u00fablicas e social media, com especializa\u00e7\u00e3o em marketing esportivo. Nadadora amadora de \u00e1guas abertas, j\u00e1 trabalhou com grandes nomes da nata\u00e7\u00e3o e do polo aqu\u00e1tico brasileiro.","sameAs":["https:\/\/www.instagram.com\/_katarinemonteiro\/","https:\/\/www.linkedin.com\/in\/katarine-monteiro-19385297\/","https:\/\/x.com\/https:\/\/twitter.com\/Katarinem"],"url":"https:\/\/swimchannel.net\/br\/author\/katarine-monteiro\/"}]}},"_links":{"self":[{"href":"https:\/\/swimchannel.net\/br\/wp-json\/wp\/v2\/posts\/11483","targetHints":{"allow":["GET"]}}],"collection":[{"href":"https:\/\/swimchannel.net\/br\/wp-json\/wp\/v2\/posts"}],"about":[{"href":"https:\/\/swimchannel.net\/br\/wp-json\/wp\/v2\/types\/post"}],"author":[{"embeddable":true,"href":"https:\/\/swimchannel.net\/br\/wp-json\/wp\/v2\/users\/9"}],"replies":[{"embeddable":true,"href":"https:\/\/swimchannel.net\/br\/wp-json\/wp\/v2\/comments?post=11483"}],"version-history":[{"count":0,"href":"https:\/\/swimchannel.net\/br\/wp-json\/wp\/v2\/posts\/11483\/revisions"}],"wp:featuredmedia":[{"embeddable":true,"href":"https:\/\/swimchannel.net\/br\/wp-json\/wp\/v2\/media\/7922"}],"wp:attachment":[{"href":"https:\/\/swimchannel.net\/br\/wp-json\/wp\/v2\/media?parent=11483"}],"wp:term":[{"taxonomy":"category","embeddable":true,"href":"https:\/\/swimchannel.net\/br\/wp-json\/wp\/v2\/categories?post=11483"},{"taxonomy":"post_tag","embeddable":true,"href":"https:\/\/swimchannel.net\/br\/wp-json\/wp\/v2\/tags?post=11483"}],"curies":[{"name":"wp","href":"https:\/\/api.w.org\/{rel}","templated":true}]}}