{"id":11510,"date":"2018-09-12T15:49:00","date_gmt":"2018-09-12T15:49:00","guid":{"rendered":"https:\/\/swimchannel.flywheelsites.com\/?p=11510"},"modified":"2018-09-12T16:52:14","modified_gmt":"2018-09-12T16:52:14","slug":"rei-e-rainha-do-mar-salvador-sera-neste-final-de-semana","status":"publish","type":"post","link":"https:\/\/swimchannel.net\/br\/rei-e-rainha-do-mar-salvador-sera-neste-final-de-semana\/","title":{"rendered":"Rei e Rainha do Mar Salvador ser\u00e1 neste final de semana"},"content":{"rendered":"<p>No pr\u00f3ximo domingo (16) as \u00e1guas de Salvador recebem a terceira etapa do Rei e Rainha do Mar. Pela segunda vez a cidade baiana recebe uma das principais competi\u00e7\u00f5es de esportes aqu\u00e1ticos do pa\u00eds. O evento, que ser\u00e1 realizado na Praia de S\u00e3o Tom\u00e9 do Paripe, espera receber 2 mil atletas, entre eles, <a href=\"https:\/\/swimchannel.net\/br\/atleta\/poliana-okimoto\/\">Poliana Okimoto<\/a>, primeira mulher brasileira medalhista ol\u00edmpica de nata\u00e7\u00e3o.<\/p>\n<p>Poliana disputou o Beach Biathlon em Florian\u00f3polis e em Bras\u00edlia e enfrentar\u00e1 o mesmo desafio: 1 km de nata\u00e7\u00e3o com mais 2 km de corrida na areia, agora nas areias de Salvador. A atleta \u00e9 tamb\u00e9m a l\u00edder do ranking 2018 na modalidade. Al\u00e9m de Poliana, outro medalhista ol\u00edmpico estar\u00e1 presente: Isaquias Queiroz, que ir\u00e1 participar da prova de Stand Up Paddle. Na competi\u00e7\u00e3o ser\u00e3o oferecidas tr\u00eas provas de SUP (3 km, 6 km e 9km) que valer\u00e3o como etapa do Campeonato Baiano.<\/p>\n<p>O evento, organizado pela Effect Sports, conta tamb\u00e9m com a prova de\u00a0Beach Run\u00a0 (4 km de corrida na areia) e com a novidade\u00a0dessa etapa: a prova de paddleboard. A tradicional remada com as m\u00e3os ter\u00e1 um percurso de 9 km. As provas de \u00e1guas abertas oferecidas s\u00e3o a sprint, que ter\u00e1 a dist\u00e2ncia de 1 km, o Classic com 2 km de percurso e o Challenge, prova nobre da etapa com 4 km.<\/p>\n<p>As crian\u00e7as tamb\u00e9m poder\u00e3o participar da etapa na corrida kids (100m, 300m ou 600m de corrida na areia, de 5 a 13 anos), na nata\u00e7\u00e3o kids (200m ou 400m, de 9 a 13 anos) e SUP Kids com idade at\u00e9 12 anos e dist\u00e2ncia de 400 m.<\/p>\n<div id='gallery-1' class='gallery galleryid-11510 gallery-columns-3 gallery-size-thumbnail'><figure class='gallery-item'>\n\t\t\t<div class='gallery-icon landscape'>\n\t\t\t\t<a href='https:\/\/swimchannel.net\/br\/rei-e-rainha-do-mar-salvador-sera-neste-final-de-semana\/33760856_1639790939467112_5981539148559810560_o\/'><img loading=\"lazy\" decoding=\"async\" width=\"270\" height=\"180\" src=\"https:\/\/swimchannel.net\/br\/wp-content\/uploads\/2018\/09\/33760856_1639790939467112_5981539148559810560_o.jpg\" class=\"attachment-thumbnail size-thumbnail\" alt=\"\" aria-describedby=\"gallery-1-11512\" srcset=\"https:\/\/swimchannel.net\/br\/wp-content\/uploads\/2018\/09\/33760856_1639790939467112_5981539148559810560_o.jpg 1280w, https:\/\/swimchannel.net\/br\/wp-content\/uploads\/2018\/09\/33760856_1639790939467112_5981539148559810560_o-600x399.jpg 600w\" sizes=\"auto, (max-width: 270px) 100vw, 270px\" \/><\/a>\n\t\t\t<\/div>\n\t\t\t\t<figcaption class='wp-caption-text gallery-caption' id='gallery-1-11512'>\n\t\t\t\tRei e Rainha do Mar Salvador ser\u00e1 neste final de semana\n\t\t\t\t<\/figcaption><\/figure><figure class='gallery-item'>\n\t\t\t<div class='gallery-icon landscape'>\n\t\t\t\t<a href='https:\/\/swimchannel.net\/br\/rei-e-rainha-do-mar-salvador-sera-neste-final-de-semana\/33901952_1639107332868806_1951063613754048512_n\/'><img loading=\"lazy\" decoding=\"async\" width=\"271\" height=\"180\" src=\"https:\/\/swimchannel.net\/br\/wp-content\/uploads\/2018\/09\/33901952_1639107332868806_1951063613754048512_n.jpg\" class=\"attachment-thumbnail size-thumbnail\" alt=\"\" aria-describedby=\"gallery-1-11513\" srcset=\"https:\/\/swimchannel.net\/br\/wp-content\/uploads\/2018\/09\/33901952_1639107332868806_1951063613754048512_n.jpg 960w, https:\/\/swimchannel.net\/br\/wp-content\/uploads\/2018\/09\/33901952_1639107332868806_1951063613754048512_n-600x399.jpg 600w\" sizes=\"auto, (max-width: 271px) 100vw, 271px\" \/><\/a>\n\t\t\t<\/div>\n\t\t\t\t<figcaption class='wp-caption-text gallery-caption' id='gallery-1-11513'>\n\t\t\t\tRei e Rainha do Mar Salvador ser\u00e1 neste final de semana\n\t\t\t\t<\/figcaption><\/figure><figure class='gallery-item'>\n\t\t\t<div class='gallery-icon landscape'>\n\t\t\t\t<a href='https:\/\/swimchannel.net\/br\/rei-e-rainha-do-mar-salvador-sera-neste-final-de-semana\/33690356_1639134139532792_6819906057385541632_n\/'><img loading=\"lazy\" decoding=\"async\" width=\"271\" height=\"180\" src=\"https:\/\/swimchannel.net\/br\/wp-content\/uploads\/2018\/09\/33690356_1639134139532792_6819906057385541632_n.jpg\" class=\"attachment-thumbnail size-thumbnail\" alt=\"\" aria-describedby=\"gallery-1-11514\" srcset=\"https:\/\/swimchannel.net\/br\/wp-content\/uploads\/2018\/09\/33690356_1639134139532792_6819906057385541632_n.jpg 960w, https:\/\/swimchannel.net\/br\/wp-content\/uploads\/2018\/09\/33690356_1639134139532792_6819906057385541632_n-600x399.jpg 600w\" sizes=\"auto, (max-width: 271px) 100vw, 271px\" \/><\/a>\n\t\t\t<\/div>\n\t\t\t\t<figcaption class='wp-caption-text gallery-caption' id='gallery-1-11514'>\n\t\t\t\tRei e Rainha do Mar Salvador ser\u00e1 neste final de semana\n\t\t\t\t<\/figcaption><\/figure><figure class='gallery-item'>\n\t\t\t<div class='gallery-icon landscape'>\n\t\t\t\t<a href='https:\/\/swimchannel.net\/br\/rei-e-rainha-do-mar-salvador-sera-neste-final-de-semana\/33990103_1641950315917841_8988624766726307840_o\/'><img loading=\"lazy\" decoding=\"async\" width=\"270\" height=\"180\" src=\"https:\/\/swimchannel.net\/br\/wp-content\/uploads\/2018\/09\/33990103_1641950315917841_8988624766726307840_o.jpg\" class=\"attachment-thumbnail size-thumbnail\" alt=\"\" aria-describedby=\"gallery-1-11515\" srcset=\"https:\/\/swimchannel.net\/br\/wp-content\/uploads\/2018\/09\/33990103_1641950315917841_8988624766726307840_o.jpg 1080w, https:\/\/swimchannel.net\/br\/wp-content\/uploads\/2018\/09\/33990103_1641950315917841_8988624766726307840_o-600x400.jpg 600w\" sizes=\"auto, (max-width: 270px) 100vw, 270px\" \/><\/a>\n\t\t\t<\/div>\n\t\t\t\t<figcaption class='wp-caption-text gallery-caption' id='gallery-1-11515'>\n\t\t\t\tRei e Rainha do Mar Salvador ser\u00e1 neste final de semana\n\t\t\t\t<\/figcaption><\/figure><figure class='gallery-item'>\n\t\t\t<div class='gallery-icon landscape'>\n\t\t\t\t<a href='https:\/\/swimchannel.net\/br\/rei-e-rainha-do-mar-salvador-sera-neste-final-de-semana\/salvador-bahia-turismo-na-terceira-idade-2\/'><img loading=\"lazy\" decoding=\"async\" width=\"270\" height=\"180\" src=\"https:\/\/swimchannel.net\/br\/wp-content\/uploads\/2018\/09\/Salvador-Bahia-\u2013-Turismo-na-terceira-idade-1.jpg\" class=\"attachment-thumbnail size-thumbnail\" alt=\"\" aria-describedby=\"gallery-1-11516\" \/><\/a>\n\t\t\t<\/div>\n\t\t\t\t<figcaption class='wp-caption-text gallery-caption' id='gallery-1-11516'>\n\t\t\t\tRei e Rainha do Mar Salvador ser\u00e1 neste final de semana\n\t\t\t\t<\/figcaption><\/figure>\n\t\t<\/div>\n\n<p>A primeira vez que o evento foi realizado em Salvador, em 2016, reuniu diversos nadadores de sele\u00e7\u00e3o brasileira. Naquele ano Luiz Rog\u00e9rio Arapiraca foi o grande destaque das \u00e1guas abertas, vencendo duas das tr\u00eas provas (Sprint e Classic).<\/p>\n<p>No domingo (16) a largada da prova sprint ser\u00e1 as 8h30, da Classic as 9h30 e da\u00a0Challenge, as 10h15. As pr\u00f3ximas etapas do Rei e Rainha do Mar ser\u00e3o realizadas em Ubatuba, dia 11 de novembro e no Rio de Janeiro, na Praia de Copacabana dia 22 e 23 de dezembro.\u00a0Para mais informa\u00e7\u00f5es sobre essa e as demais etapas veja no site oficial <a href=\"http:\/\/reierainhadomar.com.br\/etapas-ativas\/2018-3\/\">AQUI<\/a>.<\/p>\n","protected":false},"excerpt":{"rendered":"<p>No pr\u00f3ximo domingo (16) as \u00e1guas de Salvador recebem a terceira etapa do Rei e Rainha do Mar. Pela segunda vez a cidade baiana recebe uma das principais competi\u00e7\u00f5es de esportes aqu\u00e1ticos do pa\u00eds. O evento, que ser\u00e1 realizado na Praia de S\u00e3o Tom\u00e9 do Paripe, espera receber 2 mil atletas, entre eles, Poliana Okimoto, [&hellip;]<\/p>\n","protected":false},"author":9,"featured_media":11539,"comment_status":"open","ping_status":"open","sticky":false,"template":"","format":"standard","meta":{"footnotes":""},"categories":[1],"tags":[14,1487,5,46,202,427],"class_list":["post-11510","post","type-post","status-publish","format-standard","has-post-thumbnail","hentry","category-sem-categoria","tag-aguas-abertas","tag-isaquias-queiroz","tag-natacao","tag-poliana-okimoto","tag-rei-e-rainha-do-mar","tag-salvador"],"yoast_head":"<!-- This site is optimized with the Yoast SEO plugin v27.0 - https:\/\/yoast.com\/product\/yoast-seo-wordpress\/ -->\n<title>Rei e Rainha do Mar Salvador ser\u00e1 neste final de semana - Swimchannel<\/title>\n<meta name=\"description\" content=\"Competi\u00e7\u00e3o contar\u00e1 com a presen\u00e7a dos medalhistas ol\u00edmpicos Poliana Okimoto e Isaquias Queiroz.\" \/>\n<meta name=\"robots\" content=\"index, follow, max-snippet:-1, max-image-preview:large, max-video-preview:-1\" \/>\n<link rel=\"canonical\" href=\"https:\/\/swimchannel.net\/br\/rei-e-rainha-do-mar-salvador-sera-neste-final-de-semana\/\" \/>\n<meta property=\"og:locale\" content=\"pt_BR\" \/>\n<meta property=\"og:type\" content=\"article\" \/>\n<meta property=\"og:title\" content=\"Rei e Rainha do Mar Salvador ser\u00e1 neste final de semana - Swimchannel\" \/>\n<meta property=\"og:description\" content=\"Competi\u00e7\u00e3o contar\u00e1 com a presen\u00e7a dos medalhistas ol\u00edmpicos Poliana Okimoto e Isaquias Queiroz.\" \/>\n<meta property=\"og:url\" content=\"https:\/\/swimchannel.net\/br\/rei-e-rainha-do-mar-salvador-sera-neste-final-de-semana\/\" \/>\n<meta property=\"og:site_name\" content=\"Swimchannel\" \/>\n<meta property=\"article:publisher\" content=\"https:\/\/www.facebook.com\/swimchannel\" \/>\n<meta property=\"article:published_time\" content=\"2018-09-12T15:49:00+00:00\" \/>\n<meta property=\"article:modified_time\" content=\"2018-09-12T16:52:14+00:00\" \/>\n<meta property=\"og:image\" content=\"https:\/\/swimchannel.net\/br\/wp-content\/uploads\/2018\/09\/rrm-salvador.jpg\" \/>\n\t<meta property=\"og:image:width\" content=\"1200\" \/>\n\t<meta property=\"og:image:height\" content=\"675\" \/>\n\t<meta property=\"og:image:type\" content=\"image\/jpeg\" \/>\n<meta name=\"author\" content=\"Katarine Monteiro\" \/>\n<meta name=\"twitter:card\" content=\"summary_large_image\" \/>\n<meta name=\"twitter:creator\" content=\"@https:\/\/twitter.com\/Katarinem\" \/>\n<meta name=\"twitter:label1\" content=\"Escrito por\" \/>\n\t<meta name=\"twitter:data1\" content=\"Katarine Monteiro\" \/>\n\t<meta name=\"twitter:label2\" content=\"Est. tempo de leitura\" \/>\n\t<meta name=\"twitter:data2\" content=\"2 minutos\" \/>\n<script type=\"application\/ld+json\" class=\"yoast-schema-graph\">{\"@context\":\"https:\/\/schema.org\",\"@graph\":[{\"@type\":\"Article\",\"@id\":\"https:\/\/swimchannel.net\/br\/rei-e-rainha-do-mar-salvador-sera-neste-final-de-semana\/#article\",\"isPartOf\":{\"@id\":\"https:\/\/swimchannel.net\/br\/rei-e-rainha-do-mar-salvador-sera-neste-final-de-semana\/\"},\"author\":{\"name\":\"Katarine Monteiro\",\"@id\":\"https:\/\/swimchannel.net\/br\/#\/schema\/person\/73ae9cec62249968bca1f0a8098ef002\"},\"headline\":\"Rei e Rainha do Mar Salvador ser\u00e1 neste final de semana\",\"datePublished\":\"2018-09-12T15:49:00+00:00\",\"dateModified\":\"2018-09-12T16:52:14+00:00\",\"mainEntityOfPage\":{\"@id\":\"https:\/\/swimchannel.net\/br\/rei-e-rainha-do-mar-salvador-sera-neste-final-de-semana\/\"},\"wordCount\":393,\"commentCount\":0,\"publisher\":{\"@id\":\"https:\/\/swimchannel.net\/br\/#organization\"},\"image\":{\"@id\":\"https:\/\/swimchannel.net\/br\/rei-e-rainha-do-mar-salvador-sera-neste-final-de-semana\/#primaryimage\"},\"thumbnailUrl\":\"https:\/\/swimchannel.net\/br\/wp-content\/uploads\/2018\/09\/rrm-salvador.jpg\",\"keywords\":[\"\u00c1guas abertas\",\"Isaquias Queiroz\",\"natacao\",\"Poliana Okimoto\",\"Rei e Rainha do Mar\",\"Salvador\"],\"inLanguage\":\"pt-BR\",\"potentialAction\":[{\"@type\":\"CommentAction\",\"name\":\"Comment\",\"target\":[\"https:\/\/swimchannel.net\/br\/rei-e-rainha-do-mar-salvador-sera-neste-final-de-semana\/#respond\"]}]},{\"@type\":\"WebPage\",\"@id\":\"https:\/\/swimchannel.net\/br\/rei-e-rainha-do-mar-salvador-sera-neste-final-de-semana\/\",\"url\":\"https:\/\/swimchannel.net\/br\/rei-e-rainha-do-mar-salvador-sera-neste-final-de-semana\/\",\"name\":\"Rei e Rainha do Mar Salvador ser\u00e1 neste final de semana - Swimchannel\",\"isPartOf\":{\"@id\":\"https:\/\/swimchannel.net\/br\/#website\"},\"primaryImageOfPage\":{\"@id\":\"https:\/\/swimchannel.net\/br\/rei-e-rainha-do-mar-salvador-sera-neste-final-de-semana\/#primaryimage\"},\"image\":{\"@id\":\"https:\/\/swimchannel.net\/br\/rei-e-rainha-do-mar-salvador-sera-neste-final-de-semana\/#primaryimage\"},\"thumbnailUrl\":\"https:\/\/swimchannel.net\/br\/wp-content\/uploads\/2018\/09\/rrm-salvador.jpg\",\"datePublished\":\"2018-09-12T15:49:00+00:00\",\"dateModified\":\"2018-09-12T16:52:14+00:00\",\"description\":\"Competi\u00e7\u00e3o contar\u00e1 com a presen\u00e7a dos medalhistas ol\u00edmpicos Poliana Okimoto e Isaquias Queiroz.\",\"breadcrumb\":{\"@id\":\"https:\/\/swimchannel.net\/br\/rei-e-rainha-do-mar-salvador-sera-neste-final-de-semana\/#breadcrumb\"},\"inLanguage\":\"pt-BR\",\"potentialAction\":[{\"@type\":\"ReadAction\",\"target\":[\"https:\/\/swimchannel.net\/br\/rei-e-rainha-do-mar-salvador-sera-neste-final-de-semana\/\"]}]},{\"@type\":\"ImageObject\",\"inLanguage\":\"pt-BR\",\"@id\":\"https:\/\/swimchannel.net\/br\/rei-e-rainha-do-mar-salvador-sera-neste-final-de-semana\/#primaryimage\",\"url\":\"https:\/\/swimchannel.net\/br\/wp-content\/uploads\/2018\/09\/rrm-salvador.jpg\",\"contentUrl\":\"https:\/\/swimchannel.net\/br\/wp-content\/uploads\/2018\/09\/rrm-salvador.jpg\",\"width\":1200,\"height\":675},{\"@type\":\"BreadcrumbList\",\"@id\":\"https:\/\/swimchannel.net\/br\/rei-e-rainha-do-mar-salvador-sera-neste-final-de-semana\/#breadcrumb\",\"itemListElement\":[{\"@type\":\"ListItem\",\"position\":1,\"name\":\"Home\",\"item\":\"https:\/\/swimchannel.net\/br\/\"},{\"@type\":\"ListItem\",\"position\":2,\"name\":\"Rei e Rainha do Mar Salvador ser\u00e1 neste final de semana\"}]},{\"@type\":\"WebSite\",\"@id\":\"https:\/\/swimchannel.net\/br\/#website\",\"url\":\"https:\/\/swimchannel.net\/br\/\",\"name\":\"Swimchannel\",\"description\":\"Maior portal de nata\u00e7\u00e3o da america latina\",\"publisher\":{\"@id\":\"https:\/\/swimchannel.net\/br\/#organization\"},\"potentialAction\":[{\"@type\":\"SearchAction\",\"target\":{\"@type\":\"EntryPoint\",\"urlTemplate\":\"https:\/\/swimchannel.net\/br\/?s={search_term_string}\"},\"query-input\":{\"@type\":\"PropertyValueSpecification\",\"valueRequired\":true,\"valueName\":\"search_term_string\"}}],\"inLanguage\":\"pt-BR\"},{\"@type\":\"Organization\",\"@id\":\"https:\/\/swimchannel.net\/br\/#organization\",\"name\":\"Swimchannel - Conectando voc\u00ea a Nata\u00e7\u00e3o\",\"url\":\"https:\/\/swimchannel.net\/br\/\",\"logo\":{\"@type\":\"ImageObject\",\"inLanguage\":\"pt-BR\",\"@id\":\"https:\/\/swimchannel.net\/br\/#\/schema\/logo\/image\/\",\"url\":\"https:\/\/swimchannel.net\/br\/wp-content\/uploads\/2026\/02\/SWIM-CHANNEL.png\",\"contentUrl\":\"https:\/\/swimchannel.net\/br\/wp-content\/uploads\/2026\/02\/SWIM-CHANNEL.png\",\"width\":1120,\"height\":630,\"caption\":\"Swimchannel - Conectando voc\u00ea a Nata\u00e7\u00e3o\"},\"image\":{\"@id\":\"https:\/\/swimchannel.net\/br\/#\/schema\/logo\/image\/\"},\"sameAs\":[\"https:\/\/www.facebook.com\/swimchannel\",\"https:\/\/www.instagram.com\/swimchannel\"]},{\"@type\":\"Person\",\"@id\":\"https:\/\/swimchannel.net\/br\/#\/schema\/person\/73ae9cec62249968bca1f0a8098ef002\",\"name\":\"Katarine Monteiro\",\"image\":{\"@type\":\"ImageObject\",\"inLanguage\":\"pt-BR\",\"@id\":\"https:\/\/swimchannel.net\/br\/#\/schema\/person\/image\/\",\"url\":\"https:\/\/swimchannel.net\/br\/wp-content\/uploads\/2022\/01\/Katarine-Monteiro-100x100.jpg\",\"contentUrl\":\"https:\/\/swimchannel.net\/br\/wp-content\/uploads\/2022\/01\/Katarine-Monteiro-100x100.jpg\",\"caption\":\"Katarine Monteiro\"},\"description\":\"Jornalista SWIM CHANNEL especializada em esportes ol\u00edmpicos e em sa\u00fade. Com cobertura de grandes eventos internacionais, como Jogos Ol\u00edmpicos Rio 2016, Jogos Pan-Americanos em Lima 2019, Qatar Total Open 2020, Qatar ExxonMobil Open 2019 - t\u00eanis em Doha (QT), Semana Internacional de Vela de Ilhabela, Transat Jacques Vabre 2019 (Fran\u00e7a-Brasil), L'\u00c9tape Brasil by Tour de France, j\u00e1 fez in\u00fameras coberturas de nata\u00e7\u00e3o, maratona aqu\u00e1tica e polo aqu\u00e1tico. Formada tamb\u00e9m em Letras, a jornalista atua como assessora de imprensa, rela\u00e7\u00f5es p\u00fablicas e social media, com especializa\u00e7\u00e3o em marketing esportivo. Nadadora amadora de \u00e1guas abertas, j\u00e1 trabalhou com grandes nomes da nata\u00e7\u00e3o e do polo aqu\u00e1tico brasileiro.\",\"sameAs\":[\"https:\/\/www.instagram.com\/_katarinemonteiro\/\",\"https:\/\/www.linkedin.com\/in\/katarine-monteiro-19385297\/\",\"https:\/\/x.com\/https:\/\/twitter.com\/Katarinem\"],\"url\":\"https:\/\/swimchannel.net\/br\/author\/katarine-monteiro\/\"}]}<\/script>\n<!-- \/ Yoast SEO plugin. -->","yoast_head_json":{"title":"Rei e Rainha do Mar Salvador ser\u00e1 neste final de semana - Swimchannel","description":"Competi\u00e7\u00e3o contar\u00e1 com a presen\u00e7a dos medalhistas ol\u00edmpicos Poliana Okimoto e Isaquias Queiroz.","robots":{"index":"index","follow":"follow","max-snippet":"max-snippet:-1","max-image-preview":"max-image-preview:large","max-video-preview":"max-video-preview:-1"},"canonical":"https:\/\/swimchannel.net\/br\/rei-e-rainha-do-mar-salvador-sera-neste-final-de-semana\/","og_locale":"pt_BR","og_type":"article","og_title":"Rei e Rainha do Mar Salvador ser\u00e1 neste final de semana - Swimchannel","og_description":"Competi\u00e7\u00e3o contar\u00e1 com a presen\u00e7a dos medalhistas ol\u00edmpicos Poliana Okimoto e Isaquias Queiroz.","og_url":"https:\/\/swimchannel.net\/br\/rei-e-rainha-do-mar-salvador-sera-neste-final-de-semana\/","og_site_name":"Swimchannel","article_publisher":"https:\/\/www.facebook.com\/swimchannel","article_published_time":"2018-09-12T15:49:00+00:00","article_modified_time":"2018-09-12T16:52:14+00:00","og_image":[{"width":1200,"height":675,"url":"https:\/\/swimchannel.net\/br\/wp-content\/uploads\/2018\/09\/rrm-salvador.jpg","type":"image\/jpeg"}],"author":"Katarine Monteiro","twitter_card":"summary_large_image","twitter_creator":"@https:\/\/twitter.com\/Katarinem","twitter_misc":{"Escrito por":"Katarine Monteiro","Est. tempo de leitura":"2 minutos"},"schema":{"@context":"https:\/\/schema.org","@graph":[{"@type":"Article","@id":"https:\/\/swimchannel.net\/br\/rei-e-rainha-do-mar-salvador-sera-neste-final-de-semana\/#article","isPartOf":{"@id":"https:\/\/swimchannel.net\/br\/rei-e-rainha-do-mar-salvador-sera-neste-final-de-semana\/"},"author":{"name":"Katarine Monteiro","@id":"https:\/\/swimchannel.net\/br\/#\/schema\/person\/73ae9cec62249968bca1f0a8098ef002"},"headline":"Rei e Rainha do Mar Salvador ser\u00e1 neste final de semana","datePublished":"2018-09-12T15:49:00+00:00","dateModified":"2018-09-12T16:52:14+00:00","mainEntityOfPage":{"@id":"https:\/\/swimchannel.net\/br\/rei-e-rainha-do-mar-salvador-sera-neste-final-de-semana\/"},"wordCount":393,"commentCount":0,"publisher":{"@id":"https:\/\/swimchannel.net\/br\/#organization"},"image":{"@id":"https:\/\/swimchannel.net\/br\/rei-e-rainha-do-mar-salvador-sera-neste-final-de-semana\/#primaryimage"},"thumbnailUrl":"https:\/\/swimchannel.net\/br\/wp-content\/uploads\/2018\/09\/rrm-salvador.jpg","keywords":["\u00c1guas abertas","Isaquias Queiroz","natacao","Poliana Okimoto","Rei e Rainha do Mar","Salvador"],"inLanguage":"pt-BR","potentialAction":[{"@type":"CommentAction","name":"Comment","target":["https:\/\/swimchannel.net\/br\/rei-e-rainha-do-mar-salvador-sera-neste-final-de-semana\/#respond"]}]},{"@type":"WebPage","@id":"https:\/\/swimchannel.net\/br\/rei-e-rainha-do-mar-salvador-sera-neste-final-de-semana\/","url":"https:\/\/swimchannel.net\/br\/rei-e-rainha-do-mar-salvador-sera-neste-final-de-semana\/","name":"Rei e Rainha do Mar Salvador ser\u00e1 neste final de semana - Swimchannel","isPartOf":{"@id":"https:\/\/swimchannel.net\/br\/#website"},"primaryImageOfPage":{"@id":"https:\/\/swimchannel.net\/br\/rei-e-rainha-do-mar-salvador-sera-neste-final-de-semana\/#primaryimage"},"image":{"@id":"https:\/\/swimchannel.net\/br\/rei-e-rainha-do-mar-salvador-sera-neste-final-de-semana\/#primaryimage"},"thumbnailUrl":"https:\/\/swimchannel.net\/br\/wp-content\/uploads\/2018\/09\/rrm-salvador.jpg","datePublished":"2018-09-12T15:49:00+00:00","dateModified":"2018-09-12T16:52:14+00:00","description":"Competi\u00e7\u00e3o contar\u00e1 com a presen\u00e7a dos medalhistas ol\u00edmpicos Poliana Okimoto e Isaquias Queiroz.","breadcrumb":{"@id":"https:\/\/swimchannel.net\/br\/rei-e-rainha-do-mar-salvador-sera-neste-final-de-semana\/#breadcrumb"},"inLanguage":"pt-BR","potentialAction":[{"@type":"ReadAction","target":["https:\/\/swimchannel.net\/br\/rei-e-rainha-do-mar-salvador-sera-neste-final-de-semana\/"]}]},{"@type":"ImageObject","inLanguage":"pt-BR","@id":"https:\/\/swimchannel.net\/br\/rei-e-rainha-do-mar-salvador-sera-neste-final-de-semana\/#primaryimage","url":"https:\/\/swimchannel.net\/br\/wp-content\/uploads\/2018\/09\/rrm-salvador.jpg","contentUrl":"https:\/\/swimchannel.net\/br\/wp-content\/uploads\/2018\/09\/rrm-salvador.jpg","width":1200,"height":675},{"@type":"BreadcrumbList","@id":"https:\/\/swimchannel.net\/br\/rei-e-rainha-do-mar-salvador-sera-neste-final-de-semana\/#breadcrumb","itemListElement":[{"@type":"ListItem","position":1,"name":"Home","item":"https:\/\/swimchannel.net\/br\/"},{"@type":"ListItem","position":2,"name":"Rei e Rainha do Mar Salvador ser\u00e1 neste final de semana"}]},{"@type":"WebSite","@id":"https:\/\/swimchannel.net\/br\/#website","url":"https:\/\/swimchannel.net\/br\/","name":"Swimchannel","description":"Maior portal de nata\u00e7\u00e3o da america latina","publisher":{"@id":"https:\/\/swimchannel.net\/br\/#organization"},"potentialAction":[{"@type":"SearchAction","target":{"@type":"EntryPoint","urlTemplate":"https:\/\/swimchannel.net\/br\/?s={search_term_string}"},"query-input":{"@type":"PropertyValueSpecification","valueRequired":true,"valueName":"search_term_string"}}],"inLanguage":"pt-BR"},{"@type":"Organization","@id":"https:\/\/swimchannel.net\/br\/#organization","name":"Swimchannel - Conectando voc\u00ea a Nata\u00e7\u00e3o","url":"https:\/\/swimchannel.net\/br\/","logo":{"@type":"ImageObject","inLanguage":"pt-BR","@id":"https:\/\/swimchannel.net\/br\/#\/schema\/logo\/image\/","url":"https:\/\/swimchannel.net\/br\/wp-content\/uploads\/2026\/02\/SWIM-CHANNEL.png","contentUrl":"https:\/\/swimchannel.net\/br\/wp-content\/uploads\/2026\/02\/SWIM-CHANNEL.png","width":1120,"height":630,"caption":"Swimchannel - Conectando voc\u00ea a Nata\u00e7\u00e3o"},"image":{"@id":"https:\/\/swimchannel.net\/br\/#\/schema\/logo\/image\/"},"sameAs":["https:\/\/www.facebook.com\/swimchannel","https:\/\/www.instagram.com\/swimchannel"]},{"@type":"Person","@id":"https:\/\/swimchannel.net\/br\/#\/schema\/person\/73ae9cec62249968bca1f0a8098ef002","name":"Katarine Monteiro","image":{"@type":"ImageObject","inLanguage":"pt-BR","@id":"https:\/\/swimchannel.net\/br\/#\/schema\/person\/image\/","url":"https:\/\/swimchannel.net\/br\/wp-content\/uploads\/2022\/01\/Katarine-Monteiro-100x100.jpg","contentUrl":"https:\/\/swimchannel.net\/br\/wp-content\/uploads\/2022\/01\/Katarine-Monteiro-100x100.jpg","caption":"Katarine Monteiro"},"description":"Jornalista SWIM CHANNEL especializada em esportes ol\u00edmpicos e em sa\u00fade. Com cobertura de grandes eventos internacionais, como Jogos Ol\u00edmpicos Rio 2016, Jogos Pan-Americanos em Lima 2019, Qatar Total Open 2020, Qatar ExxonMobil Open 2019 - t\u00eanis em Doha (QT), Semana Internacional de Vela de Ilhabela, Transat Jacques Vabre 2019 (Fran\u00e7a-Brasil), L'\u00c9tape Brasil by Tour de France, j\u00e1 fez in\u00fameras coberturas de nata\u00e7\u00e3o, maratona aqu\u00e1tica e polo aqu\u00e1tico. Formada tamb\u00e9m em Letras, a jornalista atua como assessora de imprensa, rela\u00e7\u00f5es p\u00fablicas e social media, com especializa\u00e7\u00e3o em marketing esportivo. Nadadora amadora de \u00e1guas abertas, j\u00e1 trabalhou com grandes nomes da nata\u00e7\u00e3o e do polo aqu\u00e1tico brasileiro.","sameAs":["https:\/\/www.instagram.com\/_katarinemonteiro\/","https:\/\/www.linkedin.com\/in\/katarine-monteiro-19385297\/","https:\/\/x.com\/https:\/\/twitter.com\/Katarinem"],"url":"https:\/\/swimchannel.net\/br\/author\/katarine-monteiro\/"}]}},"_links":{"self":[{"href":"https:\/\/swimchannel.net\/br\/wp-json\/wp\/v2\/posts\/11510","targetHints":{"allow":["GET"]}}],"collection":[{"href":"https:\/\/swimchannel.net\/br\/wp-json\/wp\/v2\/posts"}],"about":[{"href":"https:\/\/swimchannel.net\/br\/wp-json\/wp\/v2\/types\/post"}],"author":[{"embeddable":true,"href":"https:\/\/swimchannel.net\/br\/wp-json\/wp\/v2\/users\/9"}],"replies":[{"embeddable":true,"href":"https:\/\/swimchannel.net\/br\/wp-json\/wp\/v2\/comments?post=11510"}],"version-history":[{"count":0,"href":"https:\/\/swimchannel.net\/br\/wp-json\/wp\/v2\/posts\/11510\/revisions"}],"wp:featuredmedia":[{"embeddable":true,"href":"https:\/\/swimchannel.net\/br\/wp-json\/wp\/v2\/media\/11539"}],"wp:attachment":[{"href":"https:\/\/swimchannel.net\/br\/wp-json\/wp\/v2\/media?parent=11510"}],"wp:term":[{"taxonomy":"category","embeddable":true,"href":"https:\/\/swimchannel.net\/br\/wp-json\/wp\/v2\/categories?post=11510"},{"taxonomy":"post_tag","embeddable":true,"href":"https:\/\/swimchannel.net\/br\/wp-json\/wp\/v2\/tags?post=11510"}],"curies":[{"name":"wp","href":"https:\/\/api.w.org\/{rel}","templated":true}]}}