{"id":11761,"date":"2018-09-18T03:21:31","date_gmt":"2018-09-18T03:21:31","guid":{"rendered":"https:\/\/swimchannel.flywheelsites.com\/?p=11761"},"modified":"2018-09-19T03:55:14","modified_gmt":"2018-09-19T03:55:14","slug":"dupla-do-gnu-abre-circuito-viva-rs-com-vitoria","status":"publish","type":"post","link":"https:\/\/swimchannel.net\/br\/dupla-do-gnu-abre-circuito-viva-rs-com-vitoria\/","title":{"rendered":"Dupla do GNU abre Circuito Viva RS com vit\u00f3ria"},"content":{"rendered":"<p>Esta aberta a temporada 2018\/19 do\u00a0Circuito Viva RS, evento organizado pela Mais Travessias e o maior do segmento no estado do Rio Grande do Sul. A cidade de Arambar\u00e9, localizada a 150 km da capital Porto Alegre, foi o pontap\u00e9 inicial da competi\u00e7\u00e3o que reuniu centenas de atletas para nadar duas provas: a Cl\u00e1ssica de 2 km e o Desafio de 4 km. E foram dois atletas do Gr\u00eamio N\u00e1utico Uni\u00e3o os principais destaques do dia.<\/p>\n<p>Antes mesmo do in\u00edcio da prova os nadadores Betina Lorscheitter e Matheus Evangelista j\u00e1 eram tido como os grandes favoritos. Afinal, ambos fazem parte da sele\u00e7\u00e3o brasileira de \u00e1guas abertas com participa\u00e7\u00e3o em eventos internacionais como Campeonatos Mundiais e circuitos internacionais da FINA. Ambos fizeram parte da categoria elite e lidaram bem as adversidades para come\u00e7arem bem a temporada 2018\/19.<\/p>\n<figure id=\"attachment_11818\" aria-describedby=\"caption-attachment-11818\" style=\"width: 450px\" class=\"wp-caption alignnone\"><img loading=\"lazy\" decoding=\"async\" class=\"wp-image-11818\" src=\"https:\/\/swimchannel.net\/br\/wp-content\/uploads\/2018\/09\/Foto_Chegada_Arambare2018.jpg\" alt=\"\" width=\"450\" height=\"800\" srcset=\"https:\/\/swimchannel.net\/br\/wp-content\/uploads\/2018\/09\/Foto_Chegada_Arambare2018.jpg 720w, https:\/\/swimchannel.net\/br\/wp-content\/uploads\/2018\/09\/Foto_Chegada_Arambare2018-600x1067.jpg 600w\" sizes=\"auto, (max-width: 450px) 100vw, 450px\" \/><figcaption id=\"caption-attachment-11818\" class=\"wp-caption-text\">Matheus Evangelista no momento da chegada &#8211; Foto: Divulga\u00e7\u00e3o<\/figcaption><\/figure>\n<p>Antes da prova come\u00e7ar a organiza\u00e7\u00e3o da prova diminuiu o percurso de ambas as provas devido as condi\u00e7\u00f5es clim\u00e1ticas.\u00a0A Cl\u00e1ssica foi reduzida de 2 km para 850m a serem percorridas em uma volta e o Desafio de 4 km para 2,5 km em tr\u00eas voltas. &#8220;Realmente a Lagoa dos Patos soprou muito forte e est\u00e1vamos com vento de quase 40km\/h no meio da prova. Por isso decidimos realizar essa redu\u00e7\u00e3o, pois cont\u00e1vamos com um grande aparato de seguran\u00e7a (jet skis, barcos, caiaques, etc) e por isso trocamos a dist\u00e2ncia para manter a prova&#8221;, conta Vitor Saraiva respons\u00e1vel pela prova.<\/p>\n<p>Dentro d&#8217;\u00e1gua, Matheus fez uma grande prova e conseguiu percorrer os 2,5 km em 33min34s, chegando um minuto e meio a frente de Diego Vidal, da Raiacenter,\u00a0 que acabou terminando na segunda coloca\u00e7\u00e3o geral com a marca de 35min04s. O terceiro mais veloz foi Bernardo Lauschner, tamb\u00e9m do GNU que completou em 37min35s. Entre as mulheres Betina foi absoluta e n\u00e3o deu chance as advers\u00e1rias e completando a prova em 37min24s, marca que lhe daria a terceira posi\u00e7\u00e3o entre os homens. A seguir vieram\u00a0Sabrina Mazzola da MD Multisport e\u00a0Daniela Sampaio, tamb\u00e9m do Gr\u00eamio Na\u00fatico Uni\u00e3o com 48min39s e 49min56s respectivamente.<\/p>\n<figure id=\"attachment_11763\" aria-describedby=\"caption-attachment-11763\" style=\"width: 598px\" class=\"wp-caption aligncenter\"><img loading=\"lazy\" decoding=\"async\" class=\"wp-image-11763 size-full\" src=\"https:\/\/swimchannel.net\/br\/wp-content\/uploads\/2018\/09\/betina.jpg\" alt=\"\" width=\"598\" height=\"598\" srcset=\"https:\/\/swimchannel.net\/br\/wp-content\/uploads\/2018\/09\/betina.jpg 598w, https:\/\/swimchannel.net\/br\/wp-content\/uploads\/2018\/09\/betina-300x300.jpg 300w, https:\/\/swimchannel.net\/br\/wp-content\/uploads\/2018\/09\/betina-100x100.jpg 100w\" sizes=\"auto, (max-width: 598px) 100vw, 598px\" \/><figcaption id=\"caption-attachment-11763\" class=\"wp-caption-text\">Momento da chegada de Betina Lorscheitter em Arambar\u00e9 &#8211; Foto: Reprodu\u00e7\u00e3o\/Instagram<\/figcaption><\/figure>\n<p>Na prova Cl\u00e1ssica\u00a0Eduardo Marques,\u00a0nadador do GNU, completou em 13min00s, com uma vantagem confort\u00e1vel para\u00a0Rafael Iserhardt da Tentardini Team que concluiu em 14min52s. Fechando o top 3 veio\u00a0Marcos Bruksch tamb\u00e9m do Gr\u00eamio Na\u00fatico Uni\u00e3o com 15min00s. Entre as mulheres mais um triunfo do GNU com Blessane Lipski marcando 18min42s, sendo seguida por\u00a0Ana Paula da Rosa da M\u00e1fia do Rui com 19min13s e\u00a0Jeanne de Mendon\u00e7a da Tentardini Team com 19min30s.<\/p>\n<blockquote class=\"instagram-media\" style=\"background: #FFF; border: 0; border-radius: 3px; box-shadow: 0 0 1px 0 rgba(0,0,0,0.5),0 1px 10px 0 rgba(0,0,0,0.15); margin: 1px; max-width: 540px; min-width: 326px; padding: 0; width: calc(100% - 2px);\" data-instgrm-captioned=\"\" data-instgrm-permalink=\"https:\/\/www.instagram.com\/p\/BnywjImjC7k\/?utm_source=ig_embed_loading\" data-instgrm-version=\"12\">\n<div style=\"padding: 16px;\">\n<p>&nbsp;<\/p>\n<div style=\"display: flex; flex-direction: row; align-items: center;\">\n<div style=\"background-color: #f4f4f4; border-radius: 50%; flex-grow: 0; height: 40px; margin-right: 14px; width: 40px;\"><\/div>\n<div style=\"display: flex; flex-direction: column; flex-grow: 1; justify-content: center;\">\n<div style=\"background-color: #f4f4f4; border-radius: 4px; flex-grow: 0; height: 14px; margin-bottom: 6px; width: 100px;\"><\/div>\n<div style=\"background-color: #f4f4f4; border-radius: 4px; flex-grow: 0; height: 14px; width: 60px;\"><\/div>\n<\/div>\n<\/div>\n<div style=\"padding: 19% 0;\"><\/div>\n<div style=\"display: block; height: 50px; margin: 0 auto 12px; width: 50px;\"><\/div>\n<div style=\"padding-top: 8px;\">\n<div style=\"color: #3897f0; font-family: Arial,sans-serif; font-size: 14px; font-style: normal; font-weight: 550; line-height: 18px;\">Visualizar esta foto no Instagram.<\/div>\n<\/div>\n<div style=\"padding: 12.5% 0;\"><\/div>\n<div style=\"display: flex; flex-direction: row; margin-bottom: 14px; align-items: center;\">\n<div>\n<div style=\"background-color: #f4f4f4; border-radius: 50%; height: 12.5px; width: 12.5px; transform: translateX(0px) translateY(7px);\"><\/div>\n<div style=\"background-color: #f4f4f4; height: 12.5px; transform: rotate(-45deg) translateX(3px) translateY(1px); width: 12.5px; flex-grow: 0; margin-right: 14px; margin-left: 2px;\"><\/div>\n<div style=\"background-color: #f4f4f4; border-radius: 50%; height: 12.5px; width: 12.5px; transform: translateX(9px) translateY(-18px);\"><\/div>\n<\/div>\n<div style=\"margin-left: 8px;\">\n<div style=\"background-color: #f4f4f4; border-radius: 50%; flex-grow: 0; height: 20px; width: 20px;\"><\/div>\n<div style=\"width: 0; height: 0; border-top: 2px solid transparent; border-left: 6px solid #f4f4f4; border-bottom: 2px solid transparent; transform: translateX(16px) translateY(-4px) rotate(30deg);\"><\/div>\n<\/div>\n<div style=\"margin-left: auto;\">\n<div style=\"width: 0px; border-top: 8px solid #F4F4F4; border-right: 8px solid transparent; transform: translateY(16px);\"><\/div>\n<div style=\"background-color: #f4f4f4; flex-grow: 0; height: 12px; width: 16px; transform: translateY(-4px);\"><\/div>\n<div style=\"width: 0; height: 0; border-top: 8px solid #F4F4F4; border-left: 8px solid transparent; transform: translateY(-4px) translateX(8px);\"><\/div>\n<\/div>\n<\/div>\n<p>&nbsp;<\/p>\n<p style=\"margin: 8px 0 0 0; padding: 0 4px;\"><a style=\"color: #000; font-family: Arial,sans-serif; font-size: 14px; font-style: normal; font-weight: normal; line-height: 17px; text-decoration: none; word-wrap: break-word;\" href=\"https:\/\/www.instagram.com\/p\/BnywjImjC7k\/?utm_source=ig_embed_loading\" target=\"_blank\" rel=\"noopener\">Mar calmo nunca fez bom marinheiro! \u2022 Dia da primeira etapa do @maistravessias , uma \u00f3tima oportunidade para treinar em condi\u00e7\u00f5es adversas: agua 18\u00ba, vento com rajadas de at\u00e9 40km\/h! \u2022 1\u00ba lugar, 2,8km em 33\u2019!<\/a><\/p>\n<p style=\"color: #c9c8cd; font-family: Arial,sans-serif; font-size: 14px; line-height: 17px; margin-bottom: 0; margin-top: 8px; overflow: hidden; padding: 8px 0 7px; text-align: center; text-overflow: ellipsis; white-space: nowrap;\">Uma publica\u00e7\u00e3o compartilhada por <a style=\"color: #c9c8cd; font-family: Arial,sans-serif; font-size: 14px; font-style: normal; font-weight: normal; line-height: 17px;\" href=\"https:\/\/www.instagram.com\/matheusevangelista1\/?utm_source=ig_embed_loading\" target=\"_blank\" rel=\"noopener\"> Matheus Evangelista<\/a> (@matheusevangelista1) em <time style=\"font-family: Arial,sans-serif; font-size: 14px; line-height: 17px;\" datetime=\"2018-09-16T16:14:02+00:00\">16 de Set, 2018 \u00e0s 9:14 PDT<\/time><\/p>\n<\/div>\n<\/blockquote>\n<p><script async defer src=\"\/\/www.instagram.com\/embed.js\"><\/script><\/p>\n<p>Os resultados completos\u00a0da primeira etapa do Circuito Viva RS podem ser conferidos <a href=\"https:\/\/swimchannel.net\/br\/evento\/1a-etapa-do-circuito-viva-rs\/\">neste endere\u00e7o clicando aqui<\/a>. A pr\u00f3xima etapa acontecer\u00e1 no pr\u00f3ximo dia 2 de dezembro na Praia de Itapu\u00e3, em Viam\u00e3o. Al\u00e9m das categorias Desafio (4 km)e Cl\u00e1ssica (2 km), haver\u00e1 disputas na Nova Gera\u00e7\u00e3o (200m) e Iniciantes (700m). As inscri\u00e7\u00f5es para esta nova etapa ser\u00e3o abertas durante esta semana.<\/p>\n","protected":false},"excerpt":{"rendered":"<p>Esta aberta a temporada 2018\/19 do\u00a0Circuito Viva RS, evento organizado pela Mais Travessias e o maior do segmento no estado do Rio Grande do Sul. A cidade de Arambar\u00e9, localizada a 150 km da capital Porto Alegre, foi o pontap\u00e9 inicial da competi\u00e7\u00e3o que reuniu centenas de atletas para nadar duas provas: a Cl\u00e1ssica de [&hellip;]<\/p>\n","protected":false},"author":3,"featured_media":7965,"comment_status":"open","ping_status":"open","sticky":false,"template":"","format":"standard","meta":{"footnotes":""},"categories":[115],"tags":[14,1441,520,1387,1442,989,5],"class_list":["post-11761","post","type-post","status-publish","format-standard","has-post-thumbnail","hentry","category-aguas-abertas","tag-aguas-abertas","tag-arambare","tag-betina-lorscheitter","tag-circuito-viva-rs","tag-mais-travessias","tag-matheus-evangelista","tag-natacao"],"yoast_head":"<!-- This site is optimized with the Yoast SEO plugin v27.0 - https:\/\/yoast.com\/product\/yoast-seo-wordpress\/ -->\n<title>Dupla do GNU abre Circuito Viva RS com vit\u00f3ria - Swimchannel<\/title>\n<meta name=\"description\" content=\"Betina Lorscheitter e Matheus Evangelista venceram na prova Desafio, a principal do evento, e come\u00e7am a temporada 2018\/19 na frente\" \/>\n<meta name=\"robots\" content=\"index, follow, max-snippet:-1, max-image-preview:large, max-video-preview:-1\" \/>\n<link rel=\"canonical\" href=\"https:\/\/swimchannel.net\/br\/dupla-do-gnu-abre-circuito-viva-rs-com-vitoria\/\" \/>\n<meta property=\"og:locale\" content=\"pt_BR\" \/>\n<meta property=\"og:type\" content=\"article\" \/>\n<meta property=\"og:title\" content=\"Dupla do GNU abre Circuito Viva RS com vit\u00f3ria - Swimchannel\" \/>\n<meta property=\"og:description\" content=\"Betina Lorscheitter e Matheus Evangelista venceram na prova Desafio, a principal do evento, e come\u00e7am a temporada 2018\/19 na frente\" \/>\n<meta property=\"og:url\" content=\"https:\/\/swimchannel.net\/br\/dupla-do-gnu-abre-circuito-viva-rs-com-vitoria\/\" \/>\n<meta property=\"og:site_name\" content=\"Swimchannel\" \/>\n<meta property=\"article:publisher\" content=\"https:\/\/www.facebook.com\/swimchannel\" \/>\n<meta property=\"article:published_time\" content=\"2018-09-18T03:21:31+00:00\" \/>\n<meta property=\"article:modified_time\" content=\"2018-09-19T03:55:14+00:00\" \/>\n<meta property=\"og:image\" content=\"https:\/\/swimchannel.net\/br\/wp-content\/uploads\/2018\/03\/betina0.jpg\" \/>\n\t<meta property=\"og:image:width\" content=\"1200\" \/>\n\t<meta property=\"og:image:height\" content=\"675\" \/>\n\t<meta property=\"og:image:type\" content=\"image\/jpeg\" \/>\n<meta name=\"author\" content=\"Guilherme Freitas\" \/>\n<meta name=\"twitter:card\" content=\"summary_large_image\" \/>\n<meta name=\"twitter:label1\" content=\"Escrito por\" \/>\n\t<meta name=\"twitter:data1\" content=\"Guilherme Freitas\" \/>\n\t<meta name=\"twitter:label2\" content=\"Est. tempo de leitura\" \/>\n\t<meta name=\"twitter:data2\" content=\"3 minutos\" \/>\n<script type=\"application\/ld+json\" class=\"yoast-schema-graph\">{\"@context\":\"https:\/\/schema.org\",\"@graph\":[{\"@type\":\"Article\",\"@id\":\"https:\/\/swimchannel.net\/br\/dupla-do-gnu-abre-circuito-viva-rs-com-vitoria\/#article\",\"isPartOf\":{\"@id\":\"https:\/\/swimchannel.net\/br\/dupla-do-gnu-abre-circuito-viva-rs-com-vitoria\/\"},\"author\":{\"name\":\"Guilherme Freitas\",\"@id\":\"https:\/\/swimchannel.net\/br\/#\/schema\/person\/aa2a63bab3275f53749a83276b213c48\"},\"headline\":\"Dupla do GNU abre Circuito Viva RS com vit\u00f3ria\",\"datePublished\":\"2018-09-18T03:21:31+00:00\",\"dateModified\":\"2018-09-19T03:55:14+00:00\",\"mainEntityOfPage\":{\"@id\":\"https:\/\/swimchannel.net\/br\/dupla-do-gnu-abre-circuito-viva-rs-com-vitoria\/\"},\"wordCount\":623,\"commentCount\":0,\"publisher\":{\"@id\":\"https:\/\/swimchannel.net\/br\/#organization\"},\"image\":{\"@id\":\"https:\/\/swimchannel.net\/br\/dupla-do-gnu-abre-circuito-viva-rs-com-vitoria\/#primaryimage\"},\"thumbnailUrl\":\"https:\/\/swimchannel.net\/br\/wp-content\/uploads\/2018\/03\/betina0.jpg\",\"keywords\":[\"\u00c1guas abertas\",\"Arambar\u00e9\",\"Betina Lorscheitter\",\"Circuito VIVA RS\",\"Mais Travessias\",\"Matheus Evangelista\",\"natacao\"],\"articleSection\":[\"\u00c1guas Abertas\"],\"inLanguage\":\"pt-BR\",\"potentialAction\":[{\"@type\":\"CommentAction\",\"name\":\"Comment\",\"target\":[\"https:\/\/swimchannel.net\/br\/dupla-do-gnu-abre-circuito-viva-rs-com-vitoria\/#respond\"]}]},{\"@type\":\"WebPage\",\"@id\":\"https:\/\/swimchannel.net\/br\/dupla-do-gnu-abre-circuito-viva-rs-com-vitoria\/\",\"url\":\"https:\/\/swimchannel.net\/br\/dupla-do-gnu-abre-circuito-viva-rs-com-vitoria\/\",\"name\":\"Dupla do GNU abre Circuito Viva RS com vit\u00f3ria - Swimchannel\",\"isPartOf\":{\"@id\":\"https:\/\/swimchannel.net\/br\/#website\"},\"primaryImageOfPage\":{\"@id\":\"https:\/\/swimchannel.net\/br\/dupla-do-gnu-abre-circuito-viva-rs-com-vitoria\/#primaryimage\"},\"image\":{\"@id\":\"https:\/\/swimchannel.net\/br\/dupla-do-gnu-abre-circuito-viva-rs-com-vitoria\/#primaryimage\"},\"thumbnailUrl\":\"https:\/\/swimchannel.net\/br\/wp-content\/uploads\/2018\/03\/betina0.jpg\",\"datePublished\":\"2018-09-18T03:21:31+00:00\",\"dateModified\":\"2018-09-19T03:55:14+00:00\",\"description\":\"Betina Lorscheitter e Matheus Evangelista venceram na prova Desafio, a principal do evento, e come\u00e7am a temporada 2018\/19 na frente\",\"breadcrumb\":{\"@id\":\"https:\/\/swimchannel.net\/br\/dupla-do-gnu-abre-circuito-viva-rs-com-vitoria\/#breadcrumb\"},\"inLanguage\":\"pt-BR\",\"potentialAction\":[{\"@type\":\"ReadAction\",\"target\":[\"https:\/\/swimchannel.net\/br\/dupla-do-gnu-abre-circuito-viva-rs-com-vitoria\/\"]}]},{\"@type\":\"ImageObject\",\"inLanguage\":\"pt-BR\",\"@id\":\"https:\/\/swimchannel.net\/br\/dupla-do-gnu-abre-circuito-viva-rs-com-vitoria\/#primaryimage\",\"url\":\"https:\/\/swimchannel.net\/br\/wp-content\/uploads\/2018\/03\/betina0.jpg\",\"contentUrl\":\"https:\/\/swimchannel.net\/br\/wp-content\/uploads\/2018\/03\/betina0.jpg\",\"width\":1200,\"height\":675,\"caption\":\"Betina Lorscheitter - Foto: Satiro Sodr\u00e9\/SSPress\"},{\"@type\":\"BreadcrumbList\",\"@id\":\"https:\/\/swimchannel.net\/br\/dupla-do-gnu-abre-circuito-viva-rs-com-vitoria\/#breadcrumb\",\"itemListElement\":[{\"@type\":\"ListItem\",\"position\":1,\"name\":\"Home\",\"item\":\"https:\/\/swimchannel.net\/br\/\"},{\"@type\":\"ListItem\",\"position\":2,\"name\":\"Dupla do GNU abre Circuito Viva RS com vit\u00f3ria\"}]},{\"@type\":\"WebSite\",\"@id\":\"https:\/\/swimchannel.net\/br\/#website\",\"url\":\"https:\/\/swimchannel.net\/br\/\",\"name\":\"Swimchannel\",\"description\":\"Maior portal de nata\u00e7\u00e3o da america latina\",\"publisher\":{\"@id\":\"https:\/\/swimchannel.net\/br\/#organization\"},\"potentialAction\":[{\"@type\":\"SearchAction\",\"target\":{\"@type\":\"EntryPoint\",\"urlTemplate\":\"https:\/\/swimchannel.net\/br\/?s={search_term_string}\"},\"query-input\":{\"@type\":\"PropertyValueSpecification\",\"valueRequired\":true,\"valueName\":\"search_term_string\"}}],\"inLanguage\":\"pt-BR\"},{\"@type\":\"Organization\",\"@id\":\"https:\/\/swimchannel.net\/br\/#organization\",\"name\":\"Swimchannel - Conectando voc\u00ea a Nata\u00e7\u00e3o\",\"url\":\"https:\/\/swimchannel.net\/br\/\",\"logo\":{\"@type\":\"ImageObject\",\"inLanguage\":\"pt-BR\",\"@id\":\"https:\/\/swimchannel.net\/br\/#\/schema\/logo\/image\/\",\"url\":\"https:\/\/swimchannel.net\/br\/wp-content\/uploads\/2026\/02\/SWIM-CHANNEL.png\",\"contentUrl\":\"https:\/\/swimchannel.net\/br\/wp-content\/uploads\/2026\/02\/SWIM-CHANNEL.png\",\"width\":1120,\"height\":630,\"caption\":\"Swimchannel - Conectando voc\u00ea a Nata\u00e7\u00e3o\"},\"image\":{\"@id\":\"https:\/\/swimchannel.net\/br\/#\/schema\/logo\/image\/\"},\"sameAs\":[\"https:\/\/www.facebook.com\/swimchannel\",\"https:\/\/www.instagram.com\/swimchannel\"]},{\"@type\":\"Person\",\"@id\":\"https:\/\/swimchannel.net\/br\/#\/schema\/person\/aa2a63bab3275f53749a83276b213c48\",\"name\":\"Guilherme Freitas\",\"image\":{\"@type\":\"ImageObject\",\"inLanguage\":\"pt-BR\",\"@id\":\"https:\/\/swimchannel.net\/br\/#\/schema\/person\/image\/\",\"url\":\"https:\/\/swimchannel.net\/br\/wp-content\/uploads\/2025\/10\/gui22-193x180.png\",\"contentUrl\":\"https:\/\/swimchannel.net\/br\/wp-content\/uploads\/2025\/10\/gui22-193x180.png\",\"caption\":\"Guilherme Freitas\"},\"description\":\"Jornalista s\u00eanior da SWIM CHANNEL, ex-correspondente da FINA no Brasil e pesquisador acad\u00eamico.\",\"sameAs\":[\"instagram.com\/guifreitas86\"],\"url\":\"https:\/\/swimchannel.net\/br\/author\/guilherme-freitas\/\"}]}<\/script>\n<!-- \/ Yoast SEO plugin. -->","yoast_head_json":{"title":"Dupla do GNU abre Circuito Viva RS com vit\u00f3ria - Swimchannel","description":"Betina Lorscheitter e Matheus Evangelista venceram na prova Desafio, a principal do evento, e come\u00e7am a temporada 2018\/19 na frente","robots":{"index":"index","follow":"follow","max-snippet":"max-snippet:-1","max-image-preview":"max-image-preview:large","max-video-preview":"max-video-preview:-1"},"canonical":"https:\/\/swimchannel.net\/br\/dupla-do-gnu-abre-circuito-viva-rs-com-vitoria\/","og_locale":"pt_BR","og_type":"article","og_title":"Dupla do GNU abre Circuito Viva RS com vit\u00f3ria - Swimchannel","og_description":"Betina Lorscheitter e Matheus Evangelista venceram na prova Desafio, a principal do evento, e come\u00e7am a temporada 2018\/19 na frente","og_url":"https:\/\/swimchannel.net\/br\/dupla-do-gnu-abre-circuito-viva-rs-com-vitoria\/","og_site_name":"Swimchannel","article_publisher":"https:\/\/www.facebook.com\/swimchannel","article_published_time":"2018-09-18T03:21:31+00:00","article_modified_time":"2018-09-19T03:55:14+00:00","og_image":[{"width":1200,"height":675,"url":"https:\/\/swimchannel.net\/br\/wp-content\/uploads\/2018\/03\/betina0.jpg","type":"image\/jpeg"}],"author":"Guilherme Freitas","twitter_card":"summary_large_image","twitter_misc":{"Escrito por":"Guilherme Freitas","Est. tempo de leitura":"3 minutos"},"schema":{"@context":"https:\/\/schema.org","@graph":[{"@type":"Article","@id":"https:\/\/swimchannel.net\/br\/dupla-do-gnu-abre-circuito-viva-rs-com-vitoria\/#article","isPartOf":{"@id":"https:\/\/swimchannel.net\/br\/dupla-do-gnu-abre-circuito-viva-rs-com-vitoria\/"},"author":{"name":"Guilherme Freitas","@id":"https:\/\/swimchannel.net\/br\/#\/schema\/person\/aa2a63bab3275f53749a83276b213c48"},"headline":"Dupla do GNU abre Circuito Viva RS com vit\u00f3ria","datePublished":"2018-09-18T03:21:31+00:00","dateModified":"2018-09-19T03:55:14+00:00","mainEntityOfPage":{"@id":"https:\/\/swimchannel.net\/br\/dupla-do-gnu-abre-circuito-viva-rs-com-vitoria\/"},"wordCount":623,"commentCount":0,"publisher":{"@id":"https:\/\/swimchannel.net\/br\/#organization"},"image":{"@id":"https:\/\/swimchannel.net\/br\/dupla-do-gnu-abre-circuito-viva-rs-com-vitoria\/#primaryimage"},"thumbnailUrl":"https:\/\/swimchannel.net\/br\/wp-content\/uploads\/2018\/03\/betina0.jpg","keywords":["\u00c1guas abertas","Arambar\u00e9","Betina Lorscheitter","Circuito VIVA RS","Mais Travessias","Matheus Evangelista","natacao"],"articleSection":["\u00c1guas Abertas"],"inLanguage":"pt-BR","potentialAction":[{"@type":"CommentAction","name":"Comment","target":["https:\/\/swimchannel.net\/br\/dupla-do-gnu-abre-circuito-viva-rs-com-vitoria\/#respond"]}]},{"@type":"WebPage","@id":"https:\/\/swimchannel.net\/br\/dupla-do-gnu-abre-circuito-viva-rs-com-vitoria\/","url":"https:\/\/swimchannel.net\/br\/dupla-do-gnu-abre-circuito-viva-rs-com-vitoria\/","name":"Dupla do GNU abre Circuito Viva RS com vit\u00f3ria - Swimchannel","isPartOf":{"@id":"https:\/\/swimchannel.net\/br\/#website"},"primaryImageOfPage":{"@id":"https:\/\/swimchannel.net\/br\/dupla-do-gnu-abre-circuito-viva-rs-com-vitoria\/#primaryimage"},"image":{"@id":"https:\/\/swimchannel.net\/br\/dupla-do-gnu-abre-circuito-viva-rs-com-vitoria\/#primaryimage"},"thumbnailUrl":"https:\/\/swimchannel.net\/br\/wp-content\/uploads\/2018\/03\/betina0.jpg","datePublished":"2018-09-18T03:21:31+00:00","dateModified":"2018-09-19T03:55:14+00:00","description":"Betina Lorscheitter e Matheus Evangelista venceram na prova Desafio, a principal do evento, e come\u00e7am a temporada 2018\/19 na frente","breadcrumb":{"@id":"https:\/\/swimchannel.net\/br\/dupla-do-gnu-abre-circuito-viva-rs-com-vitoria\/#breadcrumb"},"inLanguage":"pt-BR","potentialAction":[{"@type":"ReadAction","target":["https:\/\/swimchannel.net\/br\/dupla-do-gnu-abre-circuito-viva-rs-com-vitoria\/"]}]},{"@type":"ImageObject","inLanguage":"pt-BR","@id":"https:\/\/swimchannel.net\/br\/dupla-do-gnu-abre-circuito-viva-rs-com-vitoria\/#primaryimage","url":"https:\/\/swimchannel.net\/br\/wp-content\/uploads\/2018\/03\/betina0.jpg","contentUrl":"https:\/\/swimchannel.net\/br\/wp-content\/uploads\/2018\/03\/betina0.jpg","width":1200,"height":675,"caption":"Betina Lorscheitter - Foto: Satiro Sodr\u00e9\/SSPress"},{"@type":"BreadcrumbList","@id":"https:\/\/swimchannel.net\/br\/dupla-do-gnu-abre-circuito-viva-rs-com-vitoria\/#breadcrumb","itemListElement":[{"@type":"ListItem","position":1,"name":"Home","item":"https:\/\/swimchannel.net\/br\/"},{"@type":"ListItem","position":2,"name":"Dupla do GNU abre Circuito Viva RS com vit\u00f3ria"}]},{"@type":"WebSite","@id":"https:\/\/swimchannel.net\/br\/#website","url":"https:\/\/swimchannel.net\/br\/","name":"Swimchannel","description":"Maior portal de nata\u00e7\u00e3o da america latina","publisher":{"@id":"https:\/\/swimchannel.net\/br\/#organization"},"potentialAction":[{"@type":"SearchAction","target":{"@type":"EntryPoint","urlTemplate":"https:\/\/swimchannel.net\/br\/?s={search_term_string}"},"query-input":{"@type":"PropertyValueSpecification","valueRequired":true,"valueName":"search_term_string"}}],"inLanguage":"pt-BR"},{"@type":"Organization","@id":"https:\/\/swimchannel.net\/br\/#organization","name":"Swimchannel - Conectando voc\u00ea a Nata\u00e7\u00e3o","url":"https:\/\/swimchannel.net\/br\/","logo":{"@type":"ImageObject","inLanguage":"pt-BR","@id":"https:\/\/swimchannel.net\/br\/#\/schema\/logo\/image\/","url":"https:\/\/swimchannel.net\/br\/wp-content\/uploads\/2026\/02\/SWIM-CHANNEL.png","contentUrl":"https:\/\/swimchannel.net\/br\/wp-content\/uploads\/2026\/02\/SWIM-CHANNEL.png","width":1120,"height":630,"caption":"Swimchannel - Conectando voc\u00ea a Nata\u00e7\u00e3o"},"image":{"@id":"https:\/\/swimchannel.net\/br\/#\/schema\/logo\/image\/"},"sameAs":["https:\/\/www.facebook.com\/swimchannel","https:\/\/www.instagram.com\/swimchannel"]},{"@type":"Person","@id":"https:\/\/swimchannel.net\/br\/#\/schema\/person\/aa2a63bab3275f53749a83276b213c48","name":"Guilherme Freitas","image":{"@type":"ImageObject","inLanguage":"pt-BR","@id":"https:\/\/swimchannel.net\/br\/#\/schema\/person\/image\/","url":"https:\/\/swimchannel.net\/br\/wp-content\/uploads\/2025\/10\/gui22-193x180.png","contentUrl":"https:\/\/swimchannel.net\/br\/wp-content\/uploads\/2025\/10\/gui22-193x180.png","caption":"Guilherme Freitas"},"description":"Jornalista s\u00eanior da SWIM CHANNEL, ex-correspondente da FINA no Brasil e pesquisador acad\u00eamico.","sameAs":["instagram.com\/guifreitas86"],"url":"https:\/\/swimchannel.net\/br\/author\/guilherme-freitas\/"}]}},"_links":{"self":[{"href":"https:\/\/swimchannel.net\/br\/wp-json\/wp\/v2\/posts\/11761","targetHints":{"allow":["GET"]}}],"collection":[{"href":"https:\/\/swimchannel.net\/br\/wp-json\/wp\/v2\/posts"}],"about":[{"href":"https:\/\/swimchannel.net\/br\/wp-json\/wp\/v2\/types\/post"}],"author":[{"embeddable":true,"href":"https:\/\/swimchannel.net\/br\/wp-json\/wp\/v2\/users\/3"}],"replies":[{"embeddable":true,"href":"https:\/\/swimchannel.net\/br\/wp-json\/wp\/v2\/comments?post=11761"}],"version-history":[{"count":0,"href":"https:\/\/swimchannel.net\/br\/wp-json\/wp\/v2\/posts\/11761\/revisions"}],"wp:featuredmedia":[{"embeddable":true,"href":"https:\/\/swimchannel.net\/br\/wp-json\/wp\/v2\/media\/7965"}],"wp:attachment":[{"href":"https:\/\/swimchannel.net\/br\/wp-json\/wp\/v2\/media?parent=11761"}],"wp:term":[{"taxonomy":"category","embeddable":true,"href":"https:\/\/swimchannel.net\/br\/wp-json\/wp\/v2\/categories?post=11761"},{"taxonomy":"post_tag","embeddable":true,"href":"https:\/\/swimchannel.net\/br\/wp-json\/wp\/v2\/tags?post=11761"}],"curies":[{"name":"wp","href":"https:\/\/api.w.org\/{rel}","templated":true}]}}