{"id":11781,"date":"2018-09-18T15:47:38","date_gmt":"2018-09-18T15:47:38","guid":{"rendered":"https:\/\/swimchannel.flywheelsites.com\/?p=11781"},"modified":"2018-09-25T19:31:32","modified_gmt":"2018-09-25T19:31:32","slug":"rei-e-rainha-do-mar-salvador-tem-presenca-de-medalhistas-olimpicos","status":"publish","type":"post","link":"https:\/\/swimchannel.net\/br\/rei-e-rainha-do-mar-salvador-tem-presenca-de-medalhistas-olimpicos\/","title":{"rendered":"Rei e Rainha do Mar em Salvador tem presen\u00e7a de medalhistas ol\u00edmpicos"},"content":{"rendered":"<p>No \u00faltimo domingo (16) foi realizada a terceira etapa do Rei e Rainha do Mar na Praia de S\u00e3o Tom\u00e9 do Paripe, em Salvador. Com a inclus\u00e3o do paddleboard (9km) e pela segunda vez sendo realizada na cidade, o evento reuniu as principais modalidades aqu\u00e1ticas do pa\u00eds em uma competi\u00e7\u00e3o eletrizante.<\/p>\n<p><a href=\"https:\/\/swimchannel.net\/br\/atleta\/poliana-okimoto\/\">Poliana Okimoto<\/a>, primeira mulher brasileira medalhista ol\u00edmpica de nata\u00e7\u00e3o, marcou presen\u00e7a na competi\u00e7\u00e3o e venceu mais uma vez o Beach Biathlon (com 1 km de nata\u00e7\u00e3o e mais 2 km de corrida na areia). Ela j\u00e1 havia triunfado nas etapas de Florian\u00f3polis e Bras\u00edlia. A medalhista ol\u00edmpica \u00e9 a l\u00edder do ranking nessa modalidade e levou com o tempo de\u00a025min59s. Isaquias Queiroz, tamb\u00e9m medalhista ol\u00edmpico, participou da prova de Stand Up Paddle que valeu como etapa do Campeonato Baiano. Al\u00e9m deles, <a href=\"https:\/\/swimchannel.net\/br\/atleta\/edvaldo-valerio\/\">Edvaldo Val\u00e9rio<\/a>, medalhista de bronze com o revezamento 4x100m livre em Sydney-2000 prestigiou o evento.\u00a0Os atletas deram aut\u00f3grafos ao final da competi\u00e7\u00e3o.<\/p>\n<p>O evento, organizado pela Effect Sports, contou tamb\u00e9m com as provas de\u00a0Beach Run\u00a0 (4 km de corrida na areia) e com tr\u00eas dist\u00e2ncias nas provas de \u00e1guas abertas: Sprint (1 km), Classic (2 km) e Challenge (4 km). O Challenge foi vencido no masculino por Lucca Piloto Bastos com o tempo de 48min51s. Em segundo lugar veio Renan Barbosa, apenas tr\u00eas cent\u00e9simos atr\u00e1s com 48min54s. O terceiro lugar ficou com Ricardo Parmzan com 49min31s.<\/p>\n<div class=\"singlepost-gallery\">\n<div class=\"singlepost-gallery-carousel owl-carousel owl-loaded owl-drag\" data-owlcarousel-margin=\"20\">\n<div class=\"owl-stage-outer\">\n<div class=\"owl-stage\">\n<div class=\"owl-item active\">\n<div class=\"singlepost-gallery-item\">\n<div id='gallery-1' class='gallery galleryid-11781 gallery-columns-3 gallery-size-thumbnail'><figure class='gallery-item'>\n\t\t\t<div class='gallery-icon landscape'>\n\t\t\t\t<a href='https:\/\/swimchannel.net\/br\/rei-e-rainha-do-mar-salvador-tem-presenca-de-medalhistas-olimpicos\/41876409_1802088026570735_8091047941269094400_o-2\/'><img loading=\"lazy\" decoding=\"async\" width=\"270\" height=\"180\" src=\"https:\/\/swimchannel.net\/br\/wp-content\/uploads\/2018\/09\/41876409_1802088026570735_8091047941269094400_o-1.jpg\" class=\"attachment-thumbnail size-thumbnail\" alt=\"\" aria-describedby=\"gallery-1-11803\" srcset=\"https:\/\/swimchannel.net\/br\/wp-content\/uploads\/2018\/09\/41876409_1802088026570735_8091047941269094400_o-1.jpg 1280w, https:\/\/swimchannel.net\/br\/wp-content\/uploads\/2018\/09\/41876409_1802088026570735_8091047941269094400_o-1-600x400.jpg 600w\" sizes=\"auto, (max-width: 270px) 100vw, 270px\" \/><\/a>\n\t\t\t<\/div>\n\t\t\t\t<figcaption class='wp-caption-text gallery-caption' id='gallery-1-11803'>\n\t\t\t\tRei e Rainha do Mar Salvador tem presen\u00e7a de medalhistas ol\u00edmpicos. Foto: Divulga\u00e7\u00e3o \n\t\t\t\t<\/figcaption><\/figure><figure class='gallery-item'>\n\t\t\t<div class='gallery-icon landscape'>\n\t\t\t\t<a href='https:\/\/swimchannel.net\/br\/rei-e-rainha-do-mar-salvador-tem-presenca-de-medalhistas-olimpicos\/41794954_1802087283237476_1711487954276319232_o\/'><img loading=\"lazy\" decoding=\"async\" width=\"270\" height=\"180\" src=\"https:\/\/swimchannel.net\/br\/wp-content\/uploads\/2018\/09\/41794954_1802087283237476_1711487954276319232_o.jpg\" class=\"attachment-thumbnail size-thumbnail\" alt=\"\" aria-describedby=\"gallery-1-11802\" srcset=\"https:\/\/swimchannel.net\/br\/wp-content\/uploads\/2018\/09\/41794954_1802087283237476_1711487954276319232_o.jpg 1280w, https:\/\/swimchannel.net\/br\/wp-content\/uploads\/2018\/09\/41794954_1802087283237476_1711487954276319232_o-600x400.jpg 600w\" sizes=\"auto, (max-width: 270px) 100vw, 270px\" \/><\/a>\n\t\t\t<\/div>\n\t\t\t\t<figcaption class='wp-caption-text gallery-caption' id='gallery-1-11802'>\n\t\t\t\tRei e Rainha do Mar Salvador tem presen\u00e7a de medalhistas ol\u00edmpicos. Foto: Divulga\u00e7\u00e3o \n\t\t\t\t<\/figcaption><\/figure><figure class='gallery-item'>\n\t\t\t<div class='gallery-icon landscape'>\n\t\t\t\t<a href='https:\/\/swimchannel.net\/br\/rei-e-rainha-do-mar-salvador-tem-presenca-de-medalhistas-olimpicos\/41925153_1802088069904064_7923708301655670784_o\/'><img loading=\"lazy\" decoding=\"async\" width=\"270\" height=\"180\" src=\"https:\/\/swimchannel.net\/br\/wp-content\/uploads\/2018\/09\/41925153_1802088069904064_7923708301655670784_o.jpg\" class=\"attachment-thumbnail size-thumbnail\" alt=\"\" aria-describedby=\"gallery-1-11801\" srcset=\"https:\/\/swimchannel.net\/br\/wp-content\/uploads\/2018\/09\/41925153_1802088069904064_7923708301655670784_o.jpg 1280w, https:\/\/swimchannel.net\/br\/wp-content\/uploads\/2018\/09\/41925153_1802088069904064_7923708301655670784_o-600x400.jpg 600w\" sizes=\"auto, (max-width: 270px) 100vw, 270px\" \/><\/a>\n\t\t\t<\/div>\n\t\t\t\t<figcaption class='wp-caption-text gallery-caption' id='gallery-1-11801'>\n\t\t\t\tRei e Rainha do Mar Salvador tem presen\u00e7a de medalhistas ol\u00edmpicos. Foto: Divulga\u00e7\u00e3o \n\t\t\t\t<\/figcaption><\/figure><figure class='gallery-item'>\n\t\t\t<div class='gallery-icon landscape'>\n\t\t\t\t<a href='https:\/\/swimchannel.net\/br\/rei-e-rainha-do-mar-salvador-tem-presenca-de-medalhistas-olimpicos\/41974155_1804334666346071_956142673087954944_o\/'><img loading=\"lazy\" decoding=\"async\" width=\"270\" height=\"180\" src=\"https:\/\/swimchannel.net\/br\/wp-content\/uploads\/2018\/09\/41974155_1804334666346071_956142673087954944_o.jpg\" class=\"attachment-thumbnail size-thumbnail\" alt=\"\" aria-describedby=\"gallery-1-11799\" srcset=\"https:\/\/swimchannel.net\/br\/wp-content\/uploads\/2018\/09\/41974155_1804334666346071_956142673087954944_o.jpg 1280w, https:\/\/swimchannel.net\/br\/wp-content\/uploads\/2018\/09\/41974155_1804334666346071_956142673087954944_o-600x400.jpg 600w\" sizes=\"auto, (max-width: 270px) 100vw, 270px\" \/><\/a>\n\t\t\t<\/div>\n\t\t\t\t<figcaption class='wp-caption-text gallery-caption' id='gallery-1-11799'>\n\t\t\t\tRei e Rainha do Mar Salvador tem presen\u00e7a de medalhistas ol\u00edmpicos. Foto: Divulga\u00e7\u00e3o \n\t\t\t\t<\/figcaption><\/figure>\n\t\t<\/div>\n\n<\/div>\n<\/div>\n<\/div>\n<\/div>\n<\/div>\n<\/div>\n<p>Na prova feminina Aricia Peree da ACEB venceu com o tempo de 50min30s. O segundo lugar ficou com Eduarda Santos e o terceiro com Jacina Serra com 54min37s e 56min44s respectivamente. As crian\u00e7as tamb\u00e9m participaram da etapa com as provas de corrida kids (100m, 300m ou 600m de corrida na areia de 5 a 13 anos), nata\u00e7\u00e3o kids (200m ou 400m de 9 a 13 anos) e SUP Kids com idade at\u00e9 12 anos e dist\u00e2ncia de 400m.<\/p>\n<p>Veja os resultados completos <a href=\"http:\/\/brlive.info\/brlive\/brlive-rrm.html?f=resultados\/bsb\/bsb.reierainhadomarssa.16092018.clax\">AQUI<\/a>. Para mais informa\u00e7\u00f5es sobre essa e as demais etapas veja no site oficial\u00a0<a href=\"http:\/\/reierainhadomar.com.br\/etapas-ativas\/2018-3\/\">AQUI<\/a>. A pr\u00f3xima edi\u00e7\u00e3o da competi\u00e7\u00e3o ser\u00e1 realizada em Ubatuba no dia 11 de novembro e a \u00faltima do ano em Copacabana, no Rio de Janeiro, nos dias 22 e 23 de dezembro.<\/p>\n","protected":false},"excerpt":{"rendered":"<p>No \u00faltimo domingo (16) foi realizada a terceira etapa do Rei e Rainha do Mar na Praia de S\u00e3o Tom\u00e9 do Paripe, em Salvador. Com a inclus\u00e3o do paddleboard (9km) e pela segunda vez sendo realizada na cidade, o evento reuniu as principais modalidades aqu\u00e1ticas do pa\u00eds em uma competi\u00e7\u00e3o eletrizante. Poliana Okimoto, primeira mulher [&hellip;]<\/p>\n","protected":false},"author":9,"featured_media":11813,"comment_status":"open","ping_status":"open","sticky":false,"template":"","format":"standard","meta":{"footnotes":""},"categories":[1],"tags":[14,696,1487,5,46,202],"class_list":["post-11781","post","type-post","status-publish","format-standard","has-post-thumbnail","hentry","category-sem-categoria","tag-aguas-abertas","tag-edvaldo-valerio","tag-isaquias-queiroz","tag-natacao","tag-poliana-okimoto","tag-rei-e-rainha-do-mar"],"yoast_head":"<!-- This site is optimized with the Yoast SEO plugin v27.0 - https:\/\/yoast.com\/product\/yoast-seo-wordpress\/ -->\n<title>Rei e Rainha do Mar em Salvador tem presen\u00e7a de medalhistas ol\u00edmpicos - Swimchannel<\/title>\n<meta name=\"description\" content=\"Competi\u00e7\u00e3o foi realizada no \u00faltimo domingo (16) na Praia de S\u00e3o Tom\u00e9 do Paripe e contou com a presen\u00e7a de Poliana Okimoto, Edvaldo Val\u00e9rio e Isaquias Queiroz\" \/>\n<meta name=\"robots\" content=\"index, follow, max-snippet:-1, max-image-preview:large, max-video-preview:-1\" \/>\n<link rel=\"canonical\" href=\"https:\/\/swimchannel.net\/br\/rei-e-rainha-do-mar-salvador-tem-presenca-de-medalhistas-olimpicos\/\" \/>\n<meta property=\"og:locale\" content=\"pt_BR\" \/>\n<meta property=\"og:type\" content=\"article\" \/>\n<meta property=\"og:title\" content=\"Rei e Rainha do Mar em Salvador tem presen\u00e7a de medalhistas ol\u00edmpicos - Swimchannel\" \/>\n<meta property=\"og:description\" content=\"Competi\u00e7\u00e3o foi realizada no \u00faltimo domingo (16) na Praia de S\u00e3o Tom\u00e9 do Paripe e contou com a presen\u00e7a de Poliana Okimoto, Edvaldo Val\u00e9rio e Isaquias Queiroz\" \/>\n<meta property=\"og:url\" content=\"https:\/\/swimchannel.net\/br\/rei-e-rainha-do-mar-salvador-tem-presenca-de-medalhistas-olimpicos\/\" \/>\n<meta property=\"og:site_name\" content=\"Swimchannel\" \/>\n<meta property=\"article:publisher\" content=\"https:\/\/www.facebook.com\/swimchannel\" \/>\n<meta property=\"article:published_time\" content=\"2018-09-18T15:47:38+00:00\" \/>\n<meta property=\"article:modified_time\" content=\"2018-09-25T19:31:32+00:00\" \/>\n<meta property=\"og:image\" content=\"https:\/\/swimchannel.net\/br\/wp-content\/uploads\/2018\/09\/poliana-salvador.jpg\" \/>\n\t<meta property=\"og:image:width\" content=\"1200\" \/>\n\t<meta property=\"og:image:height\" content=\"675\" \/>\n\t<meta property=\"og:image:type\" content=\"image\/jpeg\" \/>\n<meta name=\"author\" content=\"Katarine Monteiro\" \/>\n<meta name=\"twitter:card\" content=\"summary_large_image\" \/>\n<meta name=\"twitter:creator\" content=\"@https:\/\/twitter.com\/Katarinem\" \/>\n<meta name=\"twitter:label1\" content=\"Escrito por\" \/>\n\t<meta name=\"twitter:data1\" content=\"Katarine Monteiro\" \/>\n\t<meta name=\"twitter:label2\" content=\"Est. tempo de leitura\" \/>\n\t<meta name=\"twitter:data2\" content=\"2 minutos\" \/>\n<script type=\"application\/ld+json\" class=\"yoast-schema-graph\">{\"@context\":\"https:\/\/schema.org\",\"@graph\":[{\"@type\":\"Article\",\"@id\":\"https:\/\/swimchannel.net\/br\/rei-e-rainha-do-mar-salvador-tem-presenca-de-medalhistas-olimpicos\/#article\",\"isPartOf\":{\"@id\":\"https:\/\/swimchannel.net\/br\/rei-e-rainha-do-mar-salvador-tem-presenca-de-medalhistas-olimpicos\/\"},\"author\":{\"name\":\"Katarine Monteiro\",\"@id\":\"https:\/\/swimchannel.net\/br\/#\/schema\/person\/73ae9cec62249968bca1f0a8098ef002\"},\"headline\":\"Rei e Rainha do Mar em Salvador tem presen\u00e7a de medalhistas ol\u00edmpicos\",\"datePublished\":\"2018-09-18T15:47:38+00:00\",\"dateModified\":\"2018-09-25T19:31:32+00:00\",\"mainEntityOfPage\":{\"@id\":\"https:\/\/swimchannel.net\/br\/rei-e-rainha-do-mar-salvador-tem-presenca-de-medalhistas-olimpicos\/\"},\"wordCount\":402,\"commentCount\":0,\"publisher\":{\"@id\":\"https:\/\/swimchannel.net\/br\/#organization\"},\"image\":{\"@id\":\"https:\/\/swimchannel.net\/br\/rei-e-rainha-do-mar-salvador-tem-presenca-de-medalhistas-olimpicos\/#primaryimage\"},\"thumbnailUrl\":\"https:\/\/swimchannel.net\/br\/wp-content\/uploads\/2018\/09\/poliana-salvador.jpg\",\"keywords\":[\"\u00c1guas abertas\",\"Edvaldo Val\u00e9rio\",\"Isaquias Queiroz\",\"natacao\",\"Poliana Okimoto\",\"Rei e Rainha do Mar\"],\"inLanguage\":\"pt-BR\",\"potentialAction\":[{\"@type\":\"CommentAction\",\"name\":\"Comment\",\"target\":[\"https:\/\/swimchannel.net\/br\/rei-e-rainha-do-mar-salvador-tem-presenca-de-medalhistas-olimpicos\/#respond\"]}]},{\"@type\":\"WebPage\",\"@id\":\"https:\/\/swimchannel.net\/br\/rei-e-rainha-do-mar-salvador-tem-presenca-de-medalhistas-olimpicos\/\",\"url\":\"https:\/\/swimchannel.net\/br\/rei-e-rainha-do-mar-salvador-tem-presenca-de-medalhistas-olimpicos\/\",\"name\":\"Rei e Rainha do Mar em Salvador tem presen\u00e7a de medalhistas ol\u00edmpicos - Swimchannel\",\"isPartOf\":{\"@id\":\"https:\/\/swimchannel.net\/br\/#website\"},\"primaryImageOfPage\":{\"@id\":\"https:\/\/swimchannel.net\/br\/rei-e-rainha-do-mar-salvador-tem-presenca-de-medalhistas-olimpicos\/#primaryimage\"},\"image\":{\"@id\":\"https:\/\/swimchannel.net\/br\/rei-e-rainha-do-mar-salvador-tem-presenca-de-medalhistas-olimpicos\/#primaryimage\"},\"thumbnailUrl\":\"https:\/\/swimchannel.net\/br\/wp-content\/uploads\/2018\/09\/poliana-salvador.jpg\",\"datePublished\":\"2018-09-18T15:47:38+00:00\",\"dateModified\":\"2018-09-25T19:31:32+00:00\",\"description\":\"Competi\u00e7\u00e3o foi realizada no \u00faltimo domingo (16) na Praia de S\u00e3o Tom\u00e9 do Paripe e contou com a presen\u00e7a de Poliana Okimoto, Edvaldo Val\u00e9rio e Isaquias Queiroz\",\"breadcrumb\":{\"@id\":\"https:\/\/swimchannel.net\/br\/rei-e-rainha-do-mar-salvador-tem-presenca-de-medalhistas-olimpicos\/#breadcrumb\"},\"inLanguage\":\"pt-BR\",\"potentialAction\":[{\"@type\":\"ReadAction\",\"target\":[\"https:\/\/swimchannel.net\/br\/rei-e-rainha-do-mar-salvador-tem-presenca-de-medalhistas-olimpicos\/\"]}]},{\"@type\":\"ImageObject\",\"inLanguage\":\"pt-BR\",\"@id\":\"https:\/\/swimchannel.net\/br\/rei-e-rainha-do-mar-salvador-tem-presenca-de-medalhistas-olimpicos\/#primaryimage\",\"url\":\"https:\/\/swimchannel.net\/br\/wp-content\/uploads\/2018\/09\/poliana-salvador.jpg\",\"contentUrl\":\"https:\/\/swimchannel.net\/br\/wp-content\/uploads\/2018\/09\/poliana-salvador.jpg\",\"width\":1200,\"height\":675,\"caption\":\"Poliana venceu de novo no Beach Biathlon - Foto: Reprodu\u00e7\u00e3o\/Instagram\"},{\"@type\":\"BreadcrumbList\",\"@id\":\"https:\/\/swimchannel.net\/br\/rei-e-rainha-do-mar-salvador-tem-presenca-de-medalhistas-olimpicos\/#breadcrumb\",\"itemListElement\":[{\"@type\":\"ListItem\",\"position\":1,\"name\":\"Home\",\"item\":\"https:\/\/swimchannel.net\/br\/\"},{\"@type\":\"ListItem\",\"position\":2,\"name\":\"Rei e Rainha do Mar em Salvador tem presen\u00e7a de medalhistas ol\u00edmpicos\"}]},{\"@type\":\"WebSite\",\"@id\":\"https:\/\/swimchannel.net\/br\/#website\",\"url\":\"https:\/\/swimchannel.net\/br\/\",\"name\":\"Swimchannel\",\"description\":\"Maior portal de nata\u00e7\u00e3o da america latina\",\"publisher\":{\"@id\":\"https:\/\/swimchannel.net\/br\/#organization\"},\"potentialAction\":[{\"@type\":\"SearchAction\",\"target\":{\"@type\":\"EntryPoint\",\"urlTemplate\":\"https:\/\/swimchannel.net\/br\/?s={search_term_string}\"},\"query-input\":{\"@type\":\"PropertyValueSpecification\",\"valueRequired\":true,\"valueName\":\"search_term_string\"}}],\"inLanguage\":\"pt-BR\"},{\"@type\":\"Organization\",\"@id\":\"https:\/\/swimchannel.net\/br\/#organization\",\"name\":\"Swimchannel - Conectando voc\u00ea a Nata\u00e7\u00e3o\",\"url\":\"https:\/\/swimchannel.net\/br\/\",\"logo\":{\"@type\":\"ImageObject\",\"inLanguage\":\"pt-BR\",\"@id\":\"https:\/\/swimchannel.net\/br\/#\/schema\/logo\/image\/\",\"url\":\"https:\/\/swimchannel.net\/br\/wp-content\/uploads\/2026\/02\/SWIM-CHANNEL.png\",\"contentUrl\":\"https:\/\/swimchannel.net\/br\/wp-content\/uploads\/2026\/02\/SWIM-CHANNEL.png\",\"width\":1120,\"height\":630,\"caption\":\"Swimchannel - Conectando voc\u00ea a Nata\u00e7\u00e3o\"},\"image\":{\"@id\":\"https:\/\/swimchannel.net\/br\/#\/schema\/logo\/image\/\"},\"sameAs\":[\"https:\/\/www.facebook.com\/swimchannel\",\"https:\/\/www.instagram.com\/swimchannel\"]},{\"@type\":\"Person\",\"@id\":\"https:\/\/swimchannel.net\/br\/#\/schema\/person\/73ae9cec62249968bca1f0a8098ef002\",\"name\":\"Katarine Monteiro\",\"image\":{\"@type\":\"ImageObject\",\"inLanguage\":\"pt-BR\",\"@id\":\"https:\/\/swimchannel.net\/br\/#\/schema\/person\/image\/\",\"url\":\"https:\/\/swimchannel.net\/br\/wp-content\/uploads\/2022\/01\/Katarine-Monteiro-100x100.jpg\",\"contentUrl\":\"https:\/\/swimchannel.net\/br\/wp-content\/uploads\/2022\/01\/Katarine-Monteiro-100x100.jpg\",\"caption\":\"Katarine Monteiro\"},\"description\":\"Jornalista SWIM CHANNEL especializada em esportes ol\u00edmpicos e em sa\u00fade. Com cobertura de grandes eventos internacionais, como Jogos Ol\u00edmpicos Rio 2016, Jogos Pan-Americanos em Lima 2019, Qatar Total Open 2020, Qatar ExxonMobil Open 2019 - t\u00eanis em Doha (QT), Semana Internacional de Vela de Ilhabela, Transat Jacques Vabre 2019 (Fran\u00e7a-Brasil), L'\u00c9tape Brasil by Tour de France, j\u00e1 fez in\u00fameras coberturas de nata\u00e7\u00e3o, maratona aqu\u00e1tica e polo aqu\u00e1tico. Formada tamb\u00e9m em Letras, a jornalista atua como assessora de imprensa, rela\u00e7\u00f5es p\u00fablicas e social media, com especializa\u00e7\u00e3o em marketing esportivo. Nadadora amadora de \u00e1guas abertas, j\u00e1 trabalhou com grandes nomes da nata\u00e7\u00e3o e do polo aqu\u00e1tico brasileiro.\",\"sameAs\":[\"https:\/\/www.instagram.com\/_katarinemonteiro\/\",\"https:\/\/www.linkedin.com\/in\/katarine-monteiro-19385297\/\",\"https:\/\/x.com\/https:\/\/twitter.com\/Katarinem\"],\"url\":\"https:\/\/swimchannel.net\/br\/author\/katarine-monteiro\/\"}]}<\/script>\n<!-- \/ Yoast SEO plugin. -->","yoast_head_json":{"title":"Rei e Rainha do Mar em Salvador tem presen\u00e7a de medalhistas ol\u00edmpicos - Swimchannel","description":"Competi\u00e7\u00e3o foi realizada no \u00faltimo domingo (16) na Praia de S\u00e3o Tom\u00e9 do Paripe e contou com a presen\u00e7a de Poliana Okimoto, Edvaldo Val\u00e9rio e Isaquias Queiroz","robots":{"index":"index","follow":"follow","max-snippet":"max-snippet:-1","max-image-preview":"max-image-preview:large","max-video-preview":"max-video-preview:-1"},"canonical":"https:\/\/swimchannel.net\/br\/rei-e-rainha-do-mar-salvador-tem-presenca-de-medalhistas-olimpicos\/","og_locale":"pt_BR","og_type":"article","og_title":"Rei e Rainha do Mar em Salvador tem presen\u00e7a de medalhistas ol\u00edmpicos - Swimchannel","og_description":"Competi\u00e7\u00e3o foi realizada no \u00faltimo domingo (16) na Praia de S\u00e3o Tom\u00e9 do Paripe e contou com a presen\u00e7a de Poliana Okimoto, Edvaldo Val\u00e9rio e Isaquias Queiroz","og_url":"https:\/\/swimchannel.net\/br\/rei-e-rainha-do-mar-salvador-tem-presenca-de-medalhistas-olimpicos\/","og_site_name":"Swimchannel","article_publisher":"https:\/\/www.facebook.com\/swimchannel","article_published_time":"2018-09-18T15:47:38+00:00","article_modified_time":"2018-09-25T19:31:32+00:00","og_image":[{"width":1200,"height":675,"url":"https:\/\/swimchannel.net\/br\/wp-content\/uploads\/2018\/09\/poliana-salvador.jpg","type":"image\/jpeg"}],"author":"Katarine Monteiro","twitter_card":"summary_large_image","twitter_creator":"@https:\/\/twitter.com\/Katarinem","twitter_misc":{"Escrito por":"Katarine Monteiro","Est. tempo de leitura":"2 minutos"},"schema":{"@context":"https:\/\/schema.org","@graph":[{"@type":"Article","@id":"https:\/\/swimchannel.net\/br\/rei-e-rainha-do-mar-salvador-tem-presenca-de-medalhistas-olimpicos\/#article","isPartOf":{"@id":"https:\/\/swimchannel.net\/br\/rei-e-rainha-do-mar-salvador-tem-presenca-de-medalhistas-olimpicos\/"},"author":{"name":"Katarine Monteiro","@id":"https:\/\/swimchannel.net\/br\/#\/schema\/person\/73ae9cec62249968bca1f0a8098ef002"},"headline":"Rei e Rainha do Mar em Salvador tem presen\u00e7a de medalhistas ol\u00edmpicos","datePublished":"2018-09-18T15:47:38+00:00","dateModified":"2018-09-25T19:31:32+00:00","mainEntityOfPage":{"@id":"https:\/\/swimchannel.net\/br\/rei-e-rainha-do-mar-salvador-tem-presenca-de-medalhistas-olimpicos\/"},"wordCount":402,"commentCount":0,"publisher":{"@id":"https:\/\/swimchannel.net\/br\/#organization"},"image":{"@id":"https:\/\/swimchannel.net\/br\/rei-e-rainha-do-mar-salvador-tem-presenca-de-medalhistas-olimpicos\/#primaryimage"},"thumbnailUrl":"https:\/\/swimchannel.net\/br\/wp-content\/uploads\/2018\/09\/poliana-salvador.jpg","keywords":["\u00c1guas abertas","Edvaldo Val\u00e9rio","Isaquias Queiroz","natacao","Poliana Okimoto","Rei e Rainha do Mar"],"inLanguage":"pt-BR","potentialAction":[{"@type":"CommentAction","name":"Comment","target":["https:\/\/swimchannel.net\/br\/rei-e-rainha-do-mar-salvador-tem-presenca-de-medalhistas-olimpicos\/#respond"]}]},{"@type":"WebPage","@id":"https:\/\/swimchannel.net\/br\/rei-e-rainha-do-mar-salvador-tem-presenca-de-medalhistas-olimpicos\/","url":"https:\/\/swimchannel.net\/br\/rei-e-rainha-do-mar-salvador-tem-presenca-de-medalhistas-olimpicos\/","name":"Rei e Rainha do Mar em Salvador tem presen\u00e7a de medalhistas ol\u00edmpicos - Swimchannel","isPartOf":{"@id":"https:\/\/swimchannel.net\/br\/#website"},"primaryImageOfPage":{"@id":"https:\/\/swimchannel.net\/br\/rei-e-rainha-do-mar-salvador-tem-presenca-de-medalhistas-olimpicos\/#primaryimage"},"image":{"@id":"https:\/\/swimchannel.net\/br\/rei-e-rainha-do-mar-salvador-tem-presenca-de-medalhistas-olimpicos\/#primaryimage"},"thumbnailUrl":"https:\/\/swimchannel.net\/br\/wp-content\/uploads\/2018\/09\/poliana-salvador.jpg","datePublished":"2018-09-18T15:47:38+00:00","dateModified":"2018-09-25T19:31:32+00:00","description":"Competi\u00e7\u00e3o foi realizada no \u00faltimo domingo (16) na Praia de S\u00e3o Tom\u00e9 do Paripe e contou com a presen\u00e7a de Poliana Okimoto, Edvaldo Val\u00e9rio e Isaquias Queiroz","breadcrumb":{"@id":"https:\/\/swimchannel.net\/br\/rei-e-rainha-do-mar-salvador-tem-presenca-de-medalhistas-olimpicos\/#breadcrumb"},"inLanguage":"pt-BR","potentialAction":[{"@type":"ReadAction","target":["https:\/\/swimchannel.net\/br\/rei-e-rainha-do-mar-salvador-tem-presenca-de-medalhistas-olimpicos\/"]}]},{"@type":"ImageObject","inLanguage":"pt-BR","@id":"https:\/\/swimchannel.net\/br\/rei-e-rainha-do-mar-salvador-tem-presenca-de-medalhistas-olimpicos\/#primaryimage","url":"https:\/\/swimchannel.net\/br\/wp-content\/uploads\/2018\/09\/poliana-salvador.jpg","contentUrl":"https:\/\/swimchannel.net\/br\/wp-content\/uploads\/2018\/09\/poliana-salvador.jpg","width":1200,"height":675,"caption":"Poliana venceu de novo no Beach Biathlon - Foto: Reprodu\u00e7\u00e3o\/Instagram"},{"@type":"BreadcrumbList","@id":"https:\/\/swimchannel.net\/br\/rei-e-rainha-do-mar-salvador-tem-presenca-de-medalhistas-olimpicos\/#breadcrumb","itemListElement":[{"@type":"ListItem","position":1,"name":"Home","item":"https:\/\/swimchannel.net\/br\/"},{"@type":"ListItem","position":2,"name":"Rei e Rainha do Mar em Salvador tem presen\u00e7a de medalhistas ol\u00edmpicos"}]},{"@type":"WebSite","@id":"https:\/\/swimchannel.net\/br\/#website","url":"https:\/\/swimchannel.net\/br\/","name":"Swimchannel","description":"Maior portal de nata\u00e7\u00e3o da america latina","publisher":{"@id":"https:\/\/swimchannel.net\/br\/#organization"},"potentialAction":[{"@type":"SearchAction","target":{"@type":"EntryPoint","urlTemplate":"https:\/\/swimchannel.net\/br\/?s={search_term_string}"},"query-input":{"@type":"PropertyValueSpecification","valueRequired":true,"valueName":"search_term_string"}}],"inLanguage":"pt-BR"},{"@type":"Organization","@id":"https:\/\/swimchannel.net\/br\/#organization","name":"Swimchannel - Conectando voc\u00ea a Nata\u00e7\u00e3o","url":"https:\/\/swimchannel.net\/br\/","logo":{"@type":"ImageObject","inLanguage":"pt-BR","@id":"https:\/\/swimchannel.net\/br\/#\/schema\/logo\/image\/","url":"https:\/\/swimchannel.net\/br\/wp-content\/uploads\/2026\/02\/SWIM-CHANNEL.png","contentUrl":"https:\/\/swimchannel.net\/br\/wp-content\/uploads\/2026\/02\/SWIM-CHANNEL.png","width":1120,"height":630,"caption":"Swimchannel - Conectando voc\u00ea a Nata\u00e7\u00e3o"},"image":{"@id":"https:\/\/swimchannel.net\/br\/#\/schema\/logo\/image\/"},"sameAs":["https:\/\/www.facebook.com\/swimchannel","https:\/\/www.instagram.com\/swimchannel"]},{"@type":"Person","@id":"https:\/\/swimchannel.net\/br\/#\/schema\/person\/73ae9cec62249968bca1f0a8098ef002","name":"Katarine Monteiro","image":{"@type":"ImageObject","inLanguage":"pt-BR","@id":"https:\/\/swimchannel.net\/br\/#\/schema\/person\/image\/","url":"https:\/\/swimchannel.net\/br\/wp-content\/uploads\/2022\/01\/Katarine-Monteiro-100x100.jpg","contentUrl":"https:\/\/swimchannel.net\/br\/wp-content\/uploads\/2022\/01\/Katarine-Monteiro-100x100.jpg","caption":"Katarine Monteiro"},"description":"Jornalista SWIM CHANNEL especializada em esportes ol\u00edmpicos e em sa\u00fade. Com cobertura de grandes eventos internacionais, como Jogos Ol\u00edmpicos Rio 2016, Jogos Pan-Americanos em Lima 2019, Qatar Total Open 2020, Qatar ExxonMobil Open 2019 - t\u00eanis em Doha (QT), Semana Internacional de Vela de Ilhabela, Transat Jacques Vabre 2019 (Fran\u00e7a-Brasil), L'\u00c9tape Brasil by Tour de France, j\u00e1 fez in\u00fameras coberturas de nata\u00e7\u00e3o, maratona aqu\u00e1tica e polo aqu\u00e1tico. Formada tamb\u00e9m em Letras, a jornalista atua como assessora de imprensa, rela\u00e7\u00f5es p\u00fablicas e social media, com especializa\u00e7\u00e3o em marketing esportivo. Nadadora amadora de \u00e1guas abertas, j\u00e1 trabalhou com grandes nomes da nata\u00e7\u00e3o e do polo aqu\u00e1tico brasileiro.","sameAs":["https:\/\/www.instagram.com\/_katarinemonteiro\/","https:\/\/www.linkedin.com\/in\/katarine-monteiro-19385297\/","https:\/\/x.com\/https:\/\/twitter.com\/Katarinem"],"url":"https:\/\/swimchannel.net\/br\/author\/katarine-monteiro\/"}]}},"_links":{"self":[{"href":"https:\/\/swimchannel.net\/br\/wp-json\/wp\/v2\/posts\/11781","targetHints":{"allow":["GET"]}}],"collection":[{"href":"https:\/\/swimchannel.net\/br\/wp-json\/wp\/v2\/posts"}],"about":[{"href":"https:\/\/swimchannel.net\/br\/wp-json\/wp\/v2\/types\/post"}],"author":[{"embeddable":true,"href":"https:\/\/swimchannel.net\/br\/wp-json\/wp\/v2\/users\/9"}],"replies":[{"embeddable":true,"href":"https:\/\/swimchannel.net\/br\/wp-json\/wp\/v2\/comments?post=11781"}],"version-history":[{"count":0,"href":"https:\/\/swimchannel.net\/br\/wp-json\/wp\/v2\/posts\/11781\/revisions"}],"wp:featuredmedia":[{"embeddable":true,"href":"https:\/\/swimchannel.net\/br\/wp-json\/wp\/v2\/media\/11813"}],"wp:attachment":[{"href":"https:\/\/swimchannel.net\/br\/wp-json\/wp\/v2\/media?parent=11781"}],"wp:term":[{"taxonomy":"category","embeddable":true,"href":"https:\/\/swimchannel.net\/br\/wp-json\/wp\/v2\/categories?post=11781"},{"taxonomy":"post_tag","embeddable":true,"href":"https:\/\/swimchannel.net\/br\/wp-json\/wp\/v2\/tags?post=11781"}],"curies":[{"name":"wp","href":"https:\/\/api.w.org\/{rel}","templated":true}]}}