{"id":11823,"date":"2018-09-19T15:59:53","date_gmt":"2018-09-19T15:59:53","guid":{"rendered":"https:\/\/swimchannel.flywheelsites.com\/?p=11823"},"modified":"2018-09-19T16:08:32","modified_gmt":"2018-09-19T16:08:32","slug":"abertas-as-inscricoes-para-maratona-aquatica-14-bis","status":"publish","type":"post","link":"https:\/\/swimchannel.net\/br\/abertas-as-inscricoes-para-maratona-aquatica-14-bis\/","title":{"rendered":"Abertas as inscri\u00e7\u00f5es para Maratona Aqu\u00e1tica 14 Bis"},"content":{"rendered":"<p>Marque ai na sua agenda. No pr\u00f3ximo dia 1\u00ba de dezembro acontece uma das mais antigas e tradicionais provas de \u00e1guas abertas da nata\u00e7\u00e3o brasileira: a\u00a0Maratona Aqu\u00e1tica 14 Bis.\u00a0Com aproximadamente 24 km de percurso o evento \u00e9 disputado nas \u00e1guas do Canal de Bertioga, estreito de \u00e1gua que separa as cidades de Bertioga e Guaruj\u00e1, no litoral norte de S\u00e3o Paulo.\u00a0Com largada no Forte S\u00e3o Jo\u00e3o em Bertioga e chegada na rampa de acesso da Base A\u00e9rea de Santos (BAST), esta \u00e9 uma das mais procuradas pelos especialistas em ultramaratonas aqu\u00e1ticas.<\/p>\n<p>Em sua 51\u00aa edi\u00e7\u00e3o a prova abre hoje as inscri\u00e7\u00f5es do primeiro lote (<a href=\"https:\/\/loja.swimchannel.net\/maratona-aquatica-14-bis\/p\"><strong>clique aqui para fazer a sua<\/strong><\/a>) que ser\u00e3o de R$ 180,00 para atletas gerais e militares. Nadadores com mais de 60 anos e PCD (portadores de defici\u00eancia) ter\u00e3o desconto de 50%. O kit do evento este ano ser\u00e1 composto por uma camiseta para o atleta, uma camiseta para seu apoio, uma touca de silicone, uma sacola, um decalque num\u00e9rico para o bra\u00e7o do nadador, um n\u00famero de\u00a0peito para o apoio, uma medalha e um certificado de participa\u00e7\u00e3o (estes dois\u00a0\u00faltimos itens disponibilizados ap\u00f3s a conclus\u00e3o da prova). Para mais detalhes sobre as datas de virada de lote e valores consulte o <a href=\"https:\/\/swimchannel.net\/br\/wp-content\/uploads\/2018\/09\/Regulamento-14-bis-2018.pdf\">regulamento do evento clicando aqui<\/a>.<\/p>\n<figure id=\"attachment_11827\" aria-describedby=\"caption-attachment-11827\" style=\"width: 600px\" class=\"wp-caption alignnone\"><img loading=\"lazy\" decoding=\"async\" class=\"size-full wp-image-11827\" src=\"https:\/\/swimchannel.net\/br\/wp-content\/uploads\/2018\/09\/3_20151026_150427.jpg\" alt=\"\" width=\"600\" height=\"337\" \/><figcaption id=\"caption-attachment-11827\" class=\"wp-caption-text\">Nadador em a\u00e7\u00e3o na 14 Bis &#8211; Foto: Wesley Barros<\/figcaption><\/figure>\n<p>A\u00a0Maratona Aqu\u00e1tica 14 Bis tem organiza\u00e7\u00e3o conduzida pela Base A\u00e9rea de Santos e Associa\u00e7\u00e3o 14 Bis, com forte apoio da Prefeitura Municipal de Guaruj\u00e1, Prefeitura Municipal de Bertioga, Capitania dos Portos de Santos, da Praticagem de Santos e do Grupamento de Bombeiros Mar\u00edtimos. A Associa\u00e7\u00e3o 14 Bis tamb\u00e9m esta promovendo outra prova em \u00e1guas abertas, a 1\u00aa Ultramaratona Aqu\u00e1tica do Rio Itapanha\u00fa que acontece dia 27 de outubro e tem inscri\u00e7\u00f5es abertas via <strong>SWIM CHANNEL<\/strong>. <a href=\"https:\/\/swimchannel.net\/br\/evento\/1a-ultramaratona-aquatica-do-rio-itapanhau\/\">Mais detalhes sobre este evento aqui<\/a>.<\/p>\n<p>Disputada pela primeira vez em 1970 a prova j\u00e1 coroou grandes nomes da modalidade. Com sete vit\u00f3rias Glauco Rangel \u00e9 o maior campe\u00e3o da prova tendo vencido a ultramaratona em 1998, 2000, 2001, 2002, 2007, 2009 e 2011. Artur Pedroza e Catarina Ganzeli s\u00e3o os atuais campe\u00f5es tendo triunfado na edi\u00e7\u00e3o 50 da Maratona Aqu\u00e1tica 14 Bis ano passado.<\/p>\n","protected":false},"excerpt":{"rendered":"<p>Marque ai na sua agenda. No pr\u00f3ximo dia 1\u00ba de dezembro acontece uma das mais antigas e tradicionais provas de \u00e1guas abertas da nata\u00e7\u00e3o brasileira: a\u00a0Maratona Aqu\u00e1tica 14 Bis.\u00a0Com aproximadamente 24 km de percurso o evento \u00e9 disputado nas \u00e1guas do Canal de Bertioga, estreito de \u00e1gua que separa as cidades de Bertioga e Guaruj\u00e1, [&hellip;]<\/p>\n","protected":false},"author":3,"featured_media":11830,"comment_status":"open","ping_status":"open","sticky":false,"template":"","format":"standard","meta":{"footnotes":""},"categories":[115],"tags":[14,971,969,5,1090],"class_list":["post-11823","post","type-post","status-publish","format-standard","has-post-thumbnail","hentry","category-aguas-abertas","tag-aguas-abertas","tag-associacao-14-bis","tag-maratona-aquatica-14-bis","tag-natacao","tag-ultramaratona-aquatica"],"yoast_head":"<!-- This site is optimized with the Yoast SEO plugin v27.0 - https:\/\/yoast.com\/product\/yoast-seo-wordpress\/ -->\n<title>Abertas as inscri\u00e7\u00f5es para Maratona Aqu\u00e1tica 14 Bis - Swimchannel<\/title>\n<meta name=\"description\" content=\"Tradicional ultramaratona aqu\u00e1tica chega \u00e0 sua 51\u00aa edi\u00e7\u00e3o e ser\u00e1 realizada no dia 1\u00ba de dezembro\" \/>\n<meta name=\"robots\" content=\"index, follow, max-snippet:-1, max-image-preview:large, max-video-preview:-1\" \/>\n<link rel=\"canonical\" href=\"https:\/\/swimchannel.net\/br\/abertas-as-inscricoes-para-maratona-aquatica-14-bis\/\" \/>\n<meta property=\"og:locale\" content=\"pt_BR\" \/>\n<meta property=\"og:type\" content=\"article\" \/>\n<meta property=\"og:title\" content=\"Abertas as inscri\u00e7\u00f5es para Maratona Aqu\u00e1tica 14 Bis - Swimchannel\" \/>\n<meta property=\"og:description\" content=\"Tradicional ultramaratona aqu\u00e1tica chega \u00e0 sua 51\u00aa edi\u00e7\u00e3o e ser\u00e1 realizada no dia 1\u00ba de dezembro\" \/>\n<meta property=\"og:url\" content=\"https:\/\/swimchannel.net\/br\/abertas-as-inscricoes-para-maratona-aquatica-14-bis\/\" \/>\n<meta property=\"og:site_name\" content=\"Swimchannel\" \/>\n<meta property=\"article:publisher\" content=\"https:\/\/www.facebook.com\/swimchannel\" \/>\n<meta property=\"article:published_time\" content=\"2018-09-19T15:59:53+00:00\" \/>\n<meta property=\"article:modified_time\" content=\"2018-09-19T16:08:32+00:00\" \/>\n<meta property=\"og:image\" content=\"https:\/\/swimchannel.net\/br\/wp-content\/uploads\/2018\/09\/14bis-2.jpg\" \/>\n\t<meta property=\"og:image:width\" content=\"1200\" \/>\n\t<meta property=\"og:image:height\" content=\"675\" \/>\n\t<meta property=\"og:image:type\" content=\"image\/jpeg\" \/>\n<meta name=\"author\" content=\"Guilherme Freitas\" \/>\n<meta name=\"twitter:card\" content=\"summary_large_image\" \/>\n<meta name=\"twitter:label1\" content=\"Escrito por\" \/>\n\t<meta name=\"twitter:data1\" content=\"Guilherme Freitas\" \/>\n\t<meta name=\"twitter:label2\" content=\"Est. tempo de leitura\" \/>\n\t<meta name=\"twitter:data2\" content=\"2 minutos\" \/>\n<script type=\"application\/ld+json\" class=\"yoast-schema-graph\">{\"@context\":\"https:\/\/schema.org\",\"@graph\":[{\"@type\":\"Article\",\"@id\":\"https:\/\/swimchannel.net\/br\/abertas-as-inscricoes-para-maratona-aquatica-14-bis\/#article\",\"isPartOf\":{\"@id\":\"https:\/\/swimchannel.net\/br\/abertas-as-inscricoes-para-maratona-aquatica-14-bis\/\"},\"author\":{\"name\":\"Guilherme Freitas\",\"@id\":\"https:\/\/swimchannel.net\/br\/#\/schema\/person\/aa2a63bab3275f53749a83276b213c48\"},\"headline\":\"Abertas as inscri\u00e7\u00f5es para Maratona Aqu\u00e1tica 14 Bis\",\"datePublished\":\"2018-09-19T15:59:53+00:00\",\"dateModified\":\"2018-09-19T16:08:32+00:00\",\"mainEntityOfPage\":{\"@id\":\"https:\/\/swimchannel.net\/br\/abertas-as-inscricoes-para-maratona-aquatica-14-bis\/\"},\"wordCount\":390,\"commentCount\":0,\"publisher\":{\"@id\":\"https:\/\/swimchannel.net\/br\/#organization\"},\"image\":{\"@id\":\"https:\/\/swimchannel.net\/br\/abertas-as-inscricoes-para-maratona-aquatica-14-bis\/#primaryimage\"},\"thumbnailUrl\":\"https:\/\/swimchannel.net\/br\/wp-content\/uploads\/2018\/09\/14bis-2.jpg\",\"keywords\":[\"\u00c1guas abertas\",\"Associa\u00e7\u00e3o 14 Bis\",\"Maratona Aqu\u00e1tica 14 Bis\",\"natacao\",\"ultramaratona aqu\u00e1tica\"],\"articleSection\":[\"\u00c1guas Abertas\"],\"inLanguage\":\"pt-BR\",\"potentialAction\":[{\"@type\":\"CommentAction\",\"name\":\"Comment\",\"target\":[\"https:\/\/swimchannel.net\/br\/abertas-as-inscricoes-para-maratona-aquatica-14-bis\/#respond\"]}]},{\"@type\":\"WebPage\",\"@id\":\"https:\/\/swimchannel.net\/br\/abertas-as-inscricoes-para-maratona-aquatica-14-bis\/\",\"url\":\"https:\/\/swimchannel.net\/br\/abertas-as-inscricoes-para-maratona-aquatica-14-bis\/\",\"name\":\"Abertas as inscri\u00e7\u00f5es para Maratona Aqu\u00e1tica 14 Bis - Swimchannel\",\"isPartOf\":{\"@id\":\"https:\/\/swimchannel.net\/br\/#website\"},\"primaryImageOfPage\":{\"@id\":\"https:\/\/swimchannel.net\/br\/abertas-as-inscricoes-para-maratona-aquatica-14-bis\/#primaryimage\"},\"image\":{\"@id\":\"https:\/\/swimchannel.net\/br\/abertas-as-inscricoes-para-maratona-aquatica-14-bis\/#primaryimage\"},\"thumbnailUrl\":\"https:\/\/swimchannel.net\/br\/wp-content\/uploads\/2018\/09\/14bis-2.jpg\",\"datePublished\":\"2018-09-19T15:59:53+00:00\",\"dateModified\":\"2018-09-19T16:08:32+00:00\",\"description\":\"Tradicional ultramaratona aqu\u00e1tica chega \u00e0 sua 51\u00aa edi\u00e7\u00e3o e ser\u00e1 realizada no dia 1\u00ba de dezembro\",\"breadcrumb\":{\"@id\":\"https:\/\/swimchannel.net\/br\/abertas-as-inscricoes-para-maratona-aquatica-14-bis\/#breadcrumb\"},\"inLanguage\":\"pt-BR\",\"potentialAction\":[{\"@type\":\"ReadAction\",\"target\":[\"https:\/\/swimchannel.net\/br\/abertas-as-inscricoes-para-maratona-aquatica-14-bis\/\"]}]},{\"@type\":\"ImageObject\",\"inLanguage\":\"pt-BR\",\"@id\":\"https:\/\/swimchannel.net\/br\/abertas-as-inscricoes-para-maratona-aquatica-14-bis\/#primaryimage\",\"url\":\"https:\/\/swimchannel.net\/br\/wp-content\/uploads\/2018\/09\/14bis-2.jpg\",\"contentUrl\":\"https:\/\/swimchannel.net\/br\/wp-content\/uploads\/2018\/09\/14bis-2.jpg\",\"width\":1200,\"height\":675},{\"@type\":\"BreadcrumbList\",\"@id\":\"https:\/\/swimchannel.net\/br\/abertas-as-inscricoes-para-maratona-aquatica-14-bis\/#breadcrumb\",\"itemListElement\":[{\"@type\":\"ListItem\",\"position\":1,\"name\":\"Home\",\"item\":\"https:\/\/swimchannel.net\/br\/\"},{\"@type\":\"ListItem\",\"position\":2,\"name\":\"Abertas as inscri\u00e7\u00f5es para Maratona Aqu\u00e1tica 14 Bis\"}]},{\"@type\":\"WebSite\",\"@id\":\"https:\/\/swimchannel.net\/br\/#website\",\"url\":\"https:\/\/swimchannel.net\/br\/\",\"name\":\"Swimchannel\",\"description\":\"Maior portal de nata\u00e7\u00e3o da america latina\",\"publisher\":{\"@id\":\"https:\/\/swimchannel.net\/br\/#organization\"},\"potentialAction\":[{\"@type\":\"SearchAction\",\"target\":{\"@type\":\"EntryPoint\",\"urlTemplate\":\"https:\/\/swimchannel.net\/br\/?s={search_term_string}\"},\"query-input\":{\"@type\":\"PropertyValueSpecification\",\"valueRequired\":true,\"valueName\":\"search_term_string\"}}],\"inLanguage\":\"pt-BR\"},{\"@type\":\"Organization\",\"@id\":\"https:\/\/swimchannel.net\/br\/#organization\",\"name\":\"Swimchannel - Conectando voc\u00ea a Nata\u00e7\u00e3o\",\"url\":\"https:\/\/swimchannel.net\/br\/\",\"logo\":{\"@type\":\"ImageObject\",\"inLanguage\":\"pt-BR\",\"@id\":\"https:\/\/swimchannel.net\/br\/#\/schema\/logo\/image\/\",\"url\":\"https:\/\/swimchannel.net\/br\/wp-content\/uploads\/2026\/02\/SWIM-CHANNEL.png\",\"contentUrl\":\"https:\/\/swimchannel.net\/br\/wp-content\/uploads\/2026\/02\/SWIM-CHANNEL.png\",\"width\":1120,\"height\":630,\"caption\":\"Swimchannel - Conectando voc\u00ea a Nata\u00e7\u00e3o\"},\"image\":{\"@id\":\"https:\/\/swimchannel.net\/br\/#\/schema\/logo\/image\/\"},\"sameAs\":[\"https:\/\/www.facebook.com\/swimchannel\",\"https:\/\/www.instagram.com\/swimchannel\"]},{\"@type\":\"Person\",\"@id\":\"https:\/\/swimchannel.net\/br\/#\/schema\/person\/aa2a63bab3275f53749a83276b213c48\",\"name\":\"Guilherme Freitas\",\"image\":{\"@type\":\"ImageObject\",\"inLanguage\":\"pt-BR\",\"@id\":\"https:\/\/swimchannel.net\/br\/#\/schema\/person\/image\/\",\"url\":\"https:\/\/swimchannel.net\/br\/wp-content\/uploads\/2025\/10\/gui22-193x180.png\",\"contentUrl\":\"https:\/\/swimchannel.net\/br\/wp-content\/uploads\/2025\/10\/gui22-193x180.png\",\"caption\":\"Guilherme Freitas\"},\"description\":\"Jornalista s\u00eanior da SWIM CHANNEL, ex-correspondente da FINA no Brasil e pesquisador acad\u00eamico.\",\"sameAs\":[\"instagram.com\/guifreitas86\"],\"url\":\"https:\/\/swimchannel.net\/br\/author\/guilherme-freitas\/\"}]}<\/script>\n<!-- \/ Yoast SEO plugin. -->","yoast_head_json":{"title":"Abertas as inscri\u00e7\u00f5es para Maratona Aqu\u00e1tica 14 Bis - Swimchannel","description":"Tradicional ultramaratona aqu\u00e1tica chega \u00e0 sua 51\u00aa edi\u00e7\u00e3o e ser\u00e1 realizada no dia 1\u00ba de dezembro","robots":{"index":"index","follow":"follow","max-snippet":"max-snippet:-1","max-image-preview":"max-image-preview:large","max-video-preview":"max-video-preview:-1"},"canonical":"https:\/\/swimchannel.net\/br\/abertas-as-inscricoes-para-maratona-aquatica-14-bis\/","og_locale":"pt_BR","og_type":"article","og_title":"Abertas as inscri\u00e7\u00f5es para Maratona Aqu\u00e1tica 14 Bis - Swimchannel","og_description":"Tradicional ultramaratona aqu\u00e1tica chega \u00e0 sua 51\u00aa edi\u00e7\u00e3o e ser\u00e1 realizada no dia 1\u00ba de dezembro","og_url":"https:\/\/swimchannel.net\/br\/abertas-as-inscricoes-para-maratona-aquatica-14-bis\/","og_site_name":"Swimchannel","article_publisher":"https:\/\/www.facebook.com\/swimchannel","article_published_time":"2018-09-19T15:59:53+00:00","article_modified_time":"2018-09-19T16:08:32+00:00","og_image":[{"width":1200,"height":675,"url":"https:\/\/swimchannel.net\/br\/wp-content\/uploads\/2018\/09\/14bis-2.jpg","type":"image\/jpeg"}],"author":"Guilherme Freitas","twitter_card":"summary_large_image","twitter_misc":{"Escrito por":"Guilherme Freitas","Est. tempo de leitura":"2 minutos"},"schema":{"@context":"https:\/\/schema.org","@graph":[{"@type":"Article","@id":"https:\/\/swimchannel.net\/br\/abertas-as-inscricoes-para-maratona-aquatica-14-bis\/#article","isPartOf":{"@id":"https:\/\/swimchannel.net\/br\/abertas-as-inscricoes-para-maratona-aquatica-14-bis\/"},"author":{"name":"Guilherme Freitas","@id":"https:\/\/swimchannel.net\/br\/#\/schema\/person\/aa2a63bab3275f53749a83276b213c48"},"headline":"Abertas as inscri\u00e7\u00f5es para Maratona Aqu\u00e1tica 14 Bis","datePublished":"2018-09-19T15:59:53+00:00","dateModified":"2018-09-19T16:08:32+00:00","mainEntityOfPage":{"@id":"https:\/\/swimchannel.net\/br\/abertas-as-inscricoes-para-maratona-aquatica-14-bis\/"},"wordCount":390,"commentCount":0,"publisher":{"@id":"https:\/\/swimchannel.net\/br\/#organization"},"image":{"@id":"https:\/\/swimchannel.net\/br\/abertas-as-inscricoes-para-maratona-aquatica-14-bis\/#primaryimage"},"thumbnailUrl":"https:\/\/swimchannel.net\/br\/wp-content\/uploads\/2018\/09\/14bis-2.jpg","keywords":["\u00c1guas abertas","Associa\u00e7\u00e3o 14 Bis","Maratona Aqu\u00e1tica 14 Bis","natacao","ultramaratona aqu\u00e1tica"],"articleSection":["\u00c1guas Abertas"],"inLanguage":"pt-BR","potentialAction":[{"@type":"CommentAction","name":"Comment","target":["https:\/\/swimchannel.net\/br\/abertas-as-inscricoes-para-maratona-aquatica-14-bis\/#respond"]}]},{"@type":"WebPage","@id":"https:\/\/swimchannel.net\/br\/abertas-as-inscricoes-para-maratona-aquatica-14-bis\/","url":"https:\/\/swimchannel.net\/br\/abertas-as-inscricoes-para-maratona-aquatica-14-bis\/","name":"Abertas as inscri\u00e7\u00f5es para Maratona Aqu\u00e1tica 14 Bis - Swimchannel","isPartOf":{"@id":"https:\/\/swimchannel.net\/br\/#website"},"primaryImageOfPage":{"@id":"https:\/\/swimchannel.net\/br\/abertas-as-inscricoes-para-maratona-aquatica-14-bis\/#primaryimage"},"image":{"@id":"https:\/\/swimchannel.net\/br\/abertas-as-inscricoes-para-maratona-aquatica-14-bis\/#primaryimage"},"thumbnailUrl":"https:\/\/swimchannel.net\/br\/wp-content\/uploads\/2018\/09\/14bis-2.jpg","datePublished":"2018-09-19T15:59:53+00:00","dateModified":"2018-09-19T16:08:32+00:00","description":"Tradicional ultramaratona aqu\u00e1tica chega \u00e0 sua 51\u00aa edi\u00e7\u00e3o e ser\u00e1 realizada no dia 1\u00ba de dezembro","breadcrumb":{"@id":"https:\/\/swimchannel.net\/br\/abertas-as-inscricoes-para-maratona-aquatica-14-bis\/#breadcrumb"},"inLanguage":"pt-BR","potentialAction":[{"@type":"ReadAction","target":["https:\/\/swimchannel.net\/br\/abertas-as-inscricoes-para-maratona-aquatica-14-bis\/"]}]},{"@type":"ImageObject","inLanguage":"pt-BR","@id":"https:\/\/swimchannel.net\/br\/abertas-as-inscricoes-para-maratona-aquatica-14-bis\/#primaryimage","url":"https:\/\/swimchannel.net\/br\/wp-content\/uploads\/2018\/09\/14bis-2.jpg","contentUrl":"https:\/\/swimchannel.net\/br\/wp-content\/uploads\/2018\/09\/14bis-2.jpg","width":1200,"height":675},{"@type":"BreadcrumbList","@id":"https:\/\/swimchannel.net\/br\/abertas-as-inscricoes-para-maratona-aquatica-14-bis\/#breadcrumb","itemListElement":[{"@type":"ListItem","position":1,"name":"Home","item":"https:\/\/swimchannel.net\/br\/"},{"@type":"ListItem","position":2,"name":"Abertas as inscri\u00e7\u00f5es para Maratona Aqu\u00e1tica 14 Bis"}]},{"@type":"WebSite","@id":"https:\/\/swimchannel.net\/br\/#website","url":"https:\/\/swimchannel.net\/br\/","name":"Swimchannel","description":"Maior portal de nata\u00e7\u00e3o da america latina","publisher":{"@id":"https:\/\/swimchannel.net\/br\/#organization"},"potentialAction":[{"@type":"SearchAction","target":{"@type":"EntryPoint","urlTemplate":"https:\/\/swimchannel.net\/br\/?s={search_term_string}"},"query-input":{"@type":"PropertyValueSpecification","valueRequired":true,"valueName":"search_term_string"}}],"inLanguage":"pt-BR"},{"@type":"Organization","@id":"https:\/\/swimchannel.net\/br\/#organization","name":"Swimchannel - Conectando voc\u00ea a Nata\u00e7\u00e3o","url":"https:\/\/swimchannel.net\/br\/","logo":{"@type":"ImageObject","inLanguage":"pt-BR","@id":"https:\/\/swimchannel.net\/br\/#\/schema\/logo\/image\/","url":"https:\/\/swimchannel.net\/br\/wp-content\/uploads\/2026\/02\/SWIM-CHANNEL.png","contentUrl":"https:\/\/swimchannel.net\/br\/wp-content\/uploads\/2026\/02\/SWIM-CHANNEL.png","width":1120,"height":630,"caption":"Swimchannel - Conectando voc\u00ea a Nata\u00e7\u00e3o"},"image":{"@id":"https:\/\/swimchannel.net\/br\/#\/schema\/logo\/image\/"},"sameAs":["https:\/\/www.facebook.com\/swimchannel","https:\/\/www.instagram.com\/swimchannel"]},{"@type":"Person","@id":"https:\/\/swimchannel.net\/br\/#\/schema\/person\/aa2a63bab3275f53749a83276b213c48","name":"Guilherme Freitas","image":{"@type":"ImageObject","inLanguage":"pt-BR","@id":"https:\/\/swimchannel.net\/br\/#\/schema\/person\/image\/","url":"https:\/\/swimchannel.net\/br\/wp-content\/uploads\/2025\/10\/gui22-193x180.png","contentUrl":"https:\/\/swimchannel.net\/br\/wp-content\/uploads\/2025\/10\/gui22-193x180.png","caption":"Guilherme Freitas"},"description":"Jornalista s\u00eanior da SWIM CHANNEL, ex-correspondente da FINA no Brasil e pesquisador acad\u00eamico.","sameAs":["instagram.com\/guifreitas86"],"url":"https:\/\/swimchannel.net\/br\/author\/guilherme-freitas\/"}]}},"_links":{"self":[{"href":"https:\/\/swimchannel.net\/br\/wp-json\/wp\/v2\/posts\/11823","targetHints":{"allow":["GET"]}}],"collection":[{"href":"https:\/\/swimchannel.net\/br\/wp-json\/wp\/v2\/posts"}],"about":[{"href":"https:\/\/swimchannel.net\/br\/wp-json\/wp\/v2\/types\/post"}],"author":[{"embeddable":true,"href":"https:\/\/swimchannel.net\/br\/wp-json\/wp\/v2\/users\/3"}],"replies":[{"embeddable":true,"href":"https:\/\/swimchannel.net\/br\/wp-json\/wp\/v2\/comments?post=11823"}],"version-history":[{"count":0,"href":"https:\/\/swimchannel.net\/br\/wp-json\/wp\/v2\/posts\/11823\/revisions"}],"wp:featuredmedia":[{"embeddable":true,"href":"https:\/\/swimchannel.net\/br\/wp-json\/wp\/v2\/media\/11830"}],"wp:attachment":[{"href":"https:\/\/swimchannel.net\/br\/wp-json\/wp\/v2\/media?parent=11823"}],"wp:term":[{"taxonomy":"category","embeddable":true,"href":"https:\/\/swimchannel.net\/br\/wp-json\/wp\/v2\/categories?post=11823"},{"taxonomy":"post_tag","embeddable":true,"href":"https:\/\/swimchannel.net\/br\/wp-json\/wp\/v2\/tags?post=11823"}],"curies":[{"name":"wp","href":"https:\/\/api.w.org\/{rel}","templated":true}]}}