{"id":13298,"date":"2018-11-27T18:35:23","date_gmt":"2018-11-27T18:35:23","guid":{"rendered":"https:\/\/swimchannel.flywheelsites.com\/?p=13298"},"modified":"2018-11-27T18:59:52","modified_gmt":"2018-11-27T18:59:52","slug":"campeonato-brasileiro-infantil-de-verao-comeca-amanha","status":"publish","type":"post","link":"https:\/\/swimchannel.net\/br\/campeonato-brasileiro-infantil-de-verao-comeca-amanha\/","title":{"rendered":"Campeonato Brasileiro Infantil de Ver\u00e3o come\u00e7a amanh\u00e3"},"content":{"rendered":"<p>O Campeonato Brasileiro Infantil de Nata\u00e7\u00e3o, o 41\u00b0 Trof\u00e9u Maur\u00edcio Bekenn, ser\u00e1 realizado a partir da amanh\u00e3 no Parque Aqu\u00e1tico do Clube de Nata\u00e7\u00e3o e Regatas \u00c1lvares Cabral em Vit\u00f3ria, no Esp\u00edrito Santo. A competi\u00e7\u00e3o vai reunir\u00a0589 nadadores de 13 a 14 anos de idade de 107 clubes em quatro dias de competi\u00e7\u00f5es.<\/p>\n<p>Os nadadores ter\u00e3o a chance de se classificarem para a disputa do Campeonato Sul-Americano Juvenil que acontecer\u00e1 no Chile no pr\u00f3ximo ano, j\u00e1 que\u00a0o Maur\u00edcio Bekenn ser\u00e1 a seletiva \u00fanica para a competi\u00e7\u00e3o continental. Os nadadores infantis formar\u00e3o a sele\u00e7\u00e3o brasileira juvenil A. J\u00e1 o time B ser\u00e1 formado pelos juvenis que ser\u00e3o apurados no Brasileiro da categoria.<\/p>\n<p>Entre os destaques da competi\u00e7\u00e3o est\u00e1 Lucas Tudoras do Paineiras que no Brasileiro de Inverno venceu as oito provas individuais que se inscreveu. No Brasileiro de Ver\u00e3o, ele mant\u00e9m as oito provas no seu programa (50m, 400m e 1500m livre, 100m e 200m costas, 100m e 200m borboleta e 200m medley) e \u00e9 um dos oito atletas que nadar\u00e3o este mesmo n\u00famero de provas.<\/p>\n<figure id=\"attachment_13309\" aria-describedby=\"caption-attachment-13309\" style=\"width: 1068px\" class=\"wp-caption alignnone\"><img loading=\"lazy\" decoding=\"async\" class=\"wp-image-13309 size-full\" src=\"https:\/\/swimchannel.net\/br\/wp-content\/uploads\/2018\/11\/tudoras.jpg\" alt=\"\" width=\"1068\" height=\"601\" srcset=\"https:\/\/swimchannel.net\/br\/wp-content\/uploads\/2018\/11\/tudoras.jpg 1068w, https:\/\/swimchannel.net\/br\/wp-content\/uploads\/2018\/11\/tudoras-600x338.jpg 600w\" sizes=\"auto, (max-width: 1068px) 100vw, 1068px\" \/><figcaption id=\"caption-attachment-13309\" class=\"wp-caption-text\">Lucas Tudoras &#8211; Foto: Divulga\u00e7\u00e3o Best Swimming<\/figcaption><\/figure>\n<p>Uma curiosidade. O recorde mais antigo do Brasileiro Infantil de Ver\u00e3o dura 30 anos. Os 9min09s78 de Erika Torralbo Gimenez do Saldanha da Gama foram feitos nos\u00a0800m livre feminino em 1988. O Curitibano \u00e9 o atual campe\u00e3o da competi\u00e7\u00e3o e tamb\u00e9m levou o t\u00edtulo de Inverno deste ano. Na briga pela ta\u00e7a est\u00e1 o Minas T\u00eanis Clube, que levar\u00e1 31 atletas, e o Gr\u00eamio N\u00e1utico Uni\u00e3o, que tem 29 nadadores inscritos.<\/p>\n<p>As eliminat\u00f3rias come\u00e7am \u00e0s 8h e as finais as 17h. A TV CBDA transmite todas atrav\u00e9s do site oficial da entidade (<a href=\"http:\/\/www.cbda.org.br\/\" target=\"_blank\" rel=\"noopener\">www.cbda.org.br)<\/a>. Veja aqui o balizamento completo <a href=\"http:\/\/sistema.cbdaweb.org.br\/cbdaweb\/_uploads\/piscina\/32667\/103266700000000000000000000000000000976.pdf\" target=\"_blank\" rel=\"noopener\">clicando aqui<\/a>.<\/p>\n","protected":false},"excerpt":{"rendered":"<p>O Campeonato Brasileiro Infantil de Nata\u00e7\u00e3o, o 41\u00b0 Trof\u00e9u Maur\u00edcio Bekenn, ser\u00e1 realizado a partir da amanh\u00e3 no Parque Aqu\u00e1tico do Clube de Nata\u00e7\u00e3o e Regatas \u00c1lvares Cabral em Vit\u00f3ria, no Esp\u00edrito Santo. A competi\u00e7\u00e3o vai reunir\u00a0589 nadadores de 13 a 14 anos de idade de 107 clubes em quatro dias de competi\u00e7\u00f5es. Os nadadores [&hellip;]<\/p>\n","protected":false},"author":9,"featured_media":13317,"comment_status":"open","ping_status":"open","sticky":false,"template":"","format":"standard","meta":{"footnotes":""},"categories":[137],"tags":[1585,194,1328,5,1586],"class_list":["post-13298","post","type-post","status-publish","format-standard","has-post-thumbnail","hentry","category-natacao","tag-campeonato-brasileiro-infantil-de-natacao","tag-cbda","tag-lucas-tudoras","tag-natacao","tag-sul-americano-juvenil"],"yoast_head":"<!-- This site is optimized with the Yoast SEO plugin v27.0 - https:\/\/yoast.com\/product\/yoast-seo-wordpress\/ -->\n<title>Campeonato Brasileiro Infantil de Ver\u00e3o come\u00e7a nesta quarta-feira (28)<\/title>\n<meta name=\"description\" content=\"Competi\u00e7\u00e3o ter\u00e1 quase 600 nadadores de 13 e 14 anos e ser\u00e1 seletiva \u00fanica para o Sul-Americano Juvenil do Chile de 2019.\" \/>\n<meta name=\"robots\" content=\"index, follow, max-snippet:-1, max-image-preview:large, max-video-preview:-1\" \/>\n<link rel=\"canonical\" href=\"https:\/\/swimchannel.net\/br\/campeonato-brasileiro-infantil-de-verao-comeca-amanha\/\" \/>\n<meta property=\"og:locale\" content=\"pt_BR\" \/>\n<meta property=\"og:type\" content=\"article\" \/>\n<meta property=\"og:title\" content=\"Campeonato Brasileiro Infantil de Ver\u00e3o come\u00e7a nesta quarta-feira (28)\" \/>\n<meta property=\"og:description\" content=\"Competi\u00e7\u00e3o ter\u00e1 quase 600 nadadores de 13 e 14 anos e ser\u00e1 seletiva \u00fanica para o Sul-Americano Juvenil do Chile de 2019.\" \/>\n<meta property=\"og:url\" content=\"https:\/\/swimchannel.net\/br\/campeonato-brasileiro-infantil-de-verao-comeca-amanha\/\" \/>\n<meta property=\"og:site_name\" content=\"Swimchannel\" \/>\n<meta property=\"article:publisher\" content=\"https:\/\/www.facebook.com\/swimchannel\" \/>\n<meta property=\"article:published_time\" content=\"2018-11-27T18:35:23+00:00\" \/>\n<meta property=\"article:modified_time\" content=\"2018-11-27T18:59:52+00:00\" \/>\n<meta property=\"og:image\" content=\"https:\/\/swimchannel.net\/br\/wp-content\/uploads\/2018\/11\/alvares-cabral.jpg\" \/>\n\t<meta property=\"og:image:width\" content=\"600\" \/>\n\t<meta property=\"og:image:height\" content=\"347\" \/>\n\t<meta property=\"og:image:type\" content=\"image\/jpeg\" \/>\n<meta name=\"author\" content=\"Katarine Monteiro\" \/>\n<meta name=\"twitter:card\" content=\"summary_large_image\" \/>\n<meta name=\"twitter:creator\" content=\"@https:\/\/twitter.com\/Katarinem\" \/>\n<meta name=\"twitter:label1\" content=\"Escrito por\" \/>\n\t<meta name=\"twitter:data1\" content=\"Katarine Monteiro\" \/>\n\t<meta name=\"twitter:label2\" content=\"Est. tempo de leitura\" \/>\n\t<meta name=\"twitter:data2\" content=\"2 minutos\" \/>\n<script type=\"application\/ld+json\" class=\"yoast-schema-graph\">{\"@context\":\"https:\/\/schema.org\",\"@graph\":[{\"@type\":\"Article\",\"@id\":\"https:\/\/swimchannel.net\/br\/campeonato-brasileiro-infantil-de-verao-comeca-amanha\/#article\",\"isPartOf\":{\"@id\":\"https:\/\/swimchannel.net\/br\/campeonato-brasileiro-infantil-de-verao-comeca-amanha\/\"},\"author\":{\"name\":\"Katarine Monteiro\",\"@id\":\"https:\/\/swimchannel.net\/br\/#\/schema\/person\/73ae9cec62249968bca1f0a8098ef002\"},\"headline\":\"Campeonato Brasileiro Infantil de Ver\u00e3o come\u00e7a amanh\u00e3\",\"datePublished\":\"2018-11-27T18:35:23+00:00\",\"dateModified\":\"2018-11-27T18:59:52+00:00\",\"mainEntityOfPage\":{\"@id\":\"https:\/\/swimchannel.net\/br\/campeonato-brasileiro-infantil-de-verao-comeca-amanha\/\"},\"wordCount\":329,\"commentCount\":0,\"publisher\":{\"@id\":\"https:\/\/swimchannel.net\/br\/#organization\"},\"image\":{\"@id\":\"https:\/\/swimchannel.net\/br\/campeonato-brasileiro-infantil-de-verao-comeca-amanha\/#primaryimage\"},\"thumbnailUrl\":\"https:\/\/swimchannel.net\/br\/wp-content\/uploads\/2018\/11\/alvares-cabral.jpg\",\"keywords\":[\"Campeonato Brasileiro Infantil de Nata\u00e7\u00e3o\",\"CBDA\",\"Lucas Tudoras\",\"natacao\",\"Sul Americano Juvenil\"],\"articleSection\":[\"Nata\u00e7\u00e3o\"],\"inLanguage\":\"pt-BR\",\"potentialAction\":[{\"@type\":\"CommentAction\",\"name\":\"Comment\",\"target\":[\"https:\/\/swimchannel.net\/br\/campeonato-brasileiro-infantil-de-verao-comeca-amanha\/#respond\"]}]},{\"@type\":\"WebPage\",\"@id\":\"https:\/\/swimchannel.net\/br\/campeonato-brasileiro-infantil-de-verao-comeca-amanha\/\",\"url\":\"https:\/\/swimchannel.net\/br\/campeonato-brasileiro-infantil-de-verao-comeca-amanha\/\",\"name\":\"Campeonato Brasileiro Infantil de Ver\u00e3o come\u00e7a nesta quarta-feira (28)\",\"isPartOf\":{\"@id\":\"https:\/\/swimchannel.net\/br\/#website\"},\"primaryImageOfPage\":{\"@id\":\"https:\/\/swimchannel.net\/br\/campeonato-brasileiro-infantil-de-verao-comeca-amanha\/#primaryimage\"},\"image\":{\"@id\":\"https:\/\/swimchannel.net\/br\/campeonato-brasileiro-infantil-de-verao-comeca-amanha\/#primaryimage\"},\"thumbnailUrl\":\"https:\/\/swimchannel.net\/br\/wp-content\/uploads\/2018\/11\/alvares-cabral.jpg\",\"datePublished\":\"2018-11-27T18:35:23+00:00\",\"dateModified\":\"2018-11-27T18:59:52+00:00\",\"description\":\"Competi\u00e7\u00e3o ter\u00e1 quase 600 nadadores de 13 e 14 anos e ser\u00e1 seletiva \u00fanica para o Sul-Americano Juvenil do Chile de 2019.\",\"breadcrumb\":{\"@id\":\"https:\/\/swimchannel.net\/br\/campeonato-brasileiro-infantil-de-verao-comeca-amanha\/#breadcrumb\"},\"inLanguage\":\"pt-BR\",\"potentialAction\":[{\"@type\":\"ReadAction\",\"target\":[\"https:\/\/swimchannel.net\/br\/campeonato-brasileiro-infantil-de-verao-comeca-amanha\/\"]}]},{\"@type\":\"ImageObject\",\"inLanguage\":\"pt-BR\",\"@id\":\"https:\/\/swimchannel.net\/br\/campeonato-brasileiro-infantil-de-verao-comeca-amanha\/#primaryimage\",\"url\":\"https:\/\/swimchannel.net\/br\/wp-content\/uploads\/2018\/11\/alvares-cabral.jpg\",\"contentUrl\":\"https:\/\/swimchannel.net\/br\/wp-content\/uploads\/2018\/11\/alvares-cabral.jpg\",\"width\":600,\"height\":347},{\"@type\":\"BreadcrumbList\",\"@id\":\"https:\/\/swimchannel.net\/br\/campeonato-brasileiro-infantil-de-verao-comeca-amanha\/#breadcrumb\",\"itemListElement\":[{\"@type\":\"ListItem\",\"position\":1,\"name\":\"Home\",\"item\":\"https:\/\/swimchannel.net\/br\/\"},{\"@type\":\"ListItem\",\"position\":2,\"name\":\"Campeonato Brasileiro Infantil de Ver\u00e3o come\u00e7a amanh\u00e3\"}]},{\"@type\":\"WebSite\",\"@id\":\"https:\/\/swimchannel.net\/br\/#website\",\"url\":\"https:\/\/swimchannel.net\/br\/\",\"name\":\"Swimchannel\",\"description\":\"Maior portal de nata\u00e7\u00e3o da america latina\",\"publisher\":{\"@id\":\"https:\/\/swimchannel.net\/br\/#organization\"},\"potentialAction\":[{\"@type\":\"SearchAction\",\"target\":{\"@type\":\"EntryPoint\",\"urlTemplate\":\"https:\/\/swimchannel.net\/br\/?s={search_term_string}\"},\"query-input\":{\"@type\":\"PropertyValueSpecification\",\"valueRequired\":true,\"valueName\":\"search_term_string\"}}],\"inLanguage\":\"pt-BR\"},{\"@type\":\"Organization\",\"@id\":\"https:\/\/swimchannel.net\/br\/#organization\",\"name\":\"Swimchannel - Conectando voc\u00ea a Nata\u00e7\u00e3o\",\"url\":\"https:\/\/swimchannel.net\/br\/\",\"logo\":{\"@type\":\"ImageObject\",\"inLanguage\":\"pt-BR\",\"@id\":\"https:\/\/swimchannel.net\/br\/#\/schema\/logo\/image\/\",\"url\":\"https:\/\/swimchannel.net\/br\/wp-content\/uploads\/2026\/02\/SWIM-CHANNEL.png\",\"contentUrl\":\"https:\/\/swimchannel.net\/br\/wp-content\/uploads\/2026\/02\/SWIM-CHANNEL.png\",\"width\":1120,\"height\":630,\"caption\":\"Swimchannel - Conectando voc\u00ea a Nata\u00e7\u00e3o\"},\"image\":{\"@id\":\"https:\/\/swimchannel.net\/br\/#\/schema\/logo\/image\/\"},\"sameAs\":[\"https:\/\/www.facebook.com\/swimchannel\",\"https:\/\/www.instagram.com\/swimchannel\"]},{\"@type\":\"Person\",\"@id\":\"https:\/\/swimchannel.net\/br\/#\/schema\/person\/73ae9cec62249968bca1f0a8098ef002\",\"name\":\"Katarine Monteiro\",\"image\":{\"@type\":\"ImageObject\",\"inLanguage\":\"pt-BR\",\"@id\":\"https:\/\/swimchannel.net\/br\/#\/schema\/person\/image\/\",\"url\":\"https:\/\/swimchannel.net\/br\/wp-content\/uploads\/2022\/01\/Katarine-Monteiro-100x100.jpg\",\"contentUrl\":\"https:\/\/swimchannel.net\/br\/wp-content\/uploads\/2022\/01\/Katarine-Monteiro-100x100.jpg\",\"caption\":\"Katarine Monteiro\"},\"description\":\"Jornalista SWIM CHANNEL especializada em esportes ol\u00edmpicos e em sa\u00fade. Com cobertura de grandes eventos internacionais, como Jogos Ol\u00edmpicos Rio 2016, Jogos Pan-Americanos em Lima 2019, Qatar Total Open 2020, Qatar ExxonMobil Open 2019 - t\u00eanis em Doha (QT), Semana Internacional de Vela de Ilhabela, Transat Jacques Vabre 2019 (Fran\u00e7a-Brasil), L'\u00c9tape Brasil by Tour de France, j\u00e1 fez in\u00fameras coberturas de nata\u00e7\u00e3o, maratona aqu\u00e1tica e polo aqu\u00e1tico. Formada tamb\u00e9m em Letras, a jornalista atua como assessora de imprensa, rela\u00e7\u00f5es p\u00fablicas e social media, com especializa\u00e7\u00e3o em marketing esportivo. Nadadora amadora de \u00e1guas abertas, j\u00e1 trabalhou com grandes nomes da nata\u00e7\u00e3o e do polo aqu\u00e1tico brasileiro.\",\"sameAs\":[\"https:\/\/www.instagram.com\/_katarinemonteiro\/\",\"https:\/\/www.linkedin.com\/in\/katarine-monteiro-19385297\/\",\"https:\/\/x.com\/https:\/\/twitter.com\/Katarinem\"],\"url\":\"https:\/\/swimchannel.net\/br\/author\/katarine-monteiro\/\"}]}<\/script>\n<!-- \/ Yoast SEO plugin. -->","yoast_head_json":{"title":"Campeonato Brasileiro Infantil de Ver\u00e3o come\u00e7a nesta quarta-feira (28)","description":"Competi\u00e7\u00e3o ter\u00e1 quase 600 nadadores de 13 e 14 anos e ser\u00e1 seletiva \u00fanica para o Sul-Americano Juvenil do Chile de 2019.","robots":{"index":"index","follow":"follow","max-snippet":"max-snippet:-1","max-image-preview":"max-image-preview:large","max-video-preview":"max-video-preview:-1"},"canonical":"https:\/\/swimchannel.net\/br\/campeonato-brasileiro-infantil-de-verao-comeca-amanha\/","og_locale":"pt_BR","og_type":"article","og_title":"Campeonato Brasileiro Infantil de Ver\u00e3o come\u00e7a nesta quarta-feira (28)","og_description":"Competi\u00e7\u00e3o ter\u00e1 quase 600 nadadores de 13 e 14 anos e ser\u00e1 seletiva \u00fanica para o Sul-Americano Juvenil do Chile de 2019.","og_url":"https:\/\/swimchannel.net\/br\/campeonato-brasileiro-infantil-de-verao-comeca-amanha\/","og_site_name":"Swimchannel","article_publisher":"https:\/\/www.facebook.com\/swimchannel","article_published_time":"2018-11-27T18:35:23+00:00","article_modified_time":"2018-11-27T18:59:52+00:00","og_image":[{"width":600,"height":347,"url":"https:\/\/swimchannel.net\/br\/wp-content\/uploads\/2018\/11\/alvares-cabral.jpg","type":"image\/jpeg"}],"author":"Katarine Monteiro","twitter_card":"summary_large_image","twitter_creator":"@https:\/\/twitter.com\/Katarinem","twitter_misc":{"Escrito por":"Katarine Monteiro","Est. tempo de leitura":"2 minutos"},"schema":{"@context":"https:\/\/schema.org","@graph":[{"@type":"Article","@id":"https:\/\/swimchannel.net\/br\/campeonato-brasileiro-infantil-de-verao-comeca-amanha\/#article","isPartOf":{"@id":"https:\/\/swimchannel.net\/br\/campeonato-brasileiro-infantil-de-verao-comeca-amanha\/"},"author":{"name":"Katarine Monteiro","@id":"https:\/\/swimchannel.net\/br\/#\/schema\/person\/73ae9cec62249968bca1f0a8098ef002"},"headline":"Campeonato Brasileiro Infantil de Ver\u00e3o come\u00e7a amanh\u00e3","datePublished":"2018-11-27T18:35:23+00:00","dateModified":"2018-11-27T18:59:52+00:00","mainEntityOfPage":{"@id":"https:\/\/swimchannel.net\/br\/campeonato-brasileiro-infantil-de-verao-comeca-amanha\/"},"wordCount":329,"commentCount":0,"publisher":{"@id":"https:\/\/swimchannel.net\/br\/#organization"},"image":{"@id":"https:\/\/swimchannel.net\/br\/campeonato-brasileiro-infantil-de-verao-comeca-amanha\/#primaryimage"},"thumbnailUrl":"https:\/\/swimchannel.net\/br\/wp-content\/uploads\/2018\/11\/alvares-cabral.jpg","keywords":["Campeonato Brasileiro Infantil de Nata\u00e7\u00e3o","CBDA","Lucas Tudoras","natacao","Sul Americano Juvenil"],"articleSection":["Nata\u00e7\u00e3o"],"inLanguage":"pt-BR","potentialAction":[{"@type":"CommentAction","name":"Comment","target":["https:\/\/swimchannel.net\/br\/campeonato-brasileiro-infantil-de-verao-comeca-amanha\/#respond"]}]},{"@type":"WebPage","@id":"https:\/\/swimchannel.net\/br\/campeonato-brasileiro-infantil-de-verao-comeca-amanha\/","url":"https:\/\/swimchannel.net\/br\/campeonato-brasileiro-infantil-de-verao-comeca-amanha\/","name":"Campeonato Brasileiro Infantil de Ver\u00e3o come\u00e7a nesta quarta-feira (28)","isPartOf":{"@id":"https:\/\/swimchannel.net\/br\/#website"},"primaryImageOfPage":{"@id":"https:\/\/swimchannel.net\/br\/campeonato-brasileiro-infantil-de-verao-comeca-amanha\/#primaryimage"},"image":{"@id":"https:\/\/swimchannel.net\/br\/campeonato-brasileiro-infantil-de-verao-comeca-amanha\/#primaryimage"},"thumbnailUrl":"https:\/\/swimchannel.net\/br\/wp-content\/uploads\/2018\/11\/alvares-cabral.jpg","datePublished":"2018-11-27T18:35:23+00:00","dateModified":"2018-11-27T18:59:52+00:00","description":"Competi\u00e7\u00e3o ter\u00e1 quase 600 nadadores de 13 e 14 anos e ser\u00e1 seletiva \u00fanica para o Sul-Americano Juvenil do Chile de 2019.","breadcrumb":{"@id":"https:\/\/swimchannel.net\/br\/campeonato-brasileiro-infantil-de-verao-comeca-amanha\/#breadcrumb"},"inLanguage":"pt-BR","potentialAction":[{"@type":"ReadAction","target":["https:\/\/swimchannel.net\/br\/campeonato-brasileiro-infantil-de-verao-comeca-amanha\/"]}]},{"@type":"ImageObject","inLanguage":"pt-BR","@id":"https:\/\/swimchannel.net\/br\/campeonato-brasileiro-infantil-de-verao-comeca-amanha\/#primaryimage","url":"https:\/\/swimchannel.net\/br\/wp-content\/uploads\/2018\/11\/alvares-cabral.jpg","contentUrl":"https:\/\/swimchannel.net\/br\/wp-content\/uploads\/2018\/11\/alvares-cabral.jpg","width":600,"height":347},{"@type":"BreadcrumbList","@id":"https:\/\/swimchannel.net\/br\/campeonato-brasileiro-infantil-de-verao-comeca-amanha\/#breadcrumb","itemListElement":[{"@type":"ListItem","position":1,"name":"Home","item":"https:\/\/swimchannel.net\/br\/"},{"@type":"ListItem","position":2,"name":"Campeonato Brasileiro Infantil de Ver\u00e3o come\u00e7a amanh\u00e3"}]},{"@type":"WebSite","@id":"https:\/\/swimchannel.net\/br\/#website","url":"https:\/\/swimchannel.net\/br\/","name":"Swimchannel","description":"Maior portal de nata\u00e7\u00e3o da america latina","publisher":{"@id":"https:\/\/swimchannel.net\/br\/#organization"},"potentialAction":[{"@type":"SearchAction","target":{"@type":"EntryPoint","urlTemplate":"https:\/\/swimchannel.net\/br\/?s={search_term_string}"},"query-input":{"@type":"PropertyValueSpecification","valueRequired":true,"valueName":"search_term_string"}}],"inLanguage":"pt-BR"},{"@type":"Organization","@id":"https:\/\/swimchannel.net\/br\/#organization","name":"Swimchannel - Conectando voc\u00ea a Nata\u00e7\u00e3o","url":"https:\/\/swimchannel.net\/br\/","logo":{"@type":"ImageObject","inLanguage":"pt-BR","@id":"https:\/\/swimchannel.net\/br\/#\/schema\/logo\/image\/","url":"https:\/\/swimchannel.net\/br\/wp-content\/uploads\/2026\/02\/SWIM-CHANNEL.png","contentUrl":"https:\/\/swimchannel.net\/br\/wp-content\/uploads\/2026\/02\/SWIM-CHANNEL.png","width":1120,"height":630,"caption":"Swimchannel - Conectando voc\u00ea a Nata\u00e7\u00e3o"},"image":{"@id":"https:\/\/swimchannel.net\/br\/#\/schema\/logo\/image\/"},"sameAs":["https:\/\/www.facebook.com\/swimchannel","https:\/\/www.instagram.com\/swimchannel"]},{"@type":"Person","@id":"https:\/\/swimchannel.net\/br\/#\/schema\/person\/73ae9cec62249968bca1f0a8098ef002","name":"Katarine Monteiro","image":{"@type":"ImageObject","inLanguage":"pt-BR","@id":"https:\/\/swimchannel.net\/br\/#\/schema\/person\/image\/","url":"https:\/\/swimchannel.net\/br\/wp-content\/uploads\/2022\/01\/Katarine-Monteiro-100x100.jpg","contentUrl":"https:\/\/swimchannel.net\/br\/wp-content\/uploads\/2022\/01\/Katarine-Monteiro-100x100.jpg","caption":"Katarine Monteiro"},"description":"Jornalista SWIM CHANNEL especializada em esportes ol\u00edmpicos e em sa\u00fade. Com cobertura de grandes eventos internacionais, como Jogos Ol\u00edmpicos Rio 2016, Jogos Pan-Americanos em Lima 2019, Qatar Total Open 2020, Qatar ExxonMobil Open 2019 - t\u00eanis em Doha (QT), Semana Internacional de Vela de Ilhabela, Transat Jacques Vabre 2019 (Fran\u00e7a-Brasil), L'\u00c9tape Brasil by Tour de France, j\u00e1 fez in\u00fameras coberturas de nata\u00e7\u00e3o, maratona aqu\u00e1tica e polo aqu\u00e1tico. Formada tamb\u00e9m em Letras, a jornalista atua como assessora de imprensa, rela\u00e7\u00f5es p\u00fablicas e social media, com especializa\u00e7\u00e3o em marketing esportivo. Nadadora amadora de \u00e1guas abertas, j\u00e1 trabalhou com grandes nomes da nata\u00e7\u00e3o e do polo aqu\u00e1tico brasileiro.","sameAs":["https:\/\/www.instagram.com\/_katarinemonteiro\/","https:\/\/www.linkedin.com\/in\/katarine-monteiro-19385297\/","https:\/\/x.com\/https:\/\/twitter.com\/Katarinem"],"url":"https:\/\/swimchannel.net\/br\/author\/katarine-monteiro\/"}]}},"_links":{"self":[{"href":"https:\/\/swimchannel.net\/br\/wp-json\/wp\/v2\/posts\/13298","targetHints":{"allow":["GET"]}}],"collection":[{"href":"https:\/\/swimchannel.net\/br\/wp-json\/wp\/v2\/posts"}],"about":[{"href":"https:\/\/swimchannel.net\/br\/wp-json\/wp\/v2\/types\/post"}],"author":[{"embeddable":true,"href":"https:\/\/swimchannel.net\/br\/wp-json\/wp\/v2\/users\/9"}],"replies":[{"embeddable":true,"href":"https:\/\/swimchannel.net\/br\/wp-json\/wp\/v2\/comments?post=13298"}],"version-history":[{"count":0,"href":"https:\/\/swimchannel.net\/br\/wp-json\/wp\/v2\/posts\/13298\/revisions"}],"wp:featuredmedia":[{"embeddable":true,"href":"https:\/\/swimchannel.net\/br\/wp-json\/wp\/v2\/media\/13317"}],"wp:attachment":[{"href":"https:\/\/swimchannel.net\/br\/wp-json\/wp\/v2\/media?parent=13298"}],"wp:term":[{"taxonomy":"category","embeddable":true,"href":"https:\/\/swimchannel.net\/br\/wp-json\/wp\/v2\/categories?post=13298"},{"taxonomy":"post_tag","embeddable":true,"href":"https:\/\/swimchannel.net\/br\/wp-json\/wp\/v2\/tags?post=13298"}],"curies":[{"name":"wp","href":"https:\/\/api.w.org\/{rel}","templated":true}]}}