{"id":13319,"date":"2018-11-28T13:58:16","date_gmt":"2018-11-28T13:58:16","guid":{"rendered":"https:\/\/swimchannel.flywheelsites.com\/?p=13319"},"modified":"2018-11-28T15:21:09","modified_gmt":"2018-11-28T15:21:09","slug":"xterra-swim-challenge-encerra-temporada-em-paraty","status":"publish","type":"post","link":"https:\/\/swimchannel.net\/br\/xterra-swim-challenge-encerra-temporada-em-paraty\/","title":{"rendered":"XTERRA Swim Challenge encerra temporada em Paraty"},"content":{"rendered":"<p class=\"x_MsoNormal\">A 14\u00b0 temporada do\u00a0XTERRA Brazil Tour\u00a0ser\u00e1 encerrada em\u00a0Paraty (RJ) no pr\u00f3ximo fim de semana (01 e 02 de dezembro). A e<span style=\"text-align: -webkit-center;\">di\u00e7\u00e3o ir\u00e1 definir os campe\u00f5es dos rankings gerais e de faixa et\u00e1ria de cada modalidade.\u00a0<\/span>As inscri\u00e7\u00f5es para as provas ainda est\u00e3o abertas e v\u00e3o at\u00e9 amanh\u00e3 (29). Elas podem ser realizadas\u00a0<a href=\"https:\/\/goo.gl\/yUrJWZ\" target=\"_blank\" rel=\"noopener\">aqui.<\/a><\/p>\n<p class=\"x_MsoNormal\">A cidade do litoral carioca deve receber mais de 2.000 atletas amadores e profissionais para competirem nas modalidades de\u00a0<i>Triathlon<\/i>,\u00a0<i>Trail Run<\/i>\u00a06,5 km,\u00a0<i>Trail Run<\/i>\u00a021 km,\u00a0<i>Night Run<\/i>\u00a06.5 km,\u00a0<i>MTB Cup Sport<\/i>\u00a0(27,5 km),\u00a0<i>MTB Cup Pro<\/i>\u00a0(38 km),\u00a0<i>Swim Challenge<\/i>\u00a01,5 km e 3 km e a corrida Kids.<\/p>\n<p class=\"x_MsoNormal\">A largada das duas provas de <a href=\"https:\/\/swimchannel.net\/br\/melhor-evento\/xterra-swim-challenge\/\">XTERRA Swim Challenge<\/a> ser\u00e1 feita na Praia do Pontal, sede das competi\u00e7\u00f5es. At\u00e9 agora, segundo a organiza\u00e7\u00e3o do evento, j\u00e1 s\u00e3o mais de 230 atletas inscritos somente nas provas de \u00e1guas abertas.<\/p>\n<figure id=\"attachment_13322\" aria-describedby=\"caption-attachment-13322\" style=\"width: 1004px\" class=\"wp-caption alignnone\"><img loading=\"lazy\" decoding=\"async\" class=\"wp-image-13322 size-full\" src=\"https:\/\/swimchannel.net\/br\/wp-content\/uploads\/2018\/11\/O-fenomenal-Artur-Pedroza-j\ufffd-\ufffd-o-campe\ufffdo-do-Swim-Challenge-3km-de-2018.jpg\" alt=\"\" width=\"1004\" height=\"670\" \/><figcaption id=\"caption-attachment-13322\" class=\"wp-caption-text\">Artur Pedroza j\u00e1 \u00e9 o campe\u00e3o do Swim Challenge 3km de 2018 &#8211; Foto: Divulga\u00e7\u00e3o XTERRA<\/figcaption><\/figure>\n<p class=\"x_MsoNormal\">Artur Pedroza, nadador do Resende \u00c1guas Abertas, j\u00e1 garantiu seu t\u00edtulo por antecipa\u00e7\u00e3o. Ele \u00e9 agora tetracampe\u00e3o consecutivo do Swim Challenge de 3 km, vencendo nos anos de 2015, 2016, 2017 e 2018. Daniel Costa Cunha tamb\u00e9m j\u00e1 garantiu seu t\u00edtulo de bicampe\u00e3o do\u00a0Swim Challenge\u00a01,5 km (2017 e 2018).<\/p>\n<p>A prova de 1,5 km tem largada no s\u00e1bado (01) \u00e0s\u00a015h15 e a de 3 km a partir das 15h30. O XTERRA j\u00e1 tem quatro etapas confirmadas para o ano que vem. S\u00e3o elas: XTERRA Costa Verde, em fevereiro; XTERRA Praia do Forte, em junho; XTERRA Agulhas Negras, em julho e o XTERRA Estrada Real, em setembro.<\/p>\n<p>Em 14 anos no Brasil, mais\u00a0de 138 mil atletas j\u00e1 participaram do evento que em 2018 passou pelas etapas de Costa Verde (RJ), duas vezes em Ilhabela (SP), Praia do Forte (BA), Ouro Preto (MG), Lagoa dos Ingleses (MG),\u00a0 Tiradentes (MG) e Ilha do Mel (PR).<\/p>\n<p>Veja o cronograma da \u00faltima etapa de 2018 em Paraty,\u00a0<a href=\"http:\/\/xterrabrasil.com.br\/tour\/xterra-paraty-triathlon-2018\/\" target=\"_blank\" rel=\"noopener\">clicando aqui<\/a>.<\/p>\n","protected":false},"excerpt":{"rendered":"<p>A 14\u00b0 temporada do\u00a0XTERRA Brazil Tour\u00a0ser\u00e1 encerrada em\u00a0Paraty (RJ) no pr\u00f3ximo fim de semana (01 e 02 de dezembro). A edi\u00e7\u00e3o ir\u00e1 definir os campe\u00f5es dos rankings gerais e de faixa et\u00e1ria de cada modalidade.\u00a0As inscri\u00e7\u00f5es para as provas ainda est\u00e3o abertas e v\u00e3o at\u00e9 amanh\u00e3 (29). Elas podem ser realizadas\u00a0aqui. A cidade do litoral [&hellip;]<\/p>\n","protected":false},"author":9,"featured_media":13328,"comment_status":"open","ping_status":"open","sticky":false,"template":"","format":"standard","meta":{"footnotes":""},"categories":[1],"tags":[14,481,5,344,120,343],"class_list":["post-13319","post","type-post","status-publish","format-standard","has-post-thumbnail","hentry","category-sem-categoria","tag-aguas-abertas","tag-artur-pedroza","tag-natacao","tag-paraty","tag-xterra","tag-xterra-swim-challenge"],"yoast_head":"<!-- This site is optimized with the Yoast SEO plugin v27.0 - https:\/\/yoast.com\/product\/yoast-seo-wordpress\/ -->\n<title>XTERRA Swim Challenge encerra temporada em Paraty<\/title>\n<meta name=\"description\" content=\"Competi\u00e7\u00e3o, que ser\u00e1 realizada no pr\u00f3ximo final de semana, j\u00e1 tem mais de 230 atletas inscritos e fecha temporada.\" \/>\n<meta name=\"robots\" content=\"index, follow, max-snippet:-1, max-image-preview:large, max-video-preview:-1\" \/>\n<link rel=\"canonical\" href=\"https:\/\/swimchannel.net\/br\/xterra-swim-challenge-encerra-temporada-em-paraty\/\" \/>\n<meta property=\"og:locale\" content=\"pt_BR\" \/>\n<meta property=\"og:type\" content=\"article\" \/>\n<meta property=\"og:title\" content=\"XTERRA Swim Challenge encerra temporada em Paraty\" \/>\n<meta property=\"og:description\" content=\"Competi\u00e7\u00e3o, que ser\u00e1 realizada no pr\u00f3ximo final de semana, j\u00e1 tem mais de 230 atletas inscritos e fecha temporada.\" \/>\n<meta property=\"og:url\" content=\"https:\/\/swimchannel.net\/br\/xterra-swim-challenge-encerra-temporada-em-paraty\/\" \/>\n<meta property=\"og:site_name\" content=\"Swimchannel\" \/>\n<meta property=\"article:publisher\" content=\"https:\/\/www.facebook.com\/swimchannel\" \/>\n<meta property=\"article:published_time\" content=\"2018-11-28T13:58:16+00:00\" \/>\n<meta property=\"article:modified_time\" content=\"2018-11-28T15:21:09+00:00\" \/>\n<meta property=\"og:image\" content=\"https:\/\/swimchannel.net\/br\/wp-content\/uploads\/2018\/11\/xterra.jpg\" \/>\n\t<meta property=\"og:image:width\" content=\"1200\" \/>\n\t<meta property=\"og:image:height\" content=\"674\" \/>\n\t<meta property=\"og:image:type\" content=\"image\/jpeg\" \/>\n<meta name=\"author\" content=\"Katarine Monteiro\" \/>\n<meta name=\"twitter:card\" content=\"summary_large_image\" \/>\n<meta name=\"twitter:creator\" content=\"@https:\/\/twitter.com\/Katarinem\" \/>\n<meta name=\"twitter:label1\" content=\"Escrito por\" \/>\n\t<meta name=\"twitter:data1\" content=\"Katarine Monteiro\" \/>\n\t<meta name=\"twitter:label2\" content=\"Est. tempo de leitura\" \/>\n\t<meta name=\"twitter:data2\" content=\"2 minutos\" \/>\n<script type=\"application\/ld+json\" class=\"yoast-schema-graph\">{\"@context\":\"https:\/\/schema.org\",\"@graph\":[{\"@type\":\"Article\",\"@id\":\"https:\/\/swimchannel.net\/br\/xterra-swim-challenge-encerra-temporada-em-paraty\/#article\",\"isPartOf\":{\"@id\":\"https:\/\/swimchannel.net\/br\/xterra-swim-challenge-encerra-temporada-em-paraty\/\"},\"author\":{\"name\":\"Katarine Monteiro\",\"@id\":\"https:\/\/swimchannel.net\/br\/#\/schema\/person\/73ae9cec62249968bca1f0a8098ef002\"},\"headline\":\"XTERRA Swim Challenge encerra temporada em Paraty\",\"datePublished\":\"2018-11-28T13:58:16+00:00\",\"dateModified\":\"2018-11-28T15:21:09+00:00\",\"mainEntityOfPage\":{\"@id\":\"https:\/\/swimchannel.net\/br\/xterra-swim-challenge-encerra-temporada-em-paraty\/\"},\"wordCount\":334,\"commentCount\":0,\"publisher\":{\"@id\":\"https:\/\/swimchannel.net\/br\/#organization\"},\"image\":{\"@id\":\"https:\/\/swimchannel.net\/br\/xterra-swim-challenge-encerra-temporada-em-paraty\/#primaryimage\"},\"thumbnailUrl\":\"https:\/\/swimchannel.net\/br\/wp-content\/uploads\/2018\/11\/xterra.jpg\",\"keywords\":[\"\u00c1guas abertas\",\"Artur Pedroza\",\"natacao\",\"Paraty\",\"XTERRA\",\"XTerra Swim Challenge\"],\"inLanguage\":\"pt-BR\",\"potentialAction\":[{\"@type\":\"CommentAction\",\"name\":\"Comment\",\"target\":[\"https:\/\/swimchannel.net\/br\/xterra-swim-challenge-encerra-temporada-em-paraty\/#respond\"]}]},{\"@type\":\"WebPage\",\"@id\":\"https:\/\/swimchannel.net\/br\/xterra-swim-challenge-encerra-temporada-em-paraty\/\",\"url\":\"https:\/\/swimchannel.net\/br\/xterra-swim-challenge-encerra-temporada-em-paraty\/\",\"name\":\"XTERRA Swim Challenge encerra temporada em Paraty\",\"isPartOf\":{\"@id\":\"https:\/\/swimchannel.net\/br\/#website\"},\"primaryImageOfPage\":{\"@id\":\"https:\/\/swimchannel.net\/br\/xterra-swim-challenge-encerra-temporada-em-paraty\/#primaryimage\"},\"image\":{\"@id\":\"https:\/\/swimchannel.net\/br\/xterra-swim-challenge-encerra-temporada-em-paraty\/#primaryimage\"},\"thumbnailUrl\":\"https:\/\/swimchannel.net\/br\/wp-content\/uploads\/2018\/11\/xterra.jpg\",\"datePublished\":\"2018-11-28T13:58:16+00:00\",\"dateModified\":\"2018-11-28T15:21:09+00:00\",\"description\":\"Competi\u00e7\u00e3o, que ser\u00e1 realizada no pr\u00f3ximo final de semana, j\u00e1 tem mais de 230 atletas inscritos e fecha temporada.\",\"breadcrumb\":{\"@id\":\"https:\/\/swimchannel.net\/br\/xterra-swim-challenge-encerra-temporada-em-paraty\/#breadcrumb\"},\"inLanguage\":\"pt-BR\",\"potentialAction\":[{\"@type\":\"ReadAction\",\"target\":[\"https:\/\/swimchannel.net\/br\/xterra-swim-challenge-encerra-temporada-em-paraty\/\"]}]},{\"@type\":\"ImageObject\",\"inLanguage\":\"pt-BR\",\"@id\":\"https:\/\/swimchannel.net\/br\/xterra-swim-challenge-encerra-temporada-em-paraty\/#primaryimage\",\"url\":\"https:\/\/swimchannel.net\/br\/wp-content\/uploads\/2018\/11\/xterra.jpg\",\"contentUrl\":\"https:\/\/swimchannel.net\/br\/wp-content\/uploads\/2018\/11\/xterra.jpg\",\"width\":1200,\"height\":674,\"caption\":\"XTERRA Swim Challenge - Foto: Reprodu\u00e7\u00e3o\"},{\"@type\":\"BreadcrumbList\",\"@id\":\"https:\/\/swimchannel.net\/br\/xterra-swim-challenge-encerra-temporada-em-paraty\/#breadcrumb\",\"itemListElement\":[{\"@type\":\"ListItem\",\"position\":1,\"name\":\"Home\",\"item\":\"https:\/\/swimchannel.net\/br\/\"},{\"@type\":\"ListItem\",\"position\":2,\"name\":\"XTERRA Swim Challenge encerra temporada em Paraty\"}]},{\"@type\":\"WebSite\",\"@id\":\"https:\/\/swimchannel.net\/br\/#website\",\"url\":\"https:\/\/swimchannel.net\/br\/\",\"name\":\"Swimchannel\",\"description\":\"Maior portal de nata\u00e7\u00e3o da america latina\",\"publisher\":{\"@id\":\"https:\/\/swimchannel.net\/br\/#organization\"},\"potentialAction\":[{\"@type\":\"SearchAction\",\"target\":{\"@type\":\"EntryPoint\",\"urlTemplate\":\"https:\/\/swimchannel.net\/br\/?s={search_term_string}\"},\"query-input\":{\"@type\":\"PropertyValueSpecification\",\"valueRequired\":true,\"valueName\":\"search_term_string\"}}],\"inLanguage\":\"pt-BR\"},{\"@type\":\"Organization\",\"@id\":\"https:\/\/swimchannel.net\/br\/#organization\",\"name\":\"Swimchannel - Conectando voc\u00ea a Nata\u00e7\u00e3o\",\"url\":\"https:\/\/swimchannel.net\/br\/\",\"logo\":{\"@type\":\"ImageObject\",\"inLanguage\":\"pt-BR\",\"@id\":\"https:\/\/swimchannel.net\/br\/#\/schema\/logo\/image\/\",\"url\":\"https:\/\/swimchannel.net\/br\/wp-content\/uploads\/2026\/02\/SWIM-CHANNEL.png\",\"contentUrl\":\"https:\/\/swimchannel.net\/br\/wp-content\/uploads\/2026\/02\/SWIM-CHANNEL.png\",\"width\":1120,\"height\":630,\"caption\":\"Swimchannel - Conectando voc\u00ea a Nata\u00e7\u00e3o\"},\"image\":{\"@id\":\"https:\/\/swimchannel.net\/br\/#\/schema\/logo\/image\/\"},\"sameAs\":[\"https:\/\/www.facebook.com\/swimchannel\",\"https:\/\/www.instagram.com\/swimchannel\"]},{\"@type\":\"Person\",\"@id\":\"https:\/\/swimchannel.net\/br\/#\/schema\/person\/73ae9cec62249968bca1f0a8098ef002\",\"name\":\"Katarine Monteiro\",\"image\":{\"@type\":\"ImageObject\",\"inLanguage\":\"pt-BR\",\"@id\":\"https:\/\/swimchannel.net\/br\/#\/schema\/person\/image\/\",\"url\":\"https:\/\/swimchannel.net\/br\/wp-content\/uploads\/2022\/01\/Katarine-Monteiro-100x100.jpg\",\"contentUrl\":\"https:\/\/swimchannel.net\/br\/wp-content\/uploads\/2022\/01\/Katarine-Monteiro-100x100.jpg\",\"caption\":\"Katarine Monteiro\"},\"description\":\"Jornalista SWIM CHANNEL especializada em esportes ol\u00edmpicos e em sa\u00fade. Com cobertura de grandes eventos internacionais, como Jogos Ol\u00edmpicos Rio 2016, Jogos Pan-Americanos em Lima 2019, Qatar Total Open 2020, Qatar ExxonMobil Open 2019 - t\u00eanis em Doha (QT), Semana Internacional de Vela de Ilhabela, Transat Jacques Vabre 2019 (Fran\u00e7a-Brasil), L'\u00c9tape Brasil by Tour de France, j\u00e1 fez in\u00fameras coberturas de nata\u00e7\u00e3o, maratona aqu\u00e1tica e polo aqu\u00e1tico. Formada tamb\u00e9m em Letras, a jornalista atua como assessora de imprensa, rela\u00e7\u00f5es p\u00fablicas e social media, com especializa\u00e7\u00e3o em marketing esportivo. Nadadora amadora de \u00e1guas abertas, j\u00e1 trabalhou com grandes nomes da nata\u00e7\u00e3o e do polo aqu\u00e1tico brasileiro.\",\"sameAs\":[\"https:\/\/www.instagram.com\/_katarinemonteiro\/\",\"https:\/\/www.linkedin.com\/in\/katarine-monteiro-19385297\/\",\"https:\/\/x.com\/https:\/\/twitter.com\/Katarinem\"],\"url\":\"https:\/\/swimchannel.net\/br\/author\/katarine-monteiro\/\"}]}<\/script>\n<!-- \/ Yoast SEO plugin. -->","yoast_head_json":{"title":"XTERRA Swim Challenge encerra temporada em Paraty","description":"Competi\u00e7\u00e3o, que ser\u00e1 realizada no pr\u00f3ximo final de semana, j\u00e1 tem mais de 230 atletas inscritos e fecha temporada.","robots":{"index":"index","follow":"follow","max-snippet":"max-snippet:-1","max-image-preview":"max-image-preview:large","max-video-preview":"max-video-preview:-1"},"canonical":"https:\/\/swimchannel.net\/br\/xterra-swim-challenge-encerra-temporada-em-paraty\/","og_locale":"pt_BR","og_type":"article","og_title":"XTERRA Swim Challenge encerra temporada em Paraty","og_description":"Competi\u00e7\u00e3o, que ser\u00e1 realizada no pr\u00f3ximo final de semana, j\u00e1 tem mais de 230 atletas inscritos e fecha temporada.","og_url":"https:\/\/swimchannel.net\/br\/xterra-swim-challenge-encerra-temporada-em-paraty\/","og_site_name":"Swimchannel","article_publisher":"https:\/\/www.facebook.com\/swimchannel","article_published_time":"2018-11-28T13:58:16+00:00","article_modified_time":"2018-11-28T15:21:09+00:00","og_image":[{"width":1200,"height":674,"url":"https:\/\/swimchannel.net\/br\/wp-content\/uploads\/2018\/11\/xterra.jpg","type":"image\/jpeg"}],"author":"Katarine Monteiro","twitter_card":"summary_large_image","twitter_creator":"@https:\/\/twitter.com\/Katarinem","twitter_misc":{"Escrito por":"Katarine Monteiro","Est. tempo de leitura":"2 minutos"},"schema":{"@context":"https:\/\/schema.org","@graph":[{"@type":"Article","@id":"https:\/\/swimchannel.net\/br\/xterra-swim-challenge-encerra-temporada-em-paraty\/#article","isPartOf":{"@id":"https:\/\/swimchannel.net\/br\/xterra-swim-challenge-encerra-temporada-em-paraty\/"},"author":{"name":"Katarine Monteiro","@id":"https:\/\/swimchannel.net\/br\/#\/schema\/person\/73ae9cec62249968bca1f0a8098ef002"},"headline":"XTERRA Swim Challenge encerra temporada em Paraty","datePublished":"2018-11-28T13:58:16+00:00","dateModified":"2018-11-28T15:21:09+00:00","mainEntityOfPage":{"@id":"https:\/\/swimchannel.net\/br\/xterra-swim-challenge-encerra-temporada-em-paraty\/"},"wordCount":334,"commentCount":0,"publisher":{"@id":"https:\/\/swimchannel.net\/br\/#organization"},"image":{"@id":"https:\/\/swimchannel.net\/br\/xterra-swim-challenge-encerra-temporada-em-paraty\/#primaryimage"},"thumbnailUrl":"https:\/\/swimchannel.net\/br\/wp-content\/uploads\/2018\/11\/xterra.jpg","keywords":["\u00c1guas abertas","Artur Pedroza","natacao","Paraty","XTERRA","XTerra Swim Challenge"],"inLanguage":"pt-BR","potentialAction":[{"@type":"CommentAction","name":"Comment","target":["https:\/\/swimchannel.net\/br\/xterra-swim-challenge-encerra-temporada-em-paraty\/#respond"]}]},{"@type":"WebPage","@id":"https:\/\/swimchannel.net\/br\/xterra-swim-challenge-encerra-temporada-em-paraty\/","url":"https:\/\/swimchannel.net\/br\/xterra-swim-challenge-encerra-temporada-em-paraty\/","name":"XTERRA Swim Challenge encerra temporada em Paraty","isPartOf":{"@id":"https:\/\/swimchannel.net\/br\/#website"},"primaryImageOfPage":{"@id":"https:\/\/swimchannel.net\/br\/xterra-swim-challenge-encerra-temporada-em-paraty\/#primaryimage"},"image":{"@id":"https:\/\/swimchannel.net\/br\/xterra-swim-challenge-encerra-temporada-em-paraty\/#primaryimage"},"thumbnailUrl":"https:\/\/swimchannel.net\/br\/wp-content\/uploads\/2018\/11\/xterra.jpg","datePublished":"2018-11-28T13:58:16+00:00","dateModified":"2018-11-28T15:21:09+00:00","description":"Competi\u00e7\u00e3o, que ser\u00e1 realizada no pr\u00f3ximo final de semana, j\u00e1 tem mais de 230 atletas inscritos e fecha temporada.","breadcrumb":{"@id":"https:\/\/swimchannel.net\/br\/xterra-swim-challenge-encerra-temporada-em-paraty\/#breadcrumb"},"inLanguage":"pt-BR","potentialAction":[{"@type":"ReadAction","target":["https:\/\/swimchannel.net\/br\/xterra-swim-challenge-encerra-temporada-em-paraty\/"]}]},{"@type":"ImageObject","inLanguage":"pt-BR","@id":"https:\/\/swimchannel.net\/br\/xterra-swim-challenge-encerra-temporada-em-paraty\/#primaryimage","url":"https:\/\/swimchannel.net\/br\/wp-content\/uploads\/2018\/11\/xterra.jpg","contentUrl":"https:\/\/swimchannel.net\/br\/wp-content\/uploads\/2018\/11\/xterra.jpg","width":1200,"height":674,"caption":"XTERRA Swim Challenge - Foto: Reprodu\u00e7\u00e3o"},{"@type":"BreadcrumbList","@id":"https:\/\/swimchannel.net\/br\/xterra-swim-challenge-encerra-temporada-em-paraty\/#breadcrumb","itemListElement":[{"@type":"ListItem","position":1,"name":"Home","item":"https:\/\/swimchannel.net\/br\/"},{"@type":"ListItem","position":2,"name":"XTERRA Swim Challenge encerra temporada em Paraty"}]},{"@type":"WebSite","@id":"https:\/\/swimchannel.net\/br\/#website","url":"https:\/\/swimchannel.net\/br\/","name":"Swimchannel","description":"Maior portal de nata\u00e7\u00e3o da america latina","publisher":{"@id":"https:\/\/swimchannel.net\/br\/#organization"},"potentialAction":[{"@type":"SearchAction","target":{"@type":"EntryPoint","urlTemplate":"https:\/\/swimchannel.net\/br\/?s={search_term_string}"},"query-input":{"@type":"PropertyValueSpecification","valueRequired":true,"valueName":"search_term_string"}}],"inLanguage":"pt-BR"},{"@type":"Organization","@id":"https:\/\/swimchannel.net\/br\/#organization","name":"Swimchannel - Conectando voc\u00ea a Nata\u00e7\u00e3o","url":"https:\/\/swimchannel.net\/br\/","logo":{"@type":"ImageObject","inLanguage":"pt-BR","@id":"https:\/\/swimchannel.net\/br\/#\/schema\/logo\/image\/","url":"https:\/\/swimchannel.net\/br\/wp-content\/uploads\/2026\/02\/SWIM-CHANNEL.png","contentUrl":"https:\/\/swimchannel.net\/br\/wp-content\/uploads\/2026\/02\/SWIM-CHANNEL.png","width":1120,"height":630,"caption":"Swimchannel - Conectando voc\u00ea a Nata\u00e7\u00e3o"},"image":{"@id":"https:\/\/swimchannel.net\/br\/#\/schema\/logo\/image\/"},"sameAs":["https:\/\/www.facebook.com\/swimchannel","https:\/\/www.instagram.com\/swimchannel"]},{"@type":"Person","@id":"https:\/\/swimchannel.net\/br\/#\/schema\/person\/73ae9cec62249968bca1f0a8098ef002","name":"Katarine Monteiro","image":{"@type":"ImageObject","inLanguage":"pt-BR","@id":"https:\/\/swimchannel.net\/br\/#\/schema\/person\/image\/","url":"https:\/\/swimchannel.net\/br\/wp-content\/uploads\/2022\/01\/Katarine-Monteiro-100x100.jpg","contentUrl":"https:\/\/swimchannel.net\/br\/wp-content\/uploads\/2022\/01\/Katarine-Monteiro-100x100.jpg","caption":"Katarine Monteiro"},"description":"Jornalista SWIM CHANNEL especializada em esportes ol\u00edmpicos e em sa\u00fade. Com cobertura de grandes eventos internacionais, como Jogos Ol\u00edmpicos Rio 2016, Jogos Pan-Americanos em Lima 2019, Qatar Total Open 2020, Qatar ExxonMobil Open 2019 - t\u00eanis em Doha (QT), Semana Internacional de Vela de Ilhabela, Transat Jacques Vabre 2019 (Fran\u00e7a-Brasil), L'\u00c9tape Brasil by Tour de France, j\u00e1 fez in\u00fameras coberturas de nata\u00e7\u00e3o, maratona aqu\u00e1tica e polo aqu\u00e1tico. Formada tamb\u00e9m em Letras, a jornalista atua como assessora de imprensa, rela\u00e7\u00f5es p\u00fablicas e social media, com especializa\u00e7\u00e3o em marketing esportivo. Nadadora amadora de \u00e1guas abertas, j\u00e1 trabalhou com grandes nomes da nata\u00e7\u00e3o e do polo aqu\u00e1tico brasileiro.","sameAs":["https:\/\/www.instagram.com\/_katarinemonteiro\/","https:\/\/www.linkedin.com\/in\/katarine-monteiro-19385297\/","https:\/\/x.com\/https:\/\/twitter.com\/Katarinem"],"url":"https:\/\/swimchannel.net\/br\/author\/katarine-monteiro\/"}]}},"_links":{"self":[{"href":"https:\/\/swimchannel.net\/br\/wp-json\/wp\/v2\/posts\/13319","targetHints":{"allow":["GET"]}}],"collection":[{"href":"https:\/\/swimchannel.net\/br\/wp-json\/wp\/v2\/posts"}],"about":[{"href":"https:\/\/swimchannel.net\/br\/wp-json\/wp\/v2\/types\/post"}],"author":[{"embeddable":true,"href":"https:\/\/swimchannel.net\/br\/wp-json\/wp\/v2\/users\/9"}],"replies":[{"embeddable":true,"href":"https:\/\/swimchannel.net\/br\/wp-json\/wp\/v2\/comments?post=13319"}],"version-history":[{"count":0,"href":"https:\/\/swimchannel.net\/br\/wp-json\/wp\/v2\/posts\/13319\/revisions"}],"wp:featuredmedia":[{"embeddable":true,"href":"https:\/\/swimchannel.net\/br\/wp-json\/wp\/v2\/media\/13328"}],"wp:attachment":[{"href":"https:\/\/swimchannel.net\/br\/wp-json\/wp\/v2\/media?parent=13319"}],"wp:term":[{"taxonomy":"category","embeddable":true,"href":"https:\/\/swimchannel.net\/br\/wp-json\/wp\/v2\/categories?post=13319"},{"taxonomy":"post_tag","embeddable":true,"href":"https:\/\/swimchannel.net\/br\/wp-json\/wp\/v2\/tags?post=13319"}],"curies":[{"name":"wp","href":"https:\/\/api.w.org\/{rel}","templated":true}]}}