{"id":13555,"date":"2018-12-07T18:07:17","date_gmt":"2018-12-07T18:07:17","guid":{"rendered":"https:\/\/swimchannel.flywheelsites.com\/?p=13555"},"modified":"2018-12-07T18:53:45","modified_gmt":"2018-12-07T18:53:45","slug":"um-rei-e-rainha-do-mar-natalino","status":"publish","type":"post","link":"https:\/\/swimchannel.net\/br\/um-rei-e-rainha-do-mar-natalino\/","title":{"rendered":"Um Rei e Rainha do Mar natalino"},"content":{"rendered":"<p>Esse ano se\u00a0o Papai Noel se atrasar ele ter\u00e1 um bom um motivo, porque talvez esteja dando umas bra\u00e7adas na Praia de Copacabana. Em clima natalino\u00a0o <a href=\"https:\/\/swimchannel.net\/br\/melhor-evento\/rei-e-rainha-do-mar\/\">Circuito Rei e Rainha do Mar<\/a> realiza sua \u00faltima etapa de 2018 nos dias 22 e 23 de dezembro no Rio de Janeiro. Com a previs\u00e3o de 3 a 4 mil atletas presentes,\u00a0o evento promete agitar a Cidade Maravilhosa. Mas\u00a0o presente de Natal n\u00e3o ser\u00e1 apenas participar do evento, como tamb\u00e9m poder acompanhar\u00a0o desafio de elite reunindo grandes nomes da nata\u00e7\u00e3o internacional.<\/p>\n<p>A prova principal ser\u00e1 o Super Challenge de 10 km. Idealizada e realizada pela primeira vez em 2016, como homenagem a medalha de bronze ol\u00edmpica de <a href=\"https:\/\/swimchannel.net\/br\/atleta\/poliana-okimoto\/\">Poliana Okimoto<\/a> nos Jogos Ol\u00edmpicos\u00a0do Rio-2016, a maratona aqu\u00e1tica j\u00e1 se tornou um desafio a parte no encerramento das temporadas do Rei e Rainha do Mar. Nesta edi\u00e7\u00e3o os nadadores far\u00e3o um percurso um pouco diferente do habitual. Largar\u00e3o da Praia do Leme e seguir\u00e3o em linha reta por 3,5 km. Em seguida completam uma volta de 3,25 km em um circuito, d\u00e3o uma breve corrida na areia, regressam a \u00e1gua e nadam a segunda volta dos 3,25 km totalizando os 10 km (veja na galeria de fotos abaixo).<\/p>\n<p>Assim como o Super Challenge, a categoria\u00a0Challenge tamb\u00e9m ter\u00e1 largada na Praia do Leme e os nadadores dever\u00e3o fazer um percurso linear de 3,5 km at\u00e9 chegar a Praia de Copacabana. Nas dist\u00e2ncias de Sprint e Classic, com 1 km e 2 km respectivamente, os atletas nadar\u00e3o em um circuito tendo que dar uma volta no per\u00edmetro montado pela organiza\u00e7\u00e3o. Todas as provas ser\u00e3o realizadas s\u00e1bado dia 22.<\/p>\n<div id='gallery-1' class='gallery galleryid-13555 gallery-columns-3 gallery-size-thumbnail'><figure class='gallery-item'>\n\t\t\t<div class='gallery-icon landscape'>\n\t\t\t\t<a href='https:\/\/swimchannel.net\/br\/um-rei-e-rainha-do-mar-natalino\/mapa10k\/'><img loading=\"lazy\" decoding=\"async\" width=\"304\" height=\"180\" src=\"https:\/\/swimchannel.net\/br\/wp-content\/uploads\/2018\/12\/mapa10k.jpg\" class=\"attachment-thumbnail size-thumbnail\" alt=\"\" aria-describedby=\"gallery-1-13561\" srcset=\"https:\/\/swimchannel.net\/br\/wp-content\/uploads\/2018\/12\/mapa10k.jpg 1043w, https:\/\/swimchannel.net\/br\/wp-content\/uploads\/2018\/12\/mapa10k-600x356.jpg 600w\" sizes=\"auto, (max-width: 304px) 100vw, 304px\" \/><\/a>\n\t\t\t<\/div>\n\t\t\t\t<figcaption class='wp-caption-text gallery-caption' id='gallery-1-13561'>\n\t\t\t\tPercurso do Super Challenge &#8211; Foto: Reprodu\u00e7\u00e3o\n\t\t\t\t<\/figcaption><\/figure><figure class='gallery-item'>\n\t\t\t<div class='gallery-icon landscape'>\n\t\t\t\t<a href='https:\/\/swimchannel.net\/br\/um-rei-e-rainha-do-mar-natalino\/mapa3-5k\/'><img loading=\"lazy\" decoding=\"async\" width=\"304\" height=\"180\" src=\"https:\/\/swimchannel.net\/br\/wp-content\/uploads\/2018\/12\/mapa3-5k.jpg\" class=\"attachment-thumbnail size-thumbnail\" alt=\"\" aria-describedby=\"gallery-1-13560\" srcset=\"https:\/\/swimchannel.net\/br\/wp-content\/uploads\/2018\/12\/mapa3-5k.jpg 1043w, https:\/\/swimchannel.net\/br\/wp-content\/uploads\/2018\/12\/mapa3-5k-600x356.jpg 600w\" sizes=\"auto, (max-width: 304px) 100vw, 304px\" \/><\/a>\n\t\t\t<\/div>\n\t\t\t\t<figcaption class='wp-caption-text gallery-caption' id='gallery-1-13560'>\n\t\t\t\tPercurso do Challenge &#8211; Foto: Reprodu\u00e7\u00e3o\n\t\t\t\t<\/figcaption><\/figure><figure class='gallery-item'>\n\t\t\t<div class='gallery-icon landscape'>\n\t\t\t\t<a href='https:\/\/swimchannel.net\/br\/um-rei-e-rainha-do-mar-natalino\/mapa2k\/'><img loading=\"lazy\" decoding=\"async\" width=\"304\" height=\"180\" src=\"https:\/\/swimchannel.net\/br\/wp-content\/uploads\/2018\/12\/mapa2k.jpg\" class=\"attachment-thumbnail size-thumbnail\" alt=\"\" aria-describedby=\"gallery-1-13559\" srcset=\"https:\/\/swimchannel.net\/br\/wp-content\/uploads\/2018\/12\/mapa2k.jpg 1043w, https:\/\/swimchannel.net\/br\/wp-content\/uploads\/2018\/12\/mapa2k-600x356.jpg 600w\" sizes=\"auto, (max-width: 304px) 100vw, 304px\" \/><\/a>\n\t\t\t<\/div>\n\t\t\t\t<figcaption class='wp-caption-text gallery-caption' id='gallery-1-13559'>\n\t\t\t\tPercurso do Classic &#8211; Foto: Reprodu\u00e7\u00e3o\n\t\t\t\t<\/figcaption><\/figure><figure class='gallery-item'>\n\t\t\t<div class='gallery-icon landscape'>\n\t\t\t\t<a href='https:\/\/swimchannel.net\/br\/um-rei-e-rainha-do-mar-natalino\/mapa1k\/'><img loading=\"lazy\" decoding=\"async\" width=\"304\" height=\"180\" src=\"https:\/\/swimchannel.net\/br\/wp-content\/uploads\/2018\/12\/mapa1k.jpg\" class=\"attachment-thumbnail size-thumbnail\" alt=\"\" aria-describedby=\"gallery-1-13558\" srcset=\"https:\/\/swimchannel.net\/br\/wp-content\/uploads\/2018\/12\/mapa1k.jpg 1043w, https:\/\/swimchannel.net\/br\/wp-content\/uploads\/2018\/12\/mapa1k-600x356.jpg 600w\" sizes=\"auto, (max-width: 304px) 100vw, 304px\" \/><\/a>\n\t\t\t<\/div>\n\t\t\t\t<figcaption class='wp-caption-text gallery-caption' id='gallery-1-13558'>\n\t\t\t\tPercurso do Sprint &#8211; Foto: Reprodu\u00e7\u00e3o\n\t\t\t\t<\/figcaption><\/figure><figure class='gallery-item'>\n\t\t\t<div class='gallery-icon landscape'>\n\t\t\t\t<a href='https:\/\/swimchannel.net\/br\/um-rei-e-rainha-do-mar-natalino\/mapakids\/'><img loading=\"lazy\" decoding=\"async\" width=\"304\" height=\"180\" src=\"https:\/\/swimchannel.net\/br\/wp-content\/uploads\/2018\/12\/mapakids.jpg\" class=\"attachment-thumbnail size-thumbnail\" alt=\"\" aria-describedby=\"gallery-1-13562\" srcset=\"https:\/\/swimchannel.net\/br\/wp-content\/uploads\/2018\/12\/mapakids.jpg 1043w, https:\/\/swimchannel.net\/br\/wp-content\/uploads\/2018\/12\/mapakids-600x356.jpg 600w\" sizes=\"auto, (max-width: 304px) 100vw, 304px\" \/><\/a>\n\t\t\t<\/div>\n\t\t\t\t<figcaption class='wp-caption-text gallery-caption' id='gallery-1-13562'>\n\t\t\t\tPercurso da nata\u00e7\u00e3o kids &#8211; Foto: Reprodu\u00e7\u00e3o\n\t\t\t\t<\/figcaption><\/figure>\n\t\t<\/div>\n\n<p>Al\u00e9m das provas de \u00e1guas abertas teremos atividades das demais modalidades: beach biathlon (1 km de nata\u00e7\u00e3o no mar e mais 2,5 km de corrida na areia), SUP race (nas dist\u00e2ncias de 2 km, 6,5 km e 13 km), beach run (2,5 km e 5 km de corrida na areia) e as vers\u00f5es kids de nata\u00e7\u00e3o e corrida, das no Posto da Praia da Copacabana. Presente nas etapas anteriores, Poliana Okimoto esta confirmada para a prova de beach biathlon. As inscri\u00e7\u00f5es para a etapa seguem abertas e <a href=\"http:\/\/reierainhadomar.com.br\/etapas-ativas\/2018-5rj\/\">podem ser feitas aqui<\/a>.<\/p>\n<p>Al\u00e9m das disputas amadoras haver\u00e1 o desafio elite com a presen\u00e7a de alguns dos melhores nadadores da modalidade. Entre os nomes j\u00e1 confirmados est\u00e3o os brasileiros <a href=\"https:\/\/swimchannel.net\/br\/atleta\/ana-marcela-cunha\/\">Ana Marcela Cunha<\/a>, Betina Lorscheitter, <a href=\"https:\/\/swimchannel.net\/br\/atleta\/viviane-jungblut\/\">Viviane Jungblut<\/a>, <a href=\"https:\/\/swimchannel.net\/br\/atleta\/allan-do-carmo\/\">Allan do Carmo<\/a>, Victor Colonese e <a href=\"https:\/\/swimchannel.net\/br\/atleta\/leonardo-de-deus\/\">Leonardo de Deus<\/a> e a dupla italiana Rachele Bruni e Dario Verani. Outros nomes internacionais ser\u00e3o confirmados em breve e divulgados no site do evento.<\/p>\n","protected":false},"excerpt":{"rendered":"<p>Esse ano se\u00a0o Papai Noel se atrasar ele ter\u00e1 um bom um motivo, porque talvez esteja dando umas bra\u00e7adas na Praia de Copacabana. Em clima natalino\u00a0o Circuito Rei e Rainha do Mar realiza sua \u00faltima etapa de 2018 nos dias 22 e 23 de dezembro no Rio de Janeiro. Com a previs\u00e3o de 3 a [&hellip;]<\/p>\n","protected":false},"author":3,"featured_media":13563,"comment_status":"open","ping_status":"open","sticky":false,"template":"","format":"standard","meta":{"footnotes":""},"categories":[1],"tags":[14,5,552,202,207],"class_list":["post-13555","post","type-post","status-publish","format-standard","has-post-thumbnail","hentry","category-sem-categoria","tag-aguas-abertas","tag-natacao","tag-praia-de-copacabana","tag-rei-e-rainha-do-mar","tag-rio-de-janeiro"],"yoast_head":"<!-- This site is optimized with the Yoast SEO plugin v27.0 - https:\/\/yoast.com\/product\/yoast-seo-wordpress\/ -->\n<title>Um Rei e Rainha do Mar natalino - Swimchannel<\/title>\n<meta name=\"description\" content=\"\u00daltima etapa do circuito acontecer\u00e1 junto com a disputa de elite entre os dias 22 e 23 de dezembro na Praia de Copacabana.\" \/>\n<meta name=\"robots\" content=\"index, follow, max-snippet:-1, max-image-preview:large, max-video-preview:-1\" \/>\n<link rel=\"canonical\" href=\"https:\/\/swimchannel.net\/br\/um-rei-e-rainha-do-mar-natalino\/\" \/>\n<meta property=\"og:locale\" content=\"pt_BR\" \/>\n<meta property=\"og:type\" content=\"article\" \/>\n<meta property=\"og:title\" content=\"Um Rei e Rainha do Mar natalino - Swimchannel\" \/>\n<meta property=\"og:description\" content=\"\u00daltima etapa do circuito acontecer\u00e1 junto com a disputa de elite entre os dias 22 e 23 de dezembro na Praia de Copacabana.\" \/>\n<meta property=\"og:url\" content=\"https:\/\/swimchannel.net\/br\/um-rei-e-rainha-do-mar-natalino\/\" \/>\n<meta property=\"og:site_name\" content=\"Swimchannel\" \/>\n<meta property=\"article:publisher\" content=\"https:\/\/www.facebook.com\/swimchannel\" \/>\n<meta property=\"article:published_time\" content=\"2018-12-07T18:07:17+00:00\" \/>\n<meta property=\"article:modified_time\" content=\"2018-12-07T18:53:45+00:00\" \/>\n<meta property=\"og:image\" content=\"https:\/\/swimchannel.net\/br\/wp-content\/uploads\/2018\/12\/46147273_1879925718786965_6088322321985044480_n.jpg\" \/>\n\t<meta property=\"og:image:width\" content=\"600\" \/>\n\t<meta property=\"og:image:height\" content=\"345\" \/>\n\t<meta property=\"og:image:type\" content=\"image\/jpeg\" \/>\n<meta name=\"author\" content=\"Guilherme Freitas\" \/>\n<meta name=\"twitter:card\" content=\"summary_large_image\" \/>\n<meta name=\"twitter:label1\" content=\"Escrito por\" \/>\n\t<meta name=\"twitter:data1\" content=\"Guilherme Freitas\" \/>\n\t<meta name=\"twitter:label2\" content=\"Est. tempo de leitura\" \/>\n\t<meta name=\"twitter:data2\" content=\"2 minutos\" \/>\n<script type=\"application\/ld+json\" class=\"yoast-schema-graph\">{\"@context\":\"https:\/\/schema.org\",\"@graph\":[{\"@type\":\"Article\",\"@id\":\"https:\/\/swimchannel.net\/br\/um-rei-e-rainha-do-mar-natalino\/#article\",\"isPartOf\":{\"@id\":\"https:\/\/swimchannel.net\/br\/um-rei-e-rainha-do-mar-natalino\/\"},\"author\":{\"name\":\"Guilherme Freitas\",\"@id\":\"https:\/\/swimchannel.net\/br\/#\/schema\/person\/aa2a63bab3275f53749a83276b213c48\"},\"headline\":\"Um Rei e Rainha do Mar natalino\",\"datePublished\":\"2018-12-07T18:07:17+00:00\",\"dateModified\":\"2018-12-07T18:53:45+00:00\",\"mainEntityOfPage\":{\"@id\":\"https:\/\/swimchannel.net\/br\/um-rei-e-rainha-do-mar-natalino\/\"},\"wordCount\":451,\"commentCount\":0,\"publisher\":{\"@id\":\"https:\/\/swimchannel.net\/br\/#organization\"},\"image\":{\"@id\":\"https:\/\/swimchannel.net\/br\/um-rei-e-rainha-do-mar-natalino\/#primaryimage\"},\"thumbnailUrl\":\"https:\/\/swimchannel.net\/br\/wp-content\/uploads\/2018\/12\/46147273_1879925718786965_6088322321985044480_n.jpg\",\"keywords\":[\"\u00c1guas abertas\",\"natacao\",\"Praia de Copacabana\",\"Rei e Rainha do Mar\",\"Rio de Janeiro\"],\"inLanguage\":\"pt-BR\",\"potentialAction\":[{\"@type\":\"CommentAction\",\"name\":\"Comment\",\"target\":[\"https:\/\/swimchannel.net\/br\/um-rei-e-rainha-do-mar-natalino\/#respond\"]}]},{\"@type\":\"WebPage\",\"@id\":\"https:\/\/swimchannel.net\/br\/um-rei-e-rainha-do-mar-natalino\/\",\"url\":\"https:\/\/swimchannel.net\/br\/um-rei-e-rainha-do-mar-natalino\/\",\"name\":\"Um Rei e Rainha do Mar natalino - Swimchannel\",\"isPartOf\":{\"@id\":\"https:\/\/swimchannel.net\/br\/#website\"},\"primaryImageOfPage\":{\"@id\":\"https:\/\/swimchannel.net\/br\/um-rei-e-rainha-do-mar-natalino\/#primaryimage\"},\"image\":{\"@id\":\"https:\/\/swimchannel.net\/br\/um-rei-e-rainha-do-mar-natalino\/#primaryimage\"},\"thumbnailUrl\":\"https:\/\/swimchannel.net\/br\/wp-content\/uploads\/2018\/12\/46147273_1879925718786965_6088322321985044480_n.jpg\",\"datePublished\":\"2018-12-07T18:07:17+00:00\",\"dateModified\":\"2018-12-07T18:53:45+00:00\",\"description\":\"\u00daltima etapa do circuito acontecer\u00e1 junto com a disputa de elite entre os dias 22 e 23 de dezembro na Praia de Copacabana.\",\"breadcrumb\":{\"@id\":\"https:\/\/swimchannel.net\/br\/um-rei-e-rainha-do-mar-natalino\/#breadcrumb\"},\"inLanguage\":\"pt-BR\",\"potentialAction\":[{\"@type\":\"ReadAction\",\"target\":[\"https:\/\/swimchannel.net\/br\/um-rei-e-rainha-do-mar-natalino\/\"]}]},{\"@type\":\"ImageObject\",\"inLanguage\":\"pt-BR\",\"@id\":\"https:\/\/swimchannel.net\/br\/um-rei-e-rainha-do-mar-natalino\/#primaryimage\",\"url\":\"https:\/\/swimchannel.net\/br\/wp-content\/uploads\/2018\/12\/46147273_1879925718786965_6088322321985044480_n.jpg\",\"contentUrl\":\"https:\/\/swimchannel.net\/br\/wp-content\/uploads\/2018\/12\/46147273_1879925718786965_6088322321985044480_n.jpg\",\"width\":600,\"height\":345},{\"@type\":\"BreadcrumbList\",\"@id\":\"https:\/\/swimchannel.net\/br\/um-rei-e-rainha-do-mar-natalino\/#breadcrumb\",\"itemListElement\":[{\"@type\":\"ListItem\",\"position\":1,\"name\":\"Home\",\"item\":\"https:\/\/swimchannel.net\/br\/\"},{\"@type\":\"ListItem\",\"position\":2,\"name\":\"Um Rei e Rainha do Mar natalino\"}]},{\"@type\":\"WebSite\",\"@id\":\"https:\/\/swimchannel.net\/br\/#website\",\"url\":\"https:\/\/swimchannel.net\/br\/\",\"name\":\"Swimchannel\",\"description\":\"Maior portal de nata\u00e7\u00e3o da america latina\",\"publisher\":{\"@id\":\"https:\/\/swimchannel.net\/br\/#organization\"},\"potentialAction\":[{\"@type\":\"SearchAction\",\"target\":{\"@type\":\"EntryPoint\",\"urlTemplate\":\"https:\/\/swimchannel.net\/br\/?s={search_term_string}\"},\"query-input\":{\"@type\":\"PropertyValueSpecification\",\"valueRequired\":true,\"valueName\":\"search_term_string\"}}],\"inLanguage\":\"pt-BR\"},{\"@type\":\"Organization\",\"@id\":\"https:\/\/swimchannel.net\/br\/#organization\",\"name\":\"Swimchannel - Conectando voc\u00ea a Nata\u00e7\u00e3o\",\"url\":\"https:\/\/swimchannel.net\/br\/\",\"logo\":{\"@type\":\"ImageObject\",\"inLanguage\":\"pt-BR\",\"@id\":\"https:\/\/swimchannel.net\/br\/#\/schema\/logo\/image\/\",\"url\":\"https:\/\/swimchannel.net\/br\/wp-content\/uploads\/2026\/02\/SWIM-CHANNEL.png\",\"contentUrl\":\"https:\/\/swimchannel.net\/br\/wp-content\/uploads\/2026\/02\/SWIM-CHANNEL.png\",\"width\":1120,\"height\":630,\"caption\":\"Swimchannel - Conectando voc\u00ea a Nata\u00e7\u00e3o\"},\"image\":{\"@id\":\"https:\/\/swimchannel.net\/br\/#\/schema\/logo\/image\/\"},\"sameAs\":[\"https:\/\/www.facebook.com\/swimchannel\",\"https:\/\/www.instagram.com\/swimchannel\"]},{\"@type\":\"Person\",\"@id\":\"https:\/\/swimchannel.net\/br\/#\/schema\/person\/aa2a63bab3275f53749a83276b213c48\",\"name\":\"Guilherme Freitas\",\"image\":{\"@type\":\"ImageObject\",\"inLanguage\":\"pt-BR\",\"@id\":\"https:\/\/swimchannel.net\/br\/#\/schema\/person\/image\/\",\"url\":\"https:\/\/swimchannel.net\/br\/wp-content\/uploads\/2025\/10\/gui22-193x180.png\",\"contentUrl\":\"https:\/\/swimchannel.net\/br\/wp-content\/uploads\/2025\/10\/gui22-193x180.png\",\"caption\":\"Guilherme Freitas\"},\"description\":\"Jornalista s\u00eanior da SWIM CHANNEL, ex-correspondente da FINA no Brasil e pesquisador acad\u00eamico.\",\"sameAs\":[\"instagram.com\/guifreitas86\"],\"url\":\"https:\/\/swimchannel.net\/br\/author\/guilherme-freitas\/\"}]}<\/script>\n<!-- \/ Yoast SEO plugin. -->","yoast_head_json":{"title":"Um Rei e Rainha do Mar natalino - Swimchannel","description":"\u00daltima etapa do circuito acontecer\u00e1 junto com a disputa de elite entre os dias 22 e 23 de dezembro na Praia de Copacabana.","robots":{"index":"index","follow":"follow","max-snippet":"max-snippet:-1","max-image-preview":"max-image-preview:large","max-video-preview":"max-video-preview:-1"},"canonical":"https:\/\/swimchannel.net\/br\/um-rei-e-rainha-do-mar-natalino\/","og_locale":"pt_BR","og_type":"article","og_title":"Um Rei e Rainha do Mar natalino - Swimchannel","og_description":"\u00daltima etapa do circuito acontecer\u00e1 junto com a disputa de elite entre os dias 22 e 23 de dezembro na Praia de Copacabana.","og_url":"https:\/\/swimchannel.net\/br\/um-rei-e-rainha-do-mar-natalino\/","og_site_name":"Swimchannel","article_publisher":"https:\/\/www.facebook.com\/swimchannel","article_published_time":"2018-12-07T18:07:17+00:00","article_modified_time":"2018-12-07T18:53:45+00:00","og_image":[{"width":600,"height":345,"url":"https:\/\/swimchannel.net\/br\/wp-content\/uploads\/2018\/12\/46147273_1879925718786965_6088322321985044480_n.jpg","type":"image\/jpeg"}],"author":"Guilherme Freitas","twitter_card":"summary_large_image","twitter_misc":{"Escrito por":"Guilherme Freitas","Est. tempo de leitura":"2 minutos"},"schema":{"@context":"https:\/\/schema.org","@graph":[{"@type":"Article","@id":"https:\/\/swimchannel.net\/br\/um-rei-e-rainha-do-mar-natalino\/#article","isPartOf":{"@id":"https:\/\/swimchannel.net\/br\/um-rei-e-rainha-do-mar-natalino\/"},"author":{"name":"Guilherme Freitas","@id":"https:\/\/swimchannel.net\/br\/#\/schema\/person\/aa2a63bab3275f53749a83276b213c48"},"headline":"Um Rei e Rainha do Mar natalino","datePublished":"2018-12-07T18:07:17+00:00","dateModified":"2018-12-07T18:53:45+00:00","mainEntityOfPage":{"@id":"https:\/\/swimchannel.net\/br\/um-rei-e-rainha-do-mar-natalino\/"},"wordCount":451,"commentCount":0,"publisher":{"@id":"https:\/\/swimchannel.net\/br\/#organization"},"image":{"@id":"https:\/\/swimchannel.net\/br\/um-rei-e-rainha-do-mar-natalino\/#primaryimage"},"thumbnailUrl":"https:\/\/swimchannel.net\/br\/wp-content\/uploads\/2018\/12\/46147273_1879925718786965_6088322321985044480_n.jpg","keywords":["\u00c1guas abertas","natacao","Praia de Copacabana","Rei e Rainha do Mar","Rio de Janeiro"],"inLanguage":"pt-BR","potentialAction":[{"@type":"CommentAction","name":"Comment","target":["https:\/\/swimchannel.net\/br\/um-rei-e-rainha-do-mar-natalino\/#respond"]}]},{"@type":"WebPage","@id":"https:\/\/swimchannel.net\/br\/um-rei-e-rainha-do-mar-natalino\/","url":"https:\/\/swimchannel.net\/br\/um-rei-e-rainha-do-mar-natalino\/","name":"Um Rei e Rainha do Mar natalino - Swimchannel","isPartOf":{"@id":"https:\/\/swimchannel.net\/br\/#website"},"primaryImageOfPage":{"@id":"https:\/\/swimchannel.net\/br\/um-rei-e-rainha-do-mar-natalino\/#primaryimage"},"image":{"@id":"https:\/\/swimchannel.net\/br\/um-rei-e-rainha-do-mar-natalino\/#primaryimage"},"thumbnailUrl":"https:\/\/swimchannel.net\/br\/wp-content\/uploads\/2018\/12\/46147273_1879925718786965_6088322321985044480_n.jpg","datePublished":"2018-12-07T18:07:17+00:00","dateModified":"2018-12-07T18:53:45+00:00","description":"\u00daltima etapa do circuito acontecer\u00e1 junto com a disputa de elite entre os dias 22 e 23 de dezembro na Praia de Copacabana.","breadcrumb":{"@id":"https:\/\/swimchannel.net\/br\/um-rei-e-rainha-do-mar-natalino\/#breadcrumb"},"inLanguage":"pt-BR","potentialAction":[{"@type":"ReadAction","target":["https:\/\/swimchannel.net\/br\/um-rei-e-rainha-do-mar-natalino\/"]}]},{"@type":"ImageObject","inLanguage":"pt-BR","@id":"https:\/\/swimchannel.net\/br\/um-rei-e-rainha-do-mar-natalino\/#primaryimage","url":"https:\/\/swimchannel.net\/br\/wp-content\/uploads\/2018\/12\/46147273_1879925718786965_6088322321985044480_n.jpg","contentUrl":"https:\/\/swimchannel.net\/br\/wp-content\/uploads\/2018\/12\/46147273_1879925718786965_6088322321985044480_n.jpg","width":600,"height":345},{"@type":"BreadcrumbList","@id":"https:\/\/swimchannel.net\/br\/um-rei-e-rainha-do-mar-natalino\/#breadcrumb","itemListElement":[{"@type":"ListItem","position":1,"name":"Home","item":"https:\/\/swimchannel.net\/br\/"},{"@type":"ListItem","position":2,"name":"Um Rei e Rainha do Mar natalino"}]},{"@type":"WebSite","@id":"https:\/\/swimchannel.net\/br\/#website","url":"https:\/\/swimchannel.net\/br\/","name":"Swimchannel","description":"Maior portal de nata\u00e7\u00e3o da america latina","publisher":{"@id":"https:\/\/swimchannel.net\/br\/#organization"},"potentialAction":[{"@type":"SearchAction","target":{"@type":"EntryPoint","urlTemplate":"https:\/\/swimchannel.net\/br\/?s={search_term_string}"},"query-input":{"@type":"PropertyValueSpecification","valueRequired":true,"valueName":"search_term_string"}}],"inLanguage":"pt-BR"},{"@type":"Organization","@id":"https:\/\/swimchannel.net\/br\/#organization","name":"Swimchannel - Conectando voc\u00ea a Nata\u00e7\u00e3o","url":"https:\/\/swimchannel.net\/br\/","logo":{"@type":"ImageObject","inLanguage":"pt-BR","@id":"https:\/\/swimchannel.net\/br\/#\/schema\/logo\/image\/","url":"https:\/\/swimchannel.net\/br\/wp-content\/uploads\/2026\/02\/SWIM-CHANNEL.png","contentUrl":"https:\/\/swimchannel.net\/br\/wp-content\/uploads\/2026\/02\/SWIM-CHANNEL.png","width":1120,"height":630,"caption":"Swimchannel - Conectando voc\u00ea a Nata\u00e7\u00e3o"},"image":{"@id":"https:\/\/swimchannel.net\/br\/#\/schema\/logo\/image\/"},"sameAs":["https:\/\/www.facebook.com\/swimchannel","https:\/\/www.instagram.com\/swimchannel"]},{"@type":"Person","@id":"https:\/\/swimchannel.net\/br\/#\/schema\/person\/aa2a63bab3275f53749a83276b213c48","name":"Guilherme Freitas","image":{"@type":"ImageObject","inLanguage":"pt-BR","@id":"https:\/\/swimchannel.net\/br\/#\/schema\/person\/image\/","url":"https:\/\/swimchannel.net\/br\/wp-content\/uploads\/2025\/10\/gui22-193x180.png","contentUrl":"https:\/\/swimchannel.net\/br\/wp-content\/uploads\/2025\/10\/gui22-193x180.png","caption":"Guilherme Freitas"},"description":"Jornalista s\u00eanior da SWIM CHANNEL, ex-correspondente da FINA no Brasil e pesquisador acad\u00eamico.","sameAs":["instagram.com\/guifreitas86"],"url":"https:\/\/swimchannel.net\/br\/author\/guilherme-freitas\/"}]}},"_links":{"self":[{"href":"https:\/\/swimchannel.net\/br\/wp-json\/wp\/v2\/posts\/13555","targetHints":{"allow":["GET"]}}],"collection":[{"href":"https:\/\/swimchannel.net\/br\/wp-json\/wp\/v2\/posts"}],"about":[{"href":"https:\/\/swimchannel.net\/br\/wp-json\/wp\/v2\/types\/post"}],"author":[{"embeddable":true,"href":"https:\/\/swimchannel.net\/br\/wp-json\/wp\/v2\/users\/3"}],"replies":[{"embeddable":true,"href":"https:\/\/swimchannel.net\/br\/wp-json\/wp\/v2\/comments?post=13555"}],"version-history":[{"count":0,"href":"https:\/\/swimchannel.net\/br\/wp-json\/wp\/v2\/posts\/13555\/revisions"}],"wp:featuredmedia":[{"embeddable":true,"href":"https:\/\/swimchannel.net\/br\/wp-json\/wp\/v2\/media\/13563"}],"wp:attachment":[{"href":"https:\/\/swimchannel.net\/br\/wp-json\/wp\/v2\/media?parent=13555"}],"wp:term":[{"taxonomy":"category","embeddable":true,"href":"https:\/\/swimchannel.net\/br\/wp-json\/wp\/v2\/categories?post=13555"},{"taxonomy":"post_tag","embeddable":true,"href":"https:\/\/swimchannel.net\/br\/wp-json\/wp\/v2\/tags?post=13555"}],"curies":[{"name":"wp","href":"https:\/\/api.w.org\/{rel}","templated":true}]}}