{"id":13604,"date":"2018-12-10T15:00:20","date_gmt":"2018-12-10T15:00:20","guid":{"rendered":"https:\/\/swimchannel.flywheelsites.com\/?p=13604"},"modified":"2018-12-10T17:18:03","modified_gmt":"2018-12-10T17:18:03","slug":"mau-tempo-impede-a-fuga-das-ilhas","status":"publish","type":"post","link":"https:\/\/swimchannel.net\/br\/mau-tempo-impede-a-fuga-das-ilhas\/","title":{"rendered":"Mau tempo impede a Fuga das Ilhas"},"content":{"rendered":"<p>No \u00faltimo domingo (09) aconteceria uma das mais tradicionais provas de \u00e1guas abertas do estado de S\u00e3o Paulo: a Fuga das Ilhas. Com a presen\u00e7a de quase 4.500 atletas a prova teve que ser suspensa devido as fortes e grandes ondas na Praia Barra do Sahy, local da competi\u00e7\u00e3o em S\u00e3o Sebasti\u00e3o, litoral norte de S\u00e3o Paulo.<\/p>\n<p>Entre os atletas estavam os 40 participantes do Desafio Speedo 40, uma iniciativa da marca em comemora\u00e7\u00e3o aos 40 anos no Brasil. Os participantes, que nunca haviam participado de provas de \u00e1guas abertas, receberam treinamento espec\u00edfico por seis meses com a orienta\u00e7\u00e3o de t\u00e9cnicos especializados, atletas veteranos e treinos coletivos.<\/p>\n<p>&#8220;Entrou um swell, que j\u00e1 era previsto, deu uma diminu\u00edda, mas as manobras s\u00e3o muito altas, ent\u00e3o a chance de algu\u00e9m ficar debaixo de uma escuna ia ser muito grande, al\u00e9m do que iria piorar com o tempo,\u00a0n\u00e3o tinha condi\u00e7\u00f5es para a prova ser realizada. Muitos barcos n\u00e3o conseguiram sair de Santos, ent\u00e3o uma prova sem seguran\u00e7a n\u00e3o poderia ser realizada&#8221;, contou Igor de Souza, um dos organizadores da prova.<\/p>\n<p>Al\u00e9m de organizador, Igor \u00e9\u00a0\u00a0diretor de marketing da Speedo e contou como foi a finaliza\u00e7\u00e3o do Desafio Speedo 40: &#8220;Era para ser a finaliza\u00e7\u00e3o, todos est\u00e3o aqui bem treinados, tenho certeza que todos que est\u00e3o aqui queriam terminar, quem n\u00e3o est\u00e1 aqui ou foi porque teve algum problema m\u00e9dico ou que foi desclassificado. O saldo foi bem positivo, a uni\u00e3o entre os anjos e atletas foi muito forte, acabou virando um grupo muito forte. Infelizmente n\u00e3o sei se teremos outra oportunidade de fazer um outro evento com eles, mas at\u00e9 aqui foi tudo \u00f3timo&#8221;, finaliza.<\/p>\n<div id=\"attachment_13528\" class=\"wp-caption alignnone\">\n<figure id=\"attachment_13611\" aria-describedby=\"caption-attachment-13611\" style=\"width: 618px\" class=\"wp-caption alignnone\"><img loading=\"lazy\" decoding=\"async\" class=\"wp-image-13611\" src=\"https:\/\/swimchannel.net\/br\/wp-content\/uploads\/2018\/12\/WhatsApp-Image-2018-12-10-at-11.35.20.jpeg\" alt=\"\" width=\"618\" height=\"590\" srcset=\"https:\/\/swimchannel.net\/br\/wp-content\/uploads\/2018\/12\/WhatsApp-Image-2018-12-10-at-11.35.20.jpeg 720w, https:\/\/swimchannel.net\/br\/wp-content\/uploads\/2018\/12\/WhatsApp-Image-2018-12-10-at-11.35.20-600x573.jpeg 600w\" sizes=\"auto, (max-width: 618px) 100vw, 618px\" \/><figcaption id=\"caption-attachment-13611\" class=\"wp-caption-text\">Anderson Luiz e Felippe Luque. Participantes do Speedo 40 &#8211; Foto: Katarine Monteiro\/Swim Channel<\/figcaption><\/figure>\n<\/div>\n<p>Entre as sess\u00f5es de treinos os participantes estavam empenhados na campanha\u00a0\u201cCorrenteza do Bem\u201d. A ideia foi divulgar a iniciativa para o m\u00e1ximo de pessoas poss\u00edveis e ajudar institui\u00e7\u00f5es com alimentos e materiais escolares.<\/p>\n<p>&#8220;Para mim foi supera\u00e7\u00e3o toral, estava com 121 kg e hoje estou com 99 kg. Para mim foi muita determina\u00e7\u00e3o, for\u00e7a de vontade e ajudar outras pessoas, esse \u00e9 o sentido do Desafio. Mais importante do que a prova cancelada \u00e9 a amizade que voc\u00ea faz. Meu objetivo \u00e9 continuar treinando, tenho muito foco e o meu objetivo \u00e9 fazer a Maratona Aqu\u00e1tica 14 Bis no ano que vem. As pessoas acharam que era loucura eu fazer a Fuga das Ilhas e eu estava preparado para fazer. Agora vou atr\u00e1s de novos objetivos&#8221;, contou Felippe Luque um dos participantes do Desafio.<\/p>\n<p>Para ajud\u00e1-los na miss\u00e3o a Speedo selecionou 40 anjos, atletas veteranos e que compartilharam sua experi\u00eancia na modalidade. Entre os anjos est\u00e3o nomes como Samir Barel, Marta Izo, Harry Finger e o editor-chefe da\u00a0<strong>SWIM CHANNEL<\/strong>,\u00a0Patrick Winkler.<\/p>\n<p>&#8220;Foi uma baita de uma sacada e um projeto que incentiva todos os que tem vontade de nadar no mar.\u00a0Participar desse projeto foi uma honra, porque a maior felicidade para mim \u00e9 incentivar as pessoas a nadarem as provas que j\u00e1 fizemos, nadar em lugares diferentes. O Desafio Speedo 40 beneficia n\u00e3o s\u00f3 os participantes, mas todos&#8221;, contou o ultramaratonista aqu\u00e1tico\u00a0Samir Barel.<\/p>\n<p>Anderson Luiz Nunes, tamb\u00e9m participante, contou como foi a experi\u00eancia de ter feito parte da campanha. &#8220;O Desafio Speedo 40 mudou minha vida. Eu n\u00e3o nadava, n\u00e3o fazia esporte. Hoje eu n\u00e3o bebo mais e n\u00e3o fumo. Sou outra pessoa. A import\u00e2ncia dos anjos foi saber que voc\u00ea pode chegar mais longe, assim como eles&#8221;, contou.<\/p>\n<p>https:\/\/www.instagram.com\/p\/BrL66geH5cn\/<\/p>\n<p>Harry Finger, anjo de um dos atletas, contou como foi fazer parte do grupo: &#8220;Participar foi muito interessante. Foi uma troca, poder ter passado um pouco da minha experi\u00eancia em \u00e1guas abertas para eles foi incr\u00edvel. Foram seis meses de palestras, cl\u00ednicas e treinos. A Fuga das Ilhas seria o fechamento e tenho certeza que a maioria est\u00e1 preparada. S\u00e3o 40 novos atletas que est\u00e3o entrando no esporte das maratonas aqu\u00e1ticas. A experi\u00eancia foi maravilhosa&#8221;, conta Harry.<\/p>\n<p>No site do\u00a0<a href=\"http:\/\/desafiospeedo40.com.br\/\" target=\"_blank\" rel=\"noopener\">Desafio Speedo 40<\/a>\u00a0\u00e9 poss\u00edvel encontrar mais informa\u00e7\u00f5es sobre como foi a campanha.<\/p>\n","protected":false},"excerpt":{"rendered":"<p>No \u00faltimo domingo (09) aconteceria uma das mais tradicionais provas de \u00e1guas abertas do estado de S\u00e3o Paulo: a Fuga das Ilhas. Com a presen\u00e7a de quase 4.500 atletas a prova teve que ser suspensa devido as fortes e grandes ondas na Praia Barra do Sahy, local da competi\u00e7\u00e3o em S\u00e3o Sebasti\u00e3o, litoral norte de [&hellip;]<\/p>\n","protected":false},"author":9,"featured_media":13642,"comment_status":"open","ping_status":"open","sticky":false,"template":"","format":"standard","meta":{"footnotes":""},"categories":[115],"tags":[14,1340,1083,478,5],"class_list":["post-13604","post","type-post","status-publish","format-standard","has-post-thumbnail","hentry","category-aguas-abertas","tag-aguas-abertas","tag-desafio-speedo-40","tag-fuga-das-ilhas","tag-igor-de-souza","tag-natacao"],"yoast_head":"<!-- This site is optimized with the Yoast SEO plugin v27.0 - https:\/\/yoast.com\/product\/yoast-seo-wordpress\/ -->\n<title>Mau tempo impede a Fuga das Ilhas - Swimchannel<\/title>\n<meta name=\"robots\" content=\"index, follow, max-snippet:-1, max-image-preview:large, max-video-preview:-1\" \/>\n<link rel=\"canonical\" href=\"https:\/\/swimchannel.net\/br\/mau-tempo-impede-a-fuga-das-ilhas\/\" \/>\n<meta property=\"og:locale\" content=\"pt_BR\" \/>\n<meta property=\"og:type\" content=\"article\" \/>\n<meta property=\"og:title\" content=\"Mau tempo impede a Fuga das Ilhas - Swimchannel\" \/>\n<meta property=\"og:description\" content=\"No \u00faltimo domingo (09) aconteceria uma das mais tradicionais provas de \u00e1guas abertas do estado de S\u00e3o Paulo: a Fuga das Ilhas. Com a presen\u00e7a de quase 4.500 atletas a prova teve que ser suspensa devido as fortes e grandes ondas na Praia Barra do Sahy, local da competi\u00e7\u00e3o em S\u00e3o Sebasti\u00e3o, litoral norte de [&hellip;]\" \/>\n<meta property=\"og:url\" content=\"https:\/\/swimchannel.net\/br\/mau-tempo-impede-a-fuga-das-ilhas\/\" \/>\n<meta property=\"og:site_name\" content=\"Swimchannel\" \/>\n<meta property=\"article:publisher\" content=\"https:\/\/www.facebook.com\/swimchannel\" \/>\n<meta property=\"article:published_time\" content=\"2018-12-10T15:00:20+00:00\" \/>\n<meta property=\"article:modified_time\" content=\"2018-12-10T17:18:03+00:00\" \/>\n<meta property=\"og:image\" content=\"https:\/\/swimchannel.net\/br\/wp-content\/uploads\/2018\/12\/Barra-do-Sahy-fuga.jpeg\" \/>\n\t<meta property=\"og:image:width\" content=\"600\" \/>\n\t<meta property=\"og:image:height\" content=\"345\" \/>\n\t<meta property=\"og:image:type\" content=\"image\/jpeg\" \/>\n<meta name=\"author\" content=\"Katarine Monteiro\" \/>\n<meta name=\"twitter:card\" content=\"summary_large_image\" \/>\n<meta name=\"twitter:creator\" content=\"@https:\/\/twitter.com\/Katarinem\" \/>\n<meta name=\"twitter:label1\" content=\"Escrito por\" \/>\n\t<meta name=\"twitter:data1\" content=\"Katarine Monteiro\" \/>\n\t<meta name=\"twitter:label2\" content=\"Est. tempo de leitura\" \/>\n\t<meta name=\"twitter:data2\" content=\"4 minutos\" \/>\n<script type=\"application\/ld+json\" class=\"yoast-schema-graph\">{\"@context\":\"https:\/\/schema.org\",\"@graph\":[{\"@type\":\"Article\",\"@id\":\"https:\/\/swimchannel.net\/br\/mau-tempo-impede-a-fuga-das-ilhas\/#article\",\"isPartOf\":{\"@id\":\"https:\/\/swimchannel.net\/br\/mau-tempo-impede-a-fuga-das-ilhas\/\"},\"author\":{\"name\":\"Katarine Monteiro\",\"@id\":\"https:\/\/swimchannel.net\/br\/#\/schema\/person\/73ae9cec62249968bca1f0a8098ef002\"},\"headline\":\"Mau tempo impede a Fuga das Ilhas\",\"datePublished\":\"2018-12-10T15:00:20+00:00\",\"dateModified\":\"2018-12-10T17:18:03+00:00\",\"mainEntityOfPage\":{\"@id\":\"https:\/\/swimchannel.net\/br\/mau-tempo-impede-a-fuga-das-ilhas\/\"},\"wordCount\":736,\"commentCount\":0,\"publisher\":{\"@id\":\"https:\/\/swimchannel.net\/br\/#organization\"},\"image\":{\"@id\":\"https:\/\/swimchannel.net\/br\/mau-tempo-impede-a-fuga-das-ilhas\/#primaryimage\"},\"thumbnailUrl\":\"https:\/\/swimchannel.net\/br\/wp-content\/uploads\/2018\/12\/Barra-do-Sahy-fuga.jpeg\",\"keywords\":[\"\u00c1guas abertas\",\"Desafio Speedo 40\",\"Fuga das Ilhas\",\"Igor de Souza\",\"natacao\"],\"articleSection\":[\"\u00c1guas Abertas\"],\"inLanguage\":\"pt-BR\",\"potentialAction\":[{\"@type\":\"CommentAction\",\"name\":\"Comment\",\"target\":[\"https:\/\/swimchannel.net\/br\/mau-tempo-impede-a-fuga-das-ilhas\/#respond\"]}]},{\"@type\":\"WebPage\",\"@id\":\"https:\/\/swimchannel.net\/br\/mau-tempo-impede-a-fuga-das-ilhas\/\",\"url\":\"https:\/\/swimchannel.net\/br\/mau-tempo-impede-a-fuga-das-ilhas\/\",\"name\":\"Mau tempo impede a Fuga das Ilhas - Swimchannel\",\"isPartOf\":{\"@id\":\"https:\/\/swimchannel.net\/br\/#website\"},\"primaryImageOfPage\":{\"@id\":\"https:\/\/swimchannel.net\/br\/mau-tempo-impede-a-fuga-das-ilhas\/#primaryimage\"},\"image\":{\"@id\":\"https:\/\/swimchannel.net\/br\/mau-tempo-impede-a-fuga-das-ilhas\/#primaryimage\"},\"thumbnailUrl\":\"https:\/\/swimchannel.net\/br\/wp-content\/uploads\/2018\/12\/Barra-do-Sahy-fuga.jpeg\",\"datePublished\":\"2018-12-10T15:00:20+00:00\",\"dateModified\":\"2018-12-10T17:18:03+00:00\",\"breadcrumb\":{\"@id\":\"https:\/\/swimchannel.net\/br\/mau-tempo-impede-a-fuga-das-ilhas\/#breadcrumb\"},\"inLanguage\":\"pt-BR\",\"potentialAction\":[{\"@type\":\"ReadAction\",\"target\":[\"https:\/\/swimchannel.net\/br\/mau-tempo-impede-a-fuga-das-ilhas\/\"]}]},{\"@type\":\"ImageObject\",\"inLanguage\":\"pt-BR\",\"@id\":\"https:\/\/swimchannel.net\/br\/mau-tempo-impede-a-fuga-das-ilhas\/#primaryimage\",\"url\":\"https:\/\/swimchannel.net\/br\/wp-content\/uploads\/2018\/12\/Barra-do-Sahy-fuga.jpeg\",\"contentUrl\":\"https:\/\/swimchannel.net\/br\/wp-content\/uploads\/2018\/12\/Barra-do-Sahy-fuga.jpeg\",\"width\":600,\"height\":345,\"caption\":\"Vista da Praia da Barra do Sahy - Foto: Leandro Chapeta\"},{\"@type\":\"BreadcrumbList\",\"@id\":\"https:\/\/swimchannel.net\/br\/mau-tempo-impede-a-fuga-das-ilhas\/#breadcrumb\",\"itemListElement\":[{\"@type\":\"ListItem\",\"position\":1,\"name\":\"Home\",\"item\":\"https:\/\/swimchannel.net\/br\/\"},{\"@type\":\"ListItem\",\"position\":2,\"name\":\"Mau tempo impede a Fuga das Ilhas\"}]},{\"@type\":\"WebSite\",\"@id\":\"https:\/\/swimchannel.net\/br\/#website\",\"url\":\"https:\/\/swimchannel.net\/br\/\",\"name\":\"Swimchannel\",\"description\":\"Maior portal de nata\u00e7\u00e3o da america latina\",\"publisher\":{\"@id\":\"https:\/\/swimchannel.net\/br\/#organization\"},\"potentialAction\":[{\"@type\":\"SearchAction\",\"target\":{\"@type\":\"EntryPoint\",\"urlTemplate\":\"https:\/\/swimchannel.net\/br\/?s={search_term_string}\"},\"query-input\":{\"@type\":\"PropertyValueSpecification\",\"valueRequired\":true,\"valueName\":\"search_term_string\"}}],\"inLanguage\":\"pt-BR\"},{\"@type\":\"Organization\",\"@id\":\"https:\/\/swimchannel.net\/br\/#organization\",\"name\":\"Swimchannel - Conectando voc\u00ea a Nata\u00e7\u00e3o\",\"url\":\"https:\/\/swimchannel.net\/br\/\",\"logo\":{\"@type\":\"ImageObject\",\"inLanguage\":\"pt-BR\",\"@id\":\"https:\/\/swimchannel.net\/br\/#\/schema\/logo\/image\/\",\"url\":\"https:\/\/swimchannel.net\/br\/wp-content\/uploads\/2026\/02\/SWIM-CHANNEL.png\",\"contentUrl\":\"https:\/\/swimchannel.net\/br\/wp-content\/uploads\/2026\/02\/SWIM-CHANNEL.png\",\"width\":1120,\"height\":630,\"caption\":\"Swimchannel - Conectando voc\u00ea a Nata\u00e7\u00e3o\"},\"image\":{\"@id\":\"https:\/\/swimchannel.net\/br\/#\/schema\/logo\/image\/\"},\"sameAs\":[\"https:\/\/www.facebook.com\/swimchannel\",\"https:\/\/www.instagram.com\/swimchannel\"]},{\"@type\":\"Person\",\"@id\":\"https:\/\/swimchannel.net\/br\/#\/schema\/person\/73ae9cec62249968bca1f0a8098ef002\",\"name\":\"Katarine Monteiro\",\"image\":{\"@type\":\"ImageObject\",\"inLanguage\":\"pt-BR\",\"@id\":\"https:\/\/swimchannel.net\/br\/#\/schema\/person\/image\/\",\"url\":\"https:\/\/swimchannel.net\/br\/wp-content\/uploads\/2022\/01\/Katarine-Monteiro-100x100.jpg\",\"contentUrl\":\"https:\/\/swimchannel.net\/br\/wp-content\/uploads\/2022\/01\/Katarine-Monteiro-100x100.jpg\",\"caption\":\"Katarine Monteiro\"},\"description\":\"Jornalista SWIM CHANNEL especializada em esportes ol\u00edmpicos e em sa\u00fade. Com cobertura de grandes eventos internacionais, como Jogos Ol\u00edmpicos Rio 2016, Jogos Pan-Americanos em Lima 2019, Qatar Total Open 2020, Qatar ExxonMobil Open 2019 - t\u00eanis em Doha (QT), Semana Internacional de Vela de Ilhabela, Transat Jacques Vabre 2019 (Fran\u00e7a-Brasil), L'\u00c9tape Brasil by Tour de France, j\u00e1 fez in\u00fameras coberturas de nata\u00e7\u00e3o, maratona aqu\u00e1tica e polo aqu\u00e1tico. Formada tamb\u00e9m em Letras, a jornalista atua como assessora de imprensa, rela\u00e7\u00f5es p\u00fablicas e social media, com especializa\u00e7\u00e3o em marketing esportivo. Nadadora amadora de \u00e1guas abertas, j\u00e1 trabalhou com grandes nomes da nata\u00e7\u00e3o e do polo aqu\u00e1tico brasileiro.\",\"sameAs\":[\"https:\/\/www.instagram.com\/_katarinemonteiro\/\",\"https:\/\/www.linkedin.com\/in\/katarine-monteiro-19385297\/\",\"https:\/\/x.com\/https:\/\/twitter.com\/Katarinem\"],\"url\":\"https:\/\/swimchannel.net\/br\/author\/katarine-monteiro\/\"}]}<\/script>\n<!-- \/ Yoast SEO plugin. -->","yoast_head_json":{"title":"Mau tempo impede a Fuga das Ilhas - Swimchannel","robots":{"index":"index","follow":"follow","max-snippet":"max-snippet:-1","max-image-preview":"max-image-preview:large","max-video-preview":"max-video-preview:-1"},"canonical":"https:\/\/swimchannel.net\/br\/mau-tempo-impede-a-fuga-das-ilhas\/","og_locale":"pt_BR","og_type":"article","og_title":"Mau tempo impede a Fuga das Ilhas - Swimchannel","og_description":"No \u00faltimo domingo (09) aconteceria uma das mais tradicionais provas de \u00e1guas abertas do estado de S\u00e3o Paulo: a Fuga das Ilhas. Com a presen\u00e7a de quase 4.500 atletas a prova teve que ser suspensa devido as fortes e grandes ondas na Praia Barra do Sahy, local da competi\u00e7\u00e3o em S\u00e3o Sebasti\u00e3o, litoral norte de [&hellip;]","og_url":"https:\/\/swimchannel.net\/br\/mau-tempo-impede-a-fuga-das-ilhas\/","og_site_name":"Swimchannel","article_publisher":"https:\/\/www.facebook.com\/swimchannel","article_published_time":"2018-12-10T15:00:20+00:00","article_modified_time":"2018-12-10T17:18:03+00:00","og_image":[{"width":600,"height":345,"url":"https:\/\/swimchannel.net\/br\/wp-content\/uploads\/2018\/12\/Barra-do-Sahy-fuga.jpeg","type":"image\/jpeg"}],"author":"Katarine Monteiro","twitter_card":"summary_large_image","twitter_creator":"@https:\/\/twitter.com\/Katarinem","twitter_misc":{"Escrito por":"Katarine Monteiro","Est. tempo de leitura":"4 minutos"},"schema":{"@context":"https:\/\/schema.org","@graph":[{"@type":"Article","@id":"https:\/\/swimchannel.net\/br\/mau-tempo-impede-a-fuga-das-ilhas\/#article","isPartOf":{"@id":"https:\/\/swimchannel.net\/br\/mau-tempo-impede-a-fuga-das-ilhas\/"},"author":{"name":"Katarine Monteiro","@id":"https:\/\/swimchannel.net\/br\/#\/schema\/person\/73ae9cec62249968bca1f0a8098ef002"},"headline":"Mau tempo impede a Fuga das Ilhas","datePublished":"2018-12-10T15:00:20+00:00","dateModified":"2018-12-10T17:18:03+00:00","mainEntityOfPage":{"@id":"https:\/\/swimchannel.net\/br\/mau-tempo-impede-a-fuga-das-ilhas\/"},"wordCount":736,"commentCount":0,"publisher":{"@id":"https:\/\/swimchannel.net\/br\/#organization"},"image":{"@id":"https:\/\/swimchannel.net\/br\/mau-tempo-impede-a-fuga-das-ilhas\/#primaryimage"},"thumbnailUrl":"https:\/\/swimchannel.net\/br\/wp-content\/uploads\/2018\/12\/Barra-do-Sahy-fuga.jpeg","keywords":["\u00c1guas abertas","Desafio Speedo 40","Fuga das Ilhas","Igor de Souza","natacao"],"articleSection":["\u00c1guas Abertas"],"inLanguage":"pt-BR","potentialAction":[{"@type":"CommentAction","name":"Comment","target":["https:\/\/swimchannel.net\/br\/mau-tempo-impede-a-fuga-das-ilhas\/#respond"]}]},{"@type":"WebPage","@id":"https:\/\/swimchannel.net\/br\/mau-tempo-impede-a-fuga-das-ilhas\/","url":"https:\/\/swimchannel.net\/br\/mau-tempo-impede-a-fuga-das-ilhas\/","name":"Mau tempo impede a Fuga das Ilhas - Swimchannel","isPartOf":{"@id":"https:\/\/swimchannel.net\/br\/#website"},"primaryImageOfPage":{"@id":"https:\/\/swimchannel.net\/br\/mau-tempo-impede-a-fuga-das-ilhas\/#primaryimage"},"image":{"@id":"https:\/\/swimchannel.net\/br\/mau-tempo-impede-a-fuga-das-ilhas\/#primaryimage"},"thumbnailUrl":"https:\/\/swimchannel.net\/br\/wp-content\/uploads\/2018\/12\/Barra-do-Sahy-fuga.jpeg","datePublished":"2018-12-10T15:00:20+00:00","dateModified":"2018-12-10T17:18:03+00:00","breadcrumb":{"@id":"https:\/\/swimchannel.net\/br\/mau-tempo-impede-a-fuga-das-ilhas\/#breadcrumb"},"inLanguage":"pt-BR","potentialAction":[{"@type":"ReadAction","target":["https:\/\/swimchannel.net\/br\/mau-tempo-impede-a-fuga-das-ilhas\/"]}]},{"@type":"ImageObject","inLanguage":"pt-BR","@id":"https:\/\/swimchannel.net\/br\/mau-tempo-impede-a-fuga-das-ilhas\/#primaryimage","url":"https:\/\/swimchannel.net\/br\/wp-content\/uploads\/2018\/12\/Barra-do-Sahy-fuga.jpeg","contentUrl":"https:\/\/swimchannel.net\/br\/wp-content\/uploads\/2018\/12\/Barra-do-Sahy-fuga.jpeg","width":600,"height":345,"caption":"Vista da Praia da Barra do Sahy - Foto: Leandro Chapeta"},{"@type":"BreadcrumbList","@id":"https:\/\/swimchannel.net\/br\/mau-tempo-impede-a-fuga-das-ilhas\/#breadcrumb","itemListElement":[{"@type":"ListItem","position":1,"name":"Home","item":"https:\/\/swimchannel.net\/br\/"},{"@type":"ListItem","position":2,"name":"Mau tempo impede a Fuga das Ilhas"}]},{"@type":"WebSite","@id":"https:\/\/swimchannel.net\/br\/#website","url":"https:\/\/swimchannel.net\/br\/","name":"Swimchannel","description":"Maior portal de nata\u00e7\u00e3o da america latina","publisher":{"@id":"https:\/\/swimchannel.net\/br\/#organization"},"potentialAction":[{"@type":"SearchAction","target":{"@type":"EntryPoint","urlTemplate":"https:\/\/swimchannel.net\/br\/?s={search_term_string}"},"query-input":{"@type":"PropertyValueSpecification","valueRequired":true,"valueName":"search_term_string"}}],"inLanguage":"pt-BR"},{"@type":"Organization","@id":"https:\/\/swimchannel.net\/br\/#organization","name":"Swimchannel - Conectando voc\u00ea a Nata\u00e7\u00e3o","url":"https:\/\/swimchannel.net\/br\/","logo":{"@type":"ImageObject","inLanguage":"pt-BR","@id":"https:\/\/swimchannel.net\/br\/#\/schema\/logo\/image\/","url":"https:\/\/swimchannel.net\/br\/wp-content\/uploads\/2026\/02\/SWIM-CHANNEL.png","contentUrl":"https:\/\/swimchannel.net\/br\/wp-content\/uploads\/2026\/02\/SWIM-CHANNEL.png","width":1120,"height":630,"caption":"Swimchannel - Conectando voc\u00ea a Nata\u00e7\u00e3o"},"image":{"@id":"https:\/\/swimchannel.net\/br\/#\/schema\/logo\/image\/"},"sameAs":["https:\/\/www.facebook.com\/swimchannel","https:\/\/www.instagram.com\/swimchannel"]},{"@type":"Person","@id":"https:\/\/swimchannel.net\/br\/#\/schema\/person\/73ae9cec62249968bca1f0a8098ef002","name":"Katarine Monteiro","image":{"@type":"ImageObject","inLanguage":"pt-BR","@id":"https:\/\/swimchannel.net\/br\/#\/schema\/person\/image\/","url":"https:\/\/swimchannel.net\/br\/wp-content\/uploads\/2022\/01\/Katarine-Monteiro-100x100.jpg","contentUrl":"https:\/\/swimchannel.net\/br\/wp-content\/uploads\/2022\/01\/Katarine-Monteiro-100x100.jpg","caption":"Katarine Monteiro"},"description":"Jornalista SWIM CHANNEL especializada em esportes ol\u00edmpicos e em sa\u00fade. Com cobertura de grandes eventos internacionais, como Jogos Ol\u00edmpicos Rio 2016, Jogos Pan-Americanos em Lima 2019, Qatar Total Open 2020, Qatar ExxonMobil Open 2019 - t\u00eanis em Doha (QT), Semana Internacional de Vela de Ilhabela, Transat Jacques Vabre 2019 (Fran\u00e7a-Brasil), L'\u00c9tape Brasil by Tour de France, j\u00e1 fez in\u00fameras coberturas de nata\u00e7\u00e3o, maratona aqu\u00e1tica e polo aqu\u00e1tico. Formada tamb\u00e9m em Letras, a jornalista atua como assessora de imprensa, rela\u00e7\u00f5es p\u00fablicas e social media, com especializa\u00e7\u00e3o em marketing esportivo. Nadadora amadora de \u00e1guas abertas, j\u00e1 trabalhou com grandes nomes da nata\u00e7\u00e3o e do polo aqu\u00e1tico brasileiro.","sameAs":["https:\/\/www.instagram.com\/_katarinemonteiro\/","https:\/\/www.linkedin.com\/in\/katarine-monteiro-19385297\/","https:\/\/x.com\/https:\/\/twitter.com\/Katarinem"],"url":"https:\/\/swimchannel.net\/br\/author\/katarine-monteiro\/"}]}},"_links":{"self":[{"href":"https:\/\/swimchannel.net\/br\/wp-json\/wp\/v2\/posts\/13604","targetHints":{"allow":["GET"]}}],"collection":[{"href":"https:\/\/swimchannel.net\/br\/wp-json\/wp\/v2\/posts"}],"about":[{"href":"https:\/\/swimchannel.net\/br\/wp-json\/wp\/v2\/types\/post"}],"author":[{"embeddable":true,"href":"https:\/\/swimchannel.net\/br\/wp-json\/wp\/v2\/users\/9"}],"replies":[{"embeddable":true,"href":"https:\/\/swimchannel.net\/br\/wp-json\/wp\/v2\/comments?post=13604"}],"version-history":[{"count":0,"href":"https:\/\/swimchannel.net\/br\/wp-json\/wp\/v2\/posts\/13604\/revisions"}],"wp:featuredmedia":[{"embeddable":true,"href":"https:\/\/swimchannel.net\/br\/wp-json\/wp\/v2\/media\/13642"}],"wp:attachment":[{"href":"https:\/\/swimchannel.net\/br\/wp-json\/wp\/v2\/media?parent=13604"}],"wp:term":[{"taxonomy":"category","embeddable":true,"href":"https:\/\/swimchannel.net\/br\/wp-json\/wp\/v2\/categories?post=13604"},{"taxonomy":"post_tag","embeddable":true,"href":"https:\/\/swimchannel.net\/br\/wp-json\/wp\/v2\/tags?post=13604"}],"curies":[{"name":"wp","href":"https:\/\/api.w.org\/{rel}","templated":true}]}}