{"id":16066,"date":"2019-04-04T13:58:57","date_gmt":"2019-04-04T13:58:57","guid":{"rendered":"https:\/\/swimchannel.flywheelsites.com\/?p=16066"},"modified":"2019-04-05T02:50:51","modified_gmt":"2019-04-05T02:50:51","slug":"alan-viana-se-prepara-para-o-amazon-challenge","status":"publish","type":"post","link":"https:\/\/swimchannel.net\/br\/alan-viana-se-prepara-para-o-amazon-challenge\/","title":{"rendered":"Alan Viana se prepara para o Amazon Challenge"},"content":{"rendered":"<p>O ultramaratonista aqu\u00e1tico Alan Viana ser\u00e1 o primeiro nadador a realizar o Amazon Challenge de 30 km, a mais nova ultramaratona no norte do pa\u00eds. O atleta far\u00e1 a prova entre os dias 11 e 13 de abril.\u00a0Ele ser\u00e1 o segundo a se desafiar na dist\u00e2ncia, j\u00e1 que em dezembro de 2017 o atleta Vitor Gadelha tornou-se o primeiro a realizar a prova em formato de desafio no tempo de 7h12min.<\/p>\n<p>S\u00e3o oferecidas as op\u00e7\u00f5es de provas de 18 km e 30 km, que podem ser realizadas durante todo o ano no Rio Negro, em Manaus, a partir\u00a0da reserva pr\u00e9via com a Associa\u00e7\u00e3o.<\/p>\n<p>A ultramaratona \u00e9 organizada pela Associa\u00e7\u00e3o Aqu\u00e1tica Amazonas, mesma empresa que organiza o\u00a0<a href=\"https:\/\/swimchannel.net\/br\/evento\/rio-negro-challenge-2019\/\">Rio Negro Challenge<\/a>, considerada a maior competi\u00e7\u00e3o de \u00e1guas abertas da regi\u00e3o norte do Brasil.<\/p>\n<figure id=\"attachment_16069\" aria-describedby=\"caption-attachment-16069\" style=\"width: 610px\" class=\"wp-caption alignnone\"><img loading=\"lazy\" decoding=\"async\" class=\" wp-image-16069\" src=\"https:\/\/swimchannel.net\/br\/wp-content\/uploads\/2019\/04\/53745445_301464610528431_870139279310437668_n1.jpg\" alt=\"Alan Viana se prepara para o Amazon Challenge\" width=\"610\" height=\"610\" srcset=\"https:\/\/swimchannel.net\/br\/wp-content\/uploads\/2019\/04\/53745445_301464610528431_870139279310437668_n1.jpg 900w, https:\/\/swimchannel.net\/br\/wp-content\/uploads\/2019\/04\/53745445_301464610528431_870139279310437668_n1-300x300.jpg 300w, https:\/\/swimchannel.net\/br\/wp-content\/uploads\/2019\/04\/53745445_301464610528431_870139279310437668_n1-100x100.jpg 100w, https:\/\/swimchannel.net\/br\/wp-content\/uploads\/2019\/04\/53745445_301464610528431_870139279310437668_n1-600x600.jpg 600w\" sizes=\"auto, (max-width: 610px) 100vw, 610px\" \/><figcaption id=\"caption-attachment-16069\" class=\"wp-caption-text\">Alan Viana se prepara para o Amazon Challenge<\/figcaption><\/figure>\n<p>Alan\u00a0foi at\u00e9 seus 17 anos atleta do Projeto Futuro &#8211; Ricardo Prado. Voltou a nadar depois de 15 anos e duas opera\u00e7\u00f5es no ombro e mais uma no joelho. O atleta de 35 anos \u00e9 recordista da Travessia da Ilha do Arvoredo sem traje e foi recordista da Travessia do Leme ao Pontal, al\u00e9m de quarto lugar na Ultramaratona do Rio Itapanha\u00fa e vice-campe\u00e3o nos 15 km do Desafios Aquaman em Capit\u00f3lio.<\/p>\n<p>Seu grande pr\u00f3ximo desafio ser\u00e1 o Canal da Mancha, em julho de 2020. &#8220;Para me manter motivado at\u00e9 o Canal da Mancha precisava de mais um desafio grande para esse ano. O Pierre Gadelha, organizador da Challenge Amazon, me fez o convite e topei na hora o desafio. J\u00e1 nadei os 8,5 km em Manaus em 2017 em uma prova que tive a honra de subir ao p\u00f3dio geral junto com o Allan do Carmo. Sei que ser\u00e1 uma prova dura e desgastante, mas a ideia \u00e9 nadar abaixo de 7 horas os 30 km&#8221;, comenta o nadador.<\/p>\n<p>A prova de 30 km sair\u00e1 da Praia do A\u00e7utuba no munic\u00edpio de Iranduba e tem chegada na Praia da Ponta Negra, em Manaus.<\/p>\n<figure id=\"attachment_16068\" aria-describedby=\"caption-attachment-16068\" style=\"width: 1080px\" class=\"wp-caption alignnone\"><img loading=\"lazy\" decoding=\"async\" class=\"size-full wp-image-16068\" src=\"https:\/\/swimchannel.net\/br\/wp-content\/uploads\/2019\/04\/47151772_780424358969237_8184810880421503445_n1.jpg\" alt=\"Alan Viana se prepara para o Amazon Challenge. Foto: @alanviana20\" width=\"1080\" height=\"1080\" srcset=\"https:\/\/swimchannel.net\/br\/wp-content\/uploads\/2019\/04\/47151772_780424358969237_8184810880421503445_n1.jpg 1080w, https:\/\/swimchannel.net\/br\/wp-content\/uploads\/2019\/04\/47151772_780424358969237_8184810880421503445_n1-300x300.jpg 300w, https:\/\/swimchannel.net\/br\/wp-content\/uploads\/2019\/04\/47151772_780424358969237_8184810880421503445_n1-100x100.jpg 100w, https:\/\/swimchannel.net\/br\/wp-content\/uploads\/2019\/04\/47151772_780424358969237_8184810880421503445_n1-600x600.jpg 600w\" sizes=\"auto, (max-width: 1080px) 100vw, 1080px\" \/><figcaption id=\"caption-attachment-16068\" class=\"wp-caption-text\">Alan Viana se prepara para o Amazon Challenge &#8211; Foto: @alanviana20\/Instagram<\/figcaption><\/figure>\n<p>O Amazon Challenge foi idealizado ap\u00f3s a realiza\u00e7\u00e3o do Rio Negro Challenge Amaz\u00f4nia 30k, em 2015, quando 18 atletas nadaram entre a Praia do A\u00e7utuba e a Praia da Ponta Negra.\u00a0Com muitas adversidades pelo caminho, como alta temperatura, elevado grau de acidez, densidade da \u00e1gua e fortes correntezas, a ultramaratona promete ser uma das mais desafiadoras do pa\u00eds.<\/p>\n<p>&#8220;Minha base para esse ano foi bem forte. As provas do Rio Itapanha\u00fa e Capit\u00f3lio,ambas de 15 km, serviram como prepara\u00e7\u00f5es perfeitas para o rio pesado e quente que irei encontrar por l\u00e1. Tendo sucesso no meu objetivo serei o \u00fanico brasileiro a nadar as tr\u00eas principais ultras solo do Brasil batendo o recorde em todas elas. Estou preparado e na expectativa mais uma vez de nadar em Manaus e contemplar as belezas do Rio Negro&#8221;, completa.<\/p>\n<p>Para se inscrever e obter mais informa\u00e7\u00f5es sobre o Amazon Challenge entre em contato com os organizadores atrav\u00e9s do e-mail\u00a0<a href=\"https:\/\/swimchannel.net\/br\/amazon-challenge-e-a-mais-nova-ultramaratona-aquatica-do-brasil\/amazonchallenge@aquaticaamazonas.com.br\">amazonchallenge@aquaticaamazonas.com.br<\/a>\u00a0ou pelo telefone (92) 981673339. A primeira etapa do Rio Negro Challenge ser\u00e1 dia 19 de maio e\u00a0<a href=\"https:\/\/swimchannel.net\/br\/evento\/rio-negro-challenge-2019\/\">est\u00e1 com inscri\u00e7\u00f5es abertas via\u00a0<strong>SWIM CHANNEL<\/strong><\/a>.<\/p>\n","protected":false},"excerpt":{"rendered":"<p>O ultramaratonista aqu\u00e1tico Alan Viana ser\u00e1 o primeiro nadador a realizar o Amazon Challenge de 30 km, a mais nova ultramaratona no norte do pa\u00eds. O atleta far\u00e1 a prova entre os dias 11 e 13 de abril.\u00a0Ele ser\u00e1 o segundo a se desafiar na dist\u00e2ncia, j\u00e1 que em dezembro de 2017 o atleta Vitor [&hellip;]<\/p>\n","protected":false},"author":9,"featured_media":16102,"comment_status":"open","ping_status":"open","sticky":false,"template":"","format":"standard","meta":{"footnotes":""},"categories":[115],"tags":[14,1751,1660,5,703],"class_list":["post-16066","post","type-post","status-publish","format-standard","has-post-thumbnail","hentry","category-aguas-abertas","tag-aguas-abertas","tag-alan-viana","tag-amazon-challenge","tag-natacao","tag-rio-negro"],"yoast_head":"<!-- This site is optimized with the Yoast SEO plugin v27.0 - https:\/\/yoast.com\/product\/yoast-seo-wordpress\/ -->\n<title>Alan Viana se prepara para o Amazon Challenge<\/title>\n<meta name=\"description\" content=\"O ultramaratonista aqu\u00e1tico Alan Viana ser\u00e1 o primeiro nadador a realizar o Amazon Challenge, de 30 km, uma nova ultramaratona no norte do pa\u00eds.\" \/>\n<meta name=\"robots\" content=\"index, follow, max-snippet:-1, max-image-preview:large, max-video-preview:-1\" \/>\n<link rel=\"canonical\" href=\"https:\/\/swimchannel.net\/br\/alan-viana-se-prepara-para-o-amazon-challenge\/\" \/>\n<meta property=\"og:locale\" content=\"pt_BR\" \/>\n<meta property=\"og:type\" content=\"article\" \/>\n<meta property=\"og:title\" content=\"Alan Viana se prepara para o Amazon Challenge\" \/>\n<meta property=\"og:description\" content=\"O ultramaratonista aqu\u00e1tico Alan Viana ser\u00e1 o primeiro nadador a realizar o Amazon Challenge, de 30 km, uma nova ultramaratona no norte do pa\u00eds.\" \/>\n<meta property=\"og:url\" content=\"https:\/\/swimchannel.net\/br\/alan-viana-se-prepara-para-o-amazon-challenge\/\" \/>\n<meta property=\"og:site_name\" content=\"Swimchannel\" \/>\n<meta property=\"article:publisher\" content=\"https:\/\/www.facebook.com\/swimchannel\" \/>\n<meta property=\"article:published_time\" content=\"2019-04-04T13:58:57+00:00\" \/>\n<meta property=\"article:modified_time\" content=\"2019-04-05T02:50:51+00:00\" \/>\n<meta property=\"og:image\" content=\"https:\/\/swimchannel.net\/br\/wp-content\/uploads\/2019\/04\/aviana.jpg\" \/>\n\t<meta property=\"og:image:width\" content=\"1200\" \/>\n\t<meta property=\"og:image:height\" content=\"675\" \/>\n\t<meta property=\"og:image:type\" content=\"image\/jpeg\" \/>\n<meta name=\"author\" content=\"Katarine Monteiro\" \/>\n<meta name=\"twitter:card\" content=\"summary_large_image\" \/>\n<meta name=\"twitter:creator\" content=\"@https:\/\/twitter.com\/Katarinem\" \/>\n<meta name=\"twitter:label1\" content=\"Escrito por\" \/>\n\t<meta name=\"twitter:data1\" content=\"Katarine Monteiro\" \/>\n\t<meta name=\"twitter:label2\" content=\"Est. tempo de leitura\" \/>\n\t<meta name=\"twitter:data2\" content=\"3 minutos\" \/>\n<script type=\"application\/ld+json\" class=\"yoast-schema-graph\">{\"@context\":\"https:\/\/schema.org\",\"@graph\":[{\"@type\":\"Article\",\"@id\":\"https:\/\/swimchannel.net\/br\/alan-viana-se-prepara-para-o-amazon-challenge\/#article\",\"isPartOf\":{\"@id\":\"https:\/\/swimchannel.net\/br\/alan-viana-se-prepara-para-o-amazon-challenge\/\"},\"author\":{\"name\":\"Katarine Monteiro\",\"@id\":\"https:\/\/swimchannel.net\/br\/#\/schema\/person\/73ae9cec62249968bca1f0a8098ef002\"},\"headline\":\"Alan Viana se prepara para o Amazon Challenge\",\"datePublished\":\"2019-04-04T13:58:57+00:00\",\"dateModified\":\"2019-04-05T02:50:51+00:00\",\"mainEntityOfPage\":{\"@id\":\"https:\/\/swimchannel.net\/br\/alan-viana-se-prepara-para-o-amazon-challenge\/\"},\"wordCount\":562,\"commentCount\":0,\"publisher\":{\"@id\":\"https:\/\/swimchannel.net\/br\/#organization\"},\"image\":{\"@id\":\"https:\/\/swimchannel.net\/br\/alan-viana-se-prepara-para-o-amazon-challenge\/#primaryimage\"},\"thumbnailUrl\":\"https:\/\/swimchannel.net\/br\/wp-content\/uploads\/2019\/04\/aviana.jpg\",\"keywords\":[\"\u00c1guas abertas\",\"Alan Viana\",\"Amazon Challenge\",\"natacao\",\"Rio Negro\"],\"articleSection\":[\"\u00c1guas Abertas\"],\"inLanguage\":\"pt-BR\",\"potentialAction\":[{\"@type\":\"CommentAction\",\"name\":\"Comment\",\"target\":[\"https:\/\/swimchannel.net\/br\/alan-viana-se-prepara-para-o-amazon-challenge\/#respond\"]}]},{\"@type\":\"WebPage\",\"@id\":\"https:\/\/swimchannel.net\/br\/alan-viana-se-prepara-para-o-amazon-challenge\/\",\"url\":\"https:\/\/swimchannel.net\/br\/alan-viana-se-prepara-para-o-amazon-challenge\/\",\"name\":\"Alan Viana se prepara para o Amazon Challenge\",\"isPartOf\":{\"@id\":\"https:\/\/swimchannel.net\/br\/#website\"},\"primaryImageOfPage\":{\"@id\":\"https:\/\/swimchannel.net\/br\/alan-viana-se-prepara-para-o-amazon-challenge\/#primaryimage\"},\"image\":{\"@id\":\"https:\/\/swimchannel.net\/br\/alan-viana-se-prepara-para-o-amazon-challenge\/#primaryimage\"},\"thumbnailUrl\":\"https:\/\/swimchannel.net\/br\/wp-content\/uploads\/2019\/04\/aviana.jpg\",\"datePublished\":\"2019-04-04T13:58:57+00:00\",\"dateModified\":\"2019-04-05T02:50:51+00:00\",\"description\":\"O ultramaratonista aqu\u00e1tico Alan Viana ser\u00e1 o primeiro nadador a realizar o Amazon Challenge, de 30 km, uma nova ultramaratona no norte do pa\u00eds.\",\"breadcrumb\":{\"@id\":\"https:\/\/swimchannel.net\/br\/alan-viana-se-prepara-para-o-amazon-challenge\/#breadcrumb\"},\"inLanguage\":\"pt-BR\",\"potentialAction\":[{\"@type\":\"ReadAction\",\"target\":[\"https:\/\/swimchannel.net\/br\/alan-viana-se-prepara-para-o-amazon-challenge\/\"]}]},{\"@type\":\"ImageObject\",\"inLanguage\":\"pt-BR\",\"@id\":\"https:\/\/swimchannel.net\/br\/alan-viana-se-prepara-para-o-amazon-challenge\/#primaryimage\",\"url\":\"https:\/\/swimchannel.net\/br\/wp-content\/uploads\/2019\/04\/aviana.jpg\",\"contentUrl\":\"https:\/\/swimchannel.net\/br\/wp-content\/uploads\/2019\/04\/aviana.jpg\",\"width\":1200,\"height\":675,\"caption\":\"Alan Viana se prepara para o Amazon Challenge - Foto: @alanviana20\/Instagram\"},{\"@type\":\"BreadcrumbList\",\"@id\":\"https:\/\/swimchannel.net\/br\/alan-viana-se-prepara-para-o-amazon-challenge\/#breadcrumb\",\"itemListElement\":[{\"@type\":\"ListItem\",\"position\":1,\"name\":\"Home\",\"item\":\"https:\/\/swimchannel.net\/br\/\"},{\"@type\":\"ListItem\",\"position\":2,\"name\":\"Alan Viana se prepara para o Amazon Challenge\"}]},{\"@type\":\"WebSite\",\"@id\":\"https:\/\/swimchannel.net\/br\/#website\",\"url\":\"https:\/\/swimchannel.net\/br\/\",\"name\":\"Swimchannel\",\"description\":\"Maior portal de nata\u00e7\u00e3o da america latina\",\"publisher\":{\"@id\":\"https:\/\/swimchannel.net\/br\/#organization\"},\"potentialAction\":[{\"@type\":\"SearchAction\",\"target\":{\"@type\":\"EntryPoint\",\"urlTemplate\":\"https:\/\/swimchannel.net\/br\/?s={search_term_string}\"},\"query-input\":{\"@type\":\"PropertyValueSpecification\",\"valueRequired\":true,\"valueName\":\"search_term_string\"}}],\"inLanguage\":\"pt-BR\"},{\"@type\":\"Organization\",\"@id\":\"https:\/\/swimchannel.net\/br\/#organization\",\"name\":\"Swimchannel - Conectando voc\u00ea a Nata\u00e7\u00e3o\",\"url\":\"https:\/\/swimchannel.net\/br\/\",\"logo\":{\"@type\":\"ImageObject\",\"inLanguage\":\"pt-BR\",\"@id\":\"https:\/\/swimchannel.net\/br\/#\/schema\/logo\/image\/\",\"url\":\"https:\/\/swimchannel.net\/br\/wp-content\/uploads\/2026\/02\/SWIM-CHANNEL.png\",\"contentUrl\":\"https:\/\/swimchannel.net\/br\/wp-content\/uploads\/2026\/02\/SWIM-CHANNEL.png\",\"width\":1120,\"height\":630,\"caption\":\"Swimchannel - Conectando voc\u00ea a Nata\u00e7\u00e3o\"},\"image\":{\"@id\":\"https:\/\/swimchannel.net\/br\/#\/schema\/logo\/image\/\"},\"sameAs\":[\"https:\/\/www.facebook.com\/swimchannel\",\"https:\/\/www.instagram.com\/swimchannel\"]},{\"@type\":\"Person\",\"@id\":\"https:\/\/swimchannel.net\/br\/#\/schema\/person\/73ae9cec62249968bca1f0a8098ef002\",\"name\":\"Katarine Monteiro\",\"image\":{\"@type\":\"ImageObject\",\"inLanguage\":\"pt-BR\",\"@id\":\"https:\/\/swimchannel.net\/br\/#\/schema\/person\/image\/\",\"url\":\"https:\/\/swimchannel.net\/br\/wp-content\/uploads\/2022\/01\/Katarine-Monteiro-100x100.jpg\",\"contentUrl\":\"https:\/\/swimchannel.net\/br\/wp-content\/uploads\/2022\/01\/Katarine-Monteiro-100x100.jpg\",\"caption\":\"Katarine Monteiro\"},\"description\":\"Jornalista SWIM CHANNEL especializada em esportes ol\u00edmpicos e em sa\u00fade. Com cobertura de grandes eventos internacionais, como Jogos Ol\u00edmpicos Rio 2016, Jogos Pan-Americanos em Lima 2019, Qatar Total Open 2020, Qatar ExxonMobil Open 2019 - t\u00eanis em Doha (QT), Semana Internacional de Vela de Ilhabela, Transat Jacques Vabre 2019 (Fran\u00e7a-Brasil), L'\u00c9tape Brasil by Tour de France, j\u00e1 fez in\u00fameras coberturas de nata\u00e7\u00e3o, maratona aqu\u00e1tica e polo aqu\u00e1tico. Formada tamb\u00e9m em Letras, a jornalista atua como assessora de imprensa, rela\u00e7\u00f5es p\u00fablicas e social media, com especializa\u00e7\u00e3o em marketing esportivo. Nadadora amadora de \u00e1guas abertas, j\u00e1 trabalhou com grandes nomes da nata\u00e7\u00e3o e do polo aqu\u00e1tico brasileiro.\",\"sameAs\":[\"https:\/\/www.instagram.com\/_katarinemonteiro\/\",\"https:\/\/www.linkedin.com\/in\/katarine-monteiro-19385297\/\",\"https:\/\/x.com\/https:\/\/twitter.com\/Katarinem\"],\"url\":\"https:\/\/swimchannel.net\/br\/author\/katarine-monteiro\/\"}]}<\/script>\n<!-- \/ Yoast SEO plugin. -->","yoast_head_json":{"title":"Alan Viana se prepara para o Amazon Challenge","description":"O ultramaratonista aqu\u00e1tico Alan Viana ser\u00e1 o primeiro nadador a realizar o Amazon Challenge, de 30 km, uma nova ultramaratona no norte do pa\u00eds.","robots":{"index":"index","follow":"follow","max-snippet":"max-snippet:-1","max-image-preview":"max-image-preview:large","max-video-preview":"max-video-preview:-1"},"canonical":"https:\/\/swimchannel.net\/br\/alan-viana-se-prepara-para-o-amazon-challenge\/","og_locale":"pt_BR","og_type":"article","og_title":"Alan Viana se prepara para o Amazon Challenge","og_description":"O ultramaratonista aqu\u00e1tico Alan Viana ser\u00e1 o primeiro nadador a realizar o Amazon Challenge, de 30 km, uma nova ultramaratona no norte do pa\u00eds.","og_url":"https:\/\/swimchannel.net\/br\/alan-viana-se-prepara-para-o-amazon-challenge\/","og_site_name":"Swimchannel","article_publisher":"https:\/\/www.facebook.com\/swimchannel","article_published_time":"2019-04-04T13:58:57+00:00","article_modified_time":"2019-04-05T02:50:51+00:00","og_image":[{"width":1200,"height":675,"url":"https:\/\/swimchannel.net\/br\/wp-content\/uploads\/2019\/04\/aviana.jpg","type":"image\/jpeg"}],"author":"Katarine Monteiro","twitter_card":"summary_large_image","twitter_creator":"@https:\/\/twitter.com\/Katarinem","twitter_misc":{"Escrito por":"Katarine Monteiro","Est. tempo de leitura":"3 minutos"},"schema":{"@context":"https:\/\/schema.org","@graph":[{"@type":"Article","@id":"https:\/\/swimchannel.net\/br\/alan-viana-se-prepara-para-o-amazon-challenge\/#article","isPartOf":{"@id":"https:\/\/swimchannel.net\/br\/alan-viana-se-prepara-para-o-amazon-challenge\/"},"author":{"name":"Katarine Monteiro","@id":"https:\/\/swimchannel.net\/br\/#\/schema\/person\/73ae9cec62249968bca1f0a8098ef002"},"headline":"Alan Viana se prepara para o Amazon Challenge","datePublished":"2019-04-04T13:58:57+00:00","dateModified":"2019-04-05T02:50:51+00:00","mainEntityOfPage":{"@id":"https:\/\/swimchannel.net\/br\/alan-viana-se-prepara-para-o-amazon-challenge\/"},"wordCount":562,"commentCount":0,"publisher":{"@id":"https:\/\/swimchannel.net\/br\/#organization"},"image":{"@id":"https:\/\/swimchannel.net\/br\/alan-viana-se-prepara-para-o-amazon-challenge\/#primaryimage"},"thumbnailUrl":"https:\/\/swimchannel.net\/br\/wp-content\/uploads\/2019\/04\/aviana.jpg","keywords":["\u00c1guas abertas","Alan Viana","Amazon Challenge","natacao","Rio Negro"],"articleSection":["\u00c1guas Abertas"],"inLanguage":"pt-BR","potentialAction":[{"@type":"CommentAction","name":"Comment","target":["https:\/\/swimchannel.net\/br\/alan-viana-se-prepara-para-o-amazon-challenge\/#respond"]}]},{"@type":"WebPage","@id":"https:\/\/swimchannel.net\/br\/alan-viana-se-prepara-para-o-amazon-challenge\/","url":"https:\/\/swimchannel.net\/br\/alan-viana-se-prepara-para-o-amazon-challenge\/","name":"Alan Viana se prepara para o Amazon Challenge","isPartOf":{"@id":"https:\/\/swimchannel.net\/br\/#website"},"primaryImageOfPage":{"@id":"https:\/\/swimchannel.net\/br\/alan-viana-se-prepara-para-o-amazon-challenge\/#primaryimage"},"image":{"@id":"https:\/\/swimchannel.net\/br\/alan-viana-se-prepara-para-o-amazon-challenge\/#primaryimage"},"thumbnailUrl":"https:\/\/swimchannel.net\/br\/wp-content\/uploads\/2019\/04\/aviana.jpg","datePublished":"2019-04-04T13:58:57+00:00","dateModified":"2019-04-05T02:50:51+00:00","description":"O ultramaratonista aqu\u00e1tico Alan Viana ser\u00e1 o primeiro nadador a realizar o Amazon Challenge, de 30 km, uma nova ultramaratona no norte do pa\u00eds.","breadcrumb":{"@id":"https:\/\/swimchannel.net\/br\/alan-viana-se-prepara-para-o-amazon-challenge\/#breadcrumb"},"inLanguage":"pt-BR","potentialAction":[{"@type":"ReadAction","target":["https:\/\/swimchannel.net\/br\/alan-viana-se-prepara-para-o-amazon-challenge\/"]}]},{"@type":"ImageObject","inLanguage":"pt-BR","@id":"https:\/\/swimchannel.net\/br\/alan-viana-se-prepara-para-o-amazon-challenge\/#primaryimage","url":"https:\/\/swimchannel.net\/br\/wp-content\/uploads\/2019\/04\/aviana.jpg","contentUrl":"https:\/\/swimchannel.net\/br\/wp-content\/uploads\/2019\/04\/aviana.jpg","width":1200,"height":675,"caption":"Alan Viana se prepara para o Amazon Challenge - Foto: @alanviana20\/Instagram"},{"@type":"BreadcrumbList","@id":"https:\/\/swimchannel.net\/br\/alan-viana-se-prepara-para-o-amazon-challenge\/#breadcrumb","itemListElement":[{"@type":"ListItem","position":1,"name":"Home","item":"https:\/\/swimchannel.net\/br\/"},{"@type":"ListItem","position":2,"name":"Alan Viana se prepara para o Amazon Challenge"}]},{"@type":"WebSite","@id":"https:\/\/swimchannel.net\/br\/#website","url":"https:\/\/swimchannel.net\/br\/","name":"Swimchannel","description":"Maior portal de nata\u00e7\u00e3o da america latina","publisher":{"@id":"https:\/\/swimchannel.net\/br\/#organization"},"potentialAction":[{"@type":"SearchAction","target":{"@type":"EntryPoint","urlTemplate":"https:\/\/swimchannel.net\/br\/?s={search_term_string}"},"query-input":{"@type":"PropertyValueSpecification","valueRequired":true,"valueName":"search_term_string"}}],"inLanguage":"pt-BR"},{"@type":"Organization","@id":"https:\/\/swimchannel.net\/br\/#organization","name":"Swimchannel - Conectando voc\u00ea a Nata\u00e7\u00e3o","url":"https:\/\/swimchannel.net\/br\/","logo":{"@type":"ImageObject","inLanguage":"pt-BR","@id":"https:\/\/swimchannel.net\/br\/#\/schema\/logo\/image\/","url":"https:\/\/swimchannel.net\/br\/wp-content\/uploads\/2026\/02\/SWIM-CHANNEL.png","contentUrl":"https:\/\/swimchannel.net\/br\/wp-content\/uploads\/2026\/02\/SWIM-CHANNEL.png","width":1120,"height":630,"caption":"Swimchannel - Conectando voc\u00ea a Nata\u00e7\u00e3o"},"image":{"@id":"https:\/\/swimchannel.net\/br\/#\/schema\/logo\/image\/"},"sameAs":["https:\/\/www.facebook.com\/swimchannel","https:\/\/www.instagram.com\/swimchannel"]},{"@type":"Person","@id":"https:\/\/swimchannel.net\/br\/#\/schema\/person\/73ae9cec62249968bca1f0a8098ef002","name":"Katarine Monteiro","image":{"@type":"ImageObject","inLanguage":"pt-BR","@id":"https:\/\/swimchannel.net\/br\/#\/schema\/person\/image\/","url":"https:\/\/swimchannel.net\/br\/wp-content\/uploads\/2022\/01\/Katarine-Monteiro-100x100.jpg","contentUrl":"https:\/\/swimchannel.net\/br\/wp-content\/uploads\/2022\/01\/Katarine-Monteiro-100x100.jpg","caption":"Katarine Monteiro"},"description":"Jornalista SWIM CHANNEL especializada em esportes ol\u00edmpicos e em sa\u00fade. Com cobertura de grandes eventos internacionais, como Jogos Ol\u00edmpicos Rio 2016, Jogos Pan-Americanos em Lima 2019, Qatar Total Open 2020, Qatar ExxonMobil Open 2019 - t\u00eanis em Doha (QT), Semana Internacional de Vela de Ilhabela, Transat Jacques Vabre 2019 (Fran\u00e7a-Brasil), L'\u00c9tape Brasil by Tour de France, j\u00e1 fez in\u00fameras coberturas de nata\u00e7\u00e3o, maratona aqu\u00e1tica e polo aqu\u00e1tico. Formada tamb\u00e9m em Letras, a jornalista atua como assessora de imprensa, rela\u00e7\u00f5es p\u00fablicas e social media, com especializa\u00e7\u00e3o em marketing esportivo. Nadadora amadora de \u00e1guas abertas, j\u00e1 trabalhou com grandes nomes da nata\u00e7\u00e3o e do polo aqu\u00e1tico brasileiro.","sameAs":["https:\/\/www.instagram.com\/_katarinemonteiro\/","https:\/\/www.linkedin.com\/in\/katarine-monteiro-19385297\/","https:\/\/x.com\/https:\/\/twitter.com\/Katarinem"],"url":"https:\/\/swimchannel.net\/br\/author\/katarine-monteiro\/"}]}},"_links":{"self":[{"href":"https:\/\/swimchannel.net\/br\/wp-json\/wp\/v2\/posts\/16066","targetHints":{"allow":["GET"]}}],"collection":[{"href":"https:\/\/swimchannel.net\/br\/wp-json\/wp\/v2\/posts"}],"about":[{"href":"https:\/\/swimchannel.net\/br\/wp-json\/wp\/v2\/types\/post"}],"author":[{"embeddable":true,"href":"https:\/\/swimchannel.net\/br\/wp-json\/wp\/v2\/users\/9"}],"replies":[{"embeddable":true,"href":"https:\/\/swimchannel.net\/br\/wp-json\/wp\/v2\/comments?post=16066"}],"version-history":[{"count":0,"href":"https:\/\/swimchannel.net\/br\/wp-json\/wp\/v2\/posts\/16066\/revisions"}],"wp:featuredmedia":[{"embeddable":true,"href":"https:\/\/swimchannel.net\/br\/wp-json\/wp\/v2\/media\/16102"}],"wp:attachment":[{"href":"https:\/\/swimchannel.net\/br\/wp-json\/wp\/v2\/media?parent=16066"}],"wp:term":[{"taxonomy":"category","embeddable":true,"href":"https:\/\/swimchannel.net\/br\/wp-json\/wp\/v2\/categories?post=16066"},{"taxonomy":"post_tag","embeddable":true,"href":"https:\/\/swimchannel.net\/br\/wp-json\/wp\/v2\/tags?post=16066"}],"curies":[{"name":"wp","href":"https:\/\/api.w.org\/{rel}","templated":true}]}}