{"id":17034,"date":"2019-05-13T15:00:13","date_gmt":"2019-05-13T15:00:13","guid":{"rendered":"https:\/\/swimchannel.flywheelsites.com\/?p=17034"},"modified":"2019-05-13T18:26:11","modified_gmt":"2019-05-13T18:26:11","slug":"artur-pedroza-e-vitoria-farabulini-os-campeoes-do-swim-challenge","status":"publish","type":"post","link":"https:\/\/swimchannel.net\/br\/artur-pedroza-e-vitoria-farabulini-os-campeoes-do-swim-challenge\/","title":{"rendered":"Artur Pedroza e Vitoria Farabulini s\u00e3o os campe\u00f5es do Swim Challenge"},"content":{"rendered":"<p>A principal etapa do <a href=\"https:\/\/swimchannel.net\/br\/melhor-evento\/xterra-swim-challenge\/\">XTERRA Brazil<\/a> aconteceu na cidade de Ilhabela neste \u00faltimo final de semana (11 e 12 de maio). A cidade do litoral norte paulista recebeu centenas de atletas que disputaram provas no festival multiesportivo\u00a0<em>off-road<\/em>\u00a0que engloba dois dias de competi\u00e7\u00f5es em contato direto com a natureza.<\/p>\n<p>Entre as provas realizadas estavam o Swim Challenge, com dist\u00e2ncia 1,5 km e 3 km. Al\u00e9m delas, a competi\u00e7\u00e3o contou ainda com as provas de\u00a0triathlon com\u00a01,5 km\u00a0nata\u00e7\u00e3o\u00a0+ 24,5 km\u00a0bike\u00a0+ 8,5 km\u00a0corrida, trail run de 21 km, aquathlon com 1 km nata\u00e7\u00e3o e mais 5 km de corrida; a corrida kids e outras tr\u00eas\u00a0trail runs\u00a0de 5 km, 10 km e 10 km noturno.<\/p>\n<blockquote class=\"instagram-media\" style=\"background: #FFF; border: 0; border-radius: 3px; box-shadow: 0 0 1px 0 rgba(0,0,0,0.5),0 1px 10px 0 rgba(0,0,0,0.15); margin: 1px; max-width: 540px; min-width: 326px; padding: 0; width: calc(100% - 2px);\" data-instgrm-permalink=\"https:\/\/www.instagram.com\/p\/BxVGsJ1ltRT\/\" data-instgrm-version=\"12\">\n<div style=\"padding: 16px;\">\n<p>&nbsp;<\/p>\n<div style=\"display: flex; flex-direction: row; align-items: center;\">\n<div style=\"background-color: #f4f4f4; border-radius: 50%; flex-grow: 0; height: 40px; margin-right: 14px; width: 40px;\"><\/div>\n<div style=\"display: flex; flex-direction: column; flex-grow: 1; justify-content: center;\">\n<div style=\"background-color: #f4f4f4; border-radius: 4px; flex-grow: 0; height: 14px; margin-bottom: 6px; width: 100px;\"><\/div>\n<div style=\"background-color: #f4f4f4; border-radius: 4px; flex-grow: 0; height: 14px; width: 60px;\"><\/div>\n<\/div>\n<\/div>\n<div style=\"padding: 19% 0;\"><\/div>\n<div style=\"display: block; height: 50px; margin: 0 auto 12px; width: 50px;\"><\/div>\n<div style=\"padding-top: 8px;\">\n<div style=\"color: #3897f0; font-family: Arial,sans-serif; font-size: 14px; font-style: normal; font-weight: 550; line-height: 18px;\">Visualizar esta foto no Instagram.<\/div>\n<\/div>\n<div style=\"padding: 12.5% 0;\"><\/div>\n<div style=\"display: flex; flex-direction: row; margin-bottom: 14px; align-items: center;\">\n<div>\n<div style=\"background-color: #f4f4f4; border-radius: 50%; height: 12.5px; width: 12.5px; transform: translateX(0px) translateY(7px);\"><\/div>\n<div style=\"background-color: #f4f4f4; height: 12.5px; transform: rotate(-45deg) translateX(3px) translateY(1px); width: 12.5px; flex-grow: 0; margin-right: 14px; margin-left: 2px;\"><\/div>\n<div style=\"background-color: #f4f4f4; border-radius: 50%; height: 12.5px; width: 12.5px; transform: translateX(9px) translateY(-18px);\"><\/div>\n<\/div>\n<div style=\"margin-left: 8px;\">\n<div style=\"background-color: #f4f4f4; border-radius: 50%; flex-grow: 0; height: 20px; width: 20px;\"><\/div>\n<div style=\"width: 0; height: 0; border-top: 2px solid transparent; border-left: 6px solid #f4f4f4; border-bottom: 2px solid transparent; transform: translateX(16px) translateY(-4px) rotate(30deg);\"><\/div>\n<\/div>\n<div style=\"margin-left: auto;\">\n<div style=\"width: 0px; border-top: 8px solid #F4F4F4; border-right: 8px solid transparent; transform: translateY(16px);\"><\/div>\n<div style=\"background-color: #f4f4f4; flex-grow: 0; height: 12px; width: 16px; transform: translateY(-4px);\"><\/div>\n<div style=\"width: 0; height: 0; border-top: 8px solid #F4F4F4; border-left: 8px solid transparent; transform: translateY(-4px) translateX(8px);\"><\/div>\n<\/div>\n<\/div>\n<div style=\"display: flex; flex-direction: column; flex-grow: 1; justify-content: center; margin-bottom: 24px;\">\n<div style=\"background-color: #f4f4f4; border-radius: 4px; flex-grow: 0; height: 14px; margin-bottom: 6px; width: 224px;\"><\/div>\n<div style=\"background-color: #f4f4f4; border-radius: 4px; flex-grow: 0; height: 14px; width: 144px;\"><\/div>\n<\/div>\n<p>&nbsp;<\/p>\n<p style=\"color: #c9c8cd; font-family: Arial,sans-serif; font-size: 14px; line-height: 17px; margin-bottom: 0; margin-top: 8px; overflow: hidden; padding: 8px 0 7px; text-align: center; text-overflow: ellipsis; white-space: nowrap;\"><a style=\"color: #c9c8cd; font-family: Arial,sans-serif; font-size: 14px; font-style: normal; font-weight: normal; line-height: 17px; text-decoration: none;\" href=\"https:\/\/www.instagram.com\/p\/BxVGsJ1ltRT\/\" target=\"_blank\" rel=\"noopener\">Uma publica\u00e7\u00e3o compartilhada por Swim Channel (@swimchannel)<\/a> em <time style=\"font-family: Arial,sans-serif; font-size: 14px; line-height: 17px;\" datetime=\"2019-05-11T16:58:44+00:00\">11 de Mai, 2019 \u00e0s 9:58 PDT<\/time><\/p>\n<\/div>\n<\/blockquote>\n<p><script async src=\"\/\/www.instagram.com\/embed.js\"><\/script><\/p>\n<p>Na nata\u00e7\u00e3o em \u00e1guas abertas a prova\u00a0 principal de 3 km teve vit\u00f3ria no ranking geral de Artur Pedroza. Maior vencedor da hist\u00f3ria da competi\u00e7\u00e3o, o nadador da Resende \u00c1guas Abertas venceu um duelo particular contra o amigo e advers\u00e1rio\u00a0Luiz Felipe Lebeis da Acqua Runners\/\u00cdtaca Esportes. Artur concluiu a disputa com o tempo 36min52s, superando Lebeis que nadou para 37min03s. Em terceiro lugar chegou Bruno Yamamoto do Limite Team nadando a prova em 39min27s.<\/p>\n<p>Na mesma dist\u00e2ncia feminina o primeiro lugar ficou com Vit\u00f3ria Farabulini. A jovem revela\u00e7\u00e3o das \u00e1guas abertas e atleta da equipe Samir Barel Assessoria Aqu\u00e1tica foi a mais veloz do dia com a marca de 42min30s, muito a frente das principais advers\u00e1rias. Em segundo lugar chegou Gabriele Bonfim com o tempo de 47min58s, mantendo uma dist\u00e2ncia confort\u00e1vel para a terceira colocada Juliana Shimazu que nadou para 54min42s.<\/p>\n<figure id=\"attachment_17060\" aria-describedby=\"caption-attachment-17060\" style=\"width: 1074px\" class=\"wp-caption alignnone\"><img loading=\"lazy\" decoding=\"async\" class=\"size-full wp-image-17060\" src=\"https:\/\/swimchannel.net\/br\/wp-content\/uploads\/2019\/05\/Screenshot_20190513-153350.png\" alt=\"\" width=\"1074\" height=\"1076\" srcset=\"https:\/\/swimchannel.net\/br\/wp-content\/uploads\/2019\/05\/Screenshot_20190513-153350.png 1074w, https:\/\/swimchannel.net\/br\/wp-content\/uploads\/2019\/05\/Screenshot_20190513-153350-300x300.png 300w, https:\/\/swimchannel.net\/br\/wp-content\/uploads\/2019\/05\/Screenshot_20190513-153350-100x100.png 100w, https:\/\/swimchannel.net\/br\/wp-content\/uploads\/2019\/05\/Screenshot_20190513-153350-600x601.png 600w\" sizes=\"auto, (max-width: 1074px) 100vw, 1074px\" \/><figcaption id=\"caption-attachment-17060\" class=\"wp-caption-text\">P\u00f3dio dos 3 km feminino &#8211; Foto: Instagram\/Reprodu\u00e7\u00e3o<\/figcaption><\/figure>\n<p>A dupla tamb\u00e9m triunfou na prova mais curta de 1,5 km. Pedroza levou a disputa no masculina com um \u00f3timo sprint final e o tempo de 19min30s. A seguir veio Patrick Winkler que garantiu o vice-campeonato com a marca de 20min54s. Em terceiro lugar chegou Tales Cruz que concluiu o percurso em 21min39s.\u00a0J\u00e1 Vit\u00f3ria ganhou a disputa feminina com a marca de 21min45s, bem a frente das demais nadadoras. Maria Pelissari com 25min05s e Cristiane Barroso com 25min28s completaram o p\u00f3dio. Todos os\u00a0resultados podem ser vistos no site da competi\u00e7\u00e3o\u00a0<a href=\"http:\/\/xterrabrasil.com.br\/tour\/resultados-xterra-brazil-2019\/\">clicando aqui.<\/a><\/p>\n<p>Em sua 15\u00b0 temporada no Brasil, o\u00a0<a href=\"https:\/\/swimchannel.net\/br\/melhor-evento\/xterra-swim-challenge\/\">XTERRA<\/a>\u00a0homenageia personalidades para seu &#8220;Hall da Fama&#8221;. Estes s\u00e3o atletas que se destacaram at\u00e9 hoje na competi\u00e7\u00e3o em provas aqui no Brasil. E na etapa de Ilhabela o homenageado foi Patrick Winkler, editor chefe da <strong>SWIM CHANNEL<\/strong>, que nada as provas de \u00e1guas abertas e aquathlon h\u00e1 mais de dez edi\u00e7\u00f5es.<\/p>\n<figure id=\"attachment_17048\" aria-describedby=\"caption-attachment-17048\" style=\"width: 1080px\" class=\"wp-caption alignnone\"><img loading=\"lazy\" decoding=\"async\" class=\"wp-image-17048 size-full\" src=\"https:\/\/swimchannel.net\/br\/wp-content\/uploads\/2019\/05\/59008976_454857471723859_8341171880332476774_n.jpg\" alt=\"\" width=\"1080\" height=\"1080\" srcset=\"https:\/\/swimchannel.net\/br\/wp-content\/uploads\/2019\/05\/59008976_454857471723859_8341171880332476774_n.jpg 1080w, https:\/\/swimchannel.net\/br\/wp-content\/uploads\/2019\/05\/59008976_454857471723859_8341171880332476774_n-300x300.jpg 300w, https:\/\/swimchannel.net\/br\/wp-content\/uploads\/2019\/05\/59008976_454857471723859_8341171880332476774_n-100x100.jpg 100w, https:\/\/swimchannel.net\/br\/wp-content\/uploads\/2019\/05\/59008976_454857471723859_8341171880332476774_n-600x600.jpg 600w\" sizes=\"auto, (max-width: 1080px) 100vw, 1080px\" \/><figcaption id=\"caption-attachment-17048\" class=\"wp-caption-text\">Patrick Winkler recebeu homenagem nesta edi\u00e7\u00e3o do XTERRA &#8211; Foto: Reprodu\u00e7\u00e3o<\/figcaption><\/figure>\n<p>Essa etapa ainda foi classificat\u00f3ria para o XTERRA World Championship que ser\u00e1 disputado no Hava\u00ed no fim do ano, para as provas de Triathlon\u00a0e Trail Run\u00a021K. O XTERRA Brazil tem programadas para este ano mais sete etapas. A pr\u00f3xima parada do Swim Challenge ser\u00e1 dias 8 de 9 de junho em Mata de S\u00e3o Jo\u00e3o, na Bahia.<\/p>\n","protected":false},"excerpt":{"rendered":"<p>A principal etapa do XTERRA Brazil aconteceu na cidade de Ilhabela neste \u00faltimo final de semana (11 e 12 de maio). A cidade do litoral norte paulista recebeu centenas de atletas que disputaram provas no festival multiesportivo\u00a0off-road\u00a0que engloba dois dias de competi\u00e7\u00f5es em contato direto com a natureza. Entre as provas realizadas estavam o Swim [&hellip;]<\/p>\n","protected":false},"author":9,"featured_media":17061,"comment_status":"open","ping_status":"open","sticky":false,"template":"","format":"standard","meta":{"footnotes":""},"categories":[1],"tags":[14,481,341,434,1762,120],"class_list":["post-17034","post","type-post","status-publish","format-standard","has-post-thumbnail","hentry","category-sem-categoria","tag-aguas-abertas","tag-artur-pedroza","tag-ilhabela","tag-swim-challenge","tag-vitoria-farabulini","tag-xterra"],"yoast_head":"<!-- This site is optimized with the Yoast SEO plugin v27.0 - https:\/\/yoast.com\/product\/yoast-seo-wordpress\/ -->\n<title>Artur Pedroza e Vitoria Farabulini vencem os 3 km no XTerra Ilhabela<\/title>\n<meta name=\"description\" content=\"Dupla venceu as duas provas no XTERRA de Ilhabela que aconteceu este fim de semana; Patrick Winkler entra para o Hall da Fama.\" \/>\n<meta name=\"robots\" content=\"index, follow, max-snippet:-1, max-image-preview:large, max-video-preview:-1\" \/>\n<link rel=\"canonical\" href=\"https:\/\/swimchannel.net\/br\/artur-pedroza-e-vitoria-farabulini-os-campeoes-do-swim-challenge\/\" \/>\n<meta property=\"og:locale\" content=\"pt_BR\" \/>\n<meta property=\"og:type\" content=\"article\" \/>\n<meta property=\"og:title\" content=\"Artur Pedroza e Vitoria Farabulini vencem os 3 km no XTerra Ilhabela\" \/>\n<meta property=\"og:description\" content=\"Dupla venceu as duas provas no XTERRA de Ilhabela que aconteceu este fim de semana; Patrick Winkler entra para o Hall da Fama.\" \/>\n<meta property=\"og:url\" content=\"https:\/\/swimchannel.net\/br\/artur-pedroza-e-vitoria-farabulini-os-campeoes-do-swim-challenge\/\" \/>\n<meta property=\"og:site_name\" content=\"Swimchannel\" \/>\n<meta property=\"article:publisher\" content=\"https:\/\/www.facebook.com\/swimchannel\" \/>\n<meta property=\"article:published_time\" content=\"2019-05-13T15:00:13+00:00\" \/>\n<meta property=\"article:modified_time\" content=\"2019-05-13T18:26:11+00:00\" \/>\n<meta property=\"og:image\" content=\"https:\/\/swimchannel.net\/br\/wp-content\/uploads\/2019\/05\/largada-xterra.jpg\" \/>\n\t<meta property=\"og:image:width\" content=\"600\" \/>\n\t<meta property=\"og:image:height\" content=\"346\" \/>\n\t<meta property=\"og:image:type\" content=\"image\/jpeg\" \/>\n<meta name=\"author\" content=\"Katarine Monteiro\" \/>\n<meta name=\"twitter:card\" content=\"summary_large_image\" \/>\n<meta name=\"twitter:creator\" content=\"@https:\/\/twitter.com\/Katarinem\" \/>\n<meta name=\"twitter:label1\" content=\"Escrito por\" \/>\n\t<meta name=\"twitter:data1\" content=\"Katarine Monteiro\" \/>\n\t<meta name=\"twitter:label2\" content=\"Est. tempo de leitura\" \/>\n\t<meta name=\"twitter:data2\" content=\"3 minutos\" \/>\n<script type=\"application\/ld+json\" class=\"yoast-schema-graph\">{\"@context\":\"https:\/\/schema.org\",\"@graph\":[{\"@type\":\"Article\",\"@id\":\"https:\/\/swimchannel.net\/br\/artur-pedroza-e-vitoria-farabulini-os-campeoes-do-swim-challenge\/#article\",\"isPartOf\":{\"@id\":\"https:\/\/swimchannel.net\/br\/artur-pedroza-e-vitoria-farabulini-os-campeoes-do-swim-challenge\/\"},\"author\":{\"name\":\"Katarine Monteiro\",\"@id\":\"https:\/\/swimchannel.net\/br\/#\/schema\/person\/73ae9cec62249968bca1f0a8098ef002\"},\"headline\":\"Artur Pedroza e Vitoria Farabulini s\u00e3o os campe\u00f5es do Swim Challenge\",\"datePublished\":\"2019-05-13T15:00:13+00:00\",\"dateModified\":\"2019-05-13T18:26:11+00:00\",\"mainEntityOfPage\":{\"@id\":\"https:\/\/swimchannel.net\/br\/artur-pedroza-e-vitoria-farabulini-os-campeoes-do-swim-challenge\/\"},\"wordCount\":568,\"commentCount\":0,\"publisher\":{\"@id\":\"https:\/\/swimchannel.net\/br\/#organization\"},\"image\":{\"@id\":\"https:\/\/swimchannel.net\/br\/artur-pedroza-e-vitoria-farabulini-os-campeoes-do-swim-challenge\/#primaryimage\"},\"thumbnailUrl\":\"https:\/\/swimchannel.net\/br\/wp-content\/uploads\/2019\/05\/largada-xterra.jpg\",\"keywords\":[\"\u00c1guas abertas\",\"Artur Pedroza\",\"Ilhabela\",\"Swim Challenge\",\"Vit\u00f3ria Farabulini\",\"XTERRA\"],\"inLanguage\":\"pt-BR\",\"potentialAction\":[{\"@type\":\"CommentAction\",\"name\":\"Comment\",\"target\":[\"https:\/\/swimchannel.net\/br\/artur-pedroza-e-vitoria-farabulini-os-campeoes-do-swim-challenge\/#respond\"]}]},{\"@type\":\"WebPage\",\"@id\":\"https:\/\/swimchannel.net\/br\/artur-pedroza-e-vitoria-farabulini-os-campeoes-do-swim-challenge\/\",\"url\":\"https:\/\/swimchannel.net\/br\/artur-pedroza-e-vitoria-farabulini-os-campeoes-do-swim-challenge\/\",\"name\":\"Artur Pedroza e Vitoria Farabulini vencem os 3 km no XTerra Ilhabela\",\"isPartOf\":{\"@id\":\"https:\/\/swimchannel.net\/br\/#website\"},\"primaryImageOfPage\":{\"@id\":\"https:\/\/swimchannel.net\/br\/artur-pedroza-e-vitoria-farabulini-os-campeoes-do-swim-challenge\/#primaryimage\"},\"image\":{\"@id\":\"https:\/\/swimchannel.net\/br\/artur-pedroza-e-vitoria-farabulini-os-campeoes-do-swim-challenge\/#primaryimage\"},\"thumbnailUrl\":\"https:\/\/swimchannel.net\/br\/wp-content\/uploads\/2019\/05\/largada-xterra.jpg\",\"datePublished\":\"2019-05-13T15:00:13+00:00\",\"dateModified\":\"2019-05-13T18:26:11+00:00\",\"description\":\"Dupla venceu as duas provas no XTERRA de Ilhabela que aconteceu este fim de semana; Patrick Winkler entra para o Hall da Fama.\",\"breadcrumb\":{\"@id\":\"https:\/\/swimchannel.net\/br\/artur-pedroza-e-vitoria-farabulini-os-campeoes-do-swim-challenge\/#breadcrumb\"},\"inLanguage\":\"pt-BR\",\"potentialAction\":[{\"@type\":\"ReadAction\",\"target\":[\"https:\/\/swimchannel.net\/br\/artur-pedroza-e-vitoria-farabulini-os-campeoes-do-swim-challenge\/\"]}]},{\"@type\":\"ImageObject\",\"inLanguage\":\"pt-BR\",\"@id\":\"https:\/\/swimchannel.net\/br\/artur-pedroza-e-vitoria-farabulini-os-campeoes-do-swim-challenge\/#primaryimage\",\"url\":\"https:\/\/swimchannel.net\/br\/wp-content\/uploads\/2019\/05\/largada-xterra.jpg\",\"contentUrl\":\"https:\/\/swimchannel.net\/br\/wp-content\/uploads\/2019\/05\/largada-xterra.jpg\",\"width\":600,\"height\":346,\"caption\":\"Largada do XTERRA Swim Challenge - Foto: Reprodu\u00e7\u00e3o\"},{\"@type\":\"BreadcrumbList\",\"@id\":\"https:\/\/swimchannel.net\/br\/artur-pedroza-e-vitoria-farabulini-os-campeoes-do-swim-challenge\/#breadcrumb\",\"itemListElement\":[{\"@type\":\"ListItem\",\"position\":1,\"name\":\"Home\",\"item\":\"https:\/\/swimchannel.net\/br\/\"},{\"@type\":\"ListItem\",\"position\":2,\"name\":\"Artur Pedroza e Vitoria Farabulini s\u00e3o os campe\u00f5es do Swim Challenge\"}]},{\"@type\":\"WebSite\",\"@id\":\"https:\/\/swimchannel.net\/br\/#website\",\"url\":\"https:\/\/swimchannel.net\/br\/\",\"name\":\"Swimchannel\",\"description\":\"Maior portal de nata\u00e7\u00e3o da america latina\",\"publisher\":{\"@id\":\"https:\/\/swimchannel.net\/br\/#organization\"},\"potentialAction\":[{\"@type\":\"SearchAction\",\"target\":{\"@type\":\"EntryPoint\",\"urlTemplate\":\"https:\/\/swimchannel.net\/br\/?s={search_term_string}\"},\"query-input\":{\"@type\":\"PropertyValueSpecification\",\"valueRequired\":true,\"valueName\":\"search_term_string\"}}],\"inLanguage\":\"pt-BR\"},{\"@type\":\"Organization\",\"@id\":\"https:\/\/swimchannel.net\/br\/#organization\",\"name\":\"Swimchannel - Conectando voc\u00ea a Nata\u00e7\u00e3o\",\"url\":\"https:\/\/swimchannel.net\/br\/\",\"logo\":{\"@type\":\"ImageObject\",\"inLanguage\":\"pt-BR\",\"@id\":\"https:\/\/swimchannel.net\/br\/#\/schema\/logo\/image\/\",\"url\":\"https:\/\/swimchannel.net\/br\/wp-content\/uploads\/2026\/02\/SWIM-CHANNEL.png\",\"contentUrl\":\"https:\/\/swimchannel.net\/br\/wp-content\/uploads\/2026\/02\/SWIM-CHANNEL.png\",\"width\":1120,\"height\":630,\"caption\":\"Swimchannel - Conectando voc\u00ea a Nata\u00e7\u00e3o\"},\"image\":{\"@id\":\"https:\/\/swimchannel.net\/br\/#\/schema\/logo\/image\/\"},\"sameAs\":[\"https:\/\/www.facebook.com\/swimchannel\",\"https:\/\/www.instagram.com\/swimchannel\"]},{\"@type\":\"Person\",\"@id\":\"https:\/\/swimchannel.net\/br\/#\/schema\/person\/73ae9cec62249968bca1f0a8098ef002\",\"name\":\"Katarine Monteiro\",\"image\":{\"@type\":\"ImageObject\",\"inLanguage\":\"pt-BR\",\"@id\":\"https:\/\/swimchannel.net\/br\/#\/schema\/person\/image\/\",\"url\":\"https:\/\/swimchannel.net\/br\/wp-content\/uploads\/2022\/01\/Katarine-Monteiro-100x100.jpg\",\"contentUrl\":\"https:\/\/swimchannel.net\/br\/wp-content\/uploads\/2022\/01\/Katarine-Monteiro-100x100.jpg\",\"caption\":\"Katarine Monteiro\"},\"description\":\"Jornalista SWIM CHANNEL especializada em esportes ol\u00edmpicos e em sa\u00fade. Com cobertura de grandes eventos internacionais, como Jogos Ol\u00edmpicos Rio 2016, Jogos Pan-Americanos em Lima 2019, Qatar Total Open 2020, Qatar ExxonMobil Open 2019 - t\u00eanis em Doha (QT), Semana Internacional de Vela de Ilhabela, Transat Jacques Vabre 2019 (Fran\u00e7a-Brasil), L'\u00c9tape Brasil by Tour de France, j\u00e1 fez in\u00fameras coberturas de nata\u00e7\u00e3o, maratona aqu\u00e1tica e polo aqu\u00e1tico. Formada tamb\u00e9m em Letras, a jornalista atua como assessora de imprensa, rela\u00e7\u00f5es p\u00fablicas e social media, com especializa\u00e7\u00e3o em marketing esportivo. Nadadora amadora de \u00e1guas abertas, j\u00e1 trabalhou com grandes nomes da nata\u00e7\u00e3o e do polo aqu\u00e1tico brasileiro.\",\"sameAs\":[\"https:\/\/www.instagram.com\/_katarinemonteiro\/\",\"https:\/\/www.linkedin.com\/in\/katarine-monteiro-19385297\/\",\"https:\/\/x.com\/https:\/\/twitter.com\/Katarinem\"],\"url\":\"https:\/\/swimchannel.net\/br\/author\/katarine-monteiro\/\"}]}<\/script>\n<!-- \/ Yoast SEO plugin. -->","yoast_head_json":{"title":"Artur Pedroza e Vitoria Farabulini vencem os 3 km no XTerra Ilhabela","description":"Dupla venceu as duas provas no XTERRA de Ilhabela que aconteceu este fim de semana; Patrick Winkler entra para o Hall da Fama.","robots":{"index":"index","follow":"follow","max-snippet":"max-snippet:-1","max-image-preview":"max-image-preview:large","max-video-preview":"max-video-preview:-1"},"canonical":"https:\/\/swimchannel.net\/br\/artur-pedroza-e-vitoria-farabulini-os-campeoes-do-swim-challenge\/","og_locale":"pt_BR","og_type":"article","og_title":"Artur Pedroza e Vitoria Farabulini vencem os 3 km no XTerra Ilhabela","og_description":"Dupla venceu as duas provas no XTERRA de Ilhabela que aconteceu este fim de semana; Patrick Winkler entra para o Hall da Fama.","og_url":"https:\/\/swimchannel.net\/br\/artur-pedroza-e-vitoria-farabulini-os-campeoes-do-swim-challenge\/","og_site_name":"Swimchannel","article_publisher":"https:\/\/www.facebook.com\/swimchannel","article_published_time":"2019-05-13T15:00:13+00:00","article_modified_time":"2019-05-13T18:26:11+00:00","og_image":[{"width":600,"height":346,"url":"https:\/\/swimchannel.net\/br\/wp-content\/uploads\/2019\/05\/largada-xterra.jpg","type":"image\/jpeg"}],"author":"Katarine Monteiro","twitter_card":"summary_large_image","twitter_creator":"@https:\/\/twitter.com\/Katarinem","twitter_misc":{"Escrito por":"Katarine Monteiro","Est. tempo de leitura":"3 minutos"},"schema":{"@context":"https:\/\/schema.org","@graph":[{"@type":"Article","@id":"https:\/\/swimchannel.net\/br\/artur-pedroza-e-vitoria-farabulini-os-campeoes-do-swim-challenge\/#article","isPartOf":{"@id":"https:\/\/swimchannel.net\/br\/artur-pedroza-e-vitoria-farabulini-os-campeoes-do-swim-challenge\/"},"author":{"name":"Katarine Monteiro","@id":"https:\/\/swimchannel.net\/br\/#\/schema\/person\/73ae9cec62249968bca1f0a8098ef002"},"headline":"Artur Pedroza e Vitoria Farabulini s\u00e3o os campe\u00f5es do Swim Challenge","datePublished":"2019-05-13T15:00:13+00:00","dateModified":"2019-05-13T18:26:11+00:00","mainEntityOfPage":{"@id":"https:\/\/swimchannel.net\/br\/artur-pedroza-e-vitoria-farabulini-os-campeoes-do-swim-challenge\/"},"wordCount":568,"commentCount":0,"publisher":{"@id":"https:\/\/swimchannel.net\/br\/#organization"},"image":{"@id":"https:\/\/swimchannel.net\/br\/artur-pedroza-e-vitoria-farabulini-os-campeoes-do-swim-challenge\/#primaryimage"},"thumbnailUrl":"https:\/\/swimchannel.net\/br\/wp-content\/uploads\/2019\/05\/largada-xterra.jpg","keywords":["\u00c1guas abertas","Artur Pedroza","Ilhabela","Swim Challenge","Vit\u00f3ria Farabulini","XTERRA"],"inLanguage":"pt-BR","potentialAction":[{"@type":"CommentAction","name":"Comment","target":["https:\/\/swimchannel.net\/br\/artur-pedroza-e-vitoria-farabulini-os-campeoes-do-swim-challenge\/#respond"]}]},{"@type":"WebPage","@id":"https:\/\/swimchannel.net\/br\/artur-pedroza-e-vitoria-farabulini-os-campeoes-do-swim-challenge\/","url":"https:\/\/swimchannel.net\/br\/artur-pedroza-e-vitoria-farabulini-os-campeoes-do-swim-challenge\/","name":"Artur Pedroza e Vitoria Farabulini vencem os 3 km no XTerra Ilhabela","isPartOf":{"@id":"https:\/\/swimchannel.net\/br\/#website"},"primaryImageOfPage":{"@id":"https:\/\/swimchannel.net\/br\/artur-pedroza-e-vitoria-farabulini-os-campeoes-do-swim-challenge\/#primaryimage"},"image":{"@id":"https:\/\/swimchannel.net\/br\/artur-pedroza-e-vitoria-farabulini-os-campeoes-do-swim-challenge\/#primaryimage"},"thumbnailUrl":"https:\/\/swimchannel.net\/br\/wp-content\/uploads\/2019\/05\/largada-xterra.jpg","datePublished":"2019-05-13T15:00:13+00:00","dateModified":"2019-05-13T18:26:11+00:00","description":"Dupla venceu as duas provas no XTERRA de Ilhabela que aconteceu este fim de semana; Patrick Winkler entra para o Hall da Fama.","breadcrumb":{"@id":"https:\/\/swimchannel.net\/br\/artur-pedroza-e-vitoria-farabulini-os-campeoes-do-swim-challenge\/#breadcrumb"},"inLanguage":"pt-BR","potentialAction":[{"@type":"ReadAction","target":["https:\/\/swimchannel.net\/br\/artur-pedroza-e-vitoria-farabulini-os-campeoes-do-swim-challenge\/"]}]},{"@type":"ImageObject","inLanguage":"pt-BR","@id":"https:\/\/swimchannel.net\/br\/artur-pedroza-e-vitoria-farabulini-os-campeoes-do-swim-challenge\/#primaryimage","url":"https:\/\/swimchannel.net\/br\/wp-content\/uploads\/2019\/05\/largada-xterra.jpg","contentUrl":"https:\/\/swimchannel.net\/br\/wp-content\/uploads\/2019\/05\/largada-xterra.jpg","width":600,"height":346,"caption":"Largada do XTERRA Swim Challenge - Foto: Reprodu\u00e7\u00e3o"},{"@type":"BreadcrumbList","@id":"https:\/\/swimchannel.net\/br\/artur-pedroza-e-vitoria-farabulini-os-campeoes-do-swim-challenge\/#breadcrumb","itemListElement":[{"@type":"ListItem","position":1,"name":"Home","item":"https:\/\/swimchannel.net\/br\/"},{"@type":"ListItem","position":2,"name":"Artur Pedroza e Vitoria Farabulini s\u00e3o os campe\u00f5es do Swim Challenge"}]},{"@type":"WebSite","@id":"https:\/\/swimchannel.net\/br\/#website","url":"https:\/\/swimchannel.net\/br\/","name":"Swimchannel","description":"Maior portal de nata\u00e7\u00e3o da america latina","publisher":{"@id":"https:\/\/swimchannel.net\/br\/#organization"},"potentialAction":[{"@type":"SearchAction","target":{"@type":"EntryPoint","urlTemplate":"https:\/\/swimchannel.net\/br\/?s={search_term_string}"},"query-input":{"@type":"PropertyValueSpecification","valueRequired":true,"valueName":"search_term_string"}}],"inLanguage":"pt-BR"},{"@type":"Organization","@id":"https:\/\/swimchannel.net\/br\/#organization","name":"Swimchannel - Conectando voc\u00ea a Nata\u00e7\u00e3o","url":"https:\/\/swimchannel.net\/br\/","logo":{"@type":"ImageObject","inLanguage":"pt-BR","@id":"https:\/\/swimchannel.net\/br\/#\/schema\/logo\/image\/","url":"https:\/\/swimchannel.net\/br\/wp-content\/uploads\/2026\/02\/SWIM-CHANNEL.png","contentUrl":"https:\/\/swimchannel.net\/br\/wp-content\/uploads\/2026\/02\/SWIM-CHANNEL.png","width":1120,"height":630,"caption":"Swimchannel - Conectando voc\u00ea a Nata\u00e7\u00e3o"},"image":{"@id":"https:\/\/swimchannel.net\/br\/#\/schema\/logo\/image\/"},"sameAs":["https:\/\/www.facebook.com\/swimchannel","https:\/\/www.instagram.com\/swimchannel"]},{"@type":"Person","@id":"https:\/\/swimchannel.net\/br\/#\/schema\/person\/73ae9cec62249968bca1f0a8098ef002","name":"Katarine Monteiro","image":{"@type":"ImageObject","inLanguage":"pt-BR","@id":"https:\/\/swimchannel.net\/br\/#\/schema\/person\/image\/","url":"https:\/\/swimchannel.net\/br\/wp-content\/uploads\/2022\/01\/Katarine-Monteiro-100x100.jpg","contentUrl":"https:\/\/swimchannel.net\/br\/wp-content\/uploads\/2022\/01\/Katarine-Monteiro-100x100.jpg","caption":"Katarine Monteiro"},"description":"Jornalista SWIM CHANNEL especializada em esportes ol\u00edmpicos e em sa\u00fade. Com cobertura de grandes eventos internacionais, como Jogos Ol\u00edmpicos Rio 2016, Jogos Pan-Americanos em Lima 2019, Qatar Total Open 2020, Qatar ExxonMobil Open 2019 - t\u00eanis em Doha (QT), Semana Internacional de Vela de Ilhabela, Transat Jacques Vabre 2019 (Fran\u00e7a-Brasil), L'\u00c9tape Brasil by Tour de France, j\u00e1 fez in\u00fameras coberturas de nata\u00e7\u00e3o, maratona aqu\u00e1tica e polo aqu\u00e1tico. Formada tamb\u00e9m em Letras, a jornalista atua como assessora de imprensa, rela\u00e7\u00f5es p\u00fablicas e social media, com especializa\u00e7\u00e3o em marketing esportivo. Nadadora amadora de \u00e1guas abertas, j\u00e1 trabalhou com grandes nomes da nata\u00e7\u00e3o e do polo aqu\u00e1tico brasileiro.","sameAs":["https:\/\/www.instagram.com\/_katarinemonteiro\/","https:\/\/www.linkedin.com\/in\/katarine-monteiro-19385297\/","https:\/\/x.com\/https:\/\/twitter.com\/Katarinem"],"url":"https:\/\/swimchannel.net\/br\/author\/katarine-monteiro\/"}]}},"_links":{"self":[{"href":"https:\/\/swimchannel.net\/br\/wp-json\/wp\/v2\/posts\/17034","targetHints":{"allow":["GET"]}}],"collection":[{"href":"https:\/\/swimchannel.net\/br\/wp-json\/wp\/v2\/posts"}],"about":[{"href":"https:\/\/swimchannel.net\/br\/wp-json\/wp\/v2\/types\/post"}],"author":[{"embeddable":true,"href":"https:\/\/swimchannel.net\/br\/wp-json\/wp\/v2\/users\/9"}],"replies":[{"embeddable":true,"href":"https:\/\/swimchannel.net\/br\/wp-json\/wp\/v2\/comments?post=17034"}],"version-history":[{"count":0,"href":"https:\/\/swimchannel.net\/br\/wp-json\/wp\/v2\/posts\/17034\/revisions"}],"wp:featuredmedia":[{"embeddable":true,"href":"https:\/\/swimchannel.net\/br\/wp-json\/wp\/v2\/media\/17061"}],"wp:attachment":[{"href":"https:\/\/swimchannel.net\/br\/wp-json\/wp\/v2\/media?parent=17034"}],"wp:term":[{"taxonomy":"category","embeddable":true,"href":"https:\/\/swimchannel.net\/br\/wp-json\/wp\/v2\/categories?post=17034"},{"taxonomy":"post_tag","embeddable":true,"href":"https:\/\/swimchannel.net\/br\/wp-json\/wp\/v2\/tags?post=17034"}],"curies":[{"name":"wp","href":"https:\/\/api.w.org\/{rel}","templated":true}]}}