{"id":17077,"date":"2019-05-15T02:59:35","date_gmt":"2019-05-15T02:59:35","guid":{"rendered":"https:\/\/swimchannel.flywheelsites.com\/?p=17077"},"modified":"2019-05-15T16:01:24","modified_gmt":"2019-05-15T16:01:24","slug":"os-momentos-marcantes-dos-dez-anos-do-rei-e-rainha-do-mar","status":"publish","type":"post","link":"https:\/\/swimchannel.net\/br\/os-momentos-marcantes-dos-dez-anos-do-rei-e-rainha-do-mar\/","title":{"rendered":"Os momentos marcantes dos dez anos do Rei e Rainha do Mar"},"content":{"rendered":"<p>O principal evento de esportes de praia do Brasil esta completando uma d\u00e9cada de exist\u00eancia. Disputado pela primeira vez em 2009, o Circuito <a href=\"https:\/\/swimchannel.net\/br\/melhor-evento\/rei-e-rainha-do-mar\/\">Rei e Rainha do Mar<\/a> cresceu e hoje \u00e9 um dos eventos mais aguardados pelos atletas da nata\u00e7\u00e3o em \u00e1guas abertas. Para entender melhor sobre a import\u00e2ncia desta comemora\u00e7\u00e3o, a <strong>SWIM CHANNEL<\/strong> conversou com o principal respons\u00e1vel pela competi\u00e7\u00e3o: Pedro Monteiro, <a href=\"https:\/\/swimchannel.net\/br\/conheca-um-pouco-mais-sobre-pedro-monteiro-o-criador-rei-rainha-do-mar\/\">ex-nadador da sele\u00e7\u00e3o brasileira<\/a> e <a href=\"https:\/\/swimchannel.net\/br\/investindo-na-natacao-por-paixao\/\">diretor da Effect Sports<\/a>. Confira o bate-papo abaixo.<\/p>\n<p><strong>SWIM CHANNEL: De fato, dez anos de um grande evento \u00e9 algo para se comemorar. Quais s\u00e3o as atividades comemorativas que o Rei e Rainha do Mar preparou para esta campanha hist\u00f3rica?<\/strong><br \/>\n<strong>PEDRO MONTEIRO:<\/strong> Vamos fazer um grande evento para celebrar essa data t\u00e3o importante pra gente e para nossos atletas. Uma das inova\u00e7\u00f5es que pretendemos ter para a edi\u00e7\u00e3o de 2019 ser\u00e1 a inser\u00e7\u00e3o de caixas de som dentro da \u00e1gua. Dessa forma, o nadador poder\u00e1 escrutar uma m\u00fasica durante o percurso da prova. Ainda n\u00e3o est\u00e1 confirmado, mas a inten\u00e7\u00e3o \u00e9 ter essas caixas de som pr\u00f3ximas a cada boia do evento. Mas ressalto que renovar com patrocinadores n\u00e3o est\u00e1 sendo f\u00e1cil e ainda estamos na busca de novos apoiadores para essa ideia.<\/p>\n<figure id=\"attachment_15629\" aria-describedby=\"caption-attachment-15629\" style=\"width: 1200px\" class=\"wp-caption alignnone\"><img loading=\"lazy\" decoding=\"async\" class=\"size-full wp-image-15629\" src=\"https:\/\/swimchannel.net\/br\/wp-content\/uploads\/2019\/03\/hr2016003.jpg\" alt=\"\" width=\"1200\" height=\"800\" srcset=\"https:\/\/swimchannel.net\/br\/wp-content\/uploads\/2019\/03\/hr2016003.jpg 1200w, https:\/\/swimchannel.net\/br\/wp-content\/uploads\/2019\/03\/hr2016003-600x400.jpg 600w\" sizes=\"auto, (max-width: 1200px) 100vw, 1200px\" \/><figcaption id=\"caption-attachment-15629\" class=\"wp-caption-text\">Rei e Rainha do Mar &#8211; Foto: Reprodu\u00e7\u00e3o<\/figcaption><\/figure>\n<p><strong>SWIM CHANNEL: E falando um pouco do passado, voc\u00ea j\u00e1 viveu v\u00e1rias momentos nesta d\u00e9cada de Rei e Rainha do Mar. Queremos saber qual foi o momento mais inesquec\u00edvel que voc\u00ea passou nesse tempo?<\/strong><br \/>\n<strong>PEDRO MONTEIRO:<\/strong> Tivemos muito momentos marcantes que falar s\u00f3 um \u00e9 quase imposs\u00edvel. Houve muitas hist\u00f3rias de supera\u00e7\u00e3o na prova amadora e que muitas vezes n\u00e3o vem a p\u00fablico. De pessoas que come\u00e7aram a nadar no mar em uma de nossas etapas ou daqueles que vieram de longe apenas para nadar uma prova e poderem dizer um dia que participaram do Rei e Rainha do Mar. Essas hist\u00f3rias s\u00e3o muito marcantes. Na prova de elite o legal foi que tivemos participa\u00e7\u00f5es de v\u00e1rios medalhistas ol\u00edmpicos e mundiais, que engrandeceram o evento. Mas uma hist\u00f3ria bem legal e curiosa aconteceu com o nadador sul-africano <a href=\"https:\/\/swimchannel.net\/br\/atleta\/chad-le-clos\/\">Chad le Clos<\/a>. Ele acabou sendo convidado por n\u00f3s por engano para nadar uma edi\u00e7\u00e3o do Desafio de Elite. Na \u00e9poca ele n\u00e3o era t\u00e3o conhecido internacionalmente, mas na verdade o convite era para o maratonista aqu\u00e1tico Chad Ho. N\u00f3s convidamos o Chad errado (risos). Para quem n\u00e3o sabe, o Chad Le Clos \u00e9 o maior her\u00f3i da hist\u00f3ria da nata\u00e7\u00e3o sul-africana e Chad Ho foi campe\u00e3o mundial de \u00e1guas abertas, mas n\u00e3o \u00e9 t\u00e3o famoso quanto seu xar\u00e1. At\u00e9 hoje eu acho essa historia muito engra\u00e7ada. E s\u00e3o hist\u00f3rias assim que fazem esse evento ser t\u00e3o importante. Hist\u00f3rias engra\u00e7adas, tristes e felizes. Todas muito marcantes para n\u00f3s.<\/p>\n<p><strong>SWIM CHANNEL: E qual edi\u00e7\u00e3o nestes dez anos mais te marcou? Voc\u00ea se lembra de alguma em especial?<\/strong><br \/>\n<strong>PEDRO MONTEIRO:<\/strong> \u00c9 dif\u00edcil falar em apenas uma, foram tantas que a gente at\u00e9 perde a conta. Acredito que o conjunto de todas elas e de todas as pessoas que j\u00e1 passaram por aqui foi marcante para mim.<\/p>\n<figure id=\"attachment_17092\" aria-describedby=\"caption-attachment-17092\" style=\"width: 2500px\" class=\"wp-caption alignnone\"><img loading=\"lazy\" decoding=\"async\" class=\"size-full wp-image-17092\" src=\"https:\/\/swimchannel.net\/br\/wp-content\/uploads\/2019\/05\/Chad-Ho-wins-7-in-a-row.jpg\" alt=\"\" width=\"2500\" height=\"1669\" srcset=\"https:\/\/swimchannel.net\/br\/wp-content\/uploads\/2019\/05\/Chad-Ho-wins-7-in-a-row.jpg 2500w, https:\/\/swimchannel.net\/br\/wp-content\/uploads\/2019\/05\/Chad-Ho-wins-7-in-a-row-600x401.jpg 600w\" sizes=\"auto, (max-width: 2500px) 100vw, 2500px\" \/><figcaption id=\"caption-attachment-17092\" class=\"wp-caption-text\">Chad Ho &#8211; Foto: Reprodu\u00e7\u00e3o<\/figcaption><\/figure>\n<p><strong>SWIM CHANNEL: E como voc\u00ea analisa o crescimento nestes 10 anos?<\/strong><br \/>\n<strong>PEDRO MONTEIRO:<\/strong> O Rei e Rainha do Mar cresceu muito em termos de organiza\u00e7\u00e3o, p\u00fablico e movimenta\u00e7\u00e3o. Come\u00e7amos com uma prova masculina amadora que foi crescendo e se transformou no maior festival de esportes de praia do Brasil. Acredito que o ano de 2010 foi extremamente marcante na hist\u00f3ria do Rei e Rainha do Mar. Foi neste ano que o circuito e o desafio passaram a receber tamb\u00e9m as \u201crainhas\u201d do mar e o evento passou a se chamar Rei e Rainha do Mar. Lembro que 2012 tamb\u00e9m foi uma data importante porque entraram no programa do circuito outras duas provas: o Beach Run e o SUP Race, ampliando o leque de atletas. E foi neste ano tamb\u00e9m que o Rei e Rainha do Mar foi coroado o maior festival de esportes de praia do Brasil; status consolidado no ano seguinte quando mais de 10 mil atletas participaram de todas as etapas do evento.<\/p>\n<p><strong>SWIM CHANNEL: Voc\u00ea j\u00e1 disse que v\u00e1rios medalhistas ol\u00edmpicos e mundiais participaram do desafio de elite nesses dez anos de Rei e Rainha do Mar. Mas qual atleta voc\u00ea gostaria que tivesse nadado o Rei e Rainha do Mar e ainda n\u00e3o teve a oportunidade de vir ao Brasil?<\/strong><br \/>\n<strong>PEDRO MONTEIRO:<\/strong> Ao longo dos anos o Desafio Elite Rei e Rainha do Mar contou com ilustres presen\u00e7as na Praia de Copacabana. Dentre elas o australiano Trent Grimsey, o tunisiano Oussama Mellouli, o americano Aaron Peirsol, a brit\u00e2nica Keri\u2013Anne Payne, o holand\u00eas <a href=\"https:\/\/swimchannel.net\/br\/atleta\/ferry-weertman\/\">Ferry Weertman<\/a> (atual campe\u00e3o ol\u00edmpico) e muitos outros nomes, al\u00e9m dos brasileiros <a href=\"https:\/\/swimchannel.net\/br\/atleta\/poliana-okimoto\/\">Poliana Okimoto<\/a>, <a href=\"https:\/\/swimchannel.net\/br\/atleta\/ana-marcela-cunha\/\">Ana Marcela Cunha<\/a> e <a href=\"https:\/\/swimchannel.net\/br\/atleta\/allan-do-carmo\/\">Allan do Carmo<\/a> que sempre participaram do evento. J\u00e1 sondamos v\u00e1rios nadadores internacionais, mas gostaria muito de ter conseguido trazer ao Brasil a dupla australiana <a href=\"https:\/\/swimchannel.net\/br\/atleta\/ian-thorpe\/\">Ian Thorpe<\/a> e Grant Hackett. S\u00e3o duas lendas do esporte e por muito pouco n\u00e3o conseguimos contar com a participa\u00e7\u00e3o destes \u00edcones em nosso evento.<\/p>\n<figure id=\"attachment_17095\" aria-describedby=\"caption-attachment-17095\" style=\"width: 3840px\" class=\"wp-caption alignnone\"><img loading=\"lazy\" decoding=\"async\" class=\"size-full wp-image-17095\" src=\"https:\/\/swimchannel.net\/br\/wp-content\/uploads\/2019\/05\/hr2015f58.jpg\" alt=\"\" width=\"3840\" height=\"2560\" \/><figcaption id=\"caption-attachment-17095\" class=\"wp-caption-text\">Atletas de elite que j\u00e1 nadaram no Rei e Rainha do Mar &#8211; Foto: Reprodu\u00e7\u00e3o<\/figcaption><\/figure>\n<p><strong>SWIM CHANNEL: J\u00e1 tivemos uma edi\u00e7\u00e3o do Rei e Rainha do Mar em Portugal neste dez anos. Existe algum planejamento para voltar a ter eventos fora do Brasil?<\/strong><br \/>\n<strong>PEDRO MONTEIRO:<\/strong> Agora com o corte de patroc\u00ednio n\u00e3o estamos pensando muito nisso, mas quem sabe mais para frente? Aquela edi\u00e7\u00e3o em Portugal foi muito marcante e em outras cidades pelo Brasil tamb\u00e9m. Com certeza queremos fazer mais edi\u00e7\u00f5es pelo Brasil e fora dele.<\/p>\n<p><strong>SWIM CHANNEL: Para encerrar nossa conversa deixe aqui uma mensagem para todos os f\u00e3s do Rei e Rainha do Mar.<\/strong><br \/>\n<strong>PEDRO MONTEIRO:<\/strong> Somos muito apaixonados pelo o que fazemos e queremos deixar o evento ainda mais perfeito para voc\u00eas. Somos detalhistas, at\u00e9 chatos para os detalhes e perseguimos a ideia de que a cada evento queremos nos superar. Obrigado a todos os f\u00e3s e vamos seguir fazendo um evento que respeite a fam\u00edlia, a natureza e o esporte!<\/p>\n","protected":false},"excerpt":{"rendered":"<p>O principal evento de esportes de praia do Brasil esta completando uma d\u00e9cada de exist\u00eancia. Disputado pela primeira vez em 2009, o Circuito Rei e Rainha do Mar cresceu e hoje \u00e9 um dos eventos mais aguardados pelos atletas da nata\u00e7\u00e3o em \u00e1guas abertas. Para entender melhor sobre a import\u00e2ncia desta comemora\u00e7\u00e3o, a SWIM CHANNEL [&hellip;]<\/p>\n","protected":false},"author":7,"featured_media":17093,"comment_status":"open","ping_status":"open","sticky":false,"template":"","format":"standard","meta":{"footnotes":""},"categories":[1164],"tags":[14,1079,5,1772,552,202],"class_list":["post-17077","post","type-post","status-publish","format-standard","has-post-thumbnail","hentry","category-entrevista","tag-aguas-abertas","tag-effect-sport","tag-natacao","tag-pedro-monteiro","tag-praia-de-copacabana","tag-rei-e-rainha-do-mar"],"yoast_head":"<!-- This site is optimized with the Yoast SEO plugin v27.0 - https:\/\/yoast.com\/product\/yoast-seo-wordpress\/ -->\n<title>Os momentos marcantes dos dez anos do Rei e Rainha do Mar - Swimchannel<\/title>\n<meta name=\"description\" content=\"Maior festival de esportes de praia do Brasil completa uma d\u00e9cada de vida no pr\u00f3ximo fim de semana na Praia de Copacabana.\" \/>\n<meta name=\"robots\" content=\"index, follow, max-snippet:-1, max-image-preview:large, max-video-preview:-1\" \/>\n<link rel=\"canonical\" href=\"https:\/\/swimchannel.net\/br\/os-momentos-marcantes-dos-dez-anos-do-rei-e-rainha-do-mar\/\" \/>\n<meta property=\"og:locale\" content=\"pt_BR\" \/>\n<meta property=\"og:type\" content=\"article\" \/>\n<meta property=\"og:title\" content=\"Os momentos marcantes dos dez anos do Rei e Rainha do Mar - Swimchannel\" \/>\n<meta property=\"og:description\" content=\"Maior festival de esportes de praia do Brasil completa uma d\u00e9cada de vida no pr\u00f3ximo fim de semana na Praia de Copacabana.\" \/>\n<meta property=\"og:url\" content=\"https:\/\/swimchannel.net\/br\/os-momentos-marcantes-dos-dez-anos-do-rei-e-rainha-do-mar\/\" \/>\n<meta property=\"og:site_name\" content=\"Swimchannel\" \/>\n<meta property=\"article:publisher\" content=\"https:\/\/www.facebook.com\/swimchannel\" \/>\n<meta property=\"article:published_time\" content=\"2019-05-15T02:59:35+00:00\" \/>\n<meta property=\"article:modified_time\" content=\"2019-05-15T16:01:24+00:00\" \/>\n<meta property=\"og:image\" content=\"https:\/\/swimchannel.net\/br\/wp-content\/uploads\/2019\/05\/rrm-aereo.jpg\" \/>\n\t<meta property=\"og:image:width\" content=\"1200\" \/>\n\t<meta property=\"og:image:height\" content=\"675\" \/>\n\t<meta property=\"og:image:type\" content=\"image\/jpeg\" \/>\n<meta name=\"author\" content=\"Patrick Winkler\" \/>\n<meta name=\"twitter:card\" content=\"summary_large_image\" \/>\n<meta name=\"twitter:label1\" content=\"Escrito por\" \/>\n\t<meta name=\"twitter:data1\" content=\"Patrick Winkler\" \/>\n\t<meta name=\"twitter:label2\" content=\"Est. tempo de leitura\" \/>\n\t<meta name=\"twitter:data2\" content=\"6 minutos\" \/>\n<script type=\"application\/ld+json\" class=\"yoast-schema-graph\">{\"@context\":\"https:\/\/schema.org\",\"@graph\":[{\"@type\":\"Article\",\"@id\":\"https:\/\/swimchannel.net\/br\/os-momentos-marcantes-dos-dez-anos-do-rei-e-rainha-do-mar\/#article\",\"isPartOf\":{\"@id\":\"https:\/\/swimchannel.net\/br\/os-momentos-marcantes-dos-dez-anos-do-rei-e-rainha-do-mar\/\"},\"author\":{\"name\":\"Patrick Winkler\",\"@id\":\"https:\/\/swimchannel.net\/br\/#\/schema\/person\/e386d1d95aa7c02a94032f7e0b22e45f\"},\"headline\":\"Os momentos marcantes dos dez anos do Rei e Rainha do Mar\",\"datePublished\":\"2019-05-15T02:59:35+00:00\",\"dateModified\":\"2019-05-15T16:01:24+00:00\",\"mainEntityOfPage\":{\"@id\":\"https:\/\/swimchannel.net\/br\/os-momentos-marcantes-dos-dez-anos-do-rei-e-rainha-do-mar\/\"},\"wordCount\":1117,\"commentCount\":0,\"publisher\":{\"@id\":\"https:\/\/swimchannel.net\/br\/#organization\"},\"image\":{\"@id\":\"https:\/\/swimchannel.net\/br\/os-momentos-marcantes-dos-dez-anos-do-rei-e-rainha-do-mar\/#primaryimage\"},\"thumbnailUrl\":\"https:\/\/swimchannel.net\/br\/wp-content\/uploads\/2019\/05\/rrm-aereo.jpg\",\"keywords\":[\"\u00c1guas abertas\",\"Effect Sport\",\"natacao\",\"Pedro Monteiro\",\"Praia de Copacabana\",\"Rei e Rainha do Mar\"],\"articleSection\":[\"Entrevista\"],\"inLanguage\":\"pt-BR\",\"potentialAction\":[{\"@type\":\"CommentAction\",\"name\":\"Comment\",\"target\":[\"https:\/\/swimchannel.net\/br\/os-momentos-marcantes-dos-dez-anos-do-rei-e-rainha-do-mar\/#respond\"]}]},{\"@type\":\"WebPage\",\"@id\":\"https:\/\/swimchannel.net\/br\/os-momentos-marcantes-dos-dez-anos-do-rei-e-rainha-do-mar\/\",\"url\":\"https:\/\/swimchannel.net\/br\/os-momentos-marcantes-dos-dez-anos-do-rei-e-rainha-do-mar\/\",\"name\":\"Os momentos marcantes dos dez anos do Rei e Rainha do Mar - Swimchannel\",\"isPartOf\":{\"@id\":\"https:\/\/swimchannel.net\/br\/#website\"},\"primaryImageOfPage\":{\"@id\":\"https:\/\/swimchannel.net\/br\/os-momentos-marcantes-dos-dez-anos-do-rei-e-rainha-do-mar\/#primaryimage\"},\"image\":{\"@id\":\"https:\/\/swimchannel.net\/br\/os-momentos-marcantes-dos-dez-anos-do-rei-e-rainha-do-mar\/#primaryimage\"},\"thumbnailUrl\":\"https:\/\/swimchannel.net\/br\/wp-content\/uploads\/2019\/05\/rrm-aereo.jpg\",\"datePublished\":\"2019-05-15T02:59:35+00:00\",\"dateModified\":\"2019-05-15T16:01:24+00:00\",\"description\":\"Maior festival de esportes de praia do Brasil completa uma d\u00e9cada de vida no pr\u00f3ximo fim de semana na Praia de Copacabana.\",\"breadcrumb\":{\"@id\":\"https:\/\/swimchannel.net\/br\/os-momentos-marcantes-dos-dez-anos-do-rei-e-rainha-do-mar\/#breadcrumb\"},\"inLanguage\":\"pt-BR\",\"potentialAction\":[{\"@type\":\"ReadAction\",\"target\":[\"https:\/\/swimchannel.net\/br\/os-momentos-marcantes-dos-dez-anos-do-rei-e-rainha-do-mar\/\"]}]},{\"@type\":\"ImageObject\",\"inLanguage\":\"pt-BR\",\"@id\":\"https:\/\/swimchannel.net\/br\/os-momentos-marcantes-dos-dez-anos-do-rei-e-rainha-do-mar\/#primaryimage\",\"url\":\"https:\/\/swimchannel.net\/br\/wp-content\/uploads\/2019\/05\/rrm-aereo.jpg\",\"contentUrl\":\"https:\/\/swimchannel.net\/br\/wp-content\/uploads\/2019\/05\/rrm-aereo.jpg\",\"width\":1200,\"height\":675,\"caption\":\"A SWIM CHANNEL foi lan\u00e7ada em um Rei e Rainha do Mar - Foto: Gilvan Souza\"},{\"@type\":\"BreadcrumbList\",\"@id\":\"https:\/\/swimchannel.net\/br\/os-momentos-marcantes-dos-dez-anos-do-rei-e-rainha-do-mar\/#breadcrumb\",\"itemListElement\":[{\"@type\":\"ListItem\",\"position\":1,\"name\":\"Home\",\"item\":\"https:\/\/swimchannel.net\/br\/\"},{\"@type\":\"ListItem\",\"position\":2,\"name\":\"Os momentos marcantes dos dez anos do Rei e Rainha do Mar\"}]},{\"@type\":\"WebSite\",\"@id\":\"https:\/\/swimchannel.net\/br\/#website\",\"url\":\"https:\/\/swimchannel.net\/br\/\",\"name\":\"Swimchannel\",\"description\":\"Maior portal de nata\u00e7\u00e3o da america latina\",\"publisher\":{\"@id\":\"https:\/\/swimchannel.net\/br\/#organization\"},\"potentialAction\":[{\"@type\":\"SearchAction\",\"target\":{\"@type\":\"EntryPoint\",\"urlTemplate\":\"https:\/\/swimchannel.net\/br\/?s={search_term_string}\"},\"query-input\":{\"@type\":\"PropertyValueSpecification\",\"valueRequired\":true,\"valueName\":\"search_term_string\"}}],\"inLanguage\":\"pt-BR\"},{\"@type\":\"Organization\",\"@id\":\"https:\/\/swimchannel.net\/br\/#organization\",\"name\":\"Swimchannel - Conectando voc\u00ea a Nata\u00e7\u00e3o\",\"url\":\"https:\/\/swimchannel.net\/br\/\",\"logo\":{\"@type\":\"ImageObject\",\"inLanguage\":\"pt-BR\",\"@id\":\"https:\/\/swimchannel.net\/br\/#\/schema\/logo\/image\/\",\"url\":\"https:\/\/swimchannel.net\/br\/wp-content\/uploads\/2026\/02\/SWIM-CHANNEL.png\",\"contentUrl\":\"https:\/\/swimchannel.net\/br\/wp-content\/uploads\/2026\/02\/SWIM-CHANNEL.png\",\"width\":1120,\"height\":630,\"caption\":\"Swimchannel - Conectando voc\u00ea a Nata\u00e7\u00e3o\"},\"image\":{\"@id\":\"https:\/\/swimchannel.net\/br\/#\/schema\/logo\/image\/\"},\"sameAs\":[\"https:\/\/www.facebook.com\/swimchannel\",\"https:\/\/www.instagram.com\/swimchannel\"]},{\"@type\":\"Person\",\"@id\":\"https:\/\/swimchannel.net\/br\/#\/schema\/person\/e386d1d95aa7c02a94032f7e0b22e45f\",\"name\":\"Patrick Winkler\",\"image\":{\"@type\":\"ImageObject\",\"inLanguage\":\"pt-BR\",\"@id\":\"https:\/\/swimchannel.net\/br\/#\/schema\/person\/image\/\",\"url\":\"https:\/\/swimchannel.net\/br\/wp-content\/uploads\/2025\/02\/pw-201x180.jpg\",\"contentUrl\":\"https:\/\/swimchannel.net\/br\/wp-content\/uploads\/2025\/02\/pw-201x180.jpg\",\"caption\":\"Patrick Winkler\"},\"description\":\"Patrick Winkler CEO do Grupo Swim Channel, formado em administra\u00e7\u00e3o de empresas pela Universidade Mackenzie e p\u00f3s graduado em Gest\u00e3o do Esporte pelo Instituto Trevisan\",\"url\":\"https:\/\/swimchannel.net\/br\/author\/patrick-winkler\/\"}]}<\/script>\n<!-- \/ Yoast SEO plugin. -->","yoast_head_json":{"title":"Os momentos marcantes dos dez anos do Rei e Rainha do Mar - Swimchannel","description":"Maior festival de esportes de praia do Brasil completa uma d\u00e9cada de vida no pr\u00f3ximo fim de semana na Praia de Copacabana.","robots":{"index":"index","follow":"follow","max-snippet":"max-snippet:-1","max-image-preview":"max-image-preview:large","max-video-preview":"max-video-preview:-1"},"canonical":"https:\/\/swimchannel.net\/br\/os-momentos-marcantes-dos-dez-anos-do-rei-e-rainha-do-mar\/","og_locale":"pt_BR","og_type":"article","og_title":"Os momentos marcantes dos dez anos do Rei e Rainha do Mar - Swimchannel","og_description":"Maior festival de esportes de praia do Brasil completa uma d\u00e9cada de vida no pr\u00f3ximo fim de semana na Praia de Copacabana.","og_url":"https:\/\/swimchannel.net\/br\/os-momentos-marcantes-dos-dez-anos-do-rei-e-rainha-do-mar\/","og_site_name":"Swimchannel","article_publisher":"https:\/\/www.facebook.com\/swimchannel","article_published_time":"2019-05-15T02:59:35+00:00","article_modified_time":"2019-05-15T16:01:24+00:00","og_image":[{"width":1200,"height":675,"url":"https:\/\/swimchannel.net\/br\/wp-content\/uploads\/2019\/05\/rrm-aereo.jpg","type":"image\/jpeg"}],"author":"Patrick Winkler","twitter_card":"summary_large_image","twitter_misc":{"Escrito por":"Patrick Winkler","Est. tempo de leitura":"6 minutos"},"schema":{"@context":"https:\/\/schema.org","@graph":[{"@type":"Article","@id":"https:\/\/swimchannel.net\/br\/os-momentos-marcantes-dos-dez-anos-do-rei-e-rainha-do-mar\/#article","isPartOf":{"@id":"https:\/\/swimchannel.net\/br\/os-momentos-marcantes-dos-dez-anos-do-rei-e-rainha-do-mar\/"},"author":{"name":"Patrick Winkler","@id":"https:\/\/swimchannel.net\/br\/#\/schema\/person\/e386d1d95aa7c02a94032f7e0b22e45f"},"headline":"Os momentos marcantes dos dez anos do Rei e Rainha do Mar","datePublished":"2019-05-15T02:59:35+00:00","dateModified":"2019-05-15T16:01:24+00:00","mainEntityOfPage":{"@id":"https:\/\/swimchannel.net\/br\/os-momentos-marcantes-dos-dez-anos-do-rei-e-rainha-do-mar\/"},"wordCount":1117,"commentCount":0,"publisher":{"@id":"https:\/\/swimchannel.net\/br\/#organization"},"image":{"@id":"https:\/\/swimchannel.net\/br\/os-momentos-marcantes-dos-dez-anos-do-rei-e-rainha-do-mar\/#primaryimage"},"thumbnailUrl":"https:\/\/swimchannel.net\/br\/wp-content\/uploads\/2019\/05\/rrm-aereo.jpg","keywords":["\u00c1guas abertas","Effect Sport","natacao","Pedro Monteiro","Praia de Copacabana","Rei e Rainha do Mar"],"articleSection":["Entrevista"],"inLanguage":"pt-BR","potentialAction":[{"@type":"CommentAction","name":"Comment","target":["https:\/\/swimchannel.net\/br\/os-momentos-marcantes-dos-dez-anos-do-rei-e-rainha-do-mar\/#respond"]}]},{"@type":"WebPage","@id":"https:\/\/swimchannel.net\/br\/os-momentos-marcantes-dos-dez-anos-do-rei-e-rainha-do-mar\/","url":"https:\/\/swimchannel.net\/br\/os-momentos-marcantes-dos-dez-anos-do-rei-e-rainha-do-mar\/","name":"Os momentos marcantes dos dez anos do Rei e Rainha do Mar - Swimchannel","isPartOf":{"@id":"https:\/\/swimchannel.net\/br\/#website"},"primaryImageOfPage":{"@id":"https:\/\/swimchannel.net\/br\/os-momentos-marcantes-dos-dez-anos-do-rei-e-rainha-do-mar\/#primaryimage"},"image":{"@id":"https:\/\/swimchannel.net\/br\/os-momentos-marcantes-dos-dez-anos-do-rei-e-rainha-do-mar\/#primaryimage"},"thumbnailUrl":"https:\/\/swimchannel.net\/br\/wp-content\/uploads\/2019\/05\/rrm-aereo.jpg","datePublished":"2019-05-15T02:59:35+00:00","dateModified":"2019-05-15T16:01:24+00:00","description":"Maior festival de esportes de praia do Brasil completa uma d\u00e9cada de vida no pr\u00f3ximo fim de semana na Praia de Copacabana.","breadcrumb":{"@id":"https:\/\/swimchannel.net\/br\/os-momentos-marcantes-dos-dez-anos-do-rei-e-rainha-do-mar\/#breadcrumb"},"inLanguage":"pt-BR","potentialAction":[{"@type":"ReadAction","target":["https:\/\/swimchannel.net\/br\/os-momentos-marcantes-dos-dez-anos-do-rei-e-rainha-do-mar\/"]}]},{"@type":"ImageObject","inLanguage":"pt-BR","@id":"https:\/\/swimchannel.net\/br\/os-momentos-marcantes-dos-dez-anos-do-rei-e-rainha-do-mar\/#primaryimage","url":"https:\/\/swimchannel.net\/br\/wp-content\/uploads\/2019\/05\/rrm-aereo.jpg","contentUrl":"https:\/\/swimchannel.net\/br\/wp-content\/uploads\/2019\/05\/rrm-aereo.jpg","width":1200,"height":675,"caption":"A SWIM CHANNEL foi lan\u00e7ada em um Rei e Rainha do Mar - Foto: Gilvan Souza"},{"@type":"BreadcrumbList","@id":"https:\/\/swimchannel.net\/br\/os-momentos-marcantes-dos-dez-anos-do-rei-e-rainha-do-mar\/#breadcrumb","itemListElement":[{"@type":"ListItem","position":1,"name":"Home","item":"https:\/\/swimchannel.net\/br\/"},{"@type":"ListItem","position":2,"name":"Os momentos marcantes dos dez anos do Rei e Rainha do Mar"}]},{"@type":"WebSite","@id":"https:\/\/swimchannel.net\/br\/#website","url":"https:\/\/swimchannel.net\/br\/","name":"Swimchannel","description":"Maior portal de nata\u00e7\u00e3o da america latina","publisher":{"@id":"https:\/\/swimchannel.net\/br\/#organization"},"potentialAction":[{"@type":"SearchAction","target":{"@type":"EntryPoint","urlTemplate":"https:\/\/swimchannel.net\/br\/?s={search_term_string}"},"query-input":{"@type":"PropertyValueSpecification","valueRequired":true,"valueName":"search_term_string"}}],"inLanguage":"pt-BR"},{"@type":"Organization","@id":"https:\/\/swimchannel.net\/br\/#organization","name":"Swimchannel - Conectando voc\u00ea a Nata\u00e7\u00e3o","url":"https:\/\/swimchannel.net\/br\/","logo":{"@type":"ImageObject","inLanguage":"pt-BR","@id":"https:\/\/swimchannel.net\/br\/#\/schema\/logo\/image\/","url":"https:\/\/swimchannel.net\/br\/wp-content\/uploads\/2026\/02\/SWIM-CHANNEL.png","contentUrl":"https:\/\/swimchannel.net\/br\/wp-content\/uploads\/2026\/02\/SWIM-CHANNEL.png","width":1120,"height":630,"caption":"Swimchannel - Conectando voc\u00ea a Nata\u00e7\u00e3o"},"image":{"@id":"https:\/\/swimchannel.net\/br\/#\/schema\/logo\/image\/"},"sameAs":["https:\/\/www.facebook.com\/swimchannel","https:\/\/www.instagram.com\/swimchannel"]},{"@type":"Person","@id":"https:\/\/swimchannel.net\/br\/#\/schema\/person\/e386d1d95aa7c02a94032f7e0b22e45f","name":"Patrick Winkler","image":{"@type":"ImageObject","inLanguage":"pt-BR","@id":"https:\/\/swimchannel.net\/br\/#\/schema\/person\/image\/","url":"https:\/\/swimchannel.net\/br\/wp-content\/uploads\/2025\/02\/pw-201x180.jpg","contentUrl":"https:\/\/swimchannel.net\/br\/wp-content\/uploads\/2025\/02\/pw-201x180.jpg","caption":"Patrick Winkler"},"description":"Patrick Winkler CEO do Grupo Swim Channel, formado em administra\u00e7\u00e3o de empresas pela Universidade Mackenzie e p\u00f3s graduado em Gest\u00e3o do Esporte pelo Instituto Trevisan","url":"https:\/\/swimchannel.net\/br\/author\/patrick-winkler\/"}]}},"_links":{"self":[{"href":"https:\/\/swimchannel.net\/br\/wp-json\/wp\/v2\/posts\/17077","targetHints":{"allow":["GET"]}}],"collection":[{"href":"https:\/\/swimchannel.net\/br\/wp-json\/wp\/v2\/posts"}],"about":[{"href":"https:\/\/swimchannel.net\/br\/wp-json\/wp\/v2\/types\/post"}],"author":[{"embeddable":true,"href":"https:\/\/swimchannel.net\/br\/wp-json\/wp\/v2\/users\/7"}],"replies":[{"embeddable":true,"href":"https:\/\/swimchannel.net\/br\/wp-json\/wp\/v2\/comments?post=17077"}],"version-history":[{"count":0,"href":"https:\/\/swimchannel.net\/br\/wp-json\/wp\/v2\/posts\/17077\/revisions"}],"wp:featuredmedia":[{"embeddable":true,"href":"https:\/\/swimchannel.net\/br\/wp-json\/wp\/v2\/media\/17093"}],"wp:attachment":[{"href":"https:\/\/swimchannel.net\/br\/wp-json\/wp\/v2\/media?parent=17077"}],"wp:term":[{"taxonomy":"category","embeddable":true,"href":"https:\/\/swimchannel.net\/br\/wp-json\/wp\/v2\/categories?post=17077"},{"taxonomy":"post_tag","embeddable":true,"href":"https:\/\/swimchannel.net\/br\/wp-json\/wp\/v2\/tags?post=17077"}],"curies":[{"name":"wp","href":"https:\/\/api.w.org\/{rel}","templated":true}]}}