{"id":17220,"date":"2019-05-23T12:22:46","date_gmt":"2019-05-23T12:22:46","guid":{"rendered":"https:\/\/swimchannel.flywheelsites.com\/?p=17220"},"modified":"2019-05-23T16:12:59","modified_gmt":"2019-05-23T16:12:59","slug":"rei-de-buzios-acontece-este-final-de-semana-na-praia-de-manguinhos","status":"publish","type":"post","link":"https:\/\/swimchannel.net\/br\/rei-de-buzios-acontece-este-final-de-semana-na-praia-de-manguinhos\/","title":{"rendered":"Rei de B\u00fazios acontece este final de semana na Praia de Manguinhos"},"content":{"rendered":"<p>O j\u00e1 tradicional Rei de B\u00fazios ser\u00e1 realizado no pr\u00f3ximo final de semana (25 e 26 de maio) em uma das praias mais encantadoras da cidade do litoral do Rio de Janeiro: a Praia de Manguinhos. Conhecido por ser um dos locais mais bonitos do Brasil, a cidade de B\u00fazios recebe a cada etapa da competi\u00e7\u00e3o ainda mais admiradores e praticantes das provas de \u00e1guas abertas.<\/p>\n<p>As provas de \u00e1guas abertas foram inseridas na competi\u00e7\u00e3o no ano passado e a cada etapa o evento vem dando ainda mais destaque para as provas da modalidade. As provas de 1,5 km e 3 km ser\u00e3o realizadas no domingo 26 e v\u00e3o acontecer nos\u00a0entornos do\u00a0B\u00fazios Vela Clube.<\/p>\n<p>As duas dist\u00e2ncias s\u00e3o divididas em sete categorias de acordo com a idade dos participantes: at\u00e9 19 anos; de 20 a 29 anos; de 30 a 39 anos; 40 a 49 anos; 50 a 59 anos; 60 a 69 anos e maiores de 70 anos.<\/p>\n<figure id=\"attachment_17243\" aria-describedby=\"caption-attachment-17243\" style=\"width: 645px\" class=\"wp-caption alignnone\"><img loading=\"lazy\" decoding=\"async\" class=\"wp-image-17243\" src=\"https:\/\/swimchannel.net\/br\/wp-content\/uploads\/2019\/05\/52313347_2352252278128765_8214746053115641856_o.jpg\" alt=\"\" width=\"645\" height=\"430\" srcset=\"https:\/\/swimchannel.net\/br\/wp-content\/uploads\/2019\/05\/52313347_2352252278128765_8214746053115641856_o.jpg 1621w, https:\/\/swimchannel.net\/br\/wp-content\/uploads\/2019\/05\/52313347_2352252278128765_8214746053115641856_o-600x400.jpg 600w\" sizes=\"auto, (max-width: 645px) 100vw, 645px\" \/><figcaption id=\"caption-attachment-17243\" class=\"wp-caption-text\">\u00daltima edi\u00e7\u00e3o do Rei de B\u00fazios em 2018 &#8211; Foto: Divulga\u00e7\u00e3o<\/figcaption><\/figure>\n<p>Al\u00e9m da nata\u00e7\u00e3o em \u00e1guas abertas, o Rei de B\u00fazios oferece as\u00a0 provas de stand up paddle, canoa havaiana OC1 e V1, SUP Dog e Big SUP, SUP Dog, onde os atletas participantes poder\u00e3o remar ao lado de seus c\u00e3es e o SUP kids.\u00a0Na sexta-feira (24) ser\u00e1 o dia da entrega dos kits e briefing t\u00e9cnico, das 18h \u00e0s 22h. No s\u00e1bado (25) teremos as provas de SUP e Canoa,\u00a0a partir das 9h, e no domingo, a partir das 8h, ser\u00e1 o dia da prova de\u00a0nata\u00e7\u00e3o.<\/p>\n<p>Nos dias de evento acontecer\u00e3o as atividades no B\u00fazios Vela Clube, que contar\u00e1 com a presen\u00e7a de DJ\u2019s, food trucks e atra\u00e7\u00f5es art\u00edsticas ao longo do dia. O evento \u00e9\u00a0organizado pela\u00a0Lima Experience e conta com apoiadores como Canal Off, Pousada das Amoras, Mistral, entre outras.<\/p>\n<p>As inscri\u00e7\u00f5es para a competi\u00e7\u00e3o terminam nesta quinta-feira e feitas podem ser neste endere\u00e7o aqui:\u00a0<a href=\"https:\/\/www.ingressocerto.com\/rei-de-buzios-2019\" target=\"_blank\" rel=\"noopener\">https:\/\/www.ingressocerto.com\/rei-de-buzios-2019<\/a>. L\u00e1 tamb\u00e9m \u00e9 poss\u00edvel conferir a programa\u00e7\u00e3o completa da competi\u00e7\u00e3o.<\/p>\n","protected":false},"excerpt":{"rendered":"<p>O j\u00e1 tradicional Rei de B\u00fazios ser\u00e1 realizado no pr\u00f3ximo final de semana (25 e 26 de maio) em uma das praias mais encantadoras da cidade do litoral do Rio de Janeiro: a Praia de Manguinhos. Conhecido por ser um dos locais mais bonitos do Brasil, a cidade de B\u00fazios recebe a cada etapa da [&hellip;]<\/p>\n","protected":false},"author":9,"featured_media":17238,"comment_status":"open","ping_status":"open","sticky":false,"template":"","format":"standard","meta":{"footnotes":""},"categories":[115],"tags":[14,384,1807,1534,1808],"class_list":["post-17220","post","type-post","status-publish","format-standard","has-post-thumbnail","hentry","category-aguas-abertas","tag-aguas-abertas","tag-maratona-aquatica","tag-praia-de-manguinhos","tag-rei-de-buzios","tag-sup"],"yoast_head":"<!-- This site is optimized with the Yoast SEO plugin v27.0 - https:\/\/yoast.com\/product\/yoast-seo-wordpress\/ -->\n<title>Rei de B\u00fazios acontece este final de semana na Praia de Manguinhos - Swimchannel<\/title>\n<meta name=\"robots\" content=\"index, follow, max-snippet:-1, max-image-preview:large, max-video-preview:-1\" \/>\n<link rel=\"canonical\" href=\"https:\/\/swimchannel.net\/br\/rei-de-buzios-acontece-este-final-de-semana-na-praia-de-manguinhos\/\" \/>\n<meta property=\"og:locale\" content=\"pt_BR\" \/>\n<meta property=\"og:type\" content=\"article\" \/>\n<meta property=\"og:title\" content=\"Rei de B\u00fazios acontece este final de semana na Praia de Manguinhos - Swimchannel\" \/>\n<meta property=\"og:description\" content=\"O j\u00e1 tradicional Rei de B\u00fazios ser\u00e1 realizado no pr\u00f3ximo final de semana (25 e 26 de maio) em uma das praias mais encantadoras da cidade do litoral do Rio de Janeiro: a Praia de Manguinhos. Conhecido por ser um dos locais mais bonitos do Brasil, a cidade de B\u00fazios recebe a cada etapa da [&hellip;]\" \/>\n<meta property=\"og:url\" content=\"https:\/\/swimchannel.net\/br\/rei-de-buzios-acontece-este-final-de-semana-na-praia-de-manguinhos\/\" \/>\n<meta property=\"og:site_name\" content=\"Swimchannel\" \/>\n<meta property=\"article:publisher\" content=\"https:\/\/www.facebook.com\/swimchannel\" \/>\n<meta property=\"article:published_time\" content=\"2019-05-23T12:22:46+00:00\" \/>\n<meta property=\"article:modified_time\" content=\"2019-05-23T16:12:59+00:00\" \/>\n<meta property=\"og:image\" content=\"https:\/\/swimchannel.net\/br\/wp-content\/uploads\/2019\/05\/5c8bc7c18b9ac.png\" \/>\n\t<meta property=\"og:image:width\" content=\"653\" \/>\n\t<meta property=\"og:image:height\" content=\"367\" \/>\n\t<meta property=\"og:image:type\" content=\"image\/png\" \/>\n<meta name=\"author\" content=\"Katarine Monteiro\" \/>\n<meta name=\"twitter:card\" content=\"summary_large_image\" \/>\n<meta name=\"twitter:creator\" content=\"@https:\/\/twitter.com\/Katarinem\" \/>\n<meta name=\"twitter:label1\" content=\"Escrito por\" \/>\n\t<meta name=\"twitter:data1\" content=\"Katarine Monteiro\" \/>\n\t<meta name=\"twitter:label2\" content=\"Est. tempo de leitura\" \/>\n\t<meta name=\"twitter:data2\" content=\"2 minutos\" \/>\n<script type=\"application\/ld+json\" class=\"yoast-schema-graph\">{\"@context\":\"https:\/\/schema.org\",\"@graph\":[{\"@type\":\"Article\",\"@id\":\"https:\/\/swimchannel.net\/br\/rei-de-buzios-acontece-este-final-de-semana-na-praia-de-manguinhos\/#article\",\"isPartOf\":{\"@id\":\"https:\/\/swimchannel.net\/br\/rei-de-buzios-acontece-este-final-de-semana-na-praia-de-manguinhos\/\"},\"author\":{\"name\":\"Katarine Monteiro\",\"@id\":\"https:\/\/swimchannel.net\/br\/#\/schema\/person\/73ae9cec62249968bca1f0a8098ef002\"},\"headline\":\"Rei de B\u00fazios acontece este final de semana na Praia de Manguinhos\",\"datePublished\":\"2019-05-23T12:22:46+00:00\",\"dateModified\":\"2019-05-23T16:12:59+00:00\",\"mainEntityOfPage\":{\"@id\":\"https:\/\/swimchannel.net\/br\/rei-de-buzios-acontece-este-final-de-semana-na-praia-de-manguinhos\/\"},\"wordCount\":370,\"commentCount\":0,\"publisher\":{\"@id\":\"https:\/\/swimchannel.net\/br\/#organization\"},\"image\":{\"@id\":\"https:\/\/swimchannel.net\/br\/rei-de-buzios-acontece-este-final-de-semana-na-praia-de-manguinhos\/#primaryimage\"},\"thumbnailUrl\":\"https:\/\/swimchannel.net\/br\/wp-content\/uploads\/2019\/05\/5c8bc7c18b9ac.png\",\"keywords\":[\"\u00c1guas abertas\",\"maratona aqu\u00e1tica\",\"Praia de Manguinhos\",\"Rei de B\u00fazios\",\"SUP\"],\"articleSection\":[\"\u00c1guas Abertas\"],\"inLanguage\":\"pt-BR\",\"potentialAction\":[{\"@type\":\"CommentAction\",\"name\":\"Comment\",\"target\":[\"https:\/\/swimchannel.net\/br\/rei-de-buzios-acontece-este-final-de-semana-na-praia-de-manguinhos\/#respond\"]}]},{\"@type\":\"WebPage\",\"@id\":\"https:\/\/swimchannel.net\/br\/rei-de-buzios-acontece-este-final-de-semana-na-praia-de-manguinhos\/\",\"url\":\"https:\/\/swimchannel.net\/br\/rei-de-buzios-acontece-este-final-de-semana-na-praia-de-manguinhos\/\",\"name\":\"Rei de B\u00fazios acontece este final de semana na Praia de Manguinhos - Swimchannel\",\"isPartOf\":{\"@id\":\"https:\/\/swimchannel.net\/br\/#website\"},\"primaryImageOfPage\":{\"@id\":\"https:\/\/swimchannel.net\/br\/rei-de-buzios-acontece-este-final-de-semana-na-praia-de-manguinhos\/#primaryimage\"},\"image\":{\"@id\":\"https:\/\/swimchannel.net\/br\/rei-de-buzios-acontece-este-final-de-semana-na-praia-de-manguinhos\/#primaryimage\"},\"thumbnailUrl\":\"https:\/\/swimchannel.net\/br\/wp-content\/uploads\/2019\/05\/5c8bc7c18b9ac.png\",\"datePublished\":\"2019-05-23T12:22:46+00:00\",\"dateModified\":\"2019-05-23T16:12:59+00:00\",\"breadcrumb\":{\"@id\":\"https:\/\/swimchannel.net\/br\/rei-de-buzios-acontece-este-final-de-semana-na-praia-de-manguinhos\/#breadcrumb\"},\"inLanguage\":\"pt-BR\",\"potentialAction\":[{\"@type\":\"ReadAction\",\"target\":[\"https:\/\/swimchannel.net\/br\/rei-de-buzios-acontece-este-final-de-semana-na-praia-de-manguinhos\/\"]}]},{\"@type\":\"ImageObject\",\"inLanguage\":\"pt-BR\",\"@id\":\"https:\/\/swimchannel.net\/br\/rei-de-buzios-acontece-este-final-de-semana-na-praia-de-manguinhos\/#primaryimage\",\"url\":\"https:\/\/swimchannel.net\/br\/wp-content\/uploads\/2019\/05\/5c8bc7c18b9ac.png\",\"contentUrl\":\"https:\/\/swimchannel.net\/br\/wp-content\/uploads\/2019\/05\/5c8bc7c18b9ac.png\",\"width\":653,\"height\":367,\"caption\":\"Rei de B\u00fazios ser\u00e1 realizado neste final de semana na Praia de Manguinhos\"},{\"@type\":\"BreadcrumbList\",\"@id\":\"https:\/\/swimchannel.net\/br\/rei-de-buzios-acontece-este-final-de-semana-na-praia-de-manguinhos\/#breadcrumb\",\"itemListElement\":[{\"@type\":\"ListItem\",\"position\":1,\"name\":\"Home\",\"item\":\"https:\/\/swimchannel.net\/br\/\"},{\"@type\":\"ListItem\",\"position\":2,\"name\":\"Rei de B\u00fazios acontece este final de semana na Praia de Manguinhos\"}]},{\"@type\":\"WebSite\",\"@id\":\"https:\/\/swimchannel.net\/br\/#website\",\"url\":\"https:\/\/swimchannel.net\/br\/\",\"name\":\"Swimchannel\",\"description\":\"Maior portal de nata\u00e7\u00e3o da america latina\",\"publisher\":{\"@id\":\"https:\/\/swimchannel.net\/br\/#organization\"},\"potentialAction\":[{\"@type\":\"SearchAction\",\"target\":{\"@type\":\"EntryPoint\",\"urlTemplate\":\"https:\/\/swimchannel.net\/br\/?s={search_term_string}\"},\"query-input\":{\"@type\":\"PropertyValueSpecification\",\"valueRequired\":true,\"valueName\":\"search_term_string\"}}],\"inLanguage\":\"pt-BR\"},{\"@type\":\"Organization\",\"@id\":\"https:\/\/swimchannel.net\/br\/#organization\",\"name\":\"Swimchannel - Conectando voc\u00ea a Nata\u00e7\u00e3o\",\"url\":\"https:\/\/swimchannel.net\/br\/\",\"logo\":{\"@type\":\"ImageObject\",\"inLanguage\":\"pt-BR\",\"@id\":\"https:\/\/swimchannel.net\/br\/#\/schema\/logo\/image\/\",\"url\":\"https:\/\/swimchannel.net\/br\/wp-content\/uploads\/2026\/02\/SWIM-CHANNEL.png\",\"contentUrl\":\"https:\/\/swimchannel.net\/br\/wp-content\/uploads\/2026\/02\/SWIM-CHANNEL.png\",\"width\":1120,\"height\":630,\"caption\":\"Swimchannel - Conectando voc\u00ea a Nata\u00e7\u00e3o\"},\"image\":{\"@id\":\"https:\/\/swimchannel.net\/br\/#\/schema\/logo\/image\/\"},\"sameAs\":[\"https:\/\/www.facebook.com\/swimchannel\",\"https:\/\/www.instagram.com\/swimchannel\"]},{\"@type\":\"Person\",\"@id\":\"https:\/\/swimchannel.net\/br\/#\/schema\/person\/73ae9cec62249968bca1f0a8098ef002\",\"name\":\"Katarine Monteiro\",\"image\":{\"@type\":\"ImageObject\",\"inLanguage\":\"pt-BR\",\"@id\":\"https:\/\/swimchannel.net\/br\/#\/schema\/person\/image\/\",\"url\":\"https:\/\/swimchannel.net\/br\/wp-content\/uploads\/2022\/01\/Katarine-Monteiro-100x100.jpg\",\"contentUrl\":\"https:\/\/swimchannel.net\/br\/wp-content\/uploads\/2022\/01\/Katarine-Monteiro-100x100.jpg\",\"caption\":\"Katarine Monteiro\"},\"description\":\"Jornalista SWIM CHANNEL especializada em esportes ol\u00edmpicos e em sa\u00fade. Com cobertura de grandes eventos internacionais, como Jogos Ol\u00edmpicos Rio 2016, Jogos Pan-Americanos em Lima 2019, Qatar Total Open 2020, Qatar ExxonMobil Open 2019 - t\u00eanis em Doha (QT), Semana Internacional de Vela de Ilhabela, Transat Jacques Vabre 2019 (Fran\u00e7a-Brasil), L'\u00c9tape Brasil by Tour de France, j\u00e1 fez in\u00fameras coberturas de nata\u00e7\u00e3o, maratona aqu\u00e1tica e polo aqu\u00e1tico. Formada tamb\u00e9m em Letras, a jornalista atua como assessora de imprensa, rela\u00e7\u00f5es p\u00fablicas e social media, com especializa\u00e7\u00e3o em marketing esportivo. Nadadora amadora de \u00e1guas abertas, j\u00e1 trabalhou com grandes nomes da nata\u00e7\u00e3o e do polo aqu\u00e1tico brasileiro.\",\"sameAs\":[\"https:\/\/www.instagram.com\/_katarinemonteiro\/\",\"https:\/\/www.linkedin.com\/in\/katarine-monteiro-19385297\/\",\"https:\/\/x.com\/https:\/\/twitter.com\/Katarinem\"],\"url\":\"https:\/\/swimchannel.net\/br\/author\/katarine-monteiro\/\"}]}<\/script>\n<!-- \/ Yoast SEO plugin. -->","yoast_head_json":{"title":"Rei de B\u00fazios acontece este final de semana na Praia de Manguinhos - Swimchannel","robots":{"index":"index","follow":"follow","max-snippet":"max-snippet:-1","max-image-preview":"max-image-preview:large","max-video-preview":"max-video-preview:-1"},"canonical":"https:\/\/swimchannel.net\/br\/rei-de-buzios-acontece-este-final-de-semana-na-praia-de-manguinhos\/","og_locale":"pt_BR","og_type":"article","og_title":"Rei de B\u00fazios acontece este final de semana na Praia de Manguinhos - Swimchannel","og_description":"O j\u00e1 tradicional Rei de B\u00fazios ser\u00e1 realizado no pr\u00f3ximo final de semana (25 e 26 de maio) em uma das praias mais encantadoras da cidade do litoral do Rio de Janeiro: a Praia de Manguinhos. Conhecido por ser um dos locais mais bonitos do Brasil, a cidade de B\u00fazios recebe a cada etapa da [&hellip;]","og_url":"https:\/\/swimchannel.net\/br\/rei-de-buzios-acontece-este-final-de-semana-na-praia-de-manguinhos\/","og_site_name":"Swimchannel","article_publisher":"https:\/\/www.facebook.com\/swimchannel","article_published_time":"2019-05-23T12:22:46+00:00","article_modified_time":"2019-05-23T16:12:59+00:00","og_image":[{"width":653,"height":367,"url":"https:\/\/swimchannel.net\/br\/wp-content\/uploads\/2019\/05\/5c8bc7c18b9ac.png","type":"image\/png"}],"author":"Katarine Monteiro","twitter_card":"summary_large_image","twitter_creator":"@https:\/\/twitter.com\/Katarinem","twitter_misc":{"Escrito por":"Katarine Monteiro","Est. tempo de leitura":"2 minutos"},"schema":{"@context":"https:\/\/schema.org","@graph":[{"@type":"Article","@id":"https:\/\/swimchannel.net\/br\/rei-de-buzios-acontece-este-final-de-semana-na-praia-de-manguinhos\/#article","isPartOf":{"@id":"https:\/\/swimchannel.net\/br\/rei-de-buzios-acontece-este-final-de-semana-na-praia-de-manguinhos\/"},"author":{"name":"Katarine Monteiro","@id":"https:\/\/swimchannel.net\/br\/#\/schema\/person\/73ae9cec62249968bca1f0a8098ef002"},"headline":"Rei de B\u00fazios acontece este final de semana na Praia de Manguinhos","datePublished":"2019-05-23T12:22:46+00:00","dateModified":"2019-05-23T16:12:59+00:00","mainEntityOfPage":{"@id":"https:\/\/swimchannel.net\/br\/rei-de-buzios-acontece-este-final-de-semana-na-praia-de-manguinhos\/"},"wordCount":370,"commentCount":0,"publisher":{"@id":"https:\/\/swimchannel.net\/br\/#organization"},"image":{"@id":"https:\/\/swimchannel.net\/br\/rei-de-buzios-acontece-este-final-de-semana-na-praia-de-manguinhos\/#primaryimage"},"thumbnailUrl":"https:\/\/swimchannel.net\/br\/wp-content\/uploads\/2019\/05\/5c8bc7c18b9ac.png","keywords":["\u00c1guas abertas","maratona aqu\u00e1tica","Praia de Manguinhos","Rei de B\u00fazios","SUP"],"articleSection":["\u00c1guas Abertas"],"inLanguage":"pt-BR","potentialAction":[{"@type":"CommentAction","name":"Comment","target":["https:\/\/swimchannel.net\/br\/rei-de-buzios-acontece-este-final-de-semana-na-praia-de-manguinhos\/#respond"]}]},{"@type":"WebPage","@id":"https:\/\/swimchannel.net\/br\/rei-de-buzios-acontece-este-final-de-semana-na-praia-de-manguinhos\/","url":"https:\/\/swimchannel.net\/br\/rei-de-buzios-acontece-este-final-de-semana-na-praia-de-manguinhos\/","name":"Rei de B\u00fazios acontece este final de semana na Praia de Manguinhos - Swimchannel","isPartOf":{"@id":"https:\/\/swimchannel.net\/br\/#website"},"primaryImageOfPage":{"@id":"https:\/\/swimchannel.net\/br\/rei-de-buzios-acontece-este-final-de-semana-na-praia-de-manguinhos\/#primaryimage"},"image":{"@id":"https:\/\/swimchannel.net\/br\/rei-de-buzios-acontece-este-final-de-semana-na-praia-de-manguinhos\/#primaryimage"},"thumbnailUrl":"https:\/\/swimchannel.net\/br\/wp-content\/uploads\/2019\/05\/5c8bc7c18b9ac.png","datePublished":"2019-05-23T12:22:46+00:00","dateModified":"2019-05-23T16:12:59+00:00","breadcrumb":{"@id":"https:\/\/swimchannel.net\/br\/rei-de-buzios-acontece-este-final-de-semana-na-praia-de-manguinhos\/#breadcrumb"},"inLanguage":"pt-BR","potentialAction":[{"@type":"ReadAction","target":["https:\/\/swimchannel.net\/br\/rei-de-buzios-acontece-este-final-de-semana-na-praia-de-manguinhos\/"]}]},{"@type":"ImageObject","inLanguage":"pt-BR","@id":"https:\/\/swimchannel.net\/br\/rei-de-buzios-acontece-este-final-de-semana-na-praia-de-manguinhos\/#primaryimage","url":"https:\/\/swimchannel.net\/br\/wp-content\/uploads\/2019\/05\/5c8bc7c18b9ac.png","contentUrl":"https:\/\/swimchannel.net\/br\/wp-content\/uploads\/2019\/05\/5c8bc7c18b9ac.png","width":653,"height":367,"caption":"Rei de B\u00fazios ser\u00e1 realizado neste final de semana na Praia de Manguinhos"},{"@type":"BreadcrumbList","@id":"https:\/\/swimchannel.net\/br\/rei-de-buzios-acontece-este-final-de-semana-na-praia-de-manguinhos\/#breadcrumb","itemListElement":[{"@type":"ListItem","position":1,"name":"Home","item":"https:\/\/swimchannel.net\/br\/"},{"@type":"ListItem","position":2,"name":"Rei de B\u00fazios acontece este final de semana na Praia de Manguinhos"}]},{"@type":"WebSite","@id":"https:\/\/swimchannel.net\/br\/#website","url":"https:\/\/swimchannel.net\/br\/","name":"Swimchannel","description":"Maior portal de nata\u00e7\u00e3o da america latina","publisher":{"@id":"https:\/\/swimchannel.net\/br\/#organization"},"potentialAction":[{"@type":"SearchAction","target":{"@type":"EntryPoint","urlTemplate":"https:\/\/swimchannel.net\/br\/?s={search_term_string}"},"query-input":{"@type":"PropertyValueSpecification","valueRequired":true,"valueName":"search_term_string"}}],"inLanguage":"pt-BR"},{"@type":"Organization","@id":"https:\/\/swimchannel.net\/br\/#organization","name":"Swimchannel - Conectando voc\u00ea a Nata\u00e7\u00e3o","url":"https:\/\/swimchannel.net\/br\/","logo":{"@type":"ImageObject","inLanguage":"pt-BR","@id":"https:\/\/swimchannel.net\/br\/#\/schema\/logo\/image\/","url":"https:\/\/swimchannel.net\/br\/wp-content\/uploads\/2026\/02\/SWIM-CHANNEL.png","contentUrl":"https:\/\/swimchannel.net\/br\/wp-content\/uploads\/2026\/02\/SWIM-CHANNEL.png","width":1120,"height":630,"caption":"Swimchannel - Conectando voc\u00ea a Nata\u00e7\u00e3o"},"image":{"@id":"https:\/\/swimchannel.net\/br\/#\/schema\/logo\/image\/"},"sameAs":["https:\/\/www.facebook.com\/swimchannel","https:\/\/www.instagram.com\/swimchannel"]},{"@type":"Person","@id":"https:\/\/swimchannel.net\/br\/#\/schema\/person\/73ae9cec62249968bca1f0a8098ef002","name":"Katarine Monteiro","image":{"@type":"ImageObject","inLanguage":"pt-BR","@id":"https:\/\/swimchannel.net\/br\/#\/schema\/person\/image\/","url":"https:\/\/swimchannel.net\/br\/wp-content\/uploads\/2022\/01\/Katarine-Monteiro-100x100.jpg","contentUrl":"https:\/\/swimchannel.net\/br\/wp-content\/uploads\/2022\/01\/Katarine-Monteiro-100x100.jpg","caption":"Katarine Monteiro"},"description":"Jornalista SWIM CHANNEL especializada em esportes ol\u00edmpicos e em sa\u00fade. Com cobertura de grandes eventos internacionais, como Jogos Ol\u00edmpicos Rio 2016, Jogos Pan-Americanos em Lima 2019, Qatar Total Open 2020, Qatar ExxonMobil Open 2019 - t\u00eanis em Doha (QT), Semana Internacional de Vela de Ilhabela, Transat Jacques Vabre 2019 (Fran\u00e7a-Brasil), L'\u00c9tape Brasil by Tour de France, j\u00e1 fez in\u00fameras coberturas de nata\u00e7\u00e3o, maratona aqu\u00e1tica e polo aqu\u00e1tico. Formada tamb\u00e9m em Letras, a jornalista atua como assessora de imprensa, rela\u00e7\u00f5es p\u00fablicas e social media, com especializa\u00e7\u00e3o em marketing esportivo. Nadadora amadora de \u00e1guas abertas, j\u00e1 trabalhou com grandes nomes da nata\u00e7\u00e3o e do polo aqu\u00e1tico brasileiro.","sameAs":["https:\/\/www.instagram.com\/_katarinemonteiro\/","https:\/\/www.linkedin.com\/in\/katarine-monteiro-19385297\/","https:\/\/x.com\/https:\/\/twitter.com\/Katarinem"],"url":"https:\/\/swimchannel.net\/br\/author\/katarine-monteiro\/"}]}},"_links":{"self":[{"href":"https:\/\/swimchannel.net\/br\/wp-json\/wp\/v2\/posts\/17220","targetHints":{"allow":["GET"]}}],"collection":[{"href":"https:\/\/swimchannel.net\/br\/wp-json\/wp\/v2\/posts"}],"about":[{"href":"https:\/\/swimchannel.net\/br\/wp-json\/wp\/v2\/types\/post"}],"author":[{"embeddable":true,"href":"https:\/\/swimchannel.net\/br\/wp-json\/wp\/v2\/users\/9"}],"replies":[{"embeddable":true,"href":"https:\/\/swimchannel.net\/br\/wp-json\/wp\/v2\/comments?post=17220"}],"version-history":[{"count":0,"href":"https:\/\/swimchannel.net\/br\/wp-json\/wp\/v2\/posts\/17220\/revisions"}],"wp:featuredmedia":[{"embeddable":true,"href":"https:\/\/swimchannel.net\/br\/wp-json\/wp\/v2\/media\/17238"}],"wp:attachment":[{"href":"https:\/\/swimchannel.net\/br\/wp-json\/wp\/v2\/media?parent=17220"}],"wp:term":[{"taxonomy":"category","embeddable":true,"href":"https:\/\/swimchannel.net\/br\/wp-json\/wp\/v2\/categories?post=17220"},{"taxonomy":"post_tag","embeddable":true,"href":"https:\/\/swimchannel.net\/br\/wp-json\/wp\/v2\/tags?post=17220"}],"curies":[{"name":"wp","href":"https:\/\/api.w.org\/{rel}","templated":true}]}}