{"id":17372,"date":"2019-06-07T14:34:18","date_gmt":"2019-06-07T14:34:18","guid":{"rendered":"https:\/\/swimchannel.flywheelsites.com\/?p=17372"},"modified":"2019-06-07T14:56:36","modified_gmt":"2019-06-07T14:56:36","slug":"vai-comecar-o-mare-nostrum","status":"publish","type":"post","link":"https:\/\/swimchannel.net\/br\/vai-comecar-o-mare-nostrum\/","title":{"rendered":"Vai come\u00e7ar o Mare Nostrum"},"content":{"rendered":"<p>Tem in\u00edcio amanh\u00e3 em Monte Carlo mais uma edi\u00e7\u00e3o do Circuito Mare Nostrum de nata\u00e7\u00e3o, um dos principais e mais tradicionais circuitos da modalidade na Europa. Com tr\u00eas etapas disputadas as costas do Mar Mediterr\u00e2neo a competi\u00e7\u00e3o ser\u00e1 uma esp\u00e9cie de aquecimento para os f\u00e3s da nata\u00e7\u00e3o j\u00e1 irem entrando no clima do Campeonato Mundial de Esportes Aqu\u00e1ticos. Na \u00e1gua estar\u00e3o astros da modalidade e favoritos a medalha no Mundial, inclusive brasileiros.<\/p>\n<p>Em Monte Carlo a competi\u00e7\u00e3o ocorre este s\u00e1bado e domingo (8 e 9 de junho) na piscina Stade Louis II. O Brasil tem apenas tr\u00eas nadadores inscritos para esta primeira etapa do Mare Nostrum: <a href=\"https:\/\/swimchannel.net\/br\/atleta\/bruno-fratus\/\">Bruno Fratus<\/a> (50m livre), Felipe Lima (50m e 100m peito) e Jheniffer Alves (50m peito). Outros destaques da competi\u00e7\u00e3o monegasca s\u00e3o o japon\u00eas Daiya Seto, a russa Yulia Efimova e o americano Michael Andrew. <a href=\"http:\/\/montecarlo-swimming.org\/textes\/2019\/liste_des_engagements.pdf\" target=\"_blank\" rel=\"noopener\">Confira aqui o start list<\/a>.<\/p>\n<figure id=\"attachment_16605\" aria-describedby=\"caption-attachment-16605\" style=\"width: 1800px\" class=\"wp-caption alignnone\"><img loading=\"lazy\" decoding=\"async\" class=\"size-full wp-image-16605\" src=\"https:\/\/swimchannel.net\/br\/wp-content\/uploads\/2019\/04\/0I0A0232.jpg\" alt=\"\" width=\"1800\" height=\"1200\" srcset=\"https:\/\/swimchannel.net\/br\/wp-content\/uploads\/2019\/04\/0I0A0232.jpg 1800w, https:\/\/swimchannel.net\/br\/wp-content\/uploads\/2019\/04\/0I0A0232-600x400.jpg 600w\" sizes=\"auto, (max-width: 1800px) 100vw, 1800px\" \/><figcaption id=\"caption-attachment-16605\" class=\"wp-caption-text\">Jhennifer Alves &#8211; Foto: Matheus Paiva\/SSPress\/CBDA<\/figcaption><\/figure>\n<p>Em seguida o circuito chega a Canet, na Fran\u00e7a, nos dias 11 e 12 de junho. Realizada no\u00a0Centre de Natation Arlette Franco, o evento ter\u00e1 mais brasileiros presentes. Soman-se a Bruno Fratus, Felipe Lima e Jhennifer Alves outros 16 atletas: <a href=\"https:\/\/swimchannel.net\/br\/atleta\/larissa-oliveira\/\">Larissa Oliveira<\/a>, Aline Rodrigues, Gabrielle Roncatto, Fernanda Goeij, Maria Pessanha, Bruna Leme, Giovanna Diamante, Jo\u00e3o de Lucca, Fernando Scheffer, Luiz Altamir, Leonardo Santos, Miguel Valente, <a href=\"https:\/\/swimchannel.net\/br\/atleta\/guilherme-guido\/\">Guilherme Guido<\/a>, Brandonn Almeida, Caio Pumputis e Vin\u00edcius Lanza. Al\u00e9m deles destaque para a canadense Penny Oleksiak, a h\u00fangara <a href=\"https:\/\/swimchannel.net\/br\/atleta\/katinka-hosszu\/\">Katinka Hosszu<\/a> e os brit\u00e2nicos Ben Proud e <a href=\"https:\/\/swimchannel.net\/br\/atleta\/adam-peaty\/\">Adam Peaty<\/a>. <a href=\"http:\/\/marenostrumswimming.com\/download.php?ThemaID=51&amp;CatID=53\" target=\"_blank\" rel=\"noopener\">Aqui voc\u00ea encontra o start-list da competi\u00e7\u00e3o<\/a>.<\/p>\n<p>Por fim Barcelona encerra o Circuito Mare Nostrum 2019 nos dias 15 e 16 de junho. As provas ser\u00e3o disputadas no\u00a0Club Nataci\u00f3 Sant Andreu e ter\u00e1 presen\u00e7a maci\u00e7a de brasileiros. Al\u00e9m dos 19 inscritos na etapa de Canet juntam-se ao grupos os velocistas do revezamento 4x100m livre que est\u00e3o no momento na Turquia fazendo um training camp: <a href=\"https:\/\/swimchannel.net\/br\/atleta\/marcelo-chierighini\/\">Marcelo Chierighini<\/a>, Breno Correia, Gabriel Santos e Pedro Spajari. Entre as estrelas internacional destaque para a espanhola <a href=\"https:\/\/swimchannel.net\/br\/atleta\/mireia-belmonte\/\">Mireia Belmonte<\/a>, o h\u00fangaro Kristof Milak e o russo Kirill Prigoda. <a href=\"http:\/\/competicions.natacio.cat\/2019\/TICB2019\/\" target=\"_blank\" rel=\"noopener\">O start-list esta dispon\u00edvel aqui<\/a>.<\/p>\n<figure id=\"attachment_13898\" aria-describedby=\"caption-attachment-13898\" style=\"width: 1800px\" class=\"wp-caption alignnone\"><img loading=\"lazy\" decoding=\"async\" class=\"size-full wp-image-13898\" src=\"https:\/\/swimchannel.net\/br\/wp-content\/uploads\/2018\/12\/SIM8418.jpg\" alt=\"\" width=\"1800\" height=\"1200\" srcset=\"https:\/\/swimchannel.net\/br\/wp-content\/uploads\/2018\/12\/SIM8418.jpg 1800w, https:\/\/swimchannel.net\/br\/wp-content\/uploads\/2018\/12\/SIM8418-600x400.jpg 600w\" sizes=\"auto, (max-width: 1800px) 100vw, 1800px\" \/><figcaption id=\"caption-attachment-13898\" class=\"wp-caption-text\">Felipe Lima &#8211; Foto: Satiro Sodr\u00e9\/SSPress\/CBDA<\/figcaption><\/figure>\n<p>O Mare Nostrum \u00e9 a jun\u00e7\u00e3o de tr\u00eas grandes competi\u00e7\u00f5es internacionais que s\u00e3o disputadas h\u00e1 mais de tr\u00eas d\u00e9cadas: o Meeting Internacional de Natation de Monte Carlo, o Meeting International Canet-en-Roussilion e o Gran Premi Ciutat de Barcelona. Na d\u00e9cada de 1990 os tr\u00eas eventos passaram a ser disputados em datas pr\u00f3ximas e formaram o Circuito Mare Nostrum.\u00a0A competi\u00e7\u00e3o ter\u00e1 transmiss\u00e3o exclusiva do SporTV para o Brasil.<\/p>\n","protected":false},"excerpt":{"rendered":"<p>Tem in\u00edcio amanh\u00e3 em Monte Carlo mais uma edi\u00e7\u00e3o do Circuito Mare Nostrum de nata\u00e7\u00e3o, um dos principais e mais tradicionais circuitos da modalidade na Europa. Com tr\u00eas etapas disputadas as costas do Mar Mediterr\u00e2neo a competi\u00e7\u00e3o ser\u00e1 uma esp\u00e9cie de aquecimento para os f\u00e3s da nata\u00e7\u00e3o j\u00e1 irem entrando no clima do Campeonato Mundial [&hellip;]<\/p>\n","protected":false},"author":3,"featured_media":16602,"comment_status":"open","ping_status":"open","sticky":false,"template":"","format":"standard","meta":{"footnotes":""},"categories":[137],"tags":[633,1824,194,350,1823,5],"class_list":["post-17372","post","type-post","status-publish","format-standard","has-post-thumbnail","hentry","category-natacao","tag-barcelona","tag-canet","tag-cbda","tag-mare-nostrum","tag-monte-carlo","tag-natacao"],"yoast_head":"<!-- This site is optimized with the Yoast SEO plugin v27.0 - https:\/\/yoast.com\/product\/yoast-seo-wordpress\/ -->\n<title>Vai come\u00e7ar o Mare Nostrum - Swimchannel<\/title>\n<meta name=\"description\" content=\"Tradicional competi\u00e7\u00e3o tem pontap\u00e9 inicial em Monte Carlo neste fim de semana; brasileiros nadar\u00e3o as tr\u00eas etapas\" \/>\n<meta name=\"robots\" content=\"index, follow, max-snippet:-1, max-image-preview:large, max-video-preview:-1\" \/>\n<link rel=\"canonical\" href=\"https:\/\/swimchannel.net\/br\/vai-comecar-o-mare-nostrum\/\" \/>\n<meta property=\"og:locale\" content=\"pt_BR\" \/>\n<meta property=\"og:type\" content=\"article\" \/>\n<meta property=\"og:title\" content=\"Vai come\u00e7ar o Mare Nostrum - Swimchannel\" \/>\n<meta property=\"og:description\" content=\"Tradicional competi\u00e7\u00e3o tem pontap\u00e9 inicial em Monte Carlo neste fim de semana; brasileiros nadar\u00e3o as tr\u00eas etapas\" \/>\n<meta property=\"og:url\" content=\"https:\/\/swimchannel.net\/br\/vai-comecar-o-mare-nostrum\/\" \/>\n<meta property=\"og:site_name\" content=\"Swimchannel\" \/>\n<meta property=\"article:publisher\" content=\"https:\/\/www.facebook.com\/swimchannel\" \/>\n<meta property=\"article:published_time\" content=\"2019-06-07T14:34:18+00:00\" \/>\n<meta property=\"article:modified_time\" content=\"2019-06-07T14:56:36+00:00\" \/>\n<meta property=\"og:image\" content=\"https:\/\/swimchannel.net\/br\/wp-content\/uploads\/2019\/04\/71Q8062.jpg\" \/>\n\t<meta property=\"og:image:width\" content=\"1200\" \/>\n\t<meta property=\"og:image:height\" content=\"675\" \/>\n\t<meta property=\"og:image:type\" content=\"image\/jpeg\" \/>\n<meta name=\"author\" content=\"Guilherme Freitas\" \/>\n<meta name=\"twitter:card\" content=\"summary_large_image\" \/>\n<meta name=\"twitter:label1\" content=\"Escrito por\" \/>\n\t<meta name=\"twitter:data1\" content=\"Guilherme Freitas\" \/>\n\t<meta name=\"twitter:label2\" content=\"Est. tempo de leitura\" \/>\n\t<meta name=\"twitter:data2\" content=\"2 minutos\" \/>\n<script type=\"application\/ld+json\" class=\"yoast-schema-graph\">{\"@context\":\"https:\/\/schema.org\",\"@graph\":[{\"@type\":\"Article\",\"@id\":\"https:\/\/swimchannel.net\/br\/vai-comecar-o-mare-nostrum\/#article\",\"isPartOf\":{\"@id\":\"https:\/\/swimchannel.net\/br\/vai-comecar-o-mare-nostrum\/\"},\"author\":{\"name\":\"Guilherme Freitas\",\"@id\":\"https:\/\/swimchannel.net\/br\/#\/schema\/person\/aa2a63bab3275f53749a83276b213c48\"},\"headline\":\"Vai come\u00e7ar o Mare Nostrum\",\"datePublished\":\"2019-06-07T14:34:18+00:00\",\"dateModified\":\"2019-06-07T14:56:36+00:00\",\"mainEntityOfPage\":{\"@id\":\"https:\/\/swimchannel.net\/br\/vai-comecar-o-mare-nostrum\/\"},\"wordCount\":474,\"commentCount\":0,\"publisher\":{\"@id\":\"https:\/\/swimchannel.net\/br\/#organization\"},\"image\":{\"@id\":\"https:\/\/swimchannel.net\/br\/vai-comecar-o-mare-nostrum\/#primaryimage\"},\"thumbnailUrl\":\"https:\/\/swimchannel.net\/br\/wp-content\/uploads\/2019\/04\/71Q8062.jpg\",\"keywords\":[\"Barcelona\",\"Canet\",\"CBDA\",\"Mare Nostrum\",\"Monte Carlo\",\"natacao\"],\"articleSection\":[\"Nata\u00e7\u00e3o\"],\"inLanguage\":\"pt-BR\",\"potentialAction\":[{\"@type\":\"CommentAction\",\"name\":\"Comment\",\"target\":[\"https:\/\/swimchannel.net\/br\/vai-comecar-o-mare-nostrum\/#respond\"]}]},{\"@type\":\"WebPage\",\"@id\":\"https:\/\/swimchannel.net\/br\/vai-comecar-o-mare-nostrum\/\",\"url\":\"https:\/\/swimchannel.net\/br\/vai-comecar-o-mare-nostrum\/\",\"name\":\"Vai come\u00e7ar o Mare Nostrum - Swimchannel\",\"isPartOf\":{\"@id\":\"https:\/\/swimchannel.net\/br\/#website\"},\"primaryImageOfPage\":{\"@id\":\"https:\/\/swimchannel.net\/br\/vai-comecar-o-mare-nostrum\/#primaryimage\"},\"image\":{\"@id\":\"https:\/\/swimchannel.net\/br\/vai-comecar-o-mare-nostrum\/#primaryimage\"},\"thumbnailUrl\":\"https:\/\/swimchannel.net\/br\/wp-content\/uploads\/2019\/04\/71Q8062.jpg\",\"datePublished\":\"2019-06-07T14:34:18+00:00\",\"dateModified\":\"2019-06-07T14:56:36+00:00\",\"description\":\"Tradicional competi\u00e7\u00e3o tem pontap\u00e9 inicial em Monte Carlo neste fim de semana; brasileiros nadar\u00e3o as tr\u00eas etapas\",\"breadcrumb\":{\"@id\":\"https:\/\/swimchannel.net\/br\/vai-comecar-o-mare-nostrum\/#breadcrumb\"},\"inLanguage\":\"pt-BR\",\"potentialAction\":[{\"@type\":\"ReadAction\",\"target\":[\"https:\/\/swimchannel.net\/br\/vai-comecar-o-mare-nostrum\/\"]}]},{\"@type\":\"ImageObject\",\"inLanguage\":\"pt-BR\",\"@id\":\"https:\/\/swimchannel.net\/br\/vai-comecar-o-mare-nostrum\/#primaryimage\",\"url\":\"https:\/\/swimchannel.net\/br\/wp-content\/uploads\/2019\/04\/71Q8062.jpg\",\"contentUrl\":\"https:\/\/swimchannel.net\/br\/wp-content\/uploads\/2019\/04\/71Q8062.jpg\",\"width\":1200,\"height\":675,\"caption\":\"Bruno Fratus - Foto: Satiro Sodr\u00e9\/SSPress\/CBDA\"},{\"@type\":\"BreadcrumbList\",\"@id\":\"https:\/\/swimchannel.net\/br\/vai-comecar-o-mare-nostrum\/#breadcrumb\",\"itemListElement\":[{\"@type\":\"ListItem\",\"position\":1,\"name\":\"Home\",\"item\":\"https:\/\/swimchannel.net\/br\/\"},{\"@type\":\"ListItem\",\"position\":2,\"name\":\"Vai come\u00e7ar o Mare Nostrum\"}]},{\"@type\":\"WebSite\",\"@id\":\"https:\/\/swimchannel.net\/br\/#website\",\"url\":\"https:\/\/swimchannel.net\/br\/\",\"name\":\"Swimchannel\",\"description\":\"Maior portal de nata\u00e7\u00e3o da america latina\",\"publisher\":{\"@id\":\"https:\/\/swimchannel.net\/br\/#organization\"},\"potentialAction\":[{\"@type\":\"SearchAction\",\"target\":{\"@type\":\"EntryPoint\",\"urlTemplate\":\"https:\/\/swimchannel.net\/br\/?s={search_term_string}\"},\"query-input\":{\"@type\":\"PropertyValueSpecification\",\"valueRequired\":true,\"valueName\":\"search_term_string\"}}],\"inLanguage\":\"pt-BR\"},{\"@type\":\"Organization\",\"@id\":\"https:\/\/swimchannel.net\/br\/#organization\",\"name\":\"Swimchannel - Conectando voc\u00ea a Nata\u00e7\u00e3o\",\"url\":\"https:\/\/swimchannel.net\/br\/\",\"logo\":{\"@type\":\"ImageObject\",\"inLanguage\":\"pt-BR\",\"@id\":\"https:\/\/swimchannel.net\/br\/#\/schema\/logo\/image\/\",\"url\":\"https:\/\/swimchannel.net\/br\/wp-content\/uploads\/2026\/02\/SWIM-CHANNEL.png\",\"contentUrl\":\"https:\/\/swimchannel.net\/br\/wp-content\/uploads\/2026\/02\/SWIM-CHANNEL.png\",\"width\":1120,\"height\":630,\"caption\":\"Swimchannel - Conectando voc\u00ea a Nata\u00e7\u00e3o\"},\"image\":{\"@id\":\"https:\/\/swimchannel.net\/br\/#\/schema\/logo\/image\/\"},\"sameAs\":[\"https:\/\/www.facebook.com\/swimchannel\",\"https:\/\/www.instagram.com\/swimchannel\"]},{\"@type\":\"Person\",\"@id\":\"https:\/\/swimchannel.net\/br\/#\/schema\/person\/aa2a63bab3275f53749a83276b213c48\",\"name\":\"Guilherme Freitas\",\"image\":{\"@type\":\"ImageObject\",\"inLanguage\":\"pt-BR\",\"@id\":\"https:\/\/swimchannel.net\/br\/#\/schema\/person\/image\/\",\"url\":\"https:\/\/swimchannel.net\/br\/wp-content\/uploads\/2025\/10\/gui22-193x180.png\",\"contentUrl\":\"https:\/\/swimchannel.net\/br\/wp-content\/uploads\/2025\/10\/gui22-193x180.png\",\"caption\":\"Guilherme Freitas\"},\"description\":\"Jornalista s\u00eanior da SWIM CHANNEL, ex-correspondente da FINA no Brasil e pesquisador acad\u00eamico.\",\"sameAs\":[\"instagram.com\/guifreitas86\"],\"url\":\"https:\/\/swimchannel.net\/br\/author\/guilherme-freitas\/\"}]}<\/script>\n<!-- \/ Yoast SEO plugin. -->","yoast_head_json":{"title":"Vai come\u00e7ar o Mare Nostrum - Swimchannel","description":"Tradicional competi\u00e7\u00e3o tem pontap\u00e9 inicial em Monte Carlo neste fim de semana; brasileiros nadar\u00e3o as tr\u00eas etapas","robots":{"index":"index","follow":"follow","max-snippet":"max-snippet:-1","max-image-preview":"max-image-preview:large","max-video-preview":"max-video-preview:-1"},"canonical":"https:\/\/swimchannel.net\/br\/vai-comecar-o-mare-nostrum\/","og_locale":"pt_BR","og_type":"article","og_title":"Vai come\u00e7ar o Mare Nostrum - Swimchannel","og_description":"Tradicional competi\u00e7\u00e3o tem pontap\u00e9 inicial em Monte Carlo neste fim de semana; brasileiros nadar\u00e3o as tr\u00eas etapas","og_url":"https:\/\/swimchannel.net\/br\/vai-comecar-o-mare-nostrum\/","og_site_name":"Swimchannel","article_publisher":"https:\/\/www.facebook.com\/swimchannel","article_published_time":"2019-06-07T14:34:18+00:00","article_modified_time":"2019-06-07T14:56:36+00:00","og_image":[{"width":1200,"height":675,"url":"https:\/\/swimchannel.net\/br\/wp-content\/uploads\/2019\/04\/71Q8062.jpg","type":"image\/jpeg"}],"author":"Guilherme Freitas","twitter_card":"summary_large_image","twitter_misc":{"Escrito por":"Guilherme Freitas","Est. tempo de leitura":"2 minutos"},"schema":{"@context":"https:\/\/schema.org","@graph":[{"@type":"Article","@id":"https:\/\/swimchannel.net\/br\/vai-comecar-o-mare-nostrum\/#article","isPartOf":{"@id":"https:\/\/swimchannel.net\/br\/vai-comecar-o-mare-nostrum\/"},"author":{"name":"Guilherme Freitas","@id":"https:\/\/swimchannel.net\/br\/#\/schema\/person\/aa2a63bab3275f53749a83276b213c48"},"headline":"Vai come\u00e7ar o Mare Nostrum","datePublished":"2019-06-07T14:34:18+00:00","dateModified":"2019-06-07T14:56:36+00:00","mainEntityOfPage":{"@id":"https:\/\/swimchannel.net\/br\/vai-comecar-o-mare-nostrum\/"},"wordCount":474,"commentCount":0,"publisher":{"@id":"https:\/\/swimchannel.net\/br\/#organization"},"image":{"@id":"https:\/\/swimchannel.net\/br\/vai-comecar-o-mare-nostrum\/#primaryimage"},"thumbnailUrl":"https:\/\/swimchannel.net\/br\/wp-content\/uploads\/2019\/04\/71Q8062.jpg","keywords":["Barcelona","Canet","CBDA","Mare Nostrum","Monte Carlo","natacao"],"articleSection":["Nata\u00e7\u00e3o"],"inLanguage":"pt-BR","potentialAction":[{"@type":"CommentAction","name":"Comment","target":["https:\/\/swimchannel.net\/br\/vai-comecar-o-mare-nostrum\/#respond"]}]},{"@type":"WebPage","@id":"https:\/\/swimchannel.net\/br\/vai-comecar-o-mare-nostrum\/","url":"https:\/\/swimchannel.net\/br\/vai-comecar-o-mare-nostrum\/","name":"Vai come\u00e7ar o Mare Nostrum - Swimchannel","isPartOf":{"@id":"https:\/\/swimchannel.net\/br\/#website"},"primaryImageOfPage":{"@id":"https:\/\/swimchannel.net\/br\/vai-comecar-o-mare-nostrum\/#primaryimage"},"image":{"@id":"https:\/\/swimchannel.net\/br\/vai-comecar-o-mare-nostrum\/#primaryimage"},"thumbnailUrl":"https:\/\/swimchannel.net\/br\/wp-content\/uploads\/2019\/04\/71Q8062.jpg","datePublished":"2019-06-07T14:34:18+00:00","dateModified":"2019-06-07T14:56:36+00:00","description":"Tradicional competi\u00e7\u00e3o tem pontap\u00e9 inicial em Monte Carlo neste fim de semana; brasileiros nadar\u00e3o as tr\u00eas etapas","breadcrumb":{"@id":"https:\/\/swimchannel.net\/br\/vai-comecar-o-mare-nostrum\/#breadcrumb"},"inLanguage":"pt-BR","potentialAction":[{"@type":"ReadAction","target":["https:\/\/swimchannel.net\/br\/vai-comecar-o-mare-nostrum\/"]}]},{"@type":"ImageObject","inLanguage":"pt-BR","@id":"https:\/\/swimchannel.net\/br\/vai-comecar-o-mare-nostrum\/#primaryimage","url":"https:\/\/swimchannel.net\/br\/wp-content\/uploads\/2019\/04\/71Q8062.jpg","contentUrl":"https:\/\/swimchannel.net\/br\/wp-content\/uploads\/2019\/04\/71Q8062.jpg","width":1200,"height":675,"caption":"Bruno Fratus - Foto: Satiro Sodr\u00e9\/SSPress\/CBDA"},{"@type":"BreadcrumbList","@id":"https:\/\/swimchannel.net\/br\/vai-comecar-o-mare-nostrum\/#breadcrumb","itemListElement":[{"@type":"ListItem","position":1,"name":"Home","item":"https:\/\/swimchannel.net\/br\/"},{"@type":"ListItem","position":2,"name":"Vai come\u00e7ar o Mare Nostrum"}]},{"@type":"WebSite","@id":"https:\/\/swimchannel.net\/br\/#website","url":"https:\/\/swimchannel.net\/br\/","name":"Swimchannel","description":"Maior portal de nata\u00e7\u00e3o da america latina","publisher":{"@id":"https:\/\/swimchannel.net\/br\/#organization"},"potentialAction":[{"@type":"SearchAction","target":{"@type":"EntryPoint","urlTemplate":"https:\/\/swimchannel.net\/br\/?s={search_term_string}"},"query-input":{"@type":"PropertyValueSpecification","valueRequired":true,"valueName":"search_term_string"}}],"inLanguage":"pt-BR"},{"@type":"Organization","@id":"https:\/\/swimchannel.net\/br\/#organization","name":"Swimchannel - Conectando voc\u00ea a Nata\u00e7\u00e3o","url":"https:\/\/swimchannel.net\/br\/","logo":{"@type":"ImageObject","inLanguage":"pt-BR","@id":"https:\/\/swimchannel.net\/br\/#\/schema\/logo\/image\/","url":"https:\/\/swimchannel.net\/br\/wp-content\/uploads\/2026\/02\/SWIM-CHANNEL.png","contentUrl":"https:\/\/swimchannel.net\/br\/wp-content\/uploads\/2026\/02\/SWIM-CHANNEL.png","width":1120,"height":630,"caption":"Swimchannel - Conectando voc\u00ea a Nata\u00e7\u00e3o"},"image":{"@id":"https:\/\/swimchannel.net\/br\/#\/schema\/logo\/image\/"},"sameAs":["https:\/\/www.facebook.com\/swimchannel","https:\/\/www.instagram.com\/swimchannel"]},{"@type":"Person","@id":"https:\/\/swimchannel.net\/br\/#\/schema\/person\/aa2a63bab3275f53749a83276b213c48","name":"Guilherme Freitas","image":{"@type":"ImageObject","inLanguage":"pt-BR","@id":"https:\/\/swimchannel.net\/br\/#\/schema\/person\/image\/","url":"https:\/\/swimchannel.net\/br\/wp-content\/uploads\/2025\/10\/gui22-193x180.png","contentUrl":"https:\/\/swimchannel.net\/br\/wp-content\/uploads\/2025\/10\/gui22-193x180.png","caption":"Guilherme Freitas"},"description":"Jornalista s\u00eanior da SWIM CHANNEL, ex-correspondente da FINA no Brasil e pesquisador acad\u00eamico.","sameAs":["instagram.com\/guifreitas86"],"url":"https:\/\/swimchannel.net\/br\/author\/guilherme-freitas\/"}]}},"_links":{"self":[{"href":"https:\/\/swimchannel.net\/br\/wp-json\/wp\/v2\/posts\/17372","targetHints":{"allow":["GET"]}}],"collection":[{"href":"https:\/\/swimchannel.net\/br\/wp-json\/wp\/v2\/posts"}],"about":[{"href":"https:\/\/swimchannel.net\/br\/wp-json\/wp\/v2\/types\/post"}],"author":[{"embeddable":true,"href":"https:\/\/swimchannel.net\/br\/wp-json\/wp\/v2\/users\/3"}],"replies":[{"embeddable":true,"href":"https:\/\/swimchannel.net\/br\/wp-json\/wp\/v2\/comments?post=17372"}],"version-history":[{"count":0,"href":"https:\/\/swimchannel.net\/br\/wp-json\/wp\/v2\/posts\/17372\/revisions"}],"wp:featuredmedia":[{"embeddable":true,"href":"https:\/\/swimchannel.net\/br\/wp-json\/wp\/v2\/media\/16602"}],"wp:attachment":[{"href":"https:\/\/swimchannel.net\/br\/wp-json\/wp\/v2\/media?parent=17372"}],"wp:term":[{"taxonomy":"category","embeddable":true,"href":"https:\/\/swimchannel.net\/br\/wp-json\/wp\/v2\/categories?post=17372"},{"taxonomy":"post_tag","embeddable":true,"href":"https:\/\/swimchannel.net\/br\/wp-json\/wp\/v2\/tags?post=17372"}],"curies":[{"name":"wp","href":"https:\/\/api.w.org\/{rel}","templated":true}]}}