{"id":17990,"date":"2019-07-13T22:48:12","date_gmt":"2019-07-13T22:48:12","guid":{"rendered":"https:\/\/swimchannel.flywheelsites.com\/?p=17990"},"modified":"2019-07-14T02:18:25","modified_gmt":"2019-07-14T02:18:25","slug":"ana-marcela-cunha-classificada-para-toquio-2020","status":"publish","type":"post","link":"https:\/\/swimchannel.net\/br\/ana-marcela-cunha-classificada-para-toquio-2020\/","title":{"rendered":"Ana Marcela Cunha classificada para T\u00f3quio-2020!"},"content":{"rendered":"<p>Os esportes aqu\u00e1ticos do Brasil conheceram sua primeira representante nos Jogos Ol\u00edmpicos de T\u00f3quio-2020 na noite deste s\u00e1bado, manh\u00e3 de domingo na Yeosu\u00a0Expo Ocean Park, na Coreia do Sul, onde ocorreu a prova de 10 km feminino v\u00e1lida pelo Campeonato Mundial de Esportes Aqu\u00e1ticos. <a href=\"https:\/\/swimchannel.net\/br\/atleta\/ana-marcela-cunha\/\">Ana Marcela Cunha<\/a> terminou a maratona aqu\u00e1tica na quinta coloca\u00e7\u00e3o e garantiu automaticamente sua vaga para os Jogos de T\u00f3quio. Ser\u00e1 a terceira Olimp\u00edada da nadadora que esteve muito pr\u00f3ximo da vit\u00f3ria at\u00e9 os metros finais.<\/p>\n<p>Ana Marcela sempre nadou no pelot\u00e3o das l\u00edderes e nos \u00faltimos 600 metros chegou a duelar com a ent\u00e3o l\u00edder Aurelie Muller pela ponta. Por\u00e9m, uma enxurrada de nadadoras surgiu e a brasileira acabou ficando presa no meio do bolo de atletas que lutava por um lugar no top 10. Isso acabou impossibilitando que a baiana tentasse sair do olho do furac\u00e3o e buscasse uma nova rota.<\/p>\n<figure id=\"attachment_17997\" aria-describedby=\"caption-attachment-17997\" style=\"width: 1800px\" class=\"wp-caption alignnone\"><img loading=\"lazy\" decoding=\"async\" class=\"size-full wp-image-17997\" src=\"https:\/\/swimchannel.net\/br\/wp-content\/uploads\/2019\/07\/CN6I0778.jpg\" alt=\"\" width=\"1800\" height=\"1200\" srcset=\"https:\/\/swimchannel.net\/br\/wp-content\/uploads\/2019\/07\/CN6I0778.jpg 1800w, https:\/\/swimchannel.net\/br\/wp-content\/uploads\/2019\/07\/CN6I0778-600x400.jpg 600w\" sizes=\"auto, (max-width: 1800px) 100vw, 1800px\" \/><figcaption id=\"caption-attachment-17997\" class=\"wp-caption-text\">Ana Marcela Cunha &#8211; Foto: Satiro Sodr\u00e9<\/figcaption><\/figure>\n<p>Mesmo assim Ana Marcela tocou o p\u00f3rtico de chegada em\u00a01h54min50s5, concluindo a maratona na quinta coloca\u00e7\u00e3o. Um resultado que teve gosto doce e amargo para a brasileira. Doce porque lhe garantiu um lugar na pr\u00f3xima Olimp\u00edada, mas amargo pelo fato de ver uma chance de medalha escapar nos metros finais. Bastante competitiva, a nadadora n\u00e3o estava satisfeita com seu resultado ao fim da prova como disse a reportagem do Sportv. Ela tamb\u00e9m descreveu que ter ficado no meio das nadadoras prejudicou sua chegada. De qualquer forma ela ainda tem os 5 km e 25 km pela frente.<\/p>\n<p><a href=\"https:\/\/swimchannel.net\/br\/atleta\/viviane-jungblut\/\">Viviane Jungblut<\/a> foi a outra brasileira na prova. A jovem nadadora fez uma prova espetacular. Come\u00e7ou um pouco atr\u00e1s, mas foi crescendo a cada parcial e na metade final da maratona esteve sempre no top 10 lutando por um lugar em T\u00f3quio. Por\u00e9m, a nadadora tamb\u00e9m sofreu com o forte sprint das concorrentes e terminou na 12\u00aa coloca\u00e7\u00e3o com o tempo de 1h54min51s9, apenas oito d\u00e9cimos da vaga. Como Ana Marcela terminou entre as dez primeiras, Viviane agora n\u00e3o tem mais chances de ir aos Jogos (<a href=\"https:\/\/swimchannel.net\/br\/como-participar-de-uma-olimpiada-nas-maratonas-aquaticas\/\">entenda como funciona a classifica\u00e7\u00e3o ol\u00edmpica das \u00e1guas abertas aqui<\/a>). Por\u00e9m, o resultado a deixa motivada para os 5 km onde poder\u00e1 lutar pela medalha.<\/p>\n<figure id=\"attachment_17998\" aria-describedby=\"caption-attachment-17998\" style=\"width: 1800px\" class=\"wp-caption alignnone\"><img loading=\"lazy\" decoding=\"async\" class=\"size-full wp-image-17998\" src=\"https:\/\/swimchannel.net\/br\/wp-content\/uploads\/2019\/07\/CN6I0841.jpg\" alt=\"\" width=\"1800\" height=\"1200\" srcset=\"https:\/\/swimchannel.net\/br\/wp-content\/uploads\/2019\/07\/CN6I0841.jpg 1800w, https:\/\/swimchannel.net\/br\/wp-content\/uploads\/2019\/07\/CN6I0841-600x400.jpg 600w\" sizes=\"auto, (max-width: 1800px) 100vw, 1800px\" \/><figcaption id=\"caption-attachment-17998\" class=\"wp-caption-text\">Ana Marcela Cunha e Viviane Jungblut concedem entrevista &#8211; Foto: Satiro Sodr\u00e9<\/figcaption><\/figure>\n<p><strong>Chinesa \u00e9 campe\u00e3 mundial<\/strong><br \/>\nQuem assistiu a prova at\u00e9 a metade e em seguida desligou a TV porque precisou sair n\u00e3o vai acreditar que Xin Xin venceu a maratona de 10 km. A chinesa fazia uma prova t\u00edmida, estado boa parte fora do top 30. Por\u00e9m, na \u00faltima volta ela apertou o ritmo e com um fort\u00edssimo sprint alcan\u00e7ou o pelot\u00e3o da l\u00edderes. N\u00e3o satisfeita ela acelerou ainda mais e para superar as advers\u00e1rias e assumir a lideran\u00e7a h\u00e1 poucos metros do p\u00f3rtico de chegada. Com o tempo de 1h54min47s2 Xin tornou-se a primeira chinesa campe\u00e3 mundial de \u00e1guas abertas.<\/p>\n<p>Ao seu lado no p\u00f3dio estava a americana Haley Anderson, que terminou com a medalha de prata e a italiana Rachele Bruni, bronze. Haley esteve sempre entre as primeiras colocadas, chegando a liderar parte da prova e concluiu a maratona em 1h54min48s1. J\u00e1 Rachele fez uma prova semelhante a de Xin, crescendo na reta final e superando as primeiras colocadas com um fort\u00edssimo sprint para ir ao p\u00f3dio em 1h54min49s9 de prova.<\/p>\n<figure id=\"attachment_18002\" aria-describedby=\"caption-attachment-18002\" style=\"width: 1800px\" class=\"wp-caption alignnone\"><img loading=\"lazy\" decoding=\"async\" class=\"size-full wp-image-18002\" src=\"https:\/\/swimchannel.net\/br\/wp-content\/uploads\/2019\/07\/CN6I0830.jpg\" alt=\"\" width=\"1800\" height=\"1200\" srcset=\"https:\/\/swimchannel.net\/br\/wp-content\/uploads\/2019\/07\/CN6I0830.jpg 1800w, https:\/\/swimchannel.net\/br\/wp-content\/uploads\/2019\/07\/CN6I0830-600x400.jpg 600w\" sizes=\"auto, (max-width: 1800px) 100vw, 1800px\" \/><figcaption id=\"caption-attachment-18002\" class=\"wp-caption-text\">Xin Xin e Ana Marcela Cunha se cumprimentam &#8211; Foto: Satiro Sodr\u00e9<\/figcaption><\/figure>\n<p>Mas talvez ningu\u00e9m esteja mais frustada do que a Aur\u00e9lie Muller. A francesa, que buscava seu tricampeonato mundial na dist\u00e2ncia, estava a lideran\u00e7a da prova quando foi atacada por todos os lados nos \u00faltimos 500 metros e caiu para a 11\u00aa coloca\u00e7\u00e3o. A posi\u00e7\u00e3o ainda lhe daria chance de uma repescagem para T\u00f3quio-2020, mas com a quarta coloca\u00e7\u00e3o de sua compatriota\u00a0Lara Grangeon ela esta fora dos Jogos Ol\u00edmpicos e perde a chance de tentar dar a volta por cima ap\u00f3s ter sido desclassificada no Rio-2016 e perder sua medalha.<\/p>\n<p>Com os resultados dos 10 km do Mundial de Gwangju est\u00e3o classificadas para os Jogos Ol\u00edmpicos as nadadoras: Xin Xin (China), Haley Anderson (EUA), Rachele Bruni (It\u00e1lia), Lara Grangeon (Fran\u00e7a), Ana Marcela Cunha (Brasil), Ashley Twichell (EUA), Kareena Lee (Austr\u00e1lia), Finnia Wunram (Alemanha),\u00a0Leonie Beck (Alemanha) e <a href=\"https:\/\/swimchannel.net\/br\/atleta\/sharon-van-rouwendaal\/\">Sharon van Rouwendaal<\/a> (Holanda). Na seletiva ol\u00edmpica, que acontecer\u00e1 ano que vem na cidade japonesa de Fukuoka, estar\u00e3o em disputas as demais 15 vagas, sendo uma para a melhor japonesa, mais cinco para as melhores de cada continente e outras nove vagas restantes por coloca\u00e7\u00e3o. <a href=\"http:\/\/www.omegatiming.com\/File\/000113040002DA04FFFFFFFFFFFFFF02.pdf\" target=\"_blank\" rel=\"noopener\">Clique aqui<\/a> para ver o resultado completo da prova.<\/p>\n<figure id=\"attachment_17999\" aria-describedby=\"caption-attachment-17999\" style=\"width: 1800px\" class=\"wp-caption alignnone\"><img loading=\"lazy\" decoding=\"async\" class=\"size-full wp-image-17999\" src=\"https:\/\/swimchannel.net\/br\/wp-content\/uploads\/2019\/07\/CN6I0283.jpg\" alt=\"\" width=\"1800\" height=\"1200\" srcset=\"https:\/\/swimchannel.net\/br\/wp-content\/uploads\/2019\/07\/CN6I0283.jpg 1800w, https:\/\/swimchannel.net\/br\/wp-content\/uploads\/2019\/07\/CN6I0283-600x400.jpg 600w\" sizes=\"auto, (max-width: 1800px) 100vw, 1800px\" \/><figcaption id=\"caption-attachment-17999\" class=\"wp-caption-text\">Viviane Jungblut &#8211; Foto: Satiro Sodr\u00e9<\/figcaption><\/figure>\n<p>A pr\u00f3xima prova de \u00e1guas abertas ser\u00e1 os 10 km masculino disputada na pr\u00f3xima segunda-feira (15) a partir das 20h no hor\u00e1rio de Bras\u00edlia (ter\u00e7a-feira dia 16 as 8h no hor\u00e1rio sul-coreano). A prova tamb\u00e9m vale vaga nos Jogos de T\u00f3quio e o Brasil ter\u00e1 dois nadadores na disputa: <a href=\"https:\/\/swimchannel.net\/br\/atleta\/allan-do-carmo\/\">Allan do Carmo<\/a> e Victor Colonese.<\/p>\n","protected":false},"excerpt":{"rendered":"<p>Os esportes aqu\u00e1ticos do Brasil conheceram sua primeira representante nos Jogos Ol\u00edmpicos de T\u00f3quio-2020 na noite deste s\u00e1bado, manh\u00e3 de domingo na Yeosu\u00a0Expo Ocean Park, na Coreia do Sul, onde ocorreu a prova de 10 km feminino v\u00e1lida pelo Campeonato Mundial de Esportes Aqu\u00e1ticos. Ana Marcela Cunha terminou a maratona aqu\u00e1tica na quinta coloca\u00e7\u00e3o e [&hellip;]<\/p>\n","protected":false},"author":3,"featured_media":18004,"comment_status":"open","ping_status":"open","sticky":false,"template":"","format":"standard","meta":{"footnotes":""},"categories":[58],"tags":[14,47,668,1679,5,543,1876],"class_list":["post-17990","post","type-post","status-publish","format-standard","has-post-thumbnail","hentry","category-campeonato-mundial","tag-aguas-abertas","tag-ana-marcela-cunha","tag-campeonato-mundial-de-esportes-aquaticos","tag-gwangju-2019","tag-natacao","tag-viviane-jungblut","tag-xin-xin"],"yoast_head":"<!-- This site is optimized with the Yoast SEO plugin v27.0 - https:\/\/yoast.com\/product\/yoast-seo-wordpress\/ -->\n<title>Ana Marcela Cunha classificada para T\u00f3quio-2020! - Swimchannel<\/title>\n<meta name=\"description\" content=\"Brasileira termina os 10 km na 5\u00aa coloca\u00e7\u00e3o e garante vaga para sua terceira Olimp\u00edada; Viviane Jungblut fica em 12\u00ba lugar e esta fora dos Jogos de T\u00f3quio.\" \/>\n<meta name=\"robots\" content=\"index, follow, max-snippet:-1, max-image-preview:large, max-video-preview:-1\" \/>\n<link rel=\"canonical\" href=\"https:\/\/swimchannel.net\/br\/ana-marcela-cunha-classificada-para-toquio-2020\/\" \/>\n<meta property=\"og:locale\" content=\"pt_BR\" \/>\n<meta property=\"og:type\" content=\"article\" \/>\n<meta property=\"og:title\" content=\"Ana Marcela Cunha classificada para T\u00f3quio-2020! - Swimchannel\" \/>\n<meta property=\"og:description\" content=\"Brasileira termina os 10 km na 5\u00aa coloca\u00e7\u00e3o e garante vaga para sua terceira Olimp\u00edada; Viviane Jungblut fica em 12\u00ba lugar e esta fora dos Jogos de T\u00f3quio.\" \/>\n<meta property=\"og:url\" content=\"https:\/\/swimchannel.net\/br\/ana-marcela-cunha-classificada-para-toquio-2020\/\" \/>\n<meta property=\"og:site_name\" content=\"Swimchannel\" \/>\n<meta property=\"article:publisher\" content=\"https:\/\/www.facebook.com\/swimchannel\" \/>\n<meta property=\"article:published_time\" content=\"2019-07-13T22:48:12+00:00\" \/>\n<meta property=\"article:modified_time\" content=\"2019-07-14T02:18:25+00:00\" \/>\n<meta property=\"og:image\" content=\"https:\/\/swimchannel.net\/br\/wp-content\/uploads\/2019\/07\/CN6I99870.jpg\" \/>\n\t<meta property=\"og:image:width\" content=\"1200\" \/>\n\t<meta property=\"og:image:height\" content=\"675\" \/>\n\t<meta property=\"og:image:type\" content=\"image\/jpeg\" \/>\n<meta name=\"author\" content=\"Guilherme Freitas\" \/>\n<meta name=\"twitter:card\" content=\"summary_large_image\" \/>\n<meta name=\"twitter:label1\" content=\"Escrito por\" \/>\n\t<meta name=\"twitter:data1\" content=\"Guilherme Freitas\" \/>\n\t<meta name=\"twitter:label2\" content=\"Est. tempo de leitura\" \/>\n\t<meta name=\"twitter:data2\" content=\"5 minutos\" \/>\n<script type=\"application\/ld+json\" class=\"yoast-schema-graph\">{\"@context\":\"https:\/\/schema.org\",\"@graph\":[{\"@type\":\"Article\",\"@id\":\"https:\/\/swimchannel.net\/br\/ana-marcela-cunha-classificada-para-toquio-2020\/#article\",\"isPartOf\":{\"@id\":\"https:\/\/swimchannel.net\/br\/ana-marcela-cunha-classificada-para-toquio-2020\/\"},\"author\":{\"name\":\"Guilherme Freitas\",\"@id\":\"https:\/\/swimchannel.net\/br\/#\/schema\/person\/aa2a63bab3275f53749a83276b213c48\"},\"headline\":\"Ana Marcela Cunha classificada para T\u00f3quio-2020!\",\"datePublished\":\"2019-07-13T22:48:12+00:00\",\"dateModified\":\"2019-07-14T02:18:25+00:00\",\"mainEntityOfPage\":{\"@id\":\"https:\/\/swimchannel.net\/br\/ana-marcela-cunha-classificada-para-toquio-2020\/\"},\"wordCount\":914,\"commentCount\":0,\"publisher\":{\"@id\":\"https:\/\/swimchannel.net\/br\/#organization\"},\"image\":{\"@id\":\"https:\/\/swimchannel.net\/br\/ana-marcela-cunha-classificada-para-toquio-2020\/#primaryimage\"},\"thumbnailUrl\":\"https:\/\/swimchannel.net\/br\/wp-content\/uploads\/2019\/07\/CN6I99870.jpg\",\"keywords\":[\"\u00c1guas abertas\",\"Ana Marcela Cunha\",\"Campeonato Mundial de Esportes Aqu\u00e1ticos\",\"Gwangju-2019\",\"natacao\",\"Viviane Jungblut\",\"Xin Xin\"],\"articleSection\":[\"Campeonato Mundial\"],\"inLanguage\":\"pt-BR\",\"potentialAction\":[{\"@type\":\"CommentAction\",\"name\":\"Comment\",\"target\":[\"https:\/\/swimchannel.net\/br\/ana-marcela-cunha-classificada-para-toquio-2020\/#respond\"]}]},{\"@type\":\"WebPage\",\"@id\":\"https:\/\/swimchannel.net\/br\/ana-marcela-cunha-classificada-para-toquio-2020\/\",\"url\":\"https:\/\/swimchannel.net\/br\/ana-marcela-cunha-classificada-para-toquio-2020\/\",\"name\":\"Ana Marcela Cunha classificada para T\u00f3quio-2020! - Swimchannel\",\"isPartOf\":{\"@id\":\"https:\/\/swimchannel.net\/br\/#website\"},\"primaryImageOfPage\":{\"@id\":\"https:\/\/swimchannel.net\/br\/ana-marcela-cunha-classificada-para-toquio-2020\/#primaryimage\"},\"image\":{\"@id\":\"https:\/\/swimchannel.net\/br\/ana-marcela-cunha-classificada-para-toquio-2020\/#primaryimage\"},\"thumbnailUrl\":\"https:\/\/swimchannel.net\/br\/wp-content\/uploads\/2019\/07\/CN6I99870.jpg\",\"datePublished\":\"2019-07-13T22:48:12+00:00\",\"dateModified\":\"2019-07-14T02:18:25+00:00\",\"description\":\"Brasileira termina os 10 km na 5\u00aa coloca\u00e7\u00e3o e garante vaga para sua terceira Olimp\u00edada; Viviane Jungblut fica em 12\u00ba lugar e esta fora dos Jogos de T\u00f3quio.\",\"breadcrumb\":{\"@id\":\"https:\/\/swimchannel.net\/br\/ana-marcela-cunha-classificada-para-toquio-2020\/#breadcrumb\"},\"inLanguage\":\"pt-BR\",\"potentialAction\":[{\"@type\":\"ReadAction\",\"target\":[\"https:\/\/swimchannel.net\/br\/ana-marcela-cunha-classificada-para-toquio-2020\/\"]}]},{\"@type\":\"ImageObject\",\"inLanguage\":\"pt-BR\",\"@id\":\"https:\/\/swimchannel.net\/br\/ana-marcela-cunha-classificada-para-toquio-2020\/#primaryimage\",\"url\":\"https:\/\/swimchannel.net\/br\/wp-content\/uploads\/2019\/07\/CN6I99870.jpg\",\"contentUrl\":\"https:\/\/swimchannel.net\/br\/wp-content\/uploads\/2019\/07\/CN6I99870.jpg\",\"width\":1200,\"height\":675,\"caption\":\"Ana Marcela Cunha - Foto: Satiro Sodr\u00e9\"},{\"@type\":\"BreadcrumbList\",\"@id\":\"https:\/\/swimchannel.net\/br\/ana-marcela-cunha-classificada-para-toquio-2020\/#breadcrumb\",\"itemListElement\":[{\"@type\":\"ListItem\",\"position\":1,\"name\":\"Home\",\"item\":\"https:\/\/swimchannel.net\/br\/\"},{\"@type\":\"ListItem\",\"position\":2,\"name\":\"Ana Marcela Cunha classificada para T\u00f3quio-2020!\"}]},{\"@type\":\"WebSite\",\"@id\":\"https:\/\/swimchannel.net\/br\/#website\",\"url\":\"https:\/\/swimchannel.net\/br\/\",\"name\":\"Swimchannel\",\"description\":\"Maior portal de nata\u00e7\u00e3o da america latina\",\"publisher\":{\"@id\":\"https:\/\/swimchannel.net\/br\/#organization\"},\"potentialAction\":[{\"@type\":\"SearchAction\",\"target\":{\"@type\":\"EntryPoint\",\"urlTemplate\":\"https:\/\/swimchannel.net\/br\/?s={search_term_string}\"},\"query-input\":{\"@type\":\"PropertyValueSpecification\",\"valueRequired\":true,\"valueName\":\"search_term_string\"}}],\"inLanguage\":\"pt-BR\"},{\"@type\":\"Organization\",\"@id\":\"https:\/\/swimchannel.net\/br\/#organization\",\"name\":\"Swimchannel - Conectando voc\u00ea a Nata\u00e7\u00e3o\",\"url\":\"https:\/\/swimchannel.net\/br\/\",\"logo\":{\"@type\":\"ImageObject\",\"inLanguage\":\"pt-BR\",\"@id\":\"https:\/\/swimchannel.net\/br\/#\/schema\/logo\/image\/\",\"url\":\"https:\/\/swimchannel.net\/br\/wp-content\/uploads\/2026\/02\/SWIM-CHANNEL.png\",\"contentUrl\":\"https:\/\/swimchannel.net\/br\/wp-content\/uploads\/2026\/02\/SWIM-CHANNEL.png\",\"width\":1120,\"height\":630,\"caption\":\"Swimchannel - Conectando voc\u00ea a Nata\u00e7\u00e3o\"},\"image\":{\"@id\":\"https:\/\/swimchannel.net\/br\/#\/schema\/logo\/image\/\"},\"sameAs\":[\"https:\/\/www.facebook.com\/swimchannel\",\"https:\/\/www.instagram.com\/swimchannel\"]},{\"@type\":\"Person\",\"@id\":\"https:\/\/swimchannel.net\/br\/#\/schema\/person\/aa2a63bab3275f53749a83276b213c48\",\"name\":\"Guilherme Freitas\",\"image\":{\"@type\":\"ImageObject\",\"inLanguage\":\"pt-BR\",\"@id\":\"https:\/\/swimchannel.net\/br\/#\/schema\/person\/image\/\",\"url\":\"https:\/\/swimchannel.net\/br\/wp-content\/uploads\/2025\/10\/gui22-193x180.png\",\"contentUrl\":\"https:\/\/swimchannel.net\/br\/wp-content\/uploads\/2025\/10\/gui22-193x180.png\",\"caption\":\"Guilherme Freitas\"},\"description\":\"Jornalista s\u00eanior da SWIM CHANNEL, ex-correspondente da FINA no Brasil e pesquisador acad\u00eamico.\",\"sameAs\":[\"instagram.com\/guifreitas86\"],\"url\":\"https:\/\/swimchannel.net\/br\/author\/guilherme-freitas\/\"}]}<\/script>\n<!-- \/ Yoast SEO plugin. -->","yoast_head_json":{"title":"Ana Marcela Cunha classificada para T\u00f3quio-2020! - Swimchannel","description":"Brasileira termina os 10 km na 5\u00aa coloca\u00e7\u00e3o e garante vaga para sua terceira Olimp\u00edada; Viviane Jungblut fica em 12\u00ba lugar e esta fora dos Jogos de T\u00f3quio.","robots":{"index":"index","follow":"follow","max-snippet":"max-snippet:-1","max-image-preview":"max-image-preview:large","max-video-preview":"max-video-preview:-1"},"canonical":"https:\/\/swimchannel.net\/br\/ana-marcela-cunha-classificada-para-toquio-2020\/","og_locale":"pt_BR","og_type":"article","og_title":"Ana Marcela Cunha classificada para T\u00f3quio-2020! - Swimchannel","og_description":"Brasileira termina os 10 km na 5\u00aa coloca\u00e7\u00e3o e garante vaga para sua terceira Olimp\u00edada; Viviane Jungblut fica em 12\u00ba lugar e esta fora dos Jogos de T\u00f3quio.","og_url":"https:\/\/swimchannel.net\/br\/ana-marcela-cunha-classificada-para-toquio-2020\/","og_site_name":"Swimchannel","article_publisher":"https:\/\/www.facebook.com\/swimchannel","article_published_time":"2019-07-13T22:48:12+00:00","article_modified_time":"2019-07-14T02:18:25+00:00","og_image":[{"width":1200,"height":675,"url":"https:\/\/swimchannel.net\/br\/wp-content\/uploads\/2019\/07\/CN6I99870.jpg","type":"image\/jpeg"}],"author":"Guilherme Freitas","twitter_card":"summary_large_image","twitter_misc":{"Escrito por":"Guilherme Freitas","Est. tempo de leitura":"5 minutos"},"schema":{"@context":"https:\/\/schema.org","@graph":[{"@type":"Article","@id":"https:\/\/swimchannel.net\/br\/ana-marcela-cunha-classificada-para-toquio-2020\/#article","isPartOf":{"@id":"https:\/\/swimchannel.net\/br\/ana-marcela-cunha-classificada-para-toquio-2020\/"},"author":{"name":"Guilherme Freitas","@id":"https:\/\/swimchannel.net\/br\/#\/schema\/person\/aa2a63bab3275f53749a83276b213c48"},"headline":"Ana Marcela Cunha classificada para T\u00f3quio-2020!","datePublished":"2019-07-13T22:48:12+00:00","dateModified":"2019-07-14T02:18:25+00:00","mainEntityOfPage":{"@id":"https:\/\/swimchannel.net\/br\/ana-marcela-cunha-classificada-para-toquio-2020\/"},"wordCount":914,"commentCount":0,"publisher":{"@id":"https:\/\/swimchannel.net\/br\/#organization"},"image":{"@id":"https:\/\/swimchannel.net\/br\/ana-marcela-cunha-classificada-para-toquio-2020\/#primaryimage"},"thumbnailUrl":"https:\/\/swimchannel.net\/br\/wp-content\/uploads\/2019\/07\/CN6I99870.jpg","keywords":["\u00c1guas abertas","Ana Marcela Cunha","Campeonato Mundial de Esportes Aqu\u00e1ticos","Gwangju-2019","natacao","Viviane Jungblut","Xin Xin"],"articleSection":["Campeonato Mundial"],"inLanguage":"pt-BR","potentialAction":[{"@type":"CommentAction","name":"Comment","target":["https:\/\/swimchannel.net\/br\/ana-marcela-cunha-classificada-para-toquio-2020\/#respond"]}]},{"@type":"WebPage","@id":"https:\/\/swimchannel.net\/br\/ana-marcela-cunha-classificada-para-toquio-2020\/","url":"https:\/\/swimchannel.net\/br\/ana-marcela-cunha-classificada-para-toquio-2020\/","name":"Ana Marcela Cunha classificada para T\u00f3quio-2020! - Swimchannel","isPartOf":{"@id":"https:\/\/swimchannel.net\/br\/#website"},"primaryImageOfPage":{"@id":"https:\/\/swimchannel.net\/br\/ana-marcela-cunha-classificada-para-toquio-2020\/#primaryimage"},"image":{"@id":"https:\/\/swimchannel.net\/br\/ana-marcela-cunha-classificada-para-toquio-2020\/#primaryimage"},"thumbnailUrl":"https:\/\/swimchannel.net\/br\/wp-content\/uploads\/2019\/07\/CN6I99870.jpg","datePublished":"2019-07-13T22:48:12+00:00","dateModified":"2019-07-14T02:18:25+00:00","description":"Brasileira termina os 10 km na 5\u00aa coloca\u00e7\u00e3o e garante vaga para sua terceira Olimp\u00edada; Viviane Jungblut fica em 12\u00ba lugar e esta fora dos Jogos de T\u00f3quio.","breadcrumb":{"@id":"https:\/\/swimchannel.net\/br\/ana-marcela-cunha-classificada-para-toquio-2020\/#breadcrumb"},"inLanguage":"pt-BR","potentialAction":[{"@type":"ReadAction","target":["https:\/\/swimchannel.net\/br\/ana-marcela-cunha-classificada-para-toquio-2020\/"]}]},{"@type":"ImageObject","inLanguage":"pt-BR","@id":"https:\/\/swimchannel.net\/br\/ana-marcela-cunha-classificada-para-toquio-2020\/#primaryimage","url":"https:\/\/swimchannel.net\/br\/wp-content\/uploads\/2019\/07\/CN6I99870.jpg","contentUrl":"https:\/\/swimchannel.net\/br\/wp-content\/uploads\/2019\/07\/CN6I99870.jpg","width":1200,"height":675,"caption":"Ana Marcela Cunha - Foto: Satiro Sodr\u00e9"},{"@type":"BreadcrumbList","@id":"https:\/\/swimchannel.net\/br\/ana-marcela-cunha-classificada-para-toquio-2020\/#breadcrumb","itemListElement":[{"@type":"ListItem","position":1,"name":"Home","item":"https:\/\/swimchannel.net\/br\/"},{"@type":"ListItem","position":2,"name":"Ana Marcela Cunha classificada para T\u00f3quio-2020!"}]},{"@type":"WebSite","@id":"https:\/\/swimchannel.net\/br\/#website","url":"https:\/\/swimchannel.net\/br\/","name":"Swimchannel","description":"Maior portal de nata\u00e7\u00e3o da america latina","publisher":{"@id":"https:\/\/swimchannel.net\/br\/#organization"},"potentialAction":[{"@type":"SearchAction","target":{"@type":"EntryPoint","urlTemplate":"https:\/\/swimchannel.net\/br\/?s={search_term_string}"},"query-input":{"@type":"PropertyValueSpecification","valueRequired":true,"valueName":"search_term_string"}}],"inLanguage":"pt-BR"},{"@type":"Organization","@id":"https:\/\/swimchannel.net\/br\/#organization","name":"Swimchannel - Conectando voc\u00ea a Nata\u00e7\u00e3o","url":"https:\/\/swimchannel.net\/br\/","logo":{"@type":"ImageObject","inLanguage":"pt-BR","@id":"https:\/\/swimchannel.net\/br\/#\/schema\/logo\/image\/","url":"https:\/\/swimchannel.net\/br\/wp-content\/uploads\/2026\/02\/SWIM-CHANNEL.png","contentUrl":"https:\/\/swimchannel.net\/br\/wp-content\/uploads\/2026\/02\/SWIM-CHANNEL.png","width":1120,"height":630,"caption":"Swimchannel - Conectando voc\u00ea a Nata\u00e7\u00e3o"},"image":{"@id":"https:\/\/swimchannel.net\/br\/#\/schema\/logo\/image\/"},"sameAs":["https:\/\/www.facebook.com\/swimchannel","https:\/\/www.instagram.com\/swimchannel"]},{"@type":"Person","@id":"https:\/\/swimchannel.net\/br\/#\/schema\/person\/aa2a63bab3275f53749a83276b213c48","name":"Guilherme Freitas","image":{"@type":"ImageObject","inLanguage":"pt-BR","@id":"https:\/\/swimchannel.net\/br\/#\/schema\/person\/image\/","url":"https:\/\/swimchannel.net\/br\/wp-content\/uploads\/2025\/10\/gui22-193x180.png","contentUrl":"https:\/\/swimchannel.net\/br\/wp-content\/uploads\/2025\/10\/gui22-193x180.png","caption":"Guilherme Freitas"},"description":"Jornalista s\u00eanior da SWIM CHANNEL, ex-correspondente da FINA no Brasil e pesquisador acad\u00eamico.","sameAs":["instagram.com\/guifreitas86"],"url":"https:\/\/swimchannel.net\/br\/author\/guilherme-freitas\/"}]}},"_links":{"self":[{"href":"https:\/\/swimchannel.net\/br\/wp-json\/wp\/v2\/posts\/17990","targetHints":{"allow":["GET"]}}],"collection":[{"href":"https:\/\/swimchannel.net\/br\/wp-json\/wp\/v2\/posts"}],"about":[{"href":"https:\/\/swimchannel.net\/br\/wp-json\/wp\/v2\/types\/post"}],"author":[{"embeddable":true,"href":"https:\/\/swimchannel.net\/br\/wp-json\/wp\/v2\/users\/3"}],"replies":[{"embeddable":true,"href":"https:\/\/swimchannel.net\/br\/wp-json\/wp\/v2\/comments?post=17990"}],"version-history":[{"count":0,"href":"https:\/\/swimchannel.net\/br\/wp-json\/wp\/v2\/posts\/17990\/revisions"}],"wp:featuredmedia":[{"embeddable":true,"href":"https:\/\/swimchannel.net\/br\/wp-json\/wp\/v2\/media\/18004"}],"wp:attachment":[{"href":"https:\/\/swimchannel.net\/br\/wp-json\/wp\/v2\/media?parent=17990"}],"wp:term":[{"taxonomy":"category","embeddable":true,"href":"https:\/\/swimchannel.net\/br\/wp-json\/wp\/v2\/categories?post=17990"},{"taxonomy":"post_tag","embeddable":true,"href":"https:\/\/swimchannel.net\/br\/wp-json\/wp\/v2\/tags?post=17990"}],"curies":[{"name":"wp","href":"https:\/\/api.w.org\/{rel}","templated":true}]}}