{"id":19034,"date":"2019-08-07T17:31:10","date_gmt":"2019-08-07T17:31:10","guid":{"rendered":"https:\/\/swimchannel.flywheelsites.com\/?p=19034"},"modified":"2019-08-07T23:19:43","modified_gmt":"2019-08-07T23:19:43","slug":"brasil-em-todas-as-finais-do-segundo-dia-do-pan","status":"publish","type":"post","link":"https:\/\/swimchannel.net\/br\/brasil-em-todas-as-finais-do-segundo-dia-do-pan\/","title":{"rendered":"Brasil em todas as finais do segundo dia do Pan"},"content":{"rendered":"<p>No segundo dia de eliminat\u00f3rias dos Jogos Pan-Americanos, que est\u00e1 sendo realizado no Complexo da\u00a0Villa Deportiva Nacional (Videna) em Lima, no Peru, o Brasil se classificou para todas as sete finais que ser\u00e3o realizadas logo mais a noite.<\/p>\n<p>Na primeira prova do dia, os\u00a0200m livre feminino, <a href=\"https:\/\/swimchannel.net\/br\/atleta\/manuella-lyrio\/\">Manuella Lyrio<\/a> passou para a final com o quarto melhor tempo de 2min00s42\u00a0e <a href=\"https:\/\/swimchannel.net\/br\/atleta\/larissa-oliveira\/\">Larissa Oliveira<\/a> com o sexto melhor tempo: 2min01s08. As duas pouparam for\u00e7as para a final de logo mais e devem nadar a dist\u00e2ncia abaixo dos dois minutos.<\/p>\n<p>Nos 200m livre masculino o recordista sul-americano Fernando Scheffer passou para a final com\u00a01min49s86, s\u00e9timo melhor tempo e claramente nadou bem controlado. Breno Correia tamb\u00e9m esta na final com o terceiro melhor tempo: 1min48s21.<\/p>\n<figure id=\"attachment_19040\" aria-describedby=\"caption-attachment-19040\" style=\"width: 1024px\" class=\"wp-caption alignnone\"><img loading=\"lazy\" decoding=\"async\" class=\"wp-image-19040 size-full\" src=\"https:\/\/swimchannel.net\/br\/wp-content\/uploads\/2019\/08\/vn-7.jpeg\" alt=\"\" width=\"1024\" height=\"585\" srcset=\"https:\/\/swimchannel.net\/br\/wp-content\/uploads\/2019\/08\/vn-7.jpeg 1024w, https:\/\/swimchannel.net\/br\/wp-content\/uploads\/2019\/08\/vn-7-600x343.jpeg 600w\" sizes=\"auto, (max-width: 1024px) 100vw, 1024px\" \/><figcaption id=\"caption-attachment-19040\" class=\"wp-caption-text\">Fernando Scheffer &#8211; Foto: Jonne Roriz\/COB<\/figcaption><\/figure>\n<p>Nos 100m borboleta feminino <a href=\"https:\/\/swimchannel.net\/br\/atleta\/daynara-de-paula\/\">Daynara de Paula<\/a> e Giovanna Diamante passaram para a final com o quinto e sexto tempo, respectivamente. Daynara fez\u00a01min00s21 e Giovanna 1min00s32.\u00a0Daynara foi\u00a0 medalhista de prata na prova em Guadalajara 2011, seu melhor resultado individual em Jogos Pan-Americanos.<\/p>\n<p>J\u00e1 entre os homens, Vinicius Lanza foi o \u00fanico brasileiro na disputa. E ele passou para a final com o quarto melhor tempo: 53s11. Na s\u00e9rie anterior a sua ele viu o guatemalteco Luiz Carlos Martinez quebrar o recorde pan-americano da prova com 51s44.<\/p>\n<p>&#8220;Hoje de manh\u00e3 eu nadei para classificar. Eu vi os resultados anteriores e vi que dava pra dar uma segurada pra mais tarde. Eu estou satisfeito, vaga na final e, hoje de noite, o bicho vai pegar. A expectativa \u00e9 boa. O Martinez bateu o recorde do campeonato, bem forte, mas de tarde tem uma raia e tem uma chance. Est\u00e1 todo mundo junto e vai ser bacana&#8221;, comentou Lanza ap\u00f3s a prova. A melhor marca de Lanza \u00e9 51s42 feitos no Trof\u00e9u Brasil do ano passado.<\/p>\n<figure id=\"attachment_17284\" aria-describedby=\"caption-attachment-17284\" style=\"width: 1200px\" class=\"wp-caption alignnone\"><img loading=\"lazy\" decoding=\"async\" class=\"size-full wp-image-17284\" src=\"https:\/\/swimchannel.net\/br\/wp-content\/uploads\/2019\/05\/lanza09.jpg\" alt=\"\" width=\"1200\" height=\"675\" srcset=\"https:\/\/swimchannel.net\/br\/wp-content\/uploads\/2019\/05\/lanza09.jpg 1200w, https:\/\/swimchannel.net\/br\/wp-content\/uploads\/2019\/05\/lanza09-600x338.jpg 600w\" sizes=\"auto, (max-width: 1200px) 100vw, 1200px\" \/><figcaption id=\"caption-attachment-17284\" class=\"wp-caption-text\">Vinicius Lanza &#8211; Foto: Satiro Sodre\/SSPress<\/figcaption><\/figure>\n<p>Nos 200m costas feminino, a representante brasileira na prova foi Fernanda de Goeij que fez a melhor marca pessoal na dist\u00e2ncia nadando em 2min12s63, abaixando seis cent\u00e9simos de seu antigo melhor resultado. A atleta vai para a final com o quarto melhor tempo.<\/p>\n<p>&#8220;Gostei muito, foi o meu melhor tempo e me senti muito bem na prova. Um sentimento bom. E ainda deu pra sentir no finalzinho que a tarde d\u00e1 para melhorar. A tarde eu vou tentar entrar o mais tranquila poss\u00edvel e confiante. Ir para uma disputa de medalha. Para cima!&#8221;, comentou Fernanda.<\/p>\n<p>Nesta prova o Brasil nunca ganhou uma medalha em Jogos Pan-Americanos. Por outro lado, nos 200m costas masculino, o pa\u00eds est\u00e1 no p\u00f3dio h\u00e1 dez edi\u00e7\u00f5es consecutivas.\u00a0Os brasileiros da prova ser\u00e3o Brandonn Almeida e <a href=\"https:\/\/swimchannel.net\/br\/atleta\/leonardo-de-deus\/\">Leonardo de Deus<\/a>\u00a0que fizeram o mesmo tempo de 2min01s51 e se classificaram para a final em quinto lugar.\u00a0No \u00faltimo Pan, Leo foi medalha de bronze.<\/p>\n<figure id=\"attachment_7315\" aria-describedby=\"caption-attachment-7315\" style=\"width: 2362px\" class=\"wp-caption alignnone\"><img loading=\"lazy\" decoding=\"async\" class=\"size-full wp-image-7315\" src=\"https:\/\/swimchannel.net\/br\/wp-content\/uploads\/2018\/01\/A71Q6704.jpg\" alt=\"\" width=\"2362\" height=\"1575\" srcset=\"https:\/\/swimchannel.net\/br\/wp-content\/uploads\/2018\/01\/A71Q6704.jpg 2362w, https:\/\/swimchannel.net\/br\/wp-content\/uploads\/2018\/01\/A71Q6704-600x400.jpg 600w, https:\/\/swimchannel.net\/br\/wp-content\/uploads\/2018\/01\/A71Q6704-300x200.jpg 300w, https:\/\/swimchannel.net\/br\/wp-content\/uploads\/2018\/01\/A71Q6704-768x512.jpg 768w, https:\/\/swimchannel.net\/br\/wp-content\/uploads\/2018\/01\/A71Q6704-1024x683.jpg 1024w\" sizes=\"auto, (max-width: 2362px) 100vw, 2362px\" \/><figcaption id=\"caption-attachment-7315\" class=\"wp-caption-text\">Leonardo de Deus &#8211; Foto: Satiro Sodr\u00e9\/ SSPress<\/figcaption><\/figure>\n<p>O revezamento 4\u00d7100 livre misto foi a \u00faltima prova do dia. O Brasil tamb\u00e9m passou para a final. Camila Mello, Jo\u00e3o de Lucca, Pedro Spajari e Lorraine Ferreira nadaram a prova em\u00a03min32s22, se classificando em primeiro lugar. A noite a equipe mudar\u00e1 sua forma\u00e7\u00e3o. Essa \u00e9 a estreia da prova em Jogos Pan-Americanos e o Brasil \u00e9 recordista sul-americano na dist\u00e2ncia com\u00a0 3min25s58 feitos no Campeonato Mundial de Esportes Aqu\u00e1ticos de Kazan-2015.<\/p>\n<p>Os resultados completos da etapa podem ser vistos <a href=\"https:\/\/www.lima2019.pe\/resultados\">aqui<\/a>. As finais come\u00e7am \u00e0s 22h30 (hor\u00e1rio de Bras\u00edlia) e ter\u00e3o transmiss\u00e3o do Sportv e Record TV.<\/p>\n","protected":false},"excerpt":{"rendered":"<p>No segundo dia de eliminat\u00f3rias dos Jogos Pan-Americanos, que est\u00e1 sendo realizado no Complexo da\u00a0Villa Deportiva Nacional (Videna) em Lima, no Peru, o Brasil se classificou para todas as sete finais que ser\u00e3o realizadas logo mais a noite. Na primeira prova do dia, os\u00a0200m livre feminino, Manuella Lyrio passou para a final com o quarto [&hellip;]<\/p>\n","protected":false},"author":9,"featured_media":19049,"comment_status":"open","ping_status":"open","sticky":false,"template":"","format":"standard","meta":{"footnotes":""},"categories":[57],"tags":[26,1681,5,167],"class_list":["post-19034","post","type-post","status-publish","format-standard","has-post-thumbnail","hentry","category-jogos-pan-americanos","tag-jogos-pan-americanos","tag-lima-2019","tag-natacao","tag-selecao-brasileira"],"yoast_head":"<!-- This site is optimized with the Yoast SEO plugin v27.0 - https:\/\/yoast.com\/product\/yoast-seo-wordpress\/ -->\n<title>Brasil em todas as finais no segundo dia de Jogos Pan-Americanos<\/title>\n<meta name=\"description\" content=\"Sele\u00e7\u00e3o brasileira tem aproveitamento de 100% nesta manh\u00e3 e a noite pode ganhar at\u00e9 11 medalhas em Lima.\" \/>\n<meta name=\"robots\" content=\"index, follow, max-snippet:-1, max-image-preview:large, max-video-preview:-1\" \/>\n<link rel=\"canonical\" href=\"https:\/\/swimchannel.net\/br\/brasil-em-todas-as-finais-do-segundo-dia-do-pan\/\" \/>\n<meta property=\"og:locale\" content=\"pt_BR\" \/>\n<meta property=\"og:type\" content=\"article\" \/>\n<meta property=\"og:title\" content=\"Brasil em todas as finais no segundo dia de Jogos Pan-Americanos\" \/>\n<meta property=\"og:description\" content=\"Sele\u00e7\u00e3o brasileira tem aproveitamento de 100% nesta manh\u00e3 e a noite pode ganhar at\u00e9 11 medalhas em Lima.\" \/>\n<meta property=\"og:url\" content=\"https:\/\/swimchannel.net\/br\/brasil-em-todas-as-finais-do-segundo-dia-do-pan\/\" \/>\n<meta property=\"og:site_name\" content=\"Swimchannel\" \/>\n<meta property=\"article:publisher\" content=\"https:\/\/www.facebook.com\/swimchannel\" \/>\n<meta property=\"article:published_time\" content=\"2019-08-07T17:31:10+00:00\" \/>\n<meta property=\"article:modified_time\" content=\"2019-08-07T23:19:43+00:00\" \/>\n<meta property=\"og:image\" content=\"https:\/\/swimchannel.net\/br\/wp-content\/uploads\/2019\/08\/NATF_AL_06-08-2019_355.jpg\" \/>\n\t<meta property=\"og:image:width\" content=\"1200\" \/>\n\t<meta property=\"og:image:height\" content=\"675\" \/>\n\t<meta property=\"og:image:type\" content=\"image\/jpeg\" \/>\n<meta name=\"author\" content=\"Katarine Monteiro\" \/>\n<meta name=\"twitter:card\" content=\"summary_large_image\" \/>\n<meta name=\"twitter:creator\" content=\"@https:\/\/twitter.com\/Katarinem\" \/>\n<meta name=\"twitter:label1\" content=\"Escrito por\" \/>\n\t<meta name=\"twitter:data1\" content=\"Katarine Monteiro\" \/>\n\t<meta name=\"twitter:label2\" content=\"Est. tempo de leitura\" \/>\n\t<meta name=\"twitter:data2\" content=\"3 minutos\" \/>\n<script type=\"application\/ld+json\" class=\"yoast-schema-graph\">{\"@context\":\"https:\/\/schema.org\",\"@graph\":[{\"@type\":\"Article\",\"@id\":\"https:\/\/swimchannel.net\/br\/brasil-em-todas-as-finais-do-segundo-dia-do-pan\/#article\",\"isPartOf\":{\"@id\":\"https:\/\/swimchannel.net\/br\/brasil-em-todas-as-finais-do-segundo-dia-do-pan\/\"},\"author\":{\"name\":\"Katarine Monteiro\",\"@id\":\"https:\/\/swimchannel.net\/br\/#\/schema\/person\/73ae9cec62249968bca1f0a8098ef002\"},\"headline\":\"Brasil em todas as finais do segundo dia do Pan\",\"datePublished\":\"2019-08-07T17:31:10+00:00\",\"dateModified\":\"2019-08-07T23:19:43+00:00\",\"mainEntityOfPage\":{\"@id\":\"https:\/\/swimchannel.net\/br\/brasil-em-todas-as-finais-do-segundo-dia-do-pan\/\"},\"wordCount\":637,\"commentCount\":0,\"publisher\":{\"@id\":\"https:\/\/swimchannel.net\/br\/#organization\"},\"image\":{\"@id\":\"https:\/\/swimchannel.net\/br\/brasil-em-todas-as-finais-do-segundo-dia-do-pan\/#primaryimage\"},\"thumbnailUrl\":\"https:\/\/swimchannel.net\/br\/wp-content\/uploads\/2019\/08\/NATF_AL_06-08-2019_355.jpg\",\"keywords\":[\"Jogos Pan-Americanos\",\"Lima-2019\",\"natacao\",\"sele\u00e7\u00e3o brasileira\"],\"articleSection\":[\"Jogos Pan-Americanos\"],\"inLanguage\":\"pt-BR\",\"potentialAction\":[{\"@type\":\"CommentAction\",\"name\":\"Comment\",\"target\":[\"https:\/\/swimchannel.net\/br\/brasil-em-todas-as-finais-do-segundo-dia-do-pan\/#respond\"]}]},{\"@type\":\"WebPage\",\"@id\":\"https:\/\/swimchannel.net\/br\/brasil-em-todas-as-finais-do-segundo-dia-do-pan\/\",\"url\":\"https:\/\/swimchannel.net\/br\/brasil-em-todas-as-finais-do-segundo-dia-do-pan\/\",\"name\":\"Brasil em todas as finais no segundo dia de Jogos Pan-Americanos\",\"isPartOf\":{\"@id\":\"https:\/\/swimchannel.net\/br\/#website\"},\"primaryImageOfPage\":{\"@id\":\"https:\/\/swimchannel.net\/br\/brasil-em-todas-as-finais-do-segundo-dia-do-pan\/#primaryimage\"},\"image\":{\"@id\":\"https:\/\/swimchannel.net\/br\/brasil-em-todas-as-finais-do-segundo-dia-do-pan\/#primaryimage\"},\"thumbnailUrl\":\"https:\/\/swimchannel.net\/br\/wp-content\/uploads\/2019\/08\/NATF_AL_06-08-2019_355.jpg\",\"datePublished\":\"2019-08-07T17:31:10+00:00\",\"dateModified\":\"2019-08-07T23:19:43+00:00\",\"description\":\"Sele\u00e7\u00e3o brasileira tem aproveitamento de 100% nesta manh\u00e3 e a noite pode ganhar at\u00e9 11 medalhas em Lima.\",\"breadcrumb\":{\"@id\":\"https:\/\/swimchannel.net\/br\/brasil-em-todas-as-finais-do-segundo-dia-do-pan\/#breadcrumb\"},\"inLanguage\":\"pt-BR\",\"potentialAction\":[{\"@type\":\"ReadAction\",\"target\":[\"https:\/\/swimchannel.net\/br\/brasil-em-todas-as-finais-do-segundo-dia-do-pan\/\"]}]},{\"@type\":\"ImageObject\",\"inLanguage\":\"pt-BR\",\"@id\":\"https:\/\/swimchannel.net\/br\/brasil-em-todas-as-finais-do-segundo-dia-do-pan\/#primaryimage\",\"url\":\"https:\/\/swimchannel.net\/br\/wp-content\/uploads\/2019\/08\/NATF_AL_06-08-2019_355.jpg\",\"contentUrl\":\"https:\/\/swimchannel.net\/br\/wp-content\/uploads\/2019\/08\/NATF_AL_06-08-2019_355.jpg\",\"width\":1200,\"height\":675,\"caption\":\"Manuella Lyrio - Foto: Alexandre Loureiro\/COB\"},{\"@type\":\"BreadcrumbList\",\"@id\":\"https:\/\/swimchannel.net\/br\/brasil-em-todas-as-finais-do-segundo-dia-do-pan\/#breadcrumb\",\"itemListElement\":[{\"@type\":\"ListItem\",\"position\":1,\"name\":\"Home\",\"item\":\"https:\/\/swimchannel.net\/br\/\"},{\"@type\":\"ListItem\",\"position\":2,\"name\":\"Brasil em todas as finais do segundo dia do Pan\"}]},{\"@type\":\"WebSite\",\"@id\":\"https:\/\/swimchannel.net\/br\/#website\",\"url\":\"https:\/\/swimchannel.net\/br\/\",\"name\":\"Swimchannel\",\"description\":\"Maior portal de nata\u00e7\u00e3o da america latina\",\"publisher\":{\"@id\":\"https:\/\/swimchannel.net\/br\/#organization\"},\"potentialAction\":[{\"@type\":\"SearchAction\",\"target\":{\"@type\":\"EntryPoint\",\"urlTemplate\":\"https:\/\/swimchannel.net\/br\/?s={search_term_string}\"},\"query-input\":{\"@type\":\"PropertyValueSpecification\",\"valueRequired\":true,\"valueName\":\"search_term_string\"}}],\"inLanguage\":\"pt-BR\"},{\"@type\":\"Organization\",\"@id\":\"https:\/\/swimchannel.net\/br\/#organization\",\"name\":\"Swimchannel - Conectando voc\u00ea a Nata\u00e7\u00e3o\",\"url\":\"https:\/\/swimchannel.net\/br\/\",\"logo\":{\"@type\":\"ImageObject\",\"inLanguage\":\"pt-BR\",\"@id\":\"https:\/\/swimchannel.net\/br\/#\/schema\/logo\/image\/\",\"url\":\"https:\/\/swimchannel.net\/br\/wp-content\/uploads\/2026\/02\/SWIM-CHANNEL.png\",\"contentUrl\":\"https:\/\/swimchannel.net\/br\/wp-content\/uploads\/2026\/02\/SWIM-CHANNEL.png\",\"width\":1120,\"height\":630,\"caption\":\"Swimchannel - Conectando voc\u00ea a Nata\u00e7\u00e3o\"},\"image\":{\"@id\":\"https:\/\/swimchannel.net\/br\/#\/schema\/logo\/image\/\"},\"sameAs\":[\"https:\/\/www.facebook.com\/swimchannel\",\"https:\/\/www.instagram.com\/swimchannel\"]},{\"@type\":\"Person\",\"@id\":\"https:\/\/swimchannel.net\/br\/#\/schema\/person\/73ae9cec62249968bca1f0a8098ef002\",\"name\":\"Katarine Monteiro\",\"image\":{\"@type\":\"ImageObject\",\"inLanguage\":\"pt-BR\",\"@id\":\"https:\/\/swimchannel.net\/br\/#\/schema\/person\/image\/\",\"url\":\"https:\/\/swimchannel.net\/br\/wp-content\/uploads\/2022\/01\/Katarine-Monteiro-100x100.jpg\",\"contentUrl\":\"https:\/\/swimchannel.net\/br\/wp-content\/uploads\/2022\/01\/Katarine-Monteiro-100x100.jpg\",\"caption\":\"Katarine Monteiro\"},\"description\":\"Jornalista SWIM CHANNEL especializada em esportes ol\u00edmpicos e em sa\u00fade. Com cobertura de grandes eventos internacionais, como Jogos Ol\u00edmpicos Rio 2016, Jogos Pan-Americanos em Lima 2019, Qatar Total Open 2020, Qatar ExxonMobil Open 2019 - t\u00eanis em Doha (QT), Semana Internacional de Vela de Ilhabela, Transat Jacques Vabre 2019 (Fran\u00e7a-Brasil), L'\u00c9tape Brasil by Tour de France, j\u00e1 fez in\u00fameras coberturas de nata\u00e7\u00e3o, maratona aqu\u00e1tica e polo aqu\u00e1tico. Formada tamb\u00e9m em Letras, a jornalista atua como assessora de imprensa, rela\u00e7\u00f5es p\u00fablicas e social media, com especializa\u00e7\u00e3o em marketing esportivo. Nadadora amadora de \u00e1guas abertas, j\u00e1 trabalhou com grandes nomes da nata\u00e7\u00e3o e do polo aqu\u00e1tico brasileiro.\",\"sameAs\":[\"https:\/\/www.instagram.com\/_katarinemonteiro\/\",\"https:\/\/www.linkedin.com\/in\/katarine-monteiro-19385297\/\",\"https:\/\/x.com\/https:\/\/twitter.com\/Katarinem\"],\"url\":\"https:\/\/swimchannel.net\/br\/author\/katarine-monteiro\/\"}]}<\/script>\n<!-- \/ Yoast SEO plugin. -->","yoast_head_json":{"title":"Brasil em todas as finais no segundo dia de Jogos Pan-Americanos","description":"Sele\u00e7\u00e3o brasileira tem aproveitamento de 100% nesta manh\u00e3 e a noite pode ganhar at\u00e9 11 medalhas em Lima.","robots":{"index":"index","follow":"follow","max-snippet":"max-snippet:-1","max-image-preview":"max-image-preview:large","max-video-preview":"max-video-preview:-1"},"canonical":"https:\/\/swimchannel.net\/br\/brasil-em-todas-as-finais-do-segundo-dia-do-pan\/","og_locale":"pt_BR","og_type":"article","og_title":"Brasil em todas as finais no segundo dia de Jogos Pan-Americanos","og_description":"Sele\u00e7\u00e3o brasileira tem aproveitamento de 100% nesta manh\u00e3 e a noite pode ganhar at\u00e9 11 medalhas em Lima.","og_url":"https:\/\/swimchannel.net\/br\/brasil-em-todas-as-finais-do-segundo-dia-do-pan\/","og_site_name":"Swimchannel","article_publisher":"https:\/\/www.facebook.com\/swimchannel","article_published_time":"2019-08-07T17:31:10+00:00","article_modified_time":"2019-08-07T23:19:43+00:00","og_image":[{"width":1200,"height":675,"url":"https:\/\/swimchannel.net\/br\/wp-content\/uploads\/2019\/08\/NATF_AL_06-08-2019_355.jpg","type":"image\/jpeg"}],"author":"Katarine Monteiro","twitter_card":"summary_large_image","twitter_creator":"@https:\/\/twitter.com\/Katarinem","twitter_misc":{"Escrito por":"Katarine Monteiro","Est. tempo de leitura":"3 minutos"},"schema":{"@context":"https:\/\/schema.org","@graph":[{"@type":"Article","@id":"https:\/\/swimchannel.net\/br\/brasil-em-todas-as-finais-do-segundo-dia-do-pan\/#article","isPartOf":{"@id":"https:\/\/swimchannel.net\/br\/brasil-em-todas-as-finais-do-segundo-dia-do-pan\/"},"author":{"name":"Katarine Monteiro","@id":"https:\/\/swimchannel.net\/br\/#\/schema\/person\/73ae9cec62249968bca1f0a8098ef002"},"headline":"Brasil em todas as finais do segundo dia do Pan","datePublished":"2019-08-07T17:31:10+00:00","dateModified":"2019-08-07T23:19:43+00:00","mainEntityOfPage":{"@id":"https:\/\/swimchannel.net\/br\/brasil-em-todas-as-finais-do-segundo-dia-do-pan\/"},"wordCount":637,"commentCount":0,"publisher":{"@id":"https:\/\/swimchannel.net\/br\/#organization"},"image":{"@id":"https:\/\/swimchannel.net\/br\/brasil-em-todas-as-finais-do-segundo-dia-do-pan\/#primaryimage"},"thumbnailUrl":"https:\/\/swimchannel.net\/br\/wp-content\/uploads\/2019\/08\/NATF_AL_06-08-2019_355.jpg","keywords":["Jogos Pan-Americanos","Lima-2019","natacao","sele\u00e7\u00e3o brasileira"],"articleSection":["Jogos Pan-Americanos"],"inLanguage":"pt-BR","potentialAction":[{"@type":"CommentAction","name":"Comment","target":["https:\/\/swimchannel.net\/br\/brasil-em-todas-as-finais-do-segundo-dia-do-pan\/#respond"]}]},{"@type":"WebPage","@id":"https:\/\/swimchannel.net\/br\/brasil-em-todas-as-finais-do-segundo-dia-do-pan\/","url":"https:\/\/swimchannel.net\/br\/brasil-em-todas-as-finais-do-segundo-dia-do-pan\/","name":"Brasil em todas as finais no segundo dia de Jogos Pan-Americanos","isPartOf":{"@id":"https:\/\/swimchannel.net\/br\/#website"},"primaryImageOfPage":{"@id":"https:\/\/swimchannel.net\/br\/brasil-em-todas-as-finais-do-segundo-dia-do-pan\/#primaryimage"},"image":{"@id":"https:\/\/swimchannel.net\/br\/brasil-em-todas-as-finais-do-segundo-dia-do-pan\/#primaryimage"},"thumbnailUrl":"https:\/\/swimchannel.net\/br\/wp-content\/uploads\/2019\/08\/NATF_AL_06-08-2019_355.jpg","datePublished":"2019-08-07T17:31:10+00:00","dateModified":"2019-08-07T23:19:43+00:00","description":"Sele\u00e7\u00e3o brasileira tem aproveitamento de 100% nesta manh\u00e3 e a noite pode ganhar at\u00e9 11 medalhas em Lima.","breadcrumb":{"@id":"https:\/\/swimchannel.net\/br\/brasil-em-todas-as-finais-do-segundo-dia-do-pan\/#breadcrumb"},"inLanguage":"pt-BR","potentialAction":[{"@type":"ReadAction","target":["https:\/\/swimchannel.net\/br\/brasil-em-todas-as-finais-do-segundo-dia-do-pan\/"]}]},{"@type":"ImageObject","inLanguage":"pt-BR","@id":"https:\/\/swimchannel.net\/br\/brasil-em-todas-as-finais-do-segundo-dia-do-pan\/#primaryimage","url":"https:\/\/swimchannel.net\/br\/wp-content\/uploads\/2019\/08\/NATF_AL_06-08-2019_355.jpg","contentUrl":"https:\/\/swimchannel.net\/br\/wp-content\/uploads\/2019\/08\/NATF_AL_06-08-2019_355.jpg","width":1200,"height":675,"caption":"Manuella Lyrio - Foto: Alexandre Loureiro\/COB"},{"@type":"BreadcrumbList","@id":"https:\/\/swimchannel.net\/br\/brasil-em-todas-as-finais-do-segundo-dia-do-pan\/#breadcrumb","itemListElement":[{"@type":"ListItem","position":1,"name":"Home","item":"https:\/\/swimchannel.net\/br\/"},{"@type":"ListItem","position":2,"name":"Brasil em todas as finais do segundo dia do Pan"}]},{"@type":"WebSite","@id":"https:\/\/swimchannel.net\/br\/#website","url":"https:\/\/swimchannel.net\/br\/","name":"Swimchannel","description":"Maior portal de nata\u00e7\u00e3o da america latina","publisher":{"@id":"https:\/\/swimchannel.net\/br\/#organization"},"potentialAction":[{"@type":"SearchAction","target":{"@type":"EntryPoint","urlTemplate":"https:\/\/swimchannel.net\/br\/?s={search_term_string}"},"query-input":{"@type":"PropertyValueSpecification","valueRequired":true,"valueName":"search_term_string"}}],"inLanguage":"pt-BR"},{"@type":"Organization","@id":"https:\/\/swimchannel.net\/br\/#organization","name":"Swimchannel - Conectando voc\u00ea a Nata\u00e7\u00e3o","url":"https:\/\/swimchannel.net\/br\/","logo":{"@type":"ImageObject","inLanguage":"pt-BR","@id":"https:\/\/swimchannel.net\/br\/#\/schema\/logo\/image\/","url":"https:\/\/swimchannel.net\/br\/wp-content\/uploads\/2026\/02\/SWIM-CHANNEL.png","contentUrl":"https:\/\/swimchannel.net\/br\/wp-content\/uploads\/2026\/02\/SWIM-CHANNEL.png","width":1120,"height":630,"caption":"Swimchannel - Conectando voc\u00ea a Nata\u00e7\u00e3o"},"image":{"@id":"https:\/\/swimchannel.net\/br\/#\/schema\/logo\/image\/"},"sameAs":["https:\/\/www.facebook.com\/swimchannel","https:\/\/www.instagram.com\/swimchannel"]},{"@type":"Person","@id":"https:\/\/swimchannel.net\/br\/#\/schema\/person\/73ae9cec62249968bca1f0a8098ef002","name":"Katarine Monteiro","image":{"@type":"ImageObject","inLanguage":"pt-BR","@id":"https:\/\/swimchannel.net\/br\/#\/schema\/person\/image\/","url":"https:\/\/swimchannel.net\/br\/wp-content\/uploads\/2022\/01\/Katarine-Monteiro-100x100.jpg","contentUrl":"https:\/\/swimchannel.net\/br\/wp-content\/uploads\/2022\/01\/Katarine-Monteiro-100x100.jpg","caption":"Katarine Monteiro"},"description":"Jornalista SWIM CHANNEL especializada em esportes ol\u00edmpicos e em sa\u00fade. Com cobertura de grandes eventos internacionais, como Jogos Ol\u00edmpicos Rio 2016, Jogos Pan-Americanos em Lima 2019, Qatar Total Open 2020, Qatar ExxonMobil Open 2019 - t\u00eanis em Doha (QT), Semana Internacional de Vela de Ilhabela, Transat Jacques Vabre 2019 (Fran\u00e7a-Brasil), L'\u00c9tape Brasil by Tour de France, j\u00e1 fez in\u00fameras coberturas de nata\u00e7\u00e3o, maratona aqu\u00e1tica e polo aqu\u00e1tico. Formada tamb\u00e9m em Letras, a jornalista atua como assessora de imprensa, rela\u00e7\u00f5es p\u00fablicas e social media, com especializa\u00e7\u00e3o em marketing esportivo. Nadadora amadora de \u00e1guas abertas, j\u00e1 trabalhou com grandes nomes da nata\u00e7\u00e3o e do polo aqu\u00e1tico brasileiro.","sameAs":["https:\/\/www.instagram.com\/_katarinemonteiro\/","https:\/\/www.linkedin.com\/in\/katarine-monteiro-19385297\/","https:\/\/x.com\/https:\/\/twitter.com\/Katarinem"],"url":"https:\/\/swimchannel.net\/br\/author\/katarine-monteiro\/"}]}},"_links":{"self":[{"href":"https:\/\/swimchannel.net\/br\/wp-json\/wp\/v2\/posts\/19034","targetHints":{"allow":["GET"]}}],"collection":[{"href":"https:\/\/swimchannel.net\/br\/wp-json\/wp\/v2\/posts"}],"about":[{"href":"https:\/\/swimchannel.net\/br\/wp-json\/wp\/v2\/types\/post"}],"author":[{"embeddable":true,"href":"https:\/\/swimchannel.net\/br\/wp-json\/wp\/v2\/users\/9"}],"replies":[{"embeddable":true,"href":"https:\/\/swimchannel.net\/br\/wp-json\/wp\/v2\/comments?post=19034"}],"version-history":[{"count":0,"href":"https:\/\/swimchannel.net\/br\/wp-json\/wp\/v2\/posts\/19034\/revisions"}],"wp:featuredmedia":[{"embeddable":true,"href":"https:\/\/swimchannel.net\/br\/wp-json\/wp\/v2\/media\/19049"}],"wp:attachment":[{"href":"https:\/\/swimchannel.net\/br\/wp-json\/wp\/v2\/media?parent=19034"}],"wp:term":[{"taxonomy":"category","embeddable":true,"href":"https:\/\/swimchannel.net\/br\/wp-json\/wp\/v2\/categories?post=19034"},{"taxonomy":"post_tag","embeddable":true,"href":"https:\/\/swimchannel.net\/br\/wp-json\/wp\/v2\/tags?post=19034"}],"curies":[{"name":"wp","href":"https:\/\/api.w.org\/{rel}","templated":true}]}}