{"id":1923,"date":"2016-09-19T19:38:48","date_gmt":"2016-09-19T19:38:48","guid":{"rendered":"https:\/\/swimchannel.flywheelsites.com\/?p=1923"},"modified":"2016-11-24T17:33:03","modified_gmt":"2016-11-24T17:33:03","slug":"os-recordistas-do-raia-rapida","status":"publish","type":"post","link":"https:\/\/swimchannel.net\/br\/os-recordistas-do-raia-rapida\/","title":{"rendered":"Os recordistas do Raia R\u00e1pida"},"content":{"rendered":"<p style=\"text-align: justify;\">No pr\u00f3ximo domingo teremos mais uma edi\u00e7\u00e3o do Desafio Raia R\u00e1pida. Desta vez o palco da festa ser\u00e1 a piscina do Olympic Aquatic Stadium, o mesmo local de disputa dos Jogos Ol\u00edmpicos e Paral\u00edmpicos do Rio de Janeiro. Na \u00e1gua teremos 16 nadadores de quatro pa\u00edses (Brasil, Estados Unidos, \u00c1frica do Sul e It\u00e1lia) lutando pelo t\u00edtulo de campe\u00e3o da velocidade. Mas voc\u00ea sabe quem s\u00e3o os donos dos \u201crecordes\u201d das provas do Desafio? Se n\u00e3o lembra tudo bem, listamos aqui quem s\u00e3o os respons\u00e1veis.<\/p>\n<p style=\"text-align: justify;\">Uma curiosidade \u00e9 que todas essas marcas foram registradas na mesma edi\u00e7\u00e3o em 2014 por nadadores veteranos e experientes. Na decis\u00e3o dos 50m costas o gigante sul-africano Gerhard Zandberg venceu a forte bateria com 25s00, superando por 12 cent\u00e9simos o brasileiro Guilherme Guido. J\u00e1 na final dos 50m peito foi a vez de Felipe Fran\u00e7a cravar o melhor tempo com 27s21, marca que estaria no top 10 da temporada.<\/p>\n<p style=\"text-align: justify;\">Dois veteranos s\u00e3o os mais r\u00e1pidos na hist\u00f3ria dos 50m borboleta e 50m livre. No borboleta, Nicholas Santos fez uma das melhores performances de sua vida ao nadar para 22s97 na \u00faltima bateria, sendo quase um segundo mais veloz que o vice-campe\u00e3o Eugene Godsoe. Um tempo mais forte do que o nadador fez no Trof\u00e9u Maria Lenk daquele ano em seu melhor desempeno oficial e que seria top 5 naquela temporada.<\/p>\n<p style=\"text-align: justify;\">\n<figure id=\"attachment_1925\" aria-describedby=\"caption-attachment-1925\" style=\"width: 800px\" class=\"wp-caption aligncenter\"><a href=\"https:\/\/swimchannel.net\/br\/wp-content\/uploads\/2016\/09\/A71Q8594.jpg\"><img loading=\"lazy\" decoding=\"async\" class=\"wp-image-1925\" src=\"https:\/\/swimchannel.net\/br\/wp-content\/uploads\/2016\/09\/A71Q8594.jpg\" alt=\"Ervin, o \u00fanico na casa dos 21 segundos na hist\u00f3ria do Raia R\u00e1pida - Foto: Satiro Sodre\/SSPress\" width=\"800\" height=\"533\" srcset=\"https:\/\/swimchannel.net\/br\/wp-content\/uploads\/2016\/09\/A71Q8594.jpg 2362w, https:\/\/swimchannel.net\/br\/wp-content\/uploads\/2016\/09\/A71Q8594-600x400.jpg 600w, https:\/\/swimchannel.net\/br\/wp-content\/uploads\/2016\/09\/A71Q8594-300x200.jpg 300w, https:\/\/swimchannel.net\/br\/wp-content\/uploads\/2016\/09\/A71Q8594-768x512.jpg 768w, https:\/\/swimchannel.net\/br\/wp-content\/uploads\/2016\/09\/A71Q8594-1024x683.jpg 1024w\" sizes=\"auto, (max-width: 800px) 100vw, 800px\" \/><\/a><figcaption id=\"caption-attachment-1925\" class=\"wp-caption-text\">Ervin, o \u00fanico na casa dos 21 segundos na hist\u00f3ria do Raia R\u00e1pida &#8211; Foto: Satiro Sodre\/SSPress<\/figcaption><\/figure>\n<p style=\"text-align: justify;\">\n<p style=\"text-align: justify;\">J\u00e1 no livre tivemos o \u00fanico sub 22 segundos na hist\u00f3ria do Raia R\u00e1pida estabelecidos pelo americano Ahntony Ervin, que dois anos depois seria campe\u00e3o ol\u00edmpico no Rio de Janeiro. Naquela ocasi\u00e3o ele venceu com 21s92. Os tempos fortes nas baterias individuais refletiram na final do 4x50m medley com a vit\u00f3ria do Brasil por 1min37s68 ante 1min37s75 dos Estados Unidos com todos nadando em seus limites.<\/p>\n<p style=\"text-align: justify;\">Este ano teremos nadadores com capacidade para superar estas marcas como os atuais recordistas Anthony Ervin e Gerhard Zandberg, al\u00e9m de Bruno Fratus, Roland Schoeman, Henrique Martins, Jo\u00e3o Gomes J\u00fanior e Fabio Scozzoli. E na veloz piscina do Olympic Aquatic Stadium, as chances aumentam. Aproveite e <a href=\"https:\/\/swimchannel.net\/br\/noticias\/swim-channel-produz-guia-completo-do-raia-rapida-2016\/\" target=\"_blank\">baixe aqui<\/a> o guia completo da edi\u00e7\u00e3o 2016 do Raia R\u00e1pida.<\/p>\n<p style=\"text-align: justify;\"><strong>Por Guilherme Freitas<\/strong><\/p>\n","protected":false},"excerpt":{"rendered":"<p>Relembre aqui quem foram os mais r\u00e1pida ate hoje neste desafio de velocidade m\u00e1xima<\/p>\n","protected":false},"author":3,"featured_media":1924,"comment_status":"open","ping_status":"open","sticky":false,"template":"","format":"standard","meta":{"footnotes":""},"categories":[153],"tags":[5,502,494,128],"class_list":["post-1923","post","type-post","status-publish","format-standard","has-post-thumbnail","hentry","category-desafio-raia-rapida","tag-natacao","tag-olympic-aquatica-stadium","tag-raia-rapida","tag-recordes"],"yoast_head":"<!-- This site is optimized with the Yoast SEO plugin v27.0 - https:\/\/yoast.com\/product\/yoast-seo-wordpress\/ -->\n<title>Os recordistas do Raia R\u00e1pida - Swimchannel<\/title>\n<meta name=\"robots\" content=\"index, follow, max-snippet:-1, max-image-preview:large, max-video-preview:-1\" \/>\n<link rel=\"canonical\" href=\"https:\/\/swimchannel.net\/br\/os-recordistas-do-raia-rapida\/\" \/>\n<meta property=\"og:locale\" content=\"pt_BR\" \/>\n<meta property=\"og:type\" content=\"article\" \/>\n<meta property=\"og:title\" content=\"Os recordistas do Raia R\u00e1pida - Swimchannel\" \/>\n<meta property=\"og:description\" content=\"Relembre aqui quem foram os mais r\u00e1pida ate hoje neste desafio de velocidade m\u00e1xima\" \/>\n<meta property=\"og:url\" content=\"https:\/\/swimchannel.net\/br\/os-recordistas-do-raia-rapida\/\" \/>\n<meta property=\"og:site_name\" content=\"Swimchannel\" \/>\n<meta property=\"article:publisher\" content=\"https:\/\/www.facebook.com\/swimchannel\" \/>\n<meta property=\"article:published_time\" content=\"2016-09-19T19:38:48+00:00\" \/>\n<meta property=\"article:modified_time\" content=\"2016-11-24T17:33:03+00:00\" \/>\n<meta property=\"og:image\" content=\"https:\/\/swimchannel.net\/br\/wp-content\/uploads\/2016\/09\/A71Q8214.jpg\" \/>\n\t<meta property=\"og:image:width\" content=\"2362\" \/>\n\t<meta property=\"og:image:height\" content=\"1575\" \/>\n\t<meta property=\"og:image:type\" content=\"image\/jpeg\" \/>\n<meta name=\"author\" content=\"Guilherme Freitas\" \/>\n<meta name=\"twitter:card\" content=\"summary_large_image\" \/>\n<meta name=\"twitter:label1\" content=\"Escrito por\" \/>\n\t<meta name=\"twitter:data1\" content=\"Guilherme Freitas\" \/>\n\t<meta name=\"twitter:label2\" content=\"Est. tempo de leitura\" \/>\n\t<meta name=\"twitter:data2\" content=\"2 minutos\" \/>\n<script type=\"application\/ld+json\" class=\"yoast-schema-graph\">{\"@context\":\"https:\/\/schema.org\",\"@graph\":[{\"@type\":\"Article\",\"@id\":\"https:\/\/swimchannel.net\/br\/os-recordistas-do-raia-rapida\/#article\",\"isPartOf\":{\"@id\":\"https:\/\/swimchannel.net\/br\/os-recordistas-do-raia-rapida\/\"},\"author\":{\"name\":\"Guilherme Freitas\",\"@id\":\"https:\/\/swimchannel.net\/br\/#\/schema\/person\/aa2a63bab3275f53749a83276b213c48\"},\"headline\":\"Os recordistas do Raia R\u00e1pida\",\"datePublished\":\"2016-09-19T19:38:48+00:00\",\"dateModified\":\"2016-11-24T17:33:03+00:00\",\"mainEntityOfPage\":{\"@id\":\"https:\/\/swimchannel.net\/br\/os-recordistas-do-raia-rapida\/\"},\"wordCount\":411,\"commentCount\":0,\"publisher\":{\"@id\":\"https:\/\/swimchannel.net\/br\/#organization\"},\"image\":{\"@id\":\"https:\/\/swimchannel.net\/br\/os-recordistas-do-raia-rapida\/#primaryimage\"},\"thumbnailUrl\":\"https:\/\/swimchannel.net\/br\/wp-content\/uploads\/2016\/09\/A71Q8214.jpg\",\"keywords\":[\"natacao\",\"Olympic Aquatica Stadium\",\"Raia R\u00e1pida\",\"recordes\"],\"articleSection\":[\"Desafio Raia R\u00e1pida\"],\"inLanguage\":\"pt-BR\",\"potentialAction\":[{\"@type\":\"CommentAction\",\"name\":\"Comment\",\"target\":[\"https:\/\/swimchannel.net\/br\/os-recordistas-do-raia-rapida\/#respond\"]}]},{\"@type\":\"WebPage\",\"@id\":\"https:\/\/swimchannel.net\/br\/os-recordistas-do-raia-rapida\/\",\"url\":\"https:\/\/swimchannel.net\/br\/os-recordistas-do-raia-rapida\/\",\"name\":\"Os recordistas do Raia R\u00e1pida - Swimchannel\",\"isPartOf\":{\"@id\":\"https:\/\/swimchannel.net\/br\/#website\"},\"primaryImageOfPage\":{\"@id\":\"https:\/\/swimchannel.net\/br\/os-recordistas-do-raia-rapida\/#primaryimage\"},\"image\":{\"@id\":\"https:\/\/swimchannel.net\/br\/os-recordistas-do-raia-rapida\/#primaryimage\"},\"thumbnailUrl\":\"https:\/\/swimchannel.net\/br\/wp-content\/uploads\/2016\/09\/A71Q8214.jpg\",\"datePublished\":\"2016-09-19T19:38:48+00:00\",\"dateModified\":\"2016-11-24T17:33:03+00:00\",\"breadcrumb\":{\"@id\":\"https:\/\/swimchannel.net\/br\/os-recordistas-do-raia-rapida\/#breadcrumb\"},\"inLanguage\":\"pt-BR\",\"potentialAction\":[{\"@type\":\"ReadAction\",\"target\":[\"https:\/\/swimchannel.net\/br\/os-recordistas-do-raia-rapida\/\"]}]},{\"@type\":\"ImageObject\",\"inLanguage\":\"pt-BR\",\"@id\":\"https:\/\/swimchannel.net\/br\/os-recordistas-do-raia-rapida\/#primaryimage\",\"url\":\"https:\/\/swimchannel.net\/br\/wp-content\/uploads\/2016\/09\/A71Q8214.jpg\",\"contentUrl\":\"https:\/\/swimchannel.net\/br\/wp-content\/uploads\/2016\/09\/A71Q8214.jpg\",\"width\":2362,\"height\":1575,\"caption\":\"Nicholas Santos literalmente voou nos 50m borboleta - Foto: Satiro Sodre\/SSPress.\"},{\"@type\":\"BreadcrumbList\",\"@id\":\"https:\/\/swimchannel.net\/br\/os-recordistas-do-raia-rapida\/#breadcrumb\",\"itemListElement\":[{\"@type\":\"ListItem\",\"position\":1,\"name\":\"Home\",\"item\":\"https:\/\/swimchannel.net\/br\/\"},{\"@type\":\"ListItem\",\"position\":2,\"name\":\"Os recordistas do Raia R\u00e1pida\"}]},{\"@type\":\"WebSite\",\"@id\":\"https:\/\/swimchannel.net\/br\/#website\",\"url\":\"https:\/\/swimchannel.net\/br\/\",\"name\":\"Swimchannel\",\"description\":\"Maior portal de nata\u00e7\u00e3o da america latina\",\"publisher\":{\"@id\":\"https:\/\/swimchannel.net\/br\/#organization\"},\"potentialAction\":[{\"@type\":\"SearchAction\",\"target\":{\"@type\":\"EntryPoint\",\"urlTemplate\":\"https:\/\/swimchannel.net\/br\/?s={search_term_string}\"},\"query-input\":{\"@type\":\"PropertyValueSpecification\",\"valueRequired\":true,\"valueName\":\"search_term_string\"}}],\"inLanguage\":\"pt-BR\"},{\"@type\":\"Organization\",\"@id\":\"https:\/\/swimchannel.net\/br\/#organization\",\"name\":\"Swimchannel - Conectando voc\u00ea a Nata\u00e7\u00e3o\",\"url\":\"https:\/\/swimchannel.net\/br\/\",\"logo\":{\"@type\":\"ImageObject\",\"inLanguage\":\"pt-BR\",\"@id\":\"https:\/\/swimchannel.net\/br\/#\/schema\/logo\/image\/\",\"url\":\"https:\/\/swimchannel.net\/br\/wp-content\/uploads\/2026\/02\/SWIM-CHANNEL.png\",\"contentUrl\":\"https:\/\/swimchannel.net\/br\/wp-content\/uploads\/2026\/02\/SWIM-CHANNEL.png\",\"width\":1120,\"height\":630,\"caption\":\"Swimchannel - Conectando voc\u00ea a Nata\u00e7\u00e3o\"},\"image\":{\"@id\":\"https:\/\/swimchannel.net\/br\/#\/schema\/logo\/image\/\"},\"sameAs\":[\"https:\/\/www.facebook.com\/swimchannel\",\"https:\/\/www.instagram.com\/swimchannel\"]},{\"@type\":\"Person\",\"@id\":\"https:\/\/swimchannel.net\/br\/#\/schema\/person\/aa2a63bab3275f53749a83276b213c48\",\"name\":\"Guilherme Freitas\",\"image\":{\"@type\":\"ImageObject\",\"inLanguage\":\"pt-BR\",\"@id\":\"https:\/\/swimchannel.net\/br\/#\/schema\/person\/image\/\",\"url\":\"https:\/\/swimchannel.net\/br\/wp-content\/uploads\/2025\/10\/gui22-193x180.png\",\"contentUrl\":\"https:\/\/swimchannel.net\/br\/wp-content\/uploads\/2025\/10\/gui22-193x180.png\",\"caption\":\"Guilherme Freitas\"},\"description\":\"Jornalista s\u00eanior da SWIM CHANNEL, ex-correspondente da FINA no Brasil e pesquisador acad\u00eamico.\",\"sameAs\":[\"instagram.com\/guifreitas86\"],\"url\":\"https:\/\/swimchannel.net\/br\/author\/guilherme-freitas\/\"}]}<\/script>\n<!-- \/ Yoast SEO plugin. -->","yoast_head_json":{"title":"Os recordistas do Raia R\u00e1pida - Swimchannel","robots":{"index":"index","follow":"follow","max-snippet":"max-snippet:-1","max-image-preview":"max-image-preview:large","max-video-preview":"max-video-preview:-1"},"canonical":"https:\/\/swimchannel.net\/br\/os-recordistas-do-raia-rapida\/","og_locale":"pt_BR","og_type":"article","og_title":"Os recordistas do Raia R\u00e1pida - Swimchannel","og_description":"Relembre aqui quem foram os mais r\u00e1pida ate hoje neste desafio de velocidade m\u00e1xima","og_url":"https:\/\/swimchannel.net\/br\/os-recordistas-do-raia-rapida\/","og_site_name":"Swimchannel","article_publisher":"https:\/\/www.facebook.com\/swimchannel","article_published_time":"2016-09-19T19:38:48+00:00","article_modified_time":"2016-11-24T17:33:03+00:00","og_image":[{"width":2362,"height":1575,"url":"https:\/\/swimchannel.net\/br\/wp-content\/uploads\/2016\/09\/A71Q8214.jpg","type":"image\/jpeg"}],"author":"Guilherme Freitas","twitter_card":"summary_large_image","twitter_misc":{"Escrito por":"Guilherme Freitas","Est. tempo de leitura":"2 minutos"},"schema":{"@context":"https:\/\/schema.org","@graph":[{"@type":"Article","@id":"https:\/\/swimchannel.net\/br\/os-recordistas-do-raia-rapida\/#article","isPartOf":{"@id":"https:\/\/swimchannel.net\/br\/os-recordistas-do-raia-rapida\/"},"author":{"name":"Guilherme Freitas","@id":"https:\/\/swimchannel.net\/br\/#\/schema\/person\/aa2a63bab3275f53749a83276b213c48"},"headline":"Os recordistas do Raia R\u00e1pida","datePublished":"2016-09-19T19:38:48+00:00","dateModified":"2016-11-24T17:33:03+00:00","mainEntityOfPage":{"@id":"https:\/\/swimchannel.net\/br\/os-recordistas-do-raia-rapida\/"},"wordCount":411,"commentCount":0,"publisher":{"@id":"https:\/\/swimchannel.net\/br\/#organization"},"image":{"@id":"https:\/\/swimchannel.net\/br\/os-recordistas-do-raia-rapida\/#primaryimage"},"thumbnailUrl":"https:\/\/swimchannel.net\/br\/wp-content\/uploads\/2016\/09\/A71Q8214.jpg","keywords":["natacao","Olympic Aquatica Stadium","Raia R\u00e1pida","recordes"],"articleSection":["Desafio Raia R\u00e1pida"],"inLanguage":"pt-BR","potentialAction":[{"@type":"CommentAction","name":"Comment","target":["https:\/\/swimchannel.net\/br\/os-recordistas-do-raia-rapida\/#respond"]}]},{"@type":"WebPage","@id":"https:\/\/swimchannel.net\/br\/os-recordistas-do-raia-rapida\/","url":"https:\/\/swimchannel.net\/br\/os-recordistas-do-raia-rapida\/","name":"Os recordistas do Raia R\u00e1pida - Swimchannel","isPartOf":{"@id":"https:\/\/swimchannel.net\/br\/#website"},"primaryImageOfPage":{"@id":"https:\/\/swimchannel.net\/br\/os-recordistas-do-raia-rapida\/#primaryimage"},"image":{"@id":"https:\/\/swimchannel.net\/br\/os-recordistas-do-raia-rapida\/#primaryimage"},"thumbnailUrl":"https:\/\/swimchannel.net\/br\/wp-content\/uploads\/2016\/09\/A71Q8214.jpg","datePublished":"2016-09-19T19:38:48+00:00","dateModified":"2016-11-24T17:33:03+00:00","breadcrumb":{"@id":"https:\/\/swimchannel.net\/br\/os-recordistas-do-raia-rapida\/#breadcrumb"},"inLanguage":"pt-BR","potentialAction":[{"@type":"ReadAction","target":["https:\/\/swimchannel.net\/br\/os-recordistas-do-raia-rapida\/"]}]},{"@type":"ImageObject","inLanguage":"pt-BR","@id":"https:\/\/swimchannel.net\/br\/os-recordistas-do-raia-rapida\/#primaryimage","url":"https:\/\/swimchannel.net\/br\/wp-content\/uploads\/2016\/09\/A71Q8214.jpg","contentUrl":"https:\/\/swimchannel.net\/br\/wp-content\/uploads\/2016\/09\/A71Q8214.jpg","width":2362,"height":1575,"caption":"Nicholas Santos literalmente voou nos 50m borboleta - Foto: Satiro Sodre\/SSPress."},{"@type":"BreadcrumbList","@id":"https:\/\/swimchannel.net\/br\/os-recordistas-do-raia-rapida\/#breadcrumb","itemListElement":[{"@type":"ListItem","position":1,"name":"Home","item":"https:\/\/swimchannel.net\/br\/"},{"@type":"ListItem","position":2,"name":"Os recordistas do Raia R\u00e1pida"}]},{"@type":"WebSite","@id":"https:\/\/swimchannel.net\/br\/#website","url":"https:\/\/swimchannel.net\/br\/","name":"Swimchannel","description":"Maior portal de nata\u00e7\u00e3o da america latina","publisher":{"@id":"https:\/\/swimchannel.net\/br\/#organization"},"potentialAction":[{"@type":"SearchAction","target":{"@type":"EntryPoint","urlTemplate":"https:\/\/swimchannel.net\/br\/?s={search_term_string}"},"query-input":{"@type":"PropertyValueSpecification","valueRequired":true,"valueName":"search_term_string"}}],"inLanguage":"pt-BR"},{"@type":"Organization","@id":"https:\/\/swimchannel.net\/br\/#organization","name":"Swimchannel - Conectando voc\u00ea a Nata\u00e7\u00e3o","url":"https:\/\/swimchannel.net\/br\/","logo":{"@type":"ImageObject","inLanguage":"pt-BR","@id":"https:\/\/swimchannel.net\/br\/#\/schema\/logo\/image\/","url":"https:\/\/swimchannel.net\/br\/wp-content\/uploads\/2026\/02\/SWIM-CHANNEL.png","contentUrl":"https:\/\/swimchannel.net\/br\/wp-content\/uploads\/2026\/02\/SWIM-CHANNEL.png","width":1120,"height":630,"caption":"Swimchannel - Conectando voc\u00ea a Nata\u00e7\u00e3o"},"image":{"@id":"https:\/\/swimchannel.net\/br\/#\/schema\/logo\/image\/"},"sameAs":["https:\/\/www.facebook.com\/swimchannel","https:\/\/www.instagram.com\/swimchannel"]},{"@type":"Person","@id":"https:\/\/swimchannel.net\/br\/#\/schema\/person\/aa2a63bab3275f53749a83276b213c48","name":"Guilherme Freitas","image":{"@type":"ImageObject","inLanguage":"pt-BR","@id":"https:\/\/swimchannel.net\/br\/#\/schema\/person\/image\/","url":"https:\/\/swimchannel.net\/br\/wp-content\/uploads\/2025\/10\/gui22-193x180.png","contentUrl":"https:\/\/swimchannel.net\/br\/wp-content\/uploads\/2025\/10\/gui22-193x180.png","caption":"Guilherme Freitas"},"description":"Jornalista s\u00eanior da SWIM CHANNEL, ex-correspondente da FINA no Brasil e pesquisador acad\u00eamico.","sameAs":["instagram.com\/guifreitas86"],"url":"https:\/\/swimchannel.net\/br\/author\/guilherme-freitas\/"}]}},"_links":{"self":[{"href":"https:\/\/swimchannel.net\/br\/wp-json\/wp\/v2\/posts\/1923","targetHints":{"allow":["GET"]}}],"collection":[{"href":"https:\/\/swimchannel.net\/br\/wp-json\/wp\/v2\/posts"}],"about":[{"href":"https:\/\/swimchannel.net\/br\/wp-json\/wp\/v2\/types\/post"}],"author":[{"embeddable":true,"href":"https:\/\/swimchannel.net\/br\/wp-json\/wp\/v2\/users\/3"}],"replies":[{"embeddable":true,"href":"https:\/\/swimchannel.net\/br\/wp-json\/wp\/v2\/comments?post=1923"}],"version-history":[{"count":0,"href":"https:\/\/swimchannel.net\/br\/wp-json\/wp\/v2\/posts\/1923\/revisions"}],"wp:featuredmedia":[{"embeddable":true,"href":"https:\/\/swimchannel.net\/br\/wp-json\/wp\/v2\/media\/1924"}],"wp:attachment":[{"href":"https:\/\/swimchannel.net\/br\/wp-json\/wp\/v2\/media?parent=1923"}],"wp:term":[{"taxonomy":"category","embeddable":true,"href":"https:\/\/swimchannel.net\/br\/wp-json\/wp\/v2\/categories?post=1923"},{"taxonomy":"post_tag","embeddable":true,"href":"https:\/\/swimchannel.net\/br\/wp-json\/wp\/v2\/tags?post=1923"}],"curies":[{"name":"wp","href":"https:\/\/api.w.org\/{rel}","templated":true}]}}