{"id":19394,"date":"2019-08-15T14:29:00","date_gmt":"2019-08-15T14:29:00","guid":{"rendered":"https:\/\/swimchannel.flywheelsites.com\/?p=19394"},"modified":"2019-08-15T16:38:19","modified_gmt":"2019-08-15T16:38:19","slug":"campeonato-mundial-junior-sera-em-budapeste-hun","status":"publish","type":"post","link":"https:\/\/swimchannel.net\/br\/campeonato-mundial-junior-sera-em-budapeste-hun\/","title":{"rendered":"Campeonato Mundial J\u00fanior ser\u00e1 em Budapeste"},"content":{"rendered":"<p>Na pr\u00f3xima ter\u00e7a-feira (20) come\u00e7a o Campeonato Mundial J\u00fanior em Budapeste, Hungria. A s\u00e9tima edi\u00e7\u00e3o do campeonato reunir\u00e1 na Duna Arena, mesmo local que foi realizado o Campeonato Mundial de Esportes Aqu\u00e1ticos de Budapeste-2017.<\/p>\n<p>A competi\u00e7\u00e3o ir\u00e1 at\u00e9 o dia 25 de agosto e ser\u00e3o 16 brasileiros na disputa, sendo eles:\u00a0Pedro Cataldi, Gustavo Saldo, Pedro Henrique Figueiredo, V\u00edtor Pinheiro, Sofia Garuffi, Eduardo Oliveira, Davi Martins, Alexia Tavares, Murilo\u00a0 Sartori, Lucas Santos, Bernardo Bondra, Brunno Tomiyama, Matheus da Silva, Pedro Muschioni, Maria Fernanda de Oliveira e Fernanda Gomes Celid\u00f4nio.\u00a0Os t\u00e9cnicos convocados do Brasil foramF\u00e1bio Cremonez, M\u00e1rcio Latuf e Tiago Moreno.<\/p>\n<p>Os atletas devem ter\u00a0idades limites\u00a0entre 14 e 17 anos para as mulheres e os homens entre 15 e 18 anos. Este ano s\u00e3o os\u00a0nascidos entre 2001 e 2004 e as nascidas entre 2002 e 2005.<\/p>\n<figure id=\"attachment_9111\" aria-describedby=\"caption-attachment-9111\" style=\"width: 1024px\" class=\"wp-caption alignnone\"><img loading=\"lazy\" decoding=\"async\" class=\"size-full wp-image-9111\" src=\"https:\/\/swimchannel.net\/br\/wp-content\/uploads\/2018\/06\/Liliane-Yoshino_FAP.jpg\" alt=\"\" width=\"1024\" height=\"682\" srcset=\"https:\/\/swimchannel.net\/br\/wp-content\/uploads\/2018\/06\/Liliane-Yoshino_FAP.jpg 1024w, https:\/\/swimchannel.net\/br\/wp-content\/uploads\/2018\/06\/Liliane-Yoshino_FAP-600x400.jpg 600w\" sizes=\"auto, (max-width: 1024px) 100vw, 1024px\" \/><figcaption id=\"caption-attachment-9111\" class=\"wp-caption-text\">O nadador Murilo Sartori &#8211; Foto: Liliane Yoshino\/FAP<\/figcaption><\/figure>\n<p>A competi\u00e7\u00e3o teve sua primeira edi\u00e7\u00e3o foi realizada em 2006 no Rio de Janeiro, tendo o Brasil um papel importante na cria\u00e7\u00e3o do evento. Na \u00e9poca o pa\u00eds foi um dos mais ativos na cria\u00e7\u00e3o de uma competi\u00e7\u00e3o internacional j\u00fanior e se colocou a disposi\u00e7\u00e3o de sediar o evento que contou com futuros campe\u00f5es ol\u00edmpicos como <a href=\"https:\/\/swimchannel.net\/br\/atleta\/mireia-belmonte\/\">Mireia Belmonte<\/a> e Tyler Clary. O campeonato, que desde 2011 \u00e9 realizado a cada dois anos, j\u00e1 passou pelas cidades de\u00a0Monterrey (MEX) em 2008, Lima (PER) em 2011, Dubai (EAU) em 2013, Cingapura (CIN) em 2015 e Indian\u00e1polis (EUA) em 2017.<\/p>\n<p>Nas seis edi\u00e7\u00f5es realizadas, a canadense Taylor Ruck \u00e9 a maior medalhista da competi\u00e7\u00e3o com o total de 13 medalhas conquistadas. Entre os homens o maior medalhista \u00e9 o americano Michael Andrew com dez.\u00a0O Brasil n\u00e3o conquistou nenhuma medalha na \u00faltima edi\u00e7\u00e3o nos Estados Unidos. Em 2015 foram quatro medalhas: Brandonn Almeida ficou com a prata nos 400m medley e o ouro nos 1500m livre, Vinicius Lanza foi prata nos 100m borboleta e Felipe Souza foi bronze nos 100m livre.<\/p>\n<p>No Campeonato Mundial J\u00fanior, muitos atletas s\u00e3o revelados. No \u00faltimo por exemplo se destacaram nomes como Kliment Kolesnikov e Kristof Milak. Outras estrelas que j\u00e1 nadaram a competi\u00e7\u00e3o e medalharam em Jogos Ol\u00edmpicos foram Florent Manaudou, <a href=\"https:\/\/swimchannel.net\/br\/atleta\/kosuke-hagino\/\">Kosuke Hagino<\/a>, Mack Horton, <a href=\"https:\/\/swimchannel.net\/br\/atleta\/caeleb-dressel\/\">Caeleb Dressel,<\/a> Camille Muffat, Bronte Campbell e Ruta Meilutyte.\u00a0Para mais informa\u00e7\u00f5es acesse o site da FINA\u00a0<a href=\"http:\/\/www.fina.org\/\">clicando aqui.<\/a><\/p>\n","protected":false},"excerpt":{"rendered":"<p>Na pr\u00f3xima ter\u00e7a-feira (20) come\u00e7a o Campeonato Mundial J\u00fanior em Budapeste, Hungria. A s\u00e9tima edi\u00e7\u00e3o do campeonato reunir\u00e1 na Duna Arena, mesmo local que foi realizado o Campeonato Mundial de Esportes Aqu\u00e1ticos de Budapeste-2017. A competi\u00e7\u00e3o ir\u00e1 at\u00e9 o dia 25 de agosto e ser\u00e3o 16 brasileiros na disputa, sendo eles:\u00a0Pedro Cataldi, Gustavo Saldo, Pedro [&hellip;]<\/p>\n","protected":false},"author":9,"featured_media":19429,"comment_status":"open","ping_status":"open","sticky":false,"template":"","format":"standard","meta":{"footnotes":""},"categories":[132],"tags":[131,1925,620,5,167],"class_list":["post-19394","post","type-post","status-publish","format-standard","has-post-thumbnail","hentry","category-campeonato-mundial-junior","tag-campeonato-mundial-junior","tag-duna-arena","tag-murilo-sartori","tag-natacao","tag-selecao-brasileira"],"yoast_head":"<!-- This site is optimized with the Yoast SEO plugin v27.0 - https:\/\/yoast.com\/product\/yoast-seo-wordpress\/ -->\n<title>Campeonato Mundial J\u00fanior ser\u00e1 em Budapeste (HUN)<\/title>\n<meta name=\"description\" content=\"Ser\u00e3o ao todo 16 nadadores brasileiros na disputa na capital h\u00fangara, que chega a sua s\u00e9tima edi\u00e7\u00e3o em 2019.\" \/>\n<meta name=\"robots\" content=\"index, follow, max-snippet:-1, max-image-preview:large, max-video-preview:-1\" \/>\n<link rel=\"canonical\" href=\"https:\/\/swimchannel.net\/br\/campeonato-mundial-junior-sera-em-budapeste-hun\/\" \/>\n<meta property=\"og:locale\" content=\"pt_BR\" \/>\n<meta property=\"og:type\" content=\"article\" \/>\n<meta property=\"og:title\" content=\"Campeonato Mundial J\u00fanior ser\u00e1 em Budapeste (HUN)\" \/>\n<meta property=\"og:description\" content=\"Ser\u00e3o ao todo 16 nadadores brasileiros na disputa na capital h\u00fangara, que chega a sua s\u00e9tima edi\u00e7\u00e3o em 2019.\" \/>\n<meta property=\"og:url\" content=\"https:\/\/swimchannel.net\/br\/campeonato-mundial-junior-sera-em-budapeste-hun\/\" \/>\n<meta property=\"og:site_name\" content=\"Swimchannel\" \/>\n<meta property=\"article:publisher\" content=\"https:\/\/www.facebook.com\/swimchannel\" \/>\n<meta property=\"article:published_time\" content=\"2019-08-15T14:29:00+00:00\" \/>\n<meta property=\"article:modified_time\" content=\"2019-08-15T16:38:19+00:00\" \/>\n<meta property=\"og:image\" content=\"https:\/\/swimchannel.net\/br\/wp-content\/uploads\/2019\/08\/budapeste-2017.jpg\" \/>\n\t<meta property=\"og:image:width\" content=\"600\" \/>\n\t<meta property=\"og:image:height\" content=\"345\" \/>\n\t<meta property=\"og:image:type\" content=\"image\/jpeg\" \/>\n<meta name=\"author\" content=\"Katarine Monteiro\" \/>\n<meta name=\"twitter:card\" content=\"summary_large_image\" \/>\n<meta name=\"twitter:creator\" content=\"@https:\/\/twitter.com\/Katarinem\" \/>\n<meta name=\"twitter:label1\" content=\"Escrito por\" \/>\n\t<meta name=\"twitter:data1\" content=\"Katarine Monteiro\" \/>\n\t<meta name=\"twitter:label2\" content=\"Est. tempo de leitura\" \/>\n\t<meta name=\"twitter:data2\" content=\"2 minutos\" \/>\n<script type=\"application\/ld+json\" class=\"yoast-schema-graph\">{\"@context\":\"https:\/\/schema.org\",\"@graph\":[{\"@type\":\"Article\",\"@id\":\"https:\/\/swimchannel.net\/br\/campeonato-mundial-junior-sera-em-budapeste-hun\/#article\",\"isPartOf\":{\"@id\":\"https:\/\/swimchannel.net\/br\/campeonato-mundial-junior-sera-em-budapeste-hun\/\"},\"author\":{\"name\":\"Katarine Monteiro\",\"@id\":\"https:\/\/swimchannel.net\/br\/#\/schema\/person\/73ae9cec62249968bca1f0a8098ef002\"},\"headline\":\"Campeonato Mundial J\u00fanior ser\u00e1 em Budapeste\",\"datePublished\":\"2019-08-15T14:29:00+00:00\",\"dateModified\":\"2019-08-15T16:38:19+00:00\",\"mainEntityOfPage\":{\"@id\":\"https:\/\/swimchannel.net\/br\/campeonato-mundial-junior-sera-em-budapeste-hun\/\"},\"wordCount\":412,\"commentCount\":0,\"publisher\":{\"@id\":\"https:\/\/swimchannel.net\/br\/#organization\"},\"image\":{\"@id\":\"https:\/\/swimchannel.net\/br\/campeonato-mundial-junior-sera-em-budapeste-hun\/#primaryimage\"},\"thumbnailUrl\":\"https:\/\/swimchannel.net\/br\/wp-content\/uploads\/2019\/08\/budapeste-2017.jpg\",\"keywords\":[\"Campeonato Mundial J\u00fanior\",\"Duna Arena\",\"Murilo Sartori\",\"natacao\",\"sele\u00e7\u00e3o brasileira\"],\"articleSection\":[\"Campeonato Mundial J\u00fanior\"],\"inLanguage\":\"pt-BR\",\"potentialAction\":[{\"@type\":\"CommentAction\",\"name\":\"Comment\",\"target\":[\"https:\/\/swimchannel.net\/br\/campeonato-mundial-junior-sera-em-budapeste-hun\/#respond\"]}]},{\"@type\":\"WebPage\",\"@id\":\"https:\/\/swimchannel.net\/br\/campeonato-mundial-junior-sera-em-budapeste-hun\/\",\"url\":\"https:\/\/swimchannel.net\/br\/campeonato-mundial-junior-sera-em-budapeste-hun\/\",\"name\":\"Campeonato Mundial J\u00fanior ser\u00e1 em Budapeste (HUN)\",\"isPartOf\":{\"@id\":\"https:\/\/swimchannel.net\/br\/#website\"},\"primaryImageOfPage\":{\"@id\":\"https:\/\/swimchannel.net\/br\/campeonato-mundial-junior-sera-em-budapeste-hun\/#primaryimage\"},\"image\":{\"@id\":\"https:\/\/swimchannel.net\/br\/campeonato-mundial-junior-sera-em-budapeste-hun\/#primaryimage\"},\"thumbnailUrl\":\"https:\/\/swimchannel.net\/br\/wp-content\/uploads\/2019\/08\/budapeste-2017.jpg\",\"datePublished\":\"2019-08-15T14:29:00+00:00\",\"dateModified\":\"2019-08-15T16:38:19+00:00\",\"description\":\"Ser\u00e3o ao todo 16 nadadores brasileiros na disputa na capital h\u00fangara, que chega a sua s\u00e9tima edi\u00e7\u00e3o em 2019.\",\"breadcrumb\":{\"@id\":\"https:\/\/swimchannel.net\/br\/campeonato-mundial-junior-sera-em-budapeste-hun\/#breadcrumb\"},\"inLanguage\":\"pt-BR\",\"potentialAction\":[{\"@type\":\"ReadAction\",\"target\":[\"https:\/\/swimchannel.net\/br\/campeonato-mundial-junior-sera-em-budapeste-hun\/\"]}]},{\"@type\":\"ImageObject\",\"inLanguage\":\"pt-BR\",\"@id\":\"https:\/\/swimchannel.net\/br\/campeonato-mundial-junior-sera-em-budapeste-hun\/#primaryimage\",\"url\":\"https:\/\/swimchannel.net\/br\/wp-content\/uploads\/2019\/08\/budapeste-2017.jpg\",\"contentUrl\":\"https:\/\/swimchannel.net\/br\/wp-content\/uploads\/2019\/08\/budapeste-2017.jpg\",\"width\":600,\"height\":345,\"caption\":\"Vista da Duna Arena em Budapeste - Foto: Reprodu\u00e7\u00e3o\"},{\"@type\":\"BreadcrumbList\",\"@id\":\"https:\/\/swimchannel.net\/br\/campeonato-mundial-junior-sera-em-budapeste-hun\/#breadcrumb\",\"itemListElement\":[{\"@type\":\"ListItem\",\"position\":1,\"name\":\"Home\",\"item\":\"https:\/\/swimchannel.net\/br\/\"},{\"@type\":\"ListItem\",\"position\":2,\"name\":\"Campeonato Mundial J\u00fanior ser\u00e1 em Budapeste\"}]},{\"@type\":\"WebSite\",\"@id\":\"https:\/\/swimchannel.net\/br\/#website\",\"url\":\"https:\/\/swimchannel.net\/br\/\",\"name\":\"Swimchannel\",\"description\":\"Maior portal de nata\u00e7\u00e3o da america latina\",\"publisher\":{\"@id\":\"https:\/\/swimchannel.net\/br\/#organization\"},\"potentialAction\":[{\"@type\":\"SearchAction\",\"target\":{\"@type\":\"EntryPoint\",\"urlTemplate\":\"https:\/\/swimchannel.net\/br\/?s={search_term_string}\"},\"query-input\":{\"@type\":\"PropertyValueSpecification\",\"valueRequired\":true,\"valueName\":\"search_term_string\"}}],\"inLanguage\":\"pt-BR\"},{\"@type\":\"Organization\",\"@id\":\"https:\/\/swimchannel.net\/br\/#organization\",\"name\":\"Swimchannel - Conectando voc\u00ea a Nata\u00e7\u00e3o\",\"url\":\"https:\/\/swimchannel.net\/br\/\",\"logo\":{\"@type\":\"ImageObject\",\"inLanguage\":\"pt-BR\",\"@id\":\"https:\/\/swimchannel.net\/br\/#\/schema\/logo\/image\/\",\"url\":\"https:\/\/swimchannel.net\/br\/wp-content\/uploads\/2026\/02\/SWIM-CHANNEL.png\",\"contentUrl\":\"https:\/\/swimchannel.net\/br\/wp-content\/uploads\/2026\/02\/SWIM-CHANNEL.png\",\"width\":1120,\"height\":630,\"caption\":\"Swimchannel - Conectando voc\u00ea a Nata\u00e7\u00e3o\"},\"image\":{\"@id\":\"https:\/\/swimchannel.net\/br\/#\/schema\/logo\/image\/\"},\"sameAs\":[\"https:\/\/www.facebook.com\/swimchannel\",\"https:\/\/www.instagram.com\/swimchannel\"]},{\"@type\":\"Person\",\"@id\":\"https:\/\/swimchannel.net\/br\/#\/schema\/person\/73ae9cec62249968bca1f0a8098ef002\",\"name\":\"Katarine Monteiro\",\"image\":{\"@type\":\"ImageObject\",\"inLanguage\":\"pt-BR\",\"@id\":\"https:\/\/swimchannel.net\/br\/#\/schema\/person\/image\/\",\"url\":\"https:\/\/swimchannel.net\/br\/wp-content\/uploads\/2022\/01\/Katarine-Monteiro-100x100.jpg\",\"contentUrl\":\"https:\/\/swimchannel.net\/br\/wp-content\/uploads\/2022\/01\/Katarine-Monteiro-100x100.jpg\",\"caption\":\"Katarine Monteiro\"},\"description\":\"Jornalista SWIM CHANNEL especializada em esportes ol\u00edmpicos e em sa\u00fade. Com cobertura de grandes eventos internacionais, como Jogos Ol\u00edmpicos Rio 2016, Jogos Pan-Americanos em Lima 2019, Qatar Total Open 2020, Qatar ExxonMobil Open 2019 - t\u00eanis em Doha (QT), Semana Internacional de Vela de Ilhabela, Transat Jacques Vabre 2019 (Fran\u00e7a-Brasil), L'\u00c9tape Brasil by Tour de France, j\u00e1 fez in\u00fameras coberturas de nata\u00e7\u00e3o, maratona aqu\u00e1tica e polo aqu\u00e1tico. Formada tamb\u00e9m em Letras, a jornalista atua como assessora de imprensa, rela\u00e7\u00f5es p\u00fablicas e social media, com especializa\u00e7\u00e3o em marketing esportivo. Nadadora amadora de \u00e1guas abertas, j\u00e1 trabalhou com grandes nomes da nata\u00e7\u00e3o e do polo aqu\u00e1tico brasileiro.\",\"sameAs\":[\"https:\/\/www.instagram.com\/_katarinemonteiro\/\",\"https:\/\/www.linkedin.com\/in\/katarine-monteiro-19385297\/\",\"https:\/\/x.com\/https:\/\/twitter.com\/Katarinem\"],\"url\":\"https:\/\/swimchannel.net\/br\/author\/katarine-monteiro\/\"}]}<\/script>\n<!-- \/ Yoast SEO plugin. -->","yoast_head_json":{"title":"Campeonato Mundial J\u00fanior ser\u00e1 em Budapeste (HUN)","description":"Ser\u00e3o ao todo 16 nadadores brasileiros na disputa na capital h\u00fangara, que chega a sua s\u00e9tima edi\u00e7\u00e3o em 2019.","robots":{"index":"index","follow":"follow","max-snippet":"max-snippet:-1","max-image-preview":"max-image-preview:large","max-video-preview":"max-video-preview:-1"},"canonical":"https:\/\/swimchannel.net\/br\/campeonato-mundial-junior-sera-em-budapeste-hun\/","og_locale":"pt_BR","og_type":"article","og_title":"Campeonato Mundial J\u00fanior ser\u00e1 em Budapeste (HUN)","og_description":"Ser\u00e3o ao todo 16 nadadores brasileiros na disputa na capital h\u00fangara, que chega a sua s\u00e9tima edi\u00e7\u00e3o em 2019.","og_url":"https:\/\/swimchannel.net\/br\/campeonato-mundial-junior-sera-em-budapeste-hun\/","og_site_name":"Swimchannel","article_publisher":"https:\/\/www.facebook.com\/swimchannel","article_published_time":"2019-08-15T14:29:00+00:00","article_modified_time":"2019-08-15T16:38:19+00:00","og_image":[{"width":600,"height":345,"url":"https:\/\/swimchannel.net\/br\/wp-content\/uploads\/2019\/08\/budapeste-2017.jpg","type":"image\/jpeg"}],"author":"Katarine Monteiro","twitter_card":"summary_large_image","twitter_creator":"@https:\/\/twitter.com\/Katarinem","twitter_misc":{"Escrito por":"Katarine Monteiro","Est. tempo de leitura":"2 minutos"},"schema":{"@context":"https:\/\/schema.org","@graph":[{"@type":"Article","@id":"https:\/\/swimchannel.net\/br\/campeonato-mundial-junior-sera-em-budapeste-hun\/#article","isPartOf":{"@id":"https:\/\/swimchannel.net\/br\/campeonato-mundial-junior-sera-em-budapeste-hun\/"},"author":{"name":"Katarine Monteiro","@id":"https:\/\/swimchannel.net\/br\/#\/schema\/person\/73ae9cec62249968bca1f0a8098ef002"},"headline":"Campeonato Mundial J\u00fanior ser\u00e1 em Budapeste","datePublished":"2019-08-15T14:29:00+00:00","dateModified":"2019-08-15T16:38:19+00:00","mainEntityOfPage":{"@id":"https:\/\/swimchannel.net\/br\/campeonato-mundial-junior-sera-em-budapeste-hun\/"},"wordCount":412,"commentCount":0,"publisher":{"@id":"https:\/\/swimchannel.net\/br\/#organization"},"image":{"@id":"https:\/\/swimchannel.net\/br\/campeonato-mundial-junior-sera-em-budapeste-hun\/#primaryimage"},"thumbnailUrl":"https:\/\/swimchannel.net\/br\/wp-content\/uploads\/2019\/08\/budapeste-2017.jpg","keywords":["Campeonato Mundial J\u00fanior","Duna Arena","Murilo Sartori","natacao","sele\u00e7\u00e3o brasileira"],"articleSection":["Campeonato Mundial J\u00fanior"],"inLanguage":"pt-BR","potentialAction":[{"@type":"CommentAction","name":"Comment","target":["https:\/\/swimchannel.net\/br\/campeonato-mundial-junior-sera-em-budapeste-hun\/#respond"]}]},{"@type":"WebPage","@id":"https:\/\/swimchannel.net\/br\/campeonato-mundial-junior-sera-em-budapeste-hun\/","url":"https:\/\/swimchannel.net\/br\/campeonato-mundial-junior-sera-em-budapeste-hun\/","name":"Campeonato Mundial J\u00fanior ser\u00e1 em Budapeste (HUN)","isPartOf":{"@id":"https:\/\/swimchannel.net\/br\/#website"},"primaryImageOfPage":{"@id":"https:\/\/swimchannel.net\/br\/campeonato-mundial-junior-sera-em-budapeste-hun\/#primaryimage"},"image":{"@id":"https:\/\/swimchannel.net\/br\/campeonato-mundial-junior-sera-em-budapeste-hun\/#primaryimage"},"thumbnailUrl":"https:\/\/swimchannel.net\/br\/wp-content\/uploads\/2019\/08\/budapeste-2017.jpg","datePublished":"2019-08-15T14:29:00+00:00","dateModified":"2019-08-15T16:38:19+00:00","description":"Ser\u00e3o ao todo 16 nadadores brasileiros na disputa na capital h\u00fangara, que chega a sua s\u00e9tima edi\u00e7\u00e3o em 2019.","breadcrumb":{"@id":"https:\/\/swimchannel.net\/br\/campeonato-mundial-junior-sera-em-budapeste-hun\/#breadcrumb"},"inLanguage":"pt-BR","potentialAction":[{"@type":"ReadAction","target":["https:\/\/swimchannel.net\/br\/campeonato-mundial-junior-sera-em-budapeste-hun\/"]}]},{"@type":"ImageObject","inLanguage":"pt-BR","@id":"https:\/\/swimchannel.net\/br\/campeonato-mundial-junior-sera-em-budapeste-hun\/#primaryimage","url":"https:\/\/swimchannel.net\/br\/wp-content\/uploads\/2019\/08\/budapeste-2017.jpg","contentUrl":"https:\/\/swimchannel.net\/br\/wp-content\/uploads\/2019\/08\/budapeste-2017.jpg","width":600,"height":345,"caption":"Vista da Duna Arena em Budapeste - Foto: Reprodu\u00e7\u00e3o"},{"@type":"BreadcrumbList","@id":"https:\/\/swimchannel.net\/br\/campeonato-mundial-junior-sera-em-budapeste-hun\/#breadcrumb","itemListElement":[{"@type":"ListItem","position":1,"name":"Home","item":"https:\/\/swimchannel.net\/br\/"},{"@type":"ListItem","position":2,"name":"Campeonato Mundial J\u00fanior ser\u00e1 em Budapeste"}]},{"@type":"WebSite","@id":"https:\/\/swimchannel.net\/br\/#website","url":"https:\/\/swimchannel.net\/br\/","name":"Swimchannel","description":"Maior portal de nata\u00e7\u00e3o da america latina","publisher":{"@id":"https:\/\/swimchannel.net\/br\/#organization"},"potentialAction":[{"@type":"SearchAction","target":{"@type":"EntryPoint","urlTemplate":"https:\/\/swimchannel.net\/br\/?s={search_term_string}"},"query-input":{"@type":"PropertyValueSpecification","valueRequired":true,"valueName":"search_term_string"}}],"inLanguage":"pt-BR"},{"@type":"Organization","@id":"https:\/\/swimchannel.net\/br\/#organization","name":"Swimchannel - Conectando voc\u00ea a Nata\u00e7\u00e3o","url":"https:\/\/swimchannel.net\/br\/","logo":{"@type":"ImageObject","inLanguage":"pt-BR","@id":"https:\/\/swimchannel.net\/br\/#\/schema\/logo\/image\/","url":"https:\/\/swimchannel.net\/br\/wp-content\/uploads\/2026\/02\/SWIM-CHANNEL.png","contentUrl":"https:\/\/swimchannel.net\/br\/wp-content\/uploads\/2026\/02\/SWIM-CHANNEL.png","width":1120,"height":630,"caption":"Swimchannel - Conectando voc\u00ea a Nata\u00e7\u00e3o"},"image":{"@id":"https:\/\/swimchannel.net\/br\/#\/schema\/logo\/image\/"},"sameAs":["https:\/\/www.facebook.com\/swimchannel","https:\/\/www.instagram.com\/swimchannel"]},{"@type":"Person","@id":"https:\/\/swimchannel.net\/br\/#\/schema\/person\/73ae9cec62249968bca1f0a8098ef002","name":"Katarine Monteiro","image":{"@type":"ImageObject","inLanguage":"pt-BR","@id":"https:\/\/swimchannel.net\/br\/#\/schema\/person\/image\/","url":"https:\/\/swimchannel.net\/br\/wp-content\/uploads\/2022\/01\/Katarine-Monteiro-100x100.jpg","contentUrl":"https:\/\/swimchannel.net\/br\/wp-content\/uploads\/2022\/01\/Katarine-Monteiro-100x100.jpg","caption":"Katarine Monteiro"},"description":"Jornalista SWIM CHANNEL especializada em esportes ol\u00edmpicos e em sa\u00fade. Com cobertura de grandes eventos internacionais, como Jogos Ol\u00edmpicos Rio 2016, Jogos Pan-Americanos em Lima 2019, Qatar Total Open 2020, Qatar ExxonMobil Open 2019 - t\u00eanis em Doha (QT), Semana Internacional de Vela de Ilhabela, Transat Jacques Vabre 2019 (Fran\u00e7a-Brasil), L'\u00c9tape Brasil by Tour de France, j\u00e1 fez in\u00fameras coberturas de nata\u00e7\u00e3o, maratona aqu\u00e1tica e polo aqu\u00e1tico. Formada tamb\u00e9m em Letras, a jornalista atua como assessora de imprensa, rela\u00e7\u00f5es p\u00fablicas e social media, com especializa\u00e7\u00e3o em marketing esportivo. Nadadora amadora de \u00e1guas abertas, j\u00e1 trabalhou com grandes nomes da nata\u00e7\u00e3o e do polo aqu\u00e1tico brasileiro.","sameAs":["https:\/\/www.instagram.com\/_katarinemonteiro\/","https:\/\/www.linkedin.com\/in\/katarine-monteiro-19385297\/","https:\/\/x.com\/https:\/\/twitter.com\/Katarinem"],"url":"https:\/\/swimchannel.net\/br\/author\/katarine-monteiro\/"}]}},"_links":{"self":[{"href":"https:\/\/swimchannel.net\/br\/wp-json\/wp\/v2\/posts\/19394","targetHints":{"allow":["GET"]}}],"collection":[{"href":"https:\/\/swimchannel.net\/br\/wp-json\/wp\/v2\/posts"}],"about":[{"href":"https:\/\/swimchannel.net\/br\/wp-json\/wp\/v2\/types\/post"}],"author":[{"embeddable":true,"href":"https:\/\/swimchannel.net\/br\/wp-json\/wp\/v2\/users\/9"}],"replies":[{"embeddable":true,"href":"https:\/\/swimchannel.net\/br\/wp-json\/wp\/v2\/comments?post=19394"}],"version-history":[{"count":0,"href":"https:\/\/swimchannel.net\/br\/wp-json\/wp\/v2\/posts\/19394\/revisions"}],"wp:featuredmedia":[{"embeddable":true,"href":"https:\/\/swimchannel.net\/br\/wp-json\/wp\/v2\/media\/19429"}],"wp:attachment":[{"href":"https:\/\/swimchannel.net\/br\/wp-json\/wp\/v2\/media?parent=19394"}],"wp:term":[{"taxonomy":"category","embeddable":true,"href":"https:\/\/swimchannel.net\/br\/wp-json\/wp\/v2\/categories?post=19394"},{"taxonomy":"post_tag","embeddable":true,"href":"https:\/\/swimchannel.net\/br\/wp-json\/wp\/v2\/tags?post=19394"}],"curies":[{"name":"wp","href":"https:\/\/api.w.org\/{rel}","templated":true}]}}