{"id":19525,"date":"2019-08-22T13:57:38","date_gmt":"2019-08-22T13:57:38","guid":{"rendered":"https:\/\/swimchannel.flywheelsites.com\/?p=19525"},"modified":"2019-08-22T16:40:10","modified_gmt":"2019-08-22T16:40:10","slug":"vai-comecar-o-parapan-de-lima-2019","status":"publish","type":"post","link":"https:\/\/swimchannel.net\/br\/vai-comecar-o-parapan-de-lima-2019\/","title":{"rendered":"Vai come\u00e7ar o Parapan de Lima-2019"},"content":{"rendered":"<p>Os Jogos Parapan-Americanos 2019 come\u00e7am na pr\u00f3xima sexta-feira (23) em Lima, no Peru. O evento, que ir\u00e1 at\u00e9 o dia 1\u00ba de setembro, re\u00fane 337 atletas brasileiros, entre atletas-guias, calheiros, goleiros e pilotos, que n\u00e3o possuem defici\u00eancia, de 23 estados e do Distrito Federal em 17 modalidades.<\/p>\n<p>As 17 modalidades em disputa s\u00e3o atletismo, basquete em cadeira de rodas, bocha, ciclismo, futebol de 5, futebol de 7, goalball, halterofilismo, jud\u00f4, nata\u00e7\u00e3o, r\u00fagbi em cadeira de rodas, parabadminton, parataekwondo, t\u00eanis de mesa, t\u00eanis em cadeira de rodas, tiro esportivo e v\u00f4lei sentado.<\/p>\n<p>A nata\u00e7\u00e3o come\u00e7ar\u00e1 no domingo (25) e terminar\u00e1 no s\u00e1bado (31). Entre os 40 nadadores brasileiros o destaque \u00e9 o multicampe\u00e3o Daniel Dias, que ir\u00e1 para a\u00a0sua quarta participa\u00e7\u00e3o em Jogos Parapan-Americanos: Rio-2007, Guadalajara-2011, Toronto 2015 e agora Lima-2019.<\/p>\n<figure id=\"attachment_263\" aria-describedby=\"caption-attachment-263\" style=\"width: 2048px\" class=\"wp-caption alignnone\"><img loading=\"lazy\" decoding=\"async\" class=\"size-full wp-image-263\" src=\"https:\/\/swimchannel.net\/br\/wp-content\/uploads\/2015\/08\/20562653591_002ddf2ab5_k1.jpg\" alt=\"\" width=\"2048\" height=\"1365\" srcset=\"https:\/\/swimchannel.net\/br\/wp-content\/uploads\/2015\/08\/20562653591_002ddf2ab5_k1.jpg 2048w, https:\/\/swimchannel.net\/br\/wp-content\/uploads\/2015\/08\/20562653591_002ddf2ab5_k1-600x400.jpg 600w, https:\/\/swimchannel.net\/br\/wp-content\/uploads\/2015\/08\/20562653591_002ddf2ab5_k1-300x200.jpg 300w, https:\/\/swimchannel.net\/br\/wp-content\/uploads\/2015\/08\/20562653591_002ddf2ab5_k1-768x512.jpg 768w, https:\/\/swimchannel.net\/br\/wp-content\/uploads\/2015\/08\/20562653591_002ddf2ab5_k1-1024x683.jpg 1024w\" sizes=\"auto, (max-width: 2048px) 100vw, 2048px\" \/><figcaption id=\"caption-attachment-263\" class=\"wp-caption-text\">Daniel Dias posa com um de seus ouros em Toronto \u2013 Foto: Daniel Zappe\/MPIX\/CPB<\/figcaption><\/figure>\n<div class=\"detalhe-texto \">\n<div class=\"texto\">\n<p>\u201cVou disputar sete provas no total. N\u00e3o \u00e9 o maior n\u00famero que j\u00e1 disputei, uma vez que em Guadalajara-2011 eu nadei 11, mas ainda \u00e9 uma competi\u00e7\u00e3o puxada. Como j\u00e1 sab\u00edamos que o formato do evento \u00e9 esse e o volume de provas individuais e revezamentos \u00e9 esse, tra\u00e7amos as estrat\u00e9gias de treinamento no ciclo de acordo\u201d, disse o atleta que \u00e9 dono de 27 medalhas de ouro em Parapans.<\/p>\n<p>\u201cA expectativa para uma competi\u00e7\u00e3o internacional \u00e9 sempre grande e para o Parapan de Lima n\u00e3o \u00e9 diferente, mesmo sendo a minha quarta participa\u00e7\u00e3o. Estou no melhor de minha forma f\u00edsica e empenhado na parte t\u00e9cnica\u201d, completou o nadador que\u00a0nadar\u00e1 sete provas, sendo cinco individuais: 50m, 100m e 200m livre, 50m costas, 50m borboleta e mais dois revezamentos 4x50m livre 20pontos e 4x50m medley 20 pontos.<\/p>\n<p>Os Jogos Parapan-Americanos de Lima 2019 ter\u00e3o transmiss\u00e3o pelos canais SporTV. Est\u00e3o previstas cerca de 80 horas de cobertura do maior evento de esporte adaptado do continente.\u00a0Para mais informa\u00e7\u00f5es e resultados em tempo real\u00a0<a href=\"https:\/\/www.lima2019.pe\/resultados\" target=\"_blank\" rel=\"noopener\">clique aqui.<\/a><\/p>\n<\/div>\n<\/div>\n","protected":false},"excerpt":{"rendered":"<p>Os Jogos Parapan-Americanos 2019 come\u00e7am na pr\u00f3xima sexta-feira (23) em Lima, no Peru. O evento, que ir\u00e1 at\u00e9 o dia 1\u00ba de setembro, re\u00fane 337 atletas brasileiros, entre atletas-guias, calheiros, goleiros e pilotos, que n\u00e3o possuem defici\u00eancia, de 23 estados e do Distrito Federal em 17 modalidades. As 17 modalidades em disputa s\u00e3o atletismo, basquete [&hellip;]<\/p>\n","protected":false},"author":9,"featured_media":19534,"comment_status":"open","ping_status":"open","sticky":false,"template":"","format":"standard","meta":{"footnotes":""},"categories":[56],"tags":[9,125,5,1936],"class_list":["post-19525","post","type-post","status-publish","format-standard","has-post-thumbnail","hentry","category-natacao-paralimpica","tag-daniel-dias","tag-jogos-parapan-americanos","tag-natacao","tag-paranatacao"],"yoast_head":"<!-- This site is optimized with the Yoast SEO plugin v27.0 - https:\/\/yoast.com\/product\/yoast-seo-wordpress\/ -->\n<title>Vai come\u00e7ar o Parapan de Lima-2019<\/title>\n<meta name=\"description\" content=\"As provas de nata\u00e7\u00e3o come\u00e7am no pr\u00f3ximo domingo (25) e contar\u00e3o com 40 atletas brasileiros, entre eles Daniel Dias\" \/>\n<meta name=\"robots\" content=\"index, follow, max-snippet:-1, max-image-preview:large, max-video-preview:-1\" \/>\n<link rel=\"canonical\" href=\"https:\/\/swimchannel.net\/br\/vai-comecar-o-parapan-de-lima-2019\/\" \/>\n<meta property=\"og:locale\" content=\"pt_BR\" \/>\n<meta property=\"og:type\" content=\"article\" \/>\n<meta property=\"og:title\" content=\"Vai come\u00e7ar o Parapan de Lima-2019\" \/>\n<meta property=\"og:description\" content=\"As provas de nata\u00e7\u00e3o come\u00e7am no pr\u00f3ximo domingo (25) e contar\u00e3o com 40 atletas brasileiros, entre eles Daniel Dias\" \/>\n<meta property=\"og:url\" content=\"https:\/\/swimchannel.net\/br\/vai-comecar-o-parapan-de-lima-2019\/\" \/>\n<meta property=\"og:site_name\" content=\"Swimchannel\" \/>\n<meta property=\"article:publisher\" content=\"https:\/\/www.facebook.com\/swimchannel\" \/>\n<meta property=\"article:published_time\" content=\"2019-08-22T13:57:38+00:00\" \/>\n<meta property=\"article:modified_time\" content=\"2019-08-22T16:40:10+00:00\" \/>\n<meta property=\"og:image\" content=\"https:\/\/swimchannel.net\/br\/wp-content\/uploads\/2019\/08\/bad6ffba98b24c0696148c5f68693ac9.jpg\" \/>\n\t<meta property=\"og:image:width\" content=\"1011\" \/>\n\t<meta property=\"og:image:height\" content=\"571\" \/>\n\t<meta property=\"og:image:type\" content=\"image\/jpeg\" \/>\n<meta name=\"author\" content=\"Katarine Monteiro\" \/>\n<meta name=\"twitter:card\" content=\"summary_large_image\" \/>\n<meta name=\"twitter:creator\" content=\"@https:\/\/twitter.com\/Katarinem\" \/>\n<meta name=\"twitter:label1\" content=\"Escrito por\" \/>\n\t<meta name=\"twitter:data1\" content=\"Katarine Monteiro\" \/>\n\t<meta name=\"twitter:label2\" content=\"Est. tempo de leitura\" \/>\n\t<meta name=\"twitter:data2\" content=\"2 minutos\" \/>\n<script type=\"application\/ld+json\" class=\"yoast-schema-graph\">{\"@context\":\"https:\/\/schema.org\",\"@graph\":[{\"@type\":\"Article\",\"@id\":\"https:\/\/swimchannel.net\/br\/vai-comecar-o-parapan-de-lima-2019\/#article\",\"isPartOf\":{\"@id\":\"https:\/\/swimchannel.net\/br\/vai-comecar-o-parapan-de-lima-2019\/\"},\"author\":{\"name\":\"Katarine Monteiro\",\"@id\":\"https:\/\/swimchannel.net\/br\/#\/schema\/person\/73ae9cec62249968bca1f0a8098ef002\"},\"headline\":\"Vai come\u00e7ar o Parapan de Lima-2019\",\"datePublished\":\"2019-08-22T13:57:38+00:00\",\"dateModified\":\"2019-08-22T16:40:10+00:00\",\"mainEntityOfPage\":{\"@id\":\"https:\/\/swimchannel.net\/br\/vai-comecar-o-parapan-de-lima-2019\/\"},\"wordCount\":341,\"commentCount\":0,\"publisher\":{\"@id\":\"https:\/\/swimchannel.net\/br\/#organization\"},\"image\":{\"@id\":\"https:\/\/swimchannel.net\/br\/vai-comecar-o-parapan-de-lima-2019\/#primaryimage\"},\"thumbnailUrl\":\"https:\/\/swimchannel.net\/br\/wp-content\/uploads\/2019\/08\/bad6ffba98b24c0696148c5f68693ac9.jpg\",\"keywords\":[\"Daniel Dias\",\"Jogos ParaPan-Americanos\",\"natacao\",\"paranata\u00e7\u00e3o\"],\"articleSection\":[\"Nata\u00e7\u00e3o Paral\u00edmpica\"],\"inLanguage\":\"pt-BR\",\"potentialAction\":[{\"@type\":\"CommentAction\",\"name\":\"Comment\",\"target\":[\"https:\/\/swimchannel.net\/br\/vai-comecar-o-parapan-de-lima-2019\/#respond\"]}]},{\"@type\":\"WebPage\",\"@id\":\"https:\/\/swimchannel.net\/br\/vai-comecar-o-parapan-de-lima-2019\/\",\"url\":\"https:\/\/swimchannel.net\/br\/vai-comecar-o-parapan-de-lima-2019\/\",\"name\":\"Vai come\u00e7ar o Parapan de Lima-2019\",\"isPartOf\":{\"@id\":\"https:\/\/swimchannel.net\/br\/#website\"},\"primaryImageOfPage\":{\"@id\":\"https:\/\/swimchannel.net\/br\/vai-comecar-o-parapan-de-lima-2019\/#primaryimage\"},\"image\":{\"@id\":\"https:\/\/swimchannel.net\/br\/vai-comecar-o-parapan-de-lima-2019\/#primaryimage\"},\"thumbnailUrl\":\"https:\/\/swimchannel.net\/br\/wp-content\/uploads\/2019\/08\/bad6ffba98b24c0696148c5f68693ac9.jpg\",\"datePublished\":\"2019-08-22T13:57:38+00:00\",\"dateModified\":\"2019-08-22T16:40:10+00:00\",\"description\":\"As provas de nata\u00e7\u00e3o come\u00e7am no pr\u00f3ximo domingo (25) e contar\u00e3o com 40 atletas brasileiros, entre eles Daniel Dias\",\"breadcrumb\":{\"@id\":\"https:\/\/swimchannel.net\/br\/vai-comecar-o-parapan-de-lima-2019\/#breadcrumb\"},\"inLanguage\":\"pt-BR\",\"potentialAction\":[{\"@type\":\"ReadAction\",\"target\":[\"https:\/\/swimchannel.net\/br\/vai-comecar-o-parapan-de-lima-2019\/\"]}]},{\"@type\":\"ImageObject\",\"inLanguage\":\"pt-BR\",\"@id\":\"https:\/\/swimchannel.net\/br\/vai-comecar-o-parapan-de-lima-2019\/#primaryimage\",\"url\":\"https:\/\/swimchannel.net\/br\/wp-content\/uploads\/2019\/08\/bad6ffba98b24c0696148c5f68693ac9.jpg\",\"contentUrl\":\"https:\/\/swimchannel.net\/br\/wp-content\/uploads\/2019\/08\/bad6ffba98b24c0696148c5f68693ac9.jpg\",\"width\":1011,\"height\":571,\"caption\":\"Daniel Dias - Foto: Al\u00ea Cabral\/CPB\"},{\"@type\":\"BreadcrumbList\",\"@id\":\"https:\/\/swimchannel.net\/br\/vai-comecar-o-parapan-de-lima-2019\/#breadcrumb\",\"itemListElement\":[{\"@type\":\"ListItem\",\"position\":1,\"name\":\"Home\",\"item\":\"https:\/\/swimchannel.net\/br\/\"},{\"@type\":\"ListItem\",\"position\":2,\"name\":\"Vai come\u00e7ar o Parapan de Lima-2019\"}]},{\"@type\":\"WebSite\",\"@id\":\"https:\/\/swimchannel.net\/br\/#website\",\"url\":\"https:\/\/swimchannel.net\/br\/\",\"name\":\"Swimchannel\",\"description\":\"Maior portal de nata\u00e7\u00e3o da america latina\",\"publisher\":{\"@id\":\"https:\/\/swimchannel.net\/br\/#organization\"},\"potentialAction\":[{\"@type\":\"SearchAction\",\"target\":{\"@type\":\"EntryPoint\",\"urlTemplate\":\"https:\/\/swimchannel.net\/br\/?s={search_term_string}\"},\"query-input\":{\"@type\":\"PropertyValueSpecification\",\"valueRequired\":true,\"valueName\":\"search_term_string\"}}],\"inLanguage\":\"pt-BR\"},{\"@type\":\"Organization\",\"@id\":\"https:\/\/swimchannel.net\/br\/#organization\",\"name\":\"Swimchannel - Conectando voc\u00ea a Nata\u00e7\u00e3o\",\"url\":\"https:\/\/swimchannel.net\/br\/\",\"logo\":{\"@type\":\"ImageObject\",\"inLanguage\":\"pt-BR\",\"@id\":\"https:\/\/swimchannel.net\/br\/#\/schema\/logo\/image\/\",\"url\":\"https:\/\/swimchannel.net\/br\/wp-content\/uploads\/2026\/02\/SWIM-CHANNEL.png\",\"contentUrl\":\"https:\/\/swimchannel.net\/br\/wp-content\/uploads\/2026\/02\/SWIM-CHANNEL.png\",\"width\":1120,\"height\":630,\"caption\":\"Swimchannel - Conectando voc\u00ea a Nata\u00e7\u00e3o\"},\"image\":{\"@id\":\"https:\/\/swimchannel.net\/br\/#\/schema\/logo\/image\/\"},\"sameAs\":[\"https:\/\/www.facebook.com\/swimchannel\",\"https:\/\/www.instagram.com\/swimchannel\"]},{\"@type\":\"Person\",\"@id\":\"https:\/\/swimchannel.net\/br\/#\/schema\/person\/73ae9cec62249968bca1f0a8098ef002\",\"name\":\"Katarine Monteiro\",\"image\":{\"@type\":\"ImageObject\",\"inLanguage\":\"pt-BR\",\"@id\":\"https:\/\/swimchannel.net\/br\/#\/schema\/person\/image\/\",\"url\":\"https:\/\/swimchannel.net\/br\/wp-content\/uploads\/2022\/01\/Katarine-Monteiro-100x100.jpg\",\"contentUrl\":\"https:\/\/swimchannel.net\/br\/wp-content\/uploads\/2022\/01\/Katarine-Monteiro-100x100.jpg\",\"caption\":\"Katarine Monteiro\"},\"description\":\"Jornalista SWIM CHANNEL especializada em esportes ol\u00edmpicos e em sa\u00fade. Com cobertura de grandes eventos internacionais, como Jogos Ol\u00edmpicos Rio 2016, Jogos Pan-Americanos em Lima 2019, Qatar Total Open 2020, Qatar ExxonMobil Open 2019 - t\u00eanis em Doha (QT), Semana Internacional de Vela de Ilhabela, Transat Jacques Vabre 2019 (Fran\u00e7a-Brasil), L'\u00c9tape Brasil by Tour de France, j\u00e1 fez in\u00fameras coberturas de nata\u00e7\u00e3o, maratona aqu\u00e1tica e polo aqu\u00e1tico. Formada tamb\u00e9m em Letras, a jornalista atua como assessora de imprensa, rela\u00e7\u00f5es p\u00fablicas e social media, com especializa\u00e7\u00e3o em marketing esportivo. Nadadora amadora de \u00e1guas abertas, j\u00e1 trabalhou com grandes nomes da nata\u00e7\u00e3o e do polo aqu\u00e1tico brasileiro.\",\"sameAs\":[\"https:\/\/www.instagram.com\/_katarinemonteiro\/\",\"https:\/\/www.linkedin.com\/in\/katarine-monteiro-19385297\/\",\"https:\/\/x.com\/https:\/\/twitter.com\/Katarinem\"],\"url\":\"https:\/\/swimchannel.net\/br\/author\/katarine-monteiro\/\"}]}<\/script>\n<!-- \/ Yoast SEO plugin. -->","yoast_head_json":{"title":"Vai come\u00e7ar o Parapan de Lima-2019","description":"As provas de nata\u00e7\u00e3o come\u00e7am no pr\u00f3ximo domingo (25) e contar\u00e3o com 40 atletas brasileiros, entre eles Daniel Dias","robots":{"index":"index","follow":"follow","max-snippet":"max-snippet:-1","max-image-preview":"max-image-preview:large","max-video-preview":"max-video-preview:-1"},"canonical":"https:\/\/swimchannel.net\/br\/vai-comecar-o-parapan-de-lima-2019\/","og_locale":"pt_BR","og_type":"article","og_title":"Vai come\u00e7ar o Parapan de Lima-2019","og_description":"As provas de nata\u00e7\u00e3o come\u00e7am no pr\u00f3ximo domingo (25) e contar\u00e3o com 40 atletas brasileiros, entre eles Daniel Dias","og_url":"https:\/\/swimchannel.net\/br\/vai-comecar-o-parapan-de-lima-2019\/","og_site_name":"Swimchannel","article_publisher":"https:\/\/www.facebook.com\/swimchannel","article_published_time":"2019-08-22T13:57:38+00:00","article_modified_time":"2019-08-22T16:40:10+00:00","og_image":[{"width":1011,"height":571,"url":"https:\/\/swimchannel.net\/br\/wp-content\/uploads\/2019\/08\/bad6ffba98b24c0696148c5f68693ac9.jpg","type":"image\/jpeg"}],"author":"Katarine Monteiro","twitter_card":"summary_large_image","twitter_creator":"@https:\/\/twitter.com\/Katarinem","twitter_misc":{"Escrito por":"Katarine Monteiro","Est. tempo de leitura":"2 minutos"},"schema":{"@context":"https:\/\/schema.org","@graph":[{"@type":"Article","@id":"https:\/\/swimchannel.net\/br\/vai-comecar-o-parapan-de-lima-2019\/#article","isPartOf":{"@id":"https:\/\/swimchannel.net\/br\/vai-comecar-o-parapan-de-lima-2019\/"},"author":{"name":"Katarine Monteiro","@id":"https:\/\/swimchannel.net\/br\/#\/schema\/person\/73ae9cec62249968bca1f0a8098ef002"},"headline":"Vai come\u00e7ar o Parapan de Lima-2019","datePublished":"2019-08-22T13:57:38+00:00","dateModified":"2019-08-22T16:40:10+00:00","mainEntityOfPage":{"@id":"https:\/\/swimchannel.net\/br\/vai-comecar-o-parapan-de-lima-2019\/"},"wordCount":341,"commentCount":0,"publisher":{"@id":"https:\/\/swimchannel.net\/br\/#organization"},"image":{"@id":"https:\/\/swimchannel.net\/br\/vai-comecar-o-parapan-de-lima-2019\/#primaryimage"},"thumbnailUrl":"https:\/\/swimchannel.net\/br\/wp-content\/uploads\/2019\/08\/bad6ffba98b24c0696148c5f68693ac9.jpg","keywords":["Daniel Dias","Jogos ParaPan-Americanos","natacao","paranata\u00e7\u00e3o"],"articleSection":["Nata\u00e7\u00e3o Paral\u00edmpica"],"inLanguage":"pt-BR","potentialAction":[{"@type":"CommentAction","name":"Comment","target":["https:\/\/swimchannel.net\/br\/vai-comecar-o-parapan-de-lima-2019\/#respond"]}]},{"@type":"WebPage","@id":"https:\/\/swimchannel.net\/br\/vai-comecar-o-parapan-de-lima-2019\/","url":"https:\/\/swimchannel.net\/br\/vai-comecar-o-parapan-de-lima-2019\/","name":"Vai come\u00e7ar o Parapan de Lima-2019","isPartOf":{"@id":"https:\/\/swimchannel.net\/br\/#website"},"primaryImageOfPage":{"@id":"https:\/\/swimchannel.net\/br\/vai-comecar-o-parapan-de-lima-2019\/#primaryimage"},"image":{"@id":"https:\/\/swimchannel.net\/br\/vai-comecar-o-parapan-de-lima-2019\/#primaryimage"},"thumbnailUrl":"https:\/\/swimchannel.net\/br\/wp-content\/uploads\/2019\/08\/bad6ffba98b24c0696148c5f68693ac9.jpg","datePublished":"2019-08-22T13:57:38+00:00","dateModified":"2019-08-22T16:40:10+00:00","description":"As provas de nata\u00e7\u00e3o come\u00e7am no pr\u00f3ximo domingo (25) e contar\u00e3o com 40 atletas brasileiros, entre eles Daniel Dias","breadcrumb":{"@id":"https:\/\/swimchannel.net\/br\/vai-comecar-o-parapan-de-lima-2019\/#breadcrumb"},"inLanguage":"pt-BR","potentialAction":[{"@type":"ReadAction","target":["https:\/\/swimchannel.net\/br\/vai-comecar-o-parapan-de-lima-2019\/"]}]},{"@type":"ImageObject","inLanguage":"pt-BR","@id":"https:\/\/swimchannel.net\/br\/vai-comecar-o-parapan-de-lima-2019\/#primaryimage","url":"https:\/\/swimchannel.net\/br\/wp-content\/uploads\/2019\/08\/bad6ffba98b24c0696148c5f68693ac9.jpg","contentUrl":"https:\/\/swimchannel.net\/br\/wp-content\/uploads\/2019\/08\/bad6ffba98b24c0696148c5f68693ac9.jpg","width":1011,"height":571,"caption":"Daniel Dias - Foto: Al\u00ea Cabral\/CPB"},{"@type":"BreadcrumbList","@id":"https:\/\/swimchannel.net\/br\/vai-comecar-o-parapan-de-lima-2019\/#breadcrumb","itemListElement":[{"@type":"ListItem","position":1,"name":"Home","item":"https:\/\/swimchannel.net\/br\/"},{"@type":"ListItem","position":2,"name":"Vai come\u00e7ar o Parapan de Lima-2019"}]},{"@type":"WebSite","@id":"https:\/\/swimchannel.net\/br\/#website","url":"https:\/\/swimchannel.net\/br\/","name":"Swimchannel","description":"Maior portal de nata\u00e7\u00e3o da america latina","publisher":{"@id":"https:\/\/swimchannel.net\/br\/#organization"},"potentialAction":[{"@type":"SearchAction","target":{"@type":"EntryPoint","urlTemplate":"https:\/\/swimchannel.net\/br\/?s={search_term_string}"},"query-input":{"@type":"PropertyValueSpecification","valueRequired":true,"valueName":"search_term_string"}}],"inLanguage":"pt-BR"},{"@type":"Organization","@id":"https:\/\/swimchannel.net\/br\/#organization","name":"Swimchannel - Conectando voc\u00ea a Nata\u00e7\u00e3o","url":"https:\/\/swimchannel.net\/br\/","logo":{"@type":"ImageObject","inLanguage":"pt-BR","@id":"https:\/\/swimchannel.net\/br\/#\/schema\/logo\/image\/","url":"https:\/\/swimchannel.net\/br\/wp-content\/uploads\/2026\/02\/SWIM-CHANNEL.png","contentUrl":"https:\/\/swimchannel.net\/br\/wp-content\/uploads\/2026\/02\/SWIM-CHANNEL.png","width":1120,"height":630,"caption":"Swimchannel - Conectando voc\u00ea a Nata\u00e7\u00e3o"},"image":{"@id":"https:\/\/swimchannel.net\/br\/#\/schema\/logo\/image\/"},"sameAs":["https:\/\/www.facebook.com\/swimchannel","https:\/\/www.instagram.com\/swimchannel"]},{"@type":"Person","@id":"https:\/\/swimchannel.net\/br\/#\/schema\/person\/73ae9cec62249968bca1f0a8098ef002","name":"Katarine Monteiro","image":{"@type":"ImageObject","inLanguage":"pt-BR","@id":"https:\/\/swimchannel.net\/br\/#\/schema\/person\/image\/","url":"https:\/\/swimchannel.net\/br\/wp-content\/uploads\/2022\/01\/Katarine-Monteiro-100x100.jpg","contentUrl":"https:\/\/swimchannel.net\/br\/wp-content\/uploads\/2022\/01\/Katarine-Monteiro-100x100.jpg","caption":"Katarine Monteiro"},"description":"Jornalista SWIM CHANNEL especializada em esportes ol\u00edmpicos e em sa\u00fade. Com cobertura de grandes eventos internacionais, como Jogos Ol\u00edmpicos Rio 2016, Jogos Pan-Americanos em Lima 2019, Qatar Total Open 2020, Qatar ExxonMobil Open 2019 - t\u00eanis em Doha (QT), Semana Internacional de Vela de Ilhabela, Transat Jacques Vabre 2019 (Fran\u00e7a-Brasil), L'\u00c9tape Brasil by Tour de France, j\u00e1 fez in\u00fameras coberturas de nata\u00e7\u00e3o, maratona aqu\u00e1tica e polo aqu\u00e1tico. Formada tamb\u00e9m em Letras, a jornalista atua como assessora de imprensa, rela\u00e7\u00f5es p\u00fablicas e social media, com especializa\u00e7\u00e3o em marketing esportivo. Nadadora amadora de \u00e1guas abertas, j\u00e1 trabalhou com grandes nomes da nata\u00e7\u00e3o e do polo aqu\u00e1tico brasileiro.","sameAs":["https:\/\/www.instagram.com\/_katarinemonteiro\/","https:\/\/www.linkedin.com\/in\/katarine-monteiro-19385297\/","https:\/\/x.com\/https:\/\/twitter.com\/Katarinem"],"url":"https:\/\/swimchannel.net\/br\/author\/katarine-monteiro\/"}]}},"_links":{"self":[{"href":"https:\/\/swimchannel.net\/br\/wp-json\/wp\/v2\/posts\/19525","targetHints":{"allow":["GET"]}}],"collection":[{"href":"https:\/\/swimchannel.net\/br\/wp-json\/wp\/v2\/posts"}],"about":[{"href":"https:\/\/swimchannel.net\/br\/wp-json\/wp\/v2\/types\/post"}],"author":[{"embeddable":true,"href":"https:\/\/swimchannel.net\/br\/wp-json\/wp\/v2\/users\/9"}],"replies":[{"embeddable":true,"href":"https:\/\/swimchannel.net\/br\/wp-json\/wp\/v2\/comments?post=19525"}],"version-history":[{"count":0,"href":"https:\/\/swimchannel.net\/br\/wp-json\/wp\/v2\/posts\/19525\/revisions"}],"wp:featuredmedia":[{"embeddable":true,"href":"https:\/\/swimchannel.net\/br\/wp-json\/wp\/v2\/media\/19534"}],"wp:attachment":[{"href":"https:\/\/swimchannel.net\/br\/wp-json\/wp\/v2\/media?parent=19525"}],"wp:term":[{"taxonomy":"category","embeddable":true,"href":"https:\/\/swimchannel.net\/br\/wp-json\/wp\/v2\/categories?post=19525"},{"taxonomy":"post_tag","embeddable":true,"href":"https:\/\/swimchannel.net\/br\/wp-json\/wp\/v2\/tags?post=19525"}],"curies":[{"name":"wp","href":"https:\/\/api.w.org\/{rel}","templated":true}]}}