{"id":19690,"date":"2019-09-02T16:27:35","date_gmt":"2019-09-02T16:27:35","guid":{"rendered":"https:\/\/swimchannel.flywheelsites.com\/?p=19690"},"modified":"2019-09-02T18:18:47","modified_gmt":"2019-09-02T18:18:47","slug":"trofeu-jose-finkel-2019-comeca-amanha-no-clube-curitibano","status":"publish","type":"post","link":"https:\/\/swimchannel.net\/br\/trofeu-jose-finkel-2019-comeca-amanha-no-clube-curitibano\/","title":{"rendered":"Trof\u00e9u Jos\u00e9 Finkel 2019 come\u00e7a amanh\u00e3 no Clube Curitibano"},"content":{"rendered":"<p>Amanh\u00e3 come\u00e7a no\u00a0Clube Curitibano a edi\u00e7\u00e3o 2019 do Trof\u00e9u Jos\u00e9 Finkel de Nata\u00e7\u00e3o. A competi\u00e7\u00e3o absoluta ir\u00e1 at\u00e9 o s\u00e1bado, dia 7 de setembro e a segunda principal competi\u00e7\u00e3o do calend\u00e1rio nacional.\u00a0A edi\u00e7\u00e3o deste ano ser\u00e1 realizada em piscina de 50 metros e em cinco etapas. Ao todo ser\u00e3o 247 nadadores de 39 clubes, sendo o Minas T\u00eanis Clube a maior delega\u00e7\u00e3o com 46 nadadores.<\/p>\n<p>Em n\u00fameros gerais esta \u00e9 a menor edi\u00e7\u00e3o da competi\u00e7\u00e3o nesta d\u00e9cada. S\u00e3o 66 atletas a menos em rela\u00e7\u00e3o ao campeonato do ano passado e 136 de desvantagem se compararmos com a edi\u00e7\u00e3o de 2012 que foi\u00a0 maior nos \u00faltimos dez anos com 383 participantes. Um dos motivos para o baixo n\u00famero de nadadores \u00e9 que alguns atletas, que participaram dos Jogos Pan-Americanos de Lima e do Campeonato Mundial de Esportes Aqu\u00e1ticos de Gwangju, est\u00e3o de f\u00e9rias.<\/p>\n<p>O Trof\u00e9u Jos\u00e9 Finkel 2019 ser\u00e1 ainda a seletiva \u00fanica para defini\u00e7\u00e3o da sele\u00e7\u00e3o brasileira que disputar\u00e1 entre os dias 29 de mar\u00e7o a 5 de abril do ano que vem o Campeonato Sul-Americano Absoluto em Buenos Aires. Para a convoca\u00e7\u00e3o ser\u00e3o consideradas apenas as provas ol\u00edmpicas e somente os resultados das finais. Ser\u00e3o convocados 28 nadadores, sendo 14 de cada sexo.<\/p>\n<figure id=\"attachment_16329\" aria-describedby=\"caption-attachment-16329\" style=\"width: 2362px\" class=\"wp-caption alignnone\"><img loading=\"lazy\" decoding=\"async\" class=\"size-full wp-image-16329\" src=\"https:\/\/swimchannel.net\/br\/wp-content\/uploads\/2019\/04\/s_s_3101.jpg\" alt=\"\" width=\"2362\" height=\"1575\" srcset=\"https:\/\/swimchannel.net\/br\/wp-content\/uploads\/2019\/04\/s_s_3101.jpg 2362w, https:\/\/swimchannel.net\/br\/wp-content\/uploads\/2019\/04\/s_s_3101-600x400.jpg 600w\" sizes=\"auto, (max-width: 2362px) 100vw, 2362px\" \/><figcaption id=\"caption-attachment-16329\" class=\"wp-caption-text\">Vista da piscina do Curitibano &#8211; Foto: Satiro Sodre\/SSPress<\/figcaption><\/figure>\n<p style=\"font-weight: 400;\">A competi\u00e7\u00e3o \u00e9 ap\u00f3s o Trof\u00e9u Brasil\/Maria Lenk a mais importante do calend\u00e1rio nacional sendo realizada tanto piscina longa, quanto em piscina curta. O nome do torneio\u00a0\u00e9 <a href=\"https:\/\/swimchannel.net\/br\/afinal-quem-foi-jose-finkel\/\">uma homenagem ao jovem nadador Jos\u00e9 Finkel<\/a>, morto em\u00a01971\u00a0v\u00edtima de um c\u00e2ncer.<\/p>\n<p style=\"font-weight: 400;\">A primeira edi\u00e7\u00e3o foi disputada no Centro Israelita de Curitiba em 1972 e na ocasi\u00e3o o Botafogo\u00a0terminou como campe\u00e3o. A \u00faltima edi\u00e7\u00e3o ocorreu no Esporte Clube\u00a0Pinheiros, em\u00a0S\u00e3o Paulo, no m\u00eas de em agosto do ano passado em piscina de 25 metros e foi vencida pelos donos da casa.<\/p>\n<p style=\"font-weight: 400;\">O trof\u00e9u tem hegemonia dos clubes de\u00a0Rio de Janeiro,\u00a0S\u00e3o Paulo\u00a0e\u00a0Minas Gerais. Os maiores vencedores s\u00e3o Pinheiros,\u00a0Flamengo, e\u00a0Minas TC com 15, 12, e 11 conquistas cada um respectivamente. Para quem quiser acompanhar os resultados em tempo real, as provas ter\u00e3o transmiss\u00e3o ao vivo da <a href=\"https:\/\/www.facebook.com\/ClubeCuritibano\/\" target=\"_blank\" rel=\"noopener\">p\u00e1gina do Facebook do Clube Curitibano<\/a>. O\u00a0<a href=\"https:\/\/sistema.cbdaweb.org.br\/cbdaweb\/_uploads\/piscina\/33503\/103350300000000000000000000000000000976.pdf\" target=\"_blank\" rel=\"noopener\">start list da competi\u00e7\u00e3o<\/a>. j\u00e1 foi divulgado. As eliminat\u00f3rias come\u00e7am as 9h30 e as finais a partir das 17h30.<\/p>\n","protected":false},"excerpt":{"rendered":"<p>Amanh\u00e3 come\u00e7a no\u00a0Clube Curitibano a edi\u00e7\u00e3o 2019 do Trof\u00e9u Jos\u00e9 Finkel de Nata\u00e7\u00e3o. A competi\u00e7\u00e3o absoluta ir\u00e1 at\u00e9 o s\u00e1bado, dia 7 de setembro e a segunda principal competi\u00e7\u00e3o do calend\u00e1rio nacional.\u00a0A edi\u00e7\u00e3o deste ano ser\u00e1 realizada em piscina de 50 metros e em cinco etapas. Ao todo ser\u00e3o 247 nadadores de 39 clubes, sendo [&hellip;]<\/p>\n","protected":false},"author":9,"featured_media":19697,"comment_status":"open","ping_status":"open","sticky":false,"template":"","format":"standard","meta":{"footnotes":""},"categories":[241],"tags":[194,1329,5,167,130],"class_list":["post-19690","post","type-post","status-publish","format-standard","has-post-thumbnail","hentry","category-trofeu-jose-finkel","tag-cbda","tag-clube-curitibano","tag-natacao","tag-selecao-brasileira","tag-trofeu-jose-finkel"],"yoast_head":"<!-- This site is optimized with the Yoast SEO plugin v27.0 - https:\/\/yoast.com\/product\/yoast-seo-wordpress\/ -->\n<title>Trof\u00e9u Jos\u00e9 Finkel 2019 come\u00e7a amanh\u00e3 no Clube Curitibano<\/title>\n<meta name=\"description\" content=\"Competi\u00e7\u00e3o ser\u00e1 a \u00fanica eletiva para o Campeonato Sul-Americano de 2020\" \/>\n<meta name=\"robots\" content=\"index, follow, max-snippet:-1, max-image-preview:large, max-video-preview:-1\" \/>\n<link rel=\"canonical\" href=\"https:\/\/swimchannel.net\/br\/trofeu-jose-finkel-2019-comeca-amanha-no-clube-curitibano\/\" \/>\n<meta property=\"og:locale\" content=\"pt_BR\" \/>\n<meta property=\"og:type\" content=\"article\" \/>\n<meta property=\"og:title\" content=\"Trof\u00e9u Jos\u00e9 Finkel 2019 come\u00e7a amanh\u00e3 no Clube Curitibano\" \/>\n<meta property=\"og:description\" content=\"Competi\u00e7\u00e3o ser\u00e1 a \u00fanica eletiva para o Campeonato Sul-Americano de 2020\" \/>\n<meta property=\"og:url\" content=\"https:\/\/swimchannel.net\/br\/trofeu-jose-finkel-2019-comeca-amanha-no-clube-curitibano\/\" \/>\n<meta property=\"og:site_name\" content=\"Swimchannel\" \/>\n<meta property=\"article:publisher\" content=\"https:\/\/www.facebook.com\/swimchannel\" \/>\n<meta property=\"article:published_time\" content=\"2019-09-02T16:27:35+00:00\" \/>\n<meta property=\"article:modified_time\" content=\"2019-09-02T18:18:47+00:00\" \/>\n<meta property=\"og:image\" content=\"https:\/\/swimchannel.net\/br\/wp-content\/uploads\/2019\/09\/piscina-curitibano-finkel.jpg\" \/>\n\t<meta property=\"og:image:width\" content=\"600\" \/>\n\t<meta property=\"og:image:height\" content=\"345\" \/>\n\t<meta property=\"og:image:type\" content=\"image\/jpeg\" \/>\n<meta name=\"author\" content=\"Katarine Monteiro\" \/>\n<meta name=\"twitter:card\" content=\"summary_large_image\" \/>\n<meta name=\"twitter:creator\" content=\"@https:\/\/twitter.com\/Katarinem\" \/>\n<meta name=\"twitter:label1\" content=\"Escrito por\" \/>\n\t<meta name=\"twitter:data1\" content=\"Katarine Monteiro\" \/>\n\t<meta name=\"twitter:label2\" content=\"Est. tempo de leitura\" \/>\n\t<meta name=\"twitter:data2\" content=\"2 minutos\" \/>\n<script type=\"application\/ld+json\" class=\"yoast-schema-graph\">{\"@context\":\"https:\/\/schema.org\",\"@graph\":[{\"@type\":\"Article\",\"@id\":\"https:\/\/swimchannel.net\/br\/trofeu-jose-finkel-2019-comeca-amanha-no-clube-curitibano\/#article\",\"isPartOf\":{\"@id\":\"https:\/\/swimchannel.net\/br\/trofeu-jose-finkel-2019-comeca-amanha-no-clube-curitibano\/\"},\"author\":{\"name\":\"Katarine Monteiro\",\"@id\":\"https:\/\/swimchannel.net\/br\/#\/schema\/person\/73ae9cec62249968bca1f0a8098ef002\"},\"headline\":\"Trof\u00e9u Jos\u00e9 Finkel 2019 come\u00e7a amanh\u00e3 no Clube Curitibano\",\"datePublished\":\"2019-09-02T16:27:35+00:00\",\"dateModified\":\"2019-09-02T18:18:47+00:00\",\"mainEntityOfPage\":{\"@id\":\"https:\/\/swimchannel.net\/br\/trofeu-jose-finkel-2019-comeca-amanha-no-clube-curitibano\/\"},\"wordCount\":429,\"commentCount\":0,\"publisher\":{\"@id\":\"https:\/\/swimchannel.net\/br\/#organization\"},\"image\":{\"@id\":\"https:\/\/swimchannel.net\/br\/trofeu-jose-finkel-2019-comeca-amanha-no-clube-curitibano\/#primaryimage\"},\"thumbnailUrl\":\"https:\/\/swimchannel.net\/br\/wp-content\/uploads\/2019\/09\/piscina-curitibano-finkel.jpg\",\"keywords\":[\"CBDA\",\"Clube Curitibano\",\"natacao\",\"sele\u00e7\u00e3o brasileira\",\"Trof\u00e9u Jos\u00e9 Finkel\"],\"articleSection\":[\"Trof\u00e9u Jos\u00e9 Finkel\"],\"inLanguage\":\"pt-BR\",\"potentialAction\":[{\"@type\":\"CommentAction\",\"name\":\"Comment\",\"target\":[\"https:\/\/swimchannel.net\/br\/trofeu-jose-finkel-2019-comeca-amanha-no-clube-curitibano\/#respond\"]}]},{\"@type\":\"WebPage\",\"@id\":\"https:\/\/swimchannel.net\/br\/trofeu-jose-finkel-2019-comeca-amanha-no-clube-curitibano\/\",\"url\":\"https:\/\/swimchannel.net\/br\/trofeu-jose-finkel-2019-comeca-amanha-no-clube-curitibano\/\",\"name\":\"Trof\u00e9u Jos\u00e9 Finkel 2019 come\u00e7a amanh\u00e3 no Clube Curitibano\",\"isPartOf\":{\"@id\":\"https:\/\/swimchannel.net\/br\/#website\"},\"primaryImageOfPage\":{\"@id\":\"https:\/\/swimchannel.net\/br\/trofeu-jose-finkel-2019-comeca-amanha-no-clube-curitibano\/#primaryimage\"},\"image\":{\"@id\":\"https:\/\/swimchannel.net\/br\/trofeu-jose-finkel-2019-comeca-amanha-no-clube-curitibano\/#primaryimage\"},\"thumbnailUrl\":\"https:\/\/swimchannel.net\/br\/wp-content\/uploads\/2019\/09\/piscina-curitibano-finkel.jpg\",\"datePublished\":\"2019-09-02T16:27:35+00:00\",\"dateModified\":\"2019-09-02T18:18:47+00:00\",\"description\":\"Competi\u00e7\u00e3o ser\u00e1 a \u00fanica eletiva para o Campeonato Sul-Americano de 2020\",\"breadcrumb\":{\"@id\":\"https:\/\/swimchannel.net\/br\/trofeu-jose-finkel-2019-comeca-amanha-no-clube-curitibano\/#breadcrumb\"},\"inLanguage\":\"pt-BR\",\"potentialAction\":[{\"@type\":\"ReadAction\",\"target\":[\"https:\/\/swimchannel.net\/br\/trofeu-jose-finkel-2019-comeca-amanha-no-clube-curitibano\/\"]}]},{\"@type\":\"ImageObject\",\"inLanguage\":\"pt-BR\",\"@id\":\"https:\/\/swimchannel.net\/br\/trofeu-jose-finkel-2019-comeca-amanha-no-clube-curitibano\/#primaryimage\",\"url\":\"https:\/\/swimchannel.net\/br\/wp-content\/uploads\/2019\/09\/piscina-curitibano-finkel.jpg\",\"contentUrl\":\"https:\/\/swimchannel.net\/br\/wp-content\/uploads\/2019\/09\/piscina-curitibano-finkel.jpg\",\"width\":600,\"height\":345,\"caption\":\"Clube Curitibano sedia o Finkel 2019 - Foto: Satiro Sodr\u00e9\/SSPress\"},{\"@type\":\"BreadcrumbList\",\"@id\":\"https:\/\/swimchannel.net\/br\/trofeu-jose-finkel-2019-comeca-amanha-no-clube-curitibano\/#breadcrumb\",\"itemListElement\":[{\"@type\":\"ListItem\",\"position\":1,\"name\":\"Home\",\"item\":\"https:\/\/swimchannel.net\/br\/\"},{\"@type\":\"ListItem\",\"position\":2,\"name\":\"Trof\u00e9u Jos\u00e9 Finkel 2019 come\u00e7a amanh\u00e3 no Clube Curitibano\"}]},{\"@type\":\"WebSite\",\"@id\":\"https:\/\/swimchannel.net\/br\/#website\",\"url\":\"https:\/\/swimchannel.net\/br\/\",\"name\":\"Swimchannel\",\"description\":\"Maior portal de nata\u00e7\u00e3o da america latina\",\"publisher\":{\"@id\":\"https:\/\/swimchannel.net\/br\/#organization\"},\"potentialAction\":[{\"@type\":\"SearchAction\",\"target\":{\"@type\":\"EntryPoint\",\"urlTemplate\":\"https:\/\/swimchannel.net\/br\/?s={search_term_string}\"},\"query-input\":{\"@type\":\"PropertyValueSpecification\",\"valueRequired\":true,\"valueName\":\"search_term_string\"}}],\"inLanguage\":\"pt-BR\"},{\"@type\":\"Organization\",\"@id\":\"https:\/\/swimchannel.net\/br\/#organization\",\"name\":\"Swimchannel - Conectando voc\u00ea a Nata\u00e7\u00e3o\",\"url\":\"https:\/\/swimchannel.net\/br\/\",\"logo\":{\"@type\":\"ImageObject\",\"inLanguage\":\"pt-BR\",\"@id\":\"https:\/\/swimchannel.net\/br\/#\/schema\/logo\/image\/\",\"url\":\"https:\/\/swimchannel.net\/br\/wp-content\/uploads\/2026\/02\/SWIM-CHANNEL.png\",\"contentUrl\":\"https:\/\/swimchannel.net\/br\/wp-content\/uploads\/2026\/02\/SWIM-CHANNEL.png\",\"width\":1120,\"height\":630,\"caption\":\"Swimchannel - Conectando voc\u00ea a Nata\u00e7\u00e3o\"},\"image\":{\"@id\":\"https:\/\/swimchannel.net\/br\/#\/schema\/logo\/image\/\"},\"sameAs\":[\"https:\/\/www.facebook.com\/swimchannel\",\"https:\/\/www.instagram.com\/swimchannel\"]},{\"@type\":\"Person\",\"@id\":\"https:\/\/swimchannel.net\/br\/#\/schema\/person\/73ae9cec62249968bca1f0a8098ef002\",\"name\":\"Katarine Monteiro\",\"image\":{\"@type\":\"ImageObject\",\"inLanguage\":\"pt-BR\",\"@id\":\"https:\/\/swimchannel.net\/br\/#\/schema\/person\/image\/\",\"url\":\"https:\/\/swimchannel.net\/br\/wp-content\/uploads\/2022\/01\/Katarine-Monteiro-100x100.jpg\",\"contentUrl\":\"https:\/\/swimchannel.net\/br\/wp-content\/uploads\/2022\/01\/Katarine-Monteiro-100x100.jpg\",\"caption\":\"Katarine Monteiro\"},\"description\":\"Jornalista SWIM CHANNEL especializada em esportes ol\u00edmpicos e em sa\u00fade. Com cobertura de grandes eventos internacionais, como Jogos Ol\u00edmpicos Rio 2016, Jogos Pan-Americanos em Lima 2019, Qatar Total Open 2020, Qatar ExxonMobil Open 2019 - t\u00eanis em Doha (QT), Semana Internacional de Vela de Ilhabela, Transat Jacques Vabre 2019 (Fran\u00e7a-Brasil), L'\u00c9tape Brasil by Tour de France, j\u00e1 fez in\u00fameras coberturas de nata\u00e7\u00e3o, maratona aqu\u00e1tica e polo aqu\u00e1tico. Formada tamb\u00e9m em Letras, a jornalista atua como assessora de imprensa, rela\u00e7\u00f5es p\u00fablicas e social media, com especializa\u00e7\u00e3o em marketing esportivo. Nadadora amadora de \u00e1guas abertas, j\u00e1 trabalhou com grandes nomes da nata\u00e7\u00e3o e do polo aqu\u00e1tico brasileiro.\",\"sameAs\":[\"https:\/\/www.instagram.com\/_katarinemonteiro\/\",\"https:\/\/www.linkedin.com\/in\/katarine-monteiro-19385297\/\",\"https:\/\/x.com\/https:\/\/twitter.com\/Katarinem\"],\"url\":\"https:\/\/swimchannel.net\/br\/author\/katarine-monteiro\/\"}]}<\/script>\n<!-- \/ Yoast SEO plugin. -->","yoast_head_json":{"title":"Trof\u00e9u Jos\u00e9 Finkel 2019 come\u00e7a amanh\u00e3 no Clube Curitibano","description":"Competi\u00e7\u00e3o ser\u00e1 a \u00fanica eletiva para o Campeonato Sul-Americano de 2020","robots":{"index":"index","follow":"follow","max-snippet":"max-snippet:-1","max-image-preview":"max-image-preview:large","max-video-preview":"max-video-preview:-1"},"canonical":"https:\/\/swimchannel.net\/br\/trofeu-jose-finkel-2019-comeca-amanha-no-clube-curitibano\/","og_locale":"pt_BR","og_type":"article","og_title":"Trof\u00e9u Jos\u00e9 Finkel 2019 come\u00e7a amanh\u00e3 no Clube Curitibano","og_description":"Competi\u00e7\u00e3o ser\u00e1 a \u00fanica eletiva para o Campeonato Sul-Americano de 2020","og_url":"https:\/\/swimchannel.net\/br\/trofeu-jose-finkel-2019-comeca-amanha-no-clube-curitibano\/","og_site_name":"Swimchannel","article_publisher":"https:\/\/www.facebook.com\/swimchannel","article_published_time":"2019-09-02T16:27:35+00:00","article_modified_time":"2019-09-02T18:18:47+00:00","og_image":[{"width":600,"height":345,"url":"https:\/\/swimchannel.net\/br\/wp-content\/uploads\/2019\/09\/piscina-curitibano-finkel.jpg","type":"image\/jpeg"}],"author":"Katarine Monteiro","twitter_card":"summary_large_image","twitter_creator":"@https:\/\/twitter.com\/Katarinem","twitter_misc":{"Escrito por":"Katarine Monteiro","Est. tempo de leitura":"2 minutos"},"schema":{"@context":"https:\/\/schema.org","@graph":[{"@type":"Article","@id":"https:\/\/swimchannel.net\/br\/trofeu-jose-finkel-2019-comeca-amanha-no-clube-curitibano\/#article","isPartOf":{"@id":"https:\/\/swimchannel.net\/br\/trofeu-jose-finkel-2019-comeca-amanha-no-clube-curitibano\/"},"author":{"name":"Katarine Monteiro","@id":"https:\/\/swimchannel.net\/br\/#\/schema\/person\/73ae9cec62249968bca1f0a8098ef002"},"headline":"Trof\u00e9u Jos\u00e9 Finkel 2019 come\u00e7a amanh\u00e3 no Clube Curitibano","datePublished":"2019-09-02T16:27:35+00:00","dateModified":"2019-09-02T18:18:47+00:00","mainEntityOfPage":{"@id":"https:\/\/swimchannel.net\/br\/trofeu-jose-finkel-2019-comeca-amanha-no-clube-curitibano\/"},"wordCount":429,"commentCount":0,"publisher":{"@id":"https:\/\/swimchannel.net\/br\/#organization"},"image":{"@id":"https:\/\/swimchannel.net\/br\/trofeu-jose-finkel-2019-comeca-amanha-no-clube-curitibano\/#primaryimage"},"thumbnailUrl":"https:\/\/swimchannel.net\/br\/wp-content\/uploads\/2019\/09\/piscina-curitibano-finkel.jpg","keywords":["CBDA","Clube Curitibano","natacao","sele\u00e7\u00e3o brasileira","Trof\u00e9u Jos\u00e9 Finkel"],"articleSection":["Trof\u00e9u Jos\u00e9 Finkel"],"inLanguage":"pt-BR","potentialAction":[{"@type":"CommentAction","name":"Comment","target":["https:\/\/swimchannel.net\/br\/trofeu-jose-finkel-2019-comeca-amanha-no-clube-curitibano\/#respond"]}]},{"@type":"WebPage","@id":"https:\/\/swimchannel.net\/br\/trofeu-jose-finkel-2019-comeca-amanha-no-clube-curitibano\/","url":"https:\/\/swimchannel.net\/br\/trofeu-jose-finkel-2019-comeca-amanha-no-clube-curitibano\/","name":"Trof\u00e9u Jos\u00e9 Finkel 2019 come\u00e7a amanh\u00e3 no Clube Curitibano","isPartOf":{"@id":"https:\/\/swimchannel.net\/br\/#website"},"primaryImageOfPage":{"@id":"https:\/\/swimchannel.net\/br\/trofeu-jose-finkel-2019-comeca-amanha-no-clube-curitibano\/#primaryimage"},"image":{"@id":"https:\/\/swimchannel.net\/br\/trofeu-jose-finkel-2019-comeca-amanha-no-clube-curitibano\/#primaryimage"},"thumbnailUrl":"https:\/\/swimchannel.net\/br\/wp-content\/uploads\/2019\/09\/piscina-curitibano-finkel.jpg","datePublished":"2019-09-02T16:27:35+00:00","dateModified":"2019-09-02T18:18:47+00:00","description":"Competi\u00e7\u00e3o ser\u00e1 a \u00fanica eletiva para o Campeonato Sul-Americano de 2020","breadcrumb":{"@id":"https:\/\/swimchannel.net\/br\/trofeu-jose-finkel-2019-comeca-amanha-no-clube-curitibano\/#breadcrumb"},"inLanguage":"pt-BR","potentialAction":[{"@type":"ReadAction","target":["https:\/\/swimchannel.net\/br\/trofeu-jose-finkel-2019-comeca-amanha-no-clube-curitibano\/"]}]},{"@type":"ImageObject","inLanguage":"pt-BR","@id":"https:\/\/swimchannel.net\/br\/trofeu-jose-finkel-2019-comeca-amanha-no-clube-curitibano\/#primaryimage","url":"https:\/\/swimchannel.net\/br\/wp-content\/uploads\/2019\/09\/piscina-curitibano-finkel.jpg","contentUrl":"https:\/\/swimchannel.net\/br\/wp-content\/uploads\/2019\/09\/piscina-curitibano-finkel.jpg","width":600,"height":345,"caption":"Clube Curitibano sedia o Finkel 2019 - Foto: Satiro Sodr\u00e9\/SSPress"},{"@type":"BreadcrumbList","@id":"https:\/\/swimchannel.net\/br\/trofeu-jose-finkel-2019-comeca-amanha-no-clube-curitibano\/#breadcrumb","itemListElement":[{"@type":"ListItem","position":1,"name":"Home","item":"https:\/\/swimchannel.net\/br\/"},{"@type":"ListItem","position":2,"name":"Trof\u00e9u Jos\u00e9 Finkel 2019 come\u00e7a amanh\u00e3 no Clube Curitibano"}]},{"@type":"WebSite","@id":"https:\/\/swimchannel.net\/br\/#website","url":"https:\/\/swimchannel.net\/br\/","name":"Swimchannel","description":"Maior portal de nata\u00e7\u00e3o da america latina","publisher":{"@id":"https:\/\/swimchannel.net\/br\/#organization"},"potentialAction":[{"@type":"SearchAction","target":{"@type":"EntryPoint","urlTemplate":"https:\/\/swimchannel.net\/br\/?s={search_term_string}"},"query-input":{"@type":"PropertyValueSpecification","valueRequired":true,"valueName":"search_term_string"}}],"inLanguage":"pt-BR"},{"@type":"Organization","@id":"https:\/\/swimchannel.net\/br\/#organization","name":"Swimchannel - Conectando voc\u00ea a Nata\u00e7\u00e3o","url":"https:\/\/swimchannel.net\/br\/","logo":{"@type":"ImageObject","inLanguage":"pt-BR","@id":"https:\/\/swimchannel.net\/br\/#\/schema\/logo\/image\/","url":"https:\/\/swimchannel.net\/br\/wp-content\/uploads\/2026\/02\/SWIM-CHANNEL.png","contentUrl":"https:\/\/swimchannel.net\/br\/wp-content\/uploads\/2026\/02\/SWIM-CHANNEL.png","width":1120,"height":630,"caption":"Swimchannel - Conectando voc\u00ea a Nata\u00e7\u00e3o"},"image":{"@id":"https:\/\/swimchannel.net\/br\/#\/schema\/logo\/image\/"},"sameAs":["https:\/\/www.facebook.com\/swimchannel","https:\/\/www.instagram.com\/swimchannel"]},{"@type":"Person","@id":"https:\/\/swimchannel.net\/br\/#\/schema\/person\/73ae9cec62249968bca1f0a8098ef002","name":"Katarine Monteiro","image":{"@type":"ImageObject","inLanguage":"pt-BR","@id":"https:\/\/swimchannel.net\/br\/#\/schema\/person\/image\/","url":"https:\/\/swimchannel.net\/br\/wp-content\/uploads\/2022\/01\/Katarine-Monteiro-100x100.jpg","contentUrl":"https:\/\/swimchannel.net\/br\/wp-content\/uploads\/2022\/01\/Katarine-Monteiro-100x100.jpg","caption":"Katarine Monteiro"},"description":"Jornalista SWIM CHANNEL especializada em esportes ol\u00edmpicos e em sa\u00fade. Com cobertura de grandes eventos internacionais, como Jogos Ol\u00edmpicos Rio 2016, Jogos Pan-Americanos em Lima 2019, Qatar Total Open 2020, Qatar ExxonMobil Open 2019 - t\u00eanis em Doha (QT), Semana Internacional de Vela de Ilhabela, Transat Jacques Vabre 2019 (Fran\u00e7a-Brasil), L'\u00c9tape Brasil by Tour de France, j\u00e1 fez in\u00fameras coberturas de nata\u00e7\u00e3o, maratona aqu\u00e1tica e polo aqu\u00e1tico. Formada tamb\u00e9m em Letras, a jornalista atua como assessora de imprensa, rela\u00e7\u00f5es p\u00fablicas e social media, com especializa\u00e7\u00e3o em marketing esportivo. Nadadora amadora de \u00e1guas abertas, j\u00e1 trabalhou com grandes nomes da nata\u00e7\u00e3o e do polo aqu\u00e1tico brasileiro.","sameAs":["https:\/\/www.instagram.com\/_katarinemonteiro\/","https:\/\/www.linkedin.com\/in\/katarine-monteiro-19385297\/","https:\/\/x.com\/https:\/\/twitter.com\/Katarinem"],"url":"https:\/\/swimchannel.net\/br\/author\/katarine-monteiro\/"}]}},"_links":{"self":[{"href":"https:\/\/swimchannel.net\/br\/wp-json\/wp\/v2\/posts\/19690","targetHints":{"allow":["GET"]}}],"collection":[{"href":"https:\/\/swimchannel.net\/br\/wp-json\/wp\/v2\/posts"}],"about":[{"href":"https:\/\/swimchannel.net\/br\/wp-json\/wp\/v2\/types\/post"}],"author":[{"embeddable":true,"href":"https:\/\/swimchannel.net\/br\/wp-json\/wp\/v2\/users\/9"}],"replies":[{"embeddable":true,"href":"https:\/\/swimchannel.net\/br\/wp-json\/wp\/v2\/comments?post=19690"}],"version-history":[{"count":0,"href":"https:\/\/swimchannel.net\/br\/wp-json\/wp\/v2\/posts\/19690\/revisions"}],"wp:featuredmedia":[{"embeddable":true,"href":"https:\/\/swimchannel.net\/br\/wp-json\/wp\/v2\/media\/19697"}],"wp:attachment":[{"href":"https:\/\/swimchannel.net\/br\/wp-json\/wp\/v2\/media?parent=19690"}],"wp:term":[{"taxonomy":"category","embeddable":true,"href":"https:\/\/swimchannel.net\/br\/wp-json\/wp\/v2\/categories?post=19690"},{"taxonomy":"post_tag","embeddable":true,"href":"https:\/\/swimchannel.net\/br\/wp-json\/wp\/v2\/tags?post=19690"}],"curies":[{"name":"wp","href":"https:\/\/api.w.org\/{rel}","templated":true}]}}