{"id":19853,"date":"2019-09-11T16:14:08","date_gmt":"2019-09-11T16:14:08","guid":{"rendered":"https:\/\/swimchannel.flywheelsites.com\/?p=19853"},"modified":"2019-09-16T22:52:43","modified_gmt":"2019-09-16T22:52:43","slug":"corinthians-preparado-para-receber-trofeu-thiago-pereira-2019","status":"publish","type":"post","link":"https:\/\/swimchannel.net\/br\/corinthians-preparado-para-receber-trofeu-thiago-pereira-2019\/","title":{"rendered":"Corinthians preparado para receber Trof\u00e9u Thiago Pereira 2019"},"content":{"rendered":"<p>O\u00a0parque\u00a0aqu\u00e1tico do Corinthians, em S\u00e3o Paulo (SP), est\u00e1 pronto para receber os\u00a0nadadores convencionais e paral\u00edmpicos entre\u00a06 e 19 anos na disputa do Trof\u00e9u Thiago Pereira 2019. A competi\u00e7\u00e3o ser\u00e1 realizada neste s\u00e1bado (14), a partir de 8h30.\u00a0O evento tem um formato diferente em rela\u00e7\u00e3o \u00e0s outras provas da modalidade onde os atletas caem na \u00e1gua quatro vezes para nadar provas de 50 metros um de cada estilo: costas, peito, borboleta e crawl.<\/p>\n<p style=\"text-align: justify;\">O Trof\u00e9u Thiago Pereira volta ao Corinthians, clube que o nadador de Volta Redonda defendia na \u00e9poca quando ganhou sua medalha ol\u00edmpica nos Jogos de Londres-2012 nos 400m medley, derrotando na final o multicampe\u00e3o <a href=\"https:\/\/swimchannel.net\/br\/atleta\/michael-phelps\/\">Michael Phelps<\/a>.<\/p>\n<p>O atleta defendeu o clube de Parque S\u00e3o Jorge de 2010 a 2012, conquistando outros t\u00edtulos como o de Rei da Copa do Mundo de Nata\u00e7\u00e3o e\u00a0oito medalhas nos Jogos Pan-Americanos de Guadalajara-2011. &#8221;O Corinthians faz parte da minha hist\u00f3ria e me sinto honrado de fazer aqui, mais uma vez, uma edi\u00e7\u00e3o do Trof\u00e9u. \u00c9 um clube com uma base forte na nata\u00e7\u00e3o brasileira&#8221;, disse <a href=\"https:\/\/swimchannel.net\/br\/atleta\/thiago-pereira\/\">Thiago Pereira<\/a>.<\/p>\n<figure id=\"attachment_19877\" aria-describedby=\"caption-attachment-19877\" style=\"width: 1280px\" class=\"wp-caption alignnone\"><img loading=\"lazy\" decoding=\"async\" class=\"size-full wp-image-19877\" src=\"https:\/\/swimchannel.net\/br\/wp-content\/uploads\/2019\/09\/368322_905697_whatsapp_image_2019_09_09_at_17.35.08.jpeg\" alt=\"\" width=\"1280\" height=\"852\" srcset=\"https:\/\/swimchannel.net\/br\/wp-content\/uploads\/2019\/09\/368322_905697_whatsapp_image_2019_09_09_at_17.35.08.jpeg 1280w, https:\/\/swimchannel.net\/br\/wp-content\/uploads\/2019\/09\/368322_905697_whatsapp_image_2019_09_09_at_17.35.08-600x399.jpeg 600w\" sizes=\"auto, (max-width: 1280px) 100vw, 1280px\" \/><figcaption id=\"caption-attachment-19877\" class=\"wp-caption-text\">Trof\u00e9u Thiago Pereira &#8211; Foto: Flavio Perez\/ On Board Sports<\/figcaption><\/figure>\n<p>O n\u00famero de nadadores do Tim\u00e3o deve ultrapassar a marca de 100, incluindo a equipe de atletas com necessidades especiais do clube.\u00a0&#8221;\u00c9 uma competi\u00e7\u00e3o muito bonita de se ver e, ao mesmo tempo, gratificante de sediar. S\u00f3 de vermos nossas crian\u00e7as alegres e compenetradas em dar o melhor de si com muita responsabilidade, e nos depararmos com atletas\u00a0deficientes\u00a0nadando com alegria e encantando a plateia&#8230;ahhh&#8230;.isso realmente n\u00e3o tem pre\u00e7o, n\u00e3o h\u00e1 dinheiro no mundo que pague!&#8221;,\u00a0explicou\u00a0Marco Ant\u00f4nio de Paula, diretor de esportes n\u00e1uticos do clube.<\/p>\n<p>Os pais da garotada e todos presentes no Trof\u00e9u ser\u00e3o impactados com muitas a\u00e7\u00f5es durante a competi\u00e7\u00e3o. O pr\u00f3prio Thiago faz apari\u00e7\u00f5es interagindo com o p\u00fablico.<\/p>\n<p>&#8221;Estamos com muita euforia, afinal de contas, as crian\u00e7as sabem que o Thiago estar\u00e1 presente, mas principalmente focados e determinados a darem o seu melhor por eles e pelo clube que representam&#8221;, contou Marco Ant\u00f4nio de Paula, diretor de esportes n\u00e1uticos do Corinthians.<\/p>\n<figure id=\"attachment_19879\" aria-describedby=\"caption-attachment-19879\" style=\"width: 2133px\" class=\"wp-caption alignnone\"><img loading=\"lazy\" decoding=\"async\" class=\"size-full wp-image-19879\" src=\"https:\/\/swimchannel.net\/br\/wp-content\/uploads\/2019\/09\/368322_905698_167007_258635_20120608_rc_treino_corinthians_0600_005.jpg\" alt=\"Thiago Pereira foi atleta do Corinthians. Foto: Rodrigo Coca\" width=\"2133\" height=\"1413\" srcset=\"https:\/\/swimchannel.net\/br\/wp-content\/uploads\/2019\/09\/368322_905698_167007_258635_20120608_rc_treino_corinthians_0600_005.jpg 2133w, https:\/\/swimchannel.net\/br\/wp-content\/uploads\/2019\/09\/368322_905698_167007_258635_20120608_rc_treino_corinthians_0600_005-600x397.jpg 600w\" sizes=\"auto, (max-width: 2133px) 100vw, 2133px\" \/><figcaption id=\"caption-attachment-19879\" class=\"wp-caption-text\">Thiago Pereira foi atleta do Corinthians &#8211; Foto: Rodrigo Coca<\/figcaption><\/figure>\n<p>A competi\u00e7\u00e3o n\u00e3o tem apenas o Corinthians na lista de clubes confirmados. Entidades como\u00a0Nadadores Independentes de Sorocaba, Associa\u00e7\u00e3o de Ensino Ribeir\u00e3o Preto, AABB Londrina, Clube Atl\u00e9tico Monte L\u00edbano e Associa\u00e7\u00e3o Pais Atletas Nata\u00e7\u00e3o Ituana mandar\u00e3o representantes.<\/p>\n<p>O Trof\u00e9u Thiago Pereira completa tr\u00eas anos em 2019 e j\u00e1 reuniu mais de 3 mil nadadores de v\u00e1rios estados da federa\u00e7\u00e3o. A competi\u00e7\u00e3o contou tamb\u00e9m com atletas com S\u00edndrome de Down.\u00a0Desde 2017, o formato do evento atrai admiradores do nadador, f\u00e3s de nata\u00e7\u00e3o e atletas empenhados em dar o seu melhor na piscina.<\/p>\n<p>No ano passado, em todas as quatro etapas, inclusive na Super Final, foram reunidas mais de 800 crian\u00e7as e adolescentes que disputaram as provas nas seletivas do Centro Paral\u00edmpico em S\u00e3o Paulo, Americana e S\u00e3o Jos\u00e9 dos Campos, al\u00e9m da final\u00edssima no Corinthians.<\/p>\n<p>No ano de 2018 foram realizadas aproximadamente 320 provas, que contou de cinco a seis s\u00e9ries para cada categoria.\u00a0O Trof\u00e9u Thiago Pereira conta com o patroc\u00ednio do Corinthians,\u00a0 \u00c1guia Sistemas, Elemida, Finis, Kiddo, Nescau, On Board Sports e 2 Points.\u00a0Assista abaixo a um v\u00eddeo completo da Super final 2018 do Trof\u00e9u Thiago Pereira.<\/p>\n<p><iframe loading=\"lazy\" src=\"https:\/\/www.youtube.com\/embed\/yJM2MgDm4Ow\" width=\"560\" height=\"315\" frameborder=\"0\" allowfullscreen=\"allowfullscreen\"><\/iframe><\/p>\n","protected":false},"excerpt":{"rendered":"<p>Competi\u00e7\u00e3o de nata\u00e7\u00e3o inovadora ser\u00e1 neste s\u00e1bado (14) na piscina do S.C. Corinthians Paulista. <\/p>\n","protected":false},"author":9,"featured_media":7922,"comment_status":"open","ping_status":"open","sticky":false,"template":"","format":"standard","meta":{"footnotes":""},"categories":[137],"tags":[1182,5,127,32,1235],"class_list":["post-19853","post","type-post","status-publish","format-standard","has-post-thumbnail","hentry","category-natacao","tag-corinthians","tag-natacao","tag-natacao-paralimpica","tag-thiago-pereira","tag-trofeu-thiago-pereira"],"yoast_head":"<!-- This site is optimized with the Yoast SEO plugin v27.0 - https:\/\/yoast.com\/product\/yoast-seo-wordpress\/ -->\n<title>Corinthians preparado para receber Trof\u00e9u Thiago Pereira 2019<\/title>\n<meta name=\"description\" content=\"Competi\u00e7\u00e3o de nata\u00e7\u00e3o inovadora ser\u00e1 neste s\u00e1bado (14) na piscina do Corinthians e espera reunir muitos nadadores convencionais e paral\u00edmpicos\" \/>\n<meta name=\"robots\" content=\"index, follow, max-snippet:-1, max-image-preview:large, max-video-preview:-1\" \/>\n<link rel=\"canonical\" href=\"https:\/\/swimchannel.net\/br\/corinthians-preparado-para-receber-trofeu-thiago-pereira-2019\/\" \/>\n<meta property=\"og:locale\" content=\"pt_BR\" \/>\n<meta property=\"og:type\" content=\"article\" \/>\n<meta property=\"og:title\" content=\"Corinthians preparado para receber Trof\u00e9u Thiago Pereira 2019\" \/>\n<meta property=\"og:description\" content=\"Competi\u00e7\u00e3o de nata\u00e7\u00e3o inovadora ser\u00e1 neste s\u00e1bado (14) na piscina do Corinthians e espera reunir muitos nadadores convencionais e paral\u00edmpicos\" \/>\n<meta property=\"og:url\" content=\"https:\/\/swimchannel.net\/br\/corinthians-preparado-para-receber-trofeu-thiago-pereira-2019\/\" \/>\n<meta property=\"og:site_name\" content=\"Swimchannel\" \/>\n<meta property=\"article:publisher\" content=\"https:\/\/www.facebook.com\/swimchannel\" \/>\n<meta property=\"article:published_time\" content=\"2019-09-11T16:14:08+00:00\" \/>\n<meta property=\"article:modified_time\" content=\"2019-09-16T22:52:43+00:00\" \/>\n<meta property=\"og:image\" content=\"https:\/\/swimchannel.net\/br\/wp-content\/uploads\/2018\/03\/thiago-trofeu.jpg\" \/>\n\t<meta property=\"og:image:width\" content=\"1200\" \/>\n\t<meta property=\"og:image:height\" content=\"675\" \/>\n\t<meta property=\"og:image:type\" content=\"image\/jpeg\" \/>\n<meta name=\"author\" content=\"Katarine Monteiro\" \/>\n<meta name=\"twitter:card\" content=\"summary_large_image\" \/>\n<meta name=\"twitter:creator\" content=\"@https:\/\/twitter.com\/Katarinem\" \/>\n<meta name=\"twitter:label1\" content=\"Escrito por\" \/>\n\t<meta name=\"twitter:data1\" content=\"Katarine Monteiro\" \/>\n\t<meta name=\"twitter:label2\" content=\"Est. tempo de leitura\" \/>\n\t<meta name=\"twitter:data2\" content=\"3 minutos\" \/>\n<script type=\"application\/ld+json\" class=\"yoast-schema-graph\">{\"@context\":\"https:\/\/schema.org\",\"@graph\":[{\"@type\":\"Article\",\"@id\":\"https:\/\/swimchannel.net\/br\/corinthians-preparado-para-receber-trofeu-thiago-pereira-2019\/#article\",\"isPartOf\":{\"@id\":\"https:\/\/swimchannel.net\/br\/corinthians-preparado-para-receber-trofeu-thiago-pereira-2019\/\"},\"author\":{\"name\":\"Katarine Monteiro\",\"@id\":\"https:\/\/swimchannel.net\/br\/#\/schema\/person\/73ae9cec62249968bca1f0a8098ef002\"},\"headline\":\"Corinthians preparado para receber Trof\u00e9u Thiago Pereira 2019\",\"datePublished\":\"2019-09-11T16:14:08+00:00\",\"dateModified\":\"2019-09-16T22:52:43+00:00\",\"mainEntityOfPage\":{\"@id\":\"https:\/\/swimchannel.net\/br\/corinthians-preparado-para-receber-trofeu-thiago-pereira-2019\/\"},\"wordCount\":621,\"commentCount\":0,\"publisher\":{\"@id\":\"https:\/\/swimchannel.net\/br\/#organization\"},\"image\":{\"@id\":\"https:\/\/swimchannel.net\/br\/corinthians-preparado-para-receber-trofeu-thiago-pereira-2019\/#primaryimage\"},\"thumbnailUrl\":\"https:\/\/swimchannel.net\/br\/wp-content\/uploads\/2018\/03\/thiago-trofeu.jpg\",\"keywords\":[\"Corinthians\",\"natacao\",\"nata\u00e7\u00e3o paral\u00edmpica\",\"Thiago Pereira\",\"Trof\u00e9u Thiago Pereira\"],\"articleSection\":[\"Nata\u00e7\u00e3o\"],\"inLanguage\":\"pt-BR\",\"potentialAction\":[{\"@type\":\"CommentAction\",\"name\":\"Comment\",\"target\":[\"https:\/\/swimchannel.net\/br\/corinthians-preparado-para-receber-trofeu-thiago-pereira-2019\/#respond\"]}]},{\"@type\":\"WebPage\",\"@id\":\"https:\/\/swimchannel.net\/br\/corinthians-preparado-para-receber-trofeu-thiago-pereira-2019\/\",\"url\":\"https:\/\/swimchannel.net\/br\/corinthians-preparado-para-receber-trofeu-thiago-pereira-2019\/\",\"name\":\"Corinthians preparado para receber Trof\u00e9u Thiago Pereira 2019\",\"isPartOf\":{\"@id\":\"https:\/\/swimchannel.net\/br\/#website\"},\"primaryImageOfPage\":{\"@id\":\"https:\/\/swimchannel.net\/br\/corinthians-preparado-para-receber-trofeu-thiago-pereira-2019\/#primaryimage\"},\"image\":{\"@id\":\"https:\/\/swimchannel.net\/br\/corinthians-preparado-para-receber-trofeu-thiago-pereira-2019\/#primaryimage\"},\"thumbnailUrl\":\"https:\/\/swimchannel.net\/br\/wp-content\/uploads\/2018\/03\/thiago-trofeu.jpg\",\"datePublished\":\"2019-09-11T16:14:08+00:00\",\"dateModified\":\"2019-09-16T22:52:43+00:00\",\"description\":\"Competi\u00e7\u00e3o de nata\u00e7\u00e3o inovadora ser\u00e1 neste s\u00e1bado (14) na piscina do Corinthians e espera reunir muitos nadadores convencionais e paral\u00edmpicos\",\"breadcrumb\":{\"@id\":\"https:\/\/swimchannel.net\/br\/corinthians-preparado-para-receber-trofeu-thiago-pereira-2019\/#breadcrumb\"},\"inLanguage\":\"pt-BR\",\"potentialAction\":[{\"@type\":\"ReadAction\",\"target\":[\"https:\/\/swimchannel.net\/br\/corinthians-preparado-para-receber-trofeu-thiago-pereira-2019\/\"]}]},{\"@type\":\"ImageObject\",\"inLanguage\":\"pt-BR\",\"@id\":\"https:\/\/swimchannel.net\/br\/corinthians-preparado-para-receber-trofeu-thiago-pereira-2019\/#primaryimage\",\"url\":\"https:\/\/swimchannel.net\/br\/wp-content\/uploads\/2018\/03\/thiago-trofeu.jpg\",\"contentUrl\":\"https:\/\/swimchannel.net\/br\/wp-content\/uploads\/2018\/03\/thiago-trofeu.jpg\",\"width\":1200,\"height\":675,\"caption\":\"Thiago Pereira - Foto: Reprodu\u00e7\u00e3o\"},{\"@type\":\"BreadcrumbList\",\"@id\":\"https:\/\/swimchannel.net\/br\/corinthians-preparado-para-receber-trofeu-thiago-pereira-2019\/#breadcrumb\",\"itemListElement\":[{\"@type\":\"ListItem\",\"position\":1,\"name\":\"Home\",\"item\":\"https:\/\/swimchannel.net\/br\/\"},{\"@type\":\"ListItem\",\"position\":2,\"name\":\"Corinthians preparado para receber Trof\u00e9u Thiago Pereira 2019\"}]},{\"@type\":\"WebSite\",\"@id\":\"https:\/\/swimchannel.net\/br\/#website\",\"url\":\"https:\/\/swimchannel.net\/br\/\",\"name\":\"Swimchannel\",\"description\":\"Maior portal de nata\u00e7\u00e3o da america latina\",\"publisher\":{\"@id\":\"https:\/\/swimchannel.net\/br\/#organization\"},\"potentialAction\":[{\"@type\":\"SearchAction\",\"target\":{\"@type\":\"EntryPoint\",\"urlTemplate\":\"https:\/\/swimchannel.net\/br\/?s={search_term_string}\"},\"query-input\":{\"@type\":\"PropertyValueSpecification\",\"valueRequired\":true,\"valueName\":\"search_term_string\"}}],\"inLanguage\":\"pt-BR\"},{\"@type\":\"Organization\",\"@id\":\"https:\/\/swimchannel.net\/br\/#organization\",\"name\":\"Swimchannel - Conectando voc\u00ea a Nata\u00e7\u00e3o\",\"url\":\"https:\/\/swimchannel.net\/br\/\",\"logo\":{\"@type\":\"ImageObject\",\"inLanguage\":\"pt-BR\",\"@id\":\"https:\/\/swimchannel.net\/br\/#\/schema\/logo\/image\/\",\"url\":\"https:\/\/swimchannel.net\/br\/wp-content\/uploads\/2026\/02\/SWIM-CHANNEL.png\",\"contentUrl\":\"https:\/\/swimchannel.net\/br\/wp-content\/uploads\/2026\/02\/SWIM-CHANNEL.png\",\"width\":1120,\"height\":630,\"caption\":\"Swimchannel - Conectando voc\u00ea a Nata\u00e7\u00e3o\"},\"image\":{\"@id\":\"https:\/\/swimchannel.net\/br\/#\/schema\/logo\/image\/\"},\"sameAs\":[\"https:\/\/www.facebook.com\/swimchannel\",\"https:\/\/www.instagram.com\/swimchannel\"]},{\"@type\":\"Person\",\"@id\":\"https:\/\/swimchannel.net\/br\/#\/schema\/person\/73ae9cec62249968bca1f0a8098ef002\",\"name\":\"Katarine Monteiro\",\"image\":{\"@type\":\"ImageObject\",\"inLanguage\":\"pt-BR\",\"@id\":\"https:\/\/swimchannel.net\/br\/#\/schema\/person\/image\/\",\"url\":\"https:\/\/swimchannel.net\/br\/wp-content\/uploads\/2022\/01\/Katarine-Monteiro-100x100.jpg\",\"contentUrl\":\"https:\/\/swimchannel.net\/br\/wp-content\/uploads\/2022\/01\/Katarine-Monteiro-100x100.jpg\",\"caption\":\"Katarine Monteiro\"},\"description\":\"Jornalista SWIM CHANNEL especializada em esportes ol\u00edmpicos e em sa\u00fade. Com cobertura de grandes eventos internacionais, como Jogos Ol\u00edmpicos Rio 2016, Jogos Pan-Americanos em Lima 2019, Qatar Total Open 2020, Qatar ExxonMobil Open 2019 - t\u00eanis em Doha (QT), Semana Internacional de Vela de Ilhabela, Transat Jacques Vabre 2019 (Fran\u00e7a-Brasil), L'\u00c9tape Brasil by Tour de France, j\u00e1 fez in\u00fameras coberturas de nata\u00e7\u00e3o, maratona aqu\u00e1tica e polo aqu\u00e1tico. Formada tamb\u00e9m em Letras, a jornalista atua como assessora de imprensa, rela\u00e7\u00f5es p\u00fablicas e social media, com especializa\u00e7\u00e3o em marketing esportivo. Nadadora amadora de \u00e1guas abertas, j\u00e1 trabalhou com grandes nomes da nata\u00e7\u00e3o e do polo aqu\u00e1tico brasileiro.\",\"sameAs\":[\"https:\/\/www.instagram.com\/_katarinemonteiro\/\",\"https:\/\/www.linkedin.com\/in\/katarine-monteiro-19385297\/\",\"https:\/\/x.com\/https:\/\/twitter.com\/Katarinem\"],\"url\":\"https:\/\/swimchannel.net\/br\/author\/katarine-monteiro\/\"}]}<\/script>\n<!-- \/ Yoast SEO plugin. -->","yoast_head_json":{"title":"Corinthians preparado para receber Trof\u00e9u Thiago Pereira 2019","description":"Competi\u00e7\u00e3o de nata\u00e7\u00e3o inovadora ser\u00e1 neste s\u00e1bado (14) na piscina do Corinthians e espera reunir muitos nadadores convencionais e paral\u00edmpicos","robots":{"index":"index","follow":"follow","max-snippet":"max-snippet:-1","max-image-preview":"max-image-preview:large","max-video-preview":"max-video-preview:-1"},"canonical":"https:\/\/swimchannel.net\/br\/corinthians-preparado-para-receber-trofeu-thiago-pereira-2019\/","og_locale":"pt_BR","og_type":"article","og_title":"Corinthians preparado para receber Trof\u00e9u Thiago Pereira 2019","og_description":"Competi\u00e7\u00e3o de nata\u00e7\u00e3o inovadora ser\u00e1 neste s\u00e1bado (14) na piscina do Corinthians e espera reunir muitos nadadores convencionais e paral\u00edmpicos","og_url":"https:\/\/swimchannel.net\/br\/corinthians-preparado-para-receber-trofeu-thiago-pereira-2019\/","og_site_name":"Swimchannel","article_publisher":"https:\/\/www.facebook.com\/swimchannel","article_published_time":"2019-09-11T16:14:08+00:00","article_modified_time":"2019-09-16T22:52:43+00:00","og_image":[{"width":1200,"height":675,"url":"https:\/\/swimchannel.net\/br\/wp-content\/uploads\/2018\/03\/thiago-trofeu.jpg","type":"image\/jpeg"}],"author":"Katarine Monteiro","twitter_card":"summary_large_image","twitter_creator":"@https:\/\/twitter.com\/Katarinem","twitter_misc":{"Escrito por":"Katarine Monteiro","Est. tempo de leitura":"3 minutos"},"schema":{"@context":"https:\/\/schema.org","@graph":[{"@type":"Article","@id":"https:\/\/swimchannel.net\/br\/corinthians-preparado-para-receber-trofeu-thiago-pereira-2019\/#article","isPartOf":{"@id":"https:\/\/swimchannel.net\/br\/corinthians-preparado-para-receber-trofeu-thiago-pereira-2019\/"},"author":{"name":"Katarine Monteiro","@id":"https:\/\/swimchannel.net\/br\/#\/schema\/person\/73ae9cec62249968bca1f0a8098ef002"},"headline":"Corinthians preparado para receber Trof\u00e9u Thiago Pereira 2019","datePublished":"2019-09-11T16:14:08+00:00","dateModified":"2019-09-16T22:52:43+00:00","mainEntityOfPage":{"@id":"https:\/\/swimchannel.net\/br\/corinthians-preparado-para-receber-trofeu-thiago-pereira-2019\/"},"wordCount":621,"commentCount":0,"publisher":{"@id":"https:\/\/swimchannel.net\/br\/#organization"},"image":{"@id":"https:\/\/swimchannel.net\/br\/corinthians-preparado-para-receber-trofeu-thiago-pereira-2019\/#primaryimage"},"thumbnailUrl":"https:\/\/swimchannel.net\/br\/wp-content\/uploads\/2018\/03\/thiago-trofeu.jpg","keywords":["Corinthians","natacao","nata\u00e7\u00e3o paral\u00edmpica","Thiago Pereira","Trof\u00e9u Thiago Pereira"],"articleSection":["Nata\u00e7\u00e3o"],"inLanguage":"pt-BR","potentialAction":[{"@type":"CommentAction","name":"Comment","target":["https:\/\/swimchannel.net\/br\/corinthians-preparado-para-receber-trofeu-thiago-pereira-2019\/#respond"]}]},{"@type":"WebPage","@id":"https:\/\/swimchannel.net\/br\/corinthians-preparado-para-receber-trofeu-thiago-pereira-2019\/","url":"https:\/\/swimchannel.net\/br\/corinthians-preparado-para-receber-trofeu-thiago-pereira-2019\/","name":"Corinthians preparado para receber Trof\u00e9u Thiago Pereira 2019","isPartOf":{"@id":"https:\/\/swimchannel.net\/br\/#website"},"primaryImageOfPage":{"@id":"https:\/\/swimchannel.net\/br\/corinthians-preparado-para-receber-trofeu-thiago-pereira-2019\/#primaryimage"},"image":{"@id":"https:\/\/swimchannel.net\/br\/corinthians-preparado-para-receber-trofeu-thiago-pereira-2019\/#primaryimage"},"thumbnailUrl":"https:\/\/swimchannel.net\/br\/wp-content\/uploads\/2018\/03\/thiago-trofeu.jpg","datePublished":"2019-09-11T16:14:08+00:00","dateModified":"2019-09-16T22:52:43+00:00","description":"Competi\u00e7\u00e3o de nata\u00e7\u00e3o inovadora ser\u00e1 neste s\u00e1bado (14) na piscina do Corinthians e espera reunir muitos nadadores convencionais e paral\u00edmpicos","breadcrumb":{"@id":"https:\/\/swimchannel.net\/br\/corinthians-preparado-para-receber-trofeu-thiago-pereira-2019\/#breadcrumb"},"inLanguage":"pt-BR","potentialAction":[{"@type":"ReadAction","target":["https:\/\/swimchannel.net\/br\/corinthians-preparado-para-receber-trofeu-thiago-pereira-2019\/"]}]},{"@type":"ImageObject","inLanguage":"pt-BR","@id":"https:\/\/swimchannel.net\/br\/corinthians-preparado-para-receber-trofeu-thiago-pereira-2019\/#primaryimage","url":"https:\/\/swimchannel.net\/br\/wp-content\/uploads\/2018\/03\/thiago-trofeu.jpg","contentUrl":"https:\/\/swimchannel.net\/br\/wp-content\/uploads\/2018\/03\/thiago-trofeu.jpg","width":1200,"height":675,"caption":"Thiago Pereira - Foto: Reprodu\u00e7\u00e3o"},{"@type":"BreadcrumbList","@id":"https:\/\/swimchannel.net\/br\/corinthians-preparado-para-receber-trofeu-thiago-pereira-2019\/#breadcrumb","itemListElement":[{"@type":"ListItem","position":1,"name":"Home","item":"https:\/\/swimchannel.net\/br\/"},{"@type":"ListItem","position":2,"name":"Corinthians preparado para receber Trof\u00e9u Thiago Pereira 2019"}]},{"@type":"WebSite","@id":"https:\/\/swimchannel.net\/br\/#website","url":"https:\/\/swimchannel.net\/br\/","name":"Swimchannel","description":"Maior portal de nata\u00e7\u00e3o da america latina","publisher":{"@id":"https:\/\/swimchannel.net\/br\/#organization"},"potentialAction":[{"@type":"SearchAction","target":{"@type":"EntryPoint","urlTemplate":"https:\/\/swimchannel.net\/br\/?s={search_term_string}"},"query-input":{"@type":"PropertyValueSpecification","valueRequired":true,"valueName":"search_term_string"}}],"inLanguage":"pt-BR"},{"@type":"Organization","@id":"https:\/\/swimchannel.net\/br\/#organization","name":"Swimchannel - Conectando voc\u00ea a Nata\u00e7\u00e3o","url":"https:\/\/swimchannel.net\/br\/","logo":{"@type":"ImageObject","inLanguage":"pt-BR","@id":"https:\/\/swimchannel.net\/br\/#\/schema\/logo\/image\/","url":"https:\/\/swimchannel.net\/br\/wp-content\/uploads\/2026\/02\/SWIM-CHANNEL.png","contentUrl":"https:\/\/swimchannel.net\/br\/wp-content\/uploads\/2026\/02\/SWIM-CHANNEL.png","width":1120,"height":630,"caption":"Swimchannel - Conectando voc\u00ea a Nata\u00e7\u00e3o"},"image":{"@id":"https:\/\/swimchannel.net\/br\/#\/schema\/logo\/image\/"},"sameAs":["https:\/\/www.facebook.com\/swimchannel","https:\/\/www.instagram.com\/swimchannel"]},{"@type":"Person","@id":"https:\/\/swimchannel.net\/br\/#\/schema\/person\/73ae9cec62249968bca1f0a8098ef002","name":"Katarine Monteiro","image":{"@type":"ImageObject","inLanguage":"pt-BR","@id":"https:\/\/swimchannel.net\/br\/#\/schema\/person\/image\/","url":"https:\/\/swimchannel.net\/br\/wp-content\/uploads\/2022\/01\/Katarine-Monteiro-100x100.jpg","contentUrl":"https:\/\/swimchannel.net\/br\/wp-content\/uploads\/2022\/01\/Katarine-Monteiro-100x100.jpg","caption":"Katarine Monteiro"},"description":"Jornalista SWIM CHANNEL especializada em esportes ol\u00edmpicos e em sa\u00fade. Com cobertura de grandes eventos internacionais, como Jogos Ol\u00edmpicos Rio 2016, Jogos Pan-Americanos em Lima 2019, Qatar Total Open 2020, Qatar ExxonMobil Open 2019 - t\u00eanis em Doha (QT), Semana Internacional de Vela de Ilhabela, Transat Jacques Vabre 2019 (Fran\u00e7a-Brasil), L'\u00c9tape Brasil by Tour de France, j\u00e1 fez in\u00fameras coberturas de nata\u00e7\u00e3o, maratona aqu\u00e1tica e polo aqu\u00e1tico. Formada tamb\u00e9m em Letras, a jornalista atua como assessora de imprensa, rela\u00e7\u00f5es p\u00fablicas e social media, com especializa\u00e7\u00e3o em marketing esportivo. Nadadora amadora de \u00e1guas abertas, j\u00e1 trabalhou com grandes nomes da nata\u00e7\u00e3o e do polo aqu\u00e1tico brasileiro.","sameAs":["https:\/\/www.instagram.com\/_katarinemonteiro\/","https:\/\/www.linkedin.com\/in\/katarine-monteiro-19385297\/","https:\/\/x.com\/https:\/\/twitter.com\/Katarinem"],"url":"https:\/\/swimchannel.net\/br\/author\/katarine-monteiro\/"}]}},"_links":{"self":[{"href":"https:\/\/swimchannel.net\/br\/wp-json\/wp\/v2\/posts\/19853","targetHints":{"allow":["GET"]}}],"collection":[{"href":"https:\/\/swimchannel.net\/br\/wp-json\/wp\/v2\/posts"}],"about":[{"href":"https:\/\/swimchannel.net\/br\/wp-json\/wp\/v2\/types\/post"}],"author":[{"embeddable":true,"href":"https:\/\/swimchannel.net\/br\/wp-json\/wp\/v2\/users\/9"}],"replies":[{"embeddable":true,"href":"https:\/\/swimchannel.net\/br\/wp-json\/wp\/v2\/comments?post=19853"}],"version-history":[{"count":0,"href":"https:\/\/swimchannel.net\/br\/wp-json\/wp\/v2\/posts\/19853\/revisions"}],"wp:featuredmedia":[{"embeddable":true,"href":"https:\/\/swimchannel.net\/br\/wp-json\/wp\/v2\/media\/7922"}],"wp:attachment":[{"href":"https:\/\/swimchannel.net\/br\/wp-json\/wp\/v2\/media?parent=19853"}],"wp:term":[{"taxonomy":"category","embeddable":true,"href":"https:\/\/swimchannel.net\/br\/wp-json\/wp\/v2\/categories?post=19853"},{"taxonomy":"post_tag","embeddable":true,"href":"https:\/\/swimchannel.net\/br\/wp-json\/wp\/v2\/tags?post=19853"}],"curies":[{"name":"wp","href":"https:\/\/api.w.org\/{rel}","templated":true}]}}