{"id":20219,"date":"2019-10-02T09:13:53","date_gmt":"2019-10-02T09:13:53","guid":{"rendered":"https:\/\/swimchannel.flywheelsites.com\/?p=20219"},"modified":"2019-10-02T16:26:40","modified_gmt":"2019-10-02T16:26:40","slug":"estilo-livre-performance-saude-realiza-palestras-em-rio-claro-sp","status":"publish","type":"post","link":"https:\/\/swimchannel.net\/br\/estilo-livre-performance-saude-realiza-palestras-em-rio-claro-sp\/","title":{"rendered":"Estilo Livre Performance &#038; Sa\u00fade realiza palestras em Rio Claro"},"content":{"rendered":"<p>A Estilo Livre Performance &amp; Sa\u00fade promove no pr\u00f3ximo dia 30 de novembro o ciclo de palestras &#8220;<em>Nata\u00e7\u00e3o: Treinamento para sa\u00fade e performance<\/em>&#8220;, que ser\u00e1 realizado no Anfiteatro do Clarentiano no centro Universit\u00e1rio de Rio Claro, interior de S\u00e3o Paulo.<\/p>\n<p>As palestras s\u00e3o direcionadas aos atletas, profissionais da sa\u00fade e esportistas amadores com interesse nas modalidades de \u00e1guas abertas, triatlo e competi\u00e7\u00f5es em piscina na categoria master (para atletas com mais de 25 anos). O ciclo de palestras o envolve estudantes do curso de educa\u00e7\u00e3o f\u00edsica, profissionais de clubes<br \/>\nesportivos, academias de nata\u00e7\u00e3o e praticantes da modalidade, al\u00e9m de profissionais como fisioterapeutas e esteticistas que atuam na \u00e1rea de recupera\u00e7\u00e3o muscular.<\/p>\n<p>O ciclo de palestras tem um dia de dura\u00e7\u00e3o com programa\u00e7\u00e3o das 8h \u00e0s 18h e tem o objetivo de de reunir 90 participantes. As palestras ser\u00e3o dadas por atletas e t\u00e9cnicos de renome nacional como\u00a0Catarina Ganzeli\u00a0 e Betina Lorscheitter.<\/p>\n<p><a href=\"https:\/\/www.instagram.com\/p\/B3DDiGtnYx9\/\">https:\/\/www.instagram.com\/p\/B3DDiGtnYx9\/<\/a><\/p>\n<p>A colunista da <strong>SWIM CHANNEL<\/strong>\u00a0Catarina Ganzeli\u00a0 ser\u00e1 uma das palestrantes. A atleta \u00e9 campe\u00e3 da Maratona Aqu\u00e1tica 14 Bis, tricampe\u00e3 do Super Challenge Rei e Rainha do Mar e foi comentarista do SportTV no Rio-2016.\u00a0Outra atleta que tamb\u00e9m est\u00e1 confirmada para o evento \u00e9 Betina Lorscheitter, atual campe\u00e3\u00a0do Campeonato Brasileiro de \u00e1guas abertas da CBDA e recordista da Travessia Leme ao Pontal 36km que contar\u00e1 sua experi\u00eancia na modalidade.<\/p>\n<p>Outros palestrantes ser\u00e3o Thiago Vinhas, t\u00e9cnico da Academia Cunzolo Campinas e especialista em bioqu\u00edmica, fisiologia, nutri\u00e7\u00e3o e treinamento pela UNICAMP e Cristiane Scopim, t\u00e9cnica bicampe\u00e3 paulista e brasileira de maratonas aqu\u00e1ticas (2006\/2009) e professora da Academia \u00c1gua Viva de Rio Claro-SP.<\/p>\n<p>O evento levantar\u00e1 fundos financeiros atrav\u00e9s de apoiadores e patrocinadores e ser\u00e1 cobrado um valor simb\u00f3lico de cada participante. O evento n\u00e3o tem fins lucrativos. Para mais informa\u00e7\u00f5es acesse o site da a\u00e7\u00e3o: <a href=\"https:\/\/www.instagram.com\/estilolivreperformance\/\" target=\"_blank\" rel=\"noopener\">https:\/\/www.instagram.com\/estilolivreperformance\/<\/a><\/p>\n","protected":false},"excerpt":{"rendered":"<p>Ciclo de palestras: &#8220;Nata\u00e7\u00e3o: Treinamento para sa\u00fade e performance&#8221; ser\u00e1 realizado no dia 30 de novembro com a presen\u00e7a de grandes nomes do esporte<\/p>\n","protected":false},"author":9,"featured_media":19952,"comment_status":"open","ping_status":"open","sticky":false,"template":"","format":"standard","meta":{"footnotes":""},"categories":[61],"tags":[14,520,735,1988,5,853,1987],"class_list":["post-20219","post","type-post","status-publish","format-standard","has-post-thumbnail","hentry","category-eventos","tag-aguas-abertas","tag-betina-lorscheitter","tag-catarina-ganzeli","tag-estilo-livre","tag-natacao","tag-palestra","tag-rio-claro"],"yoast_head":"<!-- This site is optimized with the Yoast SEO plugin v27.0 - https:\/\/yoast.com\/product\/yoast-seo-wordpress\/ -->\n<title>Estilo Livre Performance &amp; Sa\u00fade realiza palestras em Rio Claro (SP)<\/title>\n<meta name=\"description\" content=\"Ciclo de palestras: &quot;Nata\u00e7\u00e3o: Treinamento para sa\u00fade e performance&quot; ser\u00e1 realizado no dia 30 de novembro com a presen\u00e7a de grandes nomes do esporte\" \/>\n<meta name=\"robots\" content=\"index, follow, max-snippet:-1, max-image-preview:large, max-video-preview:-1\" \/>\n<link rel=\"canonical\" href=\"https:\/\/swimchannel.net\/br\/estilo-livre-performance-saude-realiza-palestras-em-rio-claro-sp\/\" \/>\n<meta property=\"og:locale\" content=\"pt_BR\" \/>\n<meta property=\"og:type\" content=\"article\" \/>\n<meta property=\"og:title\" content=\"Estilo Livre Performance &amp; Sa\u00fade realiza palestras em Rio Claro (SP)\" \/>\n<meta property=\"og:description\" content=\"Ciclo de palestras: &quot;Nata\u00e7\u00e3o: Treinamento para sa\u00fade e performance&quot; ser\u00e1 realizado no dia 30 de novembro com a presen\u00e7a de grandes nomes do esporte\" \/>\n<meta property=\"og:url\" content=\"https:\/\/swimchannel.net\/br\/estilo-livre-performance-saude-realiza-palestras-em-rio-claro-sp\/\" \/>\n<meta property=\"og:site_name\" content=\"Swimchannel\" \/>\n<meta property=\"article:publisher\" content=\"https:\/\/www.facebook.com\/swimchannel\" \/>\n<meta property=\"article:published_time\" content=\"2019-10-02T09:13:53+00:00\" \/>\n<meta property=\"article:modified_time\" content=\"2019-10-02T16:26:40+00:00\" \/>\n<meta property=\"og:image\" content=\"https:\/\/swimchannel.net\/br\/wp-content\/uploads\/2019\/09\/71EQGktK-VL.jpg\" \/>\n\t<meta property=\"og:image:width\" content=\"1200\" \/>\n\t<meta property=\"og:image:height\" content=\"675\" \/>\n\t<meta property=\"og:image:type\" content=\"image\/jpeg\" \/>\n<meta name=\"author\" content=\"Katarine Monteiro\" \/>\n<meta name=\"twitter:card\" content=\"summary_large_image\" \/>\n<meta name=\"twitter:creator\" content=\"@https:\/\/twitter.com\/Katarinem\" \/>\n<meta name=\"twitter:label1\" content=\"Escrito por\" \/>\n\t<meta name=\"twitter:data1\" content=\"Katarine Monteiro\" \/>\n\t<meta name=\"twitter:label2\" content=\"Est. tempo de leitura\" \/>\n\t<meta name=\"twitter:data2\" content=\"2 minutos\" \/>\n<script type=\"application\/ld+json\" class=\"yoast-schema-graph\">{\"@context\":\"https:\/\/schema.org\",\"@graph\":[{\"@type\":\"Article\",\"@id\":\"https:\/\/swimchannel.net\/br\/estilo-livre-performance-saude-realiza-palestras-em-rio-claro-sp\/#article\",\"isPartOf\":{\"@id\":\"https:\/\/swimchannel.net\/br\/estilo-livre-performance-saude-realiza-palestras-em-rio-claro-sp\/\"},\"author\":{\"name\":\"Katarine Monteiro\",\"@id\":\"https:\/\/swimchannel.net\/br\/#\/schema\/person\/73ae9cec62249968bca1f0a8098ef002\"},\"headline\":\"Estilo Livre Performance &#038; Sa\u00fade realiza palestras em Rio Claro\",\"datePublished\":\"2019-10-02T09:13:53+00:00\",\"dateModified\":\"2019-10-02T16:26:40+00:00\",\"mainEntityOfPage\":{\"@id\":\"https:\/\/swimchannel.net\/br\/estilo-livre-performance-saude-realiza-palestras-em-rio-claro-sp\/\"},\"wordCount\":347,\"commentCount\":0,\"publisher\":{\"@id\":\"https:\/\/swimchannel.net\/br\/#organization\"},\"image\":{\"@id\":\"https:\/\/swimchannel.net\/br\/estilo-livre-performance-saude-realiza-palestras-em-rio-claro-sp\/#primaryimage\"},\"thumbnailUrl\":\"https:\/\/swimchannel.net\/br\/wp-content\/uploads\/2019\/09\/71EQGktK-VL.jpg\",\"keywords\":[\"\u00c1guas abertas\",\"Betina Lorscheitter\",\"Catarina Ganzeli\",\"Estilo Livre\",\"natacao\",\"palestra\",\"Rio Claro\"],\"articleSection\":[\"Eventos\"],\"inLanguage\":\"pt-BR\",\"potentialAction\":[{\"@type\":\"CommentAction\",\"name\":\"Comment\",\"target\":[\"https:\/\/swimchannel.net\/br\/estilo-livre-performance-saude-realiza-palestras-em-rio-claro-sp\/#respond\"]}]},{\"@type\":\"WebPage\",\"@id\":\"https:\/\/swimchannel.net\/br\/estilo-livre-performance-saude-realiza-palestras-em-rio-claro-sp\/\",\"url\":\"https:\/\/swimchannel.net\/br\/estilo-livre-performance-saude-realiza-palestras-em-rio-claro-sp\/\",\"name\":\"Estilo Livre Performance & Sa\u00fade realiza palestras em Rio Claro (SP)\",\"isPartOf\":{\"@id\":\"https:\/\/swimchannel.net\/br\/#website\"},\"primaryImageOfPage\":{\"@id\":\"https:\/\/swimchannel.net\/br\/estilo-livre-performance-saude-realiza-palestras-em-rio-claro-sp\/#primaryimage\"},\"image\":{\"@id\":\"https:\/\/swimchannel.net\/br\/estilo-livre-performance-saude-realiza-palestras-em-rio-claro-sp\/#primaryimage\"},\"thumbnailUrl\":\"https:\/\/swimchannel.net\/br\/wp-content\/uploads\/2019\/09\/71EQGktK-VL.jpg\",\"datePublished\":\"2019-10-02T09:13:53+00:00\",\"dateModified\":\"2019-10-02T16:26:40+00:00\",\"description\":\"Ciclo de palestras: \\\"Nata\u00e7\u00e3o: Treinamento para sa\u00fade e performance\\\" ser\u00e1 realizado no dia 30 de novembro com a presen\u00e7a de grandes nomes do esporte\",\"breadcrumb\":{\"@id\":\"https:\/\/swimchannel.net\/br\/estilo-livre-performance-saude-realiza-palestras-em-rio-claro-sp\/#breadcrumb\"},\"inLanguage\":\"pt-BR\",\"potentialAction\":[{\"@type\":\"ReadAction\",\"target\":[\"https:\/\/swimchannel.net\/br\/estilo-livre-performance-saude-realiza-palestras-em-rio-claro-sp\/\"]}]},{\"@type\":\"ImageObject\",\"inLanguage\":\"pt-BR\",\"@id\":\"https:\/\/swimchannel.net\/br\/estilo-livre-performance-saude-realiza-palestras-em-rio-claro-sp\/#primaryimage\",\"url\":\"https:\/\/swimchannel.net\/br\/wp-content\/uploads\/2019\/09\/71EQGktK-VL.jpg\",\"contentUrl\":\"https:\/\/swimchannel.net\/br\/wp-content\/uploads\/2019\/09\/71EQGktK-VL.jpg\",\"width\":1200,\"height\":675},{\"@type\":\"BreadcrumbList\",\"@id\":\"https:\/\/swimchannel.net\/br\/estilo-livre-performance-saude-realiza-palestras-em-rio-claro-sp\/#breadcrumb\",\"itemListElement\":[{\"@type\":\"ListItem\",\"position\":1,\"name\":\"Home\",\"item\":\"https:\/\/swimchannel.net\/br\/\"},{\"@type\":\"ListItem\",\"position\":2,\"name\":\"Estilo Livre Performance &#038; Sa\u00fade realiza palestras em Rio Claro\"}]},{\"@type\":\"WebSite\",\"@id\":\"https:\/\/swimchannel.net\/br\/#website\",\"url\":\"https:\/\/swimchannel.net\/br\/\",\"name\":\"Swimchannel\",\"description\":\"Maior portal de nata\u00e7\u00e3o da america latina\",\"publisher\":{\"@id\":\"https:\/\/swimchannel.net\/br\/#organization\"},\"potentialAction\":[{\"@type\":\"SearchAction\",\"target\":{\"@type\":\"EntryPoint\",\"urlTemplate\":\"https:\/\/swimchannel.net\/br\/?s={search_term_string}\"},\"query-input\":{\"@type\":\"PropertyValueSpecification\",\"valueRequired\":true,\"valueName\":\"search_term_string\"}}],\"inLanguage\":\"pt-BR\"},{\"@type\":\"Organization\",\"@id\":\"https:\/\/swimchannel.net\/br\/#organization\",\"name\":\"Swimchannel - Conectando voc\u00ea a Nata\u00e7\u00e3o\",\"url\":\"https:\/\/swimchannel.net\/br\/\",\"logo\":{\"@type\":\"ImageObject\",\"inLanguage\":\"pt-BR\",\"@id\":\"https:\/\/swimchannel.net\/br\/#\/schema\/logo\/image\/\",\"url\":\"https:\/\/swimchannel.net\/br\/wp-content\/uploads\/2026\/02\/SWIM-CHANNEL.png\",\"contentUrl\":\"https:\/\/swimchannel.net\/br\/wp-content\/uploads\/2026\/02\/SWIM-CHANNEL.png\",\"width\":1120,\"height\":630,\"caption\":\"Swimchannel - Conectando voc\u00ea a Nata\u00e7\u00e3o\"},\"image\":{\"@id\":\"https:\/\/swimchannel.net\/br\/#\/schema\/logo\/image\/\"},\"sameAs\":[\"https:\/\/www.facebook.com\/swimchannel\",\"https:\/\/www.instagram.com\/swimchannel\"]},{\"@type\":\"Person\",\"@id\":\"https:\/\/swimchannel.net\/br\/#\/schema\/person\/73ae9cec62249968bca1f0a8098ef002\",\"name\":\"Katarine Monteiro\",\"image\":{\"@type\":\"ImageObject\",\"inLanguage\":\"pt-BR\",\"@id\":\"https:\/\/swimchannel.net\/br\/#\/schema\/person\/image\/\",\"url\":\"https:\/\/swimchannel.net\/br\/wp-content\/uploads\/2022\/01\/Katarine-Monteiro-100x100.jpg\",\"contentUrl\":\"https:\/\/swimchannel.net\/br\/wp-content\/uploads\/2022\/01\/Katarine-Monteiro-100x100.jpg\",\"caption\":\"Katarine Monteiro\"},\"description\":\"Jornalista SWIM CHANNEL especializada em esportes ol\u00edmpicos e em sa\u00fade. Com cobertura de grandes eventos internacionais, como Jogos Ol\u00edmpicos Rio 2016, Jogos Pan-Americanos em Lima 2019, Qatar Total Open 2020, Qatar ExxonMobil Open 2019 - t\u00eanis em Doha (QT), Semana Internacional de Vela de Ilhabela, Transat Jacques Vabre 2019 (Fran\u00e7a-Brasil), L'\u00c9tape Brasil by Tour de France, j\u00e1 fez in\u00fameras coberturas de nata\u00e7\u00e3o, maratona aqu\u00e1tica e polo aqu\u00e1tico. Formada tamb\u00e9m em Letras, a jornalista atua como assessora de imprensa, rela\u00e7\u00f5es p\u00fablicas e social media, com especializa\u00e7\u00e3o em marketing esportivo. Nadadora amadora de \u00e1guas abertas, j\u00e1 trabalhou com grandes nomes da nata\u00e7\u00e3o e do polo aqu\u00e1tico brasileiro.\",\"sameAs\":[\"https:\/\/www.instagram.com\/_katarinemonteiro\/\",\"https:\/\/www.linkedin.com\/in\/katarine-monteiro-19385297\/\",\"https:\/\/x.com\/https:\/\/twitter.com\/Katarinem\"],\"url\":\"https:\/\/swimchannel.net\/br\/author\/katarine-monteiro\/\"}]}<\/script>\n<!-- \/ Yoast SEO plugin. -->","yoast_head_json":{"title":"Estilo Livre Performance & Sa\u00fade realiza palestras em Rio Claro (SP)","description":"Ciclo de palestras: \"Nata\u00e7\u00e3o: Treinamento para sa\u00fade e performance\" ser\u00e1 realizado no dia 30 de novembro com a presen\u00e7a de grandes nomes do esporte","robots":{"index":"index","follow":"follow","max-snippet":"max-snippet:-1","max-image-preview":"max-image-preview:large","max-video-preview":"max-video-preview:-1"},"canonical":"https:\/\/swimchannel.net\/br\/estilo-livre-performance-saude-realiza-palestras-em-rio-claro-sp\/","og_locale":"pt_BR","og_type":"article","og_title":"Estilo Livre Performance & Sa\u00fade realiza palestras em Rio Claro (SP)","og_description":"Ciclo de palestras: \"Nata\u00e7\u00e3o: Treinamento para sa\u00fade e performance\" ser\u00e1 realizado no dia 30 de novembro com a presen\u00e7a de grandes nomes do esporte","og_url":"https:\/\/swimchannel.net\/br\/estilo-livre-performance-saude-realiza-palestras-em-rio-claro-sp\/","og_site_name":"Swimchannel","article_publisher":"https:\/\/www.facebook.com\/swimchannel","article_published_time":"2019-10-02T09:13:53+00:00","article_modified_time":"2019-10-02T16:26:40+00:00","og_image":[{"width":1200,"height":675,"url":"https:\/\/swimchannel.net\/br\/wp-content\/uploads\/2019\/09\/71EQGktK-VL.jpg","type":"image\/jpeg"}],"author":"Katarine Monteiro","twitter_card":"summary_large_image","twitter_creator":"@https:\/\/twitter.com\/Katarinem","twitter_misc":{"Escrito por":"Katarine Monteiro","Est. tempo de leitura":"2 minutos"},"schema":{"@context":"https:\/\/schema.org","@graph":[{"@type":"Article","@id":"https:\/\/swimchannel.net\/br\/estilo-livre-performance-saude-realiza-palestras-em-rio-claro-sp\/#article","isPartOf":{"@id":"https:\/\/swimchannel.net\/br\/estilo-livre-performance-saude-realiza-palestras-em-rio-claro-sp\/"},"author":{"name":"Katarine Monteiro","@id":"https:\/\/swimchannel.net\/br\/#\/schema\/person\/73ae9cec62249968bca1f0a8098ef002"},"headline":"Estilo Livre Performance &#038; Sa\u00fade realiza palestras em Rio Claro","datePublished":"2019-10-02T09:13:53+00:00","dateModified":"2019-10-02T16:26:40+00:00","mainEntityOfPage":{"@id":"https:\/\/swimchannel.net\/br\/estilo-livre-performance-saude-realiza-palestras-em-rio-claro-sp\/"},"wordCount":347,"commentCount":0,"publisher":{"@id":"https:\/\/swimchannel.net\/br\/#organization"},"image":{"@id":"https:\/\/swimchannel.net\/br\/estilo-livre-performance-saude-realiza-palestras-em-rio-claro-sp\/#primaryimage"},"thumbnailUrl":"https:\/\/swimchannel.net\/br\/wp-content\/uploads\/2019\/09\/71EQGktK-VL.jpg","keywords":["\u00c1guas abertas","Betina Lorscheitter","Catarina Ganzeli","Estilo Livre","natacao","palestra","Rio Claro"],"articleSection":["Eventos"],"inLanguage":"pt-BR","potentialAction":[{"@type":"CommentAction","name":"Comment","target":["https:\/\/swimchannel.net\/br\/estilo-livre-performance-saude-realiza-palestras-em-rio-claro-sp\/#respond"]}]},{"@type":"WebPage","@id":"https:\/\/swimchannel.net\/br\/estilo-livre-performance-saude-realiza-palestras-em-rio-claro-sp\/","url":"https:\/\/swimchannel.net\/br\/estilo-livre-performance-saude-realiza-palestras-em-rio-claro-sp\/","name":"Estilo Livre Performance & Sa\u00fade realiza palestras em Rio Claro (SP)","isPartOf":{"@id":"https:\/\/swimchannel.net\/br\/#website"},"primaryImageOfPage":{"@id":"https:\/\/swimchannel.net\/br\/estilo-livre-performance-saude-realiza-palestras-em-rio-claro-sp\/#primaryimage"},"image":{"@id":"https:\/\/swimchannel.net\/br\/estilo-livre-performance-saude-realiza-palestras-em-rio-claro-sp\/#primaryimage"},"thumbnailUrl":"https:\/\/swimchannel.net\/br\/wp-content\/uploads\/2019\/09\/71EQGktK-VL.jpg","datePublished":"2019-10-02T09:13:53+00:00","dateModified":"2019-10-02T16:26:40+00:00","description":"Ciclo de palestras: \"Nata\u00e7\u00e3o: Treinamento para sa\u00fade e performance\" ser\u00e1 realizado no dia 30 de novembro com a presen\u00e7a de grandes nomes do esporte","breadcrumb":{"@id":"https:\/\/swimchannel.net\/br\/estilo-livre-performance-saude-realiza-palestras-em-rio-claro-sp\/#breadcrumb"},"inLanguage":"pt-BR","potentialAction":[{"@type":"ReadAction","target":["https:\/\/swimchannel.net\/br\/estilo-livre-performance-saude-realiza-palestras-em-rio-claro-sp\/"]}]},{"@type":"ImageObject","inLanguage":"pt-BR","@id":"https:\/\/swimchannel.net\/br\/estilo-livre-performance-saude-realiza-palestras-em-rio-claro-sp\/#primaryimage","url":"https:\/\/swimchannel.net\/br\/wp-content\/uploads\/2019\/09\/71EQGktK-VL.jpg","contentUrl":"https:\/\/swimchannel.net\/br\/wp-content\/uploads\/2019\/09\/71EQGktK-VL.jpg","width":1200,"height":675},{"@type":"BreadcrumbList","@id":"https:\/\/swimchannel.net\/br\/estilo-livre-performance-saude-realiza-palestras-em-rio-claro-sp\/#breadcrumb","itemListElement":[{"@type":"ListItem","position":1,"name":"Home","item":"https:\/\/swimchannel.net\/br\/"},{"@type":"ListItem","position":2,"name":"Estilo Livre Performance &#038; Sa\u00fade realiza palestras em Rio Claro"}]},{"@type":"WebSite","@id":"https:\/\/swimchannel.net\/br\/#website","url":"https:\/\/swimchannel.net\/br\/","name":"Swimchannel","description":"Maior portal de nata\u00e7\u00e3o da america latina","publisher":{"@id":"https:\/\/swimchannel.net\/br\/#organization"},"potentialAction":[{"@type":"SearchAction","target":{"@type":"EntryPoint","urlTemplate":"https:\/\/swimchannel.net\/br\/?s={search_term_string}"},"query-input":{"@type":"PropertyValueSpecification","valueRequired":true,"valueName":"search_term_string"}}],"inLanguage":"pt-BR"},{"@type":"Organization","@id":"https:\/\/swimchannel.net\/br\/#organization","name":"Swimchannel - Conectando voc\u00ea a Nata\u00e7\u00e3o","url":"https:\/\/swimchannel.net\/br\/","logo":{"@type":"ImageObject","inLanguage":"pt-BR","@id":"https:\/\/swimchannel.net\/br\/#\/schema\/logo\/image\/","url":"https:\/\/swimchannel.net\/br\/wp-content\/uploads\/2026\/02\/SWIM-CHANNEL.png","contentUrl":"https:\/\/swimchannel.net\/br\/wp-content\/uploads\/2026\/02\/SWIM-CHANNEL.png","width":1120,"height":630,"caption":"Swimchannel - Conectando voc\u00ea a Nata\u00e7\u00e3o"},"image":{"@id":"https:\/\/swimchannel.net\/br\/#\/schema\/logo\/image\/"},"sameAs":["https:\/\/www.facebook.com\/swimchannel","https:\/\/www.instagram.com\/swimchannel"]},{"@type":"Person","@id":"https:\/\/swimchannel.net\/br\/#\/schema\/person\/73ae9cec62249968bca1f0a8098ef002","name":"Katarine Monteiro","image":{"@type":"ImageObject","inLanguage":"pt-BR","@id":"https:\/\/swimchannel.net\/br\/#\/schema\/person\/image\/","url":"https:\/\/swimchannel.net\/br\/wp-content\/uploads\/2022\/01\/Katarine-Monteiro-100x100.jpg","contentUrl":"https:\/\/swimchannel.net\/br\/wp-content\/uploads\/2022\/01\/Katarine-Monteiro-100x100.jpg","caption":"Katarine Monteiro"},"description":"Jornalista SWIM CHANNEL especializada em esportes ol\u00edmpicos e em sa\u00fade. Com cobertura de grandes eventos internacionais, como Jogos Ol\u00edmpicos Rio 2016, Jogos Pan-Americanos em Lima 2019, Qatar Total Open 2020, Qatar ExxonMobil Open 2019 - t\u00eanis em Doha (QT), Semana Internacional de Vela de Ilhabela, Transat Jacques Vabre 2019 (Fran\u00e7a-Brasil), L'\u00c9tape Brasil by Tour de France, j\u00e1 fez in\u00fameras coberturas de nata\u00e7\u00e3o, maratona aqu\u00e1tica e polo aqu\u00e1tico. Formada tamb\u00e9m em Letras, a jornalista atua como assessora de imprensa, rela\u00e7\u00f5es p\u00fablicas e social media, com especializa\u00e7\u00e3o em marketing esportivo. Nadadora amadora de \u00e1guas abertas, j\u00e1 trabalhou com grandes nomes da nata\u00e7\u00e3o e do polo aqu\u00e1tico brasileiro.","sameAs":["https:\/\/www.instagram.com\/_katarinemonteiro\/","https:\/\/www.linkedin.com\/in\/katarine-monteiro-19385297\/","https:\/\/x.com\/https:\/\/twitter.com\/Katarinem"],"url":"https:\/\/swimchannel.net\/br\/author\/katarine-monteiro\/"}]}},"_links":{"self":[{"href":"https:\/\/swimchannel.net\/br\/wp-json\/wp\/v2\/posts\/20219","targetHints":{"allow":["GET"]}}],"collection":[{"href":"https:\/\/swimchannel.net\/br\/wp-json\/wp\/v2\/posts"}],"about":[{"href":"https:\/\/swimchannel.net\/br\/wp-json\/wp\/v2\/types\/post"}],"author":[{"embeddable":true,"href":"https:\/\/swimchannel.net\/br\/wp-json\/wp\/v2\/users\/9"}],"replies":[{"embeddable":true,"href":"https:\/\/swimchannel.net\/br\/wp-json\/wp\/v2\/comments?post=20219"}],"version-history":[{"count":0,"href":"https:\/\/swimchannel.net\/br\/wp-json\/wp\/v2\/posts\/20219\/revisions"}],"wp:featuredmedia":[{"embeddable":true,"href":"https:\/\/swimchannel.net\/br\/wp-json\/wp\/v2\/media\/19952"}],"wp:attachment":[{"href":"https:\/\/swimchannel.net\/br\/wp-json\/wp\/v2\/media?parent=20219"}],"wp:term":[{"taxonomy":"category","embeddable":true,"href":"https:\/\/swimchannel.net\/br\/wp-json\/wp\/v2\/categories?post=20219"},{"taxonomy":"post_tag","embeddable":true,"href":"https:\/\/swimchannel.net\/br\/wp-json\/wp\/v2\/tags?post=20219"}],"curies":[{"name":"wp","href":"https:\/\/api.w.org\/{rel}","templated":true}]}}