{"id":20398,"date":"2019-10-13T18:23:30","date_gmt":"2019-10-13T18:23:30","guid":{"rendered":"https:\/\/swimchannel.flywheelsites.com\/?p=20398"},"modified":"2019-10-13T22:20:47","modified_gmt":"2019-10-13T22:20:47","slug":"reta-final-do-circuito-maratour","status":"publish","type":"post","link":"https:\/\/swimchannel.net\/br\/reta-final-do-circuito-maratour\/","title":{"rendered":"Reta final do Circuito Maratour"},"content":{"rendered":"<p>O Circuito Maratour &#8211; Nadando em Para\u00edsos, chega a sua disputa final no pr\u00f3ximo dia 27 de outubro na Praia de Itapu\u00e3, em Piat\u00e3 no litoral baiano. O evento tem como caracter\u00edstica ser realizado apenas em locais paradis\u00edacos e com vasta beleza natural no estado da Bahia.<\/p>\n<p>A competi\u00e7\u00e3o ser\u00e1 realizada em parceria com o Challenge Brasil e a Febatri e tem como principal objetivo contribuir para a promo\u00e7\u00e3o das \u00e1guas abertas no estado, al\u00e9m de passar uma mensagem em prol da qualidade de vida e lutar pela causa da preserva\u00e7\u00e3o ambiental.<\/p>\n<figure id=\"attachment_20400\" aria-describedby=\"caption-attachment-20400\" style=\"width: 1024px\" class=\"wp-caption alignnone\"><img loading=\"lazy\" decoding=\"async\" class=\"size-full wp-image-20400\" src=\"https:\/\/swimchannel.net\/br\/wp-content\/uploads\/2019\/10\/maratour-morro-de-sao-paulo-4.jpg\" alt=\"\" width=\"1024\" height=\"577\" srcset=\"https:\/\/swimchannel.net\/br\/wp-content\/uploads\/2019\/10\/maratour-morro-de-sao-paulo-4.jpg 1024w, https:\/\/swimchannel.net\/br\/wp-content\/uploads\/2019\/10\/maratour-morro-de-sao-paulo-4-600x338.jpg 600w\" sizes=\"auto, (max-width: 1024px) 100vw, 1024px\" \/><figcaption id=\"caption-attachment-20400\" class=\"wp-caption-text\">Circuito Maratour 2019 &#8211; Foto: Reprodu\u00e7\u00e3o do site oficial<\/figcaption><\/figure>\n<p>A etapa em Piat\u00e3 ser\u00e1 a sexta do calend\u00e1rio do Maratour em 2019. Antes o circuito j\u00e1 havia passado por outras cinco praias do estado: Guarajuba em Cama\u00e7ari, Morro de S\u00e3o Paulo em Cairu, Mahi Mahi em Salvador, Mut\u00e1 em Jaquaripe e Mar Grande em Vera Cruz.<\/p>\n<p>Na Praia de Itapu\u00e3 ser\u00e3o disputadas provas em tr\u00eas dist\u00e2ncias: o challenge de 2,5 km (a principal), o fast de 1 km e a kids com percurso de 400m. O valor da inscri\u00e7\u00e3o ser\u00e1 de R$ 120,00 com direito a kit com camisa e touca alusiva ao evento, sacolinha, chip e medalha de participa\u00e7\u00e3o. As inscri\u00e7\u00f5es devem ser feitas atrav\u00e9s do site oficial do evento <a href=\"http:\/\/ambianceesporte.com.br\/evento\/maratour-morro-de-sao-paulo\/\" target=\"_blank\" rel=\"noopener\"><strong>neste endere\u00e7o<\/strong><\/a>.<\/p>\n","protected":false},"excerpt":{"rendered":"<p>O Circuito Maratour &#8211; Nadando em Para\u00edsos, chega a sua disputa final no pr\u00f3ximo dia 27 de outubro na Praia de Itapu\u00e3, em Piat\u00e3 no litoral baiano. O evento tem como caracter\u00edstica ser realizado apenas em locais paradis\u00edacos e com vasta beleza natural no estado da Bahia. A competi\u00e7\u00e3o ser\u00e1 realizada em parceria com o [&hellip;]<\/p>\n","protected":false},"author":3,"featured_media":20399,"comment_status":"open","ping_status":"open","sticky":false,"template":"","format":"standard","meta":{"footnotes":""},"categories":[115],"tags":[14,1199,5,1509],"class_list":["post-20398","post","type-post","status-publish","format-standard","has-post-thumbnail","hentry","category-aguas-abertas","tag-aguas-abertas","tag-maratour","tag-natacao","tag-praia-de-itapua"],"yoast_head":"<!-- This site is optimized with the Yoast SEO plugin v27.0 - https:\/\/yoast.com\/product\/yoast-seo-wordpress\/ -->\n<title>Reta final do Circuito Maratour - Swimchannel<\/title>\n<meta name=\"description\" content=\"Competi\u00e7\u00e3o chega a sua \u00faltima etapa no fim do m\u00eas na linda Praia de Itapu\u00e3, em Piat\u00e3, no litoral baiano\" \/>\n<meta name=\"robots\" content=\"index, follow, max-snippet:-1, max-image-preview:large, max-video-preview:-1\" \/>\n<link rel=\"canonical\" href=\"https:\/\/swimchannel.net\/br\/reta-final-do-circuito-maratour\/\" \/>\n<meta property=\"og:locale\" content=\"pt_BR\" \/>\n<meta property=\"og:type\" content=\"article\" \/>\n<meta property=\"og:title\" content=\"Reta final do Circuito Maratour - Swimchannel\" \/>\n<meta property=\"og:description\" content=\"Competi\u00e7\u00e3o chega a sua \u00faltima etapa no fim do m\u00eas na linda Praia de Itapu\u00e3, em Piat\u00e3, no litoral baiano\" \/>\n<meta property=\"og:url\" content=\"https:\/\/swimchannel.net\/br\/reta-final-do-circuito-maratour\/\" \/>\n<meta property=\"og:site_name\" content=\"Swimchannel\" \/>\n<meta property=\"article:publisher\" content=\"https:\/\/www.facebook.com\/swimchannel\" \/>\n<meta property=\"article:published_time\" content=\"2019-10-13T18:23:30+00:00\" \/>\n<meta property=\"article:modified_time\" content=\"2019-10-13T22:20:47+00:00\" \/>\n<meta property=\"og:image\" content=\"https:\/\/swimchannel.net\/br\/wp-content\/uploads\/2019\/10\/DSC_0246.jpg\" \/>\n\t<meta property=\"og:image:width\" content=\"1200\" \/>\n\t<meta property=\"og:image:height\" content=\"675\" \/>\n\t<meta property=\"og:image:type\" content=\"image\/jpeg\" \/>\n<meta name=\"author\" content=\"Guilherme Freitas\" \/>\n<meta name=\"twitter:card\" content=\"summary_large_image\" \/>\n<meta name=\"twitter:label1\" content=\"Escrito por\" \/>\n\t<meta name=\"twitter:data1\" content=\"Guilherme Freitas\" \/>\n\t<meta name=\"twitter:label2\" content=\"Est. tempo de leitura\" \/>\n\t<meta name=\"twitter:data2\" content=\"1 minuto\" \/>\n<script type=\"application\/ld+json\" class=\"yoast-schema-graph\">{\"@context\":\"https:\/\/schema.org\",\"@graph\":[{\"@type\":\"Article\",\"@id\":\"https:\/\/swimchannel.net\/br\/reta-final-do-circuito-maratour\/#article\",\"isPartOf\":{\"@id\":\"https:\/\/swimchannel.net\/br\/reta-final-do-circuito-maratour\/\"},\"author\":{\"name\":\"Guilherme Freitas\",\"@id\":\"https:\/\/swimchannel.net\/br\/#\/schema\/person\/aa2a63bab3275f53749a83276b213c48\"},\"headline\":\"Reta final do Circuito Maratour\",\"datePublished\":\"2019-10-13T18:23:30+00:00\",\"dateModified\":\"2019-10-13T22:20:47+00:00\",\"mainEntityOfPage\":{\"@id\":\"https:\/\/swimchannel.net\/br\/reta-final-do-circuito-maratour\/\"},\"wordCount\":241,\"commentCount\":0,\"publisher\":{\"@id\":\"https:\/\/swimchannel.net\/br\/#organization\"},\"image\":{\"@id\":\"https:\/\/swimchannel.net\/br\/reta-final-do-circuito-maratour\/#primaryimage\"},\"thumbnailUrl\":\"https:\/\/swimchannel.net\/br\/wp-content\/uploads\/2019\/10\/DSC_0246.jpg\",\"keywords\":[\"\u00c1guas abertas\",\"Maratour\",\"natacao\",\"Praia de Itapu\u00e3\"],\"articleSection\":[\"\u00c1guas Abertas\"],\"inLanguage\":\"pt-BR\",\"potentialAction\":[{\"@type\":\"CommentAction\",\"name\":\"Comment\",\"target\":[\"https:\/\/swimchannel.net\/br\/reta-final-do-circuito-maratour\/#respond\"]}]},{\"@type\":\"WebPage\",\"@id\":\"https:\/\/swimchannel.net\/br\/reta-final-do-circuito-maratour\/\",\"url\":\"https:\/\/swimchannel.net\/br\/reta-final-do-circuito-maratour\/\",\"name\":\"Reta final do Circuito Maratour - Swimchannel\",\"isPartOf\":{\"@id\":\"https:\/\/swimchannel.net\/br\/#website\"},\"primaryImageOfPage\":{\"@id\":\"https:\/\/swimchannel.net\/br\/reta-final-do-circuito-maratour\/#primaryimage\"},\"image\":{\"@id\":\"https:\/\/swimchannel.net\/br\/reta-final-do-circuito-maratour\/#primaryimage\"},\"thumbnailUrl\":\"https:\/\/swimchannel.net\/br\/wp-content\/uploads\/2019\/10\/DSC_0246.jpg\",\"datePublished\":\"2019-10-13T18:23:30+00:00\",\"dateModified\":\"2019-10-13T22:20:47+00:00\",\"description\":\"Competi\u00e7\u00e3o chega a sua \u00faltima etapa no fim do m\u00eas na linda Praia de Itapu\u00e3, em Piat\u00e3, no litoral baiano\",\"breadcrumb\":{\"@id\":\"https:\/\/swimchannel.net\/br\/reta-final-do-circuito-maratour\/#breadcrumb\"},\"inLanguage\":\"pt-BR\",\"potentialAction\":[{\"@type\":\"ReadAction\",\"target\":[\"https:\/\/swimchannel.net\/br\/reta-final-do-circuito-maratour\/\"]}]},{\"@type\":\"ImageObject\",\"inLanguage\":\"pt-BR\",\"@id\":\"https:\/\/swimchannel.net\/br\/reta-final-do-circuito-maratour\/#primaryimage\",\"url\":\"https:\/\/swimchannel.net\/br\/wp-content\/uploads\/2019\/10\/DSC_0246.jpg\",\"contentUrl\":\"https:\/\/swimchannel.net\/br\/wp-content\/uploads\/2019\/10\/DSC_0246.jpg\",\"width\":1200,\"height\":675,\"caption\":\"Circuito Maratour 2019 - Foto: Reprodu\u00e7\u00e3o do site oficial\"},{\"@type\":\"BreadcrumbList\",\"@id\":\"https:\/\/swimchannel.net\/br\/reta-final-do-circuito-maratour\/#breadcrumb\",\"itemListElement\":[{\"@type\":\"ListItem\",\"position\":1,\"name\":\"Home\",\"item\":\"https:\/\/swimchannel.net\/br\/\"},{\"@type\":\"ListItem\",\"position\":2,\"name\":\"Reta final do Circuito Maratour\"}]},{\"@type\":\"WebSite\",\"@id\":\"https:\/\/swimchannel.net\/br\/#website\",\"url\":\"https:\/\/swimchannel.net\/br\/\",\"name\":\"Swimchannel\",\"description\":\"Maior portal de nata\u00e7\u00e3o da america latina\",\"publisher\":{\"@id\":\"https:\/\/swimchannel.net\/br\/#organization\"},\"potentialAction\":[{\"@type\":\"SearchAction\",\"target\":{\"@type\":\"EntryPoint\",\"urlTemplate\":\"https:\/\/swimchannel.net\/br\/?s={search_term_string}\"},\"query-input\":{\"@type\":\"PropertyValueSpecification\",\"valueRequired\":true,\"valueName\":\"search_term_string\"}}],\"inLanguage\":\"pt-BR\"},{\"@type\":\"Organization\",\"@id\":\"https:\/\/swimchannel.net\/br\/#organization\",\"name\":\"Swimchannel - Conectando voc\u00ea a Nata\u00e7\u00e3o\",\"url\":\"https:\/\/swimchannel.net\/br\/\",\"logo\":{\"@type\":\"ImageObject\",\"inLanguage\":\"pt-BR\",\"@id\":\"https:\/\/swimchannel.net\/br\/#\/schema\/logo\/image\/\",\"url\":\"https:\/\/swimchannel.net\/br\/wp-content\/uploads\/2026\/02\/SWIM-CHANNEL.png\",\"contentUrl\":\"https:\/\/swimchannel.net\/br\/wp-content\/uploads\/2026\/02\/SWIM-CHANNEL.png\",\"width\":1120,\"height\":630,\"caption\":\"Swimchannel - Conectando voc\u00ea a Nata\u00e7\u00e3o\"},\"image\":{\"@id\":\"https:\/\/swimchannel.net\/br\/#\/schema\/logo\/image\/\"},\"sameAs\":[\"https:\/\/www.facebook.com\/swimchannel\",\"https:\/\/www.instagram.com\/swimchannel\"]},{\"@type\":\"Person\",\"@id\":\"https:\/\/swimchannel.net\/br\/#\/schema\/person\/aa2a63bab3275f53749a83276b213c48\",\"name\":\"Guilherme Freitas\",\"image\":{\"@type\":\"ImageObject\",\"inLanguage\":\"pt-BR\",\"@id\":\"https:\/\/swimchannel.net\/br\/#\/schema\/person\/image\/\",\"url\":\"https:\/\/swimchannel.net\/br\/wp-content\/uploads\/2025\/10\/gui22-193x180.png\",\"contentUrl\":\"https:\/\/swimchannel.net\/br\/wp-content\/uploads\/2025\/10\/gui22-193x180.png\",\"caption\":\"Guilherme Freitas\"},\"description\":\"Jornalista s\u00eanior da SWIM CHANNEL, ex-correspondente da FINA no Brasil e pesquisador acad\u00eamico.\",\"sameAs\":[\"instagram.com\/guifreitas86\"],\"url\":\"https:\/\/swimchannel.net\/br\/author\/guilherme-freitas\/\"}]}<\/script>\n<!-- \/ Yoast SEO plugin. -->","yoast_head_json":{"title":"Reta final do Circuito Maratour - Swimchannel","description":"Competi\u00e7\u00e3o chega a sua \u00faltima etapa no fim do m\u00eas na linda Praia de Itapu\u00e3, em Piat\u00e3, no litoral baiano","robots":{"index":"index","follow":"follow","max-snippet":"max-snippet:-1","max-image-preview":"max-image-preview:large","max-video-preview":"max-video-preview:-1"},"canonical":"https:\/\/swimchannel.net\/br\/reta-final-do-circuito-maratour\/","og_locale":"pt_BR","og_type":"article","og_title":"Reta final do Circuito Maratour - Swimchannel","og_description":"Competi\u00e7\u00e3o chega a sua \u00faltima etapa no fim do m\u00eas na linda Praia de Itapu\u00e3, em Piat\u00e3, no litoral baiano","og_url":"https:\/\/swimchannel.net\/br\/reta-final-do-circuito-maratour\/","og_site_name":"Swimchannel","article_publisher":"https:\/\/www.facebook.com\/swimchannel","article_published_time":"2019-10-13T18:23:30+00:00","article_modified_time":"2019-10-13T22:20:47+00:00","og_image":[{"width":1200,"height":675,"url":"https:\/\/swimchannel.net\/br\/wp-content\/uploads\/2019\/10\/DSC_0246.jpg","type":"image\/jpeg"}],"author":"Guilherme Freitas","twitter_card":"summary_large_image","twitter_misc":{"Escrito por":"Guilherme Freitas","Est. tempo de leitura":"1 minuto"},"schema":{"@context":"https:\/\/schema.org","@graph":[{"@type":"Article","@id":"https:\/\/swimchannel.net\/br\/reta-final-do-circuito-maratour\/#article","isPartOf":{"@id":"https:\/\/swimchannel.net\/br\/reta-final-do-circuito-maratour\/"},"author":{"name":"Guilherme Freitas","@id":"https:\/\/swimchannel.net\/br\/#\/schema\/person\/aa2a63bab3275f53749a83276b213c48"},"headline":"Reta final do Circuito Maratour","datePublished":"2019-10-13T18:23:30+00:00","dateModified":"2019-10-13T22:20:47+00:00","mainEntityOfPage":{"@id":"https:\/\/swimchannel.net\/br\/reta-final-do-circuito-maratour\/"},"wordCount":241,"commentCount":0,"publisher":{"@id":"https:\/\/swimchannel.net\/br\/#organization"},"image":{"@id":"https:\/\/swimchannel.net\/br\/reta-final-do-circuito-maratour\/#primaryimage"},"thumbnailUrl":"https:\/\/swimchannel.net\/br\/wp-content\/uploads\/2019\/10\/DSC_0246.jpg","keywords":["\u00c1guas abertas","Maratour","natacao","Praia de Itapu\u00e3"],"articleSection":["\u00c1guas Abertas"],"inLanguage":"pt-BR","potentialAction":[{"@type":"CommentAction","name":"Comment","target":["https:\/\/swimchannel.net\/br\/reta-final-do-circuito-maratour\/#respond"]}]},{"@type":"WebPage","@id":"https:\/\/swimchannel.net\/br\/reta-final-do-circuito-maratour\/","url":"https:\/\/swimchannel.net\/br\/reta-final-do-circuito-maratour\/","name":"Reta final do Circuito Maratour - Swimchannel","isPartOf":{"@id":"https:\/\/swimchannel.net\/br\/#website"},"primaryImageOfPage":{"@id":"https:\/\/swimchannel.net\/br\/reta-final-do-circuito-maratour\/#primaryimage"},"image":{"@id":"https:\/\/swimchannel.net\/br\/reta-final-do-circuito-maratour\/#primaryimage"},"thumbnailUrl":"https:\/\/swimchannel.net\/br\/wp-content\/uploads\/2019\/10\/DSC_0246.jpg","datePublished":"2019-10-13T18:23:30+00:00","dateModified":"2019-10-13T22:20:47+00:00","description":"Competi\u00e7\u00e3o chega a sua \u00faltima etapa no fim do m\u00eas na linda Praia de Itapu\u00e3, em Piat\u00e3, no litoral baiano","breadcrumb":{"@id":"https:\/\/swimchannel.net\/br\/reta-final-do-circuito-maratour\/#breadcrumb"},"inLanguage":"pt-BR","potentialAction":[{"@type":"ReadAction","target":["https:\/\/swimchannel.net\/br\/reta-final-do-circuito-maratour\/"]}]},{"@type":"ImageObject","inLanguage":"pt-BR","@id":"https:\/\/swimchannel.net\/br\/reta-final-do-circuito-maratour\/#primaryimage","url":"https:\/\/swimchannel.net\/br\/wp-content\/uploads\/2019\/10\/DSC_0246.jpg","contentUrl":"https:\/\/swimchannel.net\/br\/wp-content\/uploads\/2019\/10\/DSC_0246.jpg","width":1200,"height":675,"caption":"Circuito Maratour 2019 - Foto: Reprodu\u00e7\u00e3o do site oficial"},{"@type":"BreadcrumbList","@id":"https:\/\/swimchannel.net\/br\/reta-final-do-circuito-maratour\/#breadcrumb","itemListElement":[{"@type":"ListItem","position":1,"name":"Home","item":"https:\/\/swimchannel.net\/br\/"},{"@type":"ListItem","position":2,"name":"Reta final do Circuito Maratour"}]},{"@type":"WebSite","@id":"https:\/\/swimchannel.net\/br\/#website","url":"https:\/\/swimchannel.net\/br\/","name":"Swimchannel","description":"Maior portal de nata\u00e7\u00e3o da america latina","publisher":{"@id":"https:\/\/swimchannel.net\/br\/#organization"},"potentialAction":[{"@type":"SearchAction","target":{"@type":"EntryPoint","urlTemplate":"https:\/\/swimchannel.net\/br\/?s={search_term_string}"},"query-input":{"@type":"PropertyValueSpecification","valueRequired":true,"valueName":"search_term_string"}}],"inLanguage":"pt-BR"},{"@type":"Organization","@id":"https:\/\/swimchannel.net\/br\/#organization","name":"Swimchannel - Conectando voc\u00ea a Nata\u00e7\u00e3o","url":"https:\/\/swimchannel.net\/br\/","logo":{"@type":"ImageObject","inLanguage":"pt-BR","@id":"https:\/\/swimchannel.net\/br\/#\/schema\/logo\/image\/","url":"https:\/\/swimchannel.net\/br\/wp-content\/uploads\/2026\/02\/SWIM-CHANNEL.png","contentUrl":"https:\/\/swimchannel.net\/br\/wp-content\/uploads\/2026\/02\/SWIM-CHANNEL.png","width":1120,"height":630,"caption":"Swimchannel - Conectando voc\u00ea a Nata\u00e7\u00e3o"},"image":{"@id":"https:\/\/swimchannel.net\/br\/#\/schema\/logo\/image\/"},"sameAs":["https:\/\/www.facebook.com\/swimchannel","https:\/\/www.instagram.com\/swimchannel"]},{"@type":"Person","@id":"https:\/\/swimchannel.net\/br\/#\/schema\/person\/aa2a63bab3275f53749a83276b213c48","name":"Guilherme Freitas","image":{"@type":"ImageObject","inLanguage":"pt-BR","@id":"https:\/\/swimchannel.net\/br\/#\/schema\/person\/image\/","url":"https:\/\/swimchannel.net\/br\/wp-content\/uploads\/2025\/10\/gui22-193x180.png","contentUrl":"https:\/\/swimchannel.net\/br\/wp-content\/uploads\/2025\/10\/gui22-193x180.png","caption":"Guilherme Freitas"},"description":"Jornalista s\u00eanior da SWIM CHANNEL, ex-correspondente da FINA no Brasil e pesquisador acad\u00eamico.","sameAs":["instagram.com\/guifreitas86"],"url":"https:\/\/swimchannel.net\/br\/author\/guilherme-freitas\/"}]}},"_links":{"self":[{"href":"https:\/\/swimchannel.net\/br\/wp-json\/wp\/v2\/posts\/20398","targetHints":{"allow":["GET"]}}],"collection":[{"href":"https:\/\/swimchannel.net\/br\/wp-json\/wp\/v2\/posts"}],"about":[{"href":"https:\/\/swimchannel.net\/br\/wp-json\/wp\/v2\/types\/post"}],"author":[{"embeddable":true,"href":"https:\/\/swimchannel.net\/br\/wp-json\/wp\/v2\/users\/3"}],"replies":[{"embeddable":true,"href":"https:\/\/swimchannel.net\/br\/wp-json\/wp\/v2\/comments?post=20398"}],"version-history":[{"count":0,"href":"https:\/\/swimchannel.net\/br\/wp-json\/wp\/v2\/posts\/20398\/revisions"}],"wp:featuredmedia":[{"embeddable":true,"href":"https:\/\/swimchannel.net\/br\/wp-json\/wp\/v2\/media\/20399"}],"wp:attachment":[{"href":"https:\/\/swimchannel.net\/br\/wp-json\/wp\/v2\/media?parent=20398"}],"wp:term":[{"taxonomy":"category","embeddable":true,"href":"https:\/\/swimchannel.net\/br\/wp-json\/wp\/v2\/categories?post=20398"},{"taxonomy":"post_tag","embeddable":true,"href":"https:\/\/swimchannel.net\/br\/wp-json\/wp\/v2\/tags?post=20398"}],"curies":[{"name":"wp","href":"https:\/\/api.w.org\/{rel}","templated":true}]}}