{"id":20776,"date":"2019-11-01T08:42:21","date_gmt":"2019-11-01T08:42:21","guid":{"rendered":"https:\/\/swimchannel.flywheelsites.com\/?p=20776"},"modified":"2019-11-01T14:52:45","modified_gmt":"2019-11-01T14:52:45","slug":"betina-lorscheitter-em-busca-do-tri-no-canal-de-ilhabela","status":"publish","type":"post","link":"https:\/\/swimchannel.net\/br\/betina-lorscheitter-em-busca-do-tri-no-canal-de-ilhabela\/","title":{"rendered":"Betina Lorscheitter em busca do tri no Canal de Ilhabela"},"content":{"rendered":"<p>No dia 10 de novembro, grandes nadadores se reuni\u00e3o em Ilhabela para a j\u00e1 tradicional <a href=\"https:\/\/swimchannel.net\/br\/melhor-evento\/travessia-do-canal-de-ilhabela\/\">Travessia do Canal de Ilhabela<\/a>. A nadadora Betina Lorscheitter \u00e9 um dos principais nomes confirmados para a prova de 2019, que teve uma edi\u00e7\u00e3o especial gratuita.\u00a0A ga\u00facha que nada pelo Corinthians, conversou com a <strong>SWIM CHANNEL<\/strong> sobre suas expectativas para a prova e para o pr\u00f3ximo ano, decisivo em sua carreira.<\/p>\n<p>Aos 29 anos, Betina mudou de ares no come\u00e7o do ano e n\u00e3o se arrepende da escolha que j\u00e1 rendeu bons frutos na temporada. &#8220;Deixar minha fam\u00edlia, meus amigos e minha forma de treino foi uma decis\u00e3o dif\u00edcil, mas sabia que precisava disso. E n\u00e3o me arrependo, melhorei meus tempos no Maria Lenk e no Finkel e tive resultados muito bons esse ano, que tenho certeza que podem melhorar ainda mais. Muito feliz por ter melhorado. \u00c9 sinal de que o treinamento no Corinthians s\u00f3 tende a melhorar ainda mais&#8221;, comentou.<\/p>\n<p>Betina foi campe\u00e3 brasileira absoluta pela primeira vez no Trof\u00e9u Jos\u00e9 Finkel nos 1500m livre e medalha de prata nos 800m livre. A atleta, terceiro sargento do Ex\u00e9rcito, acabou de voltar dos Jogos Mundiais Militares realizados na China e conquistou a medalha de prata com o revezamento por equipes que ainda teve <a href=\"https:\/\/swimchannel.net\/br\/atleta\/ana-marcela-cunha\/\">Ana Marcela Cunha<\/a>, Fernando Ponte e <a href=\"https:\/\/swimchannel.net\/br\/atleta\/allan-do-carmo\/\">Allan do Carmo<\/a>. &#8220;Foi um grande resultados, nadamos bem e demos o nosso m\u00e1ximo. S\u00f3 perdemos para a China e R\u00fassia no quadro de medalhas tamb\u00e9m, um grande resultado para o time militar do Brasil&#8221;, disse.<\/p>\n<figure id=\"attachment_7965\" aria-describedby=\"caption-attachment-7965\" style=\"width: 1200px\" class=\"wp-caption alignnone\"><img loading=\"lazy\" decoding=\"async\" class=\"wp-image-7965 size-full\" src=\"https:\/\/swimchannel.net\/br\/wp-content\/uploads\/2018\/03\/betina0.jpg\" alt=\"\" width=\"1200\" height=\"675\" srcset=\"https:\/\/swimchannel.net\/br\/wp-content\/uploads\/2018\/03\/betina0.jpg 1200w, https:\/\/swimchannel.net\/br\/wp-content\/uploads\/2018\/03\/betina0-600x338.jpg 600w\" sizes=\"auto, (max-width: 1200px) 100vw, 1200px\" \/><figcaption id=\"caption-attachment-7965\" class=\"wp-caption-text\">Betina Lorscheitter &#8211; Foto: Satiro Sodr\u00e9\/SSPress<\/figcaption><\/figure>\n<p>A atleta sempre oscilou entre as provas de piscina e \u00e1guas abertas. Foi em 2010 que percebeu que seus resultados nas \u00e1guas abertas poderiam levar \u00e0 grandes resultados e \u00e0 sele\u00e7\u00e3o brasileira. &#8220;Comecei a nadar provas de \u00e1guas abertas desde muito pequena, com\u00a0doze ou treze anos no Circuito Mercosul. Comecei com 1000 metros e depois fui aumentando a dist\u00e2ncia. Parei um pouco para me dedicar a piscina (nadava as provas de 200 e 400 metros) e percebi no per\u00edodo de 2010 que poderia crescer nas \u00e1guas abertas por conta dos bons resultados do Circuito Brasileiro&#8221;, disse.<\/p>\n<p>Betina \u00e9 vice-campe\u00e3 sul-americana dos 5 km e tem participa\u00e7\u00e3o em dois Campeonatos Mundiais de Desportes Aqu\u00e1ticos: Kazan-2015 e Budapeste-2017, al\u00e9m de etapas da FINA Marathon World Series.\u00a0Nas \u00e1guas abertas \u00e9 um dos grandes nomes do Brasil tendo sido campe\u00e3 brasileira em 2015 e 2018 e estando a caminho de mais um t\u00edtulo nesta temporada que pode se confirmar na etapa de\u00a0Inema, na Bahia, no pr\u00f3ximo m\u00eas. A nadadora espera no pr\u00f3ximo ano entrar para o time ol\u00edmpico brasileiro e ir \u00e0 T\u00f3quio-2020.<\/p>\n<p>&#8220;As ambi\u00e7\u00f5es s\u00e3o altas. Quero focar cada vez mais na piscina e fazer o \u00edndice ol\u00edmpico na seletiva em abril. Conseguindo isso o objetivo \u00e9 melhorar ainda mais em T\u00f3quio. Quero conquistar cada vez mais coisas com a sele\u00e7\u00e3o e sempre melhorar meu n\u00edvel. Depois disso, vou ter que decidir com meu t\u00e9cnico se o foco ser\u00e1 a piscina ou a maratona&#8221;, finalizou.<\/p>\n<figure id=\"attachment_12705\" aria-describedby=\"caption-attachment-12705\" style=\"width: 1200px\" class=\"wp-caption alignnone\"><img loading=\"lazy\" decoding=\"async\" class=\"size-full wp-image-12705\" src=\"https:\/\/swimchannel.net\/br\/wp-content\/uploads\/2018\/10\/betina-tci-2017.jpg\" alt=\"\" width=\"1200\" height=\"676\" srcset=\"https:\/\/swimchannel.net\/br\/wp-content\/uploads\/2018\/10\/betina-tci-2017.jpg 1200w, https:\/\/swimchannel.net\/br\/wp-content\/uploads\/2018\/10\/betina-tci-2017-600x338.jpg 600w\" sizes=\"auto, (max-width: 1200px) 100vw, 1200px\" \/><figcaption id=\"caption-attachment-12705\" class=\"wp-caption-text\">Betina venceu a edi\u00e7\u00e3o 2017 da prova com recorde &#8211; Foto: Claudia Pegoraro<\/figcaption><\/figure>\n<p>A atleta participou das duas \u00faltimas edi\u00e7\u00f5es da Travessia do Canal de Ilhabela e foi recordista nas duas. A primeira, em 2017 foi realizada em percurso de canal fechado e seu recorde foi de 34min08s. &#8220;Foi um evento incr\u00edvel. Naquele ano n\u00e3o conseguimos atravessar o canal e a organiza\u00e7\u00e3o entendeu isso. A prova prezou por seguran\u00e7a&#8221;, disse.<\/p>\n<p>No ano seguinte ela foi recordista do percurso sul e campe\u00e3 geral da prova, mais veloz no feminino e no masculino com o tempo de\u00a043min10s13. &#8220;A prova foi bel\u00edssima. \u00c9 uma\u00a0prova que gosto muito de nadar, pelo ambiente e pela intera\u00e7\u00e3o com os atletas amadores. Sempre curti bastante o visual, a cidade. Vale sempre muito a pena. Eu conhe\u00e7o bem a organiza\u00e7\u00e3o e sei que eles fazem de tudo para que os atletas tenham a experi\u00eancia e principalmente a seguran\u00e7a necess\u00e1ria&#8221;, comentou.<\/p>\n<p>Para a pr\u00f3xima edi\u00e7\u00e3o a atleta busca o tricampeonato da prova. &#8220;Minha expectativa s\u00e3o sempre as melhores, adoro participar dessa prova, sempre encontro amigos incr\u00edveis. O contato \u00e9 muito legal com todos, a troca de experi\u00eancias. Vou para o Canal curtir o evento, o ambiente a experi\u00eancia de nadar e passar dicas e motivar ainda mais as pessoas. Tudo l\u00e1 \u00e9 muito prazeroso&#8221;.<\/p>\n<p>A atleta ainda completa, sobre o diferencial da prova: &#8220;\u00c9 diferente atravessar, fazer uma travessia mesmo. Normalmente fazemos mais em formato de circuito com boias, nadar no Canal \u00e9 uma boa experi\u00eancia, al\u00e9m de estar em contato com a natureza, sempre focados no resultado&#8221;, disse.<\/p>\n<figure id=\"attachment_13414\" aria-describedby=\"caption-attachment-13414\" style=\"width: 1078px\" class=\"wp-caption alignnone\"><img loading=\"lazy\" decoding=\"async\" class=\"size-full wp-image-13414\" src=\"https:\/\/swimchannel.net\/br\/wp-content\/uploads\/2018\/12\/ilha2.png\" alt=\"\" width=\"1078\" height=\"1079\" srcset=\"https:\/\/swimchannel.net\/br\/wp-content\/uploads\/2018\/12\/ilha2.png 1078w, https:\/\/swimchannel.net\/br\/wp-content\/uploads\/2018\/12\/ilha2-300x300.png 300w, https:\/\/swimchannel.net\/br\/wp-content\/uploads\/2018\/12\/ilha2-100x100.png 100w, https:\/\/swimchannel.net\/br\/wp-content\/uploads\/2018\/12\/ilha2-600x601.png 600w\" sizes=\"auto, (max-width: 1078px) 100vw, 1078px\" \/><figcaption id=\"caption-attachment-13414\" class=\"wp-caption-text\">Os campe\u00f5es e recordistas Betina Lorscheitter e Artur Barone &#8211; Foto: Guilherme Freitas\/Swim Channel<\/figcaption><\/figure>\n<p>A edi\u00e7\u00e3o 2019 da prova teve inscri\u00e7\u00f5es gratuitas e ser\u00e1 realizada com patroc\u00ednio da Riachuelo e o apoio da Prefeitura de Ilhabela e da Mormaii, empresa que Betina \u00e9 parceira desde 2017.\u00a0&#8220;Muito bacana a prova este ano ter sido gratuita. Isso abre\u00a0oportunidade para mais gente participar e ter o primeiro contato com a competi\u00e7\u00e3o. Tenho certeza que eles ir\u00e3o voltar. Vai ser muito bom ver tanta gente junta no evento&#8221;, disse Betina.<\/p>\n<p>A prova \u00e9 realizada pela Associa\u00e7\u00e3o Magna de Desportes, Lei do Incentivo ao Esporte e Governo do Estado de S\u00e3o Paulo, al\u00e9m da\u00a0Ecooutdoor em parceria com a\u00a0<strong>SWIM CHANNEL<\/strong>. Para esta sexta edi\u00e7\u00e3o h\u00e1 uma lista de espera para poss\u00edveis novas vagas. Os atletas que se inscreveram e que n\u00e3o ir\u00e3o fazer a prova devem encaminhar um e-mail para\u00a0<a href=\"https:\/\/swimchannel.net\/br\/travessia-do-canal-de-ilhabela-2019-sera-gratuita\/eventos@swimchannel.com.br\">eventos@swimchannel.com.br<\/a>\u00a0com nome completo e CPF informando a desist\u00eancia.<\/p>\n<p>Todos os atletas receber\u00e3o um kit, al\u00e9m da medalha de participa\u00e7\u00e3o ap\u00f3s a conclus\u00e3o da prova. A retirada dos kits, assim como o congresso t\u00e9cnico, ser\u00e1 feito no s\u00e1bado (09) na Pra\u00e7a central na Vila de Ilhabela, ou centro de Ilhabela. Para mais informa\u00e7\u00f5es acesse o site oficial da prova\u00a0<a href=\"http:\/\/canaldeilhabela.com.br\/\">aqui.<\/a><\/p>\n","protected":false},"excerpt":{"rendered":"<p>No dia 10 de novembro, grandes nadadores se reuni\u00e3o em Ilhabela para a j\u00e1 tradicional Travessia do Canal de Ilhabela. A nadadora Betina Lorscheitter \u00e9 um dos principais nomes confirmados para a prova de 2019, que teve uma edi\u00e7\u00e3o especial gratuita.\u00a0A ga\u00facha que nada pelo Corinthians, conversou com a SWIM CHANNEL sobre suas expectativas para [&hellip;]<\/p>\n","protected":false},"author":9,"featured_media":20280,"comment_status":"open","ping_status":"open","sticky":false,"template":"","format":"standard","meta":{"footnotes":""},"categories":[1512],"tags":[14,520,1594,5,556],"class_list":["post-20776","post","type-post","status-publish","format-standard","has-post-thumbnail","hentry","category-travessia-do-canal-de-ilhabela","tag-aguas-abertas","tag-betina-lorscheitter","tag-mormaii-natacao","tag-natacao","tag-travessia-do-canal-de-ilhabela"],"yoast_head":"<!-- This site is optimized with the Yoast SEO plugin v27.0 - https:\/\/yoast.com\/product\/yoast-seo-wordpress\/ -->\n<title>Betina Lorscheitter em busca do tri no Canal de Ilhabela<\/title>\n<meta name=\"description\" content=\"Atleta do Corinthians \u00e9 a atual recordista em dois dos tr\u00eas percursos da prova e est\u00e1 confirmada para a edi\u00e7\u00e3o 2019\" \/>\n<meta name=\"robots\" content=\"index, follow, max-snippet:-1, max-image-preview:large, max-video-preview:-1\" \/>\n<link rel=\"canonical\" href=\"https:\/\/swimchannel.net\/br\/betina-lorscheitter-em-busca-do-tri-no-canal-de-ilhabela\/\" \/>\n<meta property=\"og:locale\" content=\"pt_BR\" \/>\n<meta property=\"og:type\" content=\"article\" \/>\n<meta property=\"og:title\" content=\"Betina Lorscheitter em busca do tri no Canal de Ilhabela\" \/>\n<meta property=\"og:description\" content=\"Atleta do Corinthians \u00e9 a atual recordista em dois dos tr\u00eas percursos da prova e est\u00e1 confirmada para a edi\u00e7\u00e3o 2019\" \/>\n<meta property=\"og:url\" content=\"https:\/\/swimchannel.net\/br\/betina-lorscheitter-em-busca-do-tri-no-canal-de-ilhabela\/\" \/>\n<meta property=\"og:site_name\" content=\"Swimchannel\" \/>\n<meta property=\"article:publisher\" content=\"https:\/\/www.facebook.com\/swimchannel\" \/>\n<meta property=\"article:published_time\" content=\"2019-11-01T08:42:21+00:00\" \/>\n<meta property=\"article:modified_time\" content=\"2019-11-01T14:52:45+00:00\" \/>\n<meta property=\"og:image\" content=\"https:\/\/swimchannel.net\/br\/wp-content\/uploads\/2019\/10\/betina-01.jpg\" \/>\n\t<meta property=\"og:image:width\" content=\"1200\" \/>\n\t<meta property=\"og:image:height\" content=\"675\" \/>\n\t<meta property=\"og:image:type\" content=\"image\/jpeg\" \/>\n<meta name=\"author\" content=\"Katarine Monteiro\" \/>\n<meta name=\"twitter:card\" content=\"summary_large_image\" \/>\n<meta name=\"twitter:creator\" content=\"@https:\/\/twitter.com\/Katarinem\" \/>\n<meta name=\"twitter:label1\" content=\"Escrito por\" \/>\n\t<meta name=\"twitter:data1\" content=\"Katarine Monteiro\" \/>\n\t<meta name=\"twitter:label2\" content=\"Est. tempo de leitura\" \/>\n\t<meta name=\"twitter:data2\" content=\"5 minutos\" \/>\n<script type=\"application\/ld+json\" class=\"yoast-schema-graph\">{\"@context\":\"https:\/\/schema.org\",\"@graph\":[{\"@type\":\"Article\",\"@id\":\"https:\/\/swimchannel.net\/br\/betina-lorscheitter-em-busca-do-tri-no-canal-de-ilhabela\/#article\",\"isPartOf\":{\"@id\":\"https:\/\/swimchannel.net\/br\/betina-lorscheitter-em-busca-do-tri-no-canal-de-ilhabela\/\"},\"author\":{\"name\":\"Katarine Monteiro\",\"@id\":\"https:\/\/swimchannel.net\/br\/#\/schema\/person\/73ae9cec62249968bca1f0a8098ef002\"},\"headline\":\"Betina Lorscheitter em busca do tri no Canal de Ilhabela\",\"datePublished\":\"2019-11-01T08:42:21+00:00\",\"dateModified\":\"2019-11-01T14:52:45+00:00\",\"mainEntityOfPage\":{\"@id\":\"https:\/\/swimchannel.net\/br\/betina-lorscheitter-em-busca-do-tri-no-canal-de-ilhabela\/\"},\"wordCount\":1058,\"commentCount\":0,\"publisher\":{\"@id\":\"https:\/\/swimchannel.net\/br\/#organization\"},\"image\":{\"@id\":\"https:\/\/swimchannel.net\/br\/betina-lorscheitter-em-busca-do-tri-no-canal-de-ilhabela\/#primaryimage\"},\"thumbnailUrl\":\"https:\/\/swimchannel.net\/br\/wp-content\/uploads\/2019\/10\/betina-01.jpg\",\"keywords\":[\"\u00c1guas abertas\",\"Betina Lorscheitter\",\"Mormaii Nata\u00e7\u00e3o\",\"natacao\",\"Travessia do Canal de Ilhabela\"],\"articleSection\":[\"Travessia do Canal de Ilhabela\"],\"inLanguage\":\"pt-BR\",\"potentialAction\":[{\"@type\":\"CommentAction\",\"name\":\"Comment\",\"target\":[\"https:\/\/swimchannel.net\/br\/betina-lorscheitter-em-busca-do-tri-no-canal-de-ilhabela\/#respond\"]}]},{\"@type\":\"WebPage\",\"@id\":\"https:\/\/swimchannel.net\/br\/betina-lorscheitter-em-busca-do-tri-no-canal-de-ilhabela\/\",\"url\":\"https:\/\/swimchannel.net\/br\/betina-lorscheitter-em-busca-do-tri-no-canal-de-ilhabela\/\",\"name\":\"Betina Lorscheitter em busca do tri no Canal de Ilhabela\",\"isPartOf\":{\"@id\":\"https:\/\/swimchannel.net\/br\/#website\"},\"primaryImageOfPage\":{\"@id\":\"https:\/\/swimchannel.net\/br\/betina-lorscheitter-em-busca-do-tri-no-canal-de-ilhabela\/#primaryimage\"},\"image\":{\"@id\":\"https:\/\/swimchannel.net\/br\/betina-lorscheitter-em-busca-do-tri-no-canal-de-ilhabela\/#primaryimage\"},\"thumbnailUrl\":\"https:\/\/swimchannel.net\/br\/wp-content\/uploads\/2019\/10\/betina-01.jpg\",\"datePublished\":\"2019-11-01T08:42:21+00:00\",\"dateModified\":\"2019-11-01T14:52:45+00:00\",\"description\":\"Atleta do Corinthians \u00e9 a atual recordista em dois dos tr\u00eas percursos da prova e est\u00e1 confirmada para a edi\u00e7\u00e3o 2019\",\"breadcrumb\":{\"@id\":\"https:\/\/swimchannel.net\/br\/betina-lorscheitter-em-busca-do-tri-no-canal-de-ilhabela\/#breadcrumb\"},\"inLanguage\":\"pt-BR\",\"potentialAction\":[{\"@type\":\"ReadAction\",\"target\":[\"https:\/\/swimchannel.net\/br\/betina-lorscheitter-em-busca-do-tri-no-canal-de-ilhabela\/\"]}]},{\"@type\":\"ImageObject\",\"inLanguage\":\"pt-BR\",\"@id\":\"https:\/\/swimchannel.net\/br\/betina-lorscheitter-em-busca-do-tri-no-canal-de-ilhabela\/#primaryimage\",\"url\":\"https:\/\/swimchannel.net\/br\/wp-content\/uploads\/2019\/10\/betina-01.jpg\",\"contentUrl\":\"https:\/\/swimchannel.net\/br\/wp-content\/uploads\/2019\/10\/betina-01.jpg\",\"width\":1200,\"height\":675,\"caption\":\"Betina Lorscheitter - Foto: Satiro Sodr\u00e9\/SSPress\"},{\"@type\":\"BreadcrumbList\",\"@id\":\"https:\/\/swimchannel.net\/br\/betina-lorscheitter-em-busca-do-tri-no-canal-de-ilhabela\/#breadcrumb\",\"itemListElement\":[{\"@type\":\"ListItem\",\"position\":1,\"name\":\"Home\",\"item\":\"https:\/\/swimchannel.net\/br\/\"},{\"@type\":\"ListItem\",\"position\":2,\"name\":\"Betina Lorscheitter em busca do tri no Canal de Ilhabela\"}]},{\"@type\":\"WebSite\",\"@id\":\"https:\/\/swimchannel.net\/br\/#website\",\"url\":\"https:\/\/swimchannel.net\/br\/\",\"name\":\"Swimchannel\",\"description\":\"Maior portal de nata\u00e7\u00e3o da america latina\",\"publisher\":{\"@id\":\"https:\/\/swimchannel.net\/br\/#organization\"},\"potentialAction\":[{\"@type\":\"SearchAction\",\"target\":{\"@type\":\"EntryPoint\",\"urlTemplate\":\"https:\/\/swimchannel.net\/br\/?s={search_term_string}\"},\"query-input\":{\"@type\":\"PropertyValueSpecification\",\"valueRequired\":true,\"valueName\":\"search_term_string\"}}],\"inLanguage\":\"pt-BR\"},{\"@type\":\"Organization\",\"@id\":\"https:\/\/swimchannel.net\/br\/#organization\",\"name\":\"Swimchannel - Conectando voc\u00ea a Nata\u00e7\u00e3o\",\"url\":\"https:\/\/swimchannel.net\/br\/\",\"logo\":{\"@type\":\"ImageObject\",\"inLanguage\":\"pt-BR\",\"@id\":\"https:\/\/swimchannel.net\/br\/#\/schema\/logo\/image\/\",\"url\":\"https:\/\/swimchannel.net\/br\/wp-content\/uploads\/2026\/02\/SWIM-CHANNEL.png\",\"contentUrl\":\"https:\/\/swimchannel.net\/br\/wp-content\/uploads\/2026\/02\/SWIM-CHANNEL.png\",\"width\":1120,\"height\":630,\"caption\":\"Swimchannel - Conectando voc\u00ea a Nata\u00e7\u00e3o\"},\"image\":{\"@id\":\"https:\/\/swimchannel.net\/br\/#\/schema\/logo\/image\/\"},\"sameAs\":[\"https:\/\/www.facebook.com\/swimchannel\",\"https:\/\/www.instagram.com\/swimchannel\"]},{\"@type\":\"Person\",\"@id\":\"https:\/\/swimchannel.net\/br\/#\/schema\/person\/73ae9cec62249968bca1f0a8098ef002\",\"name\":\"Katarine Monteiro\",\"image\":{\"@type\":\"ImageObject\",\"inLanguage\":\"pt-BR\",\"@id\":\"https:\/\/swimchannel.net\/br\/#\/schema\/person\/image\/\",\"url\":\"https:\/\/swimchannel.net\/br\/wp-content\/uploads\/2022\/01\/Katarine-Monteiro-100x100.jpg\",\"contentUrl\":\"https:\/\/swimchannel.net\/br\/wp-content\/uploads\/2022\/01\/Katarine-Monteiro-100x100.jpg\",\"caption\":\"Katarine Monteiro\"},\"description\":\"Jornalista SWIM CHANNEL especializada em esportes ol\u00edmpicos e em sa\u00fade. Com cobertura de grandes eventos internacionais, como Jogos Ol\u00edmpicos Rio 2016, Jogos Pan-Americanos em Lima 2019, Qatar Total Open 2020, Qatar ExxonMobil Open 2019 - t\u00eanis em Doha (QT), Semana Internacional de Vela de Ilhabela, Transat Jacques Vabre 2019 (Fran\u00e7a-Brasil), L'\u00c9tape Brasil by Tour de France, j\u00e1 fez in\u00fameras coberturas de nata\u00e7\u00e3o, maratona aqu\u00e1tica e polo aqu\u00e1tico. Formada tamb\u00e9m em Letras, a jornalista atua como assessora de imprensa, rela\u00e7\u00f5es p\u00fablicas e social media, com especializa\u00e7\u00e3o em marketing esportivo. Nadadora amadora de \u00e1guas abertas, j\u00e1 trabalhou com grandes nomes da nata\u00e7\u00e3o e do polo aqu\u00e1tico brasileiro.\",\"sameAs\":[\"https:\/\/www.instagram.com\/_katarinemonteiro\/\",\"https:\/\/www.linkedin.com\/in\/katarine-monteiro-19385297\/\",\"https:\/\/x.com\/https:\/\/twitter.com\/Katarinem\"],\"url\":\"https:\/\/swimchannel.net\/br\/author\/katarine-monteiro\/\"}]}<\/script>\n<!-- \/ Yoast SEO plugin. -->","yoast_head_json":{"title":"Betina Lorscheitter em busca do tri no Canal de Ilhabela","description":"Atleta do Corinthians \u00e9 a atual recordista em dois dos tr\u00eas percursos da prova e est\u00e1 confirmada para a edi\u00e7\u00e3o 2019","robots":{"index":"index","follow":"follow","max-snippet":"max-snippet:-1","max-image-preview":"max-image-preview:large","max-video-preview":"max-video-preview:-1"},"canonical":"https:\/\/swimchannel.net\/br\/betina-lorscheitter-em-busca-do-tri-no-canal-de-ilhabela\/","og_locale":"pt_BR","og_type":"article","og_title":"Betina Lorscheitter em busca do tri no Canal de Ilhabela","og_description":"Atleta do Corinthians \u00e9 a atual recordista em dois dos tr\u00eas percursos da prova e est\u00e1 confirmada para a edi\u00e7\u00e3o 2019","og_url":"https:\/\/swimchannel.net\/br\/betina-lorscheitter-em-busca-do-tri-no-canal-de-ilhabela\/","og_site_name":"Swimchannel","article_publisher":"https:\/\/www.facebook.com\/swimchannel","article_published_time":"2019-11-01T08:42:21+00:00","article_modified_time":"2019-11-01T14:52:45+00:00","og_image":[{"width":1200,"height":675,"url":"https:\/\/swimchannel.net\/br\/wp-content\/uploads\/2019\/10\/betina-01.jpg","type":"image\/jpeg"}],"author":"Katarine Monteiro","twitter_card":"summary_large_image","twitter_creator":"@https:\/\/twitter.com\/Katarinem","twitter_misc":{"Escrito por":"Katarine Monteiro","Est. tempo de leitura":"5 minutos"},"schema":{"@context":"https:\/\/schema.org","@graph":[{"@type":"Article","@id":"https:\/\/swimchannel.net\/br\/betina-lorscheitter-em-busca-do-tri-no-canal-de-ilhabela\/#article","isPartOf":{"@id":"https:\/\/swimchannel.net\/br\/betina-lorscheitter-em-busca-do-tri-no-canal-de-ilhabela\/"},"author":{"name":"Katarine Monteiro","@id":"https:\/\/swimchannel.net\/br\/#\/schema\/person\/73ae9cec62249968bca1f0a8098ef002"},"headline":"Betina Lorscheitter em busca do tri no Canal de Ilhabela","datePublished":"2019-11-01T08:42:21+00:00","dateModified":"2019-11-01T14:52:45+00:00","mainEntityOfPage":{"@id":"https:\/\/swimchannel.net\/br\/betina-lorscheitter-em-busca-do-tri-no-canal-de-ilhabela\/"},"wordCount":1058,"commentCount":0,"publisher":{"@id":"https:\/\/swimchannel.net\/br\/#organization"},"image":{"@id":"https:\/\/swimchannel.net\/br\/betina-lorscheitter-em-busca-do-tri-no-canal-de-ilhabela\/#primaryimage"},"thumbnailUrl":"https:\/\/swimchannel.net\/br\/wp-content\/uploads\/2019\/10\/betina-01.jpg","keywords":["\u00c1guas abertas","Betina Lorscheitter","Mormaii Nata\u00e7\u00e3o","natacao","Travessia do Canal de Ilhabela"],"articleSection":["Travessia do Canal de Ilhabela"],"inLanguage":"pt-BR","potentialAction":[{"@type":"CommentAction","name":"Comment","target":["https:\/\/swimchannel.net\/br\/betina-lorscheitter-em-busca-do-tri-no-canal-de-ilhabela\/#respond"]}]},{"@type":"WebPage","@id":"https:\/\/swimchannel.net\/br\/betina-lorscheitter-em-busca-do-tri-no-canal-de-ilhabela\/","url":"https:\/\/swimchannel.net\/br\/betina-lorscheitter-em-busca-do-tri-no-canal-de-ilhabela\/","name":"Betina Lorscheitter em busca do tri no Canal de Ilhabela","isPartOf":{"@id":"https:\/\/swimchannel.net\/br\/#website"},"primaryImageOfPage":{"@id":"https:\/\/swimchannel.net\/br\/betina-lorscheitter-em-busca-do-tri-no-canal-de-ilhabela\/#primaryimage"},"image":{"@id":"https:\/\/swimchannel.net\/br\/betina-lorscheitter-em-busca-do-tri-no-canal-de-ilhabela\/#primaryimage"},"thumbnailUrl":"https:\/\/swimchannel.net\/br\/wp-content\/uploads\/2019\/10\/betina-01.jpg","datePublished":"2019-11-01T08:42:21+00:00","dateModified":"2019-11-01T14:52:45+00:00","description":"Atleta do Corinthians \u00e9 a atual recordista em dois dos tr\u00eas percursos da prova e est\u00e1 confirmada para a edi\u00e7\u00e3o 2019","breadcrumb":{"@id":"https:\/\/swimchannel.net\/br\/betina-lorscheitter-em-busca-do-tri-no-canal-de-ilhabela\/#breadcrumb"},"inLanguage":"pt-BR","potentialAction":[{"@type":"ReadAction","target":["https:\/\/swimchannel.net\/br\/betina-lorscheitter-em-busca-do-tri-no-canal-de-ilhabela\/"]}]},{"@type":"ImageObject","inLanguage":"pt-BR","@id":"https:\/\/swimchannel.net\/br\/betina-lorscheitter-em-busca-do-tri-no-canal-de-ilhabela\/#primaryimage","url":"https:\/\/swimchannel.net\/br\/wp-content\/uploads\/2019\/10\/betina-01.jpg","contentUrl":"https:\/\/swimchannel.net\/br\/wp-content\/uploads\/2019\/10\/betina-01.jpg","width":1200,"height":675,"caption":"Betina Lorscheitter - Foto: Satiro Sodr\u00e9\/SSPress"},{"@type":"BreadcrumbList","@id":"https:\/\/swimchannel.net\/br\/betina-lorscheitter-em-busca-do-tri-no-canal-de-ilhabela\/#breadcrumb","itemListElement":[{"@type":"ListItem","position":1,"name":"Home","item":"https:\/\/swimchannel.net\/br\/"},{"@type":"ListItem","position":2,"name":"Betina Lorscheitter em busca do tri no Canal de Ilhabela"}]},{"@type":"WebSite","@id":"https:\/\/swimchannel.net\/br\/#website","url":"https:\/\/swimchannel.net\/br\/","name":"Swimchannel","description":"Maior portal de nata\u00e7\u00e3o da america latina","publisher":{"@id":"https:\/\/swimchannel.net\/br\/#organization"},"potentialAction":[{"@type":"SearchAction","target":{"@type":"EntryPoint","urlTemplate":"https:\/\/swimchannel.net\/br\/?s={search_term_string}"},"query-input":{"@type":"PropertyValueSpecification","valueRequired":true,"valueName":"search_term_string"}}],"inLanguage":"pt-BR"},{"@type":"Organization","@id":"https:\/\/swimchannel.net\/br\/#organization","name":"Swimchannel - Conectando voc\u00ea a Nata\u00e7\u00e3o","url":"https:\/\/swimchannel.net\/br\/","logo":{"@type":"ImageObject","inLanguage":"pt-BR","@id":"https:\/\/swimchannel.net\/br\/#\/schema\/logo\/image\/","url":"https:\/\/swimchannel.net\/br\/wp-content\/uploads\/2026\/02\/SWIM-CHANNEL.png","contentUrl":"https:\/\/swimchannel.net\/br\/wp-content\/uploads\/2026\/02\/SWIM-CHANNEL.png","width":1120,"height":630,"caption":"Swimchannel - Conectando voc\u00ea a Nata\u00e7\u00e3o"},"image":{"@id":"https:\/\/swimchannel.net\/br\/#\/schema\/logo\/image\/"},"sameAs":["https:\/\/www.facebook.com\/swimchannel","https:\/\/www.instagram.com\/swimchannel"]},{"@type":"Person","@id":"https:\/\/swimchannel.net\/br\/#\/schema\/person\/73ae9cec62249968bca1f0a8098ef002","name":"Katarine Monteiro","image":{"@type":"ImageObject","inLanguage":"pt-BR","@id":"https:\/\/swimchannel.net\/br\/#\/schema\/person\/image\/","url":"https:\/\/swimchannel.net\/br\/wp-content\/uploads\/2022\/01\/Katarine-Monteiro-100x100.jpg","contentUrl":"https:\/\/swimchannel.net\/br\/wp-content\/uploads\/2022\/01\/Katarine-Monteiro-100x100.jpg","caption":"Katarine Monteiro"},"description":"Jornalista SWIM CHANNEL especializada em esportes ol\u00edmpicos e em sa\u00fade. Com cobertura de grandes eventos internacionais, como Jogos Ol\u00edmpicos Rio 2016, Jogos Pan-Americanos em Lima 2019, Qatar Total Open 2020, Qatar ExxonMobil Open 2019 - t\u00eanis em Doha (QT), Semana Internacional de Vela de Ilhabela, Transat Jacques Vabre 2019 (Fran\u00e7a-Brasil), L'\u00c9tape Brasil by Tour de France, j\u00e1 fez in\u00fameras coberturas de nata\u00e7\u00e3o, maratona aqu\u00e1tica e polo aqu\u00e1tico. Formada tamb\u00e9m em Letras, a jornalista atua como assessora de imprensa, rela\u00e7\u00f5es p\u00fablicas e social media, com especializa\u00e7\u00e3o em marketing esportivo. Nadadora amadora de \u00e1guas abertas, j\u00e1 trabalhou com grandes nomes da nata\u00e7\u00e3o e do polo aqu\u00e1tico brasileiro.","sameAs":["https:\/\/www.instagram.com\/_katarinemonteiro\/","https:\/\/www.linkedin.com\/in\/katarine-monteiro-19385297\/","https:\/\/x.com\/https:\/\/twitter.com\/Katarinem"],"url":"https:\/\/swimchannel.net\/br\/author\/katarine-monteiro\/"}]}},"_links":{"self":[{"href":"https:\/\/swimchannel.net\/br\/wp-json\/wp\/v2\/posts\/20776","targetHints":{"allow":["GET"]}}],"collection":[{"href":"https:\/\/swimchannel.net\/br\/wp-json\/wp\/v2\/posts"}],"about":[{"href":"https:\/\/swimchannel.net\/br\/wp-json\/wp\/v2\/types\/post"}],"author":[{"embeddable":true,"href":"https:\/\/swimchannel.net\/br\/wp-json\/wp\/v2\/users\/9"}],"replies":[{"embeddable":true,"href":"https:\/\/swimchannel.net\/br\/wp-json\/wp\/v2\/comments?post=20776"}],"version-history":[{"count":0,"href":"https:\/\/swimchannel.net\/br\/wp-json\/wp\/v2\/posts\/20776\/revisions"}],"wp:featuredmedia":[{"embeddable":true,"href":"https:\/\/swimchannel.net\/br\/wp-json\/wp\/v2\/media\/20280"}],"wp:attachment":[{"href":"https:\/\/swimchannel.net\/br\/wp-json\/wp\/v2\/media?parent=20776"}],"wp:term":[{"taxonomy":"category","embeddable":true,"href":"https:\/\/swimchannel.net\/br\/wp-json\/wp\/v2\/categories?post=20776"},{"taxonomy":"post_tag","embeddable":true,"href":"https:\/\/swimchannel.net\/br\/wp-json\/wp\/v2\/tags?post=20776"}],"curies":[{"name":"wp","href":"https:\/\/api.w.org\/{rel}","templated":true}]}}