{"id":21018,"date":"2019-11-15T00:17:12","date_gmt":"2019-11-15T00:17:12","guid":{"rendered":"https:\/\/swimchannel.flywheelsites.com\/?p=21018"},"modified":"2019-11-15T18:30:30","modified_gmt":"2019-11-15T18:30:30","slug":"campeonato-brasileiro-de-aguas-abertas-chega-a-ultima-etapa","status":"publish","type":"post","link":"https:\/\/swimchannel.net\/br\/campeonato-brasileiro-de-aguas-abertas-chega-a-ultima-etapa\/","title":{"rendered":"Campeonato Brasileiro de \u00e1guas abertas chega a \u00faltima etapa"},"content":{"rendered":"<p>A praia de Inema, em Salvador (BA) recebe neste fim de semana (16 e 17 de novembro) a sexta e \u00faltima etapa do Campeonato Brasileiro e Copa Brasil de Maratonas Aqu\u00e1ticas 2019. As provas ir\u00e3o definir os campe\u00f5es da temporada da Confedera\u00e7\u00e3o Brasileira de Desportos Aqu\u00e1ticos (CBDA) nos 10 km e nos 5 km do Brasileiro e dos 5 km e 2,5 km da Copa,\u00a0al\u00e9m dos clubes campe\u00f5es gerais da temporada.<\/p>\n<p>A prova contar\u00e1 com presen\u00e7as especiais. A come\u00e7ar por <a href=\"https:\/\/swimchannel.net\/br\/atleta\/ana-marcela-cunha\/\">Ana Marcela Cunha<\/a>, eleita pelo COB como a melhor atleta da modalidade em 2019. A baiana teve uma grande temporada conquistando o t\u00edtulo pan-americano, o tetracampeonato mundial nos 25 km, al\u00e9m dos 5 km, e de obter a vaga ol\u00edmpica para os Jogos de T\u00f3quio-2020. Ana Marcela deve ser eleita a melhor nadadora do mundo pela FINA em dezembro e concorre mais uma vez ao Pr\u00eamio Brasil Ol\u00edmpico do COB.<\/p>\n<figure id=\"attachment_18200\" aria-describedby=\"caption-attachment-18200\" style=\"width: 1800px\" class=\"wp-caption alignnone\"><img loading=\"lazy\" decoding=\"async\" class=\"size-full wp-image-18200\" src=\"https:\/\/swimchannel.net\/br\/wp-content\/uploads\/2019\/07\/N6I4653.jpg\" alt=\"\" width=\"1800\" height=\"1200\" srcset=\"https:\/\/swimchannel.net\/br\/wp-content\/uploads\/2019\/07\/N6I4653.jpg 1800w, https:\/\/swimchannel.net\/br\/wp-content\/uploads\/2019\/07\/N6I4653-600x400.jpg 600w\" sizes=\"auto, (max-width: 1800px) 100vw, 1800px\" \/><figcaption id=\"caption-attachment-18200\" class=\"wp-caption-text\">Ana Marcela Cunha &#8211; Foto: Satiro Sodr\u00e9<\/figcaption><\/figure>\n<p>Al\u00e9m dela, <a href=\"https:\/\/swimchannel.net\/br\/atleta\/allan-do-carmo\/\">Allan do Carmo<\/a> tamb\u00e9m estar\u00e1 na prova. O nadador <a href=\"https:\/\/swimchannel.net\/br\/allan-do-carmo-e-betina-lorscheitter-vencem-o-canal-de-ilhabela\/\">vem de vit\u00f3ria na Travessia do Canal de Ilhabela<\/a> e busca nos pr\u00f3ximos meses focar seus treinamentos para a repescagem mundial da maratona aqu\u00e1tica dos Jogos Ol\u00edmpicos de T\u00f3quio-2020.\u00a0\u00a0Entre os 500 atletas confirmados para esta etapa do Campeonato e da Copa Brasil destaque para a o medalhista ol\u00edmpico e vice-campe\u00e3o mundial Marc-Antoine Olivier. O franc\u00eas esta em Salvador para nadar os 5 km e 10 km como parte de sua prepara\u00e7\u00e3o ol\u00edmpica.<\/p>\n<p>Com o t\u00edtulo geral garantido nos 10 km e nos 5 km, Betina Lorscheitter tamb\u00e9m est\u00e1 confirmada no evento. No masculino, Alexandre Finco e Guilherme Toledo Ribeiro disputar\u00e3o os trof\u00e9us de campe\u00e3o geral nas duas provas. J\u00e1 no\u00a0ranking de clubes nos 10 km do Campeonato, o Gr\u00eamio N\u00e1utico Uni\u00e3o lidera o ranking geral com\u00a03.629 pontos, seguido pela Athenas Academia com 2.665,50 e pelo Corinthians com 1.987 pontos.<\/p>\n<figure id=\"attachment_20280\" aria-describedby=\"caption-attachment-20280\" style=\"width: 1200px\" class=\"wp-caption alignnone\"><img loading=\"lazy\" decoding=\"async\" class=\"size-full wp-image-20280\" src=\"https:\/\/swimchannel.net\/br\/wp-content\/uploads\/2019\/10\/betina-01.jpg\" alt=\"\" width=\"1200\" height=\"675\" srcset=\"https:\/\/swimchannel.net\/br\/wp-content\/uploads\/2019\/10\/betina-01.jpg 1200w, https:\/\/swimchannel.net\/br\/wp-content\/uploads\/2019\/10\/betina-01-600x338.jpg 600w\" sizes=\"auto, (max-width: 1200px) 100vw, 1200px\" \/><figcaption id=\"caption-attachment-20280\" class=\"wp-caption-text\">Betina Lorscheitter &#8211; Foto: Satiro Sodr\u00e9\/SSPress<\/figcaption><\/figure>\n<p>\u201cN\u00f3s vamos ter a participa\u00e7\u00e3o de tr\u00eas nadadores ol\u00edmpicos. Ainda teremos as sele\u00e7\u00f5es do Peru e do Equador, em um total de sete atletas estrangeiros. Teremos tamb\u00e9m uma disputa acirrad\u00edssima dos rankings de 5 km e 10 km. Em algumas classes de idade, a diferen\u00e7a de pontua\u00e7\u00e3o \u00e9 de apenas um ponto. Vai ser uma competi\u00e7\u00e3o com o n\u00edvel t\u00e9cnico alt\u00edssimo em uma festa linda aqui em Inema\u201d, disse Sergio Silva, diretor de Maratonas Aqu\u00e1ticas da CBDA.<\/p>\n<p>Os 10 km do Campeonato Brasileiro e os 2,5 km da Copa Brasil ser\u00e3o realizados no s\u00e1bado. No domingo (17), ser\u00e1 a vez das disputas de 5 km do Campeonato Brasileiro e da Copa Brasil.\u00a0Em paralelo ao Campeonato Brasileiro e \u00e0 Copa Brasil, a Federa\u00e7\u00e3o Baiana de Desportos Aqu\u00e1ticos promover\u00e1 torneios da modalidade que fazem o n\u00famero total de atletas superar 800 nadadores. Para conferir o balizamento completo das provas e mais informa\u00e7\u00f5es sobre a competi\u00e7\u00e3o<a href=\"https:\/\/www.cbda.org.br\/cbda\/maratonas\/evento\/665\/6-ordf-prova-10-km-c-bras-de-maratonas-aquaticas\">\u00a0clique aqui<\/a>.<\/p>\n","protected":false},"excerpt":{"rendered":"<p>A praia de Inema, em Salvador (BA) recebe neste fim de semana (16 e 17 de novembro) a sexta e \u00faltima etapa do Campeonato Brasileiro e Copa Brasil de Maratonas Aqu\u00e1ticas 2019. As provas ir\u00e3o definir os campe\u00f5es da temporada da Confedera\u00e7\u00e3o Brasileira de Desportos Aqu\u00e1ticos (CBDA) nos 10 km e nos 5 km do [&hellip;]<\/p>\n","protected":false},"author":9,"featured_media":21027,"comment_status":"open","ping_status":"open","sticky":false,"template":"","format":"standard","meta":{"footnotes":""},"categories":[115,1171],"tags":[14,1374,194,2033,5,427],"class_list":["post-21018","post","type-post","status-publish","format-standard","has-post-thumbnail","hentry","category-aguas-abertas","category-cbda","tag-aguas-abertas","tag-campeonato-brasileiro-de-aguas-abertas","tag-cbda","tag-inema","tag-natacao","tag-salvador"],"yoast_head":"<!-- This site is optimized with the Yoast SEO plugin v27.0 - https:\/\/yoast.com\/product\/yoast-seo-wordpress\/ -->\n<title>Campeonato Brasileiro de \u00e1guas abertas chega \u00e0 \u00faltima etapa<\/title>\n<meta name=\"description\" content=\"Competi\u00e7\u00e3o acontece na Praia de Inema e ter\u00e1 participa\u00e7\u00e3o de tr\u00eas atletas ol\u00edmpicos: Ana Marcela Cunha, Allan do Carmo e Marc Antoine Olivier\" \/>\n<meta name=\"robots\" content=\"index, follow, max-snippet:-1, max-image-preview:large, max-video-preview:-1\" \/>\n<link rel=\"canonical\" href=\"https:\/\/swimchannel.net\/br\/campeonato-brasileiro-de-aguas-abertas-chega-a-ultima-etapa\/\" \/>\n<meta property=\"og:locale\" content=\"pt_BR\" \/>\n<meta property=\"og:type\" content=\"article\" \/>\n<meta property=\"og:title\" content=\"Campeonato Brasileiro de \u00e1guas abertas chega \u00e0 \u00faltima etapa\" \/>\n<meta property=\"og:description\" content=\"Competi\u00e7\u00e3o acontece na Praia de Inema e ter\u00e1 participa\u00e7\u00e3o de tr\u00eas atletas ol\u00edmpicos: Ana Marcela Cunha, Allan do Carmo e Marc Antoine Olivier\" \/>\n<meta property=\"og:url\" content=\"https:\/\/swimchannel.net\/br\/campeonato-brasileiro-de-aguas-abertas-chega-a-ultima-etapa\/\" \/>\n<meta property=\"og:site_name\" content=\"Swimchannel\" \/>\n<meta property=\"article:publisher\" content=\"https:\/\/www.facebook.com\/swimchannel\" \/>\n<meta property=\"article:published_time\" content=\"2019-11-15T00:17:12+00:00\" \/>\n<meta property=\"article:modified_time\" content=\"2019-11-15T18:30:30+00:00\" \/>\n<meta property=\"og:image\" content=\"https:\/\/swimchannel.net\/br\/wp-content\/uploads\/2019\/11\/inema.jpg\" \/>\n\t<meta property=\"og:image:width\" content=\"1200\" \/>\n\t<meta property=\"og:image:height\" content=\"675\" \/>\n\t<meta property=\"og:image:type\" content=\"image\/jpeg\" \/>\n<meta name=\"author\" content=\"Katarine Monteiro\" \/>\n<meta name=\"twitter:card\" content=\"summary_large_image\" \/>\n<meta name=\"twitter:creator\" content=\"@https:\/\/twitter.com\/Katarinem\" \/>\n<meta name=\"twitter:label1\" content=\"Escrito por\" \/>\n\t<meta name=\"twitter:data1\" content=\"Katarine Monteiro\" \/>\n\t<meta name=\"twitter:label2\" content=\"Est. tempo de leitura\" \/>\n\t<meta name=\"twitter:data2\" content=\"3 minutos\" \/>\n<script type=\"application\/ld+json\" class=\"yoast-schema-graph\">{\"@context\":\"https:\/\/schema.org\",\"@graph\":[{\"@type\":\"Article\",\"@id\":\"https:\/\/swimchannel.net\/br\/campeonato-brasileiro-de-aguas-abertas-chega-a-ultima-etapa\/#article\",\"isPartOf\":{\"@id\":\"https:\/\/swimchannel.net\/br\/campeonato-brasileiro-de-aguas-abertas-chega-a-ultima-etapa\/\"},\"author\":{\"name\":\"Katarine Monteiro\",\"@id\":\"https:\/\/swimchannel.net\/br\/#\/schema\/person\/73ae9cec62249968bca1f0a8098ef002\"},\"headline\":\"Campeonato Brasileiro de \u00e1guas abertas chega a \u00faltima etapa\",\"datePublished\":\"2019-11-15T00:17:12+00:00\",\"dateModified\":\"2019-11-15T18:30:30+00:00\",\"mainEntityOfPage\":{\"@id\":\"https:\/\/swimchannel.net\/br\/campeonato-brasileiro-de-aguas-abertas-chega-a-ultima-etapa\/\"},\"wordCount\":525,\"commentCount\":0,\"publisher\":{\"@id\":\"https:\/\/swimchannel.net\/br\/#organization\"},\"image\":{\"@id\":\"https:\/\/swimchannel.net\/br\/campeonato-brasileiro-de-aguas-abertas-chega-a-ultima-etapa\/#primaryimage\"},\"thumbnailUrl\":\"https:\/\/swimchannel.net\/br\/wp-content\/uploads\/2019\/11\/inema.jpg\",\"keywords\":[\"\u00c1guas abertas\",\"Campeonato Brasileiro de \u00c1guas Abertas\",\"CBDA\",\"Inema\",\"natacao\",\"Salvador\"],\"articleSection\":[\"\u00c1guas Abertas\",\"CBDA\"],\"inLanguage\":\"pt-BR\",\"potentialAction\":[{\"@type\":\"CommentAction\",\"name\":\"Comment\",\"target\":[\"https:\/\/swimchannel.net\/br\/campeonato-brasileiro-de-aguas-abertas-chega-a-ultima-etapa\/#respond\"]}]},{\"@type\":\"WebPage\",\"@id\":\"https:\/\/swimchannel.net\/br\/campeonato-brasileiro-de-aguas-abertas-chega-a-ultima-etapa\/\",\"url\":\"https:\/\/swimchannel.net\/br\/campeonato-brasileiro-de-aguas-abertas-chega-a-ultima-etapa\/\",\"name\":\"Campeonato Brasileiro de \u00e1guas abertas chega \u00e0 \u00faltima etapa\",\"isPartOf\":{\"@id\":\"https:\/\/swimchannel.net\/br\/#website\"},\"primaryImageOfPage\":{\"@id\":\"https:\/\/swimchannel.net\/br\/campeonato-brasileiro-de-aguas-abertas-chega-a-ultima-etapa\/#primaryimage\"},\"image\":{\"@id\":\"https:\/\/swimchannel.net\/br\/campeonato-brasileiro-de-aguas-abertas-chega-a-ultima-etapa\/#primaryimage\"},\"thumbnailUrl\":\"https:\/\/swimchannel.net\/br\/wp-content\/uploads\/2019\/11\/inema.jpg\",\"datePublished\":\"2019-11-15T00:17:12+00:00\",\"dateModified\":\"2019-11-15T18:30:30+00:00\",\"description\":\"Competi\u00e7\u00e3o acontece na Praia de Inema e ter\u00e1 participa\u00e7\u00e3o de tr\u00eas atletas ol\u00edmpicos: Ana Marcela Cunha, Allan do Carmo e Marc Antoine Olivier\",\"breadcrumb\":{\"@id\":\"https:\/\/swimchannel.net\/br\/campeonato-brasileiro-de-aguas-abertas-chega-a-ultima-etapa\/#breadcrumb\"},\"inLanguage\":\"pt-BR\",\"potentialAction\":[{\"@type\":\"ReadAction\",\"target\":[\"https:\/\/swimchannel.net\/br\/campeonato-brasileiro-de-aguas-abertas-chega-a-ultima-etapa\/\"]}]},{\"@type\":\"ImageObject\",\"inLanguage\":\"pt-BR\",\"@id\":\"https:\/\/swimchannel.net\/br\/campeonato-brasileiro-de-aguas-abertas-chega-a-ultima-etapa\/#primaryimage\",\"url\":\"https:\/\/swimchannel.net\/br\/wp-content\/uploads\/2019\/11\/inema.jpg\",\"contentUrl\":\"https:\/\/swimchannel.net\/br\/wp-content\/uploads\/2019\/11\/inema.jpg\",\"width\":1200,\"height\":675,\"caption\":\"Etapa de Inema encerra a temporada 2019 - Foto: Satiro Sodr\u00e9\/SSPress\"},{\"@type\":\"BreadcrumbList\",\"@id\":\"https:\/\/swimchannel.net\/br\/campeonato-brasileiro-de-aguas-abertas-chega-a-ultima-etapa\/#breadcrumb\",\"itemListElement\":[{\"@type\":\"ListItem\",\"position\":1,\"name\":\"Home\",\"item\":\"https:\/\/swimchannel.net\/br\/\"},{\"@type\":\"ListItem\",\"position\":2,\"name\":\"Campeonato Brasileiro de \u00e1guas abertas chega a \u00faltima etapa\"}]},{\"@type\":\"WebSite\",\"@id\":\"https:\/\/swimchannel.net\/br\/#website\",\"url\":\"https:\/\/swimchannel.net\/br\/\",\"name\":\"Swimchannel\",\"description\":\"Maior portal de nata\u00e7\u00e3o da america latina\",\"publisher\":{\"@id\":\"https:\/\/swimchannel.net\/br\/#organization\"},\"potentialAction\":[{\"@type\":\"SearchAction\",\"target\":{\"@type\":\"EntryPoint\",\"urlTemplate\":\"https:\/\/swimchannel.net\/br\/?s={search_term_string}\"},\"query-input\":{\"@type\":\"PropertyValueSpecification\",\"valueRequired\":true,\"valueName\":\"search_term_string\"}}],\"inLanguage\":\"pt-BR\"},{\"@type\":\"Organization\",\"@id\":\"https:\/\/swimchannel.net\/br\/#organization\",\"name\":\"Swimchannel - Conectando voc\u00ea a Nata\u00e7\u00e3o\",\"url\":\"https:\/\/swimchannel.net\/br\/\",\"logo\":{\"@type\":\"ImageObject\",\"inLanguage\":\"pt-BR\",\"@id\":\"https:\/\/swimchannel.net\/br\/#\/schema\/logo\/image\/\",\"url\":\"https:\/\/swimchannel.net\/br\/wp-content\/uploads\/2026\/02\/SWIM-CHANNEL.png\",\"contentUrl\":\"https:\/\/swimchannel.net\/br\/wp-content\/uploads\/2026\/02\/SWIM-CHANNEL.png\",\"width\":1120,\"height\":630,\"caption\":\"Swimchannel - Conectando voc\u00ea a Nata\u00e7\u00e3o\"},\"image\":{\"@id\":\"https:\/\/swimchannel.net\/br\/#\/schema\/logo\/image\/\"},\"sameAs\":[\"https:\/\/www.facebook.com\/swimchannel\",\"https:\/\/www.instagram.com\/swimchannel\"]},{\"@type\":\"Person\",\"@id\":\"https:\/\/swimchannel.net\/br\/#\/schema\/person\/73ae9cec62249968bca1f0a8098ef002\",\"name\":\"Katarine Monteiro\",\"image\":{\"@type\":\"ImageObject\",\"inLanguage\":\"pt-BR\",\"@id\":\"https:\/\/swimchannel.net\/br\/#\/schema\/person\/image\/\",\"url\":\"https:\/\/swimchannel.net\/br\/wp-content\/uploads\/2022\/01\/Katarine-Monteiro-100x100.jpg\",\"contentUrl\":\"https:\/\/swimchannel.net\/br\/wp-content\/uploads\/2022\/01\/Katarine-Monteiro-100x100.jpg\",\"caption\":\"Katarine Monteiro\"},\"description\":\"Jornalista SWIM CHANNEL especializada em esportes ol\u00edmpicos e em sa\u00fade. Com cobertura de grandes eventos internacionais, como Jogos Ol\u00edmpicos Rio 2016, Jogos Pan-Americanos em Lima 2019, Qatar Total Open 2020, Qatar ExxonMobil Open 2019 - t\u00eanis em Doha (QT), Semana Internacional de Vela de Ilhabela, Transat Jacques Vabre 2019 (Fran\u00e7a-Brasil), L'\u00c9tape Brasil by Tour de France, j\u00e1 fez in\u00fameras coberturas de nata\u00e7\u00e3o, maratona aqu\u00e1tica e polo aqu\u00e1tico. Formada tamb\u00e9m em Letras, a jornalista atua como assessora de imprensa, rela\u00e7\u00f5es p\u00fablicas e social media, com especializa\u00e7\u00e3o em marketing esportivo. Nadadora amadora de \u00e1guas abertas, j\u00e1 trabalhou com grandes nomes da nata\u00e7\u00e3o e do polo aqu\u00e1tico brasileiro.\",\"sameAs\":[\"https:\/\/www.instagram.com\/_katarinemonteiro\/\",\"https:\/\/www.linkedin.com\/in\/katarine-monteiro-19385297\/\",\"https:\/\/x.com\/https:\/\/twitter.com\/Katarinem\"],\"url\":\"https:\/\/swimchannel.net\/br\/author\/katarine-monteiro\/\"}]}<\/script>\n<!-- \/ Yoast SEO plugin. -->","yoast_head_json":{"title":"Campeonato Brasileiro de \u00e1guas abertas chega \u00e0 \u00faltima etapa","description":"Competi\u00e7\u00e3o acontece na Praia de Inema e ter\u00e1 participa\u00e7\u00e3o de tr\u00eas atletas ol\u00edmpicos: Ana Marcela Cunha, Allan do Carmo e Marc Antoine Olivier","robots":{"index":"index","follow":"follow","max-snippet":"max-snippet:-1","max-image-preview":"max-image-preview:large","max-video-preview":"max-video-preview:-1"},"canonical":"https:\/\/swimchannel.net\/br\/campeonato-brasileiro-de-aguas-abertas-chega-a-ultima-etapa\/","og_locale":"pt_BR","og_type":"article","og_title":"Campeonato Brasileiro de \u00e1guas abertas chega \u00e0 \u00faltima etapa","og_description":"Competi\u00e7\u00e3o acontece na Praia de Inema e ter\u00e1 participa\u00e7\u00e3o de tr\u00eas atletas ol\u00edmpicos: Ana Marcela Cunha, Allan do Carmo e Marc Antoine Olivier","og_url":"https:\/\/swimchannel.net\/br\/campeonato-brasileiro-de-aguas-abertas-chega-a-ultima-etapa\/","og_site_name":"Swimchannel","article_publisher":"https:\/\/www.facebook.com\/swimchannel","article_published_time":"2019-11-15T00:17:12+00:00","article_modified_time":"2019-11-15T18:30:30+00:00","og_image":[{"width":1200,"height":675,"url":"https:\/\/swimchannel.net\/br\/wp-content\/uploads\/2019\/11\/inema.jpg","type":"image\/jpeg"}],"author":"Katarine Monteiro","twitter_card":"summary_large_image","twitter_creator":"@https:\/\/twitter.com\/Katarinem","twitter_misc":{"Escrito por":"Katarine Monteiro","Est. tempo de leitura":"3 minutos"},"schema":{"@context":"https:\/\/schema.org","@graph":[{"@type":"Article","@id":"https:\/\/swimchannel.net\/br\/campeonato-brasileiro-de-aguas-abertas-chega-a-ultima-etapa\/#article","isPartOf":{"@id":"https:\/\/swimchannel.net\/br\/campeonato-brasileiro-de-aguas-abertas-chega-a-ultima-etapa\/"},"author":{"name":"Katarine Monteiro","@id":"https:\/\/swimchannel.net\/br\/#\/schema\/person\/73ae9cec62249968bca1f0a8098ef002"},"headline":"Campeonato Brasileiro de \u00e1guas abertas chega a \u00faltima etapa","datePublished":"2019-11-15T00:17:12+00:00","dateModified":"2019-11-15T18:30:30+00:00","mainEntityOfPage":{"@id":"https:\/\/swimchannel.net\/br\/campeonato-brasileiro-de-aguas-abertas-chega-a-ultima-etapa\/"},"wordCount":525,"commentCount":0,"publisher":{"@id":"https:\/\/swimchannel.net\/br\/#organization"},"image":{"@id":"https:\/\/swimchannel.net\/br\/campeonato-brasileiro-de-aguas-abertas-chega-a-ultima-etapa\/#primaryimage"},"thumbnailUrl":"https:\/\/swimchannel.net\/br\/wp-content\/uploads\/2019\/11\/inema.jpg","keywords":["\u00c1guas abertas","Campeonato Brasileiro de \u00c1guas Abertas","CBDA","Inema","natacao","Salvador"],"articleSection":["\u00c1guas Abertas","CBDA"],"inLanguage":"pt-BR","potentialAction":[{"@type":"CommentAction","name":"Comment","target":["https:\/\/swimchannel.net\/br\/campeonato-brasileiro-de-aguas-abertas-chega-a-ultima-etapa\/#respond"]}]},{"@type":"WebPage","@id":"https:\/\/swimchannel.net\/br\/campeonato-brasileiro-de-aguas-abertas-chega-a-ultima-etapa\/","url":"https:\/\/swimchannel.net\/br\/campeonato-brasileiro-de-aguas-abertas-chega-a-ultima-etapa\/","name":"Campeonato Brasileiro de \u00e1guas abertas chega \u00e0 \u00faltima etapa","isPartOf":{"@id":"https:\/\/swimchannel.net\/br\/#website"},"primaryImageOfPage":{"@id":"https:\/\/swimchannel.net\/br\/campeonato-brasileiro-de-aguas-abertas-chega-a-ultima-etapa\/#primaryimage"},"image":{"@id":"https:\/\/swimchannel.net\/br\/campeonato-brasileiro-de-aguas-abertas-chega-a-ultima-etapa\/#primaryimage"},"thumbnailUrl":"https:\/\/swimchannel.net\/br\/wp-content\/uploads\/2019\/11\/inema.jpg","datePublished":"2019-11-15T00:17:12+00:00","dateModified":"2019-11-15T18:30:30+00:00","description":"Competi\u00e7\u00e3o acontece na Praia de Inema e ter\u00e1 participa\u00e7\u00e3o de tr\u00eas atletas ol\u00edmpicos: Ana Marcela Cunha, Allan do Carmo e Marc Antoine Olivier","breadcrumb":{"@id":"https:\/\/swimchannel.net\/br\/campeonato-brasileiro-de-aguas-abertas-chega-a-ultima-etapa\/#breadcrumb"},"inLanguage":"pt-BR","potentialAction":[{"@type":"ReadAction","target":["https:\/\/swimchannel.net\/br\/campeonato-brasileiro-de-aguas-abertas-chega-a-ultima-etapa\/"]}]},{"@type":"ImageObject","inLanguage":"pt-BR","@id":"https:\/\/swimchannel.net\/br\/campeonato-brasileiro-de-aguas-abertas-chega-a-ultima-etapa\/#primaryimage","url":"https:\/\/swimchannel.net\/br\/wp-content\/uploads\/2019\/11\/inema.jpg","contentUrl":"https:\/\/swimchannel.net\/br\/wp-content\/uploads\/2019\/11\/inema.jpg","width":1200,"height":675,"caption":"Etapa de Inema encerra a temporada 2019 - Foto: Satiro Sodr\u00e9\/SSPress"},{"@type":"BreadcrumbList","@id":"https:\/\/swimchannel.net\/br\/campeonato-brasileiro-de-aguas-abertas-chega-a-ultima-etapa\/#breadcrumb","itemListElement":[{"@type":"ListItem","position":1,"name":"Home","item":"https:\/\/swimchannel.net\/br\/"},{"@type":"ListItem","position":2,"name":"Campeonato Brasileiro de \u00e1guas abertas chega a \u00faltima etapa"}]},{"@type":"WebSite","@id":"https:\/\/swimchannel.net\/br\/#website","url":"https:\/\/swimchannel.net\/br\/","name":"Swimchannel","description":"Maior portal de nata\u00e7\u00e3o da america latina","publisher":{"@id":"https:\/\/swimchannel.net\/br\/#organization"},"potentialAction":[{"@type":"SearchAction","target":{"@type":"EntryPoint","urlTemplate":"https:\/\/swimchannel.net\/br\/?s={search_term_string}"},"query-input":{"@type":"PropertyValueSpecification","valueRequired":true,"valueName":"search_term_string"}}],"inLanguage":"pt-BR"},{"@type":"Organization","@id":"https:\/\/swimchannel.net\/br\/#organization","name":"Swimchannel - Conectando voc\u00ea a Nata\u00e7\u00e3o","url":"https:\/\/swimchannel.net\/br\/","logo":{"@type":"ImageObject","inLanguage":"pt-BR","@id":"https:\/\/swimchannel.net\/br\/#\/schema\/logo\/image\/","url":"https:\/\/swimchannel.net\/br\/wp-content\/uploads\/2026\/02\/SWIM-CHANNEL.png","contentUrl":"https:\/\/swimchannel.net\/br\/wp-content\/uploads\/2026\/02\/SWIM-CHANNEL.png","width":1120,"height":630,"caption":"Swimchannel - Conectando voc\u00ea a Nata\u00e7\u00e3o"},"image":{"@id":"https:\/\/swimchannel.net\/br\/#\/schema\/logo\/image\/"},"sameAs":["https:\/\/www.facebook.com\/swimchannel","https:\/\/www.instagram.com\/swimchannel"]},{"@type":"Person","@id":"https:\/\/swimchannel.net\/br\/#\/schema\/person\/73ae9cec62249968bca1f0a8098ef002","name":"Katarine Monteiro","image":{"@type":"ImageObject","inLanguage":"pt-BR","@id":"https:\/\/swimchannel.net\/br\/#\/schema\/person\/image\/","url":"https:\/\/swimchannel.net\/br\/wp-content\/uploads\/2022\/01\/Katarine-Monteiro-100x100.jpg","contentUrl":"https:\/\/swimchannel.net\/br\/wp-content\/uploads\/2022\/01\/Katarine-Monteiro-100x100.jpg","caption":"Katarine Monteiro"},"description":"Jornalista SWIM CHANNEL especializada em esportes ol\u00edmpicos e em sa\u00fade. Com cobertura de grandes eventos internacionais, como Jogos Ol\u00edmpicos Rio 2016, Jogos Pan-Americanos em Lima 2019, Qatar Total Open 2020, Qatar ExxonMobil Open 2019 - t\u00eanis em Doha (QT), Semana Internacional de Vela de Ilhabela, Transat Jacques Vabre 2019 (Fran\u00e7a-Brasil), L'\u00c9tape Brasil by Tour de France, j\u00e1 fez in\u00fameras coberturas de nata\u00e7\u00e3o, maratona aqu\u00e1tica e polo aqu\u00e1tico. Formada tamb\u00e9m em Letras, a jornalista atua como assessora de imprensa, rela\u00e7\u00f5es p\u00fablicas e social media, com especializa\u00e7\u00e3o em marketing esportivo. Nadadora amadora de \u00e1guas abertas, j\u00e1 trabalhou com grandes nomes da nata\u00e7\u00e3o e do polo aqu\u00e1tico brasileiro.","sameAs":["https:\/\/www.instagram.com\/_katarinemonteiro\/","https:\/\/www.linkedin.com\/in\/katarine-monteiro-19385297\/","https:\/\/x.com\/https:\/\/twitter.com\/Katarinem"],"url":"https:\/\/swimchannel.net\/br\/author\/katarine-monteiro\/"}]}},"_links":{"self":[{"href":"https:\/\/swimchannel.net\/br\/wp-json\/wp\/v2\/posts\/21018","targetHints":{"allow":["GET"]}}],"collection":[{"href":"https:\/\/swimchannel.net\/br\/wp-json\/wp\/v2\/posts"}],"about":[{"href":"https:\/\/swimchannel.net\/br\/wp-json\/wp\/v2\/types\/post"}],"author":[{"embeddable":true,"href":"https:\/\/swimchannel.net\/br\/wp-json\/wp\/v2\/users\/9"}],"replies":[{"embeddable":true,"href":"https:\/\/swimchannel.net\/br\/wp-json\/wp\/v2\/comments?post=21018"}],"version-history":[{"count":0,"href":"https:\/\/swimchannel.net\/br\/wp-json\/wp\/v2\/posts\/21018\/revisions"}],"wp:featuredmedia":[{"embeddable":true,"href":"https:\/\/swimchannel.net\/br\/wp-json\/wp\/v2\/media\/21027"}],"wp:attachment":[{"href":"https:\/\/swimchannel.net\/br\/wp-json\/wp\/v2\/media?parent=21018"}],"wp:term":[{"taxonomy":"category","embeddable":true,"href":"https:\/\/swimchannel.net\/br\/wp-json\/wp\/v2\/categories?post=21018"},{"taxonomy":"post_tag","embeddable":true,"href":"https:\/\/swimchannel.net\/br\/wp-json\/wp\/v2\/tags?post=21018"}],"curies":[{"name":"wp","href":"https:\/\/api.w.org\/{rel}","templated":true}]}}