{"id":21151,"date":"2019-11-25T15:45:50","date_gmt":"2019-11-25T15:45:50","guid":{"rendered":"https:\/\/swimchannel.flywheelsites.com\/?p=21151"},"modified":"2019-11-25T16:40:31","modified_gmt":"2019-11-25T16:40:31","slug":"catarina-ganzeli-e-glauco-rangel-vencem-em-ilhabela","status":"publish","type":"post","link":"https:\/\/swimchannel.net\/br\/catarina-ganzeli-e-glauco-rangel-vencem-em-ilhabela\/","title":{"rendered":"Catarina Ganzeli e Glauco Rangel vencem em Ilhabela"},"content":{"rendered":"<p>A \u00faltima etapa do\u00a0\u00a0<a href=\"https:\/\/swimchannel.net\/br\/melhor-evento\/circuito-maratona-aquatica\/\">Circuito Maratona Aqu\u00e1tica<\/a>\u00a0foi realizada no \u00faltimo domingo (24) na Praia Grande, lado sul de Ilhabela, no litoral norte de S\u00e3o Paulo. O evento, realizado pela Associa\u00e7\u00e3o Aqu\u00e1tica, reuniu as tr\u00eas provas tradicionais:\u00a0curta (com 900 metros), m\u00e9dia (com 2 km) e longa (com 4 km). As inscri\u00e7\u00f5es para esta prova foram realizadas atrav\u00e9s da\u00a0<strong>SWIM CHANNEL.<\/strong><\/p>\n<p>Com o tempo fechado, mas sem chuvas, a prova reuniu um grande n\u00fameros de atletas no torneio que \u00e9 considerado um dos maiores de S\u00e3o Paulo.\u00a0A campe\u00e3 geral feminina da prova de 4 km foi a ultramaratonista da Unisanta, Catarina Ganzeli. Ao seu lado do p\u00f3dio duas jovens: a segunda colocada Rafaela Monily da Prefeitura de Caraguatatuba e em terceiro lugar Vitoria Farabulini da Samir Barel Assessoria.<\/p>\n<p>Na prova de 4 km masculino, o primeiro lugar ficou com o ultramaratonista Glauco Rangel, que fez uma disputa acirrada com Andr\u00e9 Cunha, segundo colocado. Samuel Dimas Sampaio, da Prefeitura de Ilhabela, ficou na terceira coloca\u00e7\u00e3o.\u00a0A \u00faltima etapa da temporada 2019 serviu tamb\u00e9m para encerrar o ranking final da competi\u00e7\u00e3o, que teve ao longo do ano dez etapas.<\/p>\n<p><a href=\"https:\/\/www.instagram.com\/p\/B5RIyZmHudX\/\">https:\/\/www.instagram.com\/p\/B5RIyZmHudX\/<\/a><\/p>\n<p>Encerrando a temporada acontecer\u00e1 a festa de confraterniza\u00e7\u00e3o e premia\u00e7\u00e3o dos melhores nadadores e a deste ano j\u00e1 tem data para acontecer.\u00a0O almo\u00e7o de confraterniza\u00e7\u00e3o ser\u00e1 no domingo, dia 1\u00ba de dezembro no Restaurante Florestal em S\u00e3o Bernardo do Campo. Durante o almo\u00e7o ser\u00e3o premiados os cinco melhores atletas de cada categoria, desde que tenham participado no m\u00ednimo de seis etapas, bem como as tr\u00eas melhores equipes de cada prova, categoria e master do ranking final.<\/p>\n<p>O almo\u00e7o, que \u00e9 aberto \u00e0 todos, ter\u00e1 sorteio de brindes. O convite para o\u00a0almo\u00e7o \u00e9 de R$ 130 por pessoa e para crian\u00e7as entre quatro e dez anos ser\u00e1 de R$ 85 at\u00e9 esta segunda-feira (25).\u00a0Ap\u00f3s esta data o valor cobrado ser\u00e1 de R$ 150 por pessoa e para crian\u00e7as entre quatro e dez anos o valor ser\u00e1 de R$ 95. Maiores informa\u00e7\u00f5es sobre como efetuar pagamentos e inscri\u00e7\u00f5es no almo\u00e7o est\u00e3o no site do evento aqui.<\/p>\n<p>Os resultados completos das tr\u00eas dist\u00e2ncias da etapa de Ilhabela ser\u00e3o disponibilizados em breve na p\u00e1gina do Circuito Maratona Aqu\u00e1tica, assim como o ranking geral da temporada 2019 com a defini\u00e7\u00e3o dos campe\u00f5es e melhores colocados do circuito.<\/p>\n","protected":false},"excerpt":{"rendered":"<p>A \u00faltima etapa do\u00a0\u00a0Circuito Maratona Aqu\u00e1tica\u00a0foi realizada no \u00faltimo domingo (24) na Praia Grande, lado sul de Ilhabela, no litoral norte de S\u00e3o Paulo. O evento, realizado pela Associa\u00e7\u00e3o Aqu\u00e1tica, reuniu as tr\u00eas provas tradicionais:\u00a0curta (com 900 metros), m\u00e9dia (com 2 km) e longa (com 4 km). As inscri\u00e7\u00f5es para esta prova foram realizadas atrav\u00e9s [&hellip;]<\/p>\n","protected":false},"author":9,"featured_media":21185,"comment_status":"open","ping_status":"open","sticky":false,"template":"","format":"standard","meta":{"footnotes":""},"categories":[115],"tags":[14,735,666,751,341,5],"class_list":["post-21151","post","type-post","status-publish","format-standard","has-post-thumbnail","hentry","category-aguas-abertas","tag-aguas-abertas","tag-catarina-ganzeli","tag-circuito-maratona-aquatica","tag-glauco-rangel","tag-ilhabela","tag-natacao"],"yoast_head":"<!-- This site is optimized with the Yoast SEO plugin v27.0 - https:\/\/yoast.com\/product\/yoast-seo-wordpress\/ -->\n<title>Catarina Ganzeli e Glauco Rangel vencem em Ilhabela<\/title>\n<meta name=\"description\" content=\"Dupla triunfou na \u00faltima do Circuito Maratona Aqu\u00e1tica; vencedores da temporada ser\u00e3o premiados em almo\u00e7o de confraterniza\u00e7\u00e3o\" \/>\n<meta name=\"robots\" content=\"index, follow, max-snippet:-1, max-image-preview:large, max-video-preview:-1\" \/>\n<link rel=\"canonical\" href=\"https:\/\/swimchannel.net\/br\/catarina-ganzeli-e-glauco-rangel-vencem-em-ilhabela\/\" \/>\n<meta property=\"og:locale\" content=\"pt_BR\" \/>\n<meta property=\"og:type\" content=\"article\" \/>\n<meta property=\"og:title\" content=\"Catarina Ganzeli e Glauco Rangel vencem em Ilhabela\" \/>\n<meta property=\"og:description\" content=\"Dupla triunfou na \u00faltima do Circuito Maratona Aqu\u00e1tica; vencedores da temporada ser\u00e3o premiados em almo\u00e7o de confraterniza\u00e7\u00e3o\" \/>\n<meta property=\"og:url\" content=\"https:\/\/swimchannel.net\/br\/catarina-ganzeli-e-glauco-rangel-vencem-em-ilhabela\/\" \/>\n<meta property=\"og:site_name\" content=\"Swimchannel\" \/>\n<meta property=\"article:publisher\" content=\"https:\/\/www.facebook.com\/swimchannel\" \/>\n<meta property=\"article:published_time\" content=\"2019-11-25T15:45:50+00:00\" \/>\n<meta property=\"article:modified_time\" content=\"2019-11-25T16:40:31+00:00\" \/>\n<meta property=\"og:image\" content=\"https:\/\/swimchannel.net\/br\/wp-content\/uploads\/2019\/11\/podio-catarina.jpg\" \/>\n\t<meta property=\"og:image:width\" content=\"600\" \/>\n\t<meta property=\"og:image:height\" content=\"345\" \/>\n\t<meta property=\"og:image:type\" content=\"image\/jpeg\" \/>\n<meta name=\"author\" content=\"Katarine Monteiro\" \/>\n<meta name=\"twitter:card\" content=\"summary_large_image\" \/>\n<meta name=\"twitter:creator\" content=\"@https:\/\/twitter.com\/Katarinem\" \/>\n<meta name=\"twitter:label1\" content=\"Escrito por\" \/>\n\t<meta name=\"twitter:data1\" content=\"Katarine Monteiro\" \/>\n\t<meta name=\"twitter:label2\" content=\"Est. tempo de leitura\" \/>\n\t<meta name=\"twitter:data2\" content=\"2 minutos\" \/>\n<script type=\"application\/ld+json\" class=\"yoast-schema-graph\">{\"@context\":\"https:\/\/schema.org\",\"@graph\":[{\"@type\":\"Article\",\"@id\":\"https:\/\/swimchannel.net\/br\/catarina-ganzeli-e-glauco-rangel-vencem-em-ilhabela\/#article\",\"isPartOf\":{\"@id\":\"https:\/\/swimchannel.net\/br\/catarina-ganzeli-e-glauco-rangel-vencem-em-ilhabela\/\"},\"author\":{\"name\":\"Katarine Monteiro\",\"@id\":\"https:\/\/swimchannel.net\/br\/#\/schema\/person\/73ae9cec62249968bca1f0a8098ef002\"},\"headline\":\"Catarina Ganzeli e Glauco Rangel vencem em Ilhabela\",\"datePublished\":\"2019-11-25T15:45:50+00:00\",\"dateModified\":\"2019-11-25T16:40:31+00:00\",\"mainEntityOfPage\":{\"@id\":\"https:\/\/swimchannel.net\/br\/catarina-ganzeli-e-glauco-rangel-vencem-em-ilhabela\/\"},\"wordCount\":421,\"commentCount\":0,\"publisher\":{\"@id\":\"https:\/\/swimchannel.net\/br\/#organization\"},\"image\":{\"@id\":\"https:\/\/swimchannel.net\/br\/catarina-ganzeli-e-glauco-rangel-vencem-em-ilhabela\/#primaryimage\"},\"thumbnailUrl\":\"https:\/\/swimchannel.net\/br\/wp-content\/uploads\/2019\/11\/podio-catarina.jpg\",\"keywords\":[\"\u00c1guas abertas\",\"Catarina Ganzeli\",\"Circuito Maratona Aqu\u00e1tica\",\"Glauco Rangel\",\"Ilhabela\",\"natacao\"],\"articleSection\":[\"\u00c1guas Abertas\"],\"inLanguage\":\"pt-BR\",\"potentialAction\":[{\"@type\":\"CommentAction\",\"name\":\"Comment\",\"target\":[\"https:\/\/swimchannel.net\/br\/catarina-ganzeli-e-glauco-rangel-vencem-em-ilhabela\/#respond\"]}]},{\"@type\":\"WebPage\",\"@id\":\"https:\/\/swimchannel.net\/br\/catarina-ganzeli-e-glauco-rangel-vencem-em-ilhabela\/\",\"url\":\"https:\/\/swimchannel.net\/br\/catarina-ganzeli-e-glauco-rangel-vencem-em-ilhabela\/\",\"name\":\"Catarina Ganzeli e Glauco Rangel vencem em Ilhabela\",\"isPartOf\":{\"@id\":\"https:\/\/swimchannel.net\/br\/#website\"},\"primaryImageOfPage\":{\"@id\":\"https:\/\/swimchannel.net\/br\/catarina-ganzeli-e-glauco-rangel-vencem-em-ilhabela\/#primaryimage\"},\"image\":{\"@id\":\"https:\/\/swimchannel.net\/br\/catarina-ganzeli-e-glauco-rangel-vencem-em-ilhabela\/#primaryimage\"},\"thumbnailUrl\":\"https:\/\/swimchannel.net\/br\/wp-content\/uploads\/2019\/11\/podio-catarina.jpg\",\"datePublished\":\"2019-11-25T15:45:50+00:00\",\"dateModified\":\"2019-11-25T16:40:31+00:00\",\"description\":\"Dupla triunfou na \u00faltima do Circuito Maratona Aqu\u00e1tica; vencedores da temporada ser\u00e3o premiados em almo\u00e7o de confraterniza\u00e7\u00e3o\",\"breadcrumb\":{\"@id\":\"https:\/\/swimchannel.net\/br\/catarina-ganzeli-e-glauco-rangel-vencem-em-ilhabela\/#breadcrumb\"},\"inLanguage\":\"pt-BR\",\"potentialAction\":[{\"@type\":\"ReadAction\",\"target\":[\"https:\/\/swimchannel.net\/br\/catarina-ganzeli-e-glauco-rangel-vencem-em-ilhabela\/\"]}]},{\"@type\":\"ImageObject\",\"inLanguage\":\"pt-BR\",\"@id\":\"https:\/\/swimchannel.net\/br\/catarina-ganzeli-e-glauco-rangel-vencem-em-ilhabela\/#primaryimage\",\"url\":\"https:\/\/swimchannel.net\/br\/wp-content\/uploads\/2019\/11\/podio-catarina.jpg\",\"contentUrl\":\"https:\/\/swimchannel.net\/br\/wp-content\/uploads\/2019\/11\/podio-catarina.jpg\",\"width\":600,\"height\":345,\"caption\":\"P\u00f3dio da prova longa feminina - Foto: Instagram Vitoria Farabulini\"},{\"@type\":\"BreadcrumbList\",\"@id\":\"https:\/\/swimchannel.net\/br\/catarina-ganzeli-e-glauco-rangel-vencem-em-ilhabela\/#breadcrumb\",\"itemListElement\":[{\"@type\":\"ListItem\",\"position\":1,\"name\":\"Home\",\"item\":\"https:\/\/swimchannel.net\/br\/\"},{\"@type\":\"ListItem\",\"position\":2,\"name\":\"Catarina Ganzeli e Glauco Rangel vencem em Ilhabela\"}]},{\"@type\":\"WebSite\",\"@id\":\"https:\/\/swimchannel.net\/br\/#website\",\"url\":\"https:\/\/swimchannel.net\/br\/\",\"name\":\"Swimchannel\",\"description\":\"Maior portal de nata\u00e7\u00e3o da america latina\",\"publisher\":{\"@id\":\"https:\/\/swimchannel.net\/br\/#organization\"},\"potentialAction\":[{\"@type\":\"SearchAction\",\"target\":{\"@type\":\"EntryPoint\",\"urlTemplate\":\"https:\/\/swimchannel.net\/br\/?s={search_term_string}\"},\"query-input\":{\"@type\":\"PropertyValueSpecification\",\"valueRequired\":true,\"valueName\":\"search_term_string\"}}],\"inLanguage\":\"pt-BR\"},{\"@type\":\"Organization\",\"@id\":\"https:\/\/swimchannel.net\/br\/#organization\",\"name\":\"Swimchannel - Conectando voc\u00ea a Nata\u00e7\u00e3o\",\"url\":\"https:\/\/swimchannel.net\/br\/\",\"logo\":{\"@type\":\"ImageObject\",\"inLanguage\":\"pt-BR\",\"@id\":\"https:\/\/swimchannel.net\/br\/#\/schema\/logo\/image\/\",\"url\":\"https:\/\/swimchannel.net\/br\/wp-content\/uploads\/2026\/02\/SWIM-CHANNEL.png\",\"contentUrl\":\"https:\/\/swimchannel.net\/br\/wp-content\/uploads\/2026\/02\/SWIM-CHANNEL.png\",\"width\":1120,\"height\":630,\"caption\":\"Swimchannel - Conectando voc\u00ea a Nata\u00e7\u00e3o\"},\"image\":{\"@id\":\"https:\/\/swimchannel.net\/br\/#\/schema\/logo\/image\/\"},\"sameAs\":[\"https:\/\/www.facebook.com\/swimchannel\",\"https:\/\/www.instagram.com\/swimchannel\"]},{\"@type\":\"Person\",\"@id\":\"https:\/\/swimchannel.net\/br\/#\/schema\/person\/73ae9cec62249968bca1f0a8098ef002\",\"name\":\"Katarine Monteiro\",\"image\":{\"@type\":\"ImageObject\",\"inLanguage\":\"pt-BR\",\"@id\":\"https:\/\/swimchannel.net\/br\/#\/schema\/person\/image\/\",\"url\":\"https:\/\/swimchannel.net\/br\/wp-content\/uploads\/2022\/01\/Katarine-Monteiro-100x100.jpg\",\"contentUrl\":\"https:\/\/swimchannel.net\/br\/wp-content\/uploads\/2022\/01\/Katarine-Monteiro-100x100.jpg\",\"caption\":\"Katarine Monteiro\"},\"description\":\"Jornalista SWIM CHANNEL especializada em esportes ol\u00edmpicos e em sa\u00fade. Com cobertura de grandes eventos internacionais, como Jogos Ol\u00edmpicos Rio 2016, Jogos Pan-Americanos em Lima 2019, Qatar Total Open 2020, Qatar ExxonMobil Open 2019 - t\u00eanis em Doha (QT), Semana Internacional de Vela de Ilhabela, Transat Jacques Vabre 2019 (Fran\u00e7a-Brasil), L'\u00c9tape Brasil by Tour de France, j\u00e1 fez in\u00fameras coberturas de nata\u00e7\u00e3o, maratona aqu\u00e1tica e polo aqu\u00e1tico. Formada tamb\u00e9m em Letras, a jornalista atua como assessora de imprensa, rela\u00e7\u00f5es p\u00fablicas e social media, com especializa\u00e7\u00e3o em marketing esportivo. Nadadora amadora de \u00e1guas abertas, j\u00e1 trabalhou com grandes nomes da nata\u00e7\u00e3o e do polo aqu\u00e1tico brasileiro.\",\"sameAs\":[\"https:\/\/www.instagram.com\/_katarinemonteiro\/\",\"https:\/\/www.linkedin.com\/in\/katarine-monteiro-19385297\/\",\"https:\/\/x.com\/https:\/\/twitter.com\/Katarinem\"],\"url\":\"https:\/\/swimchannel.net\/br\/author\/katarine-monteiro\/\"}]}<\/script>\n<!-- \/ Yoast SEO plugin. -->","yoast_head_json":{"title":"Catarina Ganzeli e Glauco Rangel vencem em Ilhabela","description":"Dupla triunfou na \u00faltima do Circuito Maratona Aqu\u00e1tica; vencedores da temporada ser\u00e3o premiados em almo\u00e7o de confraterniza\u00e7\u00e3o","robots":{"index":"index","follow":"follow","max-snippet":"max-snippet:-1","max-image-preview":"max-image-preview:large","max-video-preview":"max-video-preview:-1"},"canonical":"https:\/\/swimchannel.net\/br\/catarina-ganzeli-e-glauco-rangel-vencem-em-ilhabela\/","og_locale":"pt_BR","og_type":"article","og_title":"Catarina Ganzeli e Glauco Rangel vencem em Ilhabela","og_description":"Dupla triunfou na \u00faltima do Circuito Maratona Aqu\u00e1tica; vencedores da temporada ser\u00e3o premiados em almo\u00e7o de confraterniza\u00e7\u00e3o","og_url":"https:\/\/swimchannel.net\/br\/catarina-ganzeli-e-glauco-rangel-vencem-em-ilhabela\/","og_site_name":"Swimchannel","article_publisher":"https:\/\/www.facebook.com\/swimchannel","article_published_time":"2019-11-25T15:45:50+00:00","article_modified_time":"2019-11-25T16:40:31+00:00","og_image":[{"width":600,"height":345,"url":"https:\/\/swimchannel.net\/br\/wp-content\/uploads\/2019\/11\/podio-catarina.jpg","type":"image\/jpeg"}],"author":"Katarine Monteiro","twitter_card":"summary_large_image","twitter_creator":"@https:\/\/twitter.com\/Katarinem","twitter_misc":{"Escrito por":"Katarine Monteiro","Est. tempo de leitura":"2 minutos"},"schema":{"@context":"https:\/\/schema.org","@graph":[{"@type":"Article","@id":"https:\/\/swimchannel.net\/br\/catarina-ganzeli-e-glauco-rangel-vencem-em-ilhabela\/#article","isPartOf":{"@id":"https:\/\/swimchannel.net\/br\/catarina-ganzeli-e-glauco-rangel-vencem-em-ilhabela\/"},"author":{"name":"Katarine Monteiro","@id":"https:\/\/swimchannel.net\/br\/#\/schema\/person\/73ae9cec62249968bca1f0a8098ef002"},"headline":"Catarina Ganzeli e Glauco Rangel vencem em Ilhabela","datePublished":"2019-11-25T15:45:50+00:00","dateModified":"2019-11-25T16:40:31+00:00","mainEntityOfPage":{"@id":"https:\/\/swimchannel.net\/br\/catarina-ganzeli-e-glauco-rangel-vencem-em-ilhabela\/"},"wordCount":421,"commentCount":0,"publisher":{"@id":"https:\/\/swimchannel.net\/br\/#organization"},"image":{"@id":"https:\/\/swimchannel.net\/br\/catarina-ganzeli-e-glauco-rangel-vencem-em-ilhabela\/#primaryimage"},"thumbnailUrl":"https:\/\/swimchannel.net\/br\/wp-content\/uploads\/2019\/11\/podio-catarina.jpg","keywords":["\u00c1guas abertas","Catarina Ganzeli","Circuito Maratona Aqu\u00e1tica","Glauco Rangel","Ilhabela","natacao"],"articleSection":["\u00c1guas Abertas"],"inLanguage":"pt-BR","potentialAction":[{"@type":"CommentAction","name":"Comment","target":["https:\/\/swimchannel.net\/br\/catarina-ganzeli-e-glauco-rangel-vencem-em-ilhabela\/#respond"]}]},{"@type":"WebPage","@id":"https:\/\/swimchannel.net\/br\/catarina-ganzeli-e-glauco-rangel-vencem-em-ilhabela\/","url":"https:\/\/swimchannel.net\/br\/catarina-ganzeli-e-glauco-rangel-vencem-em-ilhabela\/","name":"Catarina Ganzeli e Glauco Rangel vencem em Ilhabela","isPartOf":{"@id":"https:\/\/swimchannel.net\/br\/#website"},"primaryImageOfPage":{"@id":"https:\/\/swimchannel.net\/br\/catarina-ganzeli-e-glauco-rangel-vencem-em-ilhabela\/#primaryimage"},"image":{"@id":"https:\/\/swimchannel.net\/br\/catarina-ganzeli-e-glauco-rangel-vencem-em-ilhabela\/#primaryimage"},"thumbnailUrl":"https:\/\/swimchannel.net\/br\/wp-content\/uploads\/2019\/11\/podio-catarina.jpg","datePublished":"2019-11-25T15:45:50+00:00","dateModified":"2019-11-25T16:40:31+00:00","description":"Dupla triunfou na \u00faltima do Circuito Maratona Aqu\u00e1tica; vencedores da temporada ser\u00e3o premiados em almo\u00e7o de confraterniza\u00e7\u00e3o","breadcrumb":{"@id":"https:\/\/swimchannel.net\/br\/catarina-ganzeli-e-glauco-rangel-vencem-em-ilhabela\/#breadcrumb"},"inLanguage":"pt-BR","potentialAction":[{"@type":"ReadAction","target":["https:\/\/swimchannel.net\/br\/catarina-ganzeli-e-glauco-rangel-vencem-em-ilhabela\/"]}]},{"@type":"ImageObject","inLanguage":"pt-BR","@id":"https:\/\/swimchannel.net\/br\/catarina-ganzeli-e-glauco-rangel-vencem-em-ilhabela\/#primaryimage","url":"https:\/\/swimchannel.net\/br\/wp-content\/uploads\/2019\/11\/podio-catarina.jpg","contentUrl":"https:\/\/swimchannel.net\/br\/wp-content\/uploads\/2019\/11\/podio-catarina.jpg","width":600,"height":345,"caption":"P\u00f3dio da prova longa feminina - Foto: Instagram Vitoria Farabulini"},{"@type":"BreadcrumbList","@id":"https:\/\/swimchannel.net\/br\/catarina-ganzeli-e-glauco-rangel-vencem-em-ilhabela\/#breadcrumb","itemListElement":[{"@type":"ListItem","position":1,"name":"Home","item":"https:\/\/swimchannel.net\/br\/"},{"@type":"ListItem","position":2,"name":"Catarina Ganzeli e Glauco Rangel vencem em Ilhabela"}]},{"@type":"WebSite","@id":"https:\/\/swimchannel.net\/br\/#website","url":"https:\/\/swimchannel.net\/br\/","name":"Swimchannel","description":"Maior portal de nata\u00e7\u00e3o da america latina","publisher":{"@id":"https:\/\/swimchannel.net\/br\/#organization"},"potentialAction":[{"@type":"SearchAction","target":{"@type":"EntryPoint","urlTemplate":"https:\/\/swimchannel.net\/br\/?s={search_term_string}"},"query-input":{"@type":"PropertyValueSpecification","valueRequired":true,"valueName":"search_term_string"}}],"inLanguage":"pt-BR"},{"@type":"Organization","@id":"https:\/\/swimchannel.net\/br\/#organization","name":"Swimchannel - Conectando voc\u00ea a Nata\u00e7\u00e3o","url":"https:\/\/swimchannel.net\/br\/","logo":{"@type":"ImageObject","inLanguage":"pt-BR","@id":"https:\/\/swimchannel.net\/br\/#\/schema\/logo\/image\/","url":"https:\/\/swimchannel.net\/br\/wp-content\/uploads\/2026\/02\/SWIM-CHANNEL.png","contentUrl":"https:\/\/swimchannel.net\/br\/wp-content\/uploads\/2026\/02\/SWIM-CHANNEL.png","width":1120,"height":630,"caption":"Swimchannel - Conectando voc\u00ea a Nata\u00e7\u00e3o"},"image":{"@id":"https:\/\/swimchannel.net\/br\/#\/schema\/logo\/image\/"},"sameAs":["https:\/\/www.facebook.com\/swimchannel","https:\/\/www.instagram.com\/swimchannel"]},{"@type":"Person","@id":"https:\/\/swimchannel.net\/br\/#\/schema\/person\/73ae9cec62249968bca1f0a8098ef002","name":"Katarine Monteiro","image":{"@type":"ImageObject","inLanguage":"pt-BR","@id":"https:\/\/swimchannel.net\/br\/#\/schema\/person\/image\/","url":"https:\/\/swimchannel.net\/br\/wp-content\/uploads\/2022\/01\/Katarine-Monteiro-100x100.jpg","contentUrl":"https:\/\/swimchannel.net\/br\/wp-content\/uploads\/2022\/01\/Katarine-Monteiro-100x100.jpg","caption":"Katarine Monteiro"},"description":"Jornalista SWIM CHANNEL especializada em esportes ol\u00edmpicos e em sa\u00fade. Com cobertura de grandes eventos internacionais, como Jogos Ol\u00edmpicos Rio 2016, Jogos Pan-Americanos em Lima 2019, Qatar Total Open 2020, Qatar ExxonMobil Open 2019 - t\u00eanis em Doha (QT), Semana Internacional de Vela de Ilhabela, Transat Jacques Vabre 2019 (Fran\u00e7a-Brasil), L'\u00c9tape Brasil by Tour de France, j\u00e1 fez in\u00fameras coberturas de nata\u00e7\u00e3o, maratona aqu\u00e1tica e polo aqu\u00e1tico. Formada tamb\u00e9m em Letras, a jornalista atua como assessora de imprensa, rela\u00e7\u00f5es p\u00fablicas e social media, com especializa\u00e7\u00e3o em marketing esportivo. Nadadora amadora de \u00e1guas abertas, j\u00e1 trabalhou com grandes nomes da nata\u00e7\u00e3o e do polo aqu\u00e1tico brasileiro.","sameAs":["https:\/\/www.instagram.com\/_katarinemonteiro\/","https:\/\/www.linkedin.com\/in\/katarine-monteiro-19385297\/","https:\/\/x.com\/https:\/\/twitter.com\/Katarinem"],"url":"https:\/\/swimchannel.net\/br\/author\/katarine-monteiro\/"}]}},"_links":{"self":[{"href":"https:\/\/swimchannel.net\/br\/wp-json\/wp\/v2\/posts\/21151","targetHints":{"allow":["GET"]}}],"collection":[{"href":"https:\/\/swimchannel.net\/br\/wp-json\/wp\/v2\/posts"}],"about":[{"href":"https:\/\/swimchannel.net\/br\/wp-json\/wp\/v2\/types\/post"}],"author":[{"embeddable":true,"href":"https:\/\/swimchannel.net\/br\/wp-json\/wp\/v2\/users\/9"}],"replies":[{"embeddable":true,"href":"https:\/\/swimchannel.net\/br\/wp-json\/wp\/v2\/comments?post=21151"}],"version-history":[{"count":0,"href":"https:\/\/swimchannel.net\/br\/wp-json\/wp\/v2\/posts\/21151\/revisions"}],"wp:featuredmedia":[{"embeddable":true,"href":"https:\/\/swimchannel.net\/br\/wp-json\/wp\/v2\/media\/21185"}],"wp:attachment":[{"href":"https:\/\/swimchannel.net\/br\/wp-json\/wp\/v2\/media?parent=21151"}],"wp:term":[{"taxonomy":"category","embeddable":true,"href":"https:\/\/swimchannel.net\/br\/wp-json\/wp\/v2\/categories?post=21151"},{"taxonomy":"post_tag","embeddable":true,"href":"https:\/\/swimchannel.net\/br\/wp-json\/wp\/v2\/tags?post=21151"}],"curies":[{"name":"wp","href":"https:\/\/api.w.org\/{rel}","templated":true}]}}