{"id":23525,"date":"2020-04-07T16:09:59","date_gmt":"2020-04-07T19:09:59","guid":{"rendered":"https:\/\/swimchannel.net\/br\/?p=23525"},"modified":"2021-02-22T07:49:57","modified_gmt":"2021-02-22T10:49:57","slug":"edica-alfred-nakache","status":"publish","type":"post","link":"https:\/\/swimchannel.net\/br\/edica-alfred-nakache\/","title":{"rendered":"A hist\u00f3ria de Alfred Nakache"},"content":{"rendered":"<p>Alfred Nakache, nascido em 18 de novembro de 1915 em Constantine, na Arg\u00e9lia francesa, foi um nadador franc\u00eas e jogador de p\u00f3lo aqu\u00e1tico. Ficou mundialmente conhecido por ser um dos dois \u00fanicos atletas judeus a competirem nos Jogos Ol\u00edmpicos depois de sobreviverem ao Holocausto e passarem anos presos em um campo de concentra\u00e7\u00e3o. Recordista mundial nos 200 metros peito e nadador ol\u00edmpico em Berlim-1936, Nakache passou anos detido no famoso campo de concentra\u00e7\u00e3o em Auschwitz at\u00e9 ser libertado por soldados aliados.<\/p>\n<p>Ap\u00f3s deixar Auschwitz em 1945 j\u00e1 no fim da II Guerra Mundial, voltou a nadar e conseguiu participar dos Jogos de Londres em 1948. Nakache era o segundo de 11 filhos e com dez anos aprendeu a superar o medo da \u00e1gua e aprendendo a nadar. Em 1931, venceu a Ta\u00e7a de Natal do Desafio Constantino e at\u00e9 1934 foi membro do Clube N\u00e1utico da Juventude de Constantino, na Arg\u00e9lia que at\u00e9 ent\u00e3o era col\u00f4nia francesa.<\/p>\n<p>Em 1933 come\u00e7ou a participar do Campeonato Franc\u00eas e mudou-se para Paris. No ano seguinte foi o segundo melhor nadador do pa\u00eds nos 100m livre e em 1935 tornou-se campe\u00e3o nacional na prova, embora preferisse nadar peito. Nesse mesmo ano, foi um dos mil atletas judeus que viajaram para Tel Aviv para participar da segunda edi\u00e7\u00e3o dos Jogos Anuais de Maccabiah, onde ganhou a medalha de prata no 100m livre.<\/p>\n<figure id=\"attachment_23562\" aria-describedby=\"caption-attachment-23562\" style=\"width: 658px\" class=\"wp-caption alignnone\"><img loading=\"lazy\" decoding=\"async\" class=\"size-full wp-image-23562\" src=\"https:\/\/swimchannel.net\/br\/wp-content\/uploads\/2020\/04\/Nakache-1737-700x400-1.jpg\" alt=\"\" width=\"658\" height=\"376\" srcset=\"https:\/\/swimchannel.net\/br\/wp-content\/uploads\/2020\/04\/Nakache-1737-700x400-1.jpg 658w, https:\/\/swimchannel.net\/br\/wp-content\/uploads\/2020\/04\/Nakache-1737-700x400-1-600x343.jpg 600w, https:\/\/swimchannel.net\/br\/wp-content\/uploads\/2020\/04\/Nakache-1737-700x400-1-315x180.jpg 315w\" sizes=\"auto, (max-width: 658px) 100vw, 658px\" \/><figcaption id=\"caption-attachment-23562\" class=\"wp-caption-text\">Alfred Nakache &#8211; Foto: Arquivo pessoal da fam\u00edlia de Nakache<\/figcaption><\/figure>\n<p>Em 1936 Nakache foi selecionado para nadar os Jogos Ol\u00edmpicos, que aconteceram em Berlim. Na \u00e9poca a Alemanha j\u00e1 vivia sob o dom\u00ednio do governo nazista de Adolf Hitler. Ele terminou em quarto lugar com o revezamento 4x200m livre e ao voltar para casa foi for\u00e7ado a interromper seus estudos na Escola Normal de Educa\u00e7\u00e3o F\u00edsica e fugir de Paris com sua esposa e sua filha.<\/p>\n<p>Como judeu argelino, Nakache perdeu a nacionalidade francesa. Entre 1936 e 1944, ele venceu os 100m livre em seis oportunidades no Campeonato Franc\u00eas, al\u00e9m de tamb\u00e9m conquistar quatro t\u00edtulos nos 200m livre e nos 200m peito e uma variedade de outros t\u00edtulos nacionais, muitos deles estabelecendo recordes.<\/p>\n<p>Em 1941, estava no auge de sua carreira e no dia 6 de julho daquele ano quebrou o recorde mundial de 200m peito com o tempo de 2min36s8. A marca perdurou por cinco anos s\u00f3 sendo superada em 1946 pelo americano Joe Verdeur.<\/p>\n<figure id=\"attachment_23527\" aria-describedby=\"caption-attachment-23527\" style=\"width: 600px\" class=\"wp-caption alignnone\"><img loading=\"lazy\" decoding=\"async\" class=\"size-full wp-image-23527\" src=\"https:\/\/swimchannel.net\/br\/wp-content\/uploads\/2020\/04\/A-Nakache-1_butterfly.jpg\" alt=\"\" width=\"600\" height=\"479\" srcset=\"https:\/\/swimchannel.net\/br\/wp-content\/uploads\/2020\/04\/A-Nakache-1_butterfly.jpg 600w, https:\/\/swimchannel.net\/br\/wp-content\/uploads\/2020\/04\/A-Nakache-1_butterfly-225x180.jpg 225w\" sizes=\"auto, (max-width: 600px) 100vw, 600px\" \/><figcaption id=\"caption-attachment-23527\" class=\"wp-caption-text\">Alfred Nakache &#8211; Foto: Arquivo pessoal da fam\u00edlia de Nakache<\/figcaption><\/figure>\n<p>Durante este per\u00edodo, Nakache come\u00e7ou a se aproximar das redes de resist\u00eancia judaicas, como o <em>Arm\u00e9e Juive<\/em> (Ex\u00e9rcito Judaico), ajudando principalmente na prepara\u00e7\u00e3o f\u00edsica dos recrutas. Na \u00e9poca de suas melhores marcas os nazistas j\u00e1 ocupavam parte do territ\u00f3rio Fran\u00e7a e Paris estava ocupada pelas tropas alem\u00e3es.<\/p>\n<p>Autoridades faziam de tudo para impedir Nakache de competir na Fran\u00e7a, mas outros nadadores franceses se retiraram das competi\u00e7\u00f5es nacionais em apoio a seus companheiros atletas. A Federa\u00e7\u00e3o Francesa de Nata\u00e7\u00e3o proibiu ent\u00e3o Nakache de nadar no campeonato nacional de 1943.<\/p>\n<p>Quando a deporta\u00e7\u00e3o dos judeus come\u00e7ou, Nakache foi tra\u00eddo por um amigo. Junto com sua esposa e filha foi preso em novembro de 1943 e deportado para o campo de concentra\u00e7\u00e3o de Auschwitz em janeiro de 1944. Sua esposa e sua filha de dois anos foram assassinadas pelos nazistas quando chegaram \u00e0 Alemanha.<\/p>\n<figure id=\"attachment_23563\" aria-describedby=\"caption-attachment-23563\" style=\"width: 342px\" class=\"wp-caption alignnone\"><img loading=\"lazy\" decoding=\"async\" class=\"size-full wp-image-23563\" src=\"https:\/\/swimchannel.net\/br\/wp-content\/uploads\/2020\/04\/alfred_04-362x500-1.jpg\" alt=\"\" width=\"342\" height=\"473\" srcset=\"https:\/\/swimchannel.net\/br\/wp-content\/uploads\/2020\/04\/alfred_04-362x500-1.jpg 342w, https:\/\/swimchannel.net\/br\/wp-content\/uploads\/2020\/04\/alfred_04-362x500-1-130x180.jpg 130w\" sizes=\"auto, (max-width: 342px) 100vw, 342px\" \/><figcaption id=\"caption-attachment-23563\" class=\"wp-caption-text\">Alfred Nakache &#8211; Foto: Arquivo pessoal da fam\u00edlia de Nakache<\/figcaption><\/figure>\n<p>No final da guerra ele foi transferido para Buchenwald e em 1945 foi libertado pelos soldados aliados. Nakache foi um dos 47 sobreviventes deste campo e na \u00e9poca pesava apenas 42 kg. Quatro meses depois, voltou a Toulouse e come\u00e7ou a treinar com o treinador Alban Minville. Menos de um ano ap\u00f3s a liberta\u00e7\u00e3o j\u00e1 fazia parte da equipe francesa em 1946 que estabeleceu um recorde mundial no revezamento 3\u00d7100m livre e se tornou o campe\u00e3o nacional nos 200m peito e no revezamento 4x200m livre.<\/p>\n<p>Na primeira Olimp\u00edada p\u00f3s-II Guerra, em Londres-1948, Nakache nadou o revezamento franc\u00eas 4\u00d7200m livre, os 200m peito, al\u00e9m de integrar o time de polo aqu\u00e1tico que terminou em sexto lugar geral.<\/p>\n<p>At\u00e9 onde se sabe, foi um dos \u00fanicos dois atletas judeus que competiram nas Olimp\u00edadas depois de sobreviver aos horrores do Holocausto. Muitas piscinas na Fran\u00e7a t\u00eam o seu nome como a piscina principal da cidade de Toulouse, nomeada em 1944 quando ele ainda estava preso no campo de concentra\u00e7\u00e3o de Auschwitz.<\/p>\n<figure id=\"attachment_23564\" aria-describedby=\"caption-attachment-23564\" style=\"width: 299px\" class=\"wp-caption alignnone\"><img loading=\"lazy\" decoding=\"async\" class=\"size-full wp-image-23564\" src=\"https:\/\/swimchannel.net\/br\/wp-content\/uploads\/2020\/04\/Nakache-4.jpg\" alt=\"\" width=\"299\" height=\"169\" \/><figcaption id=\"caption-attachment-23564\" class=\"wp-caption-text\">Alfred Nakache &#8211; Foto: Arquivo pessoal da fam\u00edlia de Nakache<\/figcaption><\/figure>\n<p>O nadador se aposentou da nata\u00e7\u00e3o na d\u00e9cada de 1950 e se dedicou ao ensino. Na sua carreira de t\u00e9cnico ajudou a treinar o nadador franc\u00eas Jean Boiteux, campe\u00e3o ol\u00edmpico dos 400m livre em Helsinque-1952.<\/p>\n<p>Nakache teve um destino tr\u00e1gico. Em 1983 se afogou sofrendo um ataque card\u00edaco durante seu treino di\u00e1rio no Porto de Cerberus na costa francesa. Nakache foi introduzido ao Hall da Fama da Nata\u00e7\u00e3o Internacional em 2019 e foi o tema de um document\u00e1rio franc\u00eas em 2001, intitulado <em>Alfred Nakache, o nadador de Auschwitz.<\/em><\/p>\n<p>Mais informa\u00e7\u00f5es acesse um perfil do nadador na p\u00e1gina da<em> Swimming World<\/em> <a href=\"https:\/\/www.swimmingworldmagazine.com\/news\/alfred-nakache-auschwitz-survivor-olympian-inducted-international-swimming-hall-fame\/\" target=\"_blank\" rel=\"noopener noreferrer\">clicando aqui<\/a>.<\/p>\n","protected":false},"excerpt":{"rendered":"<p>Alfred Nakache, nascido em 18 de novembro de 1915 em Constantine, na Arg\u00e9lia francesa, foi um nadador franc\u00eas e jogador de p\u00f3lo aqu\u00e1tico. Ficou mundialmente conhecido por ser um dos dois \u00fanicos atletas judeus a competirem nos Jogos Ol\u00edmpicos depois de sobreviverem ao Holocausto e passarem anos presos em um campo de concentra\u00e7\u00e3o. Recordista mundial [&hellip;]<\/p>\n","protected":false},"author":9,"featured_media":23566,"comment_status":"open","ping_status":"open","sticky":false,"template":"","format":"standard","meta":{"footnotes":""},"categories":[2571,137],"tags":[2201,2204,183,2205,5,2206],"class_list":["post-23525","post","type-post","status-publish","format-standard","has-post-thumbnail","hentry","category-curiosidades","category-natacao","tag-alfred-nakache","tag-holocausto","tag-jogos-olimpicos","tag-judeus","tag-natacao","tag-nazismo"],"yoast_head":"<!-- This site is optimized with the Yoast SEO plugin v27.0 - https:\/\/yoast.com\/product\/yoast-seo-wordpress\/ -->\n<title>A hist\u00f3ria de Alfred Nakache - Swimchannel<\/title>\n<meta name=\"robots\" content=\"index, follow, max-snippet:-1, max-image-preview:large, max-video-preview:-1\" \/>\n<link rel=\"canonical\" href=\"https:\/\/swimchannel.net\/br\/edica-alfred-nakache\/\" \/>\n<meta property=\"og:locale\" content=\"pt_BR\" \/>\n<meta property=\"og:type\" content=\"article\" \/>\n<meta property=\"og:title\" content=\"A hist\u00f3ria de Alfred Nakache - Swimchannel\" \/>\n<meta property=\"og:description\" content=\"Alfred Nakache, nascido em 18 de novembro de 1915 em Constantine, na Arg\u00e9lia francesa, foi um nadador franc\u00eas e jogador de p\u00f3lo aqu\u00e1tico. Ficou mundialmente conhecido por ser um dos dois \u00fanicos atletas judeus a competirem nos Jogos Ol\u00edmpicos depois de sobreviverem ao Holocausto e passarem anos presos em um campo de concentra\u00e7\u00e3o. Recordista mundial [&hellip;]\" \/>\n<meta property=\"og:url\" content=\"https:\/\/swimchannel.net\/br\/edica-alfred-nakache\/\" \/>\n<meta property=\"og:site_name\" content=\"Swimchannel\" \/>\n<meta property=\"article:publisher\" content=\"https:\/\/www.facebook.com\/swimchannel\" \/>\n<meta property=\"article:published_time\" content=\"2020-04-07T19:09:59+00:00\" \/>\n<meta property=\"article:modified_time\" content=\"2021-02-22T10:49:57+00:00\" \/>\n<meta property=\"og:image\" content=\"https:\/\/swimchannel.net\/br\/wp-content\/uploads\/2020\/04\/A-Nakache-.jpg\" \/>\n\t<meta property=\"og:image:width\" content=\"600\" \/>\n\t<meta property=\"og:image:height\" content=\"345\" \/>\n\t<meta property=\"og:image:type\" content=\"image\/jpeg\" \/>\n<meta name=\"author\" content=\"Katarine Monteiro\" \/>\n<meta name=\"twitter:card\" content=\"summary_large_image\" \/>\n<meta name=\"twitter:creator\" content=\"@https:\/\/twitter.com\/Katarinem\" \/>\n<meta name=\"twitter:label1\" content=\"Escrito por\" \/>\n\t<meta name=\"twitter:data1\" content=\"Katarine Monteiro\" \/>\n\t<meta name=\"twitter:label2\" content=\"Est. tempo de leitura\" \/>\n\t<meta name=\"twitter:data2\" content=\"5 minutos\" \/>\n<script type=\"application\/ld+json\" class=\"yoast-schema-graph\">{\"@context\":\"https:\/\/schema.org\",\"@graph\":[{\"@type\":\"Article\",\"@id\":\"https:\/\/swimchannel.net\/br\/edica-alfred-nakache\/#article\",\"isPartOf\":{\"@id\":\"https:\/\/swimchannel.net\/br\/edica-alfred-nakache\/\"},\"author\":{\"name\":\"Katarine Monteiro\",\"@id\":\"https:\/\/swimchannel.net\/br\/#\/schema\/person\/73ae9cec62249968bca1f0a8098ef002\"},\"headline\":\"A hist\u00f3ria de Alfred Nakache\",\"datePublished\":\"2020-04-07T19:09:59+00:00\",\"dateModified\":\"2021-02-22T10:49:57+00:00\",\"mainEntityOfPage\":{\"@id\":\"https:\/\/swimchannel.net\/br\/edica-alfred-nakache\/\"},\"wordCount\":921,\"commentCount\":0,\"publisher\":{\"@id\":\"https:\/\/swimchannel.net\/br\/#organization\"},\"image\":{\"@id\":\"https:\/\/swimchannel.net\/br\/edica-alfred-nakache\/#primaryimage\"},\"thumbnailUrl\":\"https:\/\/swimchannel.net\/br\/wp-content\/uploads\/2020\/04\/A-Nakache-.jpg\",\"keywords\":[\"Alfred Nakache\",\"Holocausto\",\"Jogos Ol\u00edmpicos\",\"judeus\",\"natacao\",\"nazismo\"],\"articleSection\":[\"Curiosidades\",\"Nata\u00e7\u00e3o\"],\"inLanguage\":\"pt-BR\",\"potentialAction\":[{\"@type\":\"CommentAction\",\"name\":\"Comment\",\"target\":[\"https:\/\/swimchannel.net\/br\/edica-alfred-nakache\/#respond\"]}]},{\"@type\":\"WebPage\",\"@id\":\"https:\/\/swimchannel.net\/br\/edica-alfred-nakache\/\",\"url\":\"https:\/\/swimchannel.net\/br\/edica-alfred-nakache\/\",\"name\":\"A hist\u00f3ria de Alfred Nakache - Swimchannel\",\"isPartOf\":{\"@id\":\"https:\/\/swimchannel.net\/br\/#website\"},\"primaryImageOfPage\":{\"@id\":\"https:\/\/swimchannel.net\/br\/edica-alfred-nakache\/#primaryimage\"},\"image\":{\"@id\":\"https:\/\/swimchannel.net\/br\/edica-alfred-nakache\/#primaryimage\"},\"thumbnailUrl\":\"https:\/\/swimchannel.net\/br\/wp-content\/uploads\/2020\/04\/A-Nakache-.jpg\",\"datePublished\":\"2020-04-07T19:09:59+00:00\",\"dateModified\":\"2021-02-22T10:49:57+00:00\",\"breadcrumb\":{\"@id\":\"https:\/\/swimchannel.net\/br\/edica-alfred-nakache\/#breadcrumb\"},\"inLanguage\":\"pt-BR\",\"potentialAction\":[{\"@type\":\"ReadAction\",\"target\":[\"https:\/\/swimchannel.net\/br\/edica-alfred-nakache\/\"]}]},{\"@type\":\"ImageObject\",\"inLanguage\":\"pt-BR\",\"@id\":\"https:\/\/swimchannel.net\/br\/edica-alfred-nakache\/#primaryimage\",\"url\":\"https:\/\/swimchannel.net\/br\/wp-content\/uploads\/2020\/04\/A-Nakache-.jpg\",\"contentUrl\":\"https:\/\/swimchannel.net\/br\/wp-content\/uploads\/2020\/04\/A-Nakache-.jpg\",\"width\":600,\"height\":345,\"caption\":\"Alfred Nakache - Foto: Arquivo pessoal da fam\u00edlia de Nakache\"},{\"@type\":\"BreadcrumbList\",\"@id\":\"https:\/\/swimchannel.net\/br\/edica-alfred-nakache\/#breadcrumb\",\"itemListElement\":[{\"@type\":\"ListItem\",\"position\":1,\"name\":\"Home\",\"item\":\"https:\/\/swimchannel.net\/br\/\"},{\"@type\":\"ListItem\",\"position\":2,\"name\":\"A hist\u00f3ria de Alfred Nakache\"}]},{\"@type\":\"WebSite\",\"@id\":\"https:\/\/swimchannel.net\/br\/#website\",\"url\":\"https:\/\/swimchannel.net\/br\/\",\"name\":\"Swimchannel\",\"description\":\"Maior portal de nata\u00e7\u00e3o da america latina\",\"publisher\":{\"@id\":\"https:\/\/swimchannel.net\/br\/#organization\"},\"potentialAction\":[{\"@type\":\"SearchAction\",\"target\":{\"@type\":\"EntryPoint\",\"urlTemplate\":\"https:\/\/swimchannel.net\/br\/?s={search_term_string}\"},\"query-input\":{\"@type\":\"PropertyValueSpecification\",\"valueRequired\":true,\"valueName\":\"search_term_string\"}}],\"inLanguage\":\"pt-BR\"},{\"@type\":\"Organization\",\"@id\":\"https:\/\/swimchannel.net\/br\/#organization\",\"name\":\"Swimchannel - Conectando voc\u00ea a Nata\u00e7\u00e3o\",\"url\":\"https:\/\/swimchannel.net\/br\/\",\"logo\":{\"@type\":\"ImageObject\",\"inLanguage\":\"pt-BR\",\"@id\":\"https:\/\/swimchannel.net\/br\/#\/schema\/logo\/image\/\",\"url\":\"https:\/\/swimchannel.net\/br\/wp-content\/uploads\/2026\/02\/SWIM-CHANNEL.png\",\"contentUrl\":\"https:\/\/swimchannel.net\/br\/wp-content\/uploads\/2026\/02\/SWIM-CHANNEL.png\",\"width\":1120,\"height\":630,\"caption\":\"Swimchannel - Conectando voc\u00ea a Nata\u00e7\u00e3o\"},\"image\":{\"@id\":\"https:\/\/swimchannel.net\/br\/#\/schema\/logo\/image\/\"},\"sameAs\":[\"https:\/\/www.facebook.com\/swimchannel\",\"https:\/\/www.instagram.com\/swimchannel\"]},{\"@type\":\"Person\",\"@id\":\"https:\/\/swimchannel.net\/br\/#\/schema\/person\/73ae9cec62249968bca1f0a8098ef002\",\"name\":\"Katarine Monteiro\",\"image\":{\"@type\":\"ImageObject\",\"inLanguage\":\"pt-BR\",\"@id\":\"https:\/\/swimchannel.net\/br\/#\/schema\/person\/image\/\",\"url\":\"https:\/\/swimchannel.net\/br\/wp-content\/uploads\/2022\/01\/Katarine-Monteiro-100x100.jpg\",\"contentUrl\":\"https:\/\/swimchannel.net\/br\/wp-content\/uploads\/2022\/01\/Katarine-Monteiro-100x100.jpg\",\"caption\":\"Katarine Monteiro\"},\"description\":\"Jornalista SWIM CHANNEL especializada em esportes ol\u00edmpicos e em sa\u00fade. Com cobertura de grandes eventos internacionais, como Jogos Ol\u00edmpicos Rio 2016, Jogos Pan-Americanos em Lima 2019, Qatar Total Open 2020, Qatar ExxonMobil Open 2019 - t\u00eanis em Doha (QT), Semana Internacional de Vela de Ilhabela, Transat Jacques Vabre 2019 (Fran\u00e7a-Brasil), L'\u00c9tape Brasil by Tour de France, j\u00e1 fez in\u00fameras coberturas de nata\u00e7\u00e3o, maratona aqu\u00e1tica e polo aqu\u00e1tico. Formada tamb\u00e9m em Letras, a jornalista atua como assessora de imprensa, rela\u00e7\u00f5es p\u00fablicas e social media, com especializa\u00e7\u00e3o em marketing esportivo. Nadadora amadora de \u00e1guas abertas, j\u00e1 trabalhou com grandes nomes da nata\u00e7\u00e3o e do polo aqu\u00e1tico brasileiro.\",\"sameAs\":[\"https:\/\/www.instagram.com\/_katarinemonteiro\/\",\"https:\/\/www.linkedin.com\/in\/katarine-monteiro-19385297\/\",\"https:\/\/x.com\/https:\/\/twitter.com\/Katarinem\"],\"url\":\"https:\/\/swimchannel.net\/br\/author\/katarine-monteiro\/\"}]}<\/script>\n<!-- \/ Yoast SEO plugin. -->","yoast_head_json":{"title":"A hist\u00f3ria de Alfred Nakache - Swimchannel","robots":{"index":"index","follow":"follow","max-snippet":"max-snippet:-1","max-image-preview":"max-image-preview:large","max-video-preview":"max-video-preview:-1"},"canonical":"https:\/\/swimchannel.net\/br\/edica-alfred-nakache\/","og_locale":"pt_BR","og_type":"article","og_title":"A hist\u00f3ria de Alfred Nakache - Swimchannel","og_description":"Alfred Nakache, nascido em 18 de novembro de 1915 em Constantine, na Arg\u00e9lia francesa, foi um nadador franc\u00eas e jogador de p\u00f3lo aqu\u00e1tico. Ficou mundialmente conhecido por ser um dos dois \u00fanicos atletas judeus a competirem nos Jogos Ol\u00edmpicos depois de sobreviverem ao Holocausto e passarem anos presos em um campo de concentra\u00e7\u00e3o. Recordista mundial [&hellip;]","og_url":"https:\/\/swimchannel.net\/br\/edica-alfred-nakache\/","og_site_name":"Swimchannel","article_publisher":"https:\/\/www.facebook.com\/swimchannel","article_published_time":"2020-04-07T19:09:59+00:00","article_modified_time":"2021-02-22T10:49:57+00:00","og_image":[{"width":600,"height":345,"url":"https:\/\/swimchannel.net\/br\/wp-content\/uploads\/2020\/04\/A-Nakache-.jpg","type":"image\/jpeg"}],"author":"Katarine Monteiro","twitter_card":"summary_large_image","twitter_creator":"@https:\/\/twitter.com\/Katarinem","twitter_misc":{"Escrito por":"Katarine Monteiro","Est. tempo de leitura":"5 minutos"},"schema":{"@context":"https:\/\/schema.org","@graph":[{"@type":"Article","@id":"https:\/\/swimchannel.net\/br\/edica-alfred-nakache\/#article","isPartOf":{"@id":"https:\/\/swimchannel.net\/br\/edica-alfred-nakache\/"},"author":{"name":"Katarine Monteiro","@id":"https:\/\/swimchannel.net\/br\/#\/schema\/person\/73ae9cec62249968bca1f0a8098ef002"},"headline":"A hist\u00f3ria de Alfred Nakache","datePublished":"2020-04-07T19:09:59+00:00","dateModified":"2021-02-22T10:49:57+00:00","mainEntityOfPage":{"@id":"https:\/\/swimchannel.net\/br\/edica-alfred-nakache\/"},"wordCount":921,"commentCount":0,"publisher":{"@id":"https:\/\/swimchannel.net\/br\/#organization"},"image":{"@id":"https:\/\/swimchannel.net\/br\/edica-alfred-nakache\/#primaryimage"},"thumbnailUrl":"https:\/\/swimchannel.net\/br\/wp-content\/uploads\/2020\/04\/A-Nakache-.jpg","keywords":["Alfred Nakache","Holocausto","Jogos Ol\u00edmpicos","judeus","natacao","nazismo"],"articleSection":["Curiosidades","Nata\u00e7\u00e3o"],"inLanguage":"pt-BR","potentialAction":[{"@type":"CommentAction","name":"Comment","target":["https:\/\/swimchannel.net\/br\/edica-alfred-nakache\/#respond"]}]},{"@type":"WebPage","@id":"https:\/\/swimchannel.net\/br\/edica-alfred-nakache\/","url":"https:\/\/swimchannel.net\/br\/edica-alfred-nakache\/","name":"A hist\u00f3ria de Alfred Nakache - Swimchannel","isPartOf":{"@id":"https:\/\/swimchannel.net\/br\/#website"},"primaryImageOfPage":{"@id":"https:\/\/swimchannel.net\/br\/edica-alfred-nakache\/#primaryimage"},"image":{"@id":"https:\/\/swimchannel.net\/br\/edica-alfred-nakache\/#primaryimage"},"thumbnailUrl":"https:\/\/swimchannel.net\/br\/wp-content\/uploads\/2020\/04\/A-Nakache-.jpg","datePublished":"2020-04-07T19:09:59+00:00","dateModified":"2021-02-22T10:49:57+00:00","breadcrumb":{"@id":"https:\/\/swimchannel.net\/br\/edica-alfred-nakache\/#breadcrumb"},"inLanguage":"pt-BR","potentialAction":[{"@type":"ReadAction","target":["https:\/\/swimchannel.net\/br\/edica-alfred-nakache\/"]}]},{"@type":"ImageObject","inLanguage":"pt-BR","@id":"https:\/\/swimchannel.net\/br\/edica-alfred-nakache\/#primaryimage","url":"https:\/\/swimchannel.net\/br\/wp-content\/uploads\/2020\/04\/A-Nakache-.jpg","contentUrl":"https:\/\/swimchannel.net\/br\/wp-content\/uploads\/2020\/04\/A-Nakache-.jpg","width":600,"height":345,"caption":"Alfred Nakache - Foto: Arquivo pessoal da fam\u00edlia de Nakache"},{"@type":"BreadcrumbList","@id":"https:\/\/swimchannel.net\/br\/edica-alfred-nakache\/#breadcrumb","itemListElement":[{"@type":"ListItem","position":1,"name":"Home","item":"https:\/\/swimchannel.net\/br\/"},{"@type":"ListItem","position":2,"name":"A hist\u00f3ria de Alfred Nakache"}]},{"@type":"WebSite","@id":"https:\/\/swimchannel.net\/br\/#website","url":"https:\/\/swimchannel.net\/br\/","name":"Swimchannel","description":"Maior portal de nata\u00e7\u00e3o da america latina","publisher":{"@id":"https:\/\/swimchannel.net\/br\/#organization"},"potentialAction":[{"@type":"SearchAction","target":{"@type":"EntryPoint","urlTemplate":"https:\/\/swimchannel.net\/br\/?s={search_term_string}"},"query-input":{"@type":"PropertyValueSpecification","valueRequired":true,"valueName":"search_term_string"}}],"inLanguage":"pt-BR"},{"@type":"Organization","@id":"https:\/\/swimchannel.net\/br\/#organization","name":"Swimchannel - Conectando voc\u00ea a Nata\u00e7\u00e3o","url":"https:\/\/swimchannel.net\/br\/","logo":{"@type":"ImageObject","inLanguage":"pt-BR","@id":"https:\/\/swimchannel.net\/br\/#\/schema\/logo\/image\/","url":"https:\/\/swimchannel.net\/br\/wp-content\/uploads\/2026\/02\/SWIM-CHANNEL.png","contentUrl":"https:\/\/swimchannel.net\/br\/wp-content\/uploads\/2026\/02\/SWIM-CHANNEL.png","width":1120,"height":630,"caption":"Swimchannel - Conectando voc\u00ea a Nata\u00e7\u00e3o"},"image":{"@id":"https:\/\/swimchannel.net\/br\/#\/schema\/logo\/image\/"},"sameAs":["https:\/\/www.facebook.com\/swimchannel","https:\/\/www.instagram.com\/swimchannel"]},{"@type":"Person","@id":"https:\/\/swimchannel.net\/br\/#\/schema\/person\/73ae9cec62249968bca1f0a8098ef002","name":"Katarine Monteiro","image":{"@type":"ImageObject","inLanguage":"pt-BR","@id":"https:\/\/swimchannel.net\/br\/#\/schema\/person\/image\/","url":"https:\/\/swimchannel.net\/br\/wp-content\/uploads\/2022\/01\/Katarine-Monteiro-100x100.jpg","contentUrl":"https:\/\/swimchannel.net\/br\/wp-content\/uploads\/2022\/01\/Katarine-Monteiro-100x100.jpg","caption":"Katarine Monteiro"},"description":"Jornalista SWIM CHANNEL especializada em esportes ol\u00edmpicos e em sa\u00fade. Com cobertura de grandes eventos internacionais, como Jogos Ol\u00edmpicos Rio 2016, Jogos Pan-Americanos em Lima 2019, Qatar Total Open 2020, Qatar ExxonMobil Open 2019 - t\u00eanis em Doha (QT), Semana Internacional de Vela de Ilhabela, Transat Jacques Vabre 2019 (Fran\u00e7a-Brasil), L'\u00c9tape Brasil by Tour de France, j\u00e1 fez in\u00fameras coberturas de nata\u00e7\u00e3o, maratona aqu\u00e1tica e polo aqu\u00e1tico. Formada tamb\u00e9m em Letras, a jornalista atua como assessora de imprensa, rela\u00e7\u00f5es p\u00fablicas e social media, com especializa\u00e7\u00e3o em marketing esportivo. Nadadora amadora de \u00e1guas abertas, j\u00e1 trabalhou com grandes nomes da nata\u00e7\u00e3o e do polo aqu\u00e1tico brasileiro.","sameAs":["https:\/\/www.instagram.com\/_katarinemonteiro\/","https:\/\/www.linkedin.com\/in\/katarine-monteiro-19385297\/","https:\/\/x.com\/https:\/\/twitter.com\/Katarinem"],"url":"https:\/\/swimchannel.net\/br\/author\/katarine-monteiro\/"}]}},"_links":{"self":[{"href":"https:\/\/swimchannel.net\/br\/wp-json\/wp\/v2\/posts\/23525","targetHints":{"allow":["GET"]}}],"collection":[{"href":"https:\/\/swimchannel.net\/br\/wp-json\/wp\/v2\/posts"}],"about":[{"href":"https:\/\/swimchannel.net\/br\/wp-json\/wp\/v2\/types\/post"}],"author":[{"embeddable":true,"href":"https:\/\/swimchannel.net\/br\/wp-json\/wp\/v2\/users\/9"}],"replies":[{"embeddable":true,"href":"https:\/\/swimchannel.net\/br\/wp-json\/wp\/v2\/comments?post=23525"}],"version-history":[{"count":0,"href":"https:\/\/swimchannel.net\/br\/wp-json\/wp\/v2\/posts\/23525\/revisions"}],"wp:featuredmedia":[{"embeddable":true,"href":"https:\/\/swimchannel.net\/br\/wp-json\/wp\/v2\/media\/23566"}],"wp:attachment":[{"href":"https:\/\/swimchannel.net\/br\/wp-json\/wp\/v2\/media?parent=23525"}],"wp:term":[{"taxonomy":"category","embeddable":true,"href":"https:\/\/swimchannel.net\/br\/wp-json\/wp\/v2\/categories?post=23525"},{"taxonomy":"post_tag","embeddable":true,"href":"https:\/\/swimchannel.net\/br\/wp-json\/wp\/v2\/tags?post=23525"}],"curies":[{"name":"wp","href":"https:\/\/api.w.org\/{rel}","templated":true}]}}