{"id":24354,"date":"2020-05-29T07:58:02","date_gmt":"2020-05-29T10:58:02","guid":{"rendered":"https:\/\/swimchannel.net\/br\/?p=24354"},"modified":"2020-05-29T13:37:47","modified_gmt":"2020-05-29T16:37:47","slug":"campeonato-pan-pacifico-e-adiado-para-2026","status":"publish","type":"post","link":"https:\/\/swimchannel.net\/br\/campeonato-pan-pacifico-e-adiado-para-2026\/","title":{"rendered":"Campeonato Pan-Pac\u00edfico \u00e9 adiado para 2026"},"content":{"rendered":"<p>A edi\u00e7\u00e3o de 2022 do Campeonato Pan-Pac\u00edfico foi cancelada e adiada para 2026. A mudan\u00e7a ocorreu devido as altera\u00e7\u00f5es de datas de todos os campeonatos da Federa\u00e7\u00e3o Internacional de Nata\u00e7\u00e3o (FINA), principalmente do Campeonato Mundial de Esportes Aqu\u00e1ticos, devido a pandemia do COVID-19 que atinge o mundo.<\/p>\n<p>O Mundial de Fukuoka, que aconteceria em 2021, passou para o ano seguinte (2022) e chocaria datas com o Pan-Pac\u00edfico, competi\u00e7\u00e3o que acontece de quatro em quatro anos.<\/p>\n<p>A <em>Swimming Canada<\/em> fez o an\u00fancio ontem a tarde: &#8220;Em respeito \u00e0s recentes mudan\u00e7as no calend\u00e1rio esportivo internacional devido \u00e0 pandemia global do COVID-19, as quatro na\u00e7\u00f5es da Carta do Pac\u00edfico concordaram em adiar o Campeonato de Nata\u00e7\u00e3o do Pan-Pac\u00edfico 2022&#8243;.<\/p>\n<p>Os quatro pa\u00edses membros s\u00e3o Austr\u00e1lia, Canad\u00e1, Jap\u00e3o e Estados Unidos.&#8221;Estamos ansiosos para sediar este evento, mas, em geral, todos podem se beneficiar da decis\u00e3o de adiar o Campeonato Pan Pac\u00edfico por quatro anos&#8221;, disse a presidente da <em>Canada Swimming<\/em>, Cheryl Gibson.<\/p>\n<figure id=\"attachment_24356\" aria-describedby=\"caption-attachment-24356\" style=\"width: 1200px\" class=\"wp-caption alignnone\"><img loading=\"lazy\" decoding=\"async\" class=\"size-full wp-image-24356\" src=\"https:\/\/swimchannel.net\/br\/wp-content\/uploads\/2020\/05\/Untitled.jpg\" alt=\"\" width=\"1200\" height=\"675\" srcset=\"https:\/\/swimchannel.net\/br\/wp-content\/uploads\/2020\/05\/Untitled.jpg 1200w, https:\/\/swimchannel.net\/br\/wp-content\/uploads\/2020\/05\/Untitled-600x338.jpg 600w, https:\/\/swimchannel.net\/br\/wp-content\/uploads\/2020\/05\/Untitled-320x180.jpg 320w, https:\/\/swimchannel.net\/br\/wp-content\/uploads\/2020\/05\/Untitled-768x432.jpg 768w, https:\/\/swimchannel.net\/br\/wp-content\/uploads\/2020\/05\/Untitled-640x360.jpg 640w\" sizes=\"auto, (max-width: 1200px) 100vw, 1200px\" \/><figcaption id=\"caption-attachment-24356\" class=\"wp-caption-text\">A equipe brasileira do Pan-Pac\u00edfico \u2013 Foto: Reprodu\u00e7\u00e3o<\/figcaption><\/figure>\n<p>\u201cO Campeonato Pan Pac\u00edfico continuar\u00e1 sendo um evento de refer\u00eancia no futuro. Agora, estamos ansiosos para sediar um grande evento em 2026, acolhendo nossos colegas da Austr\u00e1lia, Jap\u00e3o e Estados Unidos, bem como outros convidados de todo o mundo para uma celebra\u00e7\u00e3o do nosso esporte da melhor forma poss\u00edvel\u201d, completou a presidente da entidade.<\/p>\n<p>Por enquanto o evento permanecer\u00e1 no Canad\u00e1 e uma nova cidade anfitri\u00e3 dever\u00e1 ser anunciada em breve.\u00a0Com o adiamento dos Jogos Ol\u00edmpicos para 2021, o ano de 2022 ter\u00e1 a realiza\u00e7\u00e3o do Campeonato Mundial de Esportes Aqu\u00e1ticos em Fukuoka em maio, al\u00e9m dos Jogos do Commonwealth entre julho a agosto, em Birmingham, na Inglaterra.<\/p>\n<figure id=\"attachment_10582\" aria-describedby=\"caption-attachment-10582\" style=\"width: 1200px\" class=\"wp-caption alignnone\"><img loading=\"lazy\" decoding=\"async\" class=\"size-full wp-image-10582\" src=\"https:\/\/swimchannel.net\/br\/wp-content\/uploads\/2018\/08\/rev18pp.jpg\" alt=\"\" width=\"1200\" height=\"675\" srcset=\"https:\/\/swimchannel.net\/br\/wp-content\/uploads\/2018\/08\/rev18pp.jpg 1200w, https:\/\/swimchannel.net\/br\/wp-content\/uploads\/2018\/08\/rev18pp-600x338.jpg 600w\" sizes=\"auto, (max-width: 1200px) 100vw, 1200px\" \/><figcaption id=\"caption-attachment-10582\" class=\"wp-caption-text\">O time do 4x100m livre campe\u00e3o em 2018 &#8211; Foto: Instagram de Marcelo Chierighini<\/figcaption><\/figure>\n<p>O comunicado de imprensa tamb\u00e9m divulgou que o Campeonato Pan-Pac\u00edfico J\u00fanior de 2020 foi adiado para agosto de 2022 no Hava\u00ed. Outro grande evento internacional de nata\u00e7\u00e3o adiado foi o Campeonato Mundial de piscina curta, que estava previsto para dezembro em Abu Dhabi, mas tamb\u00e9m foi transferido para o fim da temporada de 2021.<\/p>\n<p>O Brasil fechou sua \u00faltima participa\u00e7\u00e3o no Campeonato Pan-Pac\u00edfico de 2018 em T\u00f3quio com quatro medalhas, mesmo n\u00famero da edi\u00e7\u00e3o em Gold Coast-2014. Um ouro com o revezamento 4x100m livre, uma prata com Leonardo de Deus nos 200m borboleta e dois bronzes com Jo\u00e3o Gomes J\u00fanior nos 100m peito e com Vin\u00edcius Lanza nos 100m borboleta. No quadro geral de medalhas os Estado Unidos terminaram na frente em ouros (18) e no total (43).<\/p>\n","protected":false},"excerpt":{"rendered":"<p>A edi\u00e7\u00e3o de 2022 do Campeonato Pan-Pac\u00edfico foi cancelada e adiada para 2026. A mudan\u00e7a ocorreu devido as altera\u00e7\u00f5es de datas de todos os campeonatos da Federa\u00e7\u00e3o Internacional de Nata\u00e7\u00e3o (FINA), principalmente do Campeonato Mundial de Esportes Aqu\u00e1ticos, devido a pandemia do COVID-19 que atinge o mundo. O Mundial de Fukuoka, que aconteceria em 2021, [&hellip;]<\/p>\n","protected":false},"author":9,"featured_media":24362,"comment_status":"open","ping_status":"open","sticky":false,"template":"","format":"standard","meta":{"footnotes":""},"categories":[1280],"tags":[2259,1187,2258,2167,5],"class_list":["post-24354","post","type-post","status-publish","format-standard","has-post-thumbnail","hentry","category-campeonato-pan-pacifico","tag-calendario-de-eventos","tag-campeonato-pan-pacifico","tag-canada","tag-covid-19","tag-natacao"],"yoast_head":"<!-- This site is optimized with the Yoast SEO plugin v27.0 - https:\/\/yoast.com\/product\/yoast-seo-wordpress\/ -->\n<title>Campeonato Pan-Pac\u00edfico \u00e9 adiado para 2026 - Swimchannel<\/title>\n<meta name=\"robots\" content=\"index, follow, max-snippet:-1, max-image-preview:large, max-video-preview:-1\" \/>\n<link rel=\"canonical\" href=\"https:\/\/swimchannel.net\/br\/campeonato-pan-pacifico-e-adiado-para-2026\/\" \/>\n<meta property=\"og:locale\" content=\"pt_BR\" \/>\n<meta property=\"og:type\" content=\"article\" \/>\n<meta property=\"og:title\" content=\"Campeonato Pan-Pac\u00edfico \u00e9 adiado para 2026 - Swimchannel\" \/>\n<meta property=\"og:description\" content=\"A edi\u00e7\u00e3o de 2022 do Campeonato Pan-Pac\u00edfico foi cancelada e adiada para 2026. A mudan\u00e7a ocorreu devido as altera\u00e7\u00f5es de datas de todos os campeonatos da Federa\u00e7\u00e3o Internacional de Nata\u00e7\u00e3o (FINA), principalmente do Campeonato Mundial de Esportes Aqu\u00e1ticos, devido a pandemia do COVID-19 que atinge o mundo. O Mundial de Fukuoka, que aconteceria em 2021, [&hellip;]\" \/>\n<meta property=\"og:url\" content=\"https:\/\/swimchannel.net\/br\/campeonato-pan-pacifico-e-adiado-para-2026\/\" \/>\n<meta property=\"og:site_name\" content=\"Swimchannel\" \/>\n<meta property=\"article:publisher\" content=\"https:\/\/www.facebook.com\/swimchannel\" \/>\n<meta property=\"article:published_time\" content=\"2020-05-29T10:58:02+00:00\" \/>\n<meta property=\"article:modified_time\" content=\"2020-05-29T16:37:47+00:00\" \/>\n<meta property=\"og:image\" content=\"https:\/\/swimchannel.net\/br\/wp-content\/uploads\/2020\/05\/panpacs18.jpg\" \/>\n\t<meta property=\"og:image:width\" content=\"600\" \/>\n\t<meta property=\"og:image:height\" content=\"344\" \/>\n\t<meta property=\"og:image:type\" content=\"image\/jpeg\" \/>\n<meta name=\"author\" content=\"Katarine Monteiro\" \/>\n<meta name=\"twitter:card\" content=\"summary_large_image\" \/>\n<meta name=\"twitter:creator\" content=\"@https:\/\/twitter.com\/Katarinem\" \/>\n<meta name=\"twitter:label1\" content=\"Escrito por\" \/>\n\t<meta name=\"twitter:data1\" content=\"Katarine Monteiro\" \/>\n\t<meta name=\"twitter:label2\" content=\"Est. tempo de leitura\" \/>\n\t<meta name=\"twitter:data2\" content=\"2 minutos\" \/>\n<script type=\"application\/ld+json\" class=\"yoast-schema-graph\">{\"@context\":\"https:\/\/schema.org\",\"@graph\":[{\"@type\":\"Article\",\"@id\":\"https:\/\/swimchannel.net\/br\/campeonato-pan-pacifico-e-adiado-para-2026\/#article\",\"isPartOf\":{\"@id\":\"https:\/\/swimchannel.net\/br\/campeonato-pan-pacifico-e-adiado-para-2026\/\"},\"author\":{\"name\":\"Katarine Monteiro\",\"@id\":\"https:\/\/swimchannel.net\/br\/#\/schema\/person\/73ae9cec62249968bca1f0a8098ef002\"},\"headline\":\"Campeonato Pan-Pac\u00edfico \u00e9 adiado para 2026\",\"datePublished\":\"2020-05-29T10:58:02+00:00\",\"dateModified\":\"2020-05-29T16:37:47+00:00\",\"mainEntityOfPage\":{\"@id\":\"https:\/\/swimchannel.net\/br\/campeonato-pan-pacifico-e-adiado-para-2026\/\"},\"wordCount\":470,\"commentCount\":0,\"publisher\":{\"@id\":\"https:\/\/swimchannel.net\/br\/#organization\"},\"image\":{\"@id\":\"https:\/\/swimchannel.net\/br\/campeonato-pan-pacifico-e-adiado-para-2026\/#primaryimage\"},\"thumbnailUrl\":\"https:\/\/swimchannel.net\/br\/wp-content\/uploads\/2020\/05\/panpacs18.jpg\",\"keywords\":[\"calend\u00e1rio de eventos\",\"Campeonato Pan-Pac\u00edfico\",\"Canad\u00e1\",\"COVID-19\",\"natacao\"],\"articleSection\":[\"Campeonato Pan-Pac\u00edfico\"],\"inLanguage\":\"pt-BR\",\"potentialAction\":[{\"@type\":\"CommentAction\",\"name\":\"Comment\",\"target\":[\"https:\/\/swimchannel.net\/br\/campeonato-pan-pacifico-e-adiado-para-2026\/#respond\"]}]},{\"@type\":\"WebPage\",\"@id\":\"https:\/\/swimchannel.net\/br\/campeonato-pan-pacifico-e-adiado-para-2026\/\",\"url\":\"https:\/\/swimchannel.net\/br\/campeonato-pan-pacifico-e-adiado-para-2026\/\",\"name\":\"Campeonato Pan-Pac\u00edfico \u00e9 adiado para 2026 - Swimchannel\",\"isPartOf\":{\"@id\":\"https:\/\/swimchannel.net\/br\/#website\"},\"primaryImageOfPage\":{\"@id\":\"https:\/\/swimchannel.net\/br\/campeonato-pan-pacifico-e-adiado-para-2026\/#primaryimage\"},\"image\":{\"@id\":\"https:\/\/swimchannel.net\/br\/campeonato-pan-pacifico-e-adiado-para-2026\/#primaryimage\"},\"thumbnailUrl\":\"https:\/\/swimchannel.net\/br\/wp-content\/uploads\/2020\/05\/panpacs18.jpg\",\"datePublished\":\"2020-05-29T10:58:02+00:00\",\"dateModified\":\"2020-05-29T16:37:47+00:00\",\"breadcrumb\":{\"@id\":\"https:\/\/swimchannel.net\/br\/campeonato-pan-pacifico-e-adiado-para-2026\/#breadcrumb\"},\"inLanguage\":\"pt-BR\",\"potentialAction\":[{\"@type\":\"ReadAction\",\"target\":[\"https:\/\/swimchannel.net\/br\/campeonato-pan-pacifico-e-adiado-para-2026\/\"]}]},{\"@type\":\"ImageObject\",\"inLanguage\":\"pt-BR\",\"@id\":\"https:\/\/swimchannel.net\/br\/campeonato-pan-pacifico-e-adiado-para-2026\/#primaryimage\",\"url\":\"https:\/\/swimchannel.net\/br\/wp-content\/uploads\/2020\/05\/panpacs18.jpg\",\"contentUrl\":\"https:\/\/swimchannel.net\/br\/wp-content\/uploads\/2020\/05\/panpacs18.jpg\",\"width\":600,\"height\":344,\"caption\":\"Campeonato Pan-Pac\u00edfico 2018 - Foto: Mike Lewis\"},{\"@type\":\"BreadcrumbList\",\"@id\":\"https:\/\/swimchannel.net\/br\/campeonato-pan-pacifico-e-adiado-para-2026\/#breadcrumb\",\"itemListElement\":[{\"@type\":\"ListItem\",\"position\":1,\"name\":\"Home\",\"item\":\"https:\/\/swimchannel.net\/br\/\"},{\"@type\":\"ListItem\",\"position\":2,\"name\":\"Campeonato Pan-Pac\u00edfico \u00e9 adiado para 2026\"}]},{\"@type\":\"WebSite\",\"@id\":\"https:\/\/swimchannel.net\/br\/#website\",\"url\":\"https:\/\/swimchannel.net\/br\/\",\"name\":\"Swimchannel\",\"description\":\"Maior portal de nata\u00e7\u00e3o da america latina\",\"publisher\":{\"@id\":\"https:\/\/swimchannel.net\/br\/#organization\"},\"potentialAction\":[{\"@type\":\"SearchAction\",\"target\":{\"@type\":\"EntryPoint\",\"urlTemplate\":\"https:\/\/swimchannel.net\/br\/?s={search_term_string}\"},\"query-input\":{\"@type\":\"PropertyValueSpecification\",\"valueRequired\":true,\"valueName\":\"search_term_string\"}}],\"inLanguage\":\"pt-BR\"},{\"@type\":\"Organization\",\"@id\":\"https:\/\/swimchannel.net\/br\/#organization\",\"name\":\"Swimchannel - Conectando voc\u00ea a Nata\u00e7\u00e3o\",\"url\":\"https:\/\/swimchannel.net\/br\/\",\"logo\":{\"@type\":\"ImageObject\",\"inLanguage\":\"pt-BR\",\"@id\":\"https:\/\/swimchannel.net\/br\/#\/schema\/logo\/image\/\",\"url\":\"https:\/\/swimchannel.net\/br\/wp-content\/uploads\/2026\/02\/SWIM-CHANNEL.png\",\"contentUrl\":\"https:\/\/swimchannel.net\/br\/wp-content\/uploads\/2026\/02\/SWIM-CHANNEL.png\",\"width\":1120,\"height\":630,\"caption\":\"Swimchannel - Conectando voc\u00ea a Nata\u00e7\u00e3o\"},\"image\":{\"@id\":\"https:\/\/swimchannel.net\/br\/#\/schema\/logo\/image\/\"},\"sameAs\":[\"https:\/\/www.facebook.com\/swimchannel\",\"https:\/\/www.instagram.com\/swimchannel\"]},{\"@type\":\"Person\",\"@id\":\"https:\/\/swimchannel.net\/br\/#\/schema\/person\/73ae9cec62249968bca1f0a8098ef002\",\"name\":\"Katarine Monteiro\",\"image\":{\"@type\":\"ImageObject\",\"inLanguage\":\"pt-BR\",\"@id\":\"https:\/\/swimchannel.net\/br\/#\/schema\/person\/image\/\",\"url\":\"https:\/\/swimchannel.net\/br\/wp-content\/uploads\/2022\/01\/Katarine-Monteiro-100x100.jpg\",\"contentUrl\":\"https:\/\/swimchannel.net\/br\/wp-content\/uploads\/2022\/01\/Katarine-Monteiro-100x100.jpg\",\"caption\":\"Katarine Monteiro\"},\"description\":\"Jornalista SWIM CHANNEL especializada em esportes ol\u00edmpicos e em sa\u00fade. Com cobertura de grandes eventos internacionais, como Jogos Ol\u00edmpicos Rio 2016, Jogos Pan-Americanos em Lima 2019, Qatar Total Open 2020, Qatar ExxonMobil Open 2019 - t\u00eanis em Doha (QT), Semana Internacional de Vela de Ilhabela, Transat Jacques Vabre 2019 (Fran\u00e7a-Brasil), L'\u00c9tape Brasil by Tour de France, j\u00e1 fez in\u00fameras coberturas de nata\u00e7\u00e3o, maratona aqu\u00e1tica e polo aqu\u00e1tico. Formada tamb\u00e9m em Letras, a jornalista atua como assessora de imprensa, rela\u00e7\u00f5es p\u00fablicas e social media, com especializa\u00e7\u00e3o em marketing esportivo. Nadadora amadora de \u00e1guas abertas, j\u00e1 trabalhou com grandes nomes da nata\u00e7\u00e3o e do polo aqu\u00e1tico brasileiro.\",\"sameAs\":[\"https:\/\/www.instagram.com\/_katarinemonteiro\/\",\"https:\/\/www.linkedin.com\/in\/katarine-monteiro-19385297\/\",\"https:\/\/x.com\/https:\/\/twitter.com\/Katarinem\"],\"url\":\"https:\/\/swimchannel.net\/br\/author\/katarine-monteiro\/\"}]}<\/script>\n<!-- \/ Yoast SEO plugin. -->","yoast_head_json":{"title":"Campeonato Pan-Pac\u00edfico \u00e9 adiado para 2026 - Swimchannel","robots":{"index":"index","follow":"follow","max-snippet":"max-snippet:-1","max-image-preview":"max-image-preview:large","max-video-preview":"max-video-preview:-1"},"canonical":"https:\/\/swimchannel.net\/br\/campeonato-pan-pacifico-e-adiado-para-2026\/","og_locale":"pt_BR","og_type":"article","og_title":"Campeonato Pan-Pac\u00edfico \u00e9 adiado para 2026 - Swimchannel","og_description":"A edi\u00e7\u00e3o de 2022 do Campeonato Pan-Pac\u00edfico foi cancelada e adiada para 2026. A mudan\u00e7a ocorreu devido as altera\u00e7\u00f5es de datas de todos os campeonatos da Federa\u00e7\u00e3o Internacional de Nata\u00e7\u00e3o (FINA), principalmente do Campeonato Mundial de Esportes Aqu\u00e1ticos, devido a pandemia do COVID-19 que atinge o mundo. O Mundial de Fukuoka, que aconteceria em 2021, [&hellip;]","og_url":"https:\/\/swimchannel.net\/br\/campeonato-pan-pacifico-e-adiado-para-2026\/","og_site_name":"Swimchannel","article_publisher":"https:\/\/www.facebook.com\/swimchannel","article_published_time":"2020-05-29T10:58:02+00:00","article_modified_time":"2020-05-29T16:37:47+00:00","og_image":[{"width":600,"height":344,"url":"https:\/\/swimchannel.net\/br\/wp-content\/uploads\/2020\/05\/panpacs18.jpg","type":"image\/jpeg"}],"author":"Katarine Monteiro","twitter_card":"summary_large_image","twitter_creator":"@https:\/\/twitter.com\/Katarinem","twitter_misc":{"Escrito por":"Katarine Monteiro","Est. tempo de leitura":"2 minutos"},"schema":{"@context":"https:\/\/schema.org","@graph":[{"@type":"Article","@id":"https:\/\/swimchannel.net\/br\/campeonato-pan-pacifico-e-adiado-para-2026\/#article","isPartOf":{"@id":"https:\/\/swimchannel.net\/br\/campeonato-pan-pacifico-e-adiado-para-2026\/"},"author":{"name":"Katarine Monteiro","@id":"https:\/\/swimchannel.net\/br\/#\/schema\/person\/73ae9cec62249968bca1f0a8098ef002"},"headline":"Campeonato Pan-Pac\u00edfico \u00e9 adiado para 2026","datePublished":"2020-05-29T10:58:02+00:00","dateModified":"2020-05-29T16:37:47+00:00","mainEntityOfPage":{"@id":"https:\/\/swimchannel.net\/br\/campeonato-pan-pacifico-e-adiado-para-2026\/"},"wordCount":470,"commentCount":0,"publisher":{"@id":"https:\/\/swimchannel.net\/br\/#organization"},"image":{"@id":"https:\/\/swimchannel.net\/br\/campeonato-pan-pacifico-e-adiado-para-2026\/#primaryimage"},"thumbnailUrl":"https:\/\/swimchannel.net\/br\/wp-content\/uploads\/2020\/05\/panpacs18.jpg","keywords":["calend\u00e1rio de eventos","Campeonato Pan-Pac\u00edfico","Canad\u00e1","COVID-19","natacao"],"articleSection":["Campeonato Pan-Pac\u00edfico"],"inLanguage":"pt-BR","potentialAction":[{"@type":"CommentAction","name":"Comment","target":["https:\/\/swimchannel.net\/br\/campeonato-pan-pacifico-e-adiado-para-2026\/#respond"]}]},{"@type":"WebPage","@id":"https:\/\/swimchannel.net\/br\/campeonato-pan-pacifico-e-adiado-para-2026\/","url":"https:\/\/swimchannel.net\/br\/campeonato-pan-pacifico-e-adiado-para-2026\/","name":"Campeonato Pan-Pac\u00edfico \u00e9 adiado para 2026 - Swimchannel","isPartOf":{"@id":"https:\/\/swimchannel.net\/br\/#website"},"primaryImageOfPage":{"@id":"https:\/\/swimchannel.net\/br\/campeonato-pan-pacifico-e-adiado-para-2026\/#primaryimage"},"image":{"@id":"https:\/\/swimchannel.net\/br\/campeonato-pan-pacifico-e-adiado-para-2026\/#primaryimage"},"thumbnailUrl":"https:\/\/swimchannel.net\/br\/wp-content\/uploads\/2020\/05\/panpacs18.jpg","datePublished":"2020-05-29T10:58:02+00:00","dateModified":"2020-05-29T16:37:47+00:00","breadcrumb":{"@id":"https:\/\/swimchannel.net\/br\/campeonato-pan-pacifico-e-adiado-para-2026\/#breadcrumb"},"inLanguage":"pt-BR","potentialAction":[{"@type":"ReadAction","target":["https:\/\/swimchannel.net\/br\/campeonato-pan-pacifico-e-adiado-para-2026\/"]}]},{"@type":"ImageObject","inLanguage":"pt-BR","@id":"https:\/\/swimchannel.net\/br\/campeonato-pan-pacifico-e-adiado-para-2026\/#primaryimage","url":"https:\/\/swimchannel.net\/br\/wp-content\/uploads\/2020\/05\/panpacs18.jpg","contentUrl":"https:\/\/swimchannel.net\/br\/wp-content\/uploads\/2020\/05\/panpacs18.jpg","width":600,"height":344,"caption":"Campeonato Pan-Pac\u00edfico 2018 - Foto: Mike Lewis"},{"@type":"BreadcrumbList","@id":"https:\/\/swimchannel.net\/br\/campeonato-pan-pacifico-e-adiado-para-2026\/#breadcrumb","itemListElement":[{"@type":"ListItem","position":1,"name":"Home","item":"https:\/\/swimchannel.net\/br\/"},{"@type":"ListItem","position":2,"name":"Campeonato Pan-Pac\u00edfico \u00e9 adiado para 2026"}]},{"@type":"WebSite","@id":"https:\/\/swimchannel.net\/br\/#website","url":"https:\/\/swimchannel.net\/br\/","name":"Swimchannel","description":"Maior portal de nata\u00e7\u00e3o da america latina","publisher":{"@id":"https:\/\/swimchannel.net\/br\/#organization"},"potentialAction":[{"@type":"SearchAction","target":{"@type":"EntryPoint","urlTemplate":"https:\/\/swimchannel.net\/br\/?s={search_term_string}"},"query-input":{"@type":"PropertyValueSpecification","valueRequired":true,"valueName":"search_term_string"}}],"inLanguage":"pt-BR"},{"@type":"Organization","@id":"https:\/\/swimchannel.net\/br\/#organization","name":"Swimchannel - Conectando voc\u00ea a Nata\u00e7\u00e3o","url":"https:\/\/swimchannel.net\/br\/","logo":{"@type":"ImageObject","inLanguage":"pt-BR","@id":"https:\/\/swimchannel.net\/br\/#\/schema\/logo\/image\/","url":"https:\/\/swimchannel.net\/br\/wp-content\/uploads\/2026\/02\/SWIM-CHANNEL.png","contentUrl":"https:\/\/swimchannel.net\/br\/wp-content\/uploads\/2026\/02\/SWIM-CHANNEL.png","width":1120,"height":630,"caption":"Swimchannel - Conectando voc\u00ea a Nata\u00e7\u00e3o"},"image":{"@id":"https:\/\/swimchannel.net\/br\/#\/schema\/logo\/image\/"},"sameAs":["https:\/\/www.facebook.com\/swimchannel","https:\/\/www.instagram.com\/swimchannel"]},{"@type":"Person","@id":"https:\/\/swimchannel.net\/br\/#\/schema\/person\/73ae9cec62249968bca1f0a8098ef002","name":"Katarine Monteiro","image":{"@type":"ImageObject","inLanguage":"pt-BR","@id":"https:\/\/swimchannel.net\/br\/#\/schema\/person\/image\/","url":"https:\/\/swimchannel.net\/br\/wp-content\/uploads\/2022\/01\/Katarine-Monteiro-100x100.jpg","contentUrl":"https:\/\/swimchannel.net\/br\/wp-content\/uploads\/2022\/01\/Katarine-Monteiro-100x100.jpg","caption":"Katarine Monteiro"},"description":"Jornalista SWIM CHANNEL especializada em esportes ol\u00edmpicos e em sa\u00fade. Com cobertura de grandes eventos internacionais, como Jogos Ol\u00edmpicos Rio 2016, Jogos Pan-Americanos em Lima 2019, Qatar Total Open 2020, Qatar ExxonMobil Open 2019 - t\u00eanis em Doha (QT), Semana Internacional de Vela de Ilhabela, Transat Jacques Vabre 2019 (Fran\u00e7a-Brasil), L'\u00c9tape Brasil by Tour de France, j\u00e1 fez in\u00fameras coberturas de nata\u00e7\u00e3o, maratona aqu\u00e1tica e polo aqu\u00e1tico. Formada tamb\u00e9m em Letras, a jornalista atua como assessora de imprensa, rela\u00e7\u00f5es p\u00fablicas e social media, com especializa\u00e7\u00e3o em marketing esportivo. Nadadora amadora de \u00e1guas abertas, j\u00e1 trabalhou com grandes nomes da nata\u00e7\u00e3o e do polo aqu\u00e1tico brasileiro.","sameAs":["https:\/\/www.instagram.com\/_katarinemonteiro\/","https:\/\/www.linkedin.com\/in\/katarine-monteiro-19385297\/","https:\/\/x.com\/https:\/\/twitter.com\/Katarinem"],"url":"https:\/\/swimchannel.net\/br\/author\/katarine-monteiro\/"}]}},"_links":{"self":[{"href":"https:\/\/swimchannel.net\/br\/wp-json\/wp\/v2\/posts\/24354","targetHints":{"allow":["GET"]}}],"collection":[{"href":"https:\/\/swimchannel.net\/br\/wp-json\/wp\/v2\/posts"}],"about":[{"href":"https:\/\/swimchannel.net\/br\/wp-json\/wp\/v2\/types\/post"}],"author":[{"embeddable":true,"href":"https:\/\/swimchannel.net\/br\/wp-json\/wp\/v2\/users\/9"}],"replies":[{"embeddable":true,"href":"https:\/\/swimchannel.net\/br\/wp-json\/wp\/v2\/comments?post=24354"}],"version-history":[{"count":0,"href":"https:\/\/swimchannel.net\/br\/wp-json\/wp\/v2\/posts\/24354\/revisions"}],"wp:featuredmedia":[{"embeddable":true,"href":"https:\/\/swimchannel.net\/br\/wp-json\/wp\/v2\/media\/24362"}],"wp:attachment":[{"href":"https:\/\/swimchannel.net\/br\/wp-json\/wp\/v2\/media?parent=24354"}],"wp:term":[{"taxonomy":"category","embeddable":true,"href":"https:\/\/swimchannel.net\/br\/wp-json\/wp\/v2\/categories?post=24354"},{"taxonomy":"post_tag","embeddable":true,"href":"https:\/\/swimchannel.net\/br\/wp-json\/wp\/v2\/tags?post=24354"}],"curies":[{"name":"wp","href":"https:\/\/api.w.org\/{rel}","templated":true}]}}