{"id":24465,"date":"2020-06-08T14:45:02","date_gmt":"2020-06-08T17:45:02","guid":{"rendered":"https:\/\/swimchannel.net\/br\/?p=24465"},"modified":"2020-06-08T15:45:15","modified_gmt":"2020-06-08T18:45:15","slug":"jornal-marca-elege-os-100-principais-atletas-do-seculo-xxi","status":"publish","type":"post","link":"https:\/\/swimchannel.net\/br\/jornal-marca-elege-os-100-principais-atletas-do-seculo-xxi\/","title":{"rendered":"Daniel Dias entre os cem maiores do s\u00e9culo XXI"},"content":{"rendered":"<p>O Jornal espanhol MARCA, um dos mais respeitados do segmento no mundo, est\u00e1 divulgando os cem maiores atletas masculinos do s\u00e9culo XXI. A cada semana s\u00e3o divulgados dez nomes da lista no site do peri\u00f3dico e o assunto est\u00e1 sendo bastante comentada no mundo do esporte.<\/p>\n<p>At\u00e9 o momento o brasileiro Daniel Dias \u00e9 o \u00fanico paratleta que aparece na lista, entrando na 42\u00aa coloca\u00e7\u00e3o. Ele \u00e9 o terceiro brasileiro na lista divulgado, estando a frente de Giba, campe\u00e3o ol\u00edmpico com a sele\u00e7\u00e3o brasileira de v\u00f4lei e presente na 58\u00aa posi\u00e7\u00e3o e de Falc\u00e3o, considerado por muitos como o maior jogador da hist\u00f3ria do futsal na 92\u00aa coloca\u00e7\u00e3o.<\/p>\n<figure id=\"attachment_24473\" aria-describedby=\"caption-attachment-24473\" style=\"width: 1024px\" class=\"wp-caption alignnone\"><img loading=\"lazy\" decoding=\"async\" class=\"size-full wp-image-24473\" src=\"https:\/\/swimchannel.net\/br\/wp-content\/uploads\/2020\/06\/102522330_1207471472967575_2224465462173301516_n.jpg\" alt=\"Daniel Dias. Foto: Jornal Marca\" width=\"1024\" height=\"1024\" srcset=\"https:\/\/swimchannel.net\/br\/wp-content\/uploads\/2020\/06\/102522330_1207471472967575_2224465462173301516_n.jpg 1024w, https:\/\/swimchannel.net\/br\/wp-content\/uploads\/2020\/06\/102522330_1207471472967575_2224465462173301516_n-300x300.jpg 300w, https:\/\/swimchannel.net\/br\/wp-content\/uploads\/2020\/06\/102522330_1207471472967575_2224465462173301516_n-100x100.jpg 100w, https:\/\/swimchannel.net\/br\/wp-content\/uploads\/2020\/06\/102522330_1207471472967575_2224465462173301516_n-600x600.jpg 600w, https:\/\/swimchannel.net\/br\/wp-content\/uploads\/2020\/06\/102522330_1207471472967575_2224465462173301516_n-675x675.jpg 675w, https:\/\/swimchannel.net\/br\/wp-content\/uploads\/2020\/06\/102522330_1207471472967575_2224465462173301516_n-800x800.jpg 800w, https:\/\/swimchannel.net\/br\/wp-content\/uploads\/2020\/06\/102522330_1207471472967575_2224465462173301516_n-180x180.jpg 180w, https:\/\/swimchannel.net\/br\/wp-content\/uploads\/2020\/06\/102522330_1207471472967575_2224465462173301516_n-768x768.jpg 768w, https:\/\/swimchannel.net\/br\/wp-content\/uploads\/2020\/06\/102522330_1207471472967575_2224465462173301516_n-400x400.jpg 400w\" sizes=\"auto, (max-width: 1024px) 100vw, 1024px\" \/><figcaption id=\"caption-attachment-24473\" class=\"wp-caption-text\">Daniel Dias &#8211; Foto: Jornal MARCA\/Reprodu\u00e7\u00e3o<\/figcaption><\/figure>\n<p>\u201cEstou lisonjeado com esta elei\u00e7\u00e3o. N\u00e3o era algo que eu esperava, mas ter o reconhecimento internacional \u00e9 sempre de muita alegria. Agrade\u00e7o por estar entre grandes nomes do esporte\u201d, comentou o nadador em suas redes sociais.<\/p>\n<p>Daniel nasceu com uma malforma\u00e7\u00e3o cong\u00eanita nos bra\u00e7os e na perna direita e come\u00e7ou a nadar aos 16 anos de idade em S\u00e3o Paulo. Ele \u00e9 citado como o &#8220;Michael Phelps da nata\u00e7\u00e3o paral\u00edmpica&#8221; e tem 24 medalhas paral\u00edmpicas, sendo 14 de ouro, sete de prata e tr\u00eas de bronze, conquistadas em tr\u00eas edi\u00e7\u00f5es consecutivas dos Jogos em Pequim-2008, Londres-2012 e Rio-2016.<\/p>\n<figure id=\"attachment_19790\" aria-describedby=\"caption-attachment-19790\" style=\"width: 1011px\" class=\"wp-caption alignnone\"><img loading=\"lazy\" decoding=\"async\" class=\"size-full wp-image-19790\" src=\"https:\/\/swimchannel.net\/br\/wp-content\/uploads\/2019\/09\/ae665bb739214cf68c5777925522ec63.jpg\" alt=\"Daniel Dias, classe S5. Foto: Al\u00ea Cabral\/CPB\" width=\"1011\" height=\"571\" srcset=\"https:\/\/swimchannel.net\/br\/wp-content\/uploads\/2019\/09\/ae665bb739214cf68c5777925522ec63.jpg 1011w, https:\/\/swimchannel.net\/br\/wp-content\/uploads\/2019\/09\/ae665bb739214cf68c5777925522ec63-600x339.jpg 600w\" sizes=\"auto, (max-width: 1011px) 100vw, 1011px\" \/><figcaption id=\"caption-attachment-19790\" class=\"wp-caption-text\">Daniel Dias &#8211; Foto: Al\u00ea Cabral\/CPB<\/figcaption><\/figure>\n<p>Aos 31 anos de idade, Dias tamb\u00e9m tem no curr\u00edculo 4o medalhas em Campeonatos Mundiais e 33 em Jogos Parapan-Americanos, sendo considerado por muitos um dos principais nomes da hist\u00f3ria do esporte paral\u00edmpico. O nadador tamb\u00e9m recebeu tr\u00eas vezes o Pr\u00eamio Laureus, considerado como o Oscar do esporte, em 2009, 2013 e 2016.<\/p>\n<p>Na lista do MARCA j\u00e1 apareceram outros nomes dos esportes aqu\u00e1ticos como o jogador h\u00fangaro de polo aqu\u00e1tico Tam\u00e1s K\u00e1sas na 80\u00aa coloca\u00e7\u00e3o, os nadadores americanos <a href=\"https:\/\/swimchannel.net\/br\/atleta\/ryan-lochte\/\">Ryan Lochte<\/a> em 66\u00ba lugar e <a href=\"https:\/\/swimchannel.net\/br\/atleta\/caeleb-dressel\/\">Caeleb Dressel<\/a> em 78\u00ba, o japon\u00eas Kosuke Kitajima em 99\u00balugar, o brit\u00e2nico <a href=\"https:\/\/swimchannel.net\/br\/atleta\/adam-peaty\/\">Adam Peaty<\/a> em 89\u00ba lugar, o holand\u00eas <a href=\"https:\/\/swimchannel.net\/br\/atleta\/pieter-van-den-hoogenband\/\">Pieter van der Hoogenband<\/a> em 54\u00ba lugar e o australiano <a href=\"https:\/\/swimchannel.net\/br\/atleta\/ian-thorpe\/\">Ian Thorpe<\/a> na 38\u00aa coloca\u00e7\u00e3o. A lista <a href=\"https:\/\/especiales.marca.com\/100-deportistas-siglo\/\" target=\"_blank\" rel=\"noopener noreferrer\">pode ser vista aqui<\/a>.<\/p>\n","protected":false},"excerpt":{"rendered":"<p>O Jornal espanhol MARCA, um dos mais respeitados do segmento no mundo, est\u00e1 divulgando os cem maiores atletas masculinos do s\u00e9culo XXI. A cada semana s\u00e3o divulgados dez nomes da lista no site do peri\u00f3dico e o assunto est\u00e1 sendo bastante comentada no mundo do esporte. At\u00e9 o momento o brasileiro Daniel Dias \u00e9 o [&hellip;]<\/p>\n","protected":false},"author":9,"featured_media":17897,"comment_status":"open","ping_status":"open","sticky":false,"template":"","format":"standard","meta":{"footnotes":""},"categories":[56],"tags":[9,851,5,127],"class_list":["post-24465","post","type-post","status-publish","format-standard","has-post-thumbnail","hentry","category-natacao-paralimpica","tag-daniel-dias","tag-marca","tag-natacao","tag-natacao-paralimpica"],"yoast_head":"<!-- This site is optimized with the Yoast SEO plugin v27.0 - https:\/\/yoast.com\/product\/yoast-seo-wordpress\/ -->\n<title>Daniel Dias entre os cem maiores do s\u00e9culo XXI - Swimchannel<\/title>\n<meta name=\"robots\" content=\"index, follow, max-snippet:-1, max-image-preview:large, max-video-preview:-1\" \/>\n<link rel=\"canonical\" href=\"https:\/\/swimchannel.net\/br\/jornal-marca-elege-os-100-principais-atletas-do-seculo-xxi\/\" \/>\n<meta property=\"og:locale\" content=\"pt_BR\" \/>\n<meta property=\"og:type\" content=\"article\" \/>\n<meta property=\"og:title\" content=\"Daniel Dias entre os cem maiores do s\u00e9culo XXI - Swimchannel\" \/>\n<meta property=\"og:description\" content=\"O Jornal espanhol MARCA, um dos mais respeitados do segmento no mundo, est\u00e1 divulgando os cem maiores atletas masculinos do s\u00e9culo XXI. A cada semana s\u00e3o divulgados dez nomes da lista no site do peri\u00f3dico e o assunto est\u00e1 sendo bastante comentada no mundo do esporte. At\u00e9 o momento o brasileiro Daniel Dias \u00e9 o [&hellip;]\" \/>\n<meta property=\"og:url\" content=\"https:\/\/swimchannel.net\/br\/jornal-marca-elege-os-100-principais-atletas-do-seculo-xxi\/\" \/>\n<meta property=\"og:site_name\" content=\"Swimchannel\" \/>\n<meta property=\"article:publisher\" content=\"https:\/\/www.facebook.com\/swimchannel\" \/>\n<meta property=\"article:published_time\" content=\"2020-06-08T17:45:02+00:00\" \/>\n<meta property=\"article:modified_time\" content=\"2020-06-08T18:45:15+00:00\" \/>\n<meta property=\"og:image\" content=\"https:\/\/swimchannel.net\/br\/wp-content\/uploads\/2019\/07\/ddias.jpg\" \/>\n\t<meta property=\"og:image:width\" content=\"1200\" \/>\n\t<meta property=\"og:image:height\" content=\"675\" \/>\n\t<meta property=\"og:image:type\" content=\"image\/jpeg\" \/>\n<meta name=\"author\" content=\"Katarine Monteiro\" \/>\n<meta name=\"twitter:card\" content=\"summary_large_image\" \/>\n<meta name=\"twitter:creator\" content=\"@https:\/\/twitter.com\/Katarinem\" \/>\n<meta name=\"twitter:label1\" content=\"Escrito por\" \/>\n\t<meta name=\"twitter:data1\" content=\"Katarine Monteiro\" \/>\n\t<meta name=\"twitter:label2\" content=\"Est. tempo de leitura\" \/>\n\t<meta name=\"twitter:data2\" content=\"2 minutos\" \/>\n<script type=\"application\/ld+json\" class=\"yoast-schema-graph\">{\"@context\":\"https:\/\/schema.org\",\"@graph\":[{\"@type\":\"Article\",\"@id\":\"https:\/\/swimchannel.net\/br\/jornal-marca-elege-os-100-principais-atletas-do-seculo-xxi\/#article\",\"isPartOf\":{\"@id\":\"https:\/\/swimchannel.net\/br\/jornal-marca-elege-os-100-principais-atletas-do-seculo-xxi\/\"},\"author\":{\"name\":\"Katarine Monteiro\",\"@id\":\"https:\/\/swimchannel.net\/br\/#\/schema\/person\/73ae9cec62249968bca1f0a8098ef002\"},\"headline\":\"Daniel Dias entre os cem maiores do s\u00e9culo XXI\",\"datePublished\":\"2020-06-08T17:45:02+00:00\",\"dateModified\":\"2020-06-08T18:45:15+00:00\",\"mainEntityOfPage\":{\"@id\":\"https:\/\/swimchannel.net\/br\/jornal-marca-elege-os-100-principais-atletas-do-seculo-xxi\/\"},\"wordCount\":392,\"commentCount\":0,\"publisher\":{\"@id\":\"https:\/\/swimchannel.net\/br\/#organization\"},\"image\":{\"@id\":\"https:\/\/swimchannel.net\/br\/jornal-marca-elege-os-100-principais-atletas-do-seculo-xxi\/#primaryimage\"},\"thumbnailUrl\":\"https:\/\/swimchannel.net\/br\/wp-content\/uploads\/2019\/07\/ddias.jpg\",\"keywords\":[\"Daniel Dias\",\"marca\",\"natacao\",\"nata\u00e7\u00e3o paral\u00edmpica\"],\"articleSection\":[\"Nata\u00e7\u00e3o Paral\u00edmpica\"],\"inLanguage\":\"pt-BR\",\"potentialAction\":[{\"@type\":\"CommentAction\",\"name\":\"Comment\",\"target\":[\"https:\/\/swimchannel.net\/br\/jornal-marca-elege-os-100-principais-atletas-do-seculo-xxi\/#respond\"]}]},{\"@type\":\"WebPage\",\"@id\":\"https:\/\/swimchannel.net\/br\/jornal-marca-elege-os-100-principais-atletas-do-seculo-xxi\/\",\"url\":\"https:\/\/swimchannel.net\/br\/jornal-marca-elege-os-100-principais-atletas-do-seculo-xxi\/\",\"name\":\"Daniel Dias entre os cem maiores do s\u00e9culo XXI - Swimchannel\",\"isPartOf\":{\"@id\":\"https:\/\/swimchannel.net\/br\/#website\"},\"primaryImageOfPage\":{\"@id\":\"https:\/\/swimchannel.net\/br\/jornal-marca-elege-os-100-principais-atletas-do-seculo-xxi\/#primaryimage\"},\"image\":{\"@id\":\"https:\/\/swimchannel.net\/br\/jornal-marca-elege-os-100-principais-atletas-do-seculo-xxi\/#primaryimage\"},\"thumbnailUrl\":\"https:\/\/swimchannel.net\/br\/wp-content\/uploads\/2019\/07\/ddias.jpg\",\"datePublished\":\"2020-06-08T17:45:02+00:00\",\"dateModified\":\"2020-06-08T18:45:15+00:00\",\"breadcrumb\":{\"@id\":\"https:\/\/swimchannel.net\/br\/jornal-marca-elege-os-100-principais-atletas-do-seculo-xxi\/#breadcrumb\"},\"inLanguage\":\"pt-BR\",\"potentialAction\":[{\"@type\":\"ReadAction\",\"target\":[\"https:\/\/swimchannel.net\/br\/jornal-marca-elege-os-100-principais-atletas-do-seculo-xxi\/\"]}]},{\"@type\":\"ImageObject\",\"inLanguage\":\"pt-BR\",\"@id\":\"https:\/\/swimchannel.net\/br\/jornal-marca-elege-os-100-principais-atletas-do-seculo-xxi\/#primaryimage\",\"url\":\"https:\/\/swimchannel.net\/br\/wp-content\/uploads\/2019\/07\/ddias.jpg\",\"contentUrl\":\"https:\/\/swimchannel.net\/br\/wp-content\/uploads\/2019\/07\/ddias.jpg\",\"width\":1200,\"height\":675,\"caption\":\"Daniel Dias - Foto: Buda Mendes\/CPB\"},{\"@type\":\"BreadcrumbList\",\"@id\":\"https:\/\/swimchannel.net\/br\/jornal-marca-elege-os-100-principais-atletas-do-seculo-xxi\/#breadcrumb\",\"itemListElement\":[{\"@type\":\"ListItem\",\"position\":1,\"name\":\"Home\",\"item\":\"https:\/\/swimchannel.net\/br\/\"},{\"@type\":\"ListItem\",\"position\":2,\"name\":\"Daniel Dias entre os cem maiores do s\u00e9culo XXI\"}]},{\"@type\":\"WebSite\",\"@id\":\"https:\/\/swimchannel.net\/br\/#website\",\"url\":\"https:\/\/swimchannel.net\/br\/\",\"name\":\"Swimchannel\",\"description\":\"Maior portal de nata\u00e7\u00e3o da america latina\",\"publisher\":{\"@id\":\"https:\/\/swimchannel.net\/br\/#organization\"},\"potentialAction\":[{\"@type\":\"SearchAction\",\"target\":{\"@type\":\"EntryPoint\",\"urlTemplate\":\"https:\/\/swimchannel.net\/br\/?s={search_term_string}\"},\"query-input\":{\"@type\":\"PropertyValueSpecification\",\"valueRequired\":true,\"valueName\":\"search_term_string\"}}],\"inLanguage\":\"pt-BR\"},{\"@type\":\"Organization\",\"@id\":\"https:\/\/swimchannel.net\/br\/#organization\",\"name\":\"Swimchannel - Conectando voc\u00ea a Nata\u00e7\u00e3o\",\"url\":\"https:\/\/swimchannel.net\/br\/\",\"logo\":{\"@type\":\"ImageObject\",\"inLanguage\":\"pt-BR\",\"@id\":\"https:\/\/swimchannel.net\/br\/#\/schema\/logo\/image\/\",\"url\":\"https:\/\/swimchannel.net\/br\/wp-content\/uploads\/2026\/02\/SWIM-CHANNEL.png\",\"contentUrl\":\"https:\/\/swimchannel.net\/br\/wp-content\/uploads\/2026\/02\/SWIM-CHANNEL.png\",\"width\":1120,\"height\":630,\"caption\":\"Swimchannel - Conectando voc\u00ea a Nata\u00e7\u00e3o\"},\"image\":{\"@id\":\"https:\/\/swimchannel.net\/br\/#\/schema\/logo\/image\/\"},\"sameAs\":[\"https:\/\/www.facebook.com\/swimchannel\",\"https:\/\/www.instagram.com\/swimchannel\"]},{\"@type\":\"Person\",\"@id\":\"https:\/\/swimchannel.net\/br\/#\/schema\/person\/73ae9cec62249968bca1f0a8098ef002\",\"name\":\"Katarine Monteiro\",\"image\":{\"@type\":\"ImageObject\",\"inLanguage\":\"pt-BR\",\"@id\":\"https:\/\/swimchannel.net\/br\/#\/schema\/person\/image\/\",\"url\":\"https:\/\/swimchannel.net\/br\/wp-content\/uploads\/2022\/01\/Katarine-Monteiro-100x100.jpg\",\"contentUrl\":\"https:\/\/swimchannel.net\/br\/wp-content\/uploads\/2022\/01\/Katarine-Monteiro-100x100.jpg\",\"caption\":\"Katarine Monteiro\"},\"description\":\"Jornalista SWIM CHANNEL especializada em esportes ol\u00edmpicos e em sa\u00fade. Com cobertura de grandes eventos internacionais, como Jogos Ol\u00edmpicos Rio 2016, Jogos Pan-Americanos em Lima 2019, Qatar Total Open 2020, Qatar ExxonMobil Open 2019 - t\u00eanis em Doha (QT), Semana Internacional de Vela de Ilhabela, Transat Jacques Vabre 2019 (Fran\u00e7a-Brasil), L'\u00c9tape Brasil by Tour de France, j\u00e1 fez in\u00fameras coberturas de nata\u00e7\u00e3o, maratona aqu\u00e1tica e polo aqu\u00e1tico. Formada tamb\u00e9m em Letras, a jornalista atua como assessora de imprensa, rela\u00e7\u00f5es p\u00fablicas e social media, com especializa\u00e7\u00e3o em marketing esportivo. Nadadora amadora de \u00e1guas abertas, j\u00e1 trabalhou com grandes nomes da nata\u00e7\u00e3o e do polo aqu\u00e1tico brasileiro.\",\"sameAs\":[\"https:\/\/www.instagram.com\/_katarinemonteiro\/\",\"https:\/\/www.linkedin.com\/in\/katarine-monteiro-19385297\/\",\"https:\/\/x.com\/https:\/\/twitter.com\/Katarinem\"],\"url\":\"https:\/\/swimchannel.net\/br\/author\/katarine-monteiro\/\"}]}<\/script>\n<!-- \/ Yoast SEO plugin. -->","yoast_head_json":{"title":"Daniel Dias entre os cem maiores do s\u00e9culo XXI - Swimchannel","robots":{"index":"index","follow":"follow","max-snippet":"max-snippet:-1","max-image-preview":"max-image-preview:large","max-video-preview":"max-video-preview:-1"},"canonical":"https:\/\/swimchannel.net\/br\/jornal-marca-elege-os-100-principais-atletas-do-seculo-xxi\/","og_locale":"pt_BR","og_type":"article","og_title":"Daniel Dias entre os cem maiores do s\u00e9culo XXI - Swimchannel","og_description":"O Jornal espanhol MARCA, um dos mais respeitados do segmento no mundo, est\u00e1 divulgando os cem maiores atletas masculinos do s\u00e9culo XXI. A cada semana s\u00e3o divulgados dez nomes da lista no site do peri\u00f3dico e o assunto est\u00e1 sendo bastante comentada no mundo do esporte. At\u00e9 o momento o brasileiro Daniel Dias \u00e9 o [&hellip;]","og_url":"https:\/\/swimchannel.net\/br\/jornal-marca-elege-os-100-principais-atletas-do-seculo-xxi\/","og_site_name":"Swimchannel","article_publisher":"https:\/\/www.facebook.com\/swimchannel","article_published_time":"2020-06-08T17:45:02+00:00","article_modified_time":"2020-06-08T18:45:15+00:00","og_image":[{"width":1200,"height":675,"url":"https:\/\/swimchannel.net\/br\/wp-content\/uploads\/2019\/07\/ddias.jpg","type":"image\/jpeg"}],"author":"Katarine Monteiro","twitter_card":"summary_large_image","twitter_creator":"@https:\/\/twitter.com\/Katarinem","twitter_misc":{"Escrito por":"Katarine Monteiro","Est. tempo de leitura":"2 minutos"},"schema":{"@context":"https:\/\/schema.org","@graph":[{"@type":"Article","@id":"https:\/\/swimchannel.net\/br\/jornal-marca-elege-os-100-principais-atletas-do-seculo-xxi\/#article","isPartOf":{"@id":"https:\/\/swimchannel.net\/br\/jornal-marca-elege-os-100-principais-atletas-do-seculo-xxi\/"},"author":{"name":"Katarine Monteiro","@id":"https:\/\/swimchannel.net\/br\/#\/schema\/person\/73ae9cec62249968bca1f0a8098ef002"},"headline":"Daniel Dias entre os cem maiores do s\u00e9culo XXI","datePublished":"2020-06-08T17:45:02+00:00","dateModified":"2020-06-08T18:45:15+00:00","mainEntityOfPage":{"@id":"https:\/\/swimchannel.net\/br\/jornal-marca-elege-os-100-principais-atletas-do-seculo-xxi\/"},"wordCount":392,"commentCount":0,"publisher":{"@id":"https:\/\/swimchannel.net\/br\/#organization"},"image":{"@id":"https:\/\/swimchannel.net\/br\/jornal-marca-elege-os-100-principais-atletas-do-seculo-xxi\/#primaryimage"},"thumbnailUrl":"https:\/\/swimchannel.net\/br\/wp-content\/uploads\/2019\/07\/ddias.jpg","keywords":["Daniel Dias","marca","natacao","nata\u00e7\u00e3o paral\u00edmpica"],"articleSection":["Nata\u00e7\u00e3o Paral\u00edmpica"],"inLanguage":"pt-BR","potentialAction":[{"@type":"CommentAction","name":"Comment","target":["https:\/\/swimchannel.net\/br\/jornal-marca-elege-os-100-principais-atletas-do-seculo-xxi\/#respond"]}]},{"@type":"WebPage","@id":"https:\/\/swimchannel.net\/br\/jornal-marca-elege-os-100-principais-atletas-do-seculo-xxi\/","url":"https:\/\/swimchannel.net\/br\/jornal-marca-elege-os-100-principais-atletas-do-seculo-xxi\/","name":"Daniel Dias entre os cem maiores do s\u00e9culo XXI - Swimchannel","isPartOf":{"@id":"https:\/\/swimchannel.net\/br\/#website"},"primaryImageOfPage":{"@id":"https:\/\/swimchannel.net\/br\/jornal-marca-elege-os-100-principais-atletas-do-seculo-xxi\/#primaryimage"},"image":{"@id":"https:\/\/swimchannel.net\/br\/jornal-marca-elege-os-100-principais-atletas-do-seculo-xxi\/#primaryimage"},"thumbnailUrl":"https:\/\/swimchannel.net\/br\/wp-content\/uploads\/2019\/07\/ddias.jpg","datePublished":"2020-06-08T17:45:02+00:00","dateModified":"2020-06-08T18:45:15+00:00","breadcrumb":{"@id":"https:\/\/swimchannel.net\/br\/jornal-marca-elege-os-100-principais-atletas-do-seculo-xxi\/#breadcrumb"},"inLanguage":"pt-BR","potentialAction":[{"@type":"ReadAction","target":["https:\/\/swimchannel.net\/br\/jornal-marca-elege-os-100-principais-atletas-do-seculo-xxi\/"]}]},{"@type":"ImageObject","inLanguage":"pt-BR","@id":"https:\/\/swimchannel.net\/br\/jornal-marca-elege-os-100-principais-atletas-do-seculo-xxi\/#primaryimage","url":"https:\/\/swimchannel.net\/br\/wp-content\/uploads\/2019\/07\/ddias.jpg","contentUrl":"https:\/\/swimchannel.net\/br\/wp-content\/uploads\/2019\/07\/ddias.jpg","width":1200,"height":675,"caption":"Daniel Dias - Foto: Buda Mendes\/CPB"},{"@type":"BreadcrumbList","@id":"https:\/\/swimchannel.net\/br\/jornal-marca-elege-os-100-principais-atletas-do-seculo-xxi\/#breadcrumb","itemListElement":[{"@type":"ListItem","position":1,"name":"Home","item":"https:\/\/swimchannel.net\/br\/"},{"@type":"ListItem","position":2,"name":"Daniel Dias entre os cem maiores do s\u00e9culo XXI"}]},{"@type":"WebSite","@id":"https:\/\/swimchannel.net\/br\/#website","url":"https:\/\/swimchannel.net\/br\/","name":"Swimchannel","description":"Maior portal de nata\u00e7\u00e3o da america latina","publisher":{"@id":"https:\/\/swimchannel.net\/br\/#organization"},"potentialAction":[{"@type":"SearchAction","target":{"@type":"EntryPoint","urlTemplate":"https:\/\/swimchannel.net\/br\/?s={search_term_string}"},"query-input":{"@type":"PropertyValueSpecification","valueRequired":true,"valueName":"search_term_string"}}],"inLanguage":"pt-BR"},{"@type":"Organization","@id":"https:\/\/swimchannel.net\/br\/#organization","name":"Swimchannel - Conectando voc\u00ea a Nata\u00e7\u00e3o","url":"https:\/\/swimchannel.net\/br\/","logo":{"@type":"ImageObject","inLanguage":"pt-BR","@id":"https:\/\/swimchannel.net\/br\/#\/schema\/logo\/image\/","url":"https:\/\/swimchannel.net\/br\/wp-content\/uploads\/2026\/02\/SWIM-CHANNEL.png","contentUrl":"https:\/\/swimchannel.net\/br\/wp-content\/uploads\/2026\/02\/SWIM-CHANNEL.png","width":1120,"height":630,"caption":"Swimchannel - Conectando voc\u00ea a Nata\u00e7\u00e3o"},"image":{"@id":"https:\/\/swimchannel.net\/br\/#\/schema\/logo\/image\/"},"sameAs":["https:\/\/www.facebook.com\/swimchannel","https:\/\/www.instagram.com\/swimchannel"]},{"@type":"Person","@id":"https:\/\/swimchannel.net\/br\/#\/schema\/person\/73ae9cec62249968bca1f0a8098ef002","name":"Katarine Monteiro","image":{"@type":"ImageObject","inLanguage":"pt-BR","@id":"https:\/\/swimchannel.net\/br\/#\/schema\/person\/image\/","url":"https:\/\/swimchannel.net\/br\/wp-content\/uploads\/2022\/01\/Katarine-Monteiro-100x100.jpg","contentUrl":"https:\/\/swimchannel.net\/br\/wp-content\/uploads\/2022\/01\/Katarine-Monteiro-100x100.jpg","caption":"Katarine Monteiro"},"description":"Jornalista SWIM CHANNEL especializada em esportes ol\u00edmpicos e em sa\u00fade. Com cobertura de grandes eventos internacionais, como Jogos Ol\u00edmpicos Rio 2016, Jogos Pan-Americanos em Lima 2019, Qatar Total Open 2020, Qatar ExxonMobil Open 2019 - t\u00eanis em Doha (QT), Semana Internacional de Vela de Ilhabela, Transat Jacques Vabre 2019 (Fran\u00e7a-Brasil), L'\u00c9tape Brasil by Tour de France, j\u00e1 fez in\u00fameras coberturas de nata\u00e7\u00e3o, maratona aqu\u00e1tica e polo aqu\u00e1tico. Formada tamb\u00e9m em Letras, a jornalista atua como assessora de imprensa, rela\u00e7\u00f5es p\u00fablicas e social media, com especializa\u00e7\u00e3o em marketing esportivo. Nadadora amadora de \u00e1guas abertas, j\u00e1 trabalhou com grandes nomes da nata\u00e7\u00e3o e do polo aqu\u00e1tico brasileiro.","sameAs":["https:\/\/www.instagram.com\/_katarinemonteiro\/","https:\/\/www.linkedin.com\/in\/katarine-monteiro-19385297\/","https:\/\/x.com\/https:\/\/twitter.com\/Katarinem"],"url":"https:\/\/swimchannel.net\/br\/author\/katarine-monteiro\/"}]}},"_links":{"self":[{"href":"https:\/\/swimchannel.net\/br\/wp-json\/wp\/v2\/posts\/24465","targetHints":{"allow":["GET"]}}],"collection":[{"href":"https:\/\/swimchannel.net\/br\/wp-json\/wp\/v2\/posts"}],"about":[{"href":"https:\/\/swimchannel.net\/br\/wp-json\/wp\/v2\/types\/post"}],"author":[{"embeddable":true,"href":"https:\/\/swimchannel.net\/br\/wp-json\/wp\/v2\/users\/9"}],"replies":[{"embeddable":true,"href":"https:\/\/swimchannel.net\/br\/wp-json\/wp\/v2\/comments?post=24465"}],"version-history":[{"count":0,"href":"https:\/\/swimchannel.net\/br\/wp-json\/wp\/v2\/posts\/24465\/revisions"}],"wp:featuredmedia":[{"embeddable":true,"href":"https:\/\/swimchannel.net\/br\/wp-json\/wp\/v2\/media\/17897"}],"wp:attachment":[{"href":"https:\/\/swimchannel.net\/br\/wp-json\/wp\/v2\/media?parent=24465"}],"wp:term":[{"taxonomy":"category","embeddable":true,"href":"https:\/\/swimchannel.net\/br\/wp-json\/wp\/v2\/categories?post=24465"},{"taxonomy":"post_tag","embeddable":true,"href":"https:\/\/swimchannel.net\/br\/wp-json\/wp\/v2\/tags?post=24465"}],"curies":[{"name":"wp","href":"https:\/\/api.w.org\/{rel}","templated":true}]}}