{"id":24477,"date":"2020-06-09T15:06:44","date_gmt":"2020-06-09T18:06:44","guid":{"rendered":"https:\/\/swimchannel.net\/br\/?p=24477"},"modified":"2026-03-05T13:05:03","modified_gmt":"2026-03-05T16:05:03","slug":"amaury-leveaux-anuncia-novo-clube","status":"publish","type":"post","link":"https:\/\/swimchannel.net\/br\/amaury-leveaux-anuncia-novo-clube\/","title":{"rendered":"Amaury Leveaux anuncia novo clube"},"content":{"rendered":"<p>O velocista franc\u00eas Amaury Leveaux, atual recordista mundial dos 100m livre em piscina curta e vice-campe\u00e3o ol\u00edmpico dos 50m livre em 2008, voltou a nadar no ano passado e na \u00faltima semana anunciou seu novo clube rumo \u00e0 uma vaga nos Jogos Ol\u00edmpicos de T\u00f3quio-2020.<\/p>\n<p>O franc\u00eas anunciou sua volta ao time de elite de Mulhouse, ap\u00f3s um per\u00edodo treinando no clube Dijon. Lionel Horter, diretor do grupo de elite de Mulhouse disse que est\u00e1 satisfeito em anunciar o retorno de Amaury Leveaux, que tentar\u00e1 ter sucesso em sua aposta.\u00a0Segundo <a href=\"https:\/\/www.bestswim.com.br\/2020\/06\/07\/amaury-leveaux-trocou-de-clube-e-treinador-de-novo-e-no-seu-estilo-falando-mal\/\" target=\"_blank\" rel=\"noopener noreferrer\">mat\u00e9ria da Best Swimming<\/a>, Leveaux saiu do programa de Dijon dizendo que \u201cdeve ser bom para nadadores jovens\u201d, al\u00e9m de reclamar da quantidade de pessoas na sala de muscula\u00e7\u00e3o, da falta de aten\u00e7\u00e3o do treinador e de &#8220;que volta e meia algu\u00e9m pulava na sua raia\u201d.<\/p>\n<p>Com quatro medalhas ol\u00edmpicas, cinco medalhas de Mundiais e oito medalhas em europeus no curr\u00edculo, Leveaux decidiu se aposentar em 2013. Depois disso, lan\u00e7ou uma biografia em 2015: &#8220;Sexo, Drogas e Nata\u00e7\u00e3o&#8221; em que n\u00e3o poupou ningu\u00e9m.<\/p>\n<p>No livo ele fala de antigos colegas de sele\u00e7\u00e3o, do uso de drogas e tamb\u00e9m de <a href=\"https:\/\/swimchannel.net\/br\/atleta\/cesar-cielo-filho\/\">Cesar Cielo<\/a>, chamado pelo franc\u00eas de trapaceiro e desonesto pelo caso de doping em 2011. Al\u00e9m dos ataques \u00e0 outros atletas, o franc\u00eas critica tamb\u00e9m \u00e0 m\u00eddia francesa, que segundo ele n\u00e3o lhe deu a devida aten\u00e7\u00e3o.<\/p>\n<p>Em 2018 o velocista decidiu voltar a nadar. O projeto era fazer a volta em forma de reality show e treinar nos Estados Unidos, o que n\u00e3o deu certo. Agora ele voltar\u00e1 a treinar com Lionel Horter em Mullhouse, seu t\u00e9cnico na conquista dos melhores resultados em 2008. Com 34 anos, sua \u00faltima competi\u00e7\u00e3o foi o Campeonato Franc\u00eas de piscina curta em dezembro do ano passado onde terminou em terceiro lugar nos 50m borboleta e quarto no 50 m livre.<\/p>\n","protected":false},"excerpt":{"rendered":"<p>O velocista franc\u00eas Amaury Leveaux, atual recordista mundial dos 100m livre em piscina curta e vice-campe\u00e3o ol\u00edmpico dos 50m livre em 2008, voltou a nadar no ano passado e na \u00faltima semana anunciou seu novo clube rumo \u00e0 uma vaga nos Jogos Ol\u00edmpicos de T\u00f3quio-2020. O franc\u00eas anunciou sua volta ao time de elite de [&hellip;]<\/p>\n","protected":false},"author":9,"featured_media":0,"comment_status":"open","ping_status":"open","sticky":false,"template":"","format":"standard","meta":{"footnotes":""},"categories":[137],"tags":[2267,326,5,843],"class_list":["post-24477","post","type-post","status-publish","format-standard","hentry","category-natacao","tag-amaury-leveaux","tag-franca","tag-natacao","tag-natacao-francesa"],"yoast_head":"<!-- This site is optimized with the Yoast SEO plugin v27.0 - https:\/\/yoast.com\/product\/yoast-seo-wordpress\/ -->\n<title>Amaury Leveaux anuncia novo clube - Swimchannel<\/title>\n<meta name=\"robots\" content=\"index, follow, max-snippet:-1, max-image-preview:large, max-video-preview:-1\" \/>\n<link rel=\"canonical\" href=\"https:\/\/swimchannel.net\/br\/amaury-leveaux-anuncia-novo-clube\/\" \/>\n<meta property=\"og:locale\" content=\"pt_BR\" \/>\n<meta property=\"og:type\" content=\"article\" \/>\n<meta property=\"og:title\" content=\"Amaury Leveaux anuncia novo clube - Swimchannel\" \/>\n<meta property=\"og:description\" content=\"O velocista franc\u00eas Amaury Leveaux, atual recordista mundial dos 100m livre em piscina curta e vice-campe\u00e3o ol\u00edmpico dos 50m livre em 2008, voltou a nadar no ano passado e na \u00faltima semana anunciou seu novo clube rumo \u00e0 uma vaga nos Jogos Ol\u00edmpicos de T\u00f3quio-2020. O franc\u00eas anunciou sua volta ao time de elite de [&hellip;]\" \/>\n<meta property=\"og:url\" content=\"https:\/\/swimchannel.net\/br\/amaury-leveaux-anuncia-novo-clube\/\" \/>\n<meta property=\"og:site_name\" content=\"Swimchannel\" \/>\n<meta property=\"article:publisher\" content=\"https:\/\/www.facebook.com\/swimchannel\" \/>\n<meta property=\"article:published_time\" content=\"2020-06-09T18:06:44+00:00\" \/>\n<meta property=\"article:modified_time\" content=\"2026-03-05T16:05:03+00:00\" \/>\n<meta name=\"author\" content=\"Katarine Monteiro\" \/>\n<meta name=\"twitter:card\" content=\"summary_large_image\" \/>\n<meta name=\"twitter:creator\" content=\"@https:\/\/twitter.com\/Katarinem\" \/>\n<meta name=\"twitter:label1\" content=\"Escrito por\" \/>\n\t<meta name=\"twitter:data1\" content=\"Katarine Monteiro\" \/>\n\t<meta name=\"twitter:label2\" content=\"Est. tempo de leitura\" \/>\n\t<meta name=\"twitter:data2\" content=\"3 minutos\" \/>\n<script type=\"application\/ld+json\" class=\"yoast-schema-graph\">{\"@context\":\"https:\/\/schema.org\",\"@graph\":[{\"@type\":\"Article\",\"@id\":\"https:\/\/swimchannel.net\/br\/amaury-leveaux-anuncia-novo-clube\/#article\",\"isPartOf\":{\"@id\":\"https:\/\/swimchannel.net\/br\/amaury-leveaux-anuncia-novo-clube\/\"},\"author\":{\"name\":\"Katarine Monteiro\",\"@id\":\"https:\/\/swimchannel.net\/br\/#\/schema\/person\/73ae9cec62249968bca1f0a8098ef002\"},\"headline\":\"Amaury Leveaux anuncia novo clube\",\"datePublished\":\"2020-06-09T18:06:44+00:00\",\"dateModified\":\"2026-03-05T16:05:03+00:00\",\"mainEntityOfPage\":{\"@id\":\"https:\/\/swimchannel.net\/br\/amaury-leveaux-anuncia-novo-clube\/\"},\"wordCount\":333,\"commentCount\":0,\"publisher\":{\"@id\":\"https:\/\/swimchannel.net\/br\/#organization\"},\"keywords\":[\"Amaury Leveaux\",\"Fran\u00e7a\",\"natacao\",\"nata\u00e7\u00e3o francesa\"],\"articleSection\":[\"Nata\u00e7\u00e3o\"],\"inLanguage\":\"pt-BR\",\"potentialAction\":[{\"@type\":\"CommentAction\",\"name\":\"Comment\",\"target\":[\"https:\/\/swimchannel.net\/br\/amaury-leveaux-anuncia-novo-clube\/#respond\"]}]},{\"@type\":\"WebPage\",\"@id\":\"https:\/\/swimchannel.net\/br\/amaury-leveaux-anuncia-novo-clube\/\",\"url\":\"https:\/\/swimchannel.net\/br\/amaury-leveaux-anuncia-novo-clube\/\",\"name\":\"Amaury Leveaux anuncia novo clube - Swimchannel\",\"isPartOf\":{\"@id\":\"https:\/\/swimchannel.net\/br\/#website\"},\"datePublished\":\"2020-06-09T18:06:44+00:00\",\"dateModified\":\"2026-03-05T16:05:03+00:00\",\"breadcrumb\":{\"@id\":\"https:\/\/swimchannel.net\/br\/amaury-leveaux-anuncia-novo-clube\/#breadcrumb\"},\"inLanguage\":\"pt-BR\",\"potentialAction\":[{\"@type\":\"ReadAction\",\"target\":[\"https:\/\/swimchannel.net\/br\/amaury-leveaux-anuncia-novo-clube\/\"]}]},{\"@type\":\"BreadcrumbList\",\"@id\":\"https:\/\/swimchannel.net\/br\/amaury-leveaux-anuncia-novo-clube\/#breadcrumb\",\"itemListElement\":[{\"@type\":\"ListItem\",\"position\":1,\"name\":\"Home\",\"item\":\"https:\/\/swimchannel.net\/br\/\"},{\"@type\":\"ListItem\",\"position\":2,\"name\":\"Amaury Leveaux anuncia novo clube\"}]},{\"@type\":\"WebSite\",\"@id\":\"https:\/\/swimchannel.net\/br\/#website\",\"url\":\"https:\/\/swimchannel.net\/br\/\",\"name\":\"Swimchannel\",\"description\":\"Maior portal de nata\u00e7\u00e3o da america latina\",\"publisher\":{\"@id\":\"https:\/\/swimchannel.net\/br\/#organization\"},\"potentialAction\":[{\"@type\":\"SearchAction\",\"target\":{\"@type\":\"EntryPoint\",\"urlTemplate\":\"https:\/\/swimchannel.net\/br\/?s={search_term_string}\"},\"query-input\":{\"@type\":\"PropertyValueSpecification\",\"valueRequired\":true,\"valueName\":\"search_term_string\"}}],\"inLanguage\":\"pt-BR\"},{\"@type\":\"Organization\",\"@id\":\"https:\/\/swimchannel.net\/br\/#organization\",\"name\":\"Swimchannel - Conectando voc\u00ea a Nata\u00e7\u00e3o\",\"url\":\"https:\/\/swimchannel.net\/br\/\",\"logo\":{\"@type\":\"ImageObject\",\"inLanguage\":\"pt-BR\",\"@id\":\"https:\/\/swimchannel.net\/br\/#\/schema\/logo\/image\/\",\"url\":\"https:\/\/swimchannel.net\/br\/wp-content\/uploads\/2026\/02\/SWIM-CHANNEL.png\",\"contentUrl\":\"https:\/\/swimchannel.net\/br\/wp-content\/uploads\/2026\/02\/SWIM-CHANNEL.png\",\"width\":1120,\"height\":630,\"caption\":\"Swimchannel - Conectando voc\u00ea a Nata\u00e7\u00e3o\"},\"image\":{\"@id\":\"https:\/\/swimchannel.net\/br\/#\/schema\/logo\/image\/\"},\"sameAs\":[\"https:\/\/www.facebook.com\/swimchannel\",\"https:\/\/www.instagram.com\/swimchannel\"]},{\"@type\":\"Person\",\"@id\":\"https:\/\/swimchannel.net\/br\/#\/schema\/person\/73ae9cec62249968bca1f0a8098ef002\",\"name\":\"Katarine Monteiro\",\"image\":{\"@type\":\"ImageObject\",\"inLanguage\":\"pt-BR\",\"@id\":\"https:\/\/swimchannel.net\/br\/#\/schema\/person\/image\/\",\"url\":\"https:\/\/swimchannel.net\/br\/wp-content\/uploads\/2022\/01\/Katarine-Monteiro-100x100.jpg\",\"contentUrl\":\"https:\/\/swimchannel.net\/br\/wp-content\/uploads\/2022\/01\/Katarine-Monteiro-100x100.jpg\",\"caption\":\"Katarine Monteiro\"},\"description\":\"Jornalista SWIM CHANNEL especializada em esportes ol\u00edmpicos e em sa\u00fade. Com cobertura de grandes eventos internacionais, como Jogos Ol\u00edmpicos Rio 2016, Jogos Pan-Americanos em Lima 2019, Qatar Total Open 2020, Qatar ExxonMobil Open 2019 - t\u00eanis em Doha (QT), Semana Internacional de Vela de Ilhabela, Transat Jacques Vabre 2019 (Fran\u00e7a-Brasil), L'\u00c9tape Brasil by Tour de France, j\u00e1 fez in\u00fameras coberturas de nata\u00e7\u00e3o, maratona aqu\u00e1tica e polo aqu\u00e1tico. Formada tamb\u00e9m em Letras, a jornalista atua como assessora de imprensa, rela\u00e7\u00f5es p\u00fablicas e social media, com especializa\u00e7\u00e3o em marketing esportivo. Nadadora amadora de \u00e1guas abertas, j\u00e1 trabalhou com grandes nomes da nata\u00e7\u00e3o e do polo aqu\u00e1tico brasileiro.\",\"sameAs\":[\"https:\/\/www.instagram.com\/_katarinemonteiro\/\",\"https:\/\/www.linkedin.com\/in\/katarine-monteiro-19385297\/\",\"https:\/\/x.com\/https:\/\/twitter.com\/Katarinem\"],\"url\":\"https:\/\/swimchannel.net\/br\/author\/katarine-monteiro\/\"}]}<\/script>\n<!-- \/ Yoast SEO plugin. -->","yoast_head_json":{"title":"Amaury Leveaux anuncia novo clube - Swimchannel","robots":{"index":"index","follow":"follow","max-snippet":"max-snippet:-1","max-image-preview":"max-image-preview:large","max-video-preview":"max-video-preview:-1"},"canonical":"https:\/\/swimchannel.net\/br\/amaury-leveaux-anuncia-novo-clube\/","og_locale":"pt_BR","og_type":"article","og_title":"Amaury Leveaux anuncia novo clube - Swimchannel","og_description":"O velocista franc\u00eas Amaury Leveaux, atual recordista mundial dos 100m livre em piscina curta e vice-campe\u00e3o ol\u00edmpico dos 50m livre em 2008, voltou a nadar no ano passado e na \u00faltima semana anunciou seu novo clube rumo \u00e0 uma vaga nos Jogos Ol\u00edmpicos de T\u00f3quio-2020. O franc\u00eas anunciou sua volta ao time de elite de [&hellip;]","og_url":"https:\/\/swimchannel.net\/br\/amaury-leveaux-anuncia-novo-clube\/","og_site_name":"Swimchannel","article_publisher":"https:\/\/www.facebook.com\/swimchannel","article_published_time":"2020-06-09T18:06:44+00:00","article_modified_time":"2026-03-05T16:05:03+00:00","author":"Katarine Monteiro","twitter_card":"summary_large_image","twitter_creator":"@https:\/\/twitter.com\/Katarinem","twitter_misc":{"Escrito por":"Katarine Monteiro","Est. tempo de leitura":"3 minutos"},"schema":{"@context":"https:\/\/schema.org","@graph":[{"@type":"Article","@id":"https:\/\/swimchannel.net\/br\/amaury-leveaux-anuncia-novo-clube\/#article","isPartOf":{"@id":"https:\/\/swimchannel.net\/br\/amaury-leveaux-anuncia-novo-clube\/"},"author":{"name":"Katarine Monteiro","@id":"https:\/\/swimchannel.net\/br\/#\/schema\/person\/73ae9cec62249968bca1f0a8098ef002"},"headline":"Amaury Leveaux anuncia novo clube","datePublished":"2020-06-09T18:06:44+00:00","dateModified":"2026-03-05T16:05:03+00:00","mainEntityOfPage":{"@id":"https:\/\/swimchannel.net\/br\/amaury-leveaux-anuncia-novo-clube\/"},"wordCount":333,"commentCount":0,"publisher":{"@id":"https:\/\/swimchannel.net\/br\/#organization"},"keywords":["Amaury Leveaux","Fran\u00e7a","natacao","nata\u00e7\u00e3o francesa"],"articleSection":["Nata\u00e7\u00e3o"],"inLanguage":"pt-BR","potentialAction":[{"@type":"CommentAction","name":"Comment","target":["https:\/\/swimchannel.net\/br\/amaury-leveaux-anuncia-novo-clube\/#respond"]}]},{"@type":"WebPage","@id":"https:\/\/swimchannel.net\/br\/amaury-leveaux-anuncia-novo-clube\/","url":"https:\/\/swimchannel.net\/br\/amaury-leveaux-anuncia-novo-clube\/","name":"Amaury Leveaux anuncia novo clube - Swimchannel","isPartOf":{"@id":"https:\/\/swimchannel.net\/br\/#website"},"datePublished":"2020-06-09T18:06:44+00:00","dateModified":"2026-03-05T16:05:03+00:00","breadcrumb":{"@id":"https:\/\/swimchannel.net\/br\/amaury-leveaux-anuncia-novo-clube\/#breadcrumb"},"inLanguage":"pt-BR","potentialAction":[{"@type":"ReadAction","target":["https:\/\/swimchannel.net\/br\/amaury-leveaux-anuncia-novo-clube\/"]}]},{"@type":"BreadcrumbList","@id":"https:\/\/swimchannel.net\/br\/amaury-leveaux-anuncia-novo-clube\/#breadcrumb","itemListElement":[{"@type":"ListItem","position":1,"name":"Home","item":"https:\/\/swimchannel.net\/br\/"},{"@type":"ListItem","position":2,"name":"Amaury Leveaux anuncia novo clube"}]},{"@type":"WebSite","@id":"https:\/\/swimchannel.net\/br\/#website","url":"https:\/\/swimchannel.net\/br\/","name":"Swimchannel","description":"Maior portal de nata\u00e7\u00e3o da america latina","publisher":{"@id":"https:\/\/swimchannel.net\/br\/#organization"},"potentialAction":[{"@type":"SearchAction","target":{"@type":"EntryPoint","urlTemplate":"https:\/\/swimchannel.net\/br\/?s={search_term_string}"},"query-input":{"@type":"PropertyValueSpecification","valueRequired":true,"valueName":"search_term_string"}}],"inLanguage":"pt-BR"},{"@type":"Organization","@id":"https:\/\/swimchannel.net\/br\/#organization","name":"Swimchannel - Conectando voc\u00ea a Nata\u00e7\u00e3o","url":"https:\/\/swimchannel.net\/br\/","logo":{"@type":"ImageObject","inLanguage":"pt-BR","@id":"https:\/\/swimchannel.net\/br\/#\/schema\/logo\/image\/","url":"https:\/\/swimchannel.net\/br\/wp-content\/uploads\/2026\/02\/SWIM-CHANNEL.png","contentUrl":"https:\/\/swimchannel.net\/br\/wp-content\/uploads\/2026\/02\/SWIM-CHANNEL.png","width":1120,"height":630,"caption":"Swimchannel - Conectando voc\u00ea a Nata\u00e7\u00e3o"},"image":{"@id":"https:\/\/swimchannel.net\/br\/#\/schema\/logo\/image\/"},"sameAs":["https:\/\/www.facebook.com\/swimchannel","https:\/\/www.instagram.com\/swimchannel"]},{"@type":"Person","@id":"https:\/\/swimchannel.net\/br\/#\/schema\/person\/73ae9cec62249968bca1f0a8098ef002","name":"Katarine Monteiro","image":{"@type":"ImageObject","inLanguage":"pt-BR","@id":"https:\/\/swimchannel.net\/br\/#\/schema\/person\/image\/","url":"https:\/\/swimchannel.net\/br\/wp-content\/uploads\/2022\/01\/Katarine-Monteiro-100x100.jpg","contentUrl":"https:\/\/swimchannel.net\/br\/wp-content\/uploads\/2022\/01\/Katarine-Monteiro-100x100.jpg","caption":"Katarine Monteiro"},"description":"Jornalista SWIM CHANNEL especializada em esportes ol\u00edmpicos e em sa\u00fade. Com cobertura de grandes eventos internacionais, como Jogos Ol\u00edmpicos Rio 2016, Jogos Pan-Americanos em Lima 2019, Qatar Total Open 2020, Qatar ExxonMobil Open 2019 - t\u00eanis em Doha (QT), Semana Internacional de Vela de Ilhabela, Transat Jacques Vabre 2019 (Fran\u00e7a-Brasil), L'\u00c9tape Brasil by Tour de France, j\u00e1 fez in\u00fameras coberturas de nata\u00e7\u00e3o, maratona aqu\u00e1tica e polo aqu\u00e1tico. Formada tamb\u00e9m em Letras, a jornalista atua como assessora de imprensa, rela\u00e7\u00f5es p\u00fablicas e social media, com especializa\u00e7\u00e3o em marketing esportivo. Nadadora amadora de \u00e1guas abertas, j\u00e1 trabalhou com grandes nomes da nata\u00e7\u00e3o e do polo aqu\u00e1tico brasileiro.","sameAs":["https:\/\/www.instagram.com\/_katarinemonteiro\/","https:\/\/www.linkedin.com\/in\/katarine-monteiro-19385297\/","https:\/\/x.com\/https:\/\/twitter.com\/Katarinem"],"url":"https:\/\/swimchannel.net\/br\/author\/katarine-monteiro\/"}]}},"_links":{"self":[{"href":"https:\/\/swimchannel.net\/br\/wp-json\/wp\/v2\/posts\/24477","targetHints":{"allow":["GET"]}}],"collection":[{"href":"https:\/\/swimchannel.net\/br\/wp-json\/wp\/v2\/posts"}],"about":[{"href":"https:\/\/swimchannel.net\/br\/wp-json\/wp\/v2\/types\/post"}],"author":[{"embeddable":true,"href":"https:\/\/swimchannel.net\/br\/wp-json\/wp\/v2\/users\/9"}],"replies":[{"embeddable":true,"href":"https:\/\/swimchannel.net\/br\/wp-json\/wp\/v2\/comments?post=24477"}],"version-history":[{"count":1,"href":"https:\/\/swimchannel.net\/br\/wp-json\/wp\/v2\/posts\/24477\/revisions"}],"predecessor-version":[{"id":79874,"href":"https:\/\/swimchannel.net\/br\/wp-json\/wp\/v2\/posts\/24477\/revisions\/79874"}],"wp:attachment":[{"href":"https:\/\/swimchannel.net\/br\/wp-json\/wp\/v2\/media?parent=24477"}],"wp:term":[{"taxonomy":"category","embeddable":true,"href":"https:\/\/swimchannel.net\/br\/wp-json\/wp\/v2\/categories?post=24477"},{"taxonomy":"post_tag","embeddable":true,"href":"https:\/\/swimchannel.net\/br\/wp-json\/wp\/v2\/tags?post=24477"}],"curies":[{"name":"wp","href":"https:\/\/api.w.org\/{rel}","templated":true}]}}