{"id":24510,"date":"2020-06-10T10:22:16","date_gmt":"2020-06-10T13:22:16","guid":{"rendered":"https:\/\/swimchannel.net\/br\/?p=24510"},"modified":"2020-06-10T13:27:06","modified_gmt":"2020-06-10T16:27:06","slug":"canal-da-catalina-cancela-todas-as-tentativas-de-2020","status":"publish","type":"post","link":"https:\/\/swimchannel.net\/br\/canal-da-catalina-cancela-todas-as-tentativas-de-2020\/","title":{"rendered":"Canal da Catalina cancela todas as tentativas de 2020"},"content":{"rendered":"<p>A Federa\u00e7\u00e3o da Travessia do Canal de Catalina emitiu um comunicado cancelando todas as tentativas para a realiza\u00e7\u00e3o da prova em 2020 devido a pandemia do COVID-19. O desafio, que \u00e9 feito no estreito de \u00e1gua que separa a Ilha de Catalina da costa oeste dos Estados Unidos, que tem cerca de 36 km e \u00e9 conhecido por ser um dos mais desafiadores do mundo das ultramaratonas aqu\u00e1ticas e tamb\u00e9m por fazer parte do <a href=\"https:\/\/swimchannel.net\/br\/swim-channel-tv-desafio-dos-sete-mares\/\">Desafio dos Sete Mares<\/a>.<\/p>\n<p>A Travessia conta com muitas particularidades, entre elas a recomenda\u00e7\u00e3o de iniciar a prova a noite devido a presen\u00e7a de tubar\u00f5es e muitos peixes na regi\u00e3o. Al\u00e9m disso, os nadadores precisam enfrentar a \u00e1gua gelada, as fortes correntes e a falta de visibilidade.\u00a0Segundo a entidade, a seguran\u00e7a e o bem-estar de todos os nadadores, equipes de apoio, equipes de barcos e observadores \u00e9 prioridade.<\/p>\n<figure id=\"attachment_24527\" aria-describedby=\"caption-attachment-24527\" style=\"width: 411px\" class=\"wp-caption alignnone\"><img loading=\"lazy\" decoding=\"async\" class=\"size-full wp-image-24527\" src=\"https:\/\/swimchannel.net\/br\/wp-content\/uploads\/2020\/06\/catalinapng-89cb3c4235e2c150.png\" alt=\"\" width=\"411\" height=\"477\" srcset=\"https:\/\/swimchannel.net\/br\/wp-content\/uploads\/2020\/06\/catalinapng-89cb3c4235e2c150.png 411w, https:\/\/swimchannel.net\/br\/wp-content\/uploads\/2020\/06\/catalinapng-89cb3c4235e2c150-155x180.png 155w\" sizes=\"auto, (max-width: 411px) 100vw, 411px\" \/><figcaption id=\"caption-attachment-24527\" class=\"wp-caption-text\">Mapa do percurso da Travessia do Canal de Catalina &#8211; Foto: Reprodu\u00e7\u00e3o<\/figcaption><\/figure>\n<p>&#8220;Realizamos uma an\u00e1lise cuidadosa e conclu\u00edmos que n\u00e3o ser\u00e1 poss\u00edvel operar as travessias do Canal Catalina nesta temporada de maneira consistente com nosso compromisso com a seguran\u00e7a. Esta \u00e9 uma decis\u00e3o que nunca esperamos enfrentar, mas devemos tomar agora, para permitir que os nadadores planejem adequadamente&#8221;, publicou o Conselho de Administra\u00e7\u00e3o da prova em seu site.<\/p>\n<p>A Federa\u00e7\u00e3o de Nata\u00e7\u00e3o do Canal Catalina entrar\u00e1 em contato com todos os nadadores que j\u00e1 tiveram suas inscri\u00e7\u00f5es aprovadas para explicar os pr\u00f3ximos passos que podem ser o adiamento ou cancelamento da prova.<\/p>\n<figure id=\"attachment_1976\" aria-describedby=\"caption-attachment-1976\" style=\"width: 2000px\" class=\"wp-caption alignnone\"><img loading=\"lazy\" decoding=\"async\" class=\"size-full wp-image-1976\" src=\"https:\/\/swimchannel.net\/br\/wp-content\/uploads\/2016\/09\/294716_641893_samir_catalina_a.jpg\" alt=\"\" width=\"2000\" height=\"1324\" srcset=\"https:\/\/swimchannel.net\/br\/wp-content\/uploads\/2016\/09\/294716_641893_samir_catalina_a.jpg 2000w, https:\/\/swimchannel.net\/br\/wp-content\/uploads\/2016\/09\/294716_641893_samir_catalina_a-600x397.jpg 600w, https:\/\/swimchannel.net\/br\/wp-content\/uploads\/2016\/09\/294716_641893_samir_catalina_a-300x199.jpg 300w, https:\/\/swimchannel.net\/br\/wp-content\/uploads\/2016\/09\/294716_641893_samir_catalina_a-768x508.jpg 768w, https:\/\/swimchannel.net\/br\/wp-content\/uploads\/2016\/09\/294716_641893_samir_catalina_a-1024x678.jpg 1024w\" sizes=\"auto, (max-width: 2000px) 100vw, 2000px\" \/><figcaption id=\"caption-attachment-1976\" class=\"wp-caption-text\">Samir fez simula\u00e7\u00f5es noturnas visando o Canal da Catalina em 2016 &#8211; Foto: Matheus Meireles<\/figcaption><\/figure>\n<p>O Conselho de Administra\u00e7\u00e3o continuar\u00e1 monitorando a situa\u00e7\u00e3o e espera retomar aos desafios do Canal Catalina em 2021.\u00a0\u201cCom a decis\u00e3o do Conselho da Federa\u00e7\u00e3o de Nata\u00e7\u00e3o do Canal Catalina de cancelar toda a temporada de 2020, estou explorando a possibilidade e a viabilidade de nados alternativos como outras Ilhas do Canal da Calif\u00f3rnia e outros lugares para todo e qualquer nadador que quiser continuar seu treinamento &#8220;, disse Dan Simonelli, ultramaratonista americano da Calif\u00f3rnia, fundador e diretor da Open Water Swim Academy (OWSA) e membro do conselho do Canal.<\/p>\n<p>At\u00e9 hoje quatro brasileiros j\u00e1 fizeram a Travessia do Canal da Catalina. Dailza dos Santos foi a primeira em 1993 e concluiu o percurso em 14h25min43s. Em 2016 dois nadadores completaram a prova, <a href=\"https:\/\/swimchannel.net\/br\/adherbal-de-oliveira-conquista-o-canal-de-catalina\/\">Adherbal de Oliveira<\/a> em 9h10min29s e <a href=\"https:\/\/swimchannel.net\/br\/samir-supera-recorde-sul-americano-no-canal-de-catalina\/\">Samir Barel que estabeleceu um recorde nacional e sul-americano<\/a> de 8h35min40s. Em 2017 Luiz Pradines foi o \u00faltimo brasileiro a conquistar o Canal fazendo a travessia em 18h55min00s. A lista completa de todos os nadadores que j\u00e1 fizeram a prova <a href=\"https:\/\/swimcatalina.org\/swim-successes\/\" target=\"_blank\" rel=\"noopener noreferrer\">pode ser vista aqui<\/a>. E para mais atualiza\u00e7\u00f5es da Federa\u00e7\u00e3o de Nata\u00e7\u00e3o do Canal Catalina visite o site oficial da entidade: <a href=\"http:\/\/swimcatalina.org\" target=\"_blank\" rel=\"noopener noreferrer\">swimcatalina.org<\/a>.<\/p>\n","protected":false},"excerpt":{"rendered":"<p>A Federa\u00e7\u00e3o da Travessia do Canal de Catalina emitiu um comunicado cancelando todas as tentativas para a realiza\u00e7\u00e3o da prova em 2020 devido a pandemia do COVID-19. O desafio, que \u00e9 feito no estreito de \u00e1gua que separa a Ilha de Catalina da costa oeste dos Estados Unidos, que tem cerca de 36 km e [&hellip;]<\/p>\n","protected":false},"author":9,"featured_media":24528,"comment_status":"open","ping_status":"open","sticky":false,"template":"","format":"standard","meta":{"footnotes":""},"categories":[115],"tags":[14,2269,2167,5,1090],"class_list":["post-24510","post","type-post","status-publish","format-standard","has-post-thumbnail","hentry","category-aguas-abertas","tag-aguas-abertas","tag-canal-da-catalina","tag-covid-19","tag-natacao","tag-ultramaratona-aquatica"],"yoast_head":"<!-- This site is optimized with the Yoast SEO plugin v27.0 - https:\/\/yoast.com\/product\/yoast-seo-wordpress\/ -->\n<title>Canal da Catalina cancela todas as tentativas de 2020 - Swimchannel<\/title>\n<meta name=\"robots\" content=\"index, follow, max-snippet:-1, max-image-preview:large, max-video-preview:-1\" \/>\n<link rel=\"canonical\" href=\"https:\/\/swimchannel.net\/br\/canal-da-catalina-cancela-todas-as-tentativas-de-2020\/\" \/>\n<meta property=\"og:locale\" content=\"pt_BR\" \/>\n<meta property=\"og:type\" content=\"article\" \/>\n<meta property=\"og:title\" content=\"Canal da Catalina cancela todas as tentativas de 2020 - Swimchannel\" \/>\n<meta property=\"og:description\" content=\"A Federa\u00e7\u00e3o da Travessia do Canal de Catalina emitiu um comunicado cancelando todas as tentativas para a realiza\u00e7\u00e3o da prova em 2020 devido a pandemia do COVID-19. O desafio, que \u00e9 feito no estreito de \u00e1gua que separa a Ilha de Catalina da costa oeste dos Estados Unidos, que tem cerca de 36 km e [&hellip;]\" \/>\n<meta property=\"og:url\" content=\"https:\/\/swimchannel.net\/br\/canal-da-catalina-cancela-todas-as-tentativas-de-2020\/\" \/>\n<meta property=\"og:site_name\" content=\"Swimchannel\" \/>\n<meta property=\"article:publisher\" content=\"https:\/\/www.facebook.com\/swimchannel\" \/>\n<meta property=\"article:published_time\" content=\"2020-06-10T13:22:16+00:00\" \/>\n<meta property=\"article:modified_time\" content=\"2020-06-10T16:27:06+00:00\" \/>\n<meta property=\"og:image\" content=\"https:\/\/swimchannel.net\/br\/wp-content\/uploads\/2020\/06\/Santa_Catalina_NASA_EO.jpg\" \/>\n\t<meta property=\"og:image:width\" content=\"1200\" \/>\n\t<meta property=\"og:image:height\" content=\"675\" \/>\n\t<meta property=\"og:image:type\" content=\"image\/jpeg\" \/>\n<meta name=\"author\" content=\"Katarine Monteiro\" \/>\n<meta name=\"twitter:card\" content=\"summary_large_image\" \/>\n<meta name=\"twitter:creator\" content=\"@https:\/\/twitter.com\/Katarinem\" \/>\n<meta name=\"twitter:label1\" content=\"Escrito por\" \/>\n\t<meta name=\"twitter:data1\" content=\"Katarine Monteiro\" \/>\n\t<meta name=\"twitter:label2\" content=\"Est. tempo de leitura\" \/>\n\t<meta name=\"twitter:data2\" content=\"2 minutos\" \/>\n<script type=\"application\/ld+json\" class=\"yoast-schema-graph\">{\"@context\":\"https:\/\/schema.org\",\"@graph\":[{\"@type\":\"Article\",\"@id\":\"https:\/\/swimchannel.net\/br\/canal-da-catalina-cancela-todas-as-tentativas-de-2020\/#article\",\"isPartOf\":{\"@id\":\"https:\/\/swimchannel.net\/br\/canal-da-catalina-cancela-todas-as-tentativas-de-2020\/\"},\"author\":{\"name\":\"Katarine Monteiro\",\"@id\":\"https:\/\/swimchannel.net\/br\/#\/schema\/person\/73ae9cec62249968bca1f0a8098ef002\"},\"headline\":\"Canal da Catalina cancela todas as tentativas de 2020\",\"datePublished\":\"2020-06-10T13:22:16+00:00\",\"dateModified\":\"2020-06-10T16:27:06+00:00\",\"mainEntityOfPage\":{\"@id\":\"https:\/\/swimchannel.net\/br\/canal-da-catalina-cancela-todas-as-tentativas-de-2020\/\"},\"wordCount\":502,\"commentCount\":0,\"publisher\":{\"@id\":\"https:\/\/swimchannel.net\/br\/#organization\"},\"image\":{\"@id\":\"https:\/\/swimchannel.net\/br\/canal-da-catalina-cancela-todas-as-tentativas-de-2020\/#primaryimage\"},\"thumbnailUrl\":\"https:\/\/swimchannel.net\/br\/wp-content\/uploads\/2020\/06\/Santa_Catalina_NASA_EO.jpg\",\"keywords\":[\"\u00c1guas abertas\",\"Canal da Catalina\",\"COVID-19\",\"natacao\",\"ultramaratona aqu\u00e1tica\"],\"articleSection\":[\"\u00c1guas Abertas\"],\"inLanguage\":\"pt-BR\",\"potentialAction\":[{\"@type\":\"CommentAction\",\"name\":\"Comment\",\"target\":[\"https:\/\/swimchannel.net\/br\/canal-da-catalina-cancela-todas-as-tentativas-de-2020\/#respond\"]}]},{\"@type\":\"WebPage\",\"@id\":\"https:\/\/swimchannel.net\/br\/canal-da-catalina-cancela-todas-as-tentativas-de-2020\/\",\"url\":\"https:\/\/swimchannel.net\/br\/canal-da-catalina-cancela-todas-as-tentativas-de-2020\/\",\"name\":\"Canal da Catalina cancela todas as tentativas de 2020 - Swimchannel\",\"isPartOf\":{\"@id\":\"https:\/\/swimchannel.net\/br\/#website\"},\"primaryImageOfPage\":{\"@id\":\"https:\/\/swimchannel.net\/br\/canal-da-catalina-cancela-todas-as-tentativas-de-2020\/#primaryimage\"},\"image\":{\"@id\":\"https:\/\/swimchannel.net\/br\/canal-da-catalina-cancela-todas-as-tentativas-de-2020\/#primaryimage\"},\"thumbnailUrl\":\"https:\/\/swimchannel.net\/br\/wp-content\/uploads\/2020\/06\/Santa_Catalina_NASA_EO.jpg\",\"datePublished\":\"2020-06-10T13:22:16+00:00\",\"dateModified\":\"2020-06-10T16:27:06+00:00\",\"breadcrumb\":{\"@id\":\"https:\/\/swimchannel.net\/br\/canal-da-catalina-cancela-todas-as-tentativas-de-2020\/#breadcrumb\"},\"inLanguage\":\"pt-BR\",\"potentialAction\":[{\"@type\":\"ReadAction\",\"target\":[\"https:\/\/swimchannel.net\/br\/canal-da-catalina-cancela-todas-as-tentativas-de-2020\/\"]}]},{\"@type\":\"ImageObject\",\"inLanguage\":\"pt-BR\",\"@id\":\"https:\/\/swimchannel.net\/br\/canal-da-catalina-cancela-todas-as-tentativas-de-2020\/#primaryimage\",\"url\":\"https:\/\/swimchannel.net\/br\/wp-content\/uploads\/2020\/06\/Santa_Catalina_NASA_EO.jpg\",\"contentUrl\":\"https:\/\/swimchannel.net\/br\/wp-content\/uploads\/2020\/06\/Santa_Catalina_NASA_EO.jpg\",\"width\":1200,\"height\":675,\"caption\":\"Mapa da Ilha de Catalina - Foto: Reprodu\u00e7\u00e3o\/NASA\"},{\"@type\":\"BreadcrumbList\",\"@id\":\"https:\/\/swimchannel.net\/br\/canal-da-catalina-cancela-todas-as-tentativas-de-2020\/#breadcrumb\",\"itemListElement\":[{\"@type\":\"ListItem\",\"position\":1,\"name\":\"Home\",\"item\":\"https:\/\/swimchannel.net\/br\/\"},{\"@type\":\"ListItem\",\"position\":2,\"name\":\"Canal da Catalina cancela todas as tentativas de 2020\"}]},{\"@type\":\"WebSite\",\"@id\":\"https:\/\/swimchannel.net\/br\/#website\",\"url\":\"https:\/\/swimchannel.net\/br\/\",\"name\":\"Swimchannel\",\"description\":\"Maior portal de nata\u00e7\u00e3o da america latina\",\"publisher\":{\"@id\":\"https:\/\/swimchannel.net\/br\/#organization\"},\"potentialAction\":[{\"@type\":\"SearchAction\",\"target\":{\"@type\":\"EntryPoint\",\"urlTemplate\":\"https:\/\/swimchannel.net\/br\/?s={search_term_string}\"},\"query-input\":{\"@type\":\"PropertyValueSpecification\",\"valueRequired\":true,\"valueName\":\"search_term_string\"}}],\"inLanguage\":\"pt-BR\"},{\"@type\":\"Organization\",\"@id\":\"https:\/\/swimchannel.net\/br\/#organization\",\"name\":\"Swimchannel - Conectando voc\u00ea a Nata\u00e7\u00e3o\",\"url\":\"https:\/\/swimchannel.net\/br\/\",\"logo\":{\"@type\":\"ImageObject\",\"inLanguage\":\"pt-BR\",\"@id\":\"https:\/\/swimchannel.net\/br\/#\/schema\/logo\/image\/\",\"url\":\"https:\/\/swimchannel.net\/br\/wp-content\/uploads\/2026\/02\/SWIM-CHANNEL.png\",\"contentUrl\":\"https:\/\/swimchannel.net\/br\/wp-content\/uploads\/2026\/02\/SWIM-CHANNEL.png\",\"width\":1120,\"height\":630,\"caption\":\"Swimchannel - Conectando voc\u00ea a Nata\u00e7\u00e3o\"},\"image\":{\"@id\":\"https:\/\/swimchannel.net\/br\/#\/schema\/logo\/image\/\"},\"sameAs\":[\"https:\/\/www.facebook.com\/swimchannel\",\"https:\/\/www.instagram.com\/swimchannel\"]},{\"@type\":\"Person\",\"@id\":\"https:\/\/swimchannel.net\/br\/#\/schema\/person\/73ae9cec62249968bca1f0a8098ef002\",\"name\":\"Katarine Monteiro\",\"image\":{\"@type\":\"ImageObject\",\"inLanguage\":\"pt-BR\",\"@id\":\"https:\/\/swimchannel.net\/br\/#\/schema\/person\/image\/\",\"url\":\"https:\/\/swimchannel.net\/br\/wp-content\/uploads\/2022\/01\/Katarine-Monteiro-100x100.jpg\",\"contentUrl\":\"https:\/\/swimchannel.net\/br\/wp-content\/uploads\/2022\/01\/Katarine-Monteiro-100x100.jpg\",\"caption\":\"Katarine Monteiro\"},\"description\":\"Jornalista SWIM CHANNEL especializada em esportes ol\u00edmpicos e em sa\u00fade. Com cobertura de grandes eventos internacionais, como Jogos Ol\u00edmpicos Rio 2016, Jogos Pan-Americanos em Lima 2019, Qatar Total Open 2020, Qatar ExxonMobil Open 2019 - t\u00eanis em Doha (QT), Semana Internacional de Vela de Ilhabela, Transat Jacques Vabre 2019 (Fran\u00e7a-Brasil), L'\u00c9tape Brasil by Tour de France, j\u00e1 fez in\u00fameras coberturas de nata\u00e7\u00e3o, maratona aqu\u00e1tica e polo aqu\u00e1tico. Formada tamb\u00e9m em Letras, a jornalista atua como assessora de imprensa, rela\u00e7\u00f5es p\u00fablicas e social media, com especializa\u00e7\u00e3o em marketing esportivo. Nadadora amadora de \u00e1guas abertas, j\u00e1 trabalhou com grandes nomes da nata\u00e7\u00e3o e do polo aqu\u00e1tico brasileiro.\",\"sameAs\":[\"https:\/\/www.instagram.com\/_katarinemonteiro\/\",\"https:\/\/www.linkedin.com\/in\/katarine-monteiro-19385297\/\",\"https:\/\/x.com\/https:\/\/twitter.com\/Katarinem\"],\"url\":\"https:\/\/swimchannel.net\/br\/author\/katarine-monteiro\/\"}]}<\/script>\n<!-- \/ Yoast SEO plugin. -->","yoast_head_json":{"title":"Canal da Catalina cancela todas as tentativas de 2020 - Swimchannel","robots":{"index":"index","follow":"follow","max-snippet":"max-snippet:-1","max-image-preview":"max-image-preview:large","max-video-preview":"max-video-preview:-1"},"canonical":"https:\/\/swimchannel.net\/br\/canal-da-catalina-cancela-todas-as-tentativas-de-2020\/","og_locale":"pt_BR","og_type":"article","og_title":"Canal da Catalina cancela todas as tentativas de 2020 - Swimchannel","og_description":"A Federa\u00e7\u00e3o da Travessia do Canal de Catalina emitiu um comunicado cancelando todas as tentativas para a realiza\u00e7\u00e3o da prova em 2020 devido a pandemia do COVID-19. O desafio, que \u00e9 feito no estreito de \u00e1gua que separa a Ilha de Catalina da costa oeste dos Estados Unidos, que tem cerca de 36 km e [&hellip;]","og_url":"https:\/\/swimchannel.net\/br\/canal-da-catalina-cancela-todas-as-tentativas-de-2020\/","og_site_name":"Swimchannel","article_publisher":"https:\/\/www.facebook.com\/swimchannel","article_published_time":"2020-06-10T13:22:16+00:00","article_modified_time":"2020-06-10T16:27:06+00:00","og_image":[{"width":1200,"height":675,"url":"https:\/\/swimchannel.net\/br\/wp-content\/uploads\/2020\/06\/Santa_Catalina_NASA_EO.jpg","type":"image\/jpeg"}],"author":"Katarine Monteiro","twitter_card":"summary_large_image","twitter_creator":"@https:\/\/twitter.com\/Katarinem","twitter_misc":{"Escrito por":"Katarine Monteiro","Est. tempo de leitura":"2 minutos"},"schema":{"@context":"https:\/\/schema.org","@graph":[{"@type":"Article","@id":"https:\/\/swimchannel.net\/br\/canal-da-catalina-cancela-todas-as-tentativas-de-2020\/#article","isPartOf":{"@id":"https:\/\/swimchannel.net\/br\/canal-da-catalina-cancela-todas-as-tentativas-de-2020\/"},"author":{"name":"Katarine Monteiro","@id":"https:\/\/swimchannel.net\/br\/#\/schema\/person\/73ae9cec62249968bca1f0a8098ef002"},"headline":"Canal da Catalina cancela todas as tentativas de 2020","datePublished":"2020-06-10T13:22:16+00:00","dateModified":"2020-06-10T16:27:06+00:00","mainEntityOfPage":{"@id":"https:\/\/swimchannel.net\/br\/canal-da-catalina-cancela-todas-as-tentativas-de-2020\/"},"wordCount":502,"commentCount":0,"publisher":{"@id":"https:\/\/swimchannel.net\/br\/#organization"},"image":{"@id":"https:\/\/swimchannel.net\/br\/canal-da-catalina-cancela-todas-as-tentativas-de-2020\/#primaryimage"},"thumbnailUrl":"https:\/\/swimchannel.net\/br\/wp-content\/uploads\/2020\/06\/Santa_Catalina_NASA_EO.jpg","keywords":["\u00c1guas abertas","Canal da Catalina","COVID-19","natacao","ultramaratona aqu\u00e1tica"],"articleSection":["\u00c1guas Abertas"],"inLanguage":"pt-BR","potentialAction":[{"@type":"CommentAction","name":"Comment","target":["https:\/\/swimchannel.net\/br\/canal-da-catalina-cancela-todas-as-tentativas-de-2020\/#respond"]}]},{"@type":"WebPage","@id":"https:\/\/swimchannel.net\/br\/canal-da-catalina-cancela-todas-as-tentativas-de-2020\/","url":"https:\/\/swimchannel.net\/br\/canal-da-catalina-cancela-todas-as-tentativas-de-2020\/","name":"Canal da Catalina cancela todas as tentativas de 2020 - Swimchannel","isPartOf":{"@id":"https:\/\/swimchannel.net\/br\/#website"},"primaryImageOfPage":{"@id":"https:\/\/swimchannel.net\/br\/canal-da-catalina-cancela-todas-as-tentativas-de-2020\/#primaryimage"},"image":{"@id":"https:\/\/swimchannel.net\/br\/canal-da-catalina-cancela-todas-as-tentativas-de-2020\/#primaryimage"},"thumbnailUrl":"https:\/\/swimchannel.net\/br\/wp-content\/uploads\/2020\/06\/Santa_Catalina_NASA_EO.jpg","datePublished":"2020-06-10T13:22:16+00:00","dateModified":"2020-06-10T16:27:06+00:00","breadcrumb":{"@id":"https:\/\/swimchannel.net\/br\/canal-da-catalina-cancela-todas-as-tentativas-de-2020\/#breadcrumb"},"inLanguage":"pt-BR","potentialAction":[{"@type":"ReadAction","target":["https:\/\/swimchannel.net\/br\/canal-da-catalina-cancela-todas-as-tentativas-de-2020\/"]}]},{"@type":"ImageObject","inLanguage":"pt-BR","@id":"https:\/\/swimchannel.net\/br\/canal-da-catalina-cancela-todas-as-tentativas-de-2020\/#primaryimage","url":"https:\/\/swimchannel.net\/br\/wp-content\/uploads\/2020\/06\/Santa_Catalina_NASA_EO.jpg","contentUrl":"https:\/\/swimchannel.net\/br\/wp-content\/uploads\/2020\/06\/Santa_Catalina_NASA_EO.jpg","width":1200,"height":675,"caption":"Mapa da Ilha de Catalina - Foto: Reprodu\u00e7\u00e3o\/NASA"},{"@type":"BreadcrumbList","@id":"https:\/\/swimchannel.net\/br\/canal-da-catalina-cancela-todas-as-tentativas-de-2020\/#breadcrumb","itemListElement":[{"@type":"ListItem","position":1,"name":"Home","item":"https:\/\/swimchannel.net\/br\/"},{"@type":"ListItem","position":2,"name":"Canal da Catalina cancela todas as tentativas de 2020"}]},{"@type":"WebSite","@id":"https:\/\/swimchannel.net\/br\/#website","url":"https:\/\/swimchannel.net\/br\/","name":"Swimchannel","description":"Maior portal de nata\u00e7\u00e3o da america latina","publisher":{"@id":"https:\/\/swimchannel.net\/br\/#organization"},"potentialAction":[{"@type":"SearchAction","target":{"@type":"EntryPoint","urlTemplate":"https:\/\/swimchannel.net\/br\/?s={search_term_string}"},"query-input":{"@type":"PropertyValueSpecification","valueRequired":true,"valueName":"search_term_string"}}],"inLanguage":"pt-BR"},{"@type":"Organization","@id":"https:\/\/swimchannel.net\/br\/#organization","name":"Swimchannel - Conectando voc\u00ea a Nata\u00e7\u00e3o","url":"https:\/\/swimchannel.net\/br\/","logo":{"@type":"ImageObject","inLanguage":"pt-BR","@id":"https:\/\/swimchannel.net\/br\/#\/schema\/logo\/image\/","url":"https:\/\/swimchannel.net\/br\/wp-content\/uploads\/2026\/02\/SWIM-CHANNEL.png","contentUrl":"https:\/\/swimchannel.net\/br\/wp-content\/uploads\/2026\/02\/SWIM-CHANNEL.png","width":1120,"height":630,"caption":"Swimchannel - Conectando voc\u00ea a Nata\u00e7\u00e3o"},"image":{"@id":"https:\/\/swimchannel.net\/br\/#\/schema\/logo\/image\/"},"sameAs":["https:\/\/www.facebook.com\/swimchannel","https:\/\/www.instagram.com\/swimchannel"]},{"@type":"Person","@id":"https:\/\/swimchannel.net\/br\/#\/schema\/person\/73ae9cec62249968bca1f0a8098ef002","name":"Katarine Monteiro","image":{"@type":"ImageObject","inLanguage":"pt-BR","@id":"https:\/\/swimchannel.net\/br\/#\/schema\/person\/image\/","url":"https:\/\/swimchannel.net\/br\/wp-content\/uploads\/2022\/01\/Katarine-Monteiro-100x100.jpg","contentUrl":"https:\/\/swimchannel.net\/br\/wp-content\/uploads\/2022\/01\/Katarine-Monteiro-100x100.jpg","caption":"Katarine Monteiro"},"description":"Jornalista SWIM CHANNEL especializada em esportes ol\u00edmpicos e em sa\u00fade. Com cobertura de grandes eventos internacionais, como Jogos Ol\u00edmpicos Rio 2016, Jogos Pan-Americanos em Lima 2019, Qatar Total Open 2020, Qatar ExxonMobil Open 2019 - t\u00eanis em Doha (QT), Semana Internacional de Vela de Ilhabela, Transat Jacques Vabre 2019 (Fran\u00e7a-Brasil), L'\u00c9tape Brasil by Tour de France, j\u00e1 fez in\u00fameras coberturas de nata\u00e7\u00e3o, maratona aqu\u00e1tica e polo aqu\u00e1tico. Formada tamb\u00e9m em Letras, a jornalista atua como assessora de imprensa, rela\u00e7\u00f5es p\u00fablicas e social media, com especializa\u00e7\u00e3o em marketing esportivo. Nadadora amadora de \u00e1guas abertas, j\u00e1 trabalhou com grandes nomes da nata\u00e7\u00e3o e do polo aqu\u00e1tico brasileiro.","sameAs":["https:\/\/www.instagram.com\/_katarinemonteiro\/","https:\/\/www.linkedin.com\/in\/katarine-monteiro-19385297\/","https:\/\/x.com\/https:\/\/twitter.com\/Katarinem"],"url":"https:\/\/swimchannel.net\/br\/author\/katarine-monteiro\/"}]}},"_links":{"self":[{"href":"https:\/\/swimchannel.net\/br\/wp-json\/wp\/v2\/posts\/24510","targetHints":{"allow":["GET"]}}],"collection":[{"href":"https:\/\/swimchannel.net\/br\/wp-json\/wp\/v2\/posts"}],"about":[{"href":"https:\/\/swimchannel.net\/br\/wp-json\/wp\/v2\/types\/post"}],"author":[{"embeddable":true,"href":"https:\/\/swimchannel.net\/br\/wp-json\/wp\/v2\/users\/9"}],"replies":[{"embeddable":true,"href":"https:\/\/swimchannel.net\/br\/wp-json\/wp\/v2\/comments?post=24510"}],"version-history":[{"count":0,"href":"https:\/\/swimchannel.net\/br\/wp-json\/wp\/v2\/posts\/24510\/revisions"}],"wp:featuredmedia":[{"embeddable":true,"href":"https:\/\/swimchannel.net\/br\/wp-json\/wp\/v2\/media\/24528"}],"wp:attachment":[{"href":"https:\/\/swimchannel.net\/br\/wp-json\/wp\/v2\/media?parent=24510"}],"wp:term":[{"taxonomy":"category","embeddable":true,"href":"https:\/\/swimchannel.net\/br\/wp-json\/wp\/v2\/categories?post=24510"},{"taxonomy":"post_tag","embeddable":true,"href":"https:\/\/swimchannel.net\/br\/wp-json\/wp\/v2\/tags?post=24510"}],"curies":[{"name":"wp","href":"https:\/\/api.w.org\/{rel}","templated":true}]}}