{"id":24603,"date":"2020-06-11T16:02:15","date_gmt":"2020-06-11T19:02:15","guid":{"rendered":"https:\/\/swimchannel.net\/br\/?p=24603"},"modified":"2020-06-11T18:22:56","modified_gmt":"2020-06-11T21:22:56","slug":"calendario-2020-da-cbda-encerra-a-serie-interview-swim-series","status":"publish","type":"post","link":"https:\/\/swimchannel.net\/br\/calendario-2020-da-cbda-encerra-a-serie-interview-swim-series\/","title":{"rendered":"Calend\u00e1rio 2020 da CBDA encerra a s\u00e9rie Interview Swim Series"},"content":{"rendered":"<p>Amanh\u00e3 as 19h acontece o \u00faltimo epis\u00f3dio da <strong>SWIM CHANNEL<\/strong> Interview Swim Series, uma s\u00e9rie especial onde nossa equipe conversa atrav\u00e9s de lives no Instagram com os gestores dos principais eventos de nata\u00e7\u00e3o em piscina e nata\u00e7\u00e3o em \u00e1guas abertas do Brasil. E nesta sexta-feira, dia 12 de junho, o Coach Alexandre Pussieldi entrevistar\u00e1 Luiz Fernando Coelho, presidente da Confedera\u00e7\u00e3o Brasileira de Desportos Aqu\u00e1ticos (CBDA), e Renato Cordani, diretor-executivo da Confedera\u00e7\u00e3o que v\u00e3o falar justamente do calend\u00e1rio da entidade para o restante da temporada.<\/p>\n<p>Devido a pandemia do COVID-19, a CBDA foi obrigada a cancelar todo seu calend\u00e1rio do primeiro semestre, incluindo seu principal evento: o Trof\u00e9u Brasil, que seria seletiva ol\u00edmpica nacional para os Jogos de T\u00f3quio que tamb\u00e9m acabaram sofrendo mudan\u00e7a de data, passando para o ano que vem. Na live, ambos dir\u00e3o como est\u00e1 sendo estudado o retorno das atividades aqu\u00e1ticas, o restante da temporada, al\u00e9m das datas e sedes dos torneios.<\/p>\n<p>A live ser\u00e1 transmitida a partir das 19h no Instagram da <strong>SWIM CHANNEL<\/strong>. <strong><a href=\"https:\/\/www.instagram.com\/swimchannel\/\" target=\"_blank\" rel=\"noopener noreferrer\">Clique aqui<\/a><\/strong> e siga o nosso perfil!<\/p>\n<figure id=\"attachment_16440\" aria-describedby=\"caption-attachment-16440\" style=\"width: 1200px\" class=\"wp-caption alignnone\"><img loading=\"lazy\" decoding=\"async\" class=\"size-full wp-image-16440\" src=\"https:\/\/swimchannel.net\/br\/wp-content\/uploads\/2019\/04\/0I0A7652.jpg\" alt=\"\" width=\"1200\" height=\"675\" srcset=\"https:\/\/swimchannel.net\/br\/wp-content\/uploads\/2019\/04\/0I0A7652.jpg 1200w, https:\/\/swimchannel.net\/br\/wp-content\/uploads\/2019\/04\/0I0A7652-600x338.jpg 600w\" sizes=\"auto, (max-width: 1200px) 100vw, 1200px\" \/><figcaption id=\"caption-attachment-16440\" class=\"wp-caption-text\">Trof\u00e9u Brasil-Maria Lenk &#8211; Foto: Ricardo Sodr\u00e9\/SSPress\/CBDA<\/figcaption><\/figure>\n<p>Reveja abaixo todas as entrevistas j\u00e1 realizadas na <strong>SWIM CHANNEL<\/strong> Interview Swim Series:<\/p>\n<p>Programa 1 com Pedro Monteiro, do Rei e Rainha do Mar: <a href=\"https:\/\/www.instagram.com\/p\/CAL9NtlFmgs\/\" target=\"_blank\" rel=\"noopener noreferrer\">https:\/\/www.instagram.com\/p\/CAL9NtlFmgs\/<\/a><\/p>\n<p>Programa 2 com Fabricio Vieira, do Circuito Mares: <a href=\"https:\/\/www.instagram.com\/p\/CAY09kklgjC\/\" target=\"_blank\" rel=\"noopener noreferrer\">https:\/\/www.instagram.com\/p\/CAY09kklgjC\/<\/a><\/p>\n<p>Programa 3 com Bernardo Fonseca, do XTERRA Brazil: <a href=\"https:\/\/www.instagram.com\/p\/CAd-RXvFD1L\/\" target=\"_blank\" rel=\"noopener noreferrer\">https:\/\/www.instagram.com\/p\/CAd-RXvFD1L\/<\/a><\/p>\n<p>Programa 4 com Samir Barel, do Desafios Aquaman: <a href=\"https:\/\/www.instagram.com\/p\/CAqzQdkFNAx\/\" target=\"_blank\" rel=\"noopener noreferrer\">https:\/\/www.instagram.com\/p\/CAqzQdkFNAx\/<\/a><\/p>\n<p>Programa 5 com Jo\u00e3o Castro, do Aloha Spirit e Travessia do Canal de Ilhabela: <a href=\"https:\/\/www.instagram.com\/p\/CAv__GnFWqo\/\" target=\"_blank\" rel=\"noopener noreferrer\">https:\/\/www.instagram.com\/p\/CAv__GnFWqo\/<\/a><\/p>\n<p>Programa 6 com Pierre Gadelha, do Rio Negro Challenge: <a href=\"https:\/\/www.instagram.com\/p\/CA84MsjlZv6\/\" target=\"_blank\" rel=\"noopener noreferrer\">https:\/\/www.instagram.com\/p\/CA84MsjlZv6\/<\/a><\/p>\n<p>Programa 7 com A\u00e9cio Amaral, da ABMN: <a href=\"https:\/\/www.instagram.com\/p\/CBElwGnFB7d\/\" target=\"_blank\" rel=\"noopener noreferrer\">https:\/\/www.instagram.com\/p\/CBElwGnFB7d\/<\/a><\/p>\n<p>Programa 8 com Igor de Souza, do Circuito Maratona Aqu\u00e1tica: <a href=\"https:\/\/www.instagram.com\/p\/CBO5yPSl-bV\/\" target=\"_blank\" rel=\"noopener noreferrer\">https:\/\/www.instagram.com\/p\/CBO5yPSl-bV\/<\/a><\/p>\n","protected":false},"excerpt":{"rendered":"<p>Amanh\u00e3 as 19h acontece o \u00faltimo epis\u00f3dio da SWIM CHANNEL Interview Swim Series, uma s\u00e9rie especial onde nossa equipe conversa atrav\u00e9s de lives no Instagram com os gestores dos principais eventos de nata\u00e7\u00e3o em piscina e nata\u00e7\u00e3o em \u00e1guas abertas do Brasil. E nesta sexta-feira, dia 12 de junho, o Coach Alexandre Pussieldi entrevistar\u00e1 Luiz [&hellip;]<\/p>\n","protected":false},"author":3,"featured_media":8173,"comment_status":"open","ping_status":"open","sticky":false,"template":"","format":"standard","meta":{"footnotes":""},"categories":[1],"tags":[14,59,2090,194,1967,5,1000],"class_list":["post-24603","post","type-post","status-publish","format-standard","has-post-thumbnail","hentry","category-sem-categoria","tag-aguas-abertas","tag-alexandre-pussieldi","tag-calendario-2020","tag-cbda","tag-luiz-fernando-coelho","tag-natacao","tag-renato-cordani"],"yoast_head":"<!-- This site is optimized with the Yoast SEO plugin v28.3 - https:\/\/yoast.com\/product\/yoast-seo-wordpress\/ -->\n<title>Calend\u00e1rio 2020 da CBDA encerra a s\u00e9rie Interview Swim Series - Swimchannel<\/title>\n<meta name=\"robots\" content=\"index, follow, max-snippet:-1, max-image-preview:large, max-video-preview:-1\" \/>\n<link rel=\"canonical\" href=\"https:\/\/swimchannel.net\/br\/calendario-2020-da-cbda-encerra-a-serie-interview-swim-series\/\" \/>\n<meta property=\"og:locale\" content=\"pt_BR\" \/>\n<meta property=\"og:type\" content=\"article\" \/>\n<meta property=\"og:title\" content=\"Calend\u00e1rio 2020 da CBDA encerra a s\u00e9rie Interview Swim Series - Swimchannel\" \/>\n<meta property=\"og:description\" content=\"Amanh\u00e3 as 19h acontece o \u00faltimo epis\u00f3dio da SWIM CHANNEL Interview Swim Series, uma s\u00e9rie especial onde nossa equipe conversa atrav\u00e9s de lives no Instagram com os gestores dos principais eventos de nata\u00e7\u00e3o em piscina e nata\u00e7\u00e3o em \u00e1guas abertas do Brasil. E nesta sexta-feira, dia 12 de junho, o Coach Alexandre Pussieldi entrevistar\u00e1 Luiz [&hellip;]\" \/>\n<meta property=\"og:url\" content=\"https:\/\/swimchannel.net\/br\/calendario-2020-da-cbda-encerra-a-serie-interview-swim-series\/\" \/>\n<meta property=\"og:site_name\" content=\"Swimchannel\" \/>\n<meta property=\"article:publisher\" content=\"https:\/\/www.facebook.com\/swimchannel\" \/>\n<meta property=\"article:published_time\" content=\"2020-06-11T19:02:15+00:00\" \/>\n<meta property=\"article:modified_time\" content=\"2020-06-11T21:22:56+00:00\" \/>\n<meta property=\"og:image\" content=\"https:\/\/swimchannel.net\/br\/wp-content\/uploads\/2018\/04\/piscina.jpg\" \/>\n\t<meta property=\"og:image:width\" content=\"1200\" \/>\n\t<meta property=\"og:image:height\" content=\"675\" \/>\n\t<meta property=\"og:image:type\" content=\"image\/jpeg\" \/>\n<meta name=\"author\" content=\"Guilherme Freitas\" \/>\n<meta name=\"twitter:card\" content=\"summary_large_image\" \/>\n<meta name=\"twitter:label1\" content=\"Escrito por\" \/>\n\t<meta name=\"twitter:data1\" content=\"Guilherme Freitas\" \/>\n\t<meta name=\"twitter:label2\" content=\"Est. tempo de leitura\" \/>\n\t<meta name=\"twitter:data2\" content=\"2 minutos\" \/>\n<script type=\"application\/ld+json\" class=\"yoast-schema-graph\">{\"@context\":\"https:\\\/\\\/schema.org\",\"@graph\":[{\"@type\":\"Article\",\"@id\":\"https:\\\/\\\/swimchannel.net\\\/br\\\/calendario-2020-da-cbda-encerra-a-serie-interview-swim-series\\\/#article\",\"isPartOf\":{\"@id\":\"https:\\\/\\\/swimchannel.net\\\/br\\\/calendario-2020-da-cbda-encerra-a-serie-interview-swim-series\\\/\"},\"author\":{\"name\":\"Guilherme Freitas\",\"@id\":\"https:\\\/\\\/swimchannel.net\\\/br\\\/#\\\/schema\\\/person\\\/aa2a63bab3275f53749a83276b213c48\"},\"headline\":\"Calend\u00e1rio 2020 da CBDA encerra a s\u00e9rie Interview Swim Series\",\"datePublished\":\"2020-06-11T19:02:15+00:00\",\"dateModified\":\"2020-06-11T21:22:56+00:00\",\"mainEntityOfPage\":{\"@id\":\"https:\\\/\\\/swimchannel.net\\\/br\\\/calendario-2020-da-cbda-encerra-a-serie-interview-swim-series\\\/\"},\"wordCount\":359,\"commentCount\":0,\"publisher\":{\"@id\":\"https:\\\/\\\/swimchannel.net\\\/br\\\/#organization\"},\"image\":{\"@id\":\"https:\\\/\\\/swimchannel.net\\\/br\\\/calendario-2020-da-cbda-encerra-a-serie-interview-swim-series\\\/#primaryimage\"},\"thumbnailUrl\":\"https:\\\/\\\/swimchannel.net\\\/br\\\/wp-content\\\/uploads\\\/2018\\\/04\\\/piscina.jpg\",\"keywords\":[\"\u00c1guas abertas\",\"Alexandre Pussieldi\",\"calend\u00e1rio 2020\",\"CBDA\",\"Luiz Fernando Coelho\",\"natacao\",\"Renato Cordani\"],\"inLanguage\":\"pt-BR\",\"potentialAction\":[{\"@type\":\"CommentAction\",\"name\":\"Comment\",\"target\":[\"https:\\\/\\\/swimchannel.net\\\/br\\\/calendario-2020-da-cbda-encerra-a-serie-interview-swim-series\\\/#respond\"]}]},{\"@type\":\"WebPage\",\"@id\":\"https:\\\/\\\/swimchannel.net\\\/br\\\/calendario-2020-da-cbda-encerra-a-serie-interview-swim-series\\\/\",\"url\":\"https:\\\/\\\/swimchannel.net\\\/br\\\/calendario-2020-da-cbda-encerra-a-serie-interview-swim-series\\\/\",\"name\":\"Calend\u00e1rio 2020 da CBDA encerra a s\u00e9rie Interview Swim Series - Swimchannel\",\"isPartOf\":{\"@id\":\"https:\\\/\\\/swimchannel.net\\\/br\\\/#website\"},\"primaryImageOfPage\":{\"@id\":\"https:\\\/\\\/swimchannel.net\\\/br\\\/calendario-2020-da-cbda-encerra-a-serie-interview-swim-series\\\/#primaryimage\"},\"image\":{\"@id\":\"https:\\\/\\\/swimchannel.net\\\/br\\\/calendario-2020-da-cbda-encerra-a-serie-interview-swim-series\\\/#primaryimage\"},\"thumbnailUrl\":\"https:\\\/\\\/swimchannel.net\\\/br\\\/wp-content\\\/uploads\\\/2018\\\/04\\\/piscina.jpg\",\"datePublished\":\"2020-06-11T19:02:15+00:00\",\"dateModified\":\"2020-06-11T21:22:56+00:00\",\"breadcrumb\":{\"@id\":\"https:\\\/\\\/swimchannel.net\\\/br\\\/calendario-2020-da-cbda-encerra-a-serie-interview-swim-series\\\/#breadcrumb\"},\"inLanguage\":\"pt-BR\",\"potentialAction\":[{\"@type\":\"ReadAction\",\"target\":[\"https:\\\/\\\/swimchannel.net\\\/br\\\/calendario-2020-da-cbda-encerra-a-serie-interview-swim-series\\\/\"]}]},{\"@type\":\"ImageObject\",\"inLanguage\":\"pt-BR\",\"@id\":\"https:\\\/\\\/swimchannel.net\\\/br\\\/calendario-2020-da-cbda-encerra-a-serie-interview-swim-series\\\/#primaryimage\",\"url\":\"https:\\\/\\\/swimchannel.net\\\/br\\\/wp-content\\\/uploads\\\/2018\\\/04\\\/piscina.jpg\",\"contentUrl\":\"https:\\\/\\\/swimchannel.net\\\/br\\\/wp-content\\\/uploads\\\/2018\\\/04\\\/piscina.jpg\",\"width\":1200,\"height\":675,\"caption\":\"Vista da piscina do Maria Lenk, local do Trof\u00e9u Brasil - Foto: Satiro Sodr\u00e9\\\/SSPress\"},{\"@type\":\"BreadcrumbList\",\"@id\":\"https:\\\/\\\/swimchannel.net\\\/br\\\/calendario-2020-da-cbda-encerra-a-serie-interview-swim-series\\\/#breadcrumb\",\"itemListElement\":[{\"@type\":\"ListItem\",\"position\":1,\"name\":\"Home\",\"item\":\"https:\\\/\\\/swimchannel.net\\\/br\\\/\"},{\"@type\":\"ListItem\",\"position\":2,\"name\":\"Calend\u00e1rio 2020 da CBDA encerra a s\u00e9rie Interview Swim Series\"}]},{\"@type\":\"WebSite\",\"@id\":\"https:\\\/\\\/swimchannel.net\\\/br\\\/#website\",\"url\":\"https:\\\/\\\/swimchannel.net\\\/br\\\/\",\"name\":\"Swimchannel\",\"description\":\"Maior portal de nata\u00e7\u00e3o da america latina\",\"publisher\":{\"@id\":\"https:\\\/\\\/swimchannel.net\\\/br\\\/#organization\"},\"potentialAction\":[{\"@type\":\"SearchAction\",\"target\":{\"@type\":\"EntryPoint\",\"urlTemplate\":\"https:\\\/\\\/swimchannel.net\\\/br\\\/?s={search_term_string}\"},\"query-input\":{\"@type\":\"PropertyValueSpecification\",\"valueRequired\":true,\"valueName\":\"search_term_string\"}}],\"inLanguage\":\"pt-BR\"},{\"@type\":\"Organization\",\"@id\":\"https:\\\/\\\/swimchannel.net\\\/br\\\/#organization\",\"name\":\"Swimchannel - Conectando voc\u00ea a Nata\u00e7\u00e3o\",\"url\":\"https:\\\/\\\/swimchannel.net\\\/br\\\/\",\"logo\":{\"@type\":\"ImageObject\",\"inLanguage\":\"pt-BR\",\"@id\":\"https:\\\/\\\/swimchannel.net\\\/br\\\/#\\\/schema\\\/logo\\\/image\\\/\",\"url\":\"https:\\\/\\\/swimchannel.net\\\/br\\\/wp-content\\\/uploads\\\/2026\\\/02\\\/SWIM-CHANNEL.png\",\"contentUrl\":\"https:\\\/\\\/swimchannel.net\\\/br\\\/wp-content\\\/uploads\\\/2026\\\/02\\\/SWIM-CHANNEL.png\",\"width\":1120,\"height\":630,\"caption\":\"Swimchannel - Conectando voc\u00ea a Nata\u00e7\u00e3o\"},\"image\":{\"@id\":\"https:\\\/\\\/swimchannel.net\\\/br\\\/#\\\/schema\\\/logo\\\/image\\\/\"},\"sameAs\":[\"https:\\\/\\\/www.facebook.com\\\/swimchannel\",\"https:\\\/\\\/www.instagram.com\\\/swimchannel\"]},{\"@type\":\"Person\",\"@id\":\"https:\\\/\\\/swimchannel.net\\\/br\\\/#\\\/schema\\\/person\\\/aa2a63bab3275f53749a83276b213c48\",\"name\":\"Guilherme Freitas\",\"image\":{\"@type\":\"ImageObject\",\"inLanguage\":\"pt-BR\",\"@id\":\"https:\\\/\\\/swimchannel.net\\\/br\\\/wp-content\\\/uploads\\\/2025\\\/10\\\/gui22-193x180.png\",\"url\":\"https:\\\/\\\/swimchannel.net\\\/br\\\/wp-content\\\/uploads\\\/2025\\\/10\\\/gui22-193x180.png\",\"contentUrl\":\"https:\\\/\\\/swimchannel.net\\\/br\\\/wp-content\\\/uploads\\\/2025\\\/10\\\/gui22-193x180.png\",\"caption\":\"Guilherme Freitas\"},\"description\":\"Jornalista s\u00eanior da SWIM CHANNEL, ex-correspondente da FINA no Brasil e pesquisador acad\u00eamico.\",\"sameAs\":[\"instagram.com\\\/guifreitas86\"],\"url\":\"https:\\\/\\\/swimchannel.net\\\/br\\\/author\\\/guilherme-freitas\\\/\"}]}<\/script>\n<!-- \/ Yoast SEO plugin. -->","yoast_head_json":{"title":"Calend\u00e1rio 2020 da CBDA encerra a s\u00e9rie Interview Swim Series - Swimchannel","robots":{"index":"index","follow":"follow","max-snippet":"max-snippet:-1","max-image-preview":"max-image-preview:large","max-video-preview":"max-video-preview:-1"},"canonical":"https:\/\/swimchannel.net\/br\/calendario-2020-da-cbda-encerra-a-serie-interview-swim-series\/","og_locale":"pt_BR","og_type":"article","og_title":"Calend\u00e1rio 2020 da CBDA encerra a s\u00e9rie Interview Swim Series - Swimchannel","og_description":"Amanh\u00e3 as 19h acontece o \u00faltimo epis\u00f3dio da SWIM CHANNEL Interview Swim Series, uma s\u00e9rie especial onde nossa equipe conversa atrav\u00e9s de lives no Instagram com os gestores dos principais eventos de nata\u00e7\u00e3o em piscina e nata\u00e7\u00e3o em \u00e1guas abertas do Brasil. E nesta sexta-feira, dia 12 de junho, o Coach Alexandre Pussieldi entrevistar\u00e1 Luiz [&hellip;]","og_url":"https:\/\/swimchannel.net\/br\/calendario-2020-da-cbda-encerra-a-serie-interview-swim-series\/","og_site_name":"Swimchannel","article_publisher":"https:\/\/www.facebook.com\/swimchannel","article_published_time":"2020-06-11T19:02:15+00:00","article_modified_time":"2020-06-11T21:22:56+00:00","og_image":[{"width":1200,"height":675,"url":"https:\/\/swimchannel.net\/br\/wp-content\/uploads\/2018\/04\/piscina.jpg","type":"image\/jpeg"}],"author":"Guilherme Freitas","twitter_card":"summary_large_image","twitter_misc":{"Escrito por":"Guilherme Freitas","Est. tempo de leitura":"2 minutos"},"schema":{"@context":"https:\/\/schema.org","@graph":[{"@type":"Article","@id":"https:\/\/swimchannel.net\/br\/calendario-2020-da-cbda-encerra-a-serie-interview-swim-series\/#article","isPartOf":{"@id":"https:\/\/swimchannel.net\/br\/calendario-2020-da-cbda-encerra-a-serie-interview-swim-series\/"},"author":{"name":"Guilherme Freitas","@id":"https:\/\/swimchannel.net\/br\/#\/schema\/person\/aa2a63bab3275f53749a83276b213c48"},"headline":"Calend\u00e1rio 2020 da CBDA encerra a s\u00e9rie Interview Swim Series","datePublished":"2020-06-11T19:02:15+00:00","dateModified":"2020-06-11T21:22:56+00:00","mainEntityOfPage":{"@id":"https:\/\/swimchannel.net\/br\/calendario-2020-da-cbda-encerra-a-serie-interview-swim-series\/"},"wordCount":359,"commentCount":0,"publisher":{"@id":"https:\/\/swimchannel.net\/br\/#organization"},"image":{"@id":"https:\/\/swimchannel.net\/br\/calendario-2020-da-cbda-encerra-a-serie-interview-swim-series\/#primaryimage"},"thumbnailUrl":"https:\/\/swimchannel.net\/br\/wp-content\/uploads\/2018\/04\/piscina.jpg","keywords":["\u00c1guas abertas","Alexandre Pussieldi","calend\u00e1rio 2020","CBDA","Luiz Fernando Coelho","natacao","Renato Cordani"],"inLanguage":"pt-BR","potentialAction":[{"@type":"CommentAction","name":"Comment","target":["https:\/\/swimchannel.net\/br\/calendario-2020-da-cbda-encerra-a-serie-interview-swim-series\/#respond"]}]},{"@type":"WebPage","@id":"https:\/\/swimchannel.net\/br\/calendario-2020-da-cbda-encerra-a-serie-interview-swim-series\/","url":"https:\/\/swimchannel.net\/br\/calendario-2020-da-cbda-encerra-a-serie-interview-swim-series\/","name":"Calend\u00e1rio 2020 da CBDA encerra a s\u00e9rie Interview Swim Series - Swimchannel","isPartOf":{"@id":"https:\/\/swimchannel.net\/br\/#website"},"primaryImageOfPage":{"@id":"https:\/\/swimchannel.net\/br\/calendario-2020-da-cbda-encerra-a-serie-interview-swim-series\/#primaryimage"},"image":{"@id":"https:\/\/swimchannel.net\/br\/calendario-2020-da-cbda-encerra-a-serie-interview-swim-series\/#primaryimage"},"thumbnailUrl":"https:\/\/swimchannel.net\/br\/wp-content\/uploads\/2018\/04\/piscina.jpg","datePublished":"2020-06-11T19:02:15+00:00","dateModified":"2020-06-11T21:22:56+00:00","breadcrumb":{"@id":"https:\/\/swimchannel.net\/br\/calendario-2020-da-cbda-encerra-a-serie-interview-swim-series\/#breadcrumb"},"inLanguage":"pt-BR","potentialAction":[{"@type":"ReadAction","target":["https:\/\/swimchannel.net\/br\/calendario-2020-da-cbda-encerra-a-serie-interview-swim-series\/"]}]},{"@type":"ImageObject","inLanguage":"pt-BR","@id":"https:\/\/swimchannel.net\/br\/calendario-2020-da-cbda-encerra-a-serie-interview-swim-series\/#primaryimage","url":"https:\/\/swimchannel.net\/br\/wp-content\/uploads\/2018\/04\/piscina.jpg","contentUrl":"https:\/\/swimchannel.net\/br\/wp-content\/uploads\/2018\/04\/piscina.jpg","width":1200,"height":675,"caption":"Vista da piscina do Maria Lenk, local do Trof\u00e9u Brasil - Foto: Satiro Sodr\u00e9\/SSPress"},{"@type":"BreadcrumbList","@id":"https:\/\/swimchannel.net\/br\/calendario-2020-da-cbda-encerra-a-serie-interview-swim-series\/#breadcrumb","itemListElement":[{"@type":"ListItem","position":1,"name":"Home","item":"https:\/\/swimchannel.net\/br\/"},{"@type":"ListItem","position":2,"name":"Calend\u00e1rio 2020 da CBDA encerra a s\u00e9rie Interview Swim Series"}]},{"@type":"WebSite","@id":"https:\/\/swimchannel.net\/br\/#website","url":"https:\/\/swimchannel.net\/br\/","name":"Swimchannel","description":"Maior portal de nata\u00e7\u00e3o da america latina","publisher":{"@id":"https:\/\/swimchannel.net\/br\/#organization"},"potentialAction":[{"@type":"SearchAction","target":{"@type":"EntryPoint","urlTemplate":"https:\/\/swimchannel.net\/br\/?s={search_term_string}"},"query-input":{"@type":"PropertyValueSpecification","valueRequired":true,"valueName":"search_term_string"}}],"inLanguage":"pt-BR"},{"@type":"Organization","@id":"https:\/\/swimchannel.net\/br\/#organization","name":"Swimchannel - Conectando voc\u00ea a Nata\u00e7\u00e3o","url":"https:\/\/swimchannel.net\/br\/","logo":{"@type":"ImageObject","inLanguage":"pt-BR","@id":"https:\/\/swimchannel.net\/br\/#\/schema\/logo\/image\/","url":"https:\/\/swimchannel.net\/br\/wp-content\/uploads\/2026\/02\/SWIM-CHANNEL.png","contentUrl":"https:\/\/swimchannel.net\/br\/wp-content\/uploads\/2026\/02\/SWIM-CHANNEL.png","width":1120,"height":630,"caption":"Swimchannel - Conectando voc\u00ea a Nata\u00e7\u00e3o"},"image":{"@id":"https:\/\/swimchannel.net\/br\/#\/schema\/logo\/image\/"},"sameAs":["https:\/\/www.facebook.com\/swimchannel","https:\/\/www.instagram.com\/swimchannel"]},{"@type":"Person","@id":"https:\/\/swimchannel.net\/br\/#\/schema\/person\/aa2a63bab3275f53749a83276b213c48","name":"Guilherme Freitas","image":{"@type":"ImageObject","inLanguage":"pt-BR","@id":"https:\/\/swimchannel.net\/br\/wp-content\/uploads\/2025\/10\/gui22-193x180.png","url":"https:\/\/swimchannel.net\/br\/wp-content\/uploads\/2025\/10\/gui22-193x180.png","contentUrl":"https:\/\/swimchannel.net\/br\/wp-content\/uploads\/2025\/10\/gui22-193x180.png","caption":"Guilherme Freitas"},"description":"Jornalista s\u00eanior da SWIM CHANNEL, ex-correspondente da FINA no Brasil e pesquisador acad\u00eamico.","sameAs":["instagram.com\/guifreitas86"],"url":"https:\/\/swimchannel.net\/br\/author\/guilherme-freitas\/"}]}},"_links":{"self":[{"href":"https:\/\/swimchannel.net\/br\/wp-json\/wp\/v2\/posts\/24603","targetHints":{"allow":["GET"]}}],"collection":[{"href":"https:\/\/swimchannel.net\/br\/wp-json\/wp\/v2\/posts"}],"about":[{"href":"https:\/\/swimchannel.net\/br\/wp-json\/wp\/v2\/types\/post"}],"author":[{"embeddable":true,"href":"https:\/\/swimchannel.net\/br\/wp-json\/wp\/v2\/users\/3"}],"replies":[{"embeddable":true,"href":"https:\/\/swimchannel.net\/br\/wp-json\/wp\/v2\/comments?post=24603"}],"version-history":[{"count":0,"href":"https:\/\/swimchannel.net\/br\/wp-json\/wp\/v2\/posts\/24603\/revisions"}],"wp:featuredmedia":[{"embeddable":true,"href":"https:\/\/swimchannel.net\/br\/wp-json\/wp\/v2\/media\/8173"}],"wp:attachment":[{"href":"https:\/\/swimchannel.net\/br\/wp-json\/wp\/v2\/media?parent=24603"}],"wp:term":[{"taxonomy":"category","embeddable":true,"href":"https:\/\/swimchannel.net\/br\/wp-json\/wp\/v2\/categories?post=24603"},{"taxonomy":"post_tag","embeddable":true,"href":"https:\/\/swimchannel.net\/br\/wp-json\/wp\/v2\/tags?post=24603"}],"curies":[{"name":"wp","href":"https:\/\/api.w.org\/{rel}","templated":true}]}}