{"id":25381,"date":"2020-07-30T16:33:09","date_gmt":"2020-07-30T19:33:09","guid":{"rendered":"https:\/\/swimchannel.net\/br\/?p=25381"},"modified":"2020-07-31T12:06:16","modified_gmt":"2020-07-31T15:06:16","slug":"dupla-brasileira-conquista-o-canal-da-mancha","status":"publish","type":"post","link":"https:\/\/swimchannel.net\/br\/dupla-brasileira-conquista-o-canal-da-mancha\/","title":{"rendered":"Dupla brasileira conquista o Canal da Mancha"},"content":{"rendered":"<p>Hoje foi um dia hist\u00f3rico para a nata\u00e7\u00e3o brasileira. Em um intervalo de poucos minutos dois nadadores do pa\u00eds conclu\u00edram com sucesso um das provas mais desafiadoras do mundo: a travessia do Canal da Mancha, estreito de \u00e1gua de 36 km que separa o sul da Inglaterra do norte da Fran\u00e7a. O capixaba Marcio Junqueira e a paranaense Mariana Chevalier foram os respons\u00e1veis pela dupla conquista e registraram feitos in\u00e9ditos. Ele por ser o primeiro nadador do seu estado a completar a prova e ela por ter sido a brasileira mais jovem a nadar a travessia.<\/p>\n<p>As conquistas vieram em um momento onde ambos tiveram que passar por situa\u00e7\u00f5es de incertezas devido a pandemia do COVID-19. Havia o medo de que eles n\u00e3o tivessem autoriza\u00e7\u00e3o para realizar a travessia, j\u00e1 que algumas tentativas (<a href=\"https:\/\/swimchannel.net\/br\/alan-viana-e-forcado-a-adiar\/\">caso do brasileiro Alan Viana<\/a>) foram canceladas. Ap\u00f3s o sinal verde da organiza\u00e7\u00e3o ambos ainda tiveram que respeitar a quarentena assim que pisaram na Inglaterra, tendo que ficar isolados em casa por 14 dias. S\u00f3 depois de toda essa montanha russa de emo\u00e7\u00f5es treinaram na praia de Folkstone e puderam realizar o desafio.<\/p>\n<p>A dupla partiu bem cedinho na manh\u00e3 desta quinta-feira (5h30 no hor\u00e1rio local e 1h30 no hor\u00e1rio de Bras\u00edlia), cada um com seu barco e guia. Eles fizeram rotas diferentes e chegaram quase que ao mesmo tempo no litoral franc\u00eas. Mariana chegou a costa francesa ap\u00f3s 11 horas e 55 minuto de travessia. A nadadora do Clube Curitibano foi acompanhada pelo seu t\u00e9cnico Julio Cesar Saldanha e fez uma boa prova, conseguindo apertar o ritmo ao longo do percurso.<\/p>\n<blockquote class=\"instagram-media\" style=\"background: #FFF; border: 0; border-radius: 3px; box-shadow: 0 0 1px 0 rgba(0,0,0,0.5),0 1px 10px 0 rgba(0,0,0,0.15); margin: 1px; max-width: 540px; min-width: 326px; padding: 0; width: calc(100% - 2px);\" data-instgrm-captioned=\"\" data-instgrm-permalink=\"https:\/\/www.instagram.com\/p\/CDQm4E7FhBB\/?utm_source=ig_embed&amp;utm_campaign=loading\" data-instgrm-version=\"12\">\n<div style=\"padding: 16px;\">\n<p>&nbsp;<\/p>\n<div style=\"display: flex; flex-direction: row; align-items: center;\">\n<div style=\"background-color: #f4f4f4; border-radius: 50%; flex-grow: 0; height: 40px; margin-right: 14px; width: 40px;\"><\/div>\n<div style=\"display: flex; flex-direction: column; flex-grow: 1; justify-content: center;\">\n<div style=\"background-color: #f4f4f4; border-radius: 4px; flex-grow: 0; height: 14px; margin-bottom: 6px; width: 100px;\"><\/div>\n<div style=\"background-color: #f4f4f4; border-radius: 4px; flex-grow: 0; height: 14px; width: 60px;\"><\/div>\n<\/div>\n<\/div>\n<div style=\"padding: 19% 0;\"><\/div>\n<div style=\"display: block; height: 50px; margin: 0 auto 12px; width: 50px;\"><\/div>\n<div style=\"padding-top: 8px;\">\n<div style=\"color: #3897f0; font-family: Arial,sans-serif; font-size: 14px; font-style: normal; font-weight: 550; line-height: 18px;\">Ver essa foto no Instagram<\/div>\n<\/div>\n<div style=\"padding: 12.5% 0;\"><\/div>\n<div style=\"display: flex; flex-direction: row; margin-bottom: 14px; align-items: center;\">\n<div>\n<div style=\"background-color: #f4f4f4; border-radius: 50%; height: 12.5px; width: 12.5px; transform: translateX(0px) translateY(7px);\"><\/div>\n<div style=\"background-color: #f4f4f4; height: 12.5px; transform: rotate(-45deg) translateX(3px) translateY(1px); width: 12.5px; flex-grow: 0; margin-right: 14px; margin-left: 2px;\"><\/div>\n<div style=\"background-color: #f4f4f4; border-radius: 50%; height: 12.5px; width: 12.5px; transform: translateX(9px) translateY(-18px);\"><\/div>\n<\/div>\n<div style=\"margin-left: 8px;\">\n<div style=\"background-color: #f4f4f4; border-radius: 50%; flex-grow: 0; height: 20px; width: 20px;\"><\/div>\n<div style=\"width: 0; height: 0; border-top: 2px solid transparent; border-left: 6px solid #f4f4f4; border-bottom: 2px solid transparent; transform: translateX(16px) translateY(-4px) rotate(30deg);\"><\/div>\n<\/div>\n<div style=\"margin-left: auto;\">\n<div style=\"width: 0px; border-top: 8px solid #F4F4F4; border-right: 8px solid transparent; transform: translateY(16px);\"><\/div>\n<div style=\"background-color: #f4f4f4; flex-grow: 0; height: 12px; width: 16px; transform: translateY(-4px);\"><\/div>\n<div style=\"width: 0; height: 0; border-top: 8px solid #F4F4F4; border-left: 8px solid transparent; transform: translateY(-4px) translateX(8px);\"><\/div>\n<\/div>\n<\/div>\n<p>&nbsp;<\/p>\n<p style=\"margin: 8px 0 0 0; padding: 0 4px;\"><a style=\"color: #000; font-family: Arial,sans-serif; font-size: 14px; font-style: normal; font-weight: normal; line-height: 17px; text-decoration: none; word-wrap: break-word;\" href=\"https:\/\/www.instagram.com\/p\/CDQm4E7FhBB\/?utm_source=ig_embed&amp;utm_campaign=loading\" target=\"_blank\" rel=\"noopener noreferrer\">Bom dia! Aqui&#8230; \u00e9 a m\u00e3e da Mariana, deixando um v\u00eddeo de agora a pouco. Ela est\u00e1 bem! Tudo correndo como o previsto!! Contamos com a torcida, as ora\u00e7\u00f5es, pensamentos positivos e boas energias de todos vcs.<\/a><\/p>\n<p style=\"color: #c9c8cd; font-family: Arial,sans-serif; font-size: 14px; line-height: 17px; margin-bottom: 0; margin-top: 8px; overflow: hidden; padding: 8px 0 7px; text-align: center; text-overflow: ellipsis; white-space: nowrap;\">Uma publica\u00e7\u00e3o compartilhada por <a style=\"color: #c9c8cd; font-family: Arial,sans-serif; font-size: 14px; font-style: normal; font-weight: normal; line-height: 17px;\" href=\"https:\/\/www.instagram.com\/marianavaiamancha\/?utm_source=ig_embed&amp;utm_campaign=loading\" target=\"_blank\" rel=\"noopener noreferrer\"> Mariana Vai a Mancha<\/a> (@marianavaiamancha) em <time style=\"font-family: Arial,sans-serif; font-size: 14px; line-height: 17px;\" datetime=\"2020-07-30T08:27:34+00:00\">30 de Jul, 2020 \u00e0s 1:27 PDT<\/time><\/p>\n<\/div>\n<\/blockquote>\n<p><script async src=\"\/\/www.instagram.com\/embed.js\"><\/script><\/p>\n<p>Com esse resultado, Mariana tornou-se a nadadora mais jovem do Brasil a completar o desafio no Canal da Mancha. A paranaense tem apenas 16 anos de idade e superou a antiga recordista Kay France, que tinha 17 anos em 1979 quando realizou a travessia.<\/p>\n<p>J\u00e1 Marcio pegou algumas correntes pelo caminho que o fez nadar alguns quil\u00f4metros a mais. Por\u00e9m, o capixaba esta muito focado em concluir o desafio ap\u00f3s dois anos de intensos treinamentos. Em 11 horas e 44 minutos, Marcio completou a prova e em grande estilo: chegando em nado borboleta antes de subir na pedra e levantar o bra\u00e7os na costa francesa.<\/p>\n<p>Neste desafio ele teve a companhia da esposa Raquel e do t\u00e9cnico Renato Ribeiro, que passou por todos os momentos pr\u00e9-travessia antes do atleta poder cair na \u00e1gua e estava muito emocionado no barco de apoio ao fim da travessia. Marcio tamb\u00e9m entra para a hist\u00f3ria ao se tornar o primeiro nadador do Esp\u00edrito Santo a completar o m\u00edtico desafio do Canal da Mancha.<\/p>\n<blockquote class=\"instagram-media\" style=\"background: #FFF; border: 0; border-radius: 3px; box-shadow: 0 0 1px 0 rgba(0,0,0,0.5),0 1px 10px 0 rgba(0,0,0,0.15); margin: 1px; max-width: 540px; min-width: 326px; padding: 0; width: calc(100% - 2px);\" data-instgrm-captioned=\"\" data-instgrm-permalink=\"https:\/\/www.instagram.com\/tv\/CDRaCGmjfev\/?utm_source=ig_embed&amp;utm_campaign=loading\" data-instgrm-version=\"12\">\n<div style=\"padding: 16px;\">\n<p>&nbsp;<\/p>\n<div style=\"display: flex; flex-direction: row; align-items: center;\">\n<div style=\"background-color: #f4f4f4; border-radius: 50%; flex-grow: 0; height: 40px; margin-right: 14px; width: 40px;\"><\/div>\n<div style=\"display: flex; flex-direction: column; flex-grow: 1; justify-content: center;\">\n<div style=\"background-color: #f4f4f4; border-radius: 4px; flex-grow: 0; height: 14px; margin-bottom: 6px; width: 100px;\"><\/div>\n<div style=\"background-color: #f4f4f4; border-radius: 4px; flex-grow: 0; height: 14px; width: 60px;\"><\/div>\n<\/div>\n<\/div>\n<div style=\"padding: 19% 0;\"><\/div>\n<div style=\"display: block; height: 50px; margin: 0 auto 12px; width: 50px;\"><\/div>\n<div style=\"padding-top: 8px;\">\n<div style=\"color: #3897f0; font-family: Arial,sans-serif; font-size: 14px; font-style: normal; font-weight: 550; line-height: 18px;\">Ver essa foto no Instagram<\/div>\n<\/div>\n<div style=\"padding: 12.5% 0;\"><\/div>\n<div style=\"display: flex; flex-direction: row; margin-bottom: 14px; align-items: center;\">\n<div>\n<div style=\"background-color: #f4f4f4; border-radius: 50%; height: 12.5px; width: 12.5px; transform: translateX(0px) translateY(7px);\"><\/div>\n<div style=\"background-color: #f4f4f4; height: 12.5px; transform: rotate(-45deg) translateX(3px) translateY(1px); width: 12.5px; flex-grow: 0; margin-right: 14px; margin-left: 2px;\"><\/div>\n<div style=\"background-color: #f4f4f4; border-radius: 50%; height: 12.5px; width: 12.5px; transform: translateX(9px) translateY(-18px);\"><\/div>\n<\/div>\n<div style=\"margin-left: 8px;\">\n<div style=\"background-color: #f4f4f4; border-radius: 50%; flex-grow: 0; height: 20px; width: 20px;\"><\/div>\n<div style=\"width: 0; height: 0; border-top: 2px solid transparent; border-left: 6px solid #f4f4f4; border-bottom: 2px solid transparent; transform: translateX(16px) translateY(-4px) rotate(30deg);\"><\/div>\n<\/div>\n<div style=\"margin-left: auto;\">\n<div style=\"width: 0px; border-top: 8px solid #F4F4F4; border-right: 8px solid transparent; transform: translateY(16px);\"><\/div>\n<div style=\"background-color: #f4f4f4; flex-grow: 0; height: 12px; width: 16px; transform: translateY(-4px);\"><\/div>\n<div style=\"width: 0; height: 0; border-top: 8px solid #F4F4F4; border-left: 8px solid transparent; transform: translateY(-4px) translateX(8px);\"><\/div>\n<\/div>\n<\/div>\n<p>&nbsp;<\/p>\n<p style=\"margin: 8px 0 0 0; padding: 0 4px;\"><a style=\"color: #000; font-family: Arial,sans-serif; font-size: 14px; font-style: normal; font-weight: normal; line-height: 17px; text-decoration: none; word-wrap: break-word;\" href=\"https:\/\/www.instagram.com\/tv\/CDRaCGmjfev\/?utm_source=ig_embed&amp;utm_campaign=loading\" target=\"_blank\" rel=\"noopener noreferrer\">42 Km<\/a><\/p>\n<p style=\"color: #c9c8cd; font-family: Arial,sans-serif; font-size: 14px; line-height: 17px; margin-bottom: 0; margin-top: 8px; overflow: hidden; padding: 8px 0 7px; text-align: center; text-overflow: ellipsis; white-space: nowrap;\">Uma publica\u00e7\u00e3o compartilhada por <a style=\"color: #c9c8cd; font-family: Arial,sans-serif; font-size: 14px; font-style: normal; font-weight: normal; line-height: 17px;\" href=\"https:\/\/www.instagram.com\/marciosjunqueira\/?utm_source=ig_embed&amp;utm_campaign=loading\" target=\"_blank\" rel=\"noopener noreferrer\"> Marcio nadador<\/a> (@marciosjunqueira) em <time style=\"font-family: Arial,sans-serif; font-size: 14px; line-height: 17px;\" datetime=\"2020-07-30T15:54:27+00:00\">30 de Jul, 2020 \u00e0s 8:54 PDT<\/time><\/p>\n<\/div>\n<\/blockquote>\n<p><script async src=\"\/\/www.instagram.com\/embed.js\"><\/script><\/p>\n<p>Com mais essas duas travessias o Brasil soma agora 40 tentativas de sucesso na travessia em \u00e1guas abertas mais desafiadora do mundo. E a lista pode aumentar em agosto, j\u00e1 que o ultramaratonista Glauco Rangel j\u00e1 chegou a Inglaterra e se prepara para cair na \u00e1gua na primeira quinzena de agosto. Acompanhado por Igor de Souza, Glauco esta neste momento cumprindo o per\u00edodo de quarentena na Inglaterra antes de ter autoriza\u00e7\u00e3o para treinar.<\/p>\n<p>E caso voc\u00ea queira saber mais sobre a Travessia do Canal da Mancha n\u00e3o deixe de comprar a edi\u00e7\u00e3o #32 da <strong>SWIM CHANNEL<\/strong> que traz um conte\u00fado especial sobre a principal travessia do mundo. Caso queira adquirir seu exemplar <a href=\"https:\/\/loja.swimchannel.net\/revista-edicao-32\/p\">clique aqui<\/a>.<\/p>\n","protected":false},"excerpt":{"rendered":"<p>Hoje foi um dia hist\u00f3rico para a nata\u00e7\u00e3o brasileira. Em um intervalo de poucos minutos dois nadadores do pa\u00eds conclu\u00edram com sucesso um das provas mais desafiadoras do mundo: a travessia do Canal da Mancha, estreito de \u00e1gua de 36 km que separa o sul da Inglaterra do norte da Fran\u00e7a. O capixaba Marcio Junqueira [&hellip;]<\/p>\n","protected":false},"author":3,"featured_media":25391,"comment_status":"open","ping_status":"open","sticky":false,"template":"","format":"standard","meta":{"footnotes":""},"categories":[115],"tags":[14,15,2334,2335,5],"class_list":["post-25381","post","type-post","status-publish","format-standard","has-post-thumbnail","hentry","category-aguas-abertas","tag-aguas-abertas","tag-canal-da-mancha","tag-marcio-junqueira","tag-mariana-chevalier","tag-natacao"],"yoast_head":"<!-- This site is optimized with the Yoast SEO plugin v27.0 - https:\/\/yoast.com\/product\/yoast-seo-wordpress\/ -->\n<title>Dupla brasileira conquista o Canal da Mancha - Swimchannel<\/title>\n<meta name=\"robots\" content=\"index, follow, max-snippet:-1, max-image-preview:large, max-video-preview:-1\" \/>\n<link rel=\"canonical\" href=\"https:\/\/swimchannel.net\/br\/dupla-brasileira-conquista-o-canal-da-mancha\/\" \/>\n<meta property=\"og:locale\" content=\"pt_BR\" \/>\n<meta property=\"og:type\" content=\"article\" \/>\n<meta property=\"og:title\" content=\"Dupla brasileira conquista o Canal da Mancha - Swimchannel\" \/>\n<meta property=\"og:description\" content=\"Hoje foi um dia hist\u00f3rico para a nata\u00e7\u00e3o brasileira. Em um intervalo de poucos minutos dois nadadores do pa\u00eds conclu\u00edram com sucesso um das provas mais desafiadoras do mundo: a travessia do Canal da Mancha, estreito de \u00e1gua de 36 km que separa o sul da Inglaterra do norte da Fran\u00e7a. O capixaba Marcio Junqueira [&hellip;]\" \/>\n<meta property=\"og:url\" content=\"https:\/\/swimchannel.net\/br\/dupla-brasileira-conquista-o-canal-da-mancha\/\" \/>\n<meta property=\"og:site_name\" content=\"Swimchannel\" \/>\n<meta property=\"article:publisher\" content=\"https:\/\/www.facebook.com\/swimchannel\" \/>\n<meta property=\"article:published_time\" content=\"2020-07-30T19:33:09+00:00\" \/>\n<meta property=\"article:modified_time\" content=\"2020-07-31T15:06:16+00:00\" \/>\n<meta property=\"og:image\" content=\"https:\/\/swimchannel.net\/br\/wp-content\/uploads\/2020\/07\/mancha.png\" \/>\n\t<meta property=\"og:image:width\" content=\"600\" \/>\n\t<meta property=\"og:image:height\" content=\"346\" \/>\n\t<meta property=\"og:image:type\" content=\"image\/png\" \/>\n<meta name=\"author\" content=\"Guilherme Freitas\" \/>\n<meta name=\"twitter:card\" content=\"summary_large_image\" \/>\n<meta name=\"twitter:label1\" content=\"Escrito por\" \/>\n\t<meta name=\"twitter:data1\" content=\"Guilherme Freitas\" \/>\n\t<meta name=\"twitter:label2\" content=\"Est. tempo de leitura\" \/>\n\t<meta name=\"twitter:data2\" content=\"3 minutos\" \/>\n<script type=\"application\/ld+json\" class=\"yoast-schema-graph\">{\"@context\":\"https:\/\/schema.org\",\"@graph\":[{\"@type\":\"Article\",\"@id\":\"https:\/\/swimchannel.net\/br\/dupla-brasileira-conquista-o-canal-da-mancha\/#article\",\"isPartOf\":{\"@id\":\"https:\/\/swimchannel.net\/br\/dupla-brasileira-conquista-o-canal-da-mancha\/\"},\"author\":{\"name\":\"Guilherme Freitas\",\"@id\":\"https:\/\/swimchannel.net\/br\/#\/schema\/person\/aa2a63bab3275f53749a83276b213c48\"},\"headline\":\"Dupla brasileira conquista o Canal da Mancha\",\"datePublished\":\"2020-07-30T19:33:09+00:00\",\"dateModified\":\"2020-07-31T15:06:16+00:00\",\"mainEntityOfPage\":{\"@id\":\"https:\/\/swimchannel.net\/br\/dupla-brasileira-conquista-o-canal-da-mancha\/\"},\"wordCount\":660,\"commentCount\":0,\"publisher\":{\"@id\":\"https:\/\/swimchannel.net\/br\/#organization\"},\"image\":{\"@id\":\"https:\/\/swimchannel.net\/br\/dupla-brasileira-conquista-o-canal-da-mancha\/#primaryimage\"},\"thumbnailUrl\":\"https:\/\/swimchannel.net\/br\/wp-content\/uploads\/2020\/07\/mancha.png\",\"keywords\":[\"\u00c1guas abertas\",\"Canal da Mancha\",\"Marcio Junqueira\",\"Mariana Chevalier\",\"natacao\"],\"articleSection\":[\"\u00c1guas Abertas\"],\"inLanguage\":\"pt-BR\",\"potentialAction\":[{\"@type\":\"CommentAction\",\"name\":\"Comment\",\"target\":[\"https:\/\/swimchannel.net\/br\/dupla-brasileira-conquista-o-canal-da-mancha\/#respond\"]}]},{\"@type\":\"WebPage\",\"@id\":\"https:\/\/swimchannel.net\/br\/dupla-brasileira-conquista-o-canal-da-mancha\/\",\"url\":\"https:\/\/swimchannel.net\/br\/dupla-brasileira-conquista-o-canal-da-mancha\/\",\"name\":\"Dupla brasileira conquista o Canal da Mancha - Swimchannel\",\"isPartOf\":{\"@id\":\"https:\/\/swimchannel.net\/br\/#website\"},\"primaryImageOfPage\":{\"@id\":\"https:\/\/swimchannel.net\/br\/dupla-brasileira-conquista-o-canal-da-mancha\/#primaryimage\"},\"image\":{\"@id\":\"https:\/\/swimchannel.net\/br\/dupla-brasileira-conquista-o-canal-da-mancha\/#primaryimage\"},\"thumbnailUrl\":\"https:\/\/swimchannel.net\/br\/wp-content\/uploads\/2020\/07\/mancha.png\",\"datePublished\":\"2020-07-30T19:33:09+00:00\",\"dateModified\":\"2020-07-31T15:06:16+00:00\",\"breadcrumb\":{\"@id\":\"https:\/\/swimchannel.net\/br\/dupla-brasileira-conquista-o-canal-da-mancha\/#breadcrumb\"},\"inLanguage\":\"pt-BR\",\"potentialAction\":[{\"@type\":\"ReadAction\",\"target\":[\"https:\/\/swimchannel.net\/br\/dupla-brasileira-conquista-o-canal-da-mancha\/\"]}]},{\"@type\":\"ImageObject\",\"inLanguage\":\"pt-BR\",\"@id\":\"https:\/\/swimchannel.net\/br\/dupla-brasileira-conquista-o-canal-da-mancha\/#primaryimage\",\"url\":\"https:\/\/swimchannel.net\/br\/wp-content\/uploads\/2020\/07\/mancha.png\",\"contentUrl\":\"https:\/\/swimchannel.net\/br\/wp-content\/uploads\/2020\/07\/mancha.png\",\"width\":600,\"height\":346,\"caption\":\"Os nadadores com seus t\u00e9cnicos - Foto: Daniel Righetti\"},{\"@type\":\"BreadcrumbList\",\"@id\":\"https:\/\/swimchannel.net\/br\/dupla-brasileira-conquista-o-canal-da-mancha\/#breadcrumb\",\"itemListElement\":[{\"@type\":\"ListItem\",\"position\":1,\"name\":\"Home\",\"item\":\"https:\/\/swimchannel.net\/br\/\"},{\"@type\":\"ListItem\",\"position\":2,\"name\":\"Dupla brasileira conquista o Canal da Mancha\"}]},{\"@type\":\"WebSite\",\"@id\":\"https:\/\/swimchannel.net\/br\/#website\",\"url\":\"https:\/\/swimchannel.net\/br\/\",\"name\":\"Swimchannel\",\"description\":\"Maior portal de nata\u00e7\u00e3o da america latina\",\"publisher\":{\"@id\":\"https:\/\/swimchannel.net\/br\/#organization\"},\"potentialAction\":[{\"@type\":\"SearchAction\",\"target\":{\"@type\":\"EntryPoint\",\"urlTemplate\":\"https:\/\/swimchannel.net\/br\/?s={search_term_string}\"},\"query-input\":{\"@type\":\"PropertyValueSpecification\",\"valueRequired\":true,\"valueName\":\"search_term_string\"}}],\"inLanguage\":\"pt-BR\"},{\"@type\":\"Organization\",\"@id\":\"https:\/\/swimchannel.net\/br\/#organization\",\"name\":\"Swimchannel - Conectando voc\u00ea a Nata\u00e7\u00e3o\",\"url\":\"https:\/\/swimchannel.net\/br\/\",\"logo\":{\"@type\":\"ImageObject\",\"inLanguage\":\"pt-BR\",\"@id\":\"https:\/\/swimchannel.net\/br\/#\/schema\/logo\/image\/\",\"url\":\"https:\/\/swimchannel.net\/br\/wp-content\/uploads\/2026\/02\/SWIM-CHANNEL.png\",\"contentUrl\":\"https:\/\/swimchannel.net\/br\/wp-content\/uploads\/2026\/02\/SWIM-CHANNEL.png\",\"width\":1120,\"height\":630,\"caption\":\"Swimchannel - Conectando voc\u00ea a Nata\u00e7\u00e3o\"},\"image\":{\"@id\":\"https:\/\/swimchannel.net\/br\/#\/schema\/logo\/image\/\"},\"sameAs\":[\"https:\/\/www.facebook.com\/swimchannel\",\"https:\/\/www.instagram.com\/swimchannel\"]},{\"@type\":\"Person\",\"@id\":\"https:\/\/swimchannel.net\/br\/#\/schema\/person\/aa2a63bab3275f53749a83276b213c48\",\"name\":\"Guilherme Freitas\",\"image\":{\"@type\":\"ImageObject\",\"inLanguage\":\"pt-BR\",\"@id\":\"https:\/\/swimchannel.net\/br\/#\/schema\/person\/image\/\",\"url\":\"https:\/\/swimchannel.net\/br\/wp-content\/uploads\/2025\/10\/gui22-193x180.png\",\"contentUrl\":\"https:\/\/swimchannel.net\/br\/wp-content\/uploads\/2025\/10\/gui22-193x180.png\",\"caption\":\"Guilherme Freitas\"},\"description\":\"Jornalista s\u00eanior da SWIM CHANNEL, ex-correspondente da FINA no Brasil e pesquisador acad\u00eamico.\",\"sameAs\":[\"instagram.com\/guifreitas86\"],\"url\":\"https:\/\/swimchannel.net\/br\/author\/guilherme-freitas\/\"}]}<\/script>\n<!-- \/ Yoast SEO plugin. -->","yoast_head_json":{"title":"Dupla brasileira conquista o Canal da Mancha - Swimchannel","robots":{"index":"index","follow":"follow","max-snippet":"max-snippet:-1","max-image-preview":"max-image-preview:large","max-video-preview":"max-video-preview:-1"},"canonical":"https:\/\/swimchannel.net\/br\/dupla-brasileira-conquista-o-canal-da-mancha\/","og_locale":"pt_BR","og_type":"article","og_title":"Dupla brasileira conquista o Canal da Mancha - Swimchannel","og_description":"Hoje foi um dia hist\u00f3rico para a nata\u00e7\u00e3o brasileira. Em um intervalo de poucos minutos dois nadadores do pa\u00eds conclu\u00edram com sucesso um das provas mais desafiadoras do mundo: a travessia do Canal da Mancha, estreito de \u00e1gua de 36 km que separa o sul da Inglaterra do norte da Fran\u00e7a. O capixaba Marcio Junqueira [&hellip;]","og_url":"https:\/\/swimchannel.net\/br\/dupla-brasileira-conquista-o-canal-da-mancha\/","og_site_name":"Swimchannel","article_publisher":"https:\/\/www.facebook.com\/swimchannel","article_published_time":"2020-07-30T19:33:09+00:00","article_modified_time":"2020-07-31T15:06:16+00:00","og_image":[{"width":600,"height":346,"url":"https:\/\/swimchannel.net\/br\/wp-content\/uploads\/2020\/07\/mancha.png","type":"image\/png"}],"author":"Guilherme Freitas","twitter_card":"summary_large_image","twitter_misc":{"Escrito por":"Guilherme Freitas","Est. tempo de leitura":"3 minutos"},"schema":{"@context":"https:\/\/schema.org","@graph":[{"@type":"Article","@id":"https:\/\/swimchannel.net\/br\/dupla-brasileira-conquista-o-canal-da-mancha\/#article","isPartOf":{"@id":"https:\/\/swimchannel.net\/br\/dupla-brasileira-conquista-o-canal-da-mancha\/"},"author":{"name":"Guilherme Freitas","@id":"https:\/\/swimchannel.net\/br\/#\/schema\/person\/aa2a63bab3275f53749a83276b213c48"},"headline":"Dupla brasileira conquista o Canal da Mancha","datePublished":"2020-07-30T19:33:09+00:00","dateModified":"2020-07-31T15:06:16+00:00","mainEntityOfPage":{"@id":"https:\/\/swimchannel.net\/br\/dupla-brasileira-conquista-o-canal-da-mancha\/"},"wordCount":660,"commentCount":0,"publisher":{"@id":"https:\/\/swimchannel.net\/br\/#organization"},"image":{"@id":"https:\/\/swimchannel.net\/br\/dupla-brasileira-conquista-o-canal-da-mancha\/#primaryimage"},"thumbnailUrl":"https:\/\/swimchannel.net\/br\/wp-content\/uploads\/2020\/07\/mancha.png","keywords":["\u00c1guas abertas","Canal da Mancha","Marcio Junqueira","Mariana Chevalier","natacao"],"articleSection":["\u00c1guas Abertas"],"inLanguage":"pt-BR","potentialAction":[{"@type":"CommentAction","name":"Comment","target":["https:\/\/swimchannel.net\/br\/dupla-brasileira-conquista-o-canal-da-mancha\/#respond"]}]},{"@type":"WebPage","@id":"https:\/\/swimchannel.net\/br\/dupla-brasileira-conquista-o-canal-da-mancha\/","url":"https:\/\/swimchannel.net\/br\/dupla-brasileira-conquista-o-canal-da-mancha\/","name":"Dupla brasileira conquista o Canal da Mancha - Swimchannel","isPartOf":{"@id":"https:\/\/swimchannel.net\/br\/#website"},"primaryImageOfPage":{"@id":"https:\/\/swimchannel.net\/br\/dupla-brasileira-conquista-o-canal-da-mancha\/#primaryimage"},"image":{"@id":"https:\/\/swimchannel.net\/br\/dupla-brasileira-conquista-o-canal-da-mancha\/#primaryimage"},"thumbnailUrl":"https:\/\/swimchannel.net\/br\/wp-content\/uploads\/2020\/07\/mancha.png","datePublished":"2020-07-30T19:33:09+00:00","dateModified":"2020-07-31T15:06:16+00:00","breadcrumb":{"@id":"https:\/\/swimchannel.net\/br\/dupla-brasileira-conquista-o-canal-da-mancha\/#breadcrumb"},"inLanguage":"pt-BR","potentialAction":[{"@type":"ReadAction","target":["https:\/\/swimchannel.net\/br\/dupla-brasileira-conquista-o-canal-da-mancha\/"]}]},{"@type":"ImageObject","inLanguage":"pt-BR","@id":"https:\/\/swimchannel.net\/br\/dupla-brasileira-conquista-o-canal-da-mancha\/#primaryimage","url":"https:\/\/swimchannel.net\/br\/wp-content\/uploads\/2020\/07\/mancha.png","contentUrl":"https:\/\/swimchannel.net\/br\/wp-content\/uploads\/2020\/07\/mancha.png","width":600,"height":346,"caption":"Os nadadores com seus t\u00e9cnicos - Foto: Daniel Righetti"},{"@type":"BreadcrumbList","@id":"https:\/\/swimchannel.net\/br\/dupla-brasileira-conquista-o-canal-da-mancha\/#breadcrumb","itemListElement":[{"@type":"ListItem","position":1,"name":"Home","item":"https:\/\/swimchannel.net\/br\/"},{"@type":"ListItem","position":2,"name":"Dupla brasileira conquista o Canal da Mancha"}]},{"@type":"WebSite","@id":"https:\/\/swimchannel.net\/br\/#website","url":"https:\/\/swimchannel.net\/br\/","name":"Swimchannel","description":"Maior portal de nata\u00e7\u00e3o da america latina","publisher":{"@id":"https:\/\/swimchannel.net\/br\/#organization"},"potentialAction":[{"@type":"SearchAction","target":{"@type":"EntryPoint","urlTemplate":"https:\/\/swimchannel.net\/br\/?s={search_term_string}"},"query-input":{"@type":"PropertyValueSpecification","valueRequired":true,"valueName":"search_term_string"}}],"inLanguage":"pt-BR"},{"@type":"Organization","@id":"https:\/\/swimchannel.net\/br\/#organization","name":"Swimchannel - Conectando voc\u00ea a Nata\u00e7\u00e3o","url":"https:\/\/swimchannel.net\/br\/","logo":{"@type":"ImageObject","inLanguage":"pt-BR","@id":"https:\/\/swimchannel.net\/br\/#\/schema\/logo\/image\/","url":"https:\/\/swimchannel.net\/br\/wp-content\/uploads\/2026\/02\/SWIM-CHANNEL.png","contentUrl":"https:\/\/swimchannel.net\/br\/wp-content\/uploads\/2026\/02\/SWIM-CHANNEL.png","width":1120,"height":630,"caption":"Swimchannel - Conectando voc\u00ea a Nata\u00e7\u00e3o"},"image":{"@id":"https:\/\/swimchannel.net\/br\/#\/schema\/logo\/image\/"},"sameAs":["https:\/\/www.facebook.com\/swimchannel","https:\/\/www.instagram.com\/swimchannel"]},{"@type":"Person","@id":"https:\/\/swimchannel.net\/br\/#\/schema\/person\/aa2a63bab3275f53749a83276b213c48","name":"Guilherme Freitas","image":{"@type":"ImageObject","inLanguage":"pt-BR","@id":"https:\/\/swimchannel.net\/br\/#\/schema\/person\/image\/","url":"https:\/\/swimchannel.net\/br\/wp-content\/uploads\/2025\/10\/gui22-193x180.png","contentUrl":"https:\/\/swimchannel.net\/br\/wp-content\/uploads\/2025\/10\/gui22-193x180.png","caption":"Guilherme Freitas"},"description":"Jornalista s\u00eanior da SWIM CHANNEL, ex-correspondente da FINA no Brasil e pesquisador acad\u00eamico.","sameAs":["instagram.com\/guifreitas86"],"url":"https:\/\/swimchannel.net\/br\/author\/guilherme-freitas\/"}]}},"_links":{"self":[{"href":"https:\/\/swimchannel.net\/br\/wp-json\/wp\/v2\/posts\/25381","targetHints":{"allow":["GET"]}}],"collection":[{"href":"https:\/\/swimchannel.net\/br\/wp-json\/wp\/v2\/posts"}],"about":[{"href":"https:\/\/swimchannel.net\/br\/wp-json\/wp\/v2\/types\/post"}],"author":[{"embeddable":true,"href":"https:\/\/swimchannel.net\/br\/wp-json\/wp\/v2\/users\/3"}],"replies":[{"embeddable":true,"href":"https:\/\/swimchannel.net\/br\/wp-json\/wp\/v2\/comments?post=25381"}],"version-history":[{"count":0,"href":"https:\/\/swimchannel.net\/br\/wp-json\/wp\/v2\/posts\/25381\/revisions"}],"wp:featuredmedia":[{"embeddable":true,"href":"https:\/\/swimchannel.net\/br\/wp-json\/wp\/v2\/media\/25391"}],"wp:attachment":[{"href":"https:\/\/swimchannel.net\/br\/wp-json\/wp\/v2\/media?parent=25381"}],"wp:term":[{"taxonomy":"category","embeddable":true,"href":"https:\/\/swimchannel.net\/br\/wp-json\/wp\/v2\/categories?post=25381"},{"taxonomy":"post_tag","embeddable":true,"href":"https:\/\/swimchannel.net\/br\/wp-json\/wp\/v2\/tags?post=25381"}],"curies":[{"name":"wp","href":"https:\/\/api.w.org\/{rel}","templated":true}]}}