{"id":25678,"date":"2020-08-17T16:51:06","date_gmt":"2020-08-17T19:51:06","guid":{"rendered":"https:\/\/swimchannel.net\/br\/?p=25678"},"modified":"2020-08-17T17:00:46","modified_gmt":"2020-08-17T20:00:46","slug":"madeira-island-ultra-swim-2020","status":"publish","type":"post","link":"https:\/\/swimchannel.net\/br\/madeira-island-ultra-swim-2020\/","title":{"rendered":"Madeira Island Ultra Swim 2020"},"content":{"rendered":"<p>Portugal \u00e9 uma na\u00e7\u00e3o que ama os esportes no mar. N\u00e3o \u00e9 para menos, com sua extens\u00e3o territorial inteira voltada para o Oceano Atl\u00e2ntico as modalidades aqu\u00e1ticas t\u00eam espa\u00e7o garantido no pa\u00eds. Assim, esportes como vela, pesca esportiva e surfe sempre foram destaque e a nata\u00e7\u00e3o em \u00e1guas abertas segue pelo mesmo caminho.<\/p>\n<p>Neste ano de 2020 acontecer\u00e1 a primeira edi\u00e7\u00e3o do Madeira Island Ultra Swim (MIUS), que como pr\u00f3prio nome j\u00e1 diz, ser\u00e1 realizado na Ilha da Madeira. O evento tem data marcada para o dia 12 de setembro e conta com diversas provas nas seguintes dist\u00e2ncias: 1 k, 5 k, 10 k, 20 k e 30 k.<\/p>\n<figure id=\"attachment_25680\" aria-describedby=\"caption-attachment-25680\" style=\"width: 1360px\" class=\"wp-caption alignnone\"><img loading=\"lazy\" decoding=\"async\" class=\"size-full wp-image-25680\" src=\"https:\/\/swimchannel.net\/br\/wp-content\/uploads\/2020\/08\/ilha-da-madeira.jpg\" alt=\"\" width=\"1360\" height=\"907\" srcset=\"https:\/\/swimchannel.net\/br\/wp-content\/uploads\/2020\/08\/ilha-da-madeira.jpg 1360w, https:\/\/swimchannel.net\/br\/wp-content\/uploads\/2020\/08\/ilha-da-madeira-600x400.jpg 600w, https:\/\/swimchannel.net\/br\/wp-content\/uploads\/2020\/08\/ilha-da-madeira-1012x675.jpg 1012w, https:\/\/swimchannel.net\/br\/wp-content\/uploads\/2020\/08\/ilha-da-madeira-1200x800.jpg 1200w, https:\/\/swimchannel.net\/br\/wp-content\/uploads\/2020\/08\/ilha-da-madeira-270x180.jpg 270w, https:\/\/swimchannel.net\/br\/wp-content\/uploads\/2020\/08\/ilha-da-madeira-768x512.jpg 768w\" sizes=\"auto, (max-width: 1360px) 100vw, 1360px\" \/><figcaption id=\"caption-attachment-25680\" class=\"wp-caption-text\">Ilha da Madeira &#8211; Foto: Reprodu\u00e7\u00e3o<\/figcaption><\/figure>\n<p>A inten\u00e7\u00e3o \u00e9 promover percursos diferentes para os nadadores, sendo que todas as provas ter\u00e3o largadas em praias separadas\u00a0e a\u00a0chegada oficial ser\u00e1 no Funchal, a capital da ilha. Com um trabalho de log\u00edstica diferenciado todas as provas acontecer\u00e3o no mesmo dia com o seguinte roteiro:<\/p>\n<p><strong>Prova de 30 k:<\/strong> Largada na Calheta e chegada no Funchal<\/p>\n<p><strong>Prova de 20 k:<\/strong> Largada na Ribeira Brava e chegada no Funchal<\/p>\n<p><strong>Prova de 10 k:<\/strong> Largada na C\u00e2mera Lobos e chegada no Funchal<\/p>\n<p><strong>Prova de 5 k:<\/strong> Largada na Ponta Gorda e chegada no Funchal<\/p>\n<p><strong>Prova de 1 k:<\/strong> Largada na Barreirinha e chegada no Funchal<\/p>\n<figure id=\"attachment_25679\" aria-describedby=\"caption-attachment-25679\" style=\"width: 700px\" class=\"wp-caption alignnone\"><img loading=\"lazy\" decoding=\"async\" class=\"wp-image-25679\" src=\"https:\/\/swimchannel.net\/br\/wp-content\/uploads\/2020\/08\/MIUS-MADEIRA-Cartaz-Evento.jpeg\" alt=\"\" width=\"700\" height=\"988\" srcset=\"https:\/\/swimchannel.net\/br\/wp-content\/uploads\/2020\/08\/MIUS-MADEIRA-Cartaz-Evento.jpeg 1360w, https:\/\/swimchannel.net\/br\/wp-content\/uploads\/2020\/08\/MIUS-MADEIRA-Cartaz-Evento-600x847.jpeg 600w, https:\/\/swimchannel.net\/br\/wp-content\/uploads\/2020\/08\/MIUS-MADEIRA-Cartaz-Evento-478x675.jpeg 478w, https:\/\/swimchannel.net\/br\/wp-content\/uploads\/2020\/08\/MIUS-MADEIRA-Cartaz-Evento-567x800.jpeg 567w, https:\/\/swimchannel.net\/br\/wp-content\/uploads\/2020\/08\/MIUS-MADEIRA-Cartaz-Evento-128x180.jpeg 128w, https:\/\/swimchannel.net\/br\/wp-content\/uploads\/2020\/08\/MIUS-MADEIRA-Cartaz-Evento-768x1084.jpeg 768w, https:\/\/swimchannel.net\/br\/wp-content\/uploads\/2020\/08\/MIUS-MADEIRA-Cartaz-Evento-1088x1536.jpeg 1088w\" sizes=\"auto, (max-width: 700px) 100vw, 700px\" \/><figcaption id=\"caption-attachment-25679\" class=\"wp-caption-text\">Cartaz do MIUS 2020 &#8211; Foto: Divulga\u00e7\u00e3o<\/figcaption><\/figure>\n<p>Para esta primeira edi\u00e7\u00e3o hist\u00f3rica do MIUS, o evento ter\u00e1 a participa\u00e7\u00e3o de nadadores da Espanha e do Brasil, al\u00e9m dos anfitri\u00f5es portugueses. O objetivo \u00e9 ter mais atletas amadores e tamb\u00e9m alguns dos melhores maratonistas aqu\u00e1ticos do mundo.<\/p>\n<p>Pelo Brasil\u00a0teremos simplesmente Ana Marcela Cunha, eleita pela FINA cinco vezes como a melhor maratonista aqu\u00e1tica do mundo, e Allan do Carmo, duas vezes\u00a0atleta ol\u00edmpico e eleito o melhor maratonista aqu\u00e1tico do mundo pela FINA em\u00a02014.<\/p>\n<figure id=\"attachment_19861\" aria-describedby=\"caption-attachment-19861\" style=\"width: 1600px\" class=\"wp-caption alignnone\"><img loading=\"lazy\" decoding=\"async\" class=\"size-full wp-image-19861\" src=\"https:\/\/swimchannel.net\/br\/wp-content\/uploads\/2019\/09\/ana-marcela-e-allan-do-carmo.jpg\" alt=\"\" width=\"1600\" height=\"923\" srcset=\"https:\/\/swimchannel.net\/br\/wp-content\/uploads\/2019\/09\/ana-marcela-e-allan-do-carmo.jpg 1600w, https:\/\/swimchannel.net\/br\/wp-content\/uploads\/2019\/09\/ana-marcela-e-allan-do-carmo-600x346.jpg 600w\" sizes=\"auto, (max-width: 1600px) 100vw, 1600px\" \/><figcaption id=\"caption-attachment-19861\" class=\"wp-caption-text\">Ana Marcela Cunha e Allan do Carmo \u2014 Foto: Divulga\u00e7\u00e3o<\/figcaption><\/figure>\n<p>A Espanha vem forte e conta com Alberto Martinez, nono colocado nos 10 km do \u00faltimo Campeonato Mundial em Gwangju-2019 e j\u00e1 classificado para os Jogos de T\u00f3quio 2021. Al\u00e9m est\u00e3o confirmados as presen\u00e7as de Guillem Pujol, 10\u00ba colocado nos 5 km no Mundial de Gwangju-2019 e Paula Ruiz e Maria Valdez, respectivamente 13\u00aa e 14\u00aa colocadas nos 5 km tamb\u00e9m em Gwangju-2019.<\/p>\n<p>J\u00e1 Portugal vem com sua melhor forma\u00e7\u00e3o incluindo a ol\u00edmpica V\u00e2nia Neves que ir\u00e1 participar dos 20 k, Ang\u00e9lica Andre que foi 12\u00aa colocada nos 5 km em Gwangju-2019, Rafael Gil que \u00e9 o atual campe\u00e3o portugu\u00eas e o veterano Mario Bonan\u00e7a que tamb\u00e9m nadar\u00e1 a prova de 30 k.<\/p>\n<figure id=\"attachment_25681\" aria-describedby=\"caption-attachment-25681\" style=\"width: 800px\" class=\"wp-caption alignnone\"><img loading=\"lazy\" decoding=\"async\" class=\"wp-image-25681 size-large\" src=\"https:\/\/swimchannel.net\/br\/wp-content\/uploads\/2020\/08\/whatsapp-image-2019-06-16-at-20.48.58-800x800.jpeg\" alt=\"\" width=\"800\" height=\"800\" srcset=\"https:\/\/swimchannel.net\/br\/wp-content\/uploads\/2020\/08\/whatsapp-image-2019-06-16-at-20.48.58-800x800.jpeg 800w, https:\/\/swimchannel.net\/br\/wp-content\/uploads\/2020\/08\/whatsapp-image-2019-06-16-at-20.48.58-300x300.jpeg 300w, https:\/\/swimchannel.net\/br\/wp-content\/uploads\/2020\/08\/whatsapp-image-2019-06-16-at-20.48.58-100x100.jpeg 100w, https:\/\/swimchannel.net\/br\/wp-content\/uploads\/2020\/08\/whatsapp-image-2019-06-16-at-20.48.58-600x600.jpeg 600w, https:\/\/swimchannel.net\/br\/wp-content\/uploads\/2020\/08\/whatsapp-image-2019-06-16-at-20.48.58-675x675.jpeg 675w, https:\/\/swimchannel.net\/br\/wp-content\/uploads\/2020\/08\/whatsapp-image-2019-06-16-at-20.48.58-180x180.jpeg 180w, https:\/\/swimchannel.net\/br\/wp-content\/uploads\/2020\/08\/whatsapp-image-2019-06-16-at-20.48.58-768x768.jpeg 768w, https:\/\/swimchannel.net\/br\/wp-content\/uploads\/2020\/08\/whatsapp-image-2019-06-16-at-20.48.58-400x400.jpeg 400w, https:\/\/swimchannel.net\/br\/wp-content\/uploads\/2020\/08\/whatsapp-image-2019-06-16-at-20.48.58.jpeg 963w\" sizes=\"auto, (max-width: 800px) 100vw, 800px\" \/><figcaption id=\"caption-attachment-25681\" class=\"wp-caption-text\">Alberto Martinez &#8211; Foto: Reprodu\u00e7\u00e3o<\/figcaption><\/figure>\n<p>Ao que parece, em ano adverso como este de 2020, o MIUS possivelmente ser\u00e1 um dos eventos mais fortes do mundo este ano. Mas o objetivo n\u00e3o \u00e9 somente os atletas profissionais, e sim proporcionar a experi\u00eancia de uma verdadeira travessia, para os todos os nadadores inscritos, que totalizam aproximadamente 300 participantes.<\/p>\n<p>Para Andr\u00e9 Santos, diretor t\u00e9cnico do MIUS, as metas s\u00e3o entusiasmantes. \u201cN\u00f3s no MIUS temos um objetivo muito ambicioso que \u00e9 colocar o Madeira Island Ultra Swim no circuito mundial de \u00e1guas abertas, tornando a uma prova de refer\u00eancia no panorama das longas dist\u00e2ncias, no plano nacional e internacional. Isto s\u00f3 ser\u00e1 poss\u00edvel porque temos uma equipa apaixonada que, aliada \u00e0 experi\u00eancia e dedica\u00e7\u00e3o dos nossos patrocinadores, parceiros e volunt\u00e1rios, fazem tudo acontecer&#8221;, conta Santos.<\/p>\n<p>\u201cA nossa vis\u00e3o para esta que \u00e9 a maior prova de longa dist\u00e2ncia em Portugal \u00e9 bem clara. Queremos criar mais do que um evento, mais do que uma competi\u00e7\u00e3o. Queremos que qualquer nadador, independentemente do seu n\u00edvel de nado, possa ter a oportunidade de viver uma experi\u00eancia de nata\u00e7\u00e3o aut\u00eantica\u201d, acrescenta o diretor t\u00e9cnico da prova.<\/p>\n<figure id=\"attachment_25683\" aria-describedby=\"caption-attachment-25683\" style=\"width: 696px\" class=\"wp-caption alignnone\"><img loading=\"lazy\" decoding=\"async\" class=\"size-full wp-image-25683\" src=\"https:\/\/swimchannel.net\/br\/wp-content\/uploads\/2020\/08\/vania.jpg\" alt=\"\" width=\"696\" height=\"391\" srcset=\"https:\/\/swimchannel.net\/br\/wp-content\/uploads\/2020\/08\/vania.jpg 696w, https:\/\/swimchannel.net\/br\/wp-content\/uploads\/2020\/08\/vania-600x337.jpg 600w, https:\/\/swimchannel.net\/br\/wp-content\/uploads\/2020\/08\/vania-320x180.jpg 320w, https:\/\/swimchannel.net\/br\/wp-content\/uploads\/2020\/08\/vania-640x360.jpg 640w\" sizes=\"auto, (max-width: 696px) 100vw, 696px\" \/><figcaption id=\"caption-attachment-25683\" class=\"wp-caption-text\">V\u00e2nia Neves &#8211; Foto: Reprodu\u00e7\u00e3o<\/figcaption><\/figure>\n<p>O MIUS conta com fortes patrocinadores, entres eles o Governo Portugu\u00eas, a Prefeitura da Ilha da Madeira, a Federa\u00e7\u00e3o Portuguesa de Nata\u00e7\u00e3o e mais outros 20 apoiadores. No site oficial h\u00e1 informa\u00e7\u00f5es sobre todos os detalhes das provas atrav\u00e9s do link: <a href=\"https:\/\/www.miusmadeira.com\/en\/\"><u>https:\/\/www.miusmadeira.com\/en\/<\/u><\/a>.<\/p>\n<p>A <strong>SWIM CHANNEL<\/strong> sempre teve carinho e aten\u00e7\u00e3o com os nadadores de Portugal e estar\u00e1 como m\u00eddia apoiadora no MIUS 2020. Assim, este apaixonado especialista que vos comunica, que al\u00e9m realizar a cobertura do evento na Ilha da Madeira, tamb\u00e9m participar\u00e1 da prova de 5 k. Assista abaixo um trailer sobre o MIUS 2020:<\/p>\n<p>&nbsp;<\/p>\n<blockquote class=\"instagram-media\" style=\"background: #FFF; border: 0; border-radius: 3px; box-shadow: 0 0 1px 0 rgba(0,0,0,0.5),0 1px 10px 0 rgba(0,0,0,0.15); margin: 1px; max-width: 540px; min-width: 326px; padding: 0; width: calc(100% - 2px);\" data-instgrm-permalink=\"https:\/\/www.instagram.com\/p\/CCrrCaoHKY3\/?utm_source=ig_embed&amp;utm_campaign=loading\" data-instgrm-version=\"12\">\n<div style=\"padding: 16px;\">\n<p>&nbsp;<\/p>\n<div style=\"display: flex; flex-direction: row; align-items: center;\">\n<div style=\"background-color: #f4f4f4; border-radius: 50%; flex-grow: 0; height: 40px; margin-right: 14px; width: 40px;\"><\/div>\n<div style=\"display: flex; flex-direction: column; flex-grow: 1; justify-content: center;\">\n<div style=\"background-color: #f4f4f4; border-radius: 4px; flex-grow: 0; height: 14px; margin-bottom: 6px; width: 100px;\"><\/div>\n<div style=\"background-color: #f4f4f4; border-radius: 4px; flex-grow: 0; height: 14px; width: 60px;\"><\/div>\n<\/div>\n<\/div>\n<div style=\"padding: 19% 0;\"><\/div>\n<div style=\"display: block; height: 50px; margin: 0 auto 12px; width: 50px;\"><\/div>\n<div style=\"padding-top: 8px;\">\n<div style=\"color: #3897f0; font-family: Arial,sans-serif; font-size: 14px; font-style: normal; font-weight: 550; line-height: 18px;\">Ver essa foto no Instagram<\/div>\n<\/div>\n<div style=\"padding: 12.5% 0;\"><\/div>\n<div style=\"display: flex; flex-direction: row; margin-bottom: 14px; align-items: center;\">\n<div>\n<div style=\"background-color: #f4f4f4; border-radius: 50%; height: 12.5px; width: 12.5px; transform: translateX(0px) translateY(7px);\"><\/div>\n<div style=\"background-color: #f4f4f4; height: 12.5px; transform: rotate(-45deg) translateX(3px) translateY(1px); width: 12.5px; flex-grow: 0; margin-right: 14px; margin-left: 2px;\"><\/div>\n<div style=\"background-color: #f4f4f4; border-radius: 50%; height: 12.5px; width: 12.5px; transform: translateX(9px) translateY(-18px);\"><\/div>\n<\/div>\n<div style=\"margin-left: 8px;\">\n<div style=\"background-color: #f4f4f4; border-radius: 50%; flex-grow: 0; height: 20px; width: 20px;\"><\/div>\n<div style=\"width: 0; height: 0; border-top: 2px solid transparent; border-left: 6px solid #f4f4f4; border-bottom: 2px solid transparent; transform: translateX(16px) translateY(-4px) rotate(30deg);\"><\/div>\n<\/div>\n<div style=\"margin-left: auto;\">\n<div style=\"width: 0px; border-top: 8px solid #F4F4F4; border-right: 8px solid transparent; transform: translateY(16px);\"><\/div>\n<div style=\"background-color: #f4f4f4; flex-grow: 0; height: 12px; width: 16px; transform: translateY(-4px);\"><\/div>\n<div style=\"width: 0; height: 0; border-top: 8px solid #F4F4F4; border-left: 8px solid transparent; transform: translateY(-4px) translateX(8px);\"><\/div>\n<\/div>\n<\/div>\n<div style=\"display: flex; flex-direction: column; flex-grow: 1; justify-content: center; margin-bottom: 24px;\">\n<div style=\"background-color: #f4f4f4; border-radius: 4px; flex-grow: 0; height: 14px; margin-bottom: 6px; width: 224px;\"><\/div>\n<div style=\"background-color: #f4f4f4; border-radius: 4px; flex-grow: 0; height: 14px; width: 144px;\"><\/div>\n<\/div>\n<p>&nbsp;<\/p>\n<p style=\"color: #c9c8cd; font-family: Arial,sans-serif; font-size: 14px; line-height: 17px; margin-bottom: 0; margin-top: 8px; overflow: hidden; padding: 8px 0 7px; text-align: center; text-overflow: ellipsis; white-space: nowrap;\"><a style=\"color: #c9c8cd; font-family: Arial,sans-serif; font-size: 14px; font-style: normal; font-weight: normal; line-height: 17px; text-decoration: none;\" href=\"https:\/\/www.instagram.com\/p\/CCrrCaoHKY3\/?utm_source=ig_embed&amp;utm_campaign=loading\" target=\"_blank\" rel=\"noopener noreferrer\">Uma publica\u00e7\u00e3o compartilhada por miusmadeira (@miusmadeira)<\/a> em <time style=\"font-family: Arial,sans-serif; font-size: 14px; line-height: 17px;\" datetime=\"2020-07-16T00:12:47+00:00\">15 de Jul, 2020 \u00e0s 5:12 PDT<\/time><\/p>\n<\/div>\n<\/blockquote>\n<p><script async src=\"\/\/www.instagram.com\/embed.js\"><\/script><\/p>\n","protected":false},"excerpt":{"rendered":"<p>Portugal \u00e9 uma na\u00e7\u00e3o que ama os esportes no mar. N\u00e3o \u00e9 para menos, com sua extens\u00e3o territorial inteira voltada para o Oceano Atl\u00e2ntico as modalidades aqu\u00e1ticas t\u00eam espa\u00e7o garantido no pa\u00eds. Assim, esportes como vela, pesca esportiva e surfe sempre foram destaque e a nata\u00e7\u00e3o em \u00e1guas abertas segue pelo mesmo caminho. Neste ano [&hellip;]<\/p>\n","protected":false},"author":7,"featured_media":25688,"comment_status":"open","ping_status":"open","sticky":false,"template":"","format":"standard","meta":{"footnotes":""},"categories":[115],"tags":[14,2355,2356,2354,5,631],"class_list":["post-25678","post","type-post","status-publish","format-standard","has-post-thumbnail","hentry","category-aguas-abertas","tag-aguas-abertas","tag-ilha-da-madeira","tag-madeira-island-ultra-swim","tag-misc","tag-natacao","tag-portugal"],"yoast_head":"<!-- This site is optimized with the Yoast SEO plugin v27.0 - https:\/\/yoast.com\/product\/yoast-seo-wordpress\/ -->\n<title>Madeira Island Ultra Swim 2020 - Swimchannel<\/title>\n<meta name=\"robots\" content=\"index, follow, max-snippet:-1, max-image-preview:large, max-video-preview:-1\" \/>\n<link rel=\"canonical\" href=\"https:\/\/swimchannel.net\/br\/madeira-island-ultra-swim-2020\/\" \/>\n<meta property=\"og:locale\" content=\"pt_BR\" \/>\n<meta property=\"og:type\" content=\"article\" \/>\n<meta property=\"og:title\" content=\"Madeira Island Ultra Swim 2020 - Swimchannel\" \/>\n<meta property=\"og:description\" content=\"Portugal \u00e9 uma na\u00e7\u00e3o que ama os esportes no mar. N\u00e3o \u00e9 para menos, com sua extens\u00e3o territorial inteira voltada para o Oceano Atl\u00e2ntico as modalidades aqu\u00e1ticas t\u00eam espa\u00e7o garantido no pa\u00eds. Assim, esportes como vela, pesca esportiva e surfe sempre foram destaque e a nata\u00e7\u00e3o em \u00e1guas abertas segue pelo mesmo caminho. Neste ano [&hellip;]\" \/>\n<meta property=\"og:url\" content=\"https:\/\/swimchannel.net\/br\/madeira-island-ultra-swim-2020\/\" \/>\n<meta property=\"og:site_name\" content=\"Swimchannel\" \/>\n<meta property=\"article:publisher\" content=\"https:\/\/www.facebook.com\/swimchannel\" \/>\n<meta property=\"article:published_time\" content=\"2020-08-17T19:51:06+00:00\" \/>\n<meta property=\"article:modified_time\" content=\"2020-08-17T20:00:46+00:00\" \/>\n<meta property=\"og:image\" content=\"https:\/\/swimchannel.net\/br\/wp-content\/uploads\/2020\/08\/ilhamadeia.jpg\" \/>\n\t<meta property=\"og:image:width\" content=\"600\" \/>\n\t<meta property=\"og:image:height\" content=\"345\" \/>\n\t<meta property=\"og:image:type\" content=\"image\/jpeg\" \/>\n<meta name=\"author\" content=\"Patrick Winkler\" \/>\n<meta name=\"twitter:card\" content=\"summary_large_image\" \/>\n<meta name=\"twitter:label1\" content=\"Escrito por\" \/>\n\t<meta name=\"twitter:data1\" content=\"Patrick Winkler\" \/>\n\t<meta name=\"twitter:label2\" content=\"Est. tempo de leitura\" \/>\n\t<meta name=\"twitter:data2\" content=\"4 minutos\" \/>\n<script type=\"application\/ld+json\" class=\"yoast-schema-graph\">{\"@context\":\"https:\/\/schema.org\",\"@graph\":[{\"@type\":\"Article\",\"@id\":\"https:\/\/swimchannel.net\/br\/madeira-island-ultra-swim-2020\/#article\",\"isPartOf\":{\"@id\":\"https:\/\/swimchannel.net\/br\/madeira-island-ultra-swim-2020\/\"},\"author\":{\"name\":\"Patrick Winkler\",\"@id\":\"https:\/\/swimchannel.net\/br\/#\/schema\/person\/e386d1d95aa7c02a94032f7e0b22e45f\"},\"headline\":\"Madeira Island Ultra Swim 2020\",\"datePublished\":\"2020-08-17T19:51:06+00:00\",\"dateModified\":\"2020-08-17T20:00:46+00:00\",\"mainEntityOfPage\":{\"@id\":\"https:\/\/swimchannel.net\/br\/madeira-island-ultra-swim-2020\/\"},\"wordCount\":813,\"commentCount\":0,\"publisher\":{\"@id\":\"https:\/\/swimchannel.net\/br\/#organization\"},\"image\":{\"@id\":\"https:\/\/swimchannel.net\/br\/madeira-island-ultra-swim-2020\/#primaryimage\"},\"thumbnailUrl\":\"https:\/\/swimchannel.net\/br\/wp-content\/uploads\/2020\/08\/ilhamadeia.jpg\",\"keywords\":[\"\u00c1guas abertas\",\"Ilha da Madeira\",\"Madeira Island Ultra Swim\",\"MISC\",\"natacao\",\"Portugal\"],\"articleSection\":[\"\u00c1guas Abertas\"],\"inLanguage\":\"pt-BR\",\"potentialAction\":[{\"@type\":\"CommentAction\",\"name\":\"Comment\",\"target\":[\"https:\/\/swimchannel.net\/br\/madeira-island-ultra-swim-2020\/#respond\"]}]},{\"@type\":\"WebPage\",\"@id\":\"https:\/\/swimchannel.net\/br\/madeira-island-ultra-swim-2020\/\",\"url\":\"https:\/\/swimchannel.net\/br\/madeira-island-ultra-swim-2020\/\",\"name\":\"Madeira Island Ultra Swim 2020 - Swimchannel\",\"isPartOf\":{\"@id\":\"https:\/\/swimchannel.net\/br\/#website\"},\"primaryImageOfPage\":{\"@id\":\"https:\/\/swimchannel.net\/br\/madeira-island-ultra-swim-2020\/#primaryimage\"},\"image\":{\"@id\":\"https:\/\/swimchannel.net\/br\/madeira-island-ultra-swim-2020\/#primaryimage\"},\"thumbnailUrl\":\"https:\/\/swimchannel.net\/br\/wp-content\/uploads\/2020\/08\/ilhamadeia.jpg\",\"datePublished\":\"2020-08-17T19:51:06+00:00\",\"dateModified\":\"2020-08-17T20:00:46+00:00\",\"breadcrumb\":{\"@id\":\"https:\/\/swimchannel.net\/br\/madeira-island-ultra-swim-2020\/#breadcrumb\"},\"inLanguage\":\"pt-BR\",\"potentialAction\":[{\"@type\":\"ReadAction\",\"target\":[\"https:\/\/swimchannel.net\/br\/madeira-island-ultra-swim-2020\/\"]}]},{\"@type\":\"ImageObject\",\"inLanguage\":\"pt-BR\",\"@id\":\"https:\/\/swimchannel.net\/br\/madeira-island-ultra-swim-2020\/#primaryimage\",\"url\":\"https:\/\/swimchannel.net\/br\/wp-content\/uploads\/2020\/08\/ilhamadeia.jpg\",\"contentUrl\":\"https:\/\/swimchannel.net\/br\/wp-content\/uploads\/2020\/08\/ilhamadeia.jpg\",\"width\":600,\"height\":345,\"caption\":\"Ilha da Madeira - Foto: Juergen Sack\"},{\"@type\":\"BreadcrumbList\",\"@id\":\"https:\/\/swimchannel.net\/br\/madeira-island-ultra-swim-2020\/#breadcrumb\",\"itemListElement\":[{\"@type\":\"ListItem\",\"position\":1,\"name\":\"Home\",\"item\":\"https:\/\/swimchannel.net\/br\/\"},{\"@type\":\"ListItem\",\"position\":2,\"name\":\"Madeira Island Ultra Swim 2020\"}]},{\"@type\":\"WebSite\",\"@id\":\"https:\/\/swimchannel.net\/br\/#website\",\"url\":\"https:\/\/swimchannel.net\/br\/\",\"name\":\"Swimchannel\",\"description\":\"Maior portal de nata\u00e7\u00e3o da america latina\",\"publisher\":{\"@id\":\"https:\/\/swimchannel.net\/br\/#organization\"},\"potentialAction\":[{\"@type\":\"SearchAction\",\"target\":{\"@type\":\"EntryPoint\",\"urlTemplate\":\"https:\/\/swimchannel.net\/br\/?s={search_term_string}\"},\"query-input\":{\"@type\":\"PropertyValueSpecification\",\"valueRequired\":true,\"valueName\":\"search_term_string\"}}],\"inLanguage\":\"pt-BR\"},{\"@type\":\"Organization\",\"@id\":\"https:\/\/swimchannel.net\/br\/#organization\",\"name\":\"Swimchannel - Conectando voc\u00ea a Nata\u00e7\u00e3o\",\"url\":\"https:\/\/swimchannel.net\/br\/\",\"logo\":{\"@type\":\"ImageObject\",\"inLanguage\":\"pt-BR\",\"@id\":\"https:\/\/swimchannel.net\/br\/#\/schema\/logo\/image\/\",\"url\":\"https:\/\/swimchannel.net\/br\/wp-content\/uploads\/2026\/02\/SWIM-CHANNEL.png\",\"contentUrl\":\"https:\/\/swimchannel.net\/br\/wp-content\/uploads\/2026\/02\/SWIM-CHANNEL.png\",\"width\":1120,\"height\":630,\"caption\":\"Swimchannel - Conectando voc\u00ea a Nata\u00e7\u00e3o\"},\"image\":{\"@id\":\"https:\/\/swimchannel.net\/br\/#\/schema\/logo\/image\/\"},\"sameAs\":[\"https:\/\/www.facebook.com\/swimchannel\",\"https:\/\/www.instagram.com\/swimchannel\"]},{\"@type\":\"Person\",\"@id\":\"https:\/\/swimchannel.net\/br\/#\/schema\/person\/e386d1d95aa7c02a94032f7e0b22e45f\",\"name\":\"Patrick Winkler\",\"image\":{\"@type\":\"ImageObject\",\"inLanguage\":\"pt-BR\",\"@id\":\"https:\/\/swimchannel.net\/br\/#\/schema\/person\/image\/\",\"url\":\"https:\/\/swimchannel.net\/br\/wp-content\/uploads\/2025\/02\/pw-201x180.jpg\",\"contentUrl\":\"https:\/\/swimchannel.net\/br\/wp-content\/uploads\/2025\/02\/pw-201x180.jpg\",\"caption\":\"Patrick Winkler\"},\"description\":\"Patrick Winkler CEO do Grupo Swim Channel, formado em administra\u00e7\u00e3o de empresas pela Universidade Mackenzie e p\u00f3s graduado em Gest\u00e3o do Esporte pelo Instituto Trevisan\",\"url\":\"https:\/\/swimchannel.net\/br\/author\/patrick-winkler\/\"}]}<\/script>\n<!-- \/ Yoast SEO plugin. -->","yoast_head_json":{"title":"Madeira Island Ultra Swim 2020 - Swimchannel","robots":{"index":"index","follow":"follow","max-snippet":"max-snippet:-1","max-image-preview":"max-image-preview:large","max-video-preview":"max-video-preview:-1"},"canonical":"https:\/\/swimchannel.net\/br\/madeira-island-ultra-swim-2020\/","og_locale":"pt_BR","og_type":"article","og_title":"Madeira Island Ultra Swim 2020 - Swimchannel","og_description":"Portugal \u00e9 uma na\u00e7\u00e3o que ama os esportes no mar. N\u00e3o \u00e9 para menos, com sua extens\u00e3o territorial inteira voltada para o Oceano Atl\u00e2ntico as modalidades aqu\u00e1ticas t\u00eam espa\u00e7o garantido no pa\u00eds. Assim, esportes como vela, pesca esportiva e surfe sempre foram destaque e a nata\u00e7\u00e3o em \u00e1guas abertas segue pelo mesmo caminho. Neste ano [&hellip;]","og_url":"https:\/\/swimchannel.net\/br\/madeira-island-ultra-swim-2020\/","og_site_name":"Swimchannel","article_publisher":"https:\/\/www.facebook.com\/swimchannel","article_published_time":"2020-08-17T19:51:06+00:00","article_modified_time":"2020-08-17T20:00:46+00:00","og_image":[{"width":600,"height":345,"url":"https:\/\/swimchannel.net\/br\/wp-content\/uploads\/2020\/08\/ilhamadeia.jpg","type":"image\/jpeg"}],"author":"Patrick Winkler","twitter_card":"summary_large_image","twitter_misc":{"Escrito por":"Patrick Winkler","Est. tempo de leitura":"4 minutos"},"schema":{"@context":"https:\/\/schema.org","@graph":[{"@type":"Article","@id":"https:\/\/swimchannel.net\/br\/madeira-island-ultra-swim-2020\/#article","isPartOf":{"@id":"https:\/\/swimchannel.net\/br\/madeira-island-ultra-swim-2020\/"},"author":{"name":"Patrick Winkler","@id":"https:\/\/swimchannel.net\/br\/#\/schema\/person\/e386d1d95aa7c02a94032f7e0b22e45f"},"headline":"Madeira Island Ultra Swim 2020","datePublished":"2020-08-17T19:51:06+00:00","dateModified":"2020-08-17T20:00:46+00:00","mainEntityOfPage":{"@id":"https:\/\/swimchannel.net\/br\/madeira-island-ultra-swim-2020\/"},"wordCount":813,"commentCount":0,"publisher":{"@id":"https:\/\/swimchannel.net\/br\/#organization"},"image":{"@id":"https:\/\/swimchannel.net\/br\/madeira-island-ultra-swim-2020\/#primaryimage"},"thumbnailUrl":"https:\/\/swimchannel.net\/br\/wp-content\/uploads\/2020\/08\/ilhamadeia.jpg","keywords":["\u00c1guas abertas","Ilha da Madeira","Madeira Island Ultra Swim","MISC","natacao","Portugal"],"articleSection":["\u00c1guas Abertas"],"inLanguage":"pt-BR","potentialAction":[{"@type":"CommentAction","name":"Comment","target":["https:\/\/swimchannel.net\/br\/madeira-island-ultra-swim-2020\/#respond"]}]},{"@type":"WebPage","@id":"https:\/\/swimchannel.net\/br\/madeira-island-ultra-swim-2020\/","url":"https:\/\/swimchannel.net\/br\/madeira-island-ultra-swim-2020\/","name":"Madeira Island Ultra Swim 2020 - Swimchannel","isPartOf":{"@id":"https:\/\/swimchannel.net\/br\/#website"},"primaryImageOfPage":{"@id":"https:\/\/swimchannel.net\/br\/madeira-island-ultra-swim-2020\/#primaryimage"},"image":{"@id":"https:\/\/swimchannel.net\/br\/madeira-island-ultra-swim-2020\/#primaryimage"},"thumbnailUrl":"https:\/\/swimchannel.net\/br\/wp-content\/uploads\/2020\/08\/ilhamadeia.jpg","datePublished":"2020-08-17T19:51:06+00:00","dateModified":"2020-08-17T20:00:46+00:00","breadcrumb":{"@id":"https:\/\/swimchannel.net\/br\/madeira-island-ultra-swim-2020\/#breadcrumb"},"inLanguage":"pt-BR","potentialAction":[{"@type":"ReadAction","target":["https:\/\/swimchannel.net\/br\/madeira-island-ultra-swim-2020\/"]}]},{"@type":"ImageObject","inLanguage":"pt-BR","@id":"https:\/\/swimchannel.net\/br\/madeira-island-ultra-swim-2020\/#primaryimage","url":"https:\/\/swimchannel.net\/br\/wp-content\/uploads\/2020\/08\/ilhamadeia.jpg","contentUrl":"https:\/\/swimchannel.net\/br\/wp-content\/uploads\/2020\/08\/ilhamadeia.jpg","width":600,"height":345,"caption":"Ilha da Madeira - Foto: Juergen Sack"},{"@type":"BreadcrumbList","@id":"https:\/\/swimchannel.net\/br\/madeira-island-ultra-swim-2020\/#breadcrumb","itemListElement":[{"@type":"ListItem","position":1,"name":"Home","item":"https:\/\/swimchannel.net\/br\/"},{"@type":"ListItem","position":2,"name":"Madeira Island Ultra Swim 2020"}]},{"@type":"WebSite","@id":"https:\/\/swimchannel.net\/br\/#website","url":"https:\/\/swimchannel.net\/br\/","name":"Swimchannel","description":"Maior portal de nata\u00e7\u00e3o da america latina","publisher":{"@id":"https:\/\/swimchannel.net\/br\/#organization"},"potentialAction":[{"@type":"SearchAction","target":{"@type":"EntryPoint","urlTemplate":"https:\/\/swimchannel.net\/br\/?s={search_term_string}"},"query-input":{"@type":"PropertyValueSpecification","valueRequired":true,"valueName":"search_term_string"}}],"inLanguage":"pt-BR"},{"@type":"Organization","@id":"https:\/\/swimchannel.net\/br\/#organization","name":"Swimchannel - Conectando voc\u00ea a Nata\u00e7\u00e3o","url":"https:\/\/swimchannel.net\/br\/","logo":{"@type":"ImageObject","inLanguage":"pt-BR","@id":"https:\/\/swimchannel.net\/br\/#\/schema\/logo\/image\/","url":"https:\/\/swimchannel.net\/br\/wp-content\/uploads\/2026\/02\/SWIM-CHANNEL.png","contentUrl":"https:\/\/swimchannel.net\/br\/wp-content\/uploads\/2026\/02\/SWIM-CHANNEL.png","width":1120,"height":630,"caption":"Swimchannel - Conectando voc\u00ea a Nata\u00e7\u00e3o"},"image":{"@id":"https:\/\/swimchannel.net\/br\/#\/schema\/logo\/image\/"},"sameAs":["https:\/\/www.facebook.com\/swimchannel","https:\/\/www.instagram.com\/swimchannel"]},{"@type":"Person","@id":"https:\/\/swimchannel.net\/br\/#\/schema\/person\/e386d1d95aa7c02a94032f7e0b22e45f","name":"Patrick Winkler","image":{"@type":"ImageObject","inLanguage":"pt-BR","@id":"https:\/\/swimchannel.net\/br\/#\/schema\/person\/image\/","url":"https:\/\/swimchannel.net\/br\/wp-content\/uploads\/2025\/02\/pw-201x180.jpg","contentUrl":"https:\/\/swimchannel.net\/br\/wp-content\/uploads\/2025\/02\/pw-201x180.jpg","caption":"Patrick Winkler"},"description":"Patrick Winkler CEO do Grupo Swim Channel, formado em administra\u00e7\u00e3o de empresas pela Universidade Mackenzie e p\u00f3s graduado em Gest\u00e3o do Esporte pelo Instituto Trevisan","url":"https:\/\/swimchannel.net\/br\/author\/patrick-winkler\/"}]}},"_links":{"self":[{"href":"https:\/\/swimchannel.net\/br\/wp-json\/wp\/v2\/posts\/25678","targetHints":{"allow":["GET"]}}],"collection":[{"href":"https:\/\/swimchannel.net\/br\/wp-json\/wp\/v2\/posts"}],"about":[{"href":"https:\/\/swimchannel.net\/br\/wp-json\/wp\/v2\/types\/post"}],"author":[{"embeddable":true,"href":"https:\/\/swimchannel.net\/br\/wp-json\/wp\/v2\/users\/7"}],"replies":[{"embeddable":true,"href":"https:\/\/swimchannel.net\/br\/wp-json\/wp\/v2\/comments?post=25678"}],"version-history":[{"count":0,"href":"https:\/\/swimchannel.net\/br\/wp-json\/wp\/v2\/posts\/25678\/revisions"}],"wp:featuredmedia":[{"embeddable":true,"href":"https:\/\/swimchannel.net\/br\/wp-json\/wp\/v2\/media\/25688"}],"wp:attachment":[{"href":"https:\/\/swimchannel.net\/br\/wp-json\/wp\/v2\/media?parent=25678"}],"wp:term":[{"taxonomy":"category","embeddable":true,"href":"https:\/\/swimchannel.net\/br\/wp-json\/wp\/v2\/categories?post=25678"},{"taxonomy":"post_tag","embeddable":true,"href":"https:\/\/swimchannel.net\/br\/wp-json\/wp\/v2\/tags?post=25678"}],"curies":[{"name":"wp","href":"https:\/\/api.w.org\/{rel}","templated":true}]}}