{"id":2573,"date":"2016-12-05T08:00:40","date_gmt":"2016-12-05T08:00:40","guid":{"rendered":"https:\/\/swimchannel.flywheelsites.com\/?p=2573"},"modified":"2026-02-06T12:32:25","modified_gmt":"2026-02-06T15:32:25","slug":"5-razoes-pelas-quais-voce-nao-deve-perder-o-mundial-de-curta","status":"publish","type":"post","link":"https:\/\/swimchannel.net\/br\/5-razoes-pelas-quais-voce-nao-deve-perder-o-mundial-de-curta\/","title":{"rendered":"5 raz\u00f5es pelas quais voc\u00ea n\u00e3o pode perder o Mundial de curta"},"content":{"rendered":"<p style=\"text-align: justify;\">Vista do Centro Aqu\u00e1tico Internacional de Windsor &#8211; Foto: Divulga\u00e7\u00e3o<\/p>\n<p style=\"text-align: justify;\">Come\u00e7a amanh\u00e3, 6 de dezembro, a 13\u00aa edi\u00e7\u00e3o do Campeonato Mundial em piscina de 25 metros, a chamada piscina curta, em Windsor, no Canad\u00e1. Na altern\u00e2ncia estabelecida pela FINA de mundiais em piscina longa em anos \u00edmpares e mundiais de piscina curta em anos pares, chegamos \u00e0 edi\u00e7\u00e3o que fecha o ano ol\u00edmpico &#8211; ou, se preferir, a que inaugura o ciclo ol\u00edmpico rumo a T\u00f3quio-2020. E \u00e9 assim que os nadadores presentes ir\u00e3o encarar o campeonato.<\/p>\n<p style=\"text-align: justify;\">Certamente n\u00e3o ser\u00e1 o mais forte Mundial de todos os tempos, e a aus\u00eancia de estrelas \u00e9 at\u00e9 praxe em um Mundial de curta p\u00f3s-ol\u00edmpico. Mas isso n\u00e3o significa que n\u00e3o veremos grandes nomes. Pelo contr\u00e1rio. E tenham certeza que os que estar\u00e3o l\u00e1 dar\u00e3o seu melhor, mesmo sabendo que o mais vale \u00e9 piscina de 50 metros. Esperem grandes provas, fortes tempos e at\u00e9 recordes mundiais. O Brasil vai com uma equipe enxuta, de 13 nadadores, e pode brigar por medalhas. N\u00e3o se interessou? Veja abaixo uma lista dos cinco motivos pelos quais voc\u00ea n\u00e3o pode deixar de acompanhar o Mundial de curta desse ano.<\/p>\n<p style=\"text-align: justify;\"><strong>1. Transmiss\u00e3o ao vivo em hor\u00e1rio nobre<\/strong><\/p>\n<p style=\"text-align: justify;\">O Brasil tem o privil\u00e9gio de ter a grande maioria das principais competi\u00e7\u00f5es internacionais televisionada &#8211; Olimp\u00edadas, Mundiais, Pan-Pac\u00edfico, Copa do Mundo&#8230; isso sem contar os campeonatos dom\u00e9sticos. E n\u00e3o ser\u00e1 diferente dessa vez. o SporTV ir\u00e1 transmitir eliminat\u00f3rias e finais, a partir de amanh\u00e3. E o hor\u00e1rio dessa vez ajuda. O fuso hor\u00e1rio de Windsor far\u00e1 com que as finais sejam transmitidas a partir das 21:30 no hor\u00e1rio de Bras\u00edlia.<\/p>\n<p style=\"text-align: justify;\"><strong>2. Medalhistas ol\u00edmpicos<\/strong><\/p>\n<p style=\"text-align: justify;\">N\u00e3o vamos mentir que um Mundial de curta em ano ol\u00edmpico \u00e9 um tanto esvaziado. Mesmo assim, por diversos motivos &#8211; seja para se manterem em ritmo de competi\u00e7\u00e3o, seja por causa dos generosos pr\u00eamios em dinheiro, ou simplesmente em busca da gl\u00f3ria -, estrelas n\u00e3o faltar\u00e3o. Ser\u00e3o dez campe\u00f5es ol\u00edmpicos presentes: Oussama Mellouli (Tun\u00edsia), Federica Pellegrini (It\u00e1lia), Cameron van der Burgh (\u00c1frica do Sul), Ranomi Kromowidjojo (Holanda), Chad le Clos (\u00c1frica do Sul), Katinka Hosszu (Hungria), Lilly King (Estados Unidos), Mireia Belmonte (Espanha), Sharon van Rouwendall (Holanda) e Gregorio Paltrinieri (It\u00e1lia), sendo os \u00faltimos cinco consagrados nos Jogos do Rio de Janeiro. V\u00e1rios outros medalhistas ol\u00edmpicos tamb\u00e9m marcar\u00e3o presen\u00e7a, muitos deles ausentes no circuito da Copa do Mundo, realizado entre os meses de agosto e outubro. Ser\u00e1 interessante avaliar como retornar\u00e3o ap\u00f3s o grande evento do ano.<\/p>\n<p style=\"text-align: justify;\"><strong>3. Katinka Hosszu<\/strong><\/p>\n<p style=\"text-align: justify;\">Nos \u00faltimos anos, o nome da h\u00fangara Katinka Hosszu foi sin\u00f4nimo de medalhas e recordes. Faltava a sonhada medalha ol\u00edmpica, conquista que saiu esse ano com juros e corre\u00e7\u00e3o monet\u00e1ria: tr\u00eas ouros e uma prata. Nem assim teve descanso: venceu pela quinta vez a Copa do Mundo em piscina curta, com n\u00fameros de vit\u00f3rias, medalhas e provas nadadas impressionantes. E o objetivo \u00e9 manter os n\u00fameros superlativos. H\u00e1 dois anos, no Mundial de curta de Doha, saiu oito medalhas individuais (quatro ouros, tr\u00eas pratas e um bronze), recorde na hist\u00f3ria da competi\u00e7\u00e3o. Dessa vez, est\u00e1 balizada em 12 provas. Dificilmente nadar\u00e1 todas, e ela sabe que Mundial \u00e9 diferente de Copa do Mundo. Mas chegou a um n\u00edvel em que consegue administrar o cansa\u00e7o e se poupar para suas pr\u00f3ximas provas mantendo excel\u00eancia. Em dez provas est\u00e1 balizada com o primeiro ou o segundo tempo. \u00c9 favorita no costas e no medley, suas prioridades. \u00c9 forte candidata em provas de meio fundo de livre e borboleta. Ter\u00e1 o desafio de gente como Mireia Belmonte, Federica Pelllegrini, Boglarka Kapas (sua compatriota medalhista ol\u00edmpica nos 800m livre) e outras, algo que n\u00e3o ocorreu na Copa do Mundo. Mas apostamos em um desempenho ainda melhor que o de 2014. A dama \u00e9 mais de ferro do que nunca.<\/p>\n<p style=\"text-align: justify;\"><strong>4. Brasileiros<\/strong><\/p>\n<p style=\"text-align: justify;\">O Brasil n\u00e3o igualar\u00e1 a campanha hist\u00f3ria de 2014, em que foi campe\u00e3o no quadro de medalhas com dez medalhas, sendo sete de ouro. At\u00e9 pela equipe reduzida, de somente 13 atletas, devido a restri\u00e7\u00f5es financeiras da CBDA. Mas o pa\u00eds tem tradi\u00e7\u00e3o na competi\u00e7\u00e3o, e das sete \u00faltimas edi\u00e7\u00f5es n\u00e3o trouxe medalhas em somente uma. Dessa vez, alguns atletas aparecem com boas chances com os resultados obtidos no Trof\u00e9u Jos\u00e9 Finkel, em setembro. Thiago Simon est\u00e1 com o segundo tempo nos 200m peito, atr\u00e1s somente do alem\u00e3o recordista mundial da prova Marco Koch. Etiene Medeiros tem o terceiro tempo dos 50m costas e \u00e9 a atual recordista mundial e defensora do t\u00edtulo obtido em 2014. Felipe Lima tem a segunda marca nos 50m peito, atr\u00e1s do sul-africano Cameron van der Burgh, e exibiu grande fase na Copa do Mundo, tendo vencido a prova em seis etapas no circuito. Esses s\u00e3o os que est\u00e3o balizados entre os tr\u00eas primeiros. De olho em Felipe Fran\u00e7a, atual campe\u00e3o mundial de curta nos 50m e 100m peito, em Nicholas Santos, que j\u00e1 foi campe\u00e3o mundial nos 50m borboleta em 2012 e prata em 2014, em Brandonn Almeida, que ap\u00f3s um Open espetacular chega com o sexto tempo nos 400m medley, e Manuella Lyrio, quinto tempo nos 200m livre. A equipe \u00e9 pequena e conta com aus\u00eancias de destaques ol\u00edmpicos como Thiago Pereira, Bruno Fratus, Marcelo Chierighini e Jo\u00e3o Gomes Junior. Mas tem tudo para dar continuidade \u00e0 tradi\u00e7\u00e3o de bons resultados do pa\u00eds no campeonato.<\/p>\n<figure id=\"attachment_2575\" aria-describedby=\"caption-attachment-2575\" style=\"width: 700px\" class=\"wp-caption aligncenter\"><a href=\"https:\/\/swimchannel.net\/br\/wp-content\/uploads\/2016\/12\/nicholas.jpg\"><img loading=\"lazy\" decoding=\"async\" class=\"wp-image-2575\" src=\"https:\/\/swimchannel.net\/br\/wp-content\/uploads\/2016\/12\/nicholas.jpg\" alt=\"Nicholas Santos (foto: Satiro Sodre\/SSPress)\" width=\"700\" height=\"467\" srcset=\"https:\/\/swimchannel.net\/br\/wp-content\/uploads\/2016\/12\/nicholas.jpg 2362w, https:\/\/swimchannel.net\/br\/wp-content\/uploads\/2016\/12\/nicholas-600x400.jpg 600w, https:\/\/swimchannel.net\/br\/wp-content\/uploads\/2016\/12\/nicholas-300x200.jpg 300w, https:\/\/swimchannel.net\/br\/wp-content\/uploads\/2016\/12\/nicholas-768x512.jpg 768w, https:\/\/swimchannel.net\/br\/wp-content\/uploads\/2016\/12\/nicholas-1024x683.jpg 1024w\" sizes=\"auto, (max-width: 700px) 100vw, 700px\" \/><\/a><figcaption id=\"caption-attachment-2575\" class=\"wp-caption-text\">Nicholas Santos &#8211; Foto: Satiro Sodr\u00e9\/SSPress<\/figcaption><\/figure>\n<p style=\"text-align: justify;\"><strong>5. Rivalidades<\/strong><\/p>\n<p style=\"text-align: justify;\">&#8211; Em 2014, Katinka Hosszu entrou com um programa de provas carregado, e logo no primeiro dia foi derrotada por Mireia Belmonte nos 200m borboleta e 400m medley. Apesar de se recuperar nas provas seguintes, Katinka tem at\u00e9 hoje aquelas derrotas engasgadas, e ter\u00e1 a chance de se vingar da espanhola.<br \/>\n&#8211; Nicholas Santos, por sua vez, tem um empate com Chad le Clos nos 50m borboleta: em 2012, venceu a prova e deixou o sul-africano com a prata, e em 2014 as posi\u00e7\u00f5es se inverteram. O tira-teima ser\u00e1 interessante.<br \/>\n&#8211; Outro que tem uma rivalidade com le Clos \u00e9 o japon\u00eas Daiya Seto, que em 2014 foi derrotado por muito pouco nos 200m borboleta e esse ano chegou a derrotar o rival na Copa do Mundo.<br \/>\n&#8211; Recentemente Katinka Hosszu conseguiu &#8220;unificar&#8221; os recordes nacionais h\u00fangaros em piscina curta: ela \u00e9 simplesmente a recordista de todas as provas individuais. \u00c9 um incentivo e tanto para sua compatriota Boglarka Kapas, atual medalhista de bronze ol\u00edmpica nos 800m livre. Em piscina longa ela \u00e9 a melhor do pa\u00eds e uma das melhores do mundo, mas na curta conseguir\u00e1 tirar a Dama de Ferro do trono?<br \/>\n&#8211; A jamaicana Alia Atkinson, ap\u00f3s n\u00e3o nadar bem na Olimp\u00edada, voltou com tudo na Copa do Mundo, com dois recordes mundiais nos 50m e 100m peito. \u00c9 a favorita em suas provas, mas ter\u00e1 um desafio que n\u00e3o teve no circuito: a americana Lilly King, simplesmente a campe\u00e3 ol\u00edmpica dos 100m peito. King nada muito bem em piscina de 25 jardas nas competi\u00e7\u00f5es universit\u00e1rias americanas, ou seja, tem explos\u00e3o e for\u00e7a nas viradas, caracter\u00edsticas essenciais para piscina curta.<\/p>\n<p style=\"text-align: justify;\"><strong>Por Daniel Takata<\/strong><\/p>\n","protected":false},"excerpt":{"rendered":"<p>Confira v\u00e1rios motivos para n\u00e3o perder nada de Windsor-2016<\/p>\n","protected":false},"author":12,"featured_media":2574,"comment_status":"open","ping_status":"open","sticky":false,"template":"","format":"standard","meta":{"footnotes":""},"categories":[58],"tags":[44,96,541,5,606],"class_list":["post-2573","post","type-post","status-publish","format-standard","has-post-thumbnail","hentry","category-campeonato-mundial","tag-campeonato-mundial","tag-fina","tag-mundial-de-piscina-curta","tag-natacao","tag-windsor-2016"],"yoast_head":"<!-- This site is optimized with the Yoast SEO plugin v27.0 - https:\/\/yoast.com\/product\/yoast-seo-wordpress\/ -->\n<title>5 raz\u00f5es pelas quais voc\u00ea n\u00e3o pode perder o Mundial de curta - Swimchannel<\/title>\n<meta name=\"robots\" content=\"index, follow, max-snippet:-1, max-image-preview:large, max-video-preview:-1\" \/>\n<link rel=\"canonical\" href=\"https:\/\/swimchannel.net\/br\/5-razoes-pelas-quais-voce-nao-deve-perder-o-mundial-de-curta\/\" \/>\n<meta property=\"og:locale\" content=\"pt_BR\" \/>\n<meta property=\"og:type\" content=\"article\" \/>\n<meta property=\"og:title\" content=\"5 raz\u00f5es pelas quais voc\u00ea n\u00e3o pode perder o Mundial de curta - Swimchannel\" \/>\n<meta property=\"og:description\" content=\"Confira v\u00e1rios motivos para n\u00e3o perder nada de Windsor-2016\" \/>\n<meta property=\"og:url\" content=\"https:\/\/swimchannel.net\/br\/5-razoes-pelas-quais-voce-nao-deve-perder-o-mundial-de-curta\/\" \/>\n<meta property=\"og:site_name\" content=\"Swimchannel\" \/>\n<meta property=\"article:publisher\" content=\"https:\/\/www.facebook.com\/swimchannel\" \/>\n<meta property=\"article:published_time\" content=\"2016-12-05T08:00:40+00:00\" \/>\n<meta property=\"article:modified_time\" content=\"2026-02-06T15:32:25+00:00\" \/>\n<meta property=\"og:image\" content=\"https:\/\/swimchannel.net\/br\/wp-content\/uploads\/2016\/12\/windsor1.jpg\" \/>\n\t<meta property=\"og:image:width\" content=\"1382\" \/>\n\t<meta property=\"og:image:height\" content=\"826\" \/>\n\t<meta property=\"og:image:type\" content=\"image\/jpeg\" \/>\n<meta name=\"author\" content=\"Alex Pussieldi\" \/>\n<meta name=\"twitter:card\" content=\"summary_large_image\" \/>\n<meta name=\"twitter:label1\" content=\"Escrito por\" \/>\n\t<meta name=\"twitter:data1\" content=\"Alex Pussieldi\" \/>\n\t<meta name=\"twitter:label2\" content=\"Est. tempo de leitura\" \/>\n\t<meta name=\"twitter:data2\" content=\"6 minutos\" \/>\n<script type=\"application\/ld+json\" class=\"yoast-schema-graph\">{\"@context\":\"https:\/\/schema.org\",\"@graph\":[{\"@type\":\"Article\",\"@id\":\"https:\/\/swimchannel.net\/br\/5-razoes-pelas-quais-voce-nao-deve-perder-o-mundial-de-curta\/#article\",\"isPartOf\":{\"@id\":\"https:\/\/swimchannel.net\/br\/5-razoes-pelas-quais-voce-nao-deve-perder-o-mundial-de-curta\/\"},\"author\":{\"name\":\"Alex Pussieldi\",\"@id\":\"https:\/\/swimchannel.net\/br\/#\/schema\/person\/cf549cb99cf75592fcf7c76213385e63\"},\"headline\":\"5 raz\u00f5es pelas quais voc\u00ea n\u00e3o pode perder o Mundial de curta\",\"datePublished\":\"2016-12-05T08:00:40+00:00\",\"dateModified\":\"2026-02-06T15:32:25+00:00\",\"mainEntityOfPage\":{\"@id\":\"https:\/\/swimchannel.net\/br\/5-razoes-pelas-quais-voce-nao-deve-perder-o-mundial-de-curta\/\"},\"wordCount\":1262,\"commentCount\":0,\"publisher\":{\"@id\":\"https:\/\/swimchannel.net\/br\/#organization\"},\"image\":{\"@id\":\"https:\/\/swimchannel.net\/br\/5-razoes-pelas-quais-voce-nao-deve-perder-o-mundial-de-curta\/#primaryimage\"},\"thumbnailUrl\":\"https:\/\/swimchannel.net\/br\/wp-content\/uploads\/2016\/12\/windsor1.jpg\",\"keywords\":[\"Campeonato Mundial\",\"Fina\",\"Mundial de piscina curta\",\"natacao\",\"Windsor-2016\"],\"articleSection\":[\"Campeonato Mundial\"],\"inLanguage\":\"pt-BR\",\"potentialAction\":[{\"@type\":\"CommentAction\",\"name\":\"Comment\",\"target\":[\"https:\/\/swimchannel.net\/br\/5-razoes-pelas-quais-voce-nao-deve-perder-o-mundial-de-curta\/#respond\"]}]},{\"@type\":\"WebPage\",\"@id\":\"https:\/\/swimchannel.net\/br\/5-razoes-pelas-quais-voce-nao-deve-perder-o-mundial-de-curta\/\",\"url\":\"https:\/\/swimchannel.net\/br\/5-razoes-pelas-quais-voce-nao-deve-perder-o-mundial-de-curta\/\",\"name\":\"5 raz\u00f5es pelas quais voc\u00ea n\u00e3o pode perder o Mundial de curta - Swimchannel\",\"isPartOf\":{\"@id\":\"https:\/\/swimchannel.net\/br\/#website\"},\"primaryImageOfPage\":{\"@id\":\"https:\/\/swimchannel.net\/br\/5-razoes-pelas-quais-voce-nao-deve-perder-o-mundial-de-curta\/#primaryimage\"},\"image\":{\"@id\":\"https:\/\/swimchannel.net\/br\/5-razoes-pelas-quais-voce-nao-deve-perder-o-mundial-de-curta\/#primaryimage\"},\"thumbnailUrl\":\"https:\/\/swimchannel.net\/br\/wp-content\/uploads\/2016\/12\/windsor1.jpg\",\"datePublished\":\"2016-12-05T08:00:40+00:00\",\"dateModified\":\"2026-02-06T15:32:25+00:00\",\"breadcrumb\":{\"@id\":\"https:\/\/swimchannel.net\/br\/5-razoes-pelas-quais-voce-nao-deve-perder-o-mundial-de-curta\/#breadcrumb\"},\"inLanguage\":\"pt-BR\",\"potentialAction\":[{\"@type\":\"ReadAction\",\"target\":[\"https:\/\/swimchannel.net\/br\/5-razoes-pelas-quais-voce-nao-deve-perder-o-mundial-de-curta\/\"]}]},{\"@type\":\"ImageObject\",\"inLanguage\":\"pt-BR\",\"@id\":\"https:\/\/swimchannel.net\/br\/5-razoes-pelas-quais-voce-nao-deve-perder-o-mundial-de-curta\/#primaryimage\",\"url\":\"https:\/\/swimchannel.net\/br\/wp-content\/uploads\/2016\/12\/windsor1.jpg\",\"contentUrl\":\"https:\/\/swimchannel.net\/br\/wp-content\/uploads\/2016\/12\/windsor1.jpg\",\"width\":1382,\"height\":826,\"caption\":\"Centro Aqu\u00e1tico Internacional de Windsor (foto: divulga\u00e7\u00e3o)\"},{\"@type\":\"BreadcrumbList\",\"@id\":\"https:\/\/swimchannel.net\/br\/5-razoes-pelas-quais-voce-nao-deve-perder-o-mundial-de-curta\/#breadcrumb\",\"itemListElement\":[{\"@type\":\"ListItem\",\"position\":1,\"name\":\"Home\",\"item\":\"https:\/\/swimchannel.net\/br\/\"},{\"@type\":\"ListItem\",\"position\":2,\"name\":\"5 raz\u00f5es pelas quais voc\u00ea n\u00e3o pode perder o Mundial de curta\"}]},{\"@type\":\"WebSite\",\"@id\":\"https:\/\/swimchannel.net\/br\/#website\",\"url\":\"https:\/\/swimchannel.net\/br\/\",\"name\":\"Swimchannel\",\"description\":\"Maior portal de nata\u00e7\u00e3o da america latina\",\"publisher\":{\"@id\":\"https:\/\/swimchannel.net\/br\/#organization\"},\"potentialAction\":[{\"@type\":\"SearchAction\",\"target\":{\"@type\":\"EntryPoint\",\"urlTemplate\":\"https:\/\/swimchannel.net\/br\/?s={search_term_string}\"},\"query-input\":{\"@type\":\"PropertyValueSpecification\",\"valueRequired\":true,\"valueName\":\"search_term_string\"}}],\"inLanguage\":\"pt-BR\"},{\"@type\":\"Organization\",\"@id\":\"https:\/\/swimchannel.net\/br\/#organization\",\"name\":\"Swimchannel - Conectando voc\u00ea a Nata\u00e7\u00e3o\",\"url\":\"https:\/\/swimchannel.net\/br\/\",\"logo\":{\"@type\":\"ImageObject\",\"inLanguage\":\"pt-BR\",\"@id\":\"https:\/\/swimchannel.net\/br\/#\/schema\/logo\/image\/\",\"url\":\"https:\/\/swimchannel.net\/br\/wp-content\/uploads\/2026\/02\/SWIM-CHANNEL.png\",\"contentUrl\":\"https:\/\/swimchannel.net\/br\/wp-content\/uploads\/2026\/02\/SWIM-CHANNEL.png\",\"width\":1120,\"height\":630,\"caption\":\"Swimchannel - Conectando voc\u00ea a Nata\u00e7\u00e3o\"},\"image\":{\"@id\":\"https:\/\/swimchannel.net\/br\/#\/schema\/logo\/image\/\"},\"sameAs\":[\"https:\/\/www.facebook.com\/swimchannel\",\"https:\/\/www.instagram.com\/swimchannel\"]},{\"@type\":\"Person\",\"@id\":\"https:\/\/swimchannel.net\/br\/#\/schema\/person\/cf549cb99cf75592fcf7c76213385e63\",\"name\":\"Alex Pussieldi\",\"image\":{\"@type\":\"ImageObject\",\"inLanguage\":\"pt-BR\",\"@id\":\"https:\/\/swimchannel.net\/br\/#\/schema\/person\/image\/\",\"url\":\"https:\/\/swimchannel.net\/br\/wp-content\/uploads\/2021\/02\/9b1c252d-a4bd-4eda-b399-24565cac4114-100x100.jpg\",\"contentUrl\":\"https:\/\/swimchannel.net\/br\/wp-content\/uploads\/2021\/02\/9b1c252d-a4bd-4eda-b399-24565cac4114-100x100.jpg\",\"caption\":\"Alex Pussieldi\"},\"description\":\"Alexandre Pussieldi, apelidado de \u201ccoach\u201d, Foi t\u00e9cnico da sele\u00e7\u00e3o verde e amarela nas Olimp\u00edadas de Pequim-2008 e Londres-2012. O treinador ainda comandou outros quatro pa\u00edses: Kuwait, Paraguai, Aruba e Antilhas Holandesas, al\u00e9m da sele\u00e7\u00e3o americana de \u00e1guas abertas. Pussieldi tem passagens como comentarista de nata\u00e7\u00e3o do Grupo Globo e Swim Channel.\",\"url\":\"https:\/\/swimchannel.net\/br\/author\/alexpussieldi\/\"}]}<\/script>\n<!-- \/ Yoast SEO plugin. -->","yoast_head_json":{"title":"5 raz\u00f5es pelas quais voc\u00ea n\u00e3o pode perder o Mundial de curta - Swimchannel","robots":{"index":"index","follow":"follow","max-snippet":"max-snippet:-1","max-image-preview":"max-image-preview:large","max-video-preview":"max-video-preview:-1"},"canonical":"https:\/\/swimchannel.net\/br\/5-razoes-pelas-quais-voce-nao-deve-perder-o-mundial-de-curta\/","og_locale":"pt_BR","og_type":"article","og_title":"5 raz\u00f5es pelas quais voc\u00ea n\u00e3o pode perder o Mundial de curta - Swimchannel","og_description":"Confira v\u00e1rios motivos para n\u00e3o perder nada de Windsor-2016","og_url":"https:\/\/swimchannel.net\/br\/5-razoes-pelas-quais-voce-nao-deve-perder-o-mundial-de-curta\/","og_site_name":"Swimchannel","article_publisher":"https:\/\/www.facebook.com\/swimchannel","article_published_time":"2016-12-05T08:00:40+00:00","article_modified_time":"2026-02-06T15:32:25+00:00","og_image":[{"width":1382,"height":826,"url":"https:\/\/swimchannel.net\/br\/wp-content\/uploads\/2016\/12\/windsor1.jpg","type":"image\/jpeg"}],"author":"Alex Pussieldi","twitter_card":"summary_large_image","twitter_misc":{"Escrito por":"Alex Pussieldi","Est. tempo de leitura":"6 minutos"},"schema":{"@context":"https:\/\/schema.org","@graph":[{"@type":"Article","@id":"https:\/\/swimchannel.net\/br\/5-razoes-pelas-quais-voce-nao-deve-perder-o-mundial-de-curta\/#article","isPartOf":{"@id":"https:\/\/swimchannel.net\/br\/5-razoes-pelas-quais-voce-nao-deve-perder-o-mundial-de-curta\/"},"author":{"name":"Alex Pussieldi","@id":"https:\/\/swimchannel.net\/br\/#\/schema\/person\/cf549cb99cf75592fcf7c76213385e63"},"headline":"5 raz\u00f5es pelas quais voc\u00ea n\u00e3o pode perder o Mundial de curta","datePublished":"2016-12-05T08:00:40+00:00","dateModified":"2026-02-06T15:32:25+00:00","mainEntityOfPage":{"@id":"https:\/\/swimchannel.net\/br\/5-razoes-pelas-quais-voce-nao-deve-perder-o-mundial-de-curta\/"},"wordCount":1262,"commentCount":0,"publisher":{"@id":"https:\/\/swimchannel.net\/br\/#organization"},"image":{"@id":"https:\/\/swimchannel.net\/br\/5-razoes-pelas-quais-voce-nao-deve-perder-o-mundial-de-curta\/#primaryimage"},"thumbnailUrl":"https:\/\/swimchannel.net\/br\/wp-content\/uploads\/2016\/12\/windsor1.jpg","keywords":["Campeonato Mundial","Fina","Mundial de piscina curta","natacao","Windsor-2016"],"articleSection":["Campeonato Mundial"],"inLanguage":"pt-BR","potentialAction":[{"@type":"CommentAction","name":"Comment","target":["https:\/\/swimchannel.net\/br\/5-razoes-pelas-quais-voce-nao-deve-perder-o-mundial-de-curta\/#respond"]}]},{"@type":"WebPage","@id":"https:\/\/swimchannel.net\/br\/5-razoes-pelas-quais-voce-nao-deve-perder-o-mundial-de-curta\/","url":"https:\/\/swimchannel.net\/br\/5-razoes-pelas-quais-voce-nao-deve-perder-o-mundial-de-curta\/","name":"5 raz\u00f5es pelas quais voc\u00ea n\u00e3o pode perder o Mundial de curta - Swimchannel","isPartOf":{"@id":"https:\/\/swimchannel.net\/br\/#website"},"primaryImageOfPage":{"@id":"https:\/\/swimchannel.net\/br\/5-razoes-pelas-quais-voce-nao-deve-perder-o-mundial-de-curta\/#primaryimage"},"image":{"@id":"https:\/\/swimchannel.net\/br\/5-razoes-pelas-quais-voce-nao-deve-perder-o-mundial-de-curta\/#primaryimage"},"thumbnailUrl":"https:\/\/swimchannel.net\/br\/wp-content\/uploads\/2016\/12\/windsor1.jpg","datePublished":"2016-12-05T08:00:40+00:00","dateModified":"2026-02-06T15:32:25+00:00","breadcrumb":{"@id":"https:\/\/swimchannel.net\/br\/5-razoes-pelas-quais-voce-nao-deve-perder-o-mundial-de-curta\/#breadcrumb"},"inLanguage":"pt-BR","potentialAction":[{"@type":"ReadAction","target":["https:\/\/swimchannel.net\/br\/5-razoes-pelas-quais-voce-nao-deve-perder-o-mundial-de-curta\/"]}]},{"@type":"ImageObject","inLanguage":"pt-BR","@id":"https:\/\/swimchannel.net\/br\/5-razoes-pelas-quais-voce-nao-deve-perder-o-mundial-de-curta\/#primaryimage","url":"https:\/\/swimchannel.net\/br\/wp-content\/uploads\/2016\/12\/windsor1.jpg","contentUrl":"https:\/\/swimchannel.net\/br\/wp-content\/uploads\/2016\/12\/windsor1.jpg","width":1382,"height":826,"caption":"Centro Aqu\u00e1tico Internacional de Windsor (foto: divulga\u00e7\u00e3o)"},{"@type":"BreadcrumbList","@id":"https:\/\/swimchannel.net\/br\/5-razoes-pelas-quais-voce-nao-deve-perder-o-mundial-de-curta\/#breadcrumb","itemListElement":[{"@type":"ListItem","position":1,"name":"Home","item":"https:\/\/swimchannel.net\/br\/"},{"@type":"ListItem","position":2,"name":"5 raz\u00f5es pelas quais voc\u00ea n\u00e3o pode perder o Mundial de curta"}]},{"@type":"WebSite","@id":"https:\/\/swimchannel.net\/br\/#website","url":"https:\/\/swimchannel.net\/br\/","name":"Swimchannel","description":"Maior portal de nata\u00e7\u00e3o da america latina","publisher":{"@id":"https:\/\/swimchannel.net\/br\/#organization"},"potentialAction":[{"@type":"SearchAction","target":{"@type":"EntryPoint","urlTemplate":"https:\/\/swimchannel.net\/br\/?s={search_term_string}"},"query-input":{"@type":"PropertyValueSpecification","valueRequired":true,"valueName":"search_term_string"}}],"inLanguage":"pt-BR"},{"@type":"Organization","@id":"https:\/\/swimchannel.net\/br\/#organization","name":"Swimchannel - Conectando voc\u00ea a Nata\u00e7\u00e3o","url":"https:\/\/swimchannel.net\/br\/","logo":{"@type":"ImageObject","inLanguage":"pt-BR","@id":"https:\/\/swimchannel.net\/br\/#\/schema\/logo\/image\/","url":"https:\/\/swimchannel.net\/br\/wp-content\/uploads\/2026\/02\/SWIM-CHANNEL.png","contentUrl":"https:\/\/swimchannel.net\/br\/wp-content\/uploads\/2026\/02\/SWIM-CHANNEL.png","width":1120,"height":630,"caption":"Swimchannel - Conectando voc\u00ea a Nata\u00e7\u00e3o"},"image":{"@id":"https:\/\/swimchannel.net\/br\/#\/schema\/logo\/image\/"},"sameAs":["https:\/\/www.facebook.com\/swimchannel","https:\/\/www.instagram.com\/swimchannel"]},{"@type":"Person","@id":"https:\/\/swimchannel.net\/br\/#\/schema\/person\/cf549cb99cf75592fcf7c76213385e63","name":"Alex Pussieldi","image":{"@type":"ImageObject","inLanguage":"pt-BR","@id":"https:\/\/swimchannel.net\/br\/#\/schema\/person\/image\/","url":"https:\/\/swimchannel.net\/br\/wp-content\/uploads\/2021\/02\/9b1c252d-a4bd-4eda-b399-24565cac4114-100x100.jpg","contentUrl":"https:\/\/swimchannel.net\/br\/wp-content\/uploads\/2021\/02\/9b1c252d-a4bd-4eda-b399-24565cac4114-100x100.jpg","caption":"Alex Pussieldi"},"description":"Alexandre Pussieldi, apelidado de \u201ccoach\u201d, Foi t\u00e9cnico da sele\u00e7\u00e3o verde e amarela nas Olimp\u00edadas de Pequim-2008 e Londres-2012. O treinador ainda comandou outros quatro pa\u00edses: Kuwait, Paraguai, Aruba e Antilhas Holandesas, al\u00e9m da sele\u00e7\u00e3o americana de \u00e1guas abertas. Pussieldi tem passagens como comentarista de nata\u00e7\u00e3o do Grupo Globo e Swim Channel.","url":"https:\/\/swimchannel.net\/br\/author\/alexpussieldi\/"}]}},"_links":{"self":[{"href":"https:\/\/swimchannel.net\/br\/wp-json\/wp\/v2\/posts\/2573","targetHints":{"allow":["GET"]}}],"collection":[{"href":"https:\/\/swimchannel.net\/br\/wp-json\/wp\/v2\/posts"}],"about":[{"href":"https:\/\/swimchannel.net\/br\/wp-json\/wp\/v2\/types\/post"}],"author":[{"embeddable":true,"href":"https:\/\/swimchannel.net\/br\/wp-json\/wp\/v2\/users\/12"}],"replies":[{"embeddable":true,"href":"https:\/\/swimchannel.net\/br\/wp-json\/wp\/v2\/comments?post=2573"}],"version-history":[{"count":1,"href":"https:\/\/swimchannel.net\/br\/wp-json\/wp\/v2\/posts\/2573\/revisions"}],"predecessor-version":[{"id":79041,"href":"https:\/\/swimchannel.net\/br\/wp-json\/wp\/v2\/posts\/2573\/revisions\/79041"}],"wp:featuredmedia":[{"embeddable":true,"href":"https:\/\/swimchannel.net\/br\/wp-json\/wp\/v2\/media\/2574"}],"wp:attachment":[{"href":"https:\/\/swimchannel.net\/br\/wp-json\/wp\/v2\/media?parent=2573"}],"wp:term":[{"taxonomy":"category","embeddable":true,"href":"https:\/\/swimchannel.net\/br\/wp-json\/wp\/v2\/categories?post=2573"},{"taxonomy":"post_tag","embeddable":true,"href":"https:\/\/swimchannel.net\/br\/wp-json\/wp\/v2\/tags?post=2573"}],"curies":[{"name":"wp","href":"https:\/\/api.w.org\/{rel}","templated":true}]}}