{"id":26424,"date":"2020-10-05T15:45:52","date_gmt":"2020-10-05T18:45:52","guid":{"rendered":"https:\/\/swimchannel.net\/br\/?p=26424"},"modified":"2020-10-05T15:54:53","modified_gmt":"2020-10-05T18:54:53","slug":"encontro-internacional-de-natacao-2020-comeca-amanha","status":"publish","type":"post","link":"https:\/\/swimchannel.net\/br\/encontro-internacional-de-natacao-2020-comeca-amanha\/","title":{"rendered":"Encontro Internacional de Nata\u00e7\u00e3o 2020 come\u00e7a amanh\u00e3"},"content":{"rendered":"<p>O Encontro Internacional de Nata\u00e7\u00e3o 2020 come\u00e7a amanh\u00e3 com uma programa\u00e7\u00e3o extensa, totalmente online e gratuito. Idealizado por <a href=\"https:\/\/swimchannel.net\/br\/atleta\/gustavo-borges\/\">Gustavo Borges<\/a>, as palestras ter\u00e3o participa\u00e7\u00e3o de grandes profissionais da modalidade entre eles os membros da <strong>SWIM CHANNEL<\/strong>, Daniel Takata (redator) e Alexandre Pussieldi (colunista).<\/p>\n<p>O evento come\u00e7ar\u00e1 amanh\u00e3 pela manh\u00e3 e vai at\u00e9 o dia 10 de outubro. Ser\u00e3o mais de cem palestras, com conhecidos\u00a0 profissionais da comunidade aqu\u00e1tica de 17 pa\u00edses diferentes. Todos os participantes receber\u00e3o o certificado de conclus\u00e3o de forma\u00e7\u00e3o internacional com o selo da Metodologia Gustavo Borges.<\/p>\n<figure id=\"attachment_26425\" aria-describedby=\"caption-attachment-26425\" style=\"width: 595px\" class=\"wp-caption alignnone\"><img loading=\"lazy\" decoding=\"async\" class=\"wp-image-26425\" src=\"https:\/\/swimchannel.net\/br\/wp-content\/uploads\/2020\/10\/120043168_183449263220671_2897228536944815048_n-675x675.jpg\" alt=\"\" width=\"595\" height=\"595\" srcset=\"https:\/\/swimchannel.net\/br\/wp-content\/uploads\/2020\/10\/120043168_183449263220671_2897228536944815048_n-675x675.jpg 675w, https:\/\/swimchannel.net\/br\/wp-content\/uploads\/2020\/10\/120043168_183449263220671_2897228536944815048_n-300x300.jpg 300w, https:\/\/swimchannel.net\/br\/wp-content\/uploads\/2020\/10\/120043168_183449263220671_2897228536944815048_n-100x100.jpg 100w, https:\/\/swimchannel.net\/br\/wp-content\/uploads\/2020\/10\/120043168_183449263220671_2897228536944815048_n-600x600.jpg 600w, https:\/\/swimchannel.net\/br\/wp-content\/uploads\/2020\/10\/120043168_183449263220671_2897228536944815048_n-800x800.jpg 800w, https:\/\/swimchannel.net\/br\/wp-content\/uploads\/2020\/10\/120043168_183449263220671_2897228536944815048_n-180x180.jpg 180w, https:\/\/swimchannel.net\/br\/wp-content\/uploads\/2020\/10\/120043168_183449263220671_2897228536944815048_n-768x768.jpg 768w, https:\/\/swimchannel.net\/br\/wp-content\/uploads\/2020\/10\/120043168_183449263220671_2897228536944815048_n-400x400.jpg 400w, https:\/\/swimchannel.net\/br\/wp-content\/uploads\/2020\/10\/120043168_183449263220671_2897228536944815048_n.jpg 1080w\" sizes=\"auto, (max-width: 595px) 100vw, 595px\" \/><figcaption id=\"caption-attachment-26425\" class=\"wp-caption-text\">Encontro Internacional de Nata\u00e7\u00e3o 2020 &#8211; Foto: Reprodu\u00e7\u00e3o<\/figcaption><\/figure>\n<p>Al\u00e9m de participa\u00e7\u00e3o do medalhista ol\u00edmpico, o encontro contar\u00e1 com palestras do renomado treinador americano Jon Urbanchek, que formou v\u00e1rios campe\u00f5es e medalhistas ol\u00edmpicos e tamb\u00e9m foi imortalizado no Hall da Fama da Nata\u00e7\u00e3o, da campe\u00e3 ol\u00edmpica Dara Torres, da finalista ol\u00edmpica e mundial <a href=\"https:\/\/swimchannel.net\/br\/atleta\/flavia-delaroli\/\">Flavia Delaroli<\/a>, do t\u00e9cnico do Esporte Clube Pinheiros e da sele\u00e7\u00e3o brasileira Alberto Silva, entre outros convidados.<\/p>\n<p>Os temas do encontro s\u00e3o muito variados e abordar\u00e3o desde metodologia de treinamento, ensino e seguranc\u0327a at\u00e9 natac\u0327a\u0303o infantil e competitiva.\u00a0Logo no primeiro dia, a partir das 9h, ocorre a palestra &#8220;Como nadadores experientes adaptam e ajustam a sua coordena\u00e7\u00e3o em cada um dos quatro nados: quais erros devem ser evitados&#8221;, ministrada por Didier Chollet.<\/p>\n<figure id=\"attachment_26436\" aria-describedby=\"caption-attachment-26436\" style=\"width: 595px\" class=\"wp-caption alignnone\"><img loading=\"lazy\" decoding=\"async\" class=\"wp-image-26436 size-full\" src=\"https:\/\/swimchannel.net\/br\/wp-content\/uploads\/2020\/10\/ein2020.png\" alt=\"\" width=\"595\" height=\"598\" srcset=\"https:\/\/swimchannel.net\/br\/wp-content\/uploads\/2020\/10\/ein2020.png 595w, https:\/\/swimchannel.net\/br\/wp-content\/uploads\/2020\/10\/ein2020-100x100.png 100w, https:\/\/swimchannel.net\/br\/wp-content\/uploads\/2020\/10\/ein2020-179x180.png 179w\" sizes=\"auto, (max-width: 595px) 100vw, 595px\" \/><figcaption id=\"caption-attachment-26436\" class=\"wp-caption-text\">Mesa sobre os Jogos de T\u00f3quio &#8211; Foto: Reprodu\u00e7\u00e3o<\/figcaption><\/figure>\n<p>Ao longo do dia ser\u00e3o mais 22 palestras, incluindo a mesa redonda com Gustavo Borges e convidados sobre &#8220;cen\u00e1rio da gest\u00e3o aqu\u00e1tica atual, tend\u00eancias, motiva\u00e7\u00e3o e discuss\u00e3o das opera\u00e7\u00f5es e de estrat\u00e9gias, com integrantes do Brasil, dos Estados Unidos, da Austr\u00e1lia e do M\u00e9xico: um panorama geral mundial&#8221;. O cronograma completo de palestras pode ser visto <a href=\"https:\/\/conteudo.metodologiagb.com.br\/ein-2020-grade-de-programacao?utm_campaign=ein_2020_programacao_das_palestras&amp;utm_medium=email&amp;utm_source=RD+Station\" target=\"_blank\" rel=\"noopener noreferrer\">aqui<\/a>.<\/p>\n<p>Na quarta-feira acontece uma das mesas mais esperada do encontro sobre a expectativa para os Jogos Ol\u00edmpicos de T\u00f3quio com a participa\u00e7\u00e3o de Gustavo Borges, Flavia Delaroli, William Urizzi Lima, Alberto Silva e a dupla da <strong>SWIM CHANNEL<\/strong>, Daniel Takata e Alex Pussieldi. Para mais detalhes e informa\u00e7\u00f5es acesse: <a href=\"http:\/\/conteudo.metodologiagb.com.br\/encontro-internacional-de-natacao-2020\" target=\"_blank\" rel=\"noopener noreferrer\">http:\/\/conteudo.metodologiagb.com.br\/encontro-internacional-de-natacao-2020<\/a>.<\/p>\n<p>&nbsp;<\/p>\n","protected":false},"excerpt":{"rendered":"<p>O Encontro Internacional de Nata\u00e7\u00e3o 2020 come\u00e7a amanh\u00e3 com uma programa\u00e7\u00e3o extensa, totalmente online e gratuito. Idealizado por Gustavo Borges, as palestras ter\u00e3o participa\u00e7\u00e3o de grandes profissionais da modalidade entre eles os membros da SWIM CHANNEL, Daniel Takata (redator) e Alexandre Pussieldi (colunista). O evento come\u00e7ar\u00e1 amanh\u00e3 pela manh\u00e3 e vai at\u00e9 o dia 10 [&hellip;]<\/p>\n","protected":false},"author":9,"featured_media":9257,"comment_status":"open","ping_status":"open","sticky":false,"template":"","format":"standard","meta":{"footnotes":""},"categories":[137],"tags":[2397,269,5],"class_list":["post-26424","post","type-post","status-publish","format-standard","has-post-thumbnail","hentry","category-natacao","tag-encontro-internacional-de-natacao","tag-gustavo-borges","tag-natacao"],"yoast_head":"<!-- This site is optimized with the Yoast SEO plugin v27.0 - https:\/\/yoast.com\/product\/yoast-seo-wordpress\/ -->\n<title>Encontro Internacional de Nata\u00e7\u00e3o 2020 come\u00e7a amanh\u00e3 - Swimchannel<\/title>\n<meta name=\"robots\" content=\"index, follow, max-snippet:-1, max-image-preview:large, max-video-preview:-1\" \/>\n<link rel=\"canonical\" href=\"https:\/\/swimchannel.net\/br\/encontro-internacional-de-natacao-2020-comeca-amanha\/\" \/>\n<meta property=\"og:locale\" content=\"pt_BR\" \/>\n<meta property=\"og:type\" content=\"article\" \/>\n<meta property=\"og:title\" content=\"Encontro Internacional de Nata\u00e7\u00e3o 2020 come\u00e7a amanh\u00e3 - Swimchannel\" \/>\n<meta property=\"og:description\" content=\"O Encontro Internacional de Nata\u00e7\u00e3o 2020 come\u00e7a amanh\u00e3 com uma programa\u00e7\u00e3o extensa, totalmente online e gratuito. Idealizado por Gustavo Borges, as palestras ter\u00e3o participa\u00e7\u00e3o de grandes profissionais da modalidade entre eles os membros da SWIM CHANNEL, Daniel Takata (redator) e Alexandre Pussieldi (colunista). O evento come\u00e7ar\u00e1 amanh\u00e3 pela manh\u00e3 e vai at\u00e9 o dia 10 [&hellip;]\" \/>\n<meta property=\"og:url\" content=\"https:\/\/swimchannel.net\/br\/encontro-internacional-de-natacao-2020-comeca-amanha\/\" \/>\n<meta property=\"og:site_name\" content=\"Swimchannel\" \/>\n<meta property=\"article:publisher\" content=\"https:\/\/www.facebook.com\/swimchannel\" \/>\n<meta property=\"article:published_time\" content=\"2020-10-05T18:45:52+00:00\" \/>\n<meta property=\"article:modified_time\" content=\"2020-10-05T18:54:53+00:00\" \/>\n<meta property=\"og:image\" content=\"https:\/\/swimchannel.net\/br\/wp-content\/uploads\/2018\/06\/master-capa.jpg\" \/>\n\t<meta property=\"og:image:width\" content=\"1200\" \/>\n\t<meta property=\"og:image:height\" content=\"675\" \/>\n\t<meta property=\"og:image:type\" content=\"image\/jpeg\" \/>\n<meta name=\"author\" content=\"Katarine Monteiro\" \/>\n<meta name=\"twitter:card\" content=\"summary_large_image\" \/>\n<meta name=\"twitter:creator\" content=\"@https:\/\/twitter.com\/Katarinem\" \/>\n<meta name=\"twitter:label1\" content=\"Escrito por\" \/>\n\t<meta name=\"twitter:data1\" content=\"Katarine Monteiro\" \/>\n\t<meta name=\"twitter:label2\" content=\"Est. tempo de leitura\" \/>\n\t<meta name=\"twitter:data2\" content=\"2 minutos\" \/>\n<script type=\"application\/ld+json\" class=\"yoast-schema-graph\">{\"@context\":\"https:\/\/schema.org\",\"@graph\":[{\"@type\":\"Article\",\"@id\":\"https:\/\/swimchannel.net\/br\/encontro-internacional-de-natacao-2020-comeca-amanha\/#article\",\"isPartOf\":{\"@id\":\"https:\/\/swimchannel.net\/br\/encontro-internacional-de-natacao-2020-comeca-amanha\/\"},\"author\":{\"name\":\"Katarine Monteiro\",\"@id\":\"https:\/\/swimchannel.net\/br\/#\/schema\/person\/73ae9cec62249968bca1f0a8098ef002\"},\"headline\":\"Encontro Internacional de Nata\u00e7\u00e3o 2020 come\u00e7a amanh\u00e3\",\"datePublished\":\"2020-10-05T18:45:52+00:00\",\"dateModified\":\"2020-10-05T18:54:53+00:00\",\"mainEntityOfPage\":{\"@id\":\"https:\/\/swimchannel.net\/br\/encontro-internacional-de-natacao-2020-comeca-amanha\/\"},\"wordCount\":403,\"commentCount\":0,\"publisher\":{\"@id\":\"https:\/\/swimchannel.net\/br\/#organization\"},\"image\":{\"@id\":\"https:\/\/swimchannel.net\/br\/encontro-internacional-de-natacao-2020-comeca-amanha\/#primaryimage\"},\"thumbnailUrl\":\"https:\/\/swimchannel.net\/br\/wp-content\/uploads\/2018\/06\/master-capa.jpg\",\"keywords\":[\"Encontro Internacional de Nata\u00e7\u00e3o\",\"Gustavo Borges\",\"natacao\"],\"articleSection\":[\"Nata\u00e7\u00e3o\"],\"inLanguage\":\"pt-BR\",\"potentialAction\":[{\"@type\":\"CommentAction\",\"name\":\"Comment\",\"target\":[\"https:\/\/swimchannel.net\/br\/encontro-internacional-de-natacao-2020-comeca-amanha\/#respond\"]}]},{\"@type\":\"WebPage\",\"@id\":\"https:\/\/swimchannel.net\/br\/encontro-internacional-de-natacao-2020-comeca-amanha\/\",\"url\":\"https:\/\/swimchannel.net\/br\/encontro-internacional-de-natacao-2020-comeca-amanha\/\",\"name\":\"Encontro Internacional de Nata\u00e7\u00e3o 2020 come\u00e7a amanh\u00e3 - Swimchannel\",\"isPartOf\":{\"@id\":\"https:\/\/swimchannel.net\/br\/#website\"},\"primaryImageOfPage\":{\"@id\":\"https:\/\/swimchannel.net\/br\/encontro-internacional-de-natacao-2020-comeca-amanha\/#primaryimage\"},\"image\":{\"@id\":\"https:\/\/swimchannel.net\/br\/encontro-internacional-de-natacao-2020-comeca-amanha\/#primaryimage\"},\"thumbnailUrl\":\"https:\/\/swimchannel.net\/br\/wp-content\/uploads\/2018\/06\/master-capa.jpg\",\"datePublished\":\"2020-10-05T18:45:52+00:00\",\"dateModified\":\"2020-10-05T18:54:53+00:00\",\"breadcrumb\":{\"@id\":\"https:\/\/swimchannel.net\/br\/encontro-internacional-de-natacao-2020-comeca-amanha\/#breadcrumb\"},\"inLanguage\":\"pt-BR\",\"potentialAction\":[{\"@type\":\"ReadAction\",\"target\":[\"https:\/\/swimchannel.net\/br\/encontro-internacional-de-natacao-2020-comeca-amanha\/\"]}]},{\"@type\":\"ImageObject\",\"inLanguage\":\"pt-BR\",\"@id\":\"https:\/\/swimchannel.net\/br\/encontro-internacional-de-natacao-2020-comeca-amanha\/#primaryimage\",\"url\":\"https:\/\/swimchannel.net\/br\/wp-content\/uploads\/2018\/06\/master-capa.jpg\",\"contentUrl\":\"https:\/\/swimchannel.net\/br\/wp-content\/uploads\/2018\/06\/master-capa.jpg\",\"width\":1200,\"height\":675},{\"@type\":\"BreadcrumbList\",\"@id\":\"https:\/\/swimchannel.net\/br\/encontro-internacional-de-natacao-2020-comeca-amanha\/#breadcrumb\",\"itemListElement\":[{\"@type\":\"ListItem\",\"position\":1,\"name\":\"Home\",\"item\":\"https:\/\/swimchannel.net\/br\/\"},{\"@type\":\"ListItem\",\"position\":2,\"name\":\"Encontro Internacional de Nata\u00e7\u00e3o 2020 come\u00e7a amanh\u00e3\"}]},{\"@type\":\"WebSite\",\"@id\":\"https:\/\/swimchannel.net\/br\/#website\",\"url\":\"https:\/\/swimchannel.net\/br\/\",\"name\":\"Swimchannel\",\"description\":\"Maior portal de nata\u00e7\u00e3o da america latina\",\"publisher\":{\"@id\":\"https:\/\/swimchannel.net\/br\/#organization\"},\"potentialAction\":[{\"@type\":\"SearchAction\",\"target\":{\"@type\":\"EntryPoint\",\"urlTemplate\":\"https:\/\/swimchannel.net\/br\/?s={search_term_string}\"},\"query-input\":{\"@type\":\"PropertyValueSpecification\",\"valueRequired\":true,\"valueName\":\"search_term_string\"}}],\"inLanguage\":\"pt-BR\"},{\"@type\":\"Organization\",\"@id\":\"https:\/\/swimchannel.net\/br\/#organization\",\"name\":\"Swimchannel - Conectando voc\u00ea a Nata\u00e7\u00e3o\",\"url\":\"https:\/\/swimchannel.net\/br\/\",\"logo\":{\"@type\":\"ImageObject\",\"inLanguage\":\"pt-BR\",\"@id\":\"https:\/\/swimchannel.net\/br\/#\/schema\/logo\/image\/\",\"url\":\"https:\/\/swimchannel.net\/br\/wp-content\/uploads\/2026\/02\/SWIM-CHANNEL.png\",\"contentUrl\":\"https:\/\/swimchannel.net\/br\/wp-content\/uploads\/2026\/02\/SWIM-CHANNEL.png\",\"width\":1120,\"height\":630,\"caption\":\"Swimchannel - Conectando voc\u00ea a Nata\u00e7\u00e3o\"},\"image\":{\"@id\":\"https:\/\/swimchannel.net\/br\/#\/schema\/logo\/image\/\"},\"sameAs\":[\"https:\/\/www.facebook.com\/swimchannel\",\"https:\/\/www.instagram.com\/swimchannel\"]},{\"@type\":\"Person\",\"@id\":\"https:\/\/swimchannel.net\/br\/#\/schema\/person\/73ae9cec62249968bca1f0a8098ef002\",\"name\":\"Katarine Monteiro\",\"image\":{\"@type\":\"ImageObject\",\"inLanguage\":\"pt-BR\",\"@id\":\"https:\/\/swimchannel.net\/br\/#\/schema\/person\/image\/\",\"url\":\"https:\/\/swimchannel.net\/br\/wp-content\/uploads\/2022\/01\/Katarine-Monteiro-100x100.jpg\",\"contentUrl\":\"https:\/\/swimchannel.net\/br\/wp-content\/uploads\/2022\/01\/Katarine-Monteiro-100x100.jpg\",\"caption\":\"Katarine Monteiro\"},\"description\":\"Jornalista SWIM CHANNEL especializada em esportes ol\u00edmpicos e em sa\u00fade. Com cobertura de grandes eventos internacionais, como Jogos Ol\u00edmpicos Rio 2016, Jogos Pan-Americanos em Lima 2019, Qatar Total Open 2020, Qatar ExxonMobil Open 2019 - t\u00eanis em Doha (QT), Semana Internacional de Vela de Ilhabela, Transat Jacques Vabre 2019 (Fran\u00e7a-Brasil), L'\u00c9tape Brasil by Tour de France, j\u00e1 fez in\u00fameras coberturas de nata\u00e7\u00e3o, maratona aqu\u00e1tica e polo aqu\u00e1tico. Formada tamb\u00e9m em Letras, a jornalista atua como assessora de imprensa, rela\u00e7\u00f5es p\u00fablicas e social media, com especializa\u00e7\u00e3o em marketing esportivo. Nadadora amadora de \u00e1guas abertas, j\u00e1 trabalhou com grandes nomes da nata\u00e7\u00e3o e do polo aqu\u00e1tico brasileiro.\",\"sameAs\":[\"https:\/\/www.instagram.com\/_katarinemonteiro\/\",\"https:\/\/www.linkedin.com\/in\/katarine-monteiro-19385297\/\",\"https:\/\/x.com\/https:\/\/twitter.com\/Katarinem\"],\"url\":\"https:\/\/swimchannel.net\/br\/author\/katarine-monteiro\/\"}]}<\/script>\n<!-- \/ Yoast SEO plugin. -->","yoast_head_json":{"title":"Encontro Internacional de Nata\u00e7\u00e3o 2020 come\u00e7a amanh\u00e3 - Swimchannel","robots":{"index":"index","follow":"follow","max-snippet":"max-snippet:-1","max-image-preview":"max-image-preview:large","max-video-preview":"max-video-preview:-1"},"canonical":"https:\/\/swimchannel.net\/br\/encontro-internacional-de-natacao-2020-comeca-amanha\/","og_locale":"pt_BR","og_type":"article","og_title":"Encontro Internacional de Nata\u00e7\u00e3o 2020 come\u00e7a amanh\u00e3 - Swimchannel","og_description":"O Encontro Internacional de Nata\u00e7\u00e3o 2020 come\u00e7a amanh\u00e3 com uma programa\u00e7\u00e3o extensa, totalmente online e gratuito. Idealizado por Gustavo Borges, as palestras ter\u00e3o participa\u00e7\u00e3o de grandes profissionais da modalidade entre eles os membros da SWIM CHANNEL, Daniel Takata (redator) e Alexandre Pussieldi (colunista). O evento come\u00e7ar\u00e1 amanh\u00e3 pela manh\u00e3 e vai at\u00e9 o dia 10 [&hellip;]","og_url":"https:\/\/swimchannel.net\/br\/encontro-internacional-de-natacao-2020-comeca-amanha\/","og_site_name":"Swimchannel","article_publisher":"https:\/\/www.facebook.com\/swimchannel","article_published_time":"2020-10-05T18:45:52+00:00","article_modified_time":"2020-10-05T18:54:53+00:00","og_image":[{"width":1200,"height":675,"url":"https:\/\/swimchannel.net\/br\/wp-content\/uploads\/2018\/06\/master-capa.jpg","type":"image\/jpeg"}],"author":"Katarine Monteiro","twitter_card":"summary_large_image","twitter_creator":"@https:\/\/twitter.com\/Katarinem","twitter_misc":{"Escrito por":"Katarine Monteiro","Est. tempo de leitura":"2 minutos"},"schema":{"@context":"https:\/\/schema.org","@graph":[{"@type":"Article","@id":"https:\/\/swimchannel.net\/br\/encontro-internacional-de-natacao-2020-comeca-amanha\/#article","isPartOf":{"@id":"https:\/\/swimchannel.net\/br\/encontro-internacional-de-natacao-2020-comeca-amanha\/"},"author":{"name":"Katarine Monteiro","@id":"https:\/\/swimchannel.net\/br\/#\/schema\/person\/73ae9cec62249968bca1f0a8098ef002"},"headline":"Encontro Internacional de Nata\u00e7\u00e3o 2020 come\u00e7a amanh\u00e3","datePublished":"2020-10-05T18:45:52+00:00","dateModified":"2020-10-05T18:54:53+00:00","mainEntityOfPage":{"@id":"https:\/\/swimchannel.net\/br\/encontro-internacional-de-natacao-2020-comeca-amanha\/"},"wordCount":403,"commentCount":0,"publisher":{"@id":"https:\/\/swimchannel.net\/br\/#organization"},"image":{"@id":"https:\/\/swimchannel.net\/br\/encontro-internacional-de-natacao-2020-comeca-amanha\/#primaryimage"},"thumbnailUrl":"https:\/\/swimchannel.net\/br\/wp-content\/uploads\/2018\/06\/master-capa.jpg","keywords":["Encontro Internacional de Nata\u00e7\u00e3o","Gustavo Borges","natacao"],"articleSection":["Nata\u00e7\u00e3o"],"inLanguage":"pt-BR","potentialAction":[{"@type":"CommentAction","name":"Comment","target":["https:\/\/swimchannel.net\/br\/encontro-internacional-de-natacao-2020-comeca-amanha\/#respond"]}]},{"@type":"WebPage","@id":"https:\/\/swimchannel.net\/br\/encontro-internacional-de-natacao-2020-comeca-amanha\/","url":"https:\/\/swimchannel.net\/br\/encontro-internacional-de-natacao-2020-comeca-amanha\/","name":"Encontro Internacional de Nata\u00e7\u00e3o 2020 come\u00e7a amanh\u00e3 - Swimchannel","isPartOf":{"@id":"https:\/\/swimchannel.net\/br\/#website"},"primaryImageOfPage":{"@id":"https:\/\/swimchannel.net\/br\/encontro-internacional-de-natacao-2020-comeca-amanha\/#primaryimage"},"image":{"@id":"https:\/\/swimchannel.net\/br\/encontro-internacional-de-natacao-2020-comeca-amanha\/#primaryimage"},"thumbnailUrl":"https:\/\/swimchannel.net\/br\/wp-content\/uploads\/2018\/06\/master-capa.jpg","datePublished":"2020-10-05T18:45:52+00:00","dateModified":"2020-10-05T18:54:53+00:00","breadcrumb":{"@id":"https:\/\/swimchannel.net\/br\/encontro-internacional-de-natacao-2020-comeca-amanha\/#breadcrumb"},"inLanguage":"pt-BR","potentialAction":[{"@type":"ReadAction","target":["https:\/\/swimchannel.net\/br\/encontro-internacional-de-natacao-2020-comeca-amanha\/"]}]},{"@type":"ImageObject","inLanguage":"pt-BR","@id":"https:\/\/swimchannel.net\/br\/encontro-internacional-de-natacao-2020-comeca-amanha\/#primaryimage","url":"https:\/\/swimchannel.net\/br\/wp-content\/uploads\/2018\/06\/master-capa.jpg","contentUrl":"https:\/\/swimchannel.net\/br\/wp-content\/uploads\/2018\/06\/master-capa.jpg","width":1200,"height":675},{"@type":"BreadcrumbList","@id":"https:\/\/swimchannel.net\/br\/encontro-internacional-de-natacao-2020-comeca-amanha\/#breadcrumb","itemListElement":[{"@type":"ListItem","position":1,"name":"Home","item":"https:\/\/swimchannel.net\/br\/"},{"@type":"ListItem","position":2,"name":"Encontro Internacional de Nata\u00e7\u00e3o 2020 come\u00e7a amanh\u00e3"}]},{"@type":"WebSite","@id":"https:\/\/swimchannel.net\/br\/#website","url":"https:\/\/swimchannel.net\/br\/","name":"Swimchannel","description":"Maior portal de nata\u00e7\u00e3o da america latina","publisher":{"@id":"https:\/\/swimchannel.net\/br\/#organization"},"potentialAction":[{"@type":"SearchAction","target":{"@type":"EntryPoint","urlTemplate":"https:\/\/swimchannel.net\/br\/?s={search_term_string}"},"query-input":{"@type":"PropertyValueSpecification","valueRequired":true,"valueName":"search_term_string"}}],"inLanguage":"pt-BR"},{"@type":"Organization","@id":"https:\/\/swimchannel.net\/br\/#organization","name":"Swimchannel - Conectando voc\u00ea a Nata\u00e7\u00e3o","url":"https:\/\/swimchannel.net\/br\/","logo":{"@type":"ImageObject","inLanguage":"pt-BR","@id":"https:\/\/swimchannel.net\/br\/#\/schema\/logo\/image\/","url":"https:\/\/swimchannel.net\/br\/wp-content\/uploads\/2026\/02\/SWIM-CHANNEL.png","contentUrl":"https:\/\/swimchannel.net\/br\/wp-content\/uploads\/2026\/02\/SWIM-CHANNEL.png","width":1120,"height":630,"caption":"Swimchannel - Conectando voc\u00ea a Nata\u00e7\u00e3o"},"image":{"@id":"https:\/\/swimchannel.net\/br\/#\/schema\/logo\/image\/"},"sameAs":["https:\/\/www.facebook.com\/swimchannel","https:\/\/www.instagram.com\/swimchannel"]},{"@type":"Person","@id":"https:\/\/swimchannel.net\/br\/#\/schema\/person\/73ae9cec62249968bca1f0a8098ef002","name":"Katarine Monteiro","image":{"@type":"ImageObject","inLanguage":"pt-BR","@id":"https:\/\/swimchannel.net\/br\/#\/schema\/person\/image\/","url":"https:\/\/swimchannel.net\/br\/wp-content\/uploads\/2022\/01\/Katarine-Monteiro-100x100.jpg","contentUrl":"https:\/\/swimchannel.net\/br\/wp-content\/uploads\/2022\/01\/Katarine-Monteiro-100x100.jpg","caption":"Katarine Monteiro"},"description":"Jornalista SWIM CHANNEL especializada em esportes ol\u00edmpicos e em sa\u00fade. Com cobertura de grandes eventos internacionais, como Jogos Ol\u00edmpicos Rio 2016, Jogos Pan-Americanos em Lima 2019, Qatar Total Open 2020, Qatar ExxonMobil Open 2019 - t\u00eanis em Doha (QT), Semana Internacional de Vela de Ilhabela, Transat Jacques Vabre 2019 (Fran\u00e7a-Brasil), L'\u00c9tape Brasil by Tour de France, j\u00e1 fez in\u00fameras coberturas de nata\u00e7\u00e3o, maratona aqu\u00e1tica e polo aqu\u00e1tico. Formada tamb\u00e9m em Letras, a jornalista atua como assessora de imprensa, rela\u00e7\u00f5es p\u00fablicas e social media, com especializa\u00e7\u00e3o em marketing esportivo. Nadadora amadora de \u00e1guas abertas, j\u00e1 trabalhou com grandes nomes da nata\u00e7\u00e3o e do polo aqu\u00e1tico brasileiro.","sameAs":["https:\/\/www.instagram.com\/_katarinemonteiro\/","https:\/\/www.linkedin.com\/in\/katarine-monteiro-19385297\/","https:\/\/x.com\/https:\/\/twitter.com\/Katarinem"],"url":"https:\/\/swimchannel.net\/br\/author\/katarine-monteiro\/"}]}},"_links":{"self":[{"href":"https:\/\/swimchannel.net\/br\/wp-json\/wp\/v2\/posts\/26424","targetHints":{"allow":["GET"]}}],"collection":[{"href":"https:\/\/swimchannel.net\/br\/wp-json\/wp\/v2\/posts"}],"about":[{"href":"https:\/\/swimchannel.net\/br\/wp-json\/wp\/v2\/types\/post"}],"author":[{"embeddable":true,"href":"https:\/\/swimchannel.net\/br\/wp-json\/wp\/v2\/users\/9"}],"replies":[{"embeddable":true,"href":"https:\/\/swimchannel.net\/br\/wp-json\/wp\/v2\/comments?post=26424"}],"version-history":[{"count":0,"href":"https:\/\/swimchannel.net\/br\/wp-json\/wp\/v2\/posts\/26424\/revisions"}],"wp:featuredmedia":[{"embeddable":true,"href":"https:\/\/swimchannel.net\/br\/wp-json\/wp\/v2\/media\/9257"}],"wp:attachment":[{"href":"https:\/\/swimchannel.net\/br\/wp-json\/wp\/v2\/media?parent=26424"}],"wp:term":[{"taxonomy":"category","embeddable":true,"href":"https:\/\/swimchannel.net\/br\/wp-json\/wp\/v2\/categories?post=26424"},{"taxonomy":"post_tag","embeddable":true,"href":"https:\/\/swimchannel.net\/br\/wp-json\/wp\/v2\/tags?post=26424"}],"curies":[{"name":"wp","href":"https:\/\/api.w.org\/{rel}","templated":true}]}}