{"id":26439,"date":"2020-10-05T16:41:47","date_gmt":"2020-10-05T19:41:47","guid":{"rendered":"https:\/\/swimchannel.net\/br\/?p=26439"},"modified":"2020-10-05T16:43:16","modified_gmt":"2020-10-05T19:43:16","slug":"circuito-mares-lanca-de-calendario-2021","status":"publish","type":"post","link":"https:\/\/swimchannel.net\/br\/circuito-mares-lanca-de-calendario-2021\/","title":{"rendered":"Circuito Mares lan\u00e7a de calend\u00e1rio 2021"},"content":{"rendered":"<p>Mais um grande circuito de \u00e1guas abertas anunciou a sua programa\u00e7\u00e3o para a temporada 2021. Trata-se do Circuito Mares que lan\u00e7ou hoje em suas redes sociais as datas para as cinco etapas do ano que vem do circuito. Devido a pandemia do COVID-19, que afetou todo o calend\u00e1rio de eventos esportivos em 2020, a competi\u00e7\u00e3o teve que cancelar quase todos os seus desafios em 2020. A \u00fanica etapa que ser\u00e1 realizada este ano ser\u00e1 dia 6 de dezembro no Guaruj\u00e1.<\/p>\n<p>Para o ano que vem o Circuito Mares reservou as seguintes datas e praias: dia 21 de fevereiro na Praia Toque Toque Pequeno em S\u00e3o Sebasti\u00e3o, dia 25 de abril na Praia da Enseada em Ubatuba, dia 20 de junho na Praia do Perequ\u00ea em Ilhabela, dia 26 de setembro na Praia da Enseada no Guaruj\u00e1 e dia 28 de novembro na Praia da Cocanha em Caraguatatuba.<\/p>\n<figure id=\"attachment_26442\" aria-describedby=\"caption-attachment-26442\" style=\"width: 800px\" class=\"wp-caption alignnone\"><img loading=\"lazy\" decoding=\"async\" class=\"wp-image-26442 size-large\" src=\"https:\/\/swimchannel.net\/br\/wp-content\/uploads\/2020\/10\/WhatsApp-Image-2020-10-05-at-16.04.36-800x800.jpeg\" alt=\"\" width=\"800\" height=\"800\" srcset=\"https:\/\/swimchannel.net\/br\/wp-content\/uploads\/2020\/10\/WhatsApp-Image-2020-10-05-at-16.04.36-800x800.jpeg 800w, https:\/\/swimchannel.net\/br\/wp-content\/uploads\/2020\/10\/WhatsApp-Image-2020-10-05-at-16.04.36-300x300.jpeg 300w, https:\/\/swimchannel.net\/br\/wp-content\/uploads\/2020\/10\/WhatsApp-Image-2020-10-05-at-16.04.36-100x100.jpeg 100w, https:\/\/swimchannel.net\/br\/wp-content\/uploads\/2020\/10\/WhatsApp-Image-2020-10-05-at-16.04.36-600x600.jpeg 600w, https:\/\/swimchannel.net\/br\/wp-content\/uploads\/2020\/10\/WhatsApp-Image-2020-10-05-at-16.04.36-675x675.jpeg 675w, https:\/\/swimchannel.net\/br\/wp-content\/uploads\/2020\/10\/WhatsApp-Image-2020-10-05-at-16.04.36-180x180.jpeg 180w, https:\/\/swimchannel.net\/br\/wp-content\/uploads\/2020\/10\/WhatsApp-Image-2020-10-05-at-16.04.36-768x768.jpeg 768w, https:\/\/swimchannel.net\/br\/wp-content\/uploads\/2020\/10\/WhatsApp-Image-2020-10-05-at-16.04.36-400x400.jpeg 400w, https:\/\/swimchannel.net\/br\/wp-content\/uploads\/2020\/10\/WhatsApp-Image-2020-10-05-at-16.04.36.jpeg 1080w\" sizes=\"auto, (max-width: 800px) 100vw, 800px\" \/><figcaption id=\"caption-attachment-26442\" class=\"wp-caption-text\">Calend\u00e1rio 2021 do Circuito Mares &#8211; Foto: Reprodu\u00e7\u00e3o<\/figcaption><\/figure>\n<p>Em franca evolu\u00e7\u00e3o no n\u00famero de participantes ao longo das \u00faltimas temporadas, o Circuito Mares costuma oferecer em suas etapas at\u00e9 quatro dist\u00e2ncias de \u00e1guas abertas: start de 500m, short de 1 km, marathon de 2,5 km e challenge de 5 km, al\u00e9m de provas de aquathlon e corrida. Os atletas que se inscrever\u00e3o para alguma etapa que foi cancelada este ano devido ao COVID-19 ter\u00e3o cr\u00e9dito para ser utilizado nas etapas de 2021.<\/p>\n<p>Em breve o Circuito Mares ir\u00e1 divulgar mais detalhes sobre as competi\u00e7\u00f5es do ano que vem. As inscri\u00e7\u00f5es para a \u00fanica prova que ser\u00e1 disputada este ano no Guaruj\u00e1 seguem abertas e podem ser feitas aqui: <a href=\"https:\/\/www.circuitomares.com.br\/guaruja20\" target=\"_blank\" rel=\"noopener noreferrer\">circuitomares.com.br\/guaruja20<\/a>. E para conferir as provas j\u00e1 confirmadas da temporada 2021 de \u00e1guas abertas <a href=\"https:\/\/swimchannel.net\/br\/calendario-provas\/calendario-de-provas-2021\/\" target=\"_blank\" rel=\"noopener noreferrer\">clique aqui<\/a>.<\/p>\n","protected":false},"excerpt":{"rendered":"<p>Mais um grande circuito de \u00e1guas abertas anunciou a sua programa\u00e7\u00e3o para a temporada 2021. Trata-se do Circuito Mares que lan\u00e7ou hoje em suas redes sociais as datas para as cinco etapas do ano que vem do circuito. Devido a pandemia do COVID-19, que afetou todo o calend\u00e1rio de eventos esportivos em 2020, a competi\u00e7\u00e3o [&hellip;]<\/p>\n","protected":false},"author":3,"featured_media":21921,"comment_status":"open","ping_status":"open","sticky":false,"template":"","format":"standard","meta":{"footnotes":""},"categories":[1],"tags":[14,2092,340,5],"class_list":["post-26439","post","type-post","status-publish","format-standard","has-post-thumbnail","hentry","category-sem-categoria","tag-aguas-abertas","tag-calendario-de-provas","tag-circuito-mares","tag-natacao"],"yoast_head":"<!-- This site is optimized with the Yoast SEO plugin v27.0 - https:\/\/yoast.com\/product\/yoast-seo-wordpress\/ -->\n<title>Circuito Mares lan\u00e7a de calend\u00e1rio 2021 - Swimchannel<\/title>\n<meta name=\"robots\" content=\"index, follow, max-snippet:-1, max-image-preview:large, max-video-preview:-1\" \/>\n<link rel=\"canonical\" href=\"https:\/\/swimchannel.net\/br\/circuito-mares-lanca-de-calendario-2021\/\" \/>\n<meta property=\"og:locale\" content=\"pt_BR\" \/>\n<meta property=\"og:type\" content=\"article\" \/>\n<meta property=\"og:title\" content=\"Circuito Mares lan\u00e7a de calend\u00e1rio 2021 - Swimchannel\" \/>\n<meta property=\"og:description\" content=\"Mais um grande circuito de \u00e1guas abertas anunciou a sua programa\u00e7\u00e3o para a temporada 2021. Trata-se do Circuito Mares que lan\u00e7ou hoje em suas redes sociais as datas para as cinco etapas do ano que vem do circuito. Devido a pandemia do COVID-19, que afetou todo o calend\u00e1rio de eventos esportivos em 2020, a competi\u00e7\u00e3o [&hellip;]\" \/>\n<meta property=\"og:url\" content=\"https:\/\/swimchannel.net\/br\/circuito-mares-lanca-de-calendario-2021\/\" \/>\n<meta property=\"og:site_name\" content=\"Swimchannel\" \/>\n<meta property=\"article:publisher\" content=\"https:\/\/www.facebook.com\/swimchannel\" \/>\n<meta property=\"article:published_time\" content=\"2020-10-05T19:41:47+00:00\" \/>\n<meta property=\"article:modified_time\" content=\"2020-10-05T19:43:16+00:00\" \/>\n<meta property=\"og:image\" content=\"https:\/\/swimchannel.net\/br\/wp-content\/uploads\/2020\/01\/mares-capa2.jpg\" \/>\n\t<meta property=\"og:image:width\" content=\"1200\" \/>\n\t<meta property=\"og:image:height\" content=\"675\" \/>\n\t<meta property=\"og:image:type\" content=\"image\/jpeg\" \/>\n<meta name=\"author\" content=\"Guilherme Freitas\" \/>\n<meta name=\"twitter:card\" content=\"summary_large_image\" \/>\n<meta name=\"twitter:label1\" content=\"Escrito por\" \/>\n\t<meta name=\"twitter:data1\" content=\"Guilherme Freitas\" \/>\n\t<meta name=\"twitter:label2\" content=\"Est. tempo de leitura\" \/>\n\t<meta name=\"twitter:data2\" content=\"1 minuto\" \/>\n<script type=\"application\/ld+json\" class=\"yoast-schema-graph\">{\"@context\":\"https:\/\/schema.org\",\"@graph\":[{\"@type\":\"Article\",\"@id\":\"https:\/\/swimchannel.net\/br\/circuito-mares-lanca-de-calendario-2021\/#article\",\"isPartOf\":{\"@id\":\"https:\/\/swimchannel.net\/br\/circuito-mares-lanca-de-calendario-2021\/\"},\"author\":{\"name\":\"Guilherme Freitas\",\"@id\":\"https:\/\/swimchannel.net\/br\/#\/schema\/person\/aa2a63bab3275f53749a83276b213c48\"},\"headline\":\"Circuito Mares lan\u00e7a de calend\u00e1rio 2021\",\"datePublished\":\"2020-10-05T19:41:47+00:00\",\"dateModified\":\"2020-10-05T19:43:16+00:00\",\"mainEntityOfPage\":{\"@id\":\"https:\/\/swimchannel.net\/br\/circuito-mares-lanca-de-calendario-2021\/\"},\"wordCount\":300,\"commentCount\":0,\"publisher\":{\"@id\":\"https:\/\/swimchannel.net\/br\/#organization\"},\"image\":{\"@id\":\"https:\/\/swimchannel.net\/br\/circuito-mares-lanca-de-calendario-2021\/#primaryimage\"},\"thumbnailUrl\":\"https:\/\/swimchannel.net\/br\/wp-content\/uploads\/2020\/01\/mares-capa2.jpg\",\"keywords\":[\"\u00c1guas abertas\",\"calend\u00e1rio de provas\",\"Circuito Mares\",\"natacao\"],\"inLanguage\":\"pt-BR\",\"potentialAction\":[{\"@type\":\"CommentAction\",\"name\":\"Comment\",\"target\":[\"https:\/\/swimchannel.net\/br\/circuito-mares-lanca-de-calendario-2021\/#respond\"]}]},{\"@type\":\"WebPage\",\"@id\":\"https:\/\/swimchannel.net\/br\/circuito-mares-lanca-de-calendario-2021\/\",\"url\":\"https:\/\/swimchannel.net\/br\/circuito-mares-lanca-de-calendario-2021\/\",\"name\":\"Circuito Mares lan\u00e7a de calend\u00e1rio 2021 - Swimchannel\",\"isPartOf\":{\"@id\":\"https:\/\/swimchannel.net\/br\/#website\"},\"primaryImageOfPage\":{\"@id\":\"https:\/\/swimchannel.net\/br\/circuito-mares-lanca-de-calendario-2021\/#primaryimage\"},\"image\":{\"@id\":\"https:\/\/swimchannel.net\/br\/circuito-mares-lanca-de-calendario-2021\/#primaryimage\"},\"thumbnailUrl\":\"https:\/\/swimchannel.net\/br\/wp-content\/uploads\/2020\/01\/mares-capa2.jpg\",\"datePublished\":\"2020-10-05T19:41:47+00:00\",\"dateModified\":\"2020-10-05T19:43:16+00:00\",\"breadcrumb\":{\"@id\":\"https:\/\/swimchannel.net\/br\/circuito-mares-lanca-de-calendario-2021\/#breadcrumb\"},\"inLanguage\":\"pt-BR\",\"potentialAction\":[{\"@type\":\"ReadAction\",\"target\":[\"https:\/\/swimchannel.net\/br\/circuito-mares-lanca-de-calendario-2021\/\"]}]},{\"@type\":\"ImageObject\",\"inLanguage\":\"pt-BR\",\"@id\":\"https:\/\/swimchannel.net\/br\/circuito-mares-lanca-de-calendario-2021\/#primaryimage\",\"url\":\"https:\/\/swimchannel.net\/br\/wp-content\/uploads\/2020\/01\/mares-capa2.jpg\",\"contentUrl\":\"https:\/\/swimchannel.net\/br\/wp-content\/uploads\/2020\/01\/mares-capa2.jpg\",\"width\":1200,\"height\":675,\"caption\":\"Circuito Mares - Foto: Divulga\u00e7\u00e3o\"},{\"@type\":\"BreadcrumbList\",\"@id\":\"https:\/\/swimchannel.net\/br\/circuito-mares-lanca-de-calendario-2021\/#breadcrumb\",\"itemListElement\":[{\"@type\":\"ListItem\",\"position\":1,\"name\":\"Home\",\"item\":\"https:\/\/swimchannel.net\/br\/\"},{\"@type\":\"ListItem\",\"position\":2,\"name\":\"Circuito Mares lan\u00e7a de calend\u00e1rio 2021\"}]},{\"@type\":\"WebSite\",\"@id\":\"https:\/\/swimchannel.net\/br\/#website\",\"url\":\"https:\/\/swimchannel.net\/br\/\",\"name\":\"Swimchannel\",\"description\":\"Maior portal de nata\u00e7\u00e3o da america latina\",\"publisher\":{\"@id\":\"https:\/\/swimchannel.net\/br\/#organization\"},\"potentialAction\":[{\"@type\":\"SearchAction\",\"target\":{\"@type\":\"EntryPoint\",\"urlTemplate\":\"https:\/\/swimchannel.net\/br\/?s={search_term_string}\"},\"query-input\":{\"@type\":\"PropertyValueSpecification\",\"valueRequired\":true,\"valueName\":\"search_term_string\"}}],\"inLanguage\":\"pt-BR\"},{\"@type\":\"Organization\",\"@id\":\"https:\/\/swimchannel.net\/br\/#organization\",\"name\":\"Swimchannel - Conectando voc\u00ea a Nata\u00e7\u00e3o\",\"url\":\"https:\/\/swimchannel.net\/br\/\",\"logo\":{\"@type\":\"ImageObject\",\"inLanguage\":\"pt-BR\",\"@id\":\"https:\/\/swimchannel.net\/br\/#\/schema\/logo\/image\/\",\"url\":\"https:\/\/swimchannel.net\/br\/wp-content\/uploads\/2026\/02\/SWIM-CHANNEL.png\",\"contentUrl\":\"https:\/\/swimchannel.net\/br\/wp-content\/uploads\/2026\/02\/SWIM-CHANNEL.png\",\"width\":1120,\"height\":630,\"caption\":\"Swimchannel - Conectando voc\u00ea a Nata\u00e7\u00e3o\"},\"image\":{\"@id\":\"https:\/\/swimchannel.net\/br\/#\/schema\/logo\/image\/\"},\"sameAs\":[\"https:\/\/www.facebook.com\/swimchannel\",\"https:\/\/www.instagram.com\/swimchannel\"]},{\"@type\":\"Person\",\"@id\":\"https:\/\/swimchannel.net\/br\/#\/schema\/person\/aa2a63bab3275f53749a83276b213c48\",\"name\":\"Guilherme Freitas\",\"image\":{\"@type\":\"ImageObject\",\"inLanguage\":\"pt-BR\",\"@id\":\"https:\/\/swimchannel.net\/br\/#\/schema\/person\/image\/\",\"url\":\"https:\/\/swimchannel.net\/br\/wp-content\/uploads\/2025\/10\/gui22-193x180.png\",\"contentUrl\":\"https:\/\/swimchannel.net\/br\/wp-content\/uploads\/2025\/10\/gui22-193x180.png\",\"caption\":\"Guilherme Freitas\"},\"description\":\"Jornalista s\u00eanior da SWIM CHANNEL, ex-correspondente da FINA no Brasil e pesquisador acad\u00eamico.\",\"sameAs\":[\"instagram.com\/guifreitas86\"],\"url\":\"https:\/\/swimchannel.net\/br\/author\/guilherme-freitas\/\"}]}<\/script>\n<!-- \/ Yoast SEO plugin. -->","yoast_head_json":{"title":"Circuito Mares lan\u00e7a de calend\u00e1rio 2021 - Swimchannel","robots":{"index":"index","follow":"follow","max-snippet":"max-snippet:-1","max-image-preview":"max-image-preview:large","max-video-preview":"max-video-preview:-1"},"canonical":"https:\/\/swimchannel.net\/br\/circuito-mares-lanca-de-calendario-2021\/","og_locale":"pt_BR","og_type":"article","og_title":"Circuito Mares lan\u00e7a de calend\u00e1rio 2021 - Swimchannel","og_description":"Mais um grande circuito de \u00e1guas abertas anunciou a sua programa\u00e7\u00e3o para a temporada 2021. Trata-se do Circuito Mares que lan\u00e7ou hoje em suas redes sociais as datas para as cinco etapas do ano que vem do circuito. Devido a pandemia do COVID-19, que afetou todo o calend\u00e1rio de eventos esportivos em 2020, a competi\u00e7\u00e3o [&hellip;]","og_url":"https:\/\/swimchannel.net\/br\/circuito-mares-lanca-de-calendario-2021\/","og_site_name":"Swimchannel","article_publisher":"https:\/\/www.facebook.com\/swimchannel","article_published_time":"2020-10-05T19:41:47+00:00","article_modified_time":"2020-10-05T19:43:16+00:00","og_image":[{"width":1200,"height":675,"url":"https:\/\/swimchannel.net\/br\/wp-content\/uploads\/2020\/01\/mares-capa2.jpg","type":"image\/jpeg"}],"author":"Guilherme Freitas","twitter_card":"summary_large_image","twitter_misc":{"Escrito por":"Guilherme Freitas","Est. tempo de leitura":"1 minuto"},"schema":{"@context":"https:\/\/schema.org","@graph":[{"@type":"Article","@id":"https:\/\/swimchannel.net\/br\/circuito-mares-lanca-de-calendario-2021\/#article","isPartOf":{"@id":"https:\/\/swimchannel.net\/br\/circuito-mares-lanca-de-calendario-2021\/"},"author":{"name":"Guilherme Freitas","@id":"https:\/\/swimchannel.net\/br\/#\/schema\/person\/aa2a63bab3275f53749a83276b213c48"},"headline":"Circuito Mares lan\u00e7a de calend\u00e1rio 2021","datePublished":"2020-10-05T19:41:47+00:00","dateModified":"2020-10-05T19:43:16+00:00","mainEntityOfPage":{"@id":"https:\/\/swimchannel.net\/br\/circuito-mares-lanca-de-calendario-2021\/"},"wordCount":300,"commentCount":0,"publisher":{"@id":"https:\/\/swimchannel.net\/br\/#organization"},"image":{"@id":"https:\/\/swimchannel.net\/br\/circuito-mares-lanca-de-calendario-2021\/#primaryimage"},"thumbnailUrl":"https:\/\/swimchannel.net\/br\/wp-content\/uploads\/2020\/01\/mares-capa2.jpg","keywords":["\u00c1guas abertas","calend\u00e1rio de provas","Circuito Mares","natacao"],"inLanguage":"pt-BR","potentialAction":[{"@type":"CommentAction","name":"Comment","target":["https:\/\/swimchannel.net\/br\/circuito-mares-lanca-de-calendario-2021\/#respond"]}]},{"@type":"WebPage","@id":"https:\/\/swimchannel.net\/br\/circuito-mares-lanca-de-calendario-2021\/","url":"https:\/\/swimchannel.net\/br\/circuito-mares-lanca-de-calendario-2021\/","name":"Circuito Mares lan\u00e7a de calend\u00e1rio 2021 - Swimchannel","isPartOf":{"@id":"https:\/\/swimchannel.net\/br\/#website"},"primaryImageOfPage":{"@id":"https:\/\/swimchannel.net\/br\/circuito-mares-lanca-de-calendario-2021\/#primaryimage"},"image":{"@id":"https:\/\/swimchannel.net\/br\/circuito-mares-lanca-de-calendario-2021\/#primaryimage"},"thumbnailUrl":"https:\/\/swimchannel.net\/br\/wp-content\/uploads\/2020\/01\/mares-capa2.jpg","datePublished":"2020-10-05T19:41:47+00:00","dateModified":"2020-10-05T19:43:16+00:00","breadcrumb":{"@id":"https:\/\/swimchannel.net\/br\/circuito-mares-lanca-de-calendario-2021\/#breadcrumb"},"inLanguage":"pt-BR","potentialAction":[{"@type":"ReadAction","target":["https:\/\/swimchannel.net\/br\/circuito-mares-lanca-de-calendario-2021\/"]}]},{"@type":"ImageObject","inLanguage":"pt-BR","@id":"https:\/\/swimchannel.net\/br\/circuito-mares-lanca-de-calendario-2021\/#primaryimage","url":"https:\/\/swimchannel.net\/br\/wp-content\/uploads\/2020\/01\/mares-capa2.jpg","contentUrl":"https:\/\/swimchannel.net\/br\/wp-content\/uploads\/2020\/01\/mares-capa2.jpg","width":1200,"height":675,"caption":"Circuito Mares - Foto: Divulga\u00e7\u00e3o"},{"@type":"BreadcrumbList","@id":"https:\/\/swimchannel.net\/br\/circuito-mares-lanca-de-calendario-2021\/#breadcrumb","itemListElement":[{"@type":"ListItem","position":1,"name":"Home","item":"https:\/\/swimchannel.net\/br\/"},{"@type":"ListItem","position":2,"name":"Circuito Mares lan\u00e7a de calend\u00e1rio 2021"}]},{"@type":"WebSite","@id":"https:\/\/swimchannel.net\/br\/#website","url":"https:\/\/swimchannel.net\/br\/","name":"Swimchannel","description":"Maior portal de nata\u00e7\u00e3o da america latina","publisher":{"@id":"https:\/\/swimchannel.net\/br\/#organization"},"potentialAction":[{"@type":"SearchAction","target":{"@type":"EntryPoint","urlTemplate":"https:\/\/swimchannel.net\/br\/?s={search_term_string}"},"query-input":{"@type":"PropertyValueSpecification","valueRequired":true,"valueName":"search_term_string"}}],"inLanguage":"pt-BR"},{"@type":"Organization","@id":"https:\/\/swimchannel.net\/br\/#organization","name":"Swimchannel - Conectando voc\u00ea a Nata\u00e7\u00e3o","url":"https:\/\/swimchannel.net\/br\/","logo":{"@type":"ImageObject","inLanguage":"pt-BR","@id":"https:\/\/swimchannel.net\/br\/#\/schema\/logo\/image\/","url":"https:\/\/swimchannel.net\/br\/wp-content\/uploads\/2026\/02\/SWIM-CHANNEL.png","contentUrl":"https:\/\/swimchannel.net\/br\/wp-content\/uploads\/2026\/02\/SWIM-CHANNEL.png","width":1120,"height":630,"caption":"Swimchannel - Conectando voc\u00ea a Nata\u00e7\u00e3o"},"image":{"@id":"https:\/\/swimchannel.net\/br\/#\/schema\/logo\/image\/"},"sameAs":["https:\/\/www.facebook.com\/swimchannel","https:\/\/www.instagram.com\/swimchannel"]},{"@type":"Person","@id":"https:\/\/swimchannel.net\/br\/#\/schema\/person\/aa2a63bab3275f53749a83276b213c48","name":"Guilherme Freitas","image":{"@type":"ImageObject","inLanguage":"pt-BR","@id":"https:\/\/swimchannel.net\/br\/#\/schema\/person\/image\/","url":"https:\/\/swimchannel.net\/br\/wp-content\/uploads\/2025\/10\/gui22-193x180.png","contentUrl":"https:\/\/swimchannel.net\/br\/wp-content\/uploads\/2025\/10\/gui22-193x180.png","caption":"Guilherme Freitas"},"description":"Jornalista s\u00eanior da SWIM CHANNEL, ex-correspondente da FINA no Brasil e pesquisador acad\u00eamico.","sameAs":["instagram.com\/guifreitas86"],"url":"https:\/\/swimchannel.net\/br\/author\/guilherme-freitas\/"}]}},"_links":{"self":[{"href":"https:\/\/swimchannel.net\/br\/wp-json\/wp\/v2\/posts\/26439","targetHints":{"allow":["GET"]}}],"collection":[{"href":"https:\/\/swimchannel.net\/br\/wp-json\/wp\/v2\/posts"}],"about":[{"href":"https:\/\/swimchannel.net\/br\/wp-json\/wp\/v2\/types\/post"}],"author":[{"embeddable":true,"href":"https:\/\/swimchannel.net\/br\/wp-json\/wp\/v2\/users\/3"}],"replies":[{"embeddable":true,"href":"https:\/\/swimchannel.net\/br\/wp-json\/wp\/v2\/comments?post=26439"}],"version-history":[{"count":0,"href":"https:\/\/swimchannel.net\/br\/wp-json\/wp\/v2\/posts\/26439\/revisions"}],"wp:featuredmedia":[{"embeddable":true,"href":"https:\/\/swimchannel.net\/br\/wp-json\/wp\/v2\/media\/21921"}],"wp:attachment":[{"href":"https:\/\/swimchannel.net\/br\/wp-json\/wp\/v2\/media?parent=26439"}],"wp:term":[{"taxonomy":"category","embeddable":true,"href":"https:\/\/swimchannel.net\/br\/wp-json\/wp\/v2\/categories?post=26439"},{"taxonomy":"post_tag","embeddable":true,"href":"https:\/\/swimchannel.net\/br\/wp-json\/wp\/v2\/tags?post=26439"}],"curies":[{"name":"wp","href":"https:\/\/api.w.org\/{rel}","templated":true}]}}