{"id":27998,"date":"2021-01-06T09:00:18","date_gmt":"2021-01-06T12:00:18","guid":{"rendered":"https:\/\/swimchannel.net\/br\/?p=27998"},"modified":"2026-03-09T12:43:21","modified_gmt":"2026-03-09T15:43:21","slug":"o-que-vem-por-ai-nas-competicoes-profissionais-de-2021","status":"publish","type":"post","link":"https:\/\/swimchannel.net\/br\/o-que-vem-por-ai-nas-competicoes-profissionais-de-2021\/","title":{"rendered":"O que vem por ai nas competi\u00e7\u00f5es profissionais de 2021?"},"content":{"rendered":"<p>A temporada 2021 de nata\u00e7\u00e3o profissional promete fortes emo\u00e7\u00f5es, afinal, o\u00a0 maior evento esportivo do mundo ser\u00e1 realizado este ano: os Jogos Ol\u00edmpicos de T\u00f3quio, entre os dias 23 de julho e 8 de agosto. Ser\u00e1 a primeira vez na hist\u00f3ria que uma edi\u00e7\u00e3o n\u00e3o acontece no per\u00edodo de quatro anos, j\u00e1 que o evento em 2020 foi adiado devido a pandemia do COVID-19. No Jap\u00e3o estar\u00e3o em a\u00e7\u00e3o as maiores estrelas do esporte mundial, mas n\u00e3o se sabe quais ser\u00e3o as medidas sobre p\u00fablico que o COI ir\u00e1 adotar.<\/p>\n<p>Logo ap\u00f3s as Olimp\u00edadas, T\u00f3quio recebe outro grande evento: os Jogos Paral\u00edmpicos, entre 24 de agosto e 5 de setembro. Assim como a edi\u00e7\u00e3o ol\u00edmpica, o evento paral\u00edmpico ser\u00e1 disputado pela primeira vez fora do ciclo de quatro anos. Entre as atra\u00e7\u00f5es estar\u00e1 o nadador brasileiro Daniel Dias que busca chegar ao incr\u00edvel n\u00famero de 30 medalhas paral\u00edmpicas.<\/p>\n<p>A FINA tamb\u00e9m j\u00e1 confirmou seu calend\u00e1rio com destaque para o Campeonato Mundial de piscina curta de Abu Dhabi, transferido de dezembro de 2020 para dezembro deste ano. A Copa do Mundo tamb\u00e9m j\u00e1 tem seis etapas confirmadas na Europa e \u00c1sia em um giro r\u00e1pido nos meses de setembro e outubro. J\u00e1 a vers\u00e3o em \u00e1guas abertas, o Marathon Swim World Series tem dez paradas ao redor do mundo entre mar\u00e7o e outubro.<\/p>\n<p>Outros eventos internacionais que v\u00e3o acontecer em 2021 s\u00e3o o Campeonato Europeu entre os dias 10 e 23 de maio na Duna Arena, em Budapeste, na Hungria; a Univers\u00edade entre os dias 18 e 29 de agosto em Chengdou, na China, o Campeonato Mundial J\u00fanior de \u00c1guas Abertas nos dias 22 a 24 de agosto em Seychelles, o Campeonato Sul-Americano Absoluto entre 16 e 19 de mar\u00e7o em Buenos Aires, Argentina e a vers\u00e3o juvenil entre 31 de outubro e 14 de novembro em Santa Cruz de La Sierra na Bol\u00edvia.<\/p>\n<figure id=\"attachment_8336\" aria-describedby=\"caption-attachment-8336\" style=\"width: 1200px\" class=\"wp-caption alignnone\"><img loading=\"lazy\" decoding=\"async\" class=\"size-full wp-image-8336\" src=\"https:\/\/swimchannel.net\/br\/wp-content\/uploads\/2018\/04\/trofeubrasil02.jpg\" alt=\"\" width=\"1200\" height=\"675\" srcset=\"https:\/\/swimchannel.net\/br\/wp-content\/uploads\/2018\/04\/trofeubrasil02.jpg 1200w, https:\/\/swimchannel.net\/br\/wp-content\/uploads\/2018\/04\/trofeubrasil02-600x338.jpg 600w\" sizes=\"auto, (max-width: 1200px) 100vw, 1200px\" \/><figcaption id=\"caption-attachment-8336\" class=\"wp-caption-text\">Vista do Parque Aqu\u00e1tico Maria Lenk &#8211; Foto: Satiro Sodr\u00e9\/SSPress<\/figcaption><\/figure>\n<p>Entre os eventos nacionais muitas seletivas ol\u00edmpicas j\u00e1 marcadas entre os meses de mar\u00e7o e junho com destaque para Estados Unidos, Austr\u00e1lia, Reino Unido e Canad\u00e1. O Brasil far\u00e1 a sua entre os dias 19 e 24 de abril no Parque Aqu\u00e1tico Maria Lenk, durante o Trof\u00e9u Brasil. J\u00e1 as seletivas ol\u00edmpicas das \u00e1guas abertas acontecem em 6 e 7 de mar\u00e7o (a nacional que vai apontar os dois brasileiros para o pr\u00e9-ol\u00edmpico) e em 29 e 30 de maio (a mundial que vai definir os \u00faltimos classificados).<\/p>\n<p>O calend\u00e1rio nacional da Confedera\u00e7\u00e3o Brasileira de Desportos Aqu\u00e1ticos (CBDA) com as demais competi\u00e7\u00f5es deve ser anunciado no decorrer de janeiro. Devido a pandemia do COVID-19, a entidade suspendeu todas as competi\u00e7\u00f5es do primeiro m\u00eas de 2021. Clique aqui e vejas as principais competi\u00e7\u00f5es internacionais j\u00e1 confirmadas para 2021 no calend\u00e1rio <strong>SWIM CHANNEL<\/strong>.<\/p>\n","protected":false},"excerpt":{"rendered":"<p>A temporada 2021 de nata\u00e7\u00e3o profissional promete fortes emo\u00e7\u00f5es, afinal, o\u00a0 maior evento esportivo do mundo ser\u00e1 realizado este ano: os Jogos Ol\u00edmpicos de T\u00f3quio, entre os dias 23 de julho e 8 de agosto. Ser\u00e1 a primeira vez na hist\u00f3ria que uma edi\u00e7\u00e3o n\u00e3o acontece no per\u00edodo de quatro anos, j\u00e1 que o evento [&hellip;]<\/p>\n","protected":false},"author":3,"featured_media":0,"comment_status":"open","ping_status":"open","sticky":false,"template":"","format":"standard","meta":{"footnotes":""},"categories":[137],"tags":[14,1081,183,5],"class_list":["post-27998","post","type-post","status-publish","format-standard","hentry","category-natacao","tag-aguas-abertas","tag-calendario","tag-jogos-olimpicos","tag-natacao"],"yoast_head":"<!-- This site is optimized with the Yoast SEO plugin v27.0 - https:\/\/yoast.com\/product\/yoast-seo-wordpress\/ -->\n<title>O que vem por ai nas competi\u00e7\u00f5es profissionais de 2021? - Swimchannel<\/title>\n<meta name=\"robots\" content=\"index, follow, max-snippet:-1, max-image-preview:large, max-video-preview:-1\" \/>\n<link rel=\"canonical\" href=\"https:\/\/swimchannel.net\/br\/o-que-vem-por-ai-nas-competicoes-profissionais-de-2021\/\" \/>\n<meta property=\"og:locale\" content=\"pt_BR\" \/>\n<meta property=\"og:type\" content=\"article\" \/>\n<meta property=\"og:title\" content=\"O que vem por ai nas competi\u00e7\u00f5es profissionais de 2021? - Swimchannel\" \/>\n<meta property=\"og:description\" content=\"A temporada 2021 de nata\u00e7\u00e3o profissional promete fortes emo\u00e7\u00f5es, afinal, o\u00a0 maior evento esportivo do mundo ser\u00e1 realizado este ano: os Jogos Ol\u00edmpicos de T\u00f3quio, entre os dias 23 de julho e 8 de agosto. Ser\u00e1 a primeira vez na hist\u00f3ria que uma edi\u00e7\u00e3o n\u00e3o acontece no per\u00edodo de quatro anos, j\u00e1 que o evento [&hellip;]\" \/>\n<meta property=\"og:url\" content=\"https:\/\/swimchannel.net\/br\/o-que-vem-por-ai-nas-competicoes-profissionais-de-2021\/\" \/>\n<meta property=\"og:site_name\" content=\"Swimchannel\" \/>\n<meta property=\"article:publisher\" content=\"https:\/\/www.facebook.com\/swimchannel\" \/>\n<meta property=\"article:published_time\" content=\"2021-01-06T12:00:18+00:00\" \/>\n<meta property=\"article:modified_time\" content=\"2026-03-09T15:43:21+00:00\" \/>\n<meta property=\"og:image\" content=\"https:\/\/swimchannel.net\/br\/wp-content\/uploads\/2018\/04\/trofeubrasil02.jpg\" \/>\n\t<meta property=\"og:image:width\" content=\"1200\" \/>\n\t<meta property=\"og:image:height\" content=\"675\" \/>\n\t<meta property=\"og:image:type\" content=\"image\/jpeg\" \/>\n<meta name=\"author\" content=\"Guilherme Freitas\" \/>\n<meta name=\"twitter:card\" content=\"summary_large_image\" \/>\n<meta name=\"twitter:label1\" content=\"Escrito por\" \/>\n\t<meta name=\"twitter:data1\" content=\"Guilherme Freitas\" \/>\n\t<meta name=\"twitter:label2\" content=\"Est. tempo de leitura\" \/>\n\t<meta name=\"twitter:data2\" content=\"3 minutos\" \/>\n<script type=\"application\/ld+json\" class=\"yoast-schema-graph\">{\"@context\":\"https:\/\/schema.org\",\"@graph\":[{\"@type\":\"Article\",\"@id\":\"https:\/\/swimchannel.net\/br\/o-que-vem-por-ai-nas-competicoes-profissionais-de-2021\/#article\",\"isPartOf\":{\"@id\":\"https:\/\/swimchannel.net\/br\/o-que-vem-por-ai-nas-competicoes-profissionais-de-2021\/\"},\"author\":{\"name\":\"Guilherme Freitas\",\"@id\":\"https:\/\/swimchannel.net\/br\/#\/schema\/person\/aa2a63bab3275f53749a83276b213c48\"},\"headline\":\"O que vem por ai nas competi\u00e7\u00f5es profissionais de 2021?\",\"datePublished\":\"2021-01-06T12:00:18+00:00\",\"dateModified\":\"2026-03-09T15:43:21+00:00\",\"mainEntityOfPage\":{\"@id\":\"https:\/\/swimchannel.net\/br\/o-que-vem-por-ai-nas-competicoes-profissionais-de-2021\/\"},\"wordCount\":511,\"commentCount\":0,\"publisher\":{\"@id\":\"https:\/\/swimchannel.net\/br\/#organization\"},\"image\":{\"@id\":\"https:\/\/swimchannel.net\/br\/o-que-vem-por-ai-nas-competicoes-profissionais-de-2021\/#primaryimage\"},\"thumbnailUrl\":\"https:\/\/swimchannel.net\/br\/wp-content\/uploads\/2018\/04\/trofeubrasil02.jpg\",\"keywords\":[\"\u00c1guas abertas\",\"calend\u00e1rio\",\"Jogos Ol\u00edmpicos\",\"natacao\"],\"articleSection\":[\"Nata\u00e7\u00e3o\"],\"inLanguage\":\"pt-BR\",\"potentialAction\":[{\"@type\":\"CommentAction\",\"name\":\"Comment\",\"target\":[\"https:\/\/swimchannel.net\/br\/o-que-vem-por-ai-nas-competicoes-profissionais-de-2021\/#respond\"]}]},{\"@type\":\"WebPage\",\"@id\":\"https:\/\/swimchannel.net\/br\/o-que-vem-por-ai-nas-competicoes-profissionais-de-2021\/\",\"url\":\"https:\/\/swimchannel.net\/br\/o-que-vem-por-ai-nas-competicoes-profissionais-de-2021\/\",\"name\":\"O que vem por ai nas competi\u00e7\u00f5es profissionais de 2021? - Swimchannel\",\"isPartOf\":{\"@id\":\"https:\/\/swimchannel.net\/br\/#website\"},\"primaryImageOfPage\":{\"@id\":\"https:\/\/swimchannel.net\/br\/o-que-vem-por-ai-nas-competicoes-profissionais-de-2021\/#primaryimage\"},\"image\":{\"@id\":\"https:\/\/swimchannel.net\/br\/o-que-vem-por-ai-nas-competicoes-profissionais-de-2021\/#primaryimage\"},\"thumbnailUrl\":\"https:\/\/swimchannel.net\/br\/wp-content\/uploads\/2018\/04\/trofeubrasil02.jpg\",\"datePublished\":\"2021-01-06T12:00:18+00:00\",\"dateModified\":\"2026-03-09T15:43:21+00:00\",\"breadcrumb\":{\"@id\":\"https:\/\/swimchannel.net\/br\/o-que-vem-por-ai-nas-competicoes-profissionais-de-2021\/#breadcrumb\"},\"inLanguage\":\"pt-BR\",\"potentialAction\":[{\"@type\":\"ReadAction\",\"target\":[\"https:\/\/swimchannel.net\/br\/o-que-vem-por-ai-nas-competicoes-profissionais-de-2021\/\"]}]},{\"@type\":\"ImageObject\",\"inLanguage\":\"pt-BR\",\"@id\":\"https:\/\/swimchannel.net\/br\/o-que-vem-por-ai-nas-competicoes-profissionais-de-2021\/#primaryimage\",\"url\":\"https:\/\/swimchannel.net\/br\/wp-content\/uploads\/2018\/04\/trofeubrasil02.jpg\",\"contentUrl\":\"https:\/\/swimchannel.net\/br\/wp-content\/uploads\/2018\/04\/trofeubrasil02.jpg\",\"width\":1200,\"height\":675,\"caption\":\"Vista do Parque Aqu\u00e1tico Maria Lenk - Foto: Satiro Sodr\u00e9\/SSPress\"},{\"@type\":\"BreadcrumbList\",\"@id\":\"https:\/\/swimchannel.net\/br\/o-que-vem-por-ai-nas-competicoes-profissionais-de-2021\/#breadcrumb\",\"itemListElement\":[{\"@type\":\"ListItem\",\"position\":1,\"name\":\"Home\",\"item\":\"https:\/\/swimchannel.net\/br\/\"},{\"@type\":\"ListItem\",\"position\":2,\"name\":\"O que vem por ai nas competi\u00e7\u00f5es profissionais de 2021?\"}]},{\"@type\":\"WebSite\",\"@id\":\"https:\/\/swimchannel.net\/br\/#website\",\"url\":\"https:\/\/swimchannel.net\/br\/\",\"name\":\"Swimchannel\",\"description\":\"Maior portal de nata\u00e7\u00e3o da america latina\",\"publisher\":{\"@id\":\"https:\/\/swimchannel.net\/br\/#organization\"},\"potentialAction\":[{\"@type\":\"SearchAction\",\"target\":{\"@type\":\"EntryPoint\",\"urlTemplate\":\"https:\/\/swimchannel.net\/br\/?s={search_term_string}\"},\"query-input\":{\"@type\":\"PropertyValueSpecification\",\"valueRequired\":true,\"valueName\":\"search_term_string\"}}],\"inLanguage\":\"pt-BR\"},{\"@type\":\"Organization\",\"@id\":\"https:\/\/swimchannel.net\/br\/#organization\",\"name\":\"Swimchannel - Conectando voc\u00ea a Nata\u00e7\u00e3o\",\"url\":\"https:\/\/swimchannel.net\/br\/\",\"logo\":{\"@type\":\"ImageObject\",\"inLanguage\":\"pt-BR\",\"@id\":\"https:\/\/swimchannel.net\/br\/#\/schema\/logo\/image\/\",\"url\":\"https:\/\/swimchannel.net\/br\/wp-content\/uploads\/2026\/02\/SWIM-CHANNEL.png\",\"contentUrl\":\"https:\/\/swimchannel.net\/br\/wp-content\/uploads\/2026\/02\/SWIM-CHANNEL.png\",\"width\":1120,\"height\":630,\"caption\":\"Swimchannel - Conectando voc\u00ea a Nata\u00e7\u00e3o\"},\"image\":{\"@id\":\"https:\/\/swimchannel.net\/br\/#\/schema\/logo\/image\/\"},\"sameAs\":[\"https:\/\/www.facebook.com\/swimchannel\",\"https:\/\/www.instagram.com\/swimchannel\"]},{\"@type\":\"Person\",\"@id\":\"https:\/\/swimchannel.net\/br\/#\/schema\/person\/aa2a63bab3275f53749a83276b213c48\",\"name\":\"Guilherme Freitas\",\"image\":{\"@type\":\"ImageObject\",\"inLanguage\":\"pt-BR\",\"@id\":\"https:\/\/swimchannel.net\/br\/#\/schema\/person\/image\/\",\"url\":\"https:\/\/swimchannel.net\/br\/wp-content\/uploads\/2025\/10\/gui22-193x180.png\",\"contentUrl\":\"https:\/\/swimchannel.net\/br\/wp-content\/uploads\/2025\/10\/gui22-193x180.png\",\"caption\":\"Guilherme Freitas\"},\"description\":\"Jornalista s\u00eanior da SWIM CHANNEL, ex-correspondente da FINA no Brasil e pesquisador acad\u00eamico.\",\"sameAs\":[\"instagram.com\/guifreitas86\"],\"url\":\"https:\/\/swimchannel.net\/br\/author\/guilherme-freitas\/\"}]}<\/script>\n<!-- \/ Yoast SEO plugin. -->","yoast_head_json":{"title":"O que vem por ai nas competi\u00e7\u00f5es profissionais de 2021? - Swimchannel","robots":{"index":"index","follow":"follow","max-snippet":"max-snippet:-1","max-image-preview":"max-image-preview:large","max-video-preview":"max-video-preview:-1"},"canonical":"https:\/\/swimchannel.net\/br\/o-que-vem-por-ai-nas-competicoes-profissionais-de-2021\/","og_locale":"pt_BR","og_type":"article","og_title":"O que vem por ai nas competi\u00e7\u00f5es profissionais de 2021? - Swimchannel","og_description":"A temporada 2021 de nata\u00e7\u00e3o profissional promete fortes emo\u00e7\u00f5es, afinal, o\u00a0 maior evento esportivo do mundo ser\u00e1 realizado este ano: os Jogos Ol\u00edmpicos de T\u00f3quio, entre os dias 23 de julho e 8 de agosto. Ser\u00e1 a primeira vez na hist\u00f3ria que uma edi\u00e7\u00e3o n\u00e3o acontece no per\u00edodo de quatro anos, j\u00e1 que o evento [&hellip;]","og_url":"https:\/\/swimchannel.net\/br\/o-que-vem-por-ai-nas-competicoes-profissionais-de-2021\/","og_site_name":"Swimchannel","article_publisher":"https:\/\/www.facebook.com\/swimchannel","article_published_time":"2021-01-06T12:00:18+00:00","article_modified_time":"2026-03-09T15:43:21+00:00","og_image":[{"width":1200,"height":675,"url":"https:\/\/swimchannel.net\/br\/wp-content\/uploads\/2018\/04\/trofeubrasil02.jpg","type":"image\/jpeg"}],"author":"Guilherme Freitas","twitter_card":"summary_large_image","twitter_misc":{"Escrito por":"Guilherme Freitas","Est. tempo de leitura":"3 minutos"},"schema":{"@context":"https:\/\/schema.org","@graph":[{"@type":"Article","@id":"https:\/\/swimchannel.net\/br\/o-que-vem-por-ai-nas-competicoes-profissionais-de-2021\/#article","isPartOf":{"@id":"https:\/\/swimchannel.net\/br\/o-que-vem-por-ai-nas-competicoes-profissionais-de-2021\/"},"author":{"name":"Guilherme Freitas","@id":"https:\/\/swimchannel.net\/br\/#\/schema\/person\/aa2a63bab3275f53749a83276b213c48"},"headline":"O que vem por ai nas competi\u00e7\u00f5es profissionais de 2021?","datePublished":"2021-01-06T12:00:18+00:00","dateModified":"2026-03-09T15:43:21+00:00","mainEntityOfPage":{"@id":"https:\/\/swimchannel.net\/br\/o-que-vem-por-ai-nas-competicoes-profissionais-de-2021\/"},"wordCount":511,"commentCount":0,"publisher":{"@id":"https:\/\/swimchannel.net\/br\/#organization"},"image":{"@id":"https:\/\/swimchannel.net\/br\/o-que-vem-por-ai-nas-competicoes-profissionais-de-2021\/#primaryimage"},"thumbnailUrl":"https:\/\/swimchannel.net\/br\/wp-content\/uploads\/2018\/04\/trofeubrasil02.jpg","keywords":["\u00c1guas abertas","calend\u00e1rio","Jogos Ol\u00edmpicos","natacao"],"articleSection":["Nata\u00e7\u00e3o"],"inLanguage":"pt-BR","potentialAction":[{"@type":"CommentAction","name":"Comment","target":["https:\/\/swimchannel.net\/br\/o-que-vem-por-ai-nas-competicoes-profissionais-de-2021\/#respond"]}]},{"@type":"WebPage","@id":"https:\/\/swimchannel.net\/br\/o-que-vem-por-ai-nas-competicoes-profissionais-de-2021\/","url":"https:\/\/swimchannel.net\/br\/o-que-vem-por-ai-nas-competicoes-profissionais-de-2021\/","name":"O que vem por ai nas competi\u00e7\u00f5es profissionais de 2021? - Swimchannel","isPartOf":{"@id":"https:\/\/swimchannel.net\/br\/#website"},"primaryImageOfPage":{"@id":"https:\/\/swimchannel.net\/br\/o-que-vem-por-ai-nas-competicoes-profissionais-de-2021\/#primaryimage"},"image":{"@id":"https:\/\/swimchannel.net\/br\/o-que-vem-por-ai-nas-competicoes-profissionais-de-2021\/#primaryimage"},"thumbnailUrl":"https:\/\/swimchannel.net\/br\/wp-content\/uploads\/2018\/04\/trofeubrasil02.jpg","datePublished":"2021-01-06T12:00:18+00:00","dateModified":"2026-03-09T15:43:21+00:00","breadcrumb":{"@id":"https:\/\/swimchannel.net\/br\/o-que-vem-por-ai-nas-competicoes-profissionais-de-2021\/#breadcrumb"},"inLanguage":"pt-BR","potentialAction":[{"@type":"ReadAction","target":["https:\/\/swimchannel.net\/br\/o-que-vem-por-ai-nas-competicoes-profissionais-de-2021\/"]}]},{"@type":"ImageObject","inLanguage":"pt-BR","@id":"https:\/\/swimchannel.net\/br\/o-que-vem-por-ai-nas-competicoes-profissionais-de-2021\/#primaryimage","url":"https:\/\/swimchannel.net\/br\/wp-content\/uploads\/2018\/04\/trofeubrasil02.jpg","contentUrl":"https:\/\/swimchannel.net\/br\/wp-content\/uploads\/2018\/04\/trofeubrasil02.jpg","width":1200,"height":675,"caption":"Vista do Parque Aqu\u00e1tico Maria Lenk - Foto: Satiro Sodr\u00e9\/SSPress"},{"@type":"BreadcrumbList","@id":"https:\/\/swimchannel.net\/br\/o-que-vem-por-ai-nas-competicoes-profissionais-de-2021\/#breadcrumb","itemListElement":[{"@type":"ListItem","position":1,"name":"Home","item":"https:\/\/swimchannel.net\/br\/"},{"@type":"ListItem","position":2,"name":"O que vem por ai nas competi\u00e7\u00f5es profissionais de 2021?"}]},{"@type":"WebSite","@id":"https:\/\/swimchannel.net\/br\/#website","url":"https:\/\/swimchannel.net\/br\/","name":"Swimchannel","description":"Maior portal de nata\u00e7\u00e3o da america latina","publisher":{"@id":"https:\/\/swimchannel.net\/br\/#organization"},"potentialAction":[{"@type":"SearchAction","target":{"@type":"EntryPoint","urlTemplate":"https:\/\/swimchannel.net\/br\/?s={search_term_string}"},"query-input":{"@type":"PropertyValueSpecification","valueRequired":true,"valueName":"search_term_string"}}],"inLanguage":"pt-BR"},{"@type":"Organization","@id":"https:\/\/swimchannel.net\/br\/#organization","name":"Swimchannel - Conectando voc\u00ea a Nata\u00e7\u00e3o","url":"https:\/\/swimchannel.net\/br\/","logo":{"@type":"ImageObject","inLanguage":"pt-BR","@id":"https:\/\/swimchannel.net\/br\/#\/schema\/logo\/image\/","url":"https:\/\/swimchannel.net\/br\/wp-content\/uploads\/2026\/02\/SWIM-CHANNEL.png","contentUrl":"https:\/\/swimchannel.net\/br\/wp-content\/uploads\/2026\/02\/SWIM-CHANNEL.png","width":1120,"height":630,"caption":"Swimchannel - Conectando voc\u00ea a Nata\u00e7\u00e3o"},"image":{"@id":"https:\/\/swimchannel.net\/br\/#\/schema\/logo\/image\/"},"sameAs":["https:\/\/www.facebook.com\/swimchannel","https:\/\/www.instagram.com\/swimchannel"]},{"@type":"Person","@id":"https:\/\/swimchannel.net\/br\/#\/schema\/person\/aa2a63bab3275f53749a83276b213c48","name":"Guilherme Freitas","image":{"@type":"ImageObject","inLanguage":"pt-BR","@id":"https:\/\/swimchannel.net\/br\/#\/schema\/person\/image\/","url":"https:\/\/swimchannel.net\/br\/wp-content\/uploads\/2025\/10\/gui22-193x180.png","contentUrl":"https:\/\/swimchannel.net\/br\/wp-content\/uploads\/2025\/10\/gui22-193x180.png","caption":"Guilherme Freitas"},"description":"Jornalista s\u00eanior da SWIM CHANNEL, ex-correspondente da FINA no Brasil e pesquisador acad\u00eamico.","sameAs":["instagram.com\/guifreitas86"],"url":"https:\/\/swimchannel.net\/br\/author\/guilherme-freitas\/"}]}},"_links":{"self":[{"href":"https:\/\/swimchannel.net\/br\/wp-json\/wp\/v2\/posts\/27998","targetHints":{"allow":["GET"]}}],"collection":[{"href":"https:\/\/swimchannel.net\/br\/wp-json\/wp\/v2\/posts"}],"about":[{"href":"https:\/\/swimchannel.net\/br\/wp-json\/wp\/v2\/types\/post"}],"author":[{"embeddable":true,"href":"https:\/\/swimchannel.net\/br\/wp-json\/wp\/v2\/users\/3"}],"replies":[{"embeddable":true,"href":"https:\/\/swimchannel.net\/br\/wp-json\/wp\/v2\/comments?post=27998"}],"version-history":[{"count":1,"href":"https:\/\/swimchannel.net\/br\/wp-json\/wp\/v2\/posts\/27998\/revisions"}],"predecessor-version":[{"id":80042,"href":"https:\/\/swimchannel.net\/br\/wp-json\/wp\/v2\/posts\/27998\/revisions\/80042"}],"wp:attachment":[{"href":"https:\/\/swimchannel.net\/br\/wp-json\/wp\/v2\/media?parent=27998"}],"wp:term":[{"taxonomy":"category","embeddable":true,"href":"https:\/\/swimchannel.net\/br\/wp-json\/wp\/v2\/categories?post=27998"},{"taxonomy":"post_tag","embeddable":true,"href":"https:\/\/swimchannel.net\/br\/wp-json\/wp\/v2\/tags?post=27998"}],"curies":[{"name":"wp","href":"https:\/\/api.w.org\/{rel}","templated":true}]}}