{"id":28143,"date":"2021-01-19T12:06:43","date_gmt":"2021-01-19T15:06:43","guid":{"rendered":"https:\/\/swimchannel.net\/br\/?p=28143"},"modified":"2021-02-22T07:49:27","modified_gmt":"2021-02-22T10:49:27","slug":"nadando-em-temperaturas-geladas-por-uma-boa-causa","status":"publish","type":"post","link":"https:\/\/swimchannel.net\/br\/nadando-em-temperaturas-geladas-por-uma-boa-causa\/","title":{"rendered":"Nadando em temperaturas geladas por uma boa causa"},"content":{"rendered":"<p>Todos os anos, no inverno americano, o nadador de 59 anos Gary \u201cCreekman\u201d Sredzienski escolhe as \u00e1guas geladas de Kittery Point, no estado do Maine, nos Estados Unidos para nadar por uma boa causa. Este ano o veterano nadador resolveu apoiar a institui\u00e7\u00e3o de caridade Lafayette House, um centro de reabilita\u00e7\u00e3o para pessoas com defici\u00eancia. Foi o 13\u00ba ano que Sredzienski encarou as g\u00e9lidas \u00e1guas para nadar cerca de duas milhas (cerca de 3,2 km) em prol desta boa a\u00e7\u00e3o.<\/p>\n<p>Apelidado de Creekman, ele disse que no in\u00edcio havia fortes ventos, mas uma vez que entra na sua \u201czona\u201d ele simplesmente continua a nadar.\u00a0\u201cTenho 59 anos e ainda consigo fazer as provas que adoro. Mas devo dizer, o per\u00edodo de recupera\u00e7\u00e3o para algo assim \u00e9 um pouco mais longo agora. Mas agora \u00e9 um estilo de vida para mim. Algumas pessoas v\u00e3o dar um passeio e eu vou nadar\u201d, comentou afirmando ainda que a \u00e1gua gelada o ajuda a manter sua press\u00e3o arterial baixa.<\/p>\n<figure id=\"attachment_28149\" aria-describedby=\"caption-attachment-28149\" style=\"width: 1320px\" class=\"wp-caption alignnone\"><img loading=\"lazy\" decoding=\"async\" class=\"size-full wp-image-28149\" src=\"https:\/\/swimchannel.net\/br\/wp-content\/uploads\/2021\/01\/6be1aac2-8666-44ff-ab59-bd7d9c863d72-20210116_160654.jpg\" alt=\"\" width=\"1320\" height=\"990\" srcset=\"https:\/\/swimchannel.net\/br\/wp-content\/uploads\/2021\/01\/6be1aac2-8666-44ff-ab59-bd7d9c863d72-20210116_160654.jpg 1320w, https:\/\/swimchannel.net\/br\/wp-content\/uploads\/2021\/01\/6be1aac2-8666-44ff-ab59-bd7d9c863d72-20210116_160654-600x450.jpg 600w, https:\/\/swimchannel.net\/br\/wp-content\/uploads\/2021\/01\/6be1aac2-8666-44ff-ab59-bd7d9c863d72-20210116_160654-900x675.jpg 900w, https:\/\/swimchannel.net\/br\/wp-content\/uploads\/2021\/01\/6be1aac2-8666-44ff-ab59-bd7d9c863d72-20210116_160654-1067x800.jpg 1067w, https:\/\/swimchannel.net\/br\/wp-content\/uploads\/2021\/01\/6be1aac2-8666-44ff-ab59-bd7d9c863d72-20210116_160654-240x180.jpg 240w, https:\/\/swimchannel.net\/br\/wp-content\/uploads\/2021\/01\/6be1aac2-8666-44ff-ab59-bd7d9c863d72-20210116_160654-768x576.jpg 768w\" sizes=\"auto, (max-width: 1320px) 100vw, 1320px\" \/><figcaption id=\"caption-attachment-28149\" class=\"wp-caption-text\">Gary \u201cCreekman\u201d Sredzienski &#8211; Foto: Karen Dandurant<\/figcaption><\/figure>\n<p>O mau tempo, por\u00e9m, nunca foi um fator determinante para Sredzienski. \u201cGosto de nadar no tempo mais dif\u00edcil com chuva, nevascas, eu realmente gosto disso. Nado todos os dias de qualquer maneira, ent\u00e3o para mim isso \u00e9 apenas mais uma queda na \u00e1gua. E, se eu puder ajudar a arrecadar dinheiro para uma boa causa enquanto estou fazendo isso, melhor ainda\u201d, completa.<\/p>\n<p>A primeira vez que ele nadou visando ajudar uma institui\u00e7\u00e3o de caridade foi em 2008, em que ajudou a o Centro de Les\u00f5es Cerebral de Krempel. Desde ent\u00e3o ele escolhe uma nova institui\u00e7\u00e3o de caridade para realizar o desafio e doar o valor arrecado. \u201cCom a pandemia escolhi um riacho perto de minha casa para nadar e levantei mais de US$ 95 mil, ultrapassando a meta que estabeleci&#8221;, afirmou o Creekman que tinha colocado como meta apenas US$ 2,5 mil. Para mais detalhes desta hist\u00f3ria <a href=\"https:\/\/www.seacoastonline.com\/story\/news\/local\/2021\/01\/16\/creekman-raises-funds-charity-annual-cold-swim\/4187729001\/\" target=\"_blank\" rel=\"noopener noreferrer\">clique aqui<\/a>.<\/p>\n","protected":false},"excerpt":{"rendered":"<p>Todos os anos, no inverno americano, o nadador de 59 anos Gary \u201cCreekman\u201d Sredzienski escolhe as \u00e1guas geladas de Kittery Point, no estado do Maine, nos Estados Unidos para nadar por uma boa causa. Este ano o veterano nadador resolveu apoiar a institui\u00e7\u00e3o de caridade Lafayette House, um centro de reabilita\u00e7\u00e3o para pessoas com defici\u00eancia. [&hellip;]<\/p>\n","protected":false},"author":9,"featured_media":28157,"comment_status":"open","ping_status":"open","sticky":false,"template":"","format":"standard","meta":{"footnotes":""},"categories":[2571],"tags":[14,279,2477,5,2476],"class_list":["post-28143","post","type-post","status-publish","format-standard","has-post-thumbnail","hentry","category-curiosidades","tag-aguas-abertas","tag-curiosidades","tag-gary-creekman-sredzienski","tag-natacao","tag-natacao-em-aguas-frias"],"yoast_head":"<!-- This site is optimized with the Yoast SEO plugin v27.0 - https:\/\/yoast.com\/product\/yoast-seo-wordpress\/ -->\n<title>Nadando em temperaturas geladas por uma boa causa - Swimchannel<\/title>\n<meta name=\"robots\" content=\"index, follow, max-snippet:-1, max-image-preview:large, max-video-preview:-1\" \/>\n<link rel=\"canonical\" href=\"https:\/\/swimchannel.net\/br\/nadando-em-temperaturas-geladas-por-uma-boa-causa\/\" \/>\n<meta property=\"og:locale\" content=\"pt_BR\" \/>\n<meta property=\"og:type\" content=\"article\" \/>\n<meta property=\"og:title\" content=\"Nadando em temperaturas geladas por uma boa causa - Swimchannel\" \/>\n<meta property=\"og:description\" content=\"Todos os anos, no inverno americano, o nadador de 59 anos Gary \u201cCreekman\u201d Sredzienski escolhe as \u00e1guas geladas de Kittery Point, no estado do Maine, nos Estados Unidos para nadar por uma boa causa. Este ano o veterano nadador resolveu apoiar a institui\u00e7\u00e3o de caridade Lafayette House, um centro de reabilita\u00e7\u00e3o para pessoas com defici\u00eancia. [&hellip;]\" \/>\n<meta property=\"og:url\" content=\"https:\/\/swimchannel.net\/br\/nadando-em-temperaturas-geladas-por-uma-boa-causa\/\" \/>\n<meta property=\"og:site_name\" content=\"Swimchannel\" \/>\n<meta property=\"article:publisher\" content=\"https:\/\/www.facebook.com\/swimchannel\" \/>\n<meta property=\"article:published_time\" content=\"2021-01-19T15:06:43+00:00\" \/>\n<meta property=\"article:modified_time\" content=\"2021-02-22T10:49:27+00:00\" \/>\n<meta property=\"og:image\" content=\"https:\/\/swimchannel.net\/br\/wp-content\/uploads\/2021\/01\/gelo.jpg\" \/>\n\t<meta property=\"og:image:width\" content=\"750\" \/>\n\t<meta property=\"og:image:height\" content=\"429\" \/>\n\t<meta property=\"og:image:type\" content=\"image\/jpeg\" \/>\n<meta name=\"author\" content=\"Katarine Monteiro\" \/>\n<meta name=\"twitter:card\" content=\"summary_large_image\" \/>\n<meta name=\"twitter:creator\" content=\"@https:\/\/twitter.com\/Katarinem\" \/>\n<meta name=\"twitter:label1\" content=\"Escrito por\" \/>\n\t<meta name=\"twitter:data1\" content=\"Katarine Monteiro\" \/>\n\t<meta name=\"twitter:label2\" content=\"Est. tempo de leitura\" \/>\n\t<meta name=\"twitter:data2\" content=\"2 minutos\" \/>\n<script type=\"application\/ld+json\" class=\"yoast-schema-graph\">{\"@context\":\"https:\/\/schema.org\",\"@graph\":[{\"@type\":\"Article\",\"@id\":\"https:\/\/swimchannel.net\/br\/nadando-em-temperaturas-geladas-por-uma-boa-causa\/#article\",\"isPartOf\":{\"@id\":\"https:\/\/swimchannel.net\/br\/nadando-em-temperaturas-geladas-por-uma-boa-causa\/\"},\"author\":{\"name\":\"Katarine Monteiro\",\"@id\":\"https:\/\/swimchannel.net\/br\/#\/schema\/person\/73ae9cec62249968bca1f0a8098ef002\"},\"headline\":\"Nadando em temperaturas geladas por uma boa causa\",\"datePublished\":\"2021-01-19T15:06:43+00:00\",\"dateModified\":\"2021-02-22T10:49:27+00:00\",\"mainEntityOfPage\":{\"@id\":\"https:\/\/swimchannel.net\/br\/nadando-em-temperaturas-geladas-por-uma-boa-causa\/\"},\"wordCount\":344,\"commentCount\":0,\"publisher\":{\"@id\":\"https:\/\/swimchannel.net\/br\/#organization\"},\"image\":{\"@id\":\"https:\/\/swimchannel.net\/br\/nadando-em-temperaturas-geladas-por-uma-boa-causa\/#primaryimage\"},\"thumbnailUrl\":\"https:\/\/swimchannel.net\/br\/wp-content\/uploads\/2021\/01\/gelo.jpg\",\"keywords\":[\"\u00c1guas abertas\",\"curiosidades\",\"Gary \u201cCreekman\u201d Sredzienski\",\"natacao\",\"nata\u00e7\u00e3o em \u00e1guas frias\"],\"articleSection\":[\"Curiosidades\"],\"inLanguage\":\"pt-BR\",\"potentialAction\":[{\"@type\":\"CommentAction\",\"name\":\"Comment\",\"target\":[\"https:\/\/swimchannel.net\/br\/nadando-em-temperaturas-geladas-por-uma-boa-causa\/#respond\"]}]},{\"@type\":\"WebPage\",\"@id\":\"https:\/\/swimchannel.net\/br\/nadando-em-temperaturas-geladas-por-uma-boa-causa\/\",\"url\":\"https:\/\/swimchannel.net\/br\/nadando-em-temperaturas-geladas-por-uma-boa-causa\/\",\"name\":\"Nadando em temperaturas geladas por uma boa causa - Swimchannel\",\"isPartOf\":{\"@id\":\"https:\/\/swimchannel.net\/br\/#website\"},\"primaryImageOfPage\":{\"@id\":\"https:\/\/swimchannel.net\/br\/nadando-em-temperaturas-geladas-por-uma-boa-causa\/#primaryimage\"},\"image\":{\"@id\":\"https:\/\/swimchannel.net\/br\/nadando-em-temperaturas-geladas-por-uma-boa-causa\/#primaryimage\"},\"thumbnailUrl\":\"https:\/\/swimchannel.net\/br\/wp-content\/uploads\/2021\/01\/gelo.jpg\",\"datePublished\":\"2021-01-19T15:06:43+00:00\",\"dateModified\":\"2021-02-22T10:49:27+00:00\",\"breadcrumb\":{\"@id\":\"https:\/\/swimchannel.net\/br\/nadando-em-temperaturas-geladas-por-uma-boa-causa\/#breadcrumb\"},\"inLanguage\":\"pt-BR\",\"potentialAction\":[{\"@type\":\"ReadAction\",\"target\":[\"https:\/\/swimchannel.net\/br\/nadando-em-temperaturas-geladas-por-uma-boa-causa\/\"]}]},{\"@type\":\"ImageObject\",\"inLanguage\":\"pt-BR\",\"@id\":\"https:\/\/swimchannel.net\/br\/nadando-em-temperaturas-geladas-por-uma-boa-causa\/#primaryimage\",\"url\":\"https:\/\/swimchannel.net\/br\/wp-content\/uploads\/2021\/01\/gelo.jpg\",\"contentUrl\":\"https:\/\/swimchannel.net\/br\/wp-content\/uploads\/2021\/01\/gelo.jpg\",\"width\":750,\"height\":429,\"caption\":\"Gary \u201cCreekman\u201d Sredzienski - Foto: Karen Dandurant\"},{\"@type\":\"BreadcrumbList\",\"@id\":\"https:\/\/swimchannel.net\/br\/nadando-em-temperaturas-geladas-por-uma-boa-causa\/#breadcrumb\",\"itemListElement\":[{\"@type\":\"ListItem\",\"position\":1,\"name\":\"Home\",\"item\":\"https:\/\/swimchannel.net\/br\/\"},{\"@type\":\"ListItem\",\"position\":2,\"name\":\"Nadando em temperaturas geladas por uma boa causa\"}]},{\"@type\":\"WebSite\",\"@id\":\"https:\/\/swimchannel.net\/br\/#website\",\"url\":\"https:\/\/swimchannel.net\/br\/\",\"name\":\"Swimchannel\",\"description\":\"Maior portal de nata\u00e7\u00e3o da america latina\",\"publisher\":{\"@id\":\"https:\/\/swimchannel.net\/br\/#organization\"},\"potentialAction\":[{\"@type\":\"SearchAction\",\"target\":{\"@type\":\"EntryPoint\",\"urlTemplate\":\"https:\/\/swimchannel.net\/br\/?s={search_term_string}\"},\"query-input\":{\"@type\":\"PropertyValueSpecification\",\"valueRequired\":true,\"valueName\":\"search_term_string\"}}],\"inLanguage\":\"pt-BR\"},{\"@type\":\"Organization\",\"@id\":\"https:\/\/swimchannel.net\/br\/#organization\",\"name\":\"Swimchannel - Conectando voc\u00ea a Nata\u00e7\u00e3o\",\"url\":\"https:\/\/swimchannel.net\/br\/\",\"logo\":{\"@type\":\"ImageObject\",\"inLanguage\":\"pt-BR\",\"@id\":\"https:\/\/swimchannel.net\/br\/#\/schema\/logo\/image\/\",\"url\":\"https:\/\/swimchannel.net\/br\/wp-content\/uploads\/2026\/02\/SWIM-CHANNEL.png\",\"contentUrl\":\"https:\/\/swimchannel.net\/br\/wp-content\/uploads\/2026\/02\/SWIM-CHANNEL.png\",\"width\":1120,\"height\":630,\"caption\":\"Swimchannel - Conectando voc\u00ea a Nata\u00e7\u00e3o\"},\"image\":{\"@id\":\"https:\/\/swimchannel.net\/br\/#\/schema\/logo\/image\/\"},\"sameAs\":[\"https:\/\/www.facebook.com\/swimchannel\",\"https:\/\/www.instagram.com\/swimchannel\"]},{\"@type\":\"Person\",\"@id\":\"https:\/\/swimchannel.net\/br\/#\/schema\/person\/73ae9cec62249968bca1f0a8098ef002\",\"name\":\"Katarine Monteiro\",\"image\":{\"@type\":\"ImageObject\",\"inLanguage\":\"pt-BR\",\"@id\":\"https:\/\/swimchannel.net\/br\/#\/schema\/person\/image\/\",\"url\":\"https:\/\/swimchannel.net\/br\/wp-content\/uploads\/2022\/01\/Katarine-Monteiro-100x100.jpg\",\"contentUrl\":\"https:\/\/swimchannel.net\/br\/wp-content\/uploads\/2022\/01\/Katarine-Monteiro-100x100.jpg\",\"caption\":\"Katarine Monteiro\"},\"description\":\"Jornalista SWIM CHANNEL especializada em esportes ol\u00edmpicos e em sa\u00fade. Com cobertura de grandes eventos internacionais, como Jogos Ol\u00edmpicos Rio 2016, Jogos Pan-Americanos em Lima 2019, Qatar Total Open 2020, Qatar ExxonMobil Open 2019 - t\u00eanis em Doha (QT), Semana Internacional de Vela de Ilhabela, Transat Jacques Vabre 2019 (Fran\u00e7a-Brasil), L'\u00c9tape Brasil by Tour de France, j\u00e1 fez in\u00fameras coberturas de nata\u00e7\u00e3o, maratona aqu\u00e1tica e polo aqu\u00e1tico. Formada tamb\u00e9m em Letras, a jornalista atua como assessora de imprensa, rela\u00e7\u00f5es p\u00fablicas e social media, com especializa\u00e7\u00e3o em marketing esportivo. Nadadora amadora de \u00e1guas abertas, j\u00e1 trabalhou com grandes nomes da nata\u00e7\u00e3o e do polo aqu\u00e1tico brasileiro.\",\"sameAs\":[\"https:\/\/www.instagram.com\/_katarinemonteiro\/\",\"https:\/\/www.linkedin.com\/in\/katarine-monteiro-19385297\/\",\"https:\/\/x.com\/https:\/\/twitter.com\/Katarinem\"],\"url\":\"https:\/\/swimchannel.net\/br\/author\/katarine-monteiro\/\"}]}<\/script>\n<!-- \/ Yoast SEO plugin. -->","yoast_head_json":{"title":"Nadando em temperaturas geladas por uma boa causa - Swimchannel","robots":{"index":"index","follow":"follow","max-snippet":"max-snippet:-1","max-image-preview":"max-image-preview:large","max-video-preview":"max-video-preview:-1"},"canonical":"https:\/\/swimchannel.net\/br\/nadando-em-temperaturas-geladas-por-uma-boa-causa\/","og_locale":"pt_BR","og_type":"article","og_title":"Nadando em temperaturas geladas por uma boa causa - Swimchannel","og_description":"Todos os anos, no inverno americano, o nadador de 59 anos Gary \u201cCreekman\u201d Sredzienski escolhe as \u00e1guas geladas de Kittery Point, no estado do Maine, nos Estados Unidos para nadar por uma boa causa. Este ano o veterano nadador resolveu apoiar a institui\u00e7\u00e3o de caridade Lafayette House, um centro de reabilita\u00e7\u00e3o para pessoas com defici\u00eancia. [&hellip;]","og_url":"https:\/\/swimchannel.net\/br\/nadando-em-temperaturas-geladas-por-uma-boa-causa\/","og_site_name":"Swimchannel","article_publisher":"https:\/\/www.facebook.com\/swimchannel","article_published_time":"2021-01-19T15:06:43+00:00","article_modified_time":"2021-02-22T10:49:27+00:00","og_image":[{"width":750,"height":429,"url":"https:\/\/swimchannel.net\/br\/wp-content\/uploads\/2021\/01\/gelo.jpg","type":"image\/jpeg"}],"author":"Katarine Monteiro","twitter_card":"summary_large_image","twitter_creator":"@https:\/\/twitter.com\/Katarinem","twitter_misc":{"Escrito por":"Katarine Monteiro","Est. tempo de leitura":"2 minutos"},"schema":{"@context":"https:\/\/schema.org","@graph":[{"@type":"Article","@id":"https:\/\/swimchannel.net\/br\/nadando-em-temperaturas-geladas-por-uma-boa-causa\/#article","isPartOf":{"@id":"https:\/\/swimchannel.net\/br\/nadando-em-temperaturas-geladas-por-uma-boa-causa\/"},"author":{"name":"Katarine Monteiro","@id":"https:\/\/swimchannel.net\/br\/#\/schema\/person\/73ae9cec62249968bca1f0a8098ef002"},"headline":"Nadando em temperaturas geladas por uma boa causa","datePublished":"2021-01-19T15:06:43+00:00","dateModified":"2021-02-22T10:49:27+00:00","mainEntityOfPage":{"@id":"https:\/\/swimchannel.net\/br\/nadando-em-temperaturas-geladas-por-uma-boa-causa\/"},"wordCount":344,"commentCount":0,"publisher":{"@id":"https:\/\/swimchannel.net\/br\/#organization"},"image":{"@id":"https:\/\/swimchannel.net\/br\/nadando-em-temperaturas-geladas-por-uma-boa-causa\/#primaryimage"},"thumbnailUrl":"https:\/\/swimchannel.net\/br\/wp-content\/uploads\/2021\/01\/gelo.jpg","keywords":["\u00c1guas abertas","curiosidades","Gary \u201cCreekman\u201d Sredzienski","natacao","nata\u00e7\u00e3o em \u00e1guas frias"],"articleSection":["Curiosidades"],"inLanguage":"pt-BR","potentialAction":[{"@type":"CommentAction","name":"Comment","target":["https:\/\/swimchannel.net\/br\/nadando-em-temperaturas-geladas-por-uma-boa-causa\/#respond"]}]},{"@type":"WebPage","@id":"https:\/\/swimchannel.net\/br\/nadando-em-temperaturas-geladas-por-uma-boa-causa\/","url":"https:\/\/swimchannel.net\/br\/nadando-em-temperaturas-geladas-por-uma-boa-causa\/","name":"Nadando em temperaturas geladas por uma boa causa - Swimchannel","isPartOf":{"@id":"https:\/\/swimchannel.net\/br\/#website"},"primaryImageOfPage":{"@id":"https:\/\/swimchannel.net\/br\/nadando-em-temperaturas-geladas-por-uma-boa-causa\/#primaryimage"},"image":{"@id":"https:\/\/swimchannel.net\/br\/nadando-em-temperaturas-geladas-por-uma-boa-causa\/#primaryimage"},"thumbnailUrl":"https:\/\/swimchannel.net\/br\/wp-content\/uploads\/2021\/01\/gelo.jpg","datePublished":"2021-01-19T15:06:43+00:00","dateModified":"2021-02-22T10:49:27+00:00","breadcrumb":{"@id":"https:\/\/swimchannel.net\/br\/nadando-em-temperaturas-geladas-por-uma-boa-causa\/#breadcrumb"},"inLanguage":"pt-BR","potentialAction":[{"@type":"ReadAction","target":["https:\/\/swimchannel.net\/br\/nadando-em-temperaturas-geladas-por-uma-boa-causa\/"]}]},{"@type":"ImageObject","inLanguage":"pt-BR","@id":"https:\/\/swimchannel.net\/br\/nadando-em-temperaturas-geladas-por-uma-boa-causa\/#primaryimage","url":"https:\/\/swimchannel.net\/br\/wp-content\/uploads\/2021\/01\/gelo.jpg","contentUrl":"https:\/\/swimchannel.net\/br\/wp-content\/uploads\/2021\/01\/gelo.jpg","width":750,"height":429,"caption":"Gary \u201cCreekman\u201d Sredzienski - Foto: Karen Dandurant"},{"@type":"BreadcrumbList","@id":"https:\/\/swimchannel.net\/br\/nadando-em-temperaturas-geladas-por-uma-boa-causa\/#breadcrumb","itemListElement":[{"@type":"ListItem","position":1,"name":"Home","item":"https:\/\/swimchannel.net\/br\/"},{"@type":"ListItem","position":2,"name":"Nadando em temperaturas geladas por uma boa causa"}]},{"@type":"WebSite","@id":"https:\/\/swimchannel.net\/br\/#website","url":"https:\/\/swimchannel.net\/br\/","name":"Swimchannel","description":"Maior portal de nata\u00e7\u00e3o da america latina","publisher":{"@id":"https:\/\/swimchannel.net\/br\/#organization"},"potentialAction":[{"@type":"SearchAction","target":{"@type":"EntryPoint","urlTemplate":"https:\/\/swimchannel.net\/br\/?s={search_term_string}"},"query-input":{"@type":"PropertyValueSpecification","valueRequired":true,"valueName":"search_term_string"}}],"inLanguage":"pt-BR"},{"@type":"Organization","@id":"https:\/\/swimchannel.net\/br\/#organization","name":"Swimchannel - Conectando voc\u00ea a Nata\u00e7\u00e3o","url":"https:\/\/swimchannel.net\/br\/","logo":{"@type":"ImageObject","inLanguage":"pt-BR","@id":"https:\/\/swimchannel.net\/br\/#\/schema\/logo\/image\/","url":"https:\/\/swimchannel.net\/br\/wp-content\/uploads\/2026\/02\/SWIM-CHANNEL.png","contentUrl":"https:\/\/swimchannel.net\/br\/wp-content\/uploads\/2026\/02\/SWIM-CHANNEL.png","width":1120,"height":630,"caption":"Swimchannel - Conectando voc\u00ea a Nata\u00e7\u00e3o"},"image":{"@id":"https:\/\/swimchannel.net\/br\/#\/schema\/logo\/image\/"},"sameAs":["https:\/\/www.facebook.com\/swimchannel","https:\/\/www.instagram.com\/swimchannel"]},{"@type":"Person","@id":"https:\/\/swimchannel.net\/br\/#\/schema\/person\/73ae9cec62249968bca1f0a8098ef002","name":"Katarine Monteiro","image":{"@type":"ImageObject","inLanguage":"pt-BR","@id":"https:\/\/swimchannel.net\/br\/#\/schema\/person\/image\/","url":"https:\/\/swimchannel.net\/br\/wp-content\/uploads\/2022\/01\/Katarine-Monteiro-100x100.jpg","contentUrl":"https:\/\/swimchannel.net\/br\/wp-content\/uploads\/2022\/01\/Katarine-Monteiro-100x100.jpg","caption":"Katarine Monteiro"},"description":"Jornalista SWIM CHANNEL especializada em esportes ol\u00edmpicos e em sa\u00fade. Com cobertura de grandes eventos internacionais, como Jogos Ol\u00edmpicos Rio 2016, Jogos Pan-Americanos em Lima 2019, Qatar Total Open 2020, Qatar ExxonMobil Open 2019 - t\u00eanis em Doha (QT), Semana Internacional de Vela de Ilhabela, Transat Jacques Vabre 2019 (Fran\u00e7a-Brasil), L'\u00c9tape Brasil by Tour de France, j\u00e1 fez in\u00fameras coberturas de nata\u00e7\u00e3o, maratona aqu\u00e1tica e polo aqu\u00e1tico. Formada tamb\u00e9m em Letras, a jornalista atua como assessora de imprensa, rela\u00e7\u00f5es p\u00fablicas e social media, com especializa\u00e7\u00e3o em marketing esportivo. Nadadora amadora de \u00e1guas abertas, j\u00e1 trabalhou com grandes nomes da nata\u00e7\u00e3o e do polo aqu\u00e1tico brasileiro.","sameAs":["https:\/\/www.instagram.com\/_katarinemonteiro\/","https:\/\/www.linkedin.com\/in\/katarine-monteiro-19385297\/","https:\/\/x.com\/https:\/\/twitter.com\/Katarinem"],"url":"https:\/\/swimchannel.net\/br\/author\/katarine-monteiro\/"}]}},"_links":{"self":[{"href":"https:\/\/swimchannel.net\/br\/wp-json\/wp\/v2\/posts\/28143","targetHints":{"allow":["GET"]}}],"collection":[{"href":"https:\/\/swimchannel.net\/br\/wp-json\/wp\/v2\/posts"}],"about":[{"href":"https:\/\/swimchannel.net\/br\/wp-json\/wp\/v2\/types\/post"}],"author":[{"embeddable":true,"href":"https:\/\/swimchannel.net\/br\/wp-json\/wp\/v2\/users\/9"}],"replies":[{"embeddable":true,"href":"https:\/\/swimchannel.net\/br\/wp-json\/wp\/v2\/comments?post=28143"}],"version-history":[{"count":0,"href":"https:\/\/swimchannel.net\/br\/wp-json\/wp\/v2\/posts\/28143\/revisions"}],"wp:featuredmedia":[{"embeddable":true,"href":"https:\/\/swimchannel.net\/br\/wp-json\/wp\/v2\/media\/28157"}],"wp:attachment":[{"href":"https:\/\/swimchannel.net\/br\/wp-json\/wp\/v2\/media?parent=28143"}],"wp:term":[{"taxonomy":"category","embeddable":true,"href":"https:\/\/swimchannel.net\/br\/wp-json\/wp\/v2\/categories?post=28143"},{"taxonomy":"post_tag","embeddable":true,"href":"https:\/\/swimchannel.net\/br\/wp-json\/wp\/v2\/tags?post=28143"}],"curies":[{"name":"wp","href":"https:\/\/api.w.org\/{rel}","templated":true}]}}