{"id":28160,"date":"2021-01-19T16:27:10","date_gmt":"2021-01-19T19:27:10","guid":{"rendered":"https:\/\/swimchannel.net\/br\/?p=28160"},"modified":"2026-03-09T12:41:58","modified_gmt":"2026-03-09T15:41:58","slug":"relembrando-o-campeonato-mundial-de-perth-1998","status":"publish","type":"post","link":"https:\/\/swimchannel.net\/br\/relembrando-o-campeonato-mundial-de-perth-1998\/","title":{"rendered":"Relembrando o Campeonato Mundial de Perth-1998"},"content":{"rendered":"<p>No \u00faltimo domingo completaram-se 23 anos do fim do Campeonato Mundial de Esportes Aqu\u00e1ticos de Perth, na Austr\u00e1lia. O evento aconteceu em uma \u00e9poca bastante at\u00edpica sendo realizado logo no come\u00e7o do ano entre os dias 8 e 17 de janeiro. Com exce\u00e7\u00e3o das provas de \u00e1guas abertas, que aconteceram na praia, as demais modalidades ocorreram no Perth Superdome, uma moderna arena multiuso.<\/p>\n<p>Na \u00e9poca o evento era disputado de quatro em quatro anos e seguia o roteiro ol\u00edmpico, sem as provas de 50m estilo, 1500m livre feminino e 800m livre masculino. A competi\u00e7\u00e3o n\u00e3o registrou nenhum recorde mundial, mas oito marcas de campeonato ca\u00edram na piscina de Perth. Ap\u00f3s esta edi\u00e7\u00e3o o Mundial de Esportes Aqu\u00e1ticos da FINA mudou de patamar e passou a ser realizado de dois em dois anos com adi\u00e7\u00e3o de mais provas em seu programa.<\/p>\n<p>Em Perth o maior destaque do evento foi o velocista Michael Klim. O australiano, que j\u00e1 havia sido medalhista ol\u00edmpico em Atlanta-1996 com o 4x100m medley, terminou a competi\u00e7\u00e3o com sete medalhas no peito, sendo quatro de ouro. Sua melhor performance foi nos 100m borboleta onde estabeleceu um novo recorde de campeonato com 52s25, apenas dez cent\u00e9simos acima do recorde mundial que ele havia estabelecido no ano anterior.<\/p>\n<p>Os <em>aussies<\/em> tamb\u00e9m assistiram nesta competi\u00e7\u00e3o uma nova estrela surgir: <a href=\"https:\/\/swimchannel.net\/br\/atleta\/ian-thorpe\/\">Ian Thorpe<\/a>. O jovem de 15 anos foi brilhante em seu primeiro mundial conquistando o t\u00edtulo mundial nos 400m livre batendo outra sensa\u00e7\u00e3o australiana, Grant Hackett de 17 anos que ainda foi campe\u00e3o dos 1500m livre. A dupla ainda foi ao p\u00f3dio junta no 4x200m livre ao lado de Klim e Daniel Kowalski que nadava seu \u00faltimo Mundial.<\/p>\n<p>Al\u00e9m dos australianos, outros nomes de destaque foram o russo Alexander Popov e os americanos Lenny Krayzelburg e Jenny Thompson. Popov brilhou vencendo os 100m livre e sendo vice-campe\u00e3o nos 50m livre e bronze no 4x100m livre.\u00a0Krayzelburg conquistou o t\u00edtulo mundial nos 100m e 200m costas e Thompson foi a maior medalhista no feminino com cinco p\u00f3dios.<\/p>\n<p>O Brasil esteve representado em Perth por 18 nadadores: <a href=\"https:\/\/swimchannel.net\/br\/atleta\/tatiana-lemos\/\">Tatiana Lemos<\/a>, Lucia Santos, Monique Ferreira, Raquel Takaya, <a href=\"https:\/\/swimchannel.net\/br\/atleta\/fabiola-molina\/\">Fabiola Molina<\/a>, <a href=\"https:\/\/swimchannel.net\/br\/atleta\/fernando-scherer\/\">Fernando Scherer<\/a>, Ricardo Dornelas, <a href=\"https:\/\/swimchannel.net\/br\/atleta\/gustavo-borges\/\">Gustavo Borges<\/a>, Fernando Saez, Luiz Lima, Pedro Monteiro, Rogerio Romero, Alan Pessotti, <a href=\"https:\/\/swimchannel.net\/br\/atleta\/edvaldo-valerio\/\">Edvaldo Val\u00e9rio<\/a> e Andr\u00e9 Cordeiro, al\u00e9m de Celina Endo, Alexandre Angelotti e Paulo Torres nas \u00e1guas abertas.<\/p>\n<p>O pa\u00eds deixou a competi\u00e7\u00e3o sem medalhas, mas chegou a seis finais com Gustavo Borges quinto nos 100m livre e oitavo nos 200m livre, Fernando Scherer oitavo nos 50m livre, Luiz Lima sexto nos 1500m livre, Rog\u00e9rio Romero s\u00e9timo nos 100m costas e o revezamento 4x100m livre com Gustavo, Scherer, Edvaldo Val\u00e9rio e Andre Cordeiro que terminou em sexto lugar.<\/p>\n<p>Nas \u00e1guas abertas aconteceram apenas as provas de 5 km e 25 km. O principal destaque foi o russo Aleksey Akatyev que venceu as duas provas no masculino. <a href=\"https:\/\/en.wikipedia.org\/wiki\/1998_World_Aquatics_Championships\" target=\"_blank\" rel=\"noopener noreferrer\">Clique aqui<\/a> e veja os resultados completos deste mundial e assista abaixo algumas das principais provas daquela edi\u00e7\u00e3o de Mundial:<\/p>\n<p><strong>400m livre masculino<\/strong><\/p>\n<p><iframe loading=\"lazy\" src=\"https:\/\/www.youtube.com\/embed\/drNr_emj9Fo\" width=\"560\" height=\"315\" frameborder=\"0\" allowfullscreen=\"allowfullscreen\"><\/iframe><\/p>\n<p>&nbsp;<\/p>\n<p><strong>100m livre masculino<\/strong><\/p>\n<p><iframe loading=\"lazy\" src=\"https:\/\/www.youtube.com\/embed\/r5iJI72fBJE\" width=\"560\" height=\"315\" frameborder=\"0\" allowfullscreen=\"allowfullscreen\"><\/iframe><\/p>\n<p>&nbsp;<\/p>\n<p><strong>100m borboleta masculino<\/strong><\/p>\n<p><iframe loading=\"lazy\" src=\"https:\/\/www.youtube.com\/embed\/mAItnI5KzBc\" width=\"560\" height=\"315\" frameborder=\"0\" allowfullscreen=\"allowfullscreen\"><\/iframe><\/p>\n<p>&nbsp;<\/p>\n<p><strong>5 km masculino<\/strong><\/p>\n<p><iframe loading=\"lazy\" src=\"https:\/\/www.youtube.com\/embed\/l58prmhRxZU\" width=\"560\" height=\"315\" frameborder=\"0\" allowfullscreen=\"allowfullscreen\"><\/iframe><\/p>\n<p>&nbsp;<\/p>\n<p><strong>4x100m livre masculino<\/strong><\/p>\n<p><iframe loading=\"lazy\" src=\"https:\/\/www.youtube.com\/embed\/0zAmA2G874M\" width=\"560\" height=\"315\" frameborder=\"0\" allowfullscreen=\"allowfullscreen\"><\/iframe><\/p>\n","protected":false},"excerpt":{"rendered":"<p>No \u00faltimo domingo completaram-se 23 anos do fim do Campeonato Mundial de Esportes Aqu\u00e1ticos de Perth, na Austr\u00e1lia. O evento aconteceu em uma \u00e9poca bastante at\u00edpica sendo realizado logo no come\u00e7o do ano entre os dias 8 e 17 de janeiro. Com exce\u00e7\u00e3o das provas de \u00e1guas abertas, que aconteceram na praia, as demais modalidades [&hellip;]<\/p>\n","protected":false},"author":3,"featured_media":0,"comment_status":"open","ping_status":"open","sticky":false,"template":"","format":"standard","meta":{"footnotes":""},"categories":[58],"tags":[14,44,2106,2478,5],"class_list":["post-28160","post","type-post","status-publish","format-standard","hentry","category-campeonato-mundial","tag-aguas-abertas","tag-campeonato-mundial","tag-michael-klim","tag-mundial-de-perth-1998","tag-natacao"],"yoast_head":"<!-- This site is optimized with the Yoast SEO plugin v27.0 - https:\/\/yoast.com\/product\/yoast-seo-wordpress\/ -->\n<title>Relembrando o Campeonato Mundial de Perth-1998 - Swimchannel<\/title>\n<meta name=\"robots\" content=\"index, follow, max-snippet:-1, max-image-preview:large, max-video-preview:-1\" \/>\n<link rel=\"canonical\" href=\"https:\/\/swimchannel.net\/br\/relembrando-o-campeonato-mundial-de-perth-1998\/\" \/>\n<meta property=\"og:locale\" content=\"pt_BR\" \/>\n<meta property=\"og:type\" content=\"article\" \/>\n<meta property=\"og:title\" content=\"Relembrando o Campeonato Mundial de Perth-1998 - Swimchannel\" \/>\n<meta property=\"og:description\" content=\"No \u00faltimo domingo completaram-se 23 anos do fim do Campeonato Mundial de Esportes Aqu\u00e1ticos de Perth, na Austr\u00e1lia. O evento aconteceu em uma \u00e9poca bastante at\u00edpica sendo realizado logo no come\u00e7o do ano entre os dias 8 e 17 de janeiro. Com exce\u00e7\u00e3o das provas de \u00e1guas abertas, que aconteceram na praia, as demais modalidades [&hellip;]\" \/>\n<meta property=\"og:url\" content=\"https:\/\/swimchannel.net\/br\/relembrando-o-campeonato-mundial-de-perth-1998\/\" \/>\n<meta property=\"og:site_name\" content=\"Swimchannel\" \/>\n<meta property=\"article:publisher\" content=\"https:\/\/www.facebook.com\/swimchannel\" \/>\n<meta property=\"article:published_time\" content=\"2021-01-19T19:27:10+00:00\" \/>\n<meta property=\"article:modified_time\" content=\"2026-03-09T15:41:58+00:00\" \/>\n<meta name=\"author\" content=\"Guilherme Freitas\" \/>\n<meta name=\"twitter:card\" content=\"summary_large_image\" \/>\n<meta name=\"twitter:label1\" content=\"Escrito por\" \/>\n\t<meta name=\"twitter:data1\" content=\"Guilherme Freitas\" \/>\n\t<meta name=\"twitter:label2\" content=\"Est. tempo de leitura\" \/>\n\t<meta name=\"twitter:data2\" content=\"3 minutos\" \/>\n<script type=\"application\/ld+json\" class=\"yoast-schema-graph\">{\"@context\":\"https:\/\/schema.org\",\"@graph\":[{\"@type\":\"Article\",\"@id\":\"https:\/\/swimchannel.net\/br\/relembrando-o-campeonato-mundial-de-perth-1998\/#article\",\"isPartOf\":{\"@id\":\"https:\/\/swimchannel.net\/br\/relembrando-o-campeonato-mundial-de-perth-1998\/\"},\"author\":{\"name\":\"Guilherme Freitas\",\"@id\":\"https:\/\/swimchannel.net\/br\/#\/schema\/person\/aa2a63bab3275f53749a83276b213c48\"},\"headline\":\"Relembrando o Campeonato Mundial de Perth-1998\",\"datePublished\":\"2021-01-19T19:27:10+00:00\",\"dateModified\":\"2026-03-09T15:41:58+00:00\",\"mainEntityOfPage\":{\"@id\":\"https:\/\/swimchannel.net\/br\/relembrando-o-campeonato-mundial-de-perth-1998\/\"},\"wordCount\":549,\"commentCount\":0,\"publisher\":{\"@id\":\"https:\/\/swimchannel.net\/br\/#organization\"},\"keywords\":[\"\u00c1guas abertas\",\"Campeonato Mundial\",\"Michael Klim\",\"Mundial de Perth-1998\",\"natacao\"],\"articleSection\":[\"Campeonato Mundial\"],\"inLanguage\":\"pt-BR\",\"potentialAction\":[{\"@type\":\"CommentAction\",\"name\":\"Comment\",\"target\":[\"https:\/\/swimchannel.net\/br\/relembrando-o-campeonato-mundial-de-perth-1998\/#respond\"]}]},{\"@type\":\"WebPage\",\"@id\":\"https:\/\/swimchannel.net\/br\/relembrando-o-campeonato-mundial-de-perth-1998\/\",\"url\":\"https:\/\/swimchannel.net\/br\/relembrando-o-campeonato-mundial-de-perth-1998\/\",\"name\":\"Relembrando o Campeonato Mundial de Perth-1998 - Swimchannel\",\"isPartOf\":{\"@id\":\"https:\/\/swimchannel.net\/br\/#website\"},\"datePublished\":\"2021-01-19T19:27:10+00:00\",\"dateModified\":\"2026-03-09T15:41:58+00:00\",\"breadcrumb\":{\"@id\":\"https:\/\/swimchannel.net\/br\/relembrando-o-campeonato-mundial-de-perth-1998\/#breadcrumb\"},\"inLanguage\":\"pt-BR\",\"potentialAction\":[{\"@type\":\"ReadAction\",\"target\":[\"https:\/\/swimchannel.net\/br\/relembrando-o-campeonato-mundial-de-perth-1998\/\"]}]},{\"@type\":\"BreadcrumbList\",\"@id\":\"https:\/\/swimchannel.net\/br\/relembrando-o-campeonato-mundial-de-perth-1998\/#breadcrumb\",\"itemListElement\":[{\"@type\":\"ListItem\",\"position\":1,\"name\":\"Home\",\"item\":\"https:\/\/swimchannel.net\/br\/\"},{\"@type\":\"ListItem\",\"position\":2,\"name\":\"Relembrando o Campeonato Mundial de Perth-1998\"}]},{\"@type\":\"WebSite\",\"@id\":\"https:\/\/swimchannel.net\/br\/#website\",\"url\":\"https:\/\/swimchannel.net\/br\/\",\"name\":\"Swimchannel\",\"description\":\"Maior portal de nata\u00e7\u00e3o da america latina\",\"publisher\":{\"@id\":\"https:\/\/swimchannel.net\/br\/#organization\"},\"potentialAction\":[{\"@type\":\"SearchAction\",\"target\":{\"@type\":\"EntryPoint\",\"urlTemplate\":\"https:\/\/swimchannel.net\/br\/?s={search_term_string}\"},\"query-input\":{\"@type\":\"PropertyValueSpecification\",\"valueRequired\":true,\"valueName\":\"search_term_string\"}}],\"inLanguage\":\"pt-BR\"},{\"@type\":\"Organization\",\"@id\":\"https:\/\/swimchannel.net\/br\/#organization\",\"name\":\"Swimchannel - Conectando voc\u00ea a Nata\u00e7\u00e3o\",\"url\":\"https:\/\/swimchannel.net\/br\/\",\"logo\":{\"@type\":\"ImageObject\",\"inLanguage\":\"pt-BR\",\"@id\":\"https:\/\/swimchannel.net\/br\/#\/schema\/logo\/image\/\",\"url\":\"https:\/\/swimchannel.net\/br\/wp-content\/uploads\/2026\/02\/SWIM-CHANNEL.png\",\"contentUrl\":\"https:\/\/swimchannel.net\/br\/wp-content\/uploads\/2026\/02\/SWIM-CHANNEL.png\",\"width\":1120,\"height\":630,\"caption\":\"Swimchannel - Conectando voc\u00ea a Nata\u00e7\u00e3o\"},\"image\":{\"@id\":\"https:\/\/swimchannel.net\/br\/#\/schema\/logo\/image\/\"},\"sameAs\":[\"https:\/\/www.facebook.com\/swimchannel\",\"https:\/\/www.instagram.com\/swimchannel\"]},{\"@type\":\"Person\",\"@id\":\"https:\/\/swimchannel.net\/br\/#\/schema\/person\/aa2a63bab3275f53749a83276b213c48\",\"name\":\"Guilherme Freitas\",\"image\":{\"@type\":\"ImageObject\",\"inLanguage\":\"pt-BR\",\"@id\":\"https:\/\/swimchannel.net\/br\/#\/schema\/person\/image\/\",\"url\":\"https:\/\/swimchannel.net\/br\/wp-content\/uploads\/2025\/10\/gui22-193x180.png\",\"contentUrl\":\"https:\/\/swimchannel.net\/br\/wp-content\/uploads\/2025\/10\/gui22-193x180.png\",\"caption\":\"Guilherme Freitas\"},\"description\":\"Jornalista s\u00eanior da SWIM CHANNEL, ex-correspondente da FINA no Brasil e pesquisador acad\u00eamico.\",\"sameAs\":[\"instagram.com\/guifreitas86\"],\"url\":\"https:\/\/swimchannel.net\/br\/author\/guilherme-freitas\/\"}]}<\/script>\n<!-- \/ Yoast SEO plugin. -->","yoast_head_json":{"title":"Relembrando o Campeonato Mundial de Perth-1998 - Swimchannel","robots":{"index":"index","follow":"follow","max-snippet":"max-snippet:-1","max-image-preview":"max-image-preview:large","max-video-preview":"max-video-preview:-1"},"canonical":"https:\/\/swimchannel.net\/br\/relembrando-o-campeonato-mundial-de-perth-1998\/","og_locale":"pt_BR","og_type":"article","og_title":"Relembrando o Campeonato Mundial de Perth-1998 - Swimchannel","og_description":"No \u00faltimo domingo completaram-se 23 anos do fim do Campeonato Mundial de Esportes Aqu\u00e1ticos de Perth, na Austr\u00e1lia. O evento aconteceu em uma \u00e9poca bastante at\u00edpica sendo realizado logo no come\u00e7o do ano entre os dias 8 e 17 de janeiro. Com exce\u00e7\u00e3o das provas de \u00e1guas abertas, que aconteceram na praia, as demais modalidades [&hellip;]","og_url":"https:\/\/swimchannel.net\/br\/relembrando-o-campeonato-mundial-de-perth-1998\/","og_site_name":"Swimchannel","article_publisher":"https:\/\/www.facebook.com\/swimchannel","article_published_time":"2021-01-19T19:27:10+00:00","article_modified_time":"2026-03-09T15:41:58+00:00","author":"Guilherme Freitas","twitter_card":"summary_large_image","twitter_misc":{"Escrito por":"Guilherme Freitas","Est. tempo de leitura":"3 minutos"},"schema":{"@context":"https:\/\/schema.org","@graph":[{"@type":"Article","@id":"https:\/\/swimchannel.net\/br\/relembrando-o-campeonato-mundial-de-perth-1998\/#article","isPartOf":{"@id":"https:\/\/swimchannel.net\/br\/relembrando-o-campeonato-mundial-de-perth-1998\/"},"author":{"name":"Guilherme Freitas","@id":"https:\/\/swimchannel.net\/br\/#\/schema\/person\/aa2a63bab3275f53749a83276b213c48"},"headline":"Relembrando o Campeonato Mundial de Perth-1998","datePublished":"2021-01-19T19:27:10+00:00","dateModified":"2026-03-09T15:41:58+00:00","mainEntityOfPage":{"@id":"https:\/\/swimchannel.net\/br\/relembrando-o-campeonato-mundial-de-perth-1998\/"},"wordCount":549,"commentCount":0,"publisher":{"@id":"https:\/\/swimchannel.net\/br\/#organization"},"keywords":["\u00c1guas abertas","Campeonato Mundial","Michael Klim","Mundial de Perth-1998","natacao"],"articleSection":["Campeonato Mundial"],"inLanguage":"pt-BR","potentialAction":[{"@type":"CommentAction","name":"Comment","target":["https:\/\/swimchannel.net\/br\/relembrando-o-campeonato-mundial-de-perth-1998\/#respond"]}]},{"@type":"WebPage","@id":"https:\/\/swimchannel.net\/br\/relembrando-o-campeonato-mundial-de-perth-1998\/","url":"https:\/\/swimchannel.net\/br\/relembrando-o-campeonato-mundial-de-perth-1998\/","name":"Relembrando o Campeonato Mundial de Perth-1998 - Swimchannel","isPartOf":{"@id":"https:\/\/swimchannel.net\/br\/#website"},"datePublished":"2021-01-19T19:27:10+00:00","dateModified":"2026-03-09T15:41:58+00:00","breadcrumb":{"@id":"https:\/\/swimchannel.net\/br\/relembrando-o-campeonato-mundial-de-perth-1998\/#breadcrumb"},"inLanguage":"pt-BR","potentialAction":[{"@type":"ReadAction","target":["https:\/\/swimchannel.net\/br\/relembrando-o-campeonato-mundial-de-perth-1998\/"]}]},{"@type":"BreadcrumbList","@id":"https:\/\/swimchannel.net\/br\/relembrando-o-campeonato-mundial-de-perth-1998\/#breadcrumb","itemListElement":[{"@type":"ListItem","position":1,"name":"Home","item":"https:\/\/swimchannel.net\/br\/"},{"@type":"ListItem","position":2,"name":"Relembrando o Campeonato Mundial de Perth-1998"}]},{"@type":"WebSite","@id":"https:\/\/swimchannel.net\/br\/#website","url":"https:\/\/swimchannel.net\/br\/","name":"Swimchannel","description":"Maior portal de nata\u00e7\u00e3o da america latina","publisher":{"@id":"https:\/\/swimchannel.net\/br\/#organization"},"potentialAction":[{"@type":"SearchAction","target":{"@type":"EntryPoint","urlTemplate":"https:\/\/swimchannel.net\/br\/?s={search_term_string}"},"query-input":{"@type":"PropertyValueSpecification","valueRequired":true,"valueName":"search_term_string"}}],"inLanguage":"pt-BR"},{"@type":"Organization","@id":"https:\/\/swimchannel.net\/br\/#organization","name":"Swimchannel - Conectando voc\u00ea a Nata\u00e7\u00e3o","url":"https:\/\/swimchannel.net\/br\/","logo":{"@type":"ImageObject","inLanguage":"pt-BR","@id":"https:\/\/swimchannel.net\/br\/#\/schema\/logo\/image\/","url":"https:\/\/swimchannel.net\/br\/wp-content\/uploads\/2026\/02\/SWIM-CHANNEL.png","contentUrl":"https:\/\/swimchannel.net\/br\/wp-content\/uploads\/2026\/02\/SWIM-CHANNEL.png","width":1120,"height":630,"caption":"Swimchannel - Conectando voc\u00ea a Nata\u00e7\u00e3o"},"image":{"@id":"https:\/\/swimchannel.net\/br\/#\/schema\/logo\/image\/"},"sameAs":["https:\/\/www.facebook.com\/swimchannel","https:\/\/www.instagram.com\/swimchannel"]},{"@type":"Person","@id":"https:\/\/swimchannel.net\/br\/#\/schema\/person\/aa2a63bab3275f53749a83276b213c48","name":"Guilherme Freitas","image":{"@type":"ImageObject","inLanguage":"pt-BR","@id":"https:\/\/swimchannel.net\/br\/#\/schema\/person\/image\/","url":"https:\/\/swimchannel.net\/br\/wp-content\/uploads\/2025\/10\/gui22-193x180.png","contentUrl":"https:\/\/swimchannel.net\/br\/wp-content\/uploads\/2025\/10\/gui22-193x180.png","caption":"Guilherme Freitas"},"description":"Jornalista s\u00eanior da SWIM CHANNEL, ex-correspondente da FINA no Brasil e pesquisador acad\u00eamico.","sameAs":["instagram.com\/guifreitas86"],"url":"https:\/\/swimchannel.net\/br\/author\/guilherme-freitas\/"}]}},"_links":{"self":[{"href":"https:\/\/swimchannel.net\/br\/wp-json\/wp\/v2\/posts\/28160","targetHints":{"allow":["GET"]}}],"collection":[{"href":"https:\/\/swimchannel.net\/br\/wp-json\/wp\/v2\/posts"}],"about":[{"href":"https:\/\/swimchannel.net\/br\/wp-json\/wp\/v2\/types\/post"}],"author":[{"embeddable":true,"href":"https:\/\/swimchannel.net\/br\/wp-json\/wp\/v2\/users\/3"}],"replies":[{"embeddable":true,"href":"https:\/\/swimchannel.net\/br\/wp-json\/wp\/v2\/comments?post=28160"}],"version-history":[{"count":1,"href":"https:\/\/swimchannel.net\/br\/wp-json\/wp\/v2\/posts\/28160\/revisions"}],"predecessor-version":[{"id":80036,"href":"https:\/\/swimchannel.net\/br\/wp-json\/wp\/v2\/posts\/28160\/revisions\/80036"}],"wp:attachment":[{"href":"https:\/\/swimchannel.net\/br\/wp-json\/wp\/v2\/media?parent=28160"}],"wp:term":[{"taxonomy":"category","embeddable":true,"href":"https:\/\/swimchannel.net\/br\/wp-json\/wp\/v2\/categories?post=28160"},{"taxonomy":"post_tag","embeddable":true,"href":"https:\/\/swimchannel.net\/br\/wp-json\/wp\/v2\/tags?post=28160"}],"curies":[{"name":"wp","href":"https:\/\/api.w.org\/{rel}","templated":true}]}}