{"id":28312,"date":"2021-02-01T17:00:33","date_gmt":"2021-02-01T20:00:33","guid":{"rendered":"https:\/\/swimchannel.net\/br\/?p=28312"},"modified":"2026-03-09T12:34:48","modified_gmt":"2026-03-09T15:34:48","slug":"comites-nacionais-ja-pensam-na-vacinacao","status":"publish","type":"post","link":"https:\/\/swimchannel.net\/br\/comites-nacionais-ja-pensam-na-vacinacao\/","title":{"rendered":"Comit\u00eas nacionais j\u00e1 pensam na vacina\u00e7\u00e3o"},"content":{"rendered":"<p>Na luta contra a pandemia do COVID-19 v\u00e1rios pa\u00edses j\u00e1 come\u00e7aram a vacinar suas popula\u00e7\u00f5es contra o coronav\u00edrus. Segundo o site de estat\u00edsticas <a href=\"http:\/\/ourworldindata.org\/\" target=\"_blank\" rel=\"noopener noreferrer\">Our World in Data<\/a>, 58 na\u00e7\u00f5es j\u00e1 vacinaram pelo menos uma pessoa dentro de seus territ\u00f3rios. O caminho \u00e9 longo e levar\u00e1 muitos meses para imunizar toda a popula\u00e7\u00e3o global, mas alguns Comit\u00eas Ol\u00edmpicos j\u00e1 come\u00e7am a se organizar para vacinar seus atletas visando os Jogos Ol\u00edmpicos de T\u00f3quio-2020.<\/p>\n<p>Um dos pa\u00edses que tem um plano e imuniza\u00e7\u00e3o j\u00e1 organizado \u00e9 a Hungria. O pa\u00eds fez uma lista com o nome de mais de 800 atletas com chances de classifica\u00e7\u00e3o ol\u00edmpica, e estuda vacin\u00e1-los para os Jogos de T\u00f3quio ou para os Jogos de Inverno de Pequim-2022. O pa\u00eds j\u00e1 aprovou vacinas de cinco fabricantes diferentes e os atletas h\u00fangaros receberiam duas doses da vacina da Moderna. No Rio-2016, a Hungria conquistou ao todo 12 medalhas.<\/p>\n<p>Pa\u00eds que mais vacinou sua popula\u00e7\u00e3o, cerca de 56% at\u00e9 o momento, Israel tamb\u00e9m planeja imunizar toda a sua delega\u00e7\u00e3o ol\u00edmpica. Inclusive, parte da for\u00e7a esportiva israelense j\u00e1 recebeu a primeira dose das vacinas da Moderna e Pfizer. J\u00e1 o Comit\u00ea Ol\u00edmpico da S\u00e9rvia e o Minist\u00e9rio do Esporte do pa\u00eds tra\u00e7am um plano de vacina\u00e7\u00e3o para os atletas logo ap\u00f3s imunizar a popula\u00e7\u00e3o do grupo de risco. E a Austr\u00e1lia, j\u00e1 confirmou que pretende imunizar atletas a tempo dos Jogos Ol\u00edmpicos. Outros pa\u00edses como Canad\u00e1 e Coreia do Sul tamb\u00e9m j\u00e1 estudam vacinar os atletas, mas n\u00e3o h\u00e1 nada concreto.<\/p>\n<p>Por\u00e9m, nem todos os pa\u00edses pretendem vacinar seus enviados aos Jogos Ol\u00edmpicos de T\u00f3quio. A It\u00e1lia afirmou que os atletas do pa\u00eds n\u00e3o s\u00e3o prioridade e que dar\u00e1 prefer\u00eancia a popula\u00e7\u00e3o idosa e aos profissionais de sa\u00fade. O Comit\u00ea Ol\u00edmpico do Brasil (COB) tamb\u00e9m j\u00e1 afirmou que n\u00e3o ir\u00e1 &#8220;<a href=\"https:\/\/www.terra.com.br\/esportes\/jogos-olimpicos\/nao-e-ideia-furar-a-fila-da-vacina-diz-vice-do-cob,ad76d8ee495c327c09bdd289959533808outvnc7.html\" target=\"_blank\" rel=\"noopener noreferrer\">furar a fila da vacina<\/a>&#8220;, mas espera que seus atletas sejam imunizados.<\/p>\n","protected":false},"excerpt":{"rendered":"<p>Na luta contra a pandemia do COVID-19 v\u00e1rios pa\u00edses j\u00e1 come\u00e7aram a vacinar suas popula\u00e7\u00f5es contra o coronav\u00edrus. Segundo o site de estat\u00edsticas Our World in Data, 58 na\u00e7\u00f5es j\u00e1 vacinaram pelo menos uma pessoa dentro de seus territ\u00f3rios. O caminho \u00e9 longo e levar\u00e1 muitos meses para imunizar toda a popula\u00e7\u00e3o global, mas alguns [&hellip;]<\/p>\n","protected":false},"author":3,"featured_media":0,"comment_status":"open","ping_status":"open","sticky":false,"template":"","format":"standard","meta":{"footnotes":""},"categories":[195],"tags":[2167,183,5,2489],"class_list":["post-28312","post","type-post","status-publish","format-standard","hentry","category-jogos-olimpicos","tag-covid-19","tag-jogos-olimpicos","tag-natacao","tag-vacina"],"yoast_head":"<!-- This site is optimized with the Yoast SEO plugin v27.0 - https:\/\/yoast.com\/product\/yoast-seo-wordpress\/ -->\n<title>Comit\u00eas nacionais j\u00e1 pensam na vacina\u00e7\u00e3o - Swimchannel<\/title>\n<meta name=\"robots\" content=\"index, follow, max-snippet:-1, max-image-preview:large, max-video-preview:-1\" \/>\n<link rel=\"canonical\" href=\"https:\/\/swimchannel.net\/br\/comites-nacionais-ja-pensam-na-vacinacao\/\" \/>\n<meta property=\"og:locale\" content=\"pt_BR\" \/>\n<meta property=\"og:type\" content=\"article\" \/>\n<meta property=\"og:title\" content=\"Comit\u00eas nacionais j\u00e1 pensam na vacina\u00e7\u00e3o - Swimchannel\" \/>\n<meta property=\"og:description\" content=\"Na luta contra a pandemia do COVID-19 v\u00e1rios pa\u00edses j\u00e1 come\u00e7aram a vacinar suas popula\u00e7\u00f5es contra o coronav\u00edrus. Segundo o site de estat\u00edsticas Our World in Data, 58 na\u00e7\u00f5es j\u00e1 vacinaram pelo menos uma pessoa dentro de seus territ\u00f3rios. O caminho \u00e9 longo e levar\u00e1 muitos meses para imunizar toda a popula\u00e7\u00e3o global, mas alguns [&hellip;]\" \/>\n<meta property=\"og:url\" content=\"https:\/\/swimchannel.net\/br\/comites-nacionais-ja-pensam-na-vacinacao\/\" \/>\n<meta property=\"og:site_name\" content=\"Swimchannel\" \/>\n<meta property=\"article:publisher\" content=\"https:\/\/www.facebook.com\/swimchannel\" \/>\n<meta property=\"article:published_time\" content=\"2021-02-01T20:00:33+00:00\" \/>\n<meta property=\"article:modified_time\" content=\"2026-03-09T15:34:48+00:00\" \/>\n<meta name=\"author\" content=\"Guilherme Freitas\" \/>\n<meta name=\"twitter:card\" content=\"summary_large_image\" \/>\n<meta name=\"twitter:label1\" content=\"Escrito por\" \/>\n\t<meta name=\"twitter:data1\" content=\"Guilherme Freitas\" \/>\n\t<meta name=\"twitter:label2\" content=\"Est. tempo de leitura\" \/>\n\t<meta name=\"twitter:data2\" content=\"3 minutos\" \/>\n<script type=\"application\/ld+json\" class=\"yoast-schema-graph\">{\"@context\":\"https:\/\/schema.org\",\"@graph\":[{\"@type\":\"Article\",\"@id\":\"https:\/\/swimchannel.net\/br\/comites-nacionais-ja-pensam-na-vacinacao\/#article\",\"isPartOf\":{\"@id\":\"https:\/\/swimchannel.net\/br\/comites-nacionais-ja-pensam-na-vacinacao\/\"},\"author\":{\"name\":\"Guilherme Freitas\",\"@id\":\"https:\/\/swimchannel.net\/br\/#\/schema\/person\/aa2a63bab3275f53749a83276b213c48\"},\"headline\":\"Comit\u00eas nacionais j\u00e1 pensam na vacina\u00e7\u00e3o\",\"datePublished\":\"2021-02-01T20:00:33+00:00\",\"dateModified\":\"2026-03-09T15:34:48+00:00\",\"mainEntityOfPage\":{\"@id\":\"https:\/\/swimchannel.net\/br\/comites-nacionais-ja-pensam-na-vacinacao\/\"},\"wordCount\":369,\"commentCount\":0,\"publisher\":{\"@id\":\"https:\/\/swimchannel.net\/br\/#organization\"},\"keywords\":[\"COVID-19\",\"Jogos Ol\u00edmpicos\",\"natacao\",\"vacina\"],\"articleSection\":[\"Jogos Ol\u00edmpicos\"],\"inLanguage\":\"pt-BR\",\"potentialAction\":[{\"@type\":\"CommentAction\",\"name\":\"Comment\",\"target\":[\"https:\/\/swimchannel.net\/br\/comites-nacionais-ja-pensam-na-vacinacao\/#respond\"]}]},{\"@type\":\"WebPage\",\"@id\":\"https:\/\/swimchannel.net\/br\/comites-nacionais-ja-pensam-na-vacinacao\/\",\"url\":\"https:\/\/swimchannel.net\/br\/comites-nacionais-ja-pensam-na-vacinacao\/\",\"name\":\"Comit\u00eas nacionais j\u00e1 pensam na vacina\u00e7\u00e3o - Swimchannel\",\"isPartOf\":{\"@id\":\"https:\/\/swimchannel.net\/br\/#website\"},\"datePublished\":\"2021-02-01T20:00:33+00:00\",\"dateModified\":\"2026-03-09T15:34:48+00:00\",\"breadcrumb\":{\"@id\":\"https:\/\/swimchannel.net\/br\/comites-nacionais-ja-pensam-na-vacinacao\/#breadcrumb\"},\"inLanguage\":\"pt-BR\",\"potentialAction\":[{\"@type\":\"ReadAction\",\"target\":[\"https:\/\/swimchannel.net\/br\/comites-nacionais-ja-pensam-na-vacinacao\/\"]}]},{\"@type\":\"BreadcrumbList\",\"@id\":\"https:\/\/swimchannel.net\/br\/comites-nacionais-ja-pensam-na-vacinacao\/#breadcrumb\",\"itemListElement\":[{\"@type\":\"ListItem\",\"position\":1,\"name\":\"Home\",\"item\":\"https:\/\/swimchannel.net\/br\/\"},{\"@type\":\"ListItem\",\"position\":2,\"name\":\"Comit\u00eas nacionais j\u00e1 pensam na vacina\u00e7\u00e3o\"}]},{\"@type\":\"WebSite\",\"@id\":\"https:\/\/swimchannel.net\/br\/#website\",\"url\":\"https:\/\/swimchannel.net\/br\/\",\"name\":\"Swimchannel\",\"description\":\"Maior portal de nata\u00e7\u00e3o da america latina\",\"publisher\":{\"@id\":\"https:\/\/swimchannel.net\/br\/#organization\"},\"potentialAction\":[{\"@type\":\"SearchAction\",\"target\":{\"@type\":\"EntryPoint\",\"urlTemplate\":\"https:\/\/swimchannel.net\/br\/?s={search_term_string}\"},\"query-input\":{\"@type\":\"PropertyValueSpecification\",\"valueRequired\":true,\"valueName\":\"search_term_string\"}}],\"inLanguage\":\"pt-BR\"},{\"@type\":\"Organization\",\"@id\":\"https:\/\/swimchannel.net\/br\/#organization\",\"name\":\"Swimchannel - Conectando voc\u00ea a Nata\u00e7\u00e3o\",\"url\":\"https:\/\/swimchannel.net\/br\/\",\"logo\":{\"@type\":\"ImageObject\",\"inLanguage\":\"pt-BR\",\"@id\":\"https:\/\/swimchannel.net\/br\/#\/schema\/logo\/image\/\",\"url\":\"https:\/\/swimchannel.net\/br\/wp-content\/uploads\/2026\/02\/SWIM-CHANNEL.png\",\"contentUrl\":\"https:\/\/swimchannel.net\/br\/wp-content\/uploads\/2026\/02\/SWIM-CHANNEL.png\",\"width\":1120,\"height\":630,\"caption\":\"Swimchannel - Conectando voc\u00ea a Nata\u00e7\u00e3o\"},\"image\":{\"@id\":\"https:\/\/swimchannel.net\/br\/#\/schema\/logo\/image\/\"},\"sameAs\":[\"https:\/\/www.facebook.com\/swimchannel\",\"https:\/\/www.instagram.com\/swimchannel\"]},{\"@type\":\"Person\",\"@id\":\"https:\/\/swimchannel.net\/br\/#\/schema\/person\/aa2a63bab3275f53749a83276b213c48\",\"name\":\"Guilherme Freitas\",\"image\":{\"@type\":\"ImageObject\",\"inLanguage\":\"pt-BR\",\"@id\":\"https:\/\/swimchannel.net\/br\/#\/schema\/person\/image\/\",\"url\":\"https:\/\/swimchannel.net\/br\/wp-content\/uploads\/2025\/10\/gui22-193x180.png\",\"contentUrl\":\"https:\/\/swimchannel.net\/br\/wp-content\/uploads\/2025\/10\/gui22-193x180.png\",\"caption\":\"Guilherme Freitas\"},\"description\":\"Jornalista s\u00eanior da SWIM CHANNEL, ex-correspondente da FINA no Brasil e pesquisador acad\u00eamico.\",\"sameAs\":[\"instagram.com\/guifreitas86\"],\"url\":\"https:\/\/swimchannel.net\/br\/author\/guilherme-freitas\/\"}]}<\/script>\n<!-- \/ Yoast SEO plugin. -->","yoast_head_json":{"title":"Comit\u00eas nacionais j\u00e1 pensam na vacina\u00e7\u00e3o - Swimchannel","robots":{"index":"index","follow":"follow","max-snippet":"max-snippet:-1","max-image-preview":"max-image-preview:large","max-video-preview":"max-video-preview:-1"},"canonical":"https:\/\/swimchannel.net\/br\/comites-nacionais-ja-pensam-na-vacinacao\/","og_locale":"pt_BR","og_type":"article","og_title":"Comit\u00eas nacionais j\u00e1 pensam na vacina\u00e7\u00e3o - Swimchannel","og_description":"Na luta contra a pandemia do COVID-19 v\u00e1rios pa\u00edses j\u00e1 come\u00e7aram a vacinar suas popula\u00e7\u00f5es contra o coronav\u00edrus. Segundo o site de estat\u00edsticas Our World in Data, 58 na\u00e7\u00f5es j\u00e1 vacinaram pelo menos uma pessoa dentro de seus territ\u00f3rios. O caminho \u00e9 longo e levar\u00e1 muitos meses para imunizar toda a popula\u00e7\u00e3o global, mas alguns [&hellip;]","og_url":"https:\/\/swimchannel.net\/br\/comites-nacionais-ja-pensam-na-vacinacao\/","og_site_name":"Swimchannel","article_publisher":"https:\/\/www.facebook.com\/swimchannel","article_published_time":"2021-02-01T20:00:33+00:00","article_modified_time":"2026-03-09T15:34:48+00:00","author":"Guilherme Freitas","twitter_card":"summary_large_image","twitter_misc":{"Escrito por":"Guilherme Freitas","Est. tempo de leitura":"3 minutos"},"schema":{"@context":"https:\/\/schema.org","@graph":[{"@type":"Article","@id":"https:\/\/swimchannel.net\/br\/comites-nacionais-ja-pensam-na-vacinacao\/#article","isPartOf":{"@id":"https:\/\/swimchannel.net\/br\/comites-nacionais-ja-pensam-na-vacinacao\/"},"author":{"name":"Guilherme Freitas","@id":"https:\/\/swimchannel.net\/br\/#\/schema\/person\/aa2a63bab3275f53749a83276b213c48"},"headline":"Comit\u00eas nacionais j\u00e1 pensam na vacina\u00e7\u00e3o","datePublished":"2021-02-01T20:00:33+00:00","dateModified":"2026-03-09T15:34:48+00:00","mainEntityOfPage":{"@id":"https:\/\/swimchannel.net\/br\/comites-nacionais-ja-pensam-na-vacinacao\/"},"wordCount":369,"commentCount":0,"publisher":{"@id":"https:\/\/swimchannel.net\/br\/#organization"},"keywords":["COVID-19","Jogos Ol\u00edmpicos","natacao","vacina"],"articleSection":["Jogos Ol\u00edmpicos"],"inLanguage":"pt-BR","potentialAction":[{"@type":"CommentAction","name":"Comment","target":["https:\/\/swimchannel.net\/br\/comites-nacionais-ja-pensam-na-vacinacao\/#respond"]}]},{"@type":"WebPage","@id":"https:\/\/swimchannel.net\/br\/comites-nacionais-ja-pensam-na-vacinacao\/","url":"https:\/\/swimchannel.net\/br\/comites-nacionais-ja-pensam-na-vacinacao\/","name":"Comit\u00eas nacionais j\u00e1 pensam na vacina\u00e7\u00e3o - Swimchannel","isPartOf":{"@id":"https:\/\/swimchannel.net\/br\/#website"},"datePublished":"2021-02-01T20:00:33+00:00","dateModified":"2026-03-09T15:34:48+00:00","breadcrumb":{"@id":"https:\/\/swimchannel.net\/br\/comites-nacionais-ja-pensam-na-vacinacao\/#breadcrumb"},"inLanguage":"pt-BR","potentialAction":[{"@type":"ReadAction","target":["https:\/\/swimchannel.net\/br\/comites-nacionais-ja-pensam-na-vacinacao\/"]}]},{"@type":"BreadcrumbList","@id":"https:\/\/swimchannel.net\/br\/comites-nacionais-ja-pensam-na-vacinacao\/#breadcrumb","itemListElement":[{"@type":"ListItem","position":1,"name":"Home","item":"https:\/\/swimchannel.net\/br\/"},{"@type":"ListItem","position":2,"name":"Comit\u00eas nacionais j\u00e1 pensam na vacina\u00e7\u00e3o"}]},{"@type":"WebSite","@id":"https:\/\/swimchannel.net\/br\/#website","url":"https:\/\/swimchannel.net\/br\/","name":"Swimchannel","description":"Maior portal de nata\u00e7\u00e3o da america latina","publisher":{"@id":"https:\/\/swimchannel.net\/br\/#organization"},"potentialAction":[{"@type":"SearchAction","target":{"@type":"EntryPoint","urlTemplate":"https:\/\/swimchannel.net\/br\/?s={search_term_string}"},"query-input":{"@type":"PropertyValueSpecification","valueRequired":true,"valueName":"search_term_string"}}],"inLanguage":"pt-BR"},{"@type":"Organization","@id":"https:\/\/swimchannel.net\/br\/#organization","name":"Swimchannel - Conectando voc\u00ea a Nata\u00e7\u00e3o","url":"https:\/\/swimchannel.net\/br\/","logo":{"@type":"ImageObject","inLanguage":"pt-BR","@id":"https:\/\/swimchannel.net\/br\/#\/schema\/logo\/image\/","url":"https:\/\/swimchannel.net\/br\/wp-content\/uploads\/2026\/02\/SWIM-CHANNEL.png","contentUrl":"https:\/\/swimchannel.net\/br\/wp-content\/uploads\/2026\/02\/SWIM-CHANNEL.png","width":1120,"height":630,"caption":"Swimchannel - Conectando voc\u00ea a Nata\u00e7\u00e3o"},"image":{"@id":"https:\/\/swimchannel.net\/br\/#\/schema\/logo\/image\/"},"sameAs":["https:\/\/www.facebook.com\/swimchannel","https:\/\/www.instagram.com\/swimchannel"]},{"@type":"Person","@id":"https:\/\/swimchannel.net\/br\/#\/schema\/person\/aa2a63bab3275f53749a83276b213c48","name":"Guilherme Freitas","image":{"@type":"ImageObject","inLanguage":"pt-BR","@id":"https:\/\/swimchannel.net\/br\/#\/schema\/person\/image\/","url":"https:\/\/swimchannel.net\/br\/wp-content\/uploads\/2025\/10\/gui22-193x180.png","contentUrl":"https:\/\/swimchannel.net\/br\/wp-content\/uploads\/2025\/10\/gui22-193x180.png","caption":"Guilherme Freitas"},"description":"Jornalista s\u00eanior da SWIM CHANNEL, ex-correspondente da FINA no Brasil e pesquisador acad\u00eamico.","sameAs":["instagram.com\/guifreitas86"],"url":"https:\/\/swimchannel.net\/br\/author\/guilherme-freitas\/"}]}},"_links":{"self":[{"href":"https:\/\/swimchannel.net\/br\/wp-json\/wp\/v2\/posts\/28312","targetHints":{"allow":["GET"]}}],"collection":[{"href":"https:\/\/swimchannel.net\/br\/wp-json\/wp\/v2\/posts"}],"about":[{"href":"https:\/\/swimchannel.net\/br\/wp-json\/wp\/v2\/types\/post"}],"author":[{"embeddable":true,"href":"https:\/\/swimchannel.net\/br\/wp-json\/wp\/v2\/users\/3"}],"replies":[{"embeddable":true,"href":"https:\/\/swimchannel.net\/br\/wp-json\/wp\/v2\/comments?post=28312"}],"version-history":[{"count":1,"href":"https:\/\/swimchannel.net\/br\/wp-json\/wp\/v2\/posts\/28312\/revisions"}],"predecessor-version":[{"id":80018,"href":"https:\/\/swimchannel.net\/br\/wp-json\/wp\/v2\/posts\/28312\/revisions\/80018"}],"wp:attachment":[{"href":"https:\/\/swimchannel.net\/br\/wp-json\/wp\/v2\/media?parent=28312"}],"wp:term":[{"taxonomy":"category","embeddable":true,"href":"https:\/\/swimchannel.net\/br\/wp-json\/wp\/v2\/categories?post=28312"},{"taxonomy":"post_tag","embeddable":true,"href":"https:\/\/swimchannel.net\/br\/wp-json\/wp\/v2\/tags?post=28312"}],"curies":[{"name":"wp","href":"https:\/\/api.w.org\/{rel}","templated":true}]}}