{"id":28513,"date":"2021-02-15T12:59:48","date_gmt":"2021-02-15T15:59:48","guid":{"rendered":"https:\/\/swimchannel.net\/br\/?p=28513"},"modified":"2021-03-04T19:16:07","modified_gmt":"2021-03-04T22:16:07","slug":"bruno-fratus-e-adam-peaty-nadam-pela-primeira-vez-no-ano","status":"publish","type":"post","link":"https:\/\/swimchannel.net\/br\/bruno-fratus-e-adam-peaty-nadam-pela-primeira-vez-no-ano\/","title":{"rendered":"Bruno Fratus e Adam Peaty nadam pela primeira vez no ano"},"content":{"rendered":"<p>A temporada 2021 da nata\u00e7\u00e3o internacional vai come\u00e7ando a engrenar. Este ano j\u00e1 tivemos etapas do TYR Pro Swim Series nos Estados Unidos e eventos no Jap\u00e3o e Fran\u00e7a com a presen\u00e7a de nomes cotados para subir ao p\u00f3dio ol\u00edmpico nos Jogos de T\u00f3quio-2020. Este fim de semana mais duas grandes estrelas ca\u00edram na \u00e1gua pela primeira vez. Na Fl\u00f3rida, <a href=\"https:\/\/swimchannel.net\/br\/atleta\/bruno-fratus\/\">Bruno Fratus<\/a> nadou sua primeira competi\u00e7\u00e3o no ano e do outro lado do Oceano Atl\u00e2ntico, em Manchester, <a href=\"https:\/\/swimchannel.net\/br\/atleta\/adam-peaty\/\">Adam Peaty<\/a> fez o mesmo.<\/p>\n<p>Nos Estados Unidos, Bruno Fratus nadou no tradicional Florida Sectionals em Coral Springs , evento que costuma sempre ser realizado no come\u00e7o do ano. O velocista nadou duas provas, os 50m e 100m livre. Na prova mais r\u00e1pida da nata\u00e7\u00e3o mundial, venceu sem muitas dificuldades com o tempo de 22s10. J\u00e1 nos 100m livre o brasileiro nadou apenas as eliminat\u00f3rias e marcou 50s12. At\u00e9 o momento apenas o americano David Curtiss nadou os 50m livre abaixo dos 22 segundos, com 21s87 no TYR Pro Swim Series em janeiro.<\/p>\n<figure id=\"attachment_18342\" aria-describedby=\"caption-attachment-18342\" style=\"width: 2499px\" class=\"wp-caption alignnone\"><img loading=\"lazy\" decoding=\"async\" class=\"size-full wp-image-18342\" src=\"https:\/\/swimchannel.net\/br\/wp-content\/uploads\/2019\/07\/TELEMMGLPICT000204383468_transLfD0EOB5CEFXzCF_NHe0S_ahZxwdRpEg-IS02aEQQ_I.jpeg\" alt=\"\" width=\"2499\" height=\"1563\" srcset=\"https:\/\/swimchannel.net\/br\/wp-content\/uploads\/2019\/07\/TELEMMGLPICT000204383468_transLfD0EOB5CEFXzCF_NHe0S_ahZxwdRpEg-IS02aEQQ_I.jpeg 2499w, https:\/\/swimchannel.net\/br\/wp-content\/uploads\/2019\/07\/TELEMMGLPICT000204383468_transLfD0EOB5CEFXzCF_NHe0S_ahZxwdRpEg-IS02aEQQ_I-600x375.jpeg 600w\" sizes=\"auto, (max-width: 2499px) 100vw, 2499px\" \/><figcaption id=\"caption-attachment-18342\" class=\"wp-caption-text\">Adam Peaty &#8211; Foto: Getty Images<\/figcaption><\/figure>\n<p>No Reino Unido o destaque do fim de semana foi o peitista Adam Peaty que dominou as provas do estilo durante o\u00a0 Manchester International. Peaty nadou os 100m peito duas vezes na casa dos 58 segundos, sendo 58s87 nas eliminat\u00f3rias e um pouco melhor na final com 58s82. Nos 50m peito Peaty tamb\u00e9m n\u00e3o teve problemas para vencer com o tempo de 26s75, colocando mais de um segundo de vantagem para o vice-campe\u00e3o James Wilby que levou a prata com 27s79.<\/p>\n<p>Em mar\u00e7o os principais nadadores do mundo continuam em a\u00e7\u00e3o se preparando para suas seletivas ol\u00edmpicas e as \u00faltimas chances de garantir um lugar nos Jogos de T\u00f3quio. Nos Estados Unidos teremos mais uma etapa do TYR Pro Swim Series, na Fran\u00e7a mais uma etapa do Golden Tour Camille Muffat, o Campeonato Espanhol e o Campeonato Sul-Americanos de Buenos Aires com a participa\u00e7\u00e3o de nadadores brasileiros.<\/p>\n","protected":false},"excerpt":{"rendered":"<p>A temporada 2021 da nata\u00e7\u00e3o internacional vai come\u00e7ando a engrenar. Este ano j\u00e1 tivemos etapas do TYR Pro Swim Series nos Estados Unidos e eventos no Jap\u00e3o e Fran\u00e7a com a presen\u00e7a de nomes cotados para subir ao p\u00f3dio ol\u00edmpico nos Jogos de T\u00f3quio-2020. Este fim de semana mais duas grandes estrelas ca\u00edram na \u00e1gua [&hellip;]<\/p>\n","protected":false},"author":3,"featured_media":20484,"comment_status":"open","ping_status":"open","sticky":false,"template":"","format":"standard","meta":{"footnotes":""},"categories":[137],"tags":[94,104,183,5],"class_list":["post-28513","post","type-post","status-publish","format-standard","has-post-thumbnail","hentry","category-natacao","tag-adam-peaty","tag-bruno-fratus","tag-jogos-olimpicos","tag-natacao"],"yoast_head":"<!-- This site is optimized with the Yoast SEO plugin v27.0 - https:\/\/yoast.com\/product\/yoast-seo-wordpress\/ -->\n<title>Bruno Fratus e Adam Peaty nadam pela primeira vez no ano - Swimchannel<\/title>\n<meta name=\"robots\" content=\"index, follow, max-snippet:-1, max-image-preview:large, max-video-preview:-1\" \/>\n<link rel=\"canonical\" href=\"https:\/\/swimchannel.net\/br\/bruno-fratus-e-adam-peaty-nadam-pela-primeira-vez-no-ano\/\" \/>\n<meta property=\"og:locale\" content=\"pt_BR\" \/>\n<meta property=\"og:type\" content=\"article\" \/>\n<meta property=\"og:title\" content=\"Bruno Fratus e Adam Peaty nadam pela primeira vez no ano - Swimchannel\" \/>\n<meta property=\"og:description\" content=\"A temporada 2021 da nata\u00e7\u00e3o internacional vai come\u00e7ando a engrenar. Este ano j\u00e1 tivemos etapas do TYR Pro Swim Series nos Estados Unidos e eventos no Jap\u00e3o e Fran\u00e7a com a presen\u00e7a de nomes cotados para subir ao p\u00f3dio ol\u00edmpico nos Jogos de T\u00f3quio-2020. Este fim de semana mais duas grandes estrelas ca\u00edram na \u00e1gua [&hellip;]\" \/>\n<meta property=\"og:url\" content=\"https:\/\/swimchannel.net\/br\/bruno-fratus-e-adam-peaty-nadam-pela-primeira-vez-no-ano\/\" \/>\n<meta property=\"og:site_name\" content=\"Swimchannel\" \/>\n<meta property=\"article:publisher\" content=\"https:\/\/www.facebook.com\/swimchannel\" \/>\n<meta property=\"article:published_time\" content=\"2021-02-15T15:59:48+00:00\" \/>\n<meta property=\"article:modified_time\" content=\"2021-03-04T22:16:07+00:00\" \/>\n<meta property=\"og:image\" content=\"https:\/\/swimchannel.net\/br\/wp-content\/uploads\/2019\/10\/Sodre-1bruno.jpg\" \/>\n\t<meta property=\"og:image:width\" content=\"1200\" \/>\n\t<meta property=\"og:image:height\" content=\"675\" \/>\n\t<meta property=\"og:image:type\" content=\"image\/jpeg\" \/>\n<meta name=\"author\" content=\"Guilherme Freitas\" \/>\n<meta name=\"twitter:card\" content=\"summary_large_image\" \/>\n<meta name=\"twitter:label1\" content=\"Escrito por\" \/>\n\t<meta name=\"twitter:data1\" content=\"Guilherme Freitas\" \/>\n\t<meta name=\"twitter:label2\" content=\"Est. tempo de leitura\" \/>\n\t<meta name=\"twitter:data2\" content=\"2 minutos\" \/>\n<script type=\"application\/ld+json\" class=\"yoast-schema-graph\">{\"@context\":\"https:\/\/schema.org\",\"@graph\":[{\"@type\":\"Article\",\"@id\":\"https:\/\/swimchannel.net\/br\/bruno-fratus-e-adam-peaty-nadam-pela-primeira-vez-no-ano\/#article\",\"isPartOf\":{\"@id\":\"https:\/\/swimchannel.net\/br\/bruno-fratus-e-adam-peaty-nadam-pela-primeira-vez-no-ano\/\"},\"author\":{\"name\":\"Guilherme Freitas\",\"@id\":\"https:\/\/swimchannel.net\/br\/#\/schema\/person\/aa2a63bab3275f53749a83276b213c48\"},\"headline\":\"Bruno Fratus e Adam Peaty nadam pela primeira vez no ano\",\"datePublished\":\"2021-02-15T15:59:48+00:00\",\"dateModified\":\"2021-03-04T22:16:07+00:00\",\"mainEntityOfPage\":{\"@id\":\"https:\/\/swimchannel.net\/br\/bruno-fratus-e-adam-peaty-nadam-pela-primeira-vez-no-ano\/\"},\"wordCount\":363,\"commentCount\":0,\"publisher\":{\"@id\":\"https:\/\/swimchannel.net\/br\/#organization\"},\"image\":{\"@id\":\"https:\/\/swimchannel.net\/br\/bruno-fratus-e-adam-peaty-nadam-pela-primeira-vez-no-ano\/#primaryimage\"},\"thumbnailUrl\":\"https:\/\/swimchannel.net\/br\/wp-content\/uploads\/2019\/10\/Sodre-1bruno.jpg\",\"keywords\":[\"Adam Peaty\",\"Bruno Fratus\",\"Jogos Ol\u00edmpicos\",\"natacao\"],\"articleSection\":[\"Nata\u00e7\u00e3o\"],\"inLanguage\":\"pt-BR\",\"potentialAction\":[{\"@type\":\"CommentAction\",\"name\":\"Comment\",\"target\":[\"https:\/\/swimchannel.net\/br\/bruno-fratus-e-adam-peaty-nadam-pela-primeira-vez-no-ano\/#respond\"]}]},{\"@type\":\"WebPage\",\"@id\":\"https:\/\/swimchannel.net\/br\/bruno-fratus-e-adam-peaty-nadam-pela-primeira-vez-no-ano\/\",\"url\":\"https:\/\/swimchannel.net\/br\/bruno-fratus-e-adam-peaty-nadam-pela-primeira-vez-no-ano\/\",\"name\":\"Bruno Fratus e Adam Peaty nadam pela primeira vez no ano - Swimchannel\",\"isPartOf\":{\"@id\":\"https:\/\/swimchannel.net\/br\/#website\"},\"primaryImageOfPage\":{\"@id\":\"https:\/\/swimchannel.net\/br\/bruno-fratus-e-adam-peaty-nadam-pela-primeira-vez-no-ano\/#primaryimage\"},\"image\":{\"@id\":\"https:\/\/swimchannel.net\/br\/bruno-fratus-e-adam-peaty-nadam-pela-primeira-vez-no-ano\/#primaryimage\"},\"thumbnailUrl\":\"https:\/\/swimchannel.net\/br\/wp-content\/uploads\/2019\/10\/Sodre-1bruno.jpg\",\"datePublished\":\"2021-02-15T15:59:48+00:00\",\"dateModified\":\"2021-03-04T22:16:07+00:00\",\"breadcrumb\":{\"@id\":\"https:\/\/swimchannel.net\/br\/bruno-fratus-e-adam-peaty-nadam-pela-primeira-vez-no-ano\/#breadcrumb\"},\"inLanguage\":\"pt-BR\",\"potentialAction\":[{\"@type\":\"ReadAction\",\"target\":[\"https:\/\/swimchannel.net\/br\/bruno-fratus-e-adam-peaty-nadam-pela-primeira-vez-no-ano\/\"]}]},{\"@type\":\"ImageObject\",\"inLanguage\":\"pt-BR\",\"@id\":\"https:\/\/swimchannel.net\/br\/bruno-fratus-e-adam-peaty-nadam-pela-primeira-vez-no-ano\/#primaryimage\",\"url\":\"https:\/\/swimchannel.net\/br\/wp-content\/uploads\/2019\/10\/Sodre-1bruno.jpg\",\"contentUrl\":\"https:\/\/swimchannel.net\/br\/wp-content\/uploads\/2019\/10\/Sodre-1bruno.jpg\",\"width\":1200,\"height\":675,\"caption\":\"Bruno Fratus - Foto: Satiro Sodr\u00e9\/SSPress\"},{\"@type\":\"BreadcrumbList\",\"@id\":\"https:\/\/swimchannel.net\/br\/bruno-fratus-e-adam-peaty-nadam-pela-primeira-vez-no-ano\/#breadcrumb\",\"itemListElement\":[{\"@type\":\"ListItem\",\"position\":1,\"name\":\"Home\",\"item\":\"https:\/\/swimchannel.net\/br\/\"},{\"@type\":\"ListItem\",\"position\":2,\"name\":\"Bruno Fratus e Adam Peaty nadam pela primeira vez no ano\"}]},{\"@type\":\"WebSite\",\"@id\":\"https:\/\/swimchannel.net\/br\/#website\",\"url\":\"https:\/\/swimchannel.net\/br\/\",\"name\":\"Swimchannel\",\"description\":\"Maior portal de nata\u00e7\u00e3o da america latina\",\"publisher\":{\"@id\":\"https:\/\/swimchannel.net\/br\/#organization\"},\"potentialAction\":[{\"@type\":\"SearchAction\",\"target\":{\"@type\":\"EntryPoint\",\"urlTemplate\":\"https:\/\/swimchannel.net\/br\/?s={search_term_string}\"},\"query-input\":{\"@type\":\"PropertyValueSpecification\",\"valueRequired\":true,\"valueName\":\"search_term_string\"}}],\"inLanguage\":\"pt-BR\"},{\"@type\":\"Organization\",\"@id\":\"https:\/\/swimchannel.net\/br\/#organization\",\"name\":\"Swimchannel - Conectando voc\u00ea a Nata\u00e7\u00e3o\",\"url\":\"https:\/\/swimchannel.net\/br\/\",\"logo\":{\"@type\":\"ImageObject\",\"inLanguage\":\"pt-BR\",\"@id\":\"https:\/\/swimchannel.net\/br\/#\/schema\/logo\/image\/\",\"url\":\"https:\/\/swimchannel.net\/br\/wp-content\/uploads\/2026\/02\/SWIM-CHANNEL.png\",\"contentUrl\":\"https:\/\/swimchannel.net\/br\/wp-content\/uploads\/2026\/02\/SWIM-CHANNEL.png\",\"width\":1120,\"height\":630,\"caption\":\"Swimchannel - Conectando voc\u00ea a Nata\u00e7\u00e3o\"},\"image\":{\"@id\":\"https:\/\/swimchannel.net\/br\/#\/schema\/logo\/image\/\"},\"sameAs\":[\"https:\/\/www.facebook.com\/swimchannel\",\"https:\/\/www.instagram.com\/swimchannel\"]},{\"@type\":\"Person\",\"@id\":\"https:\/\/swimchannel.net\/br\/#\/schema\/person\/aa2a63bab3275f53749a83276b213c48\",\"name\":\"Guilherme Freitas\",\"image\":{\"@type\":\"ImageObject\",\"inLanguage\":\"pt-BR\",\"@id\":\"https:\/\/swimchannel.net\/br\/#\/schema\/person\/image\/\",\"url\":\"https:\/\/swimchannel.net\/br\/wp-content\/uploads\/2025\/10\/gui22-193x180.png\",\"contentUrl\":\"https:\/\/swimchannel.net\/br\/wp-content\/uploads\/2025\/10\/gui22-193x180.png\",\"caption\":\"Guilherme Freitas\"},\"description\":\"Jornalista s\u00eanior da SWIM CHANNEL, ex-correspondente da FINA no Brasil e pesquisador acad\u00eamico.\",\"sameAs\":[\"instagram.com\/guifreitas86\"],\"url\":\"https:\/\/swimchannel.net\/br\/author\/guilherme-freitas\/\"}]}<\/script>\n<!-- \/ Yoast SEO plugin. -->","yoast_head_json":{"title":"Bruno Fratus e Adam Peaty nadam pela primeira vez no ano - Swimchannel","robots":{"index":"index","follow":"follow","max-snippet":"max-snippet:-1","max-image-preview":"max-image-preview:large","max-video-preview":"max-video-preview:-1"},"canonical":"https:\/\/swimchannel.net\/br\/bruno-fratus-e-adam-peaty-nadam-pela-primeira-vez-no-ano\/","og_locale":"pt_BR","og_type":"article","og_title":"Bruno Fratus e Adam Peaty nadam pela primeira vez no ano - Swimchannel","og_description":"A temporada 2021 da nata\u00e7\u00e3o internacional vai come\u00e7ando a engrenar. Este ano j\u00e1 tivemos etapas do TYR Pro Swim Series nos Estados Unidos e eventos no Jap\u00e3o e Fran\u00e7a com a presen\u00e7a de nomes cotados para subir ao p\u00f3dio ol\u00edmpico nos Jogos de T\u00f3quio-2020. Este fim de semana mais duas grandes estrelas ca\u00edram na \u00e1gua [&hellip;]","og_url":"https:\/\/swimchannel.net\/br\/bruno-fratus-e-adam-peaty-nadam-pela-primeira-vez-no-ano\/","og_site_name":"Swimchannel","article_publisher":"https:\/\/www.facebook.com\/swimchannel","article_published_time":"2021-02-15T15:59:48+00:00","article_modified_time":"2021-03-04T22:16:07+00:00","og_image":[{"width":1200,"height":675,"url":"https:\/\/swimchannel.net\/br\/wp-content\/uploads\/2019\/10\/Sodre-1bruno.jpg","type":"image\/jpeg"}],"author":"Guilherme Freitas","twitter_card":"summary_large_image","twitter_misc":{"Escrito por":"Guilherme Freitas","Est. tempo de leitura":"2 minutos"},"schema":{"@context":"https:\/\/schema.org","@graph":[{"@type":"Article","@id":"https:\/\/swimchannel.net\/br\/bruno-fratus-e-adam-peaty-nadam-pela-primeira-vez-no-ano\/#article","isPartOf":{"@id":"https:\/\/swimchannel.net\/br\/bruno-fratus-e-adam-peaty-nadam-pela-primeira-vez-no-ano\/"},"author":{"name":"Guilherme Freitas","@id":"https:\/\/swimchannel.net\/br\/#\/schema\/person\/aa2a63bab3275f53749a83276b213c48"},"headline":"Bruno Fratus e Adam Peaty nadam pela primeira vez no ano","datePublished":"2021-02-15T15:59:48+00:00","dateModified":"2021-03-04T22:16:07+00:00","mainEntityOfPage":{"@id":"https:\/\/swimchannel.net\/br\/bruno-fratus-e-adam-peaty-nadam-pela-primeira-vez-no-ano\/"},"wordCount":363,"commentCount":0,"publisher":{"@id":"https:\/\/swimchannel.net\/br\/#organization"},"image":{"@id":"https:\/\/swimchannel.net\/br\/bruno-fratus-e-adam-peaty-nadam-pela-primeira-vez-no-ano\/#primaryimage"},"thumbnailUrl":"https:\/\/swimchannel.net\/br\/wp-content\/uploads\/2019\/10\/Sodre-1bruno.jpg","keywords":["Adam Peaty","Bruno Fratus","Jogos Ol\u00edmpicos","natacao"],"articleSection":["Nata\u00e7\u00e3o"],"inLanguage":"pt-BR","potentialAction":[{"@type":"CommentAction","name":"Comment","target":["https:\/\/swimchannel.net\/br\/bruno-fratus-e-adam-peaty-nadam-pela-primeira-vez-no-ano\/#respond"]}]},{"@type":"WebPage","@id":"https:\/\/swimchannel.net\/br\/bruno-fratus-e-adam-peaty-nadam-pela-primeira-vez-no-ano\/","url":"https:\/\/swimchannel.net\/br\/bruno-fratus-e-adam-peaty-nadam-pela-primeira-vez-no-ano\/","name":"Bruno Fratus e Adam Peaty nadam pela primeira vez no ano - Swimchannel","isPartOf":{"@id":"https:\/\/swimchannel.net\/br\/#website"},"primaryImageOfPage":{"@id":"https:\/\/swimchannel.net\/br\/bruno-fratus-e-adam-peaty-nadam-pela-primeira-vez-no-ano\/#primaryimage"},"image":{"@id":"https:\/\/swimchannel.net\/br\/bruno-fratus-e-adam-peaty-nadam-pela-primeira-vez-no-ano\/#primaryimage"},"thumbnailUrl":"https:\/\/swimchannel.net\/br\/wp-content\/uploads\/2019\/10\/Sodre-1bruno.jpg","datePublished":"2021-02-15T15:59:48+00:00","dateModified":"2021-03-04T22:16:07+00:00","breadcrumb":{"@id":"https:\/\/swimchannel.net\/br\/bruno-fratus-e-adam-peaty-nadam-pela-primeira-vez-no-ano\/#breadcrumb"},"inLanguage":"pt-BR","potentialAction":[{"@type":"ReadAction","target":["https:\/\/swimchannel.net\/br\/bruno-fratus-e-adam-peaty-nadam-pela-primeira-vez-no-ano\/"]}]},{"@type":"ImageObject","inLanguage":"pt-BR","@id":"https:\/\/swimchannel.net\/br\/bruno-fratus-e-adam-peaty-nadam-pela-primeira-vez-no-ano\/#primaryimage","url":"https:\/\/swimchannel.net\/br\/wp-content\/uploads\/2019\/10\/Sodre-1bruno.jpg","contentUrl":"https:\/\/swimchannel.net\/br\/wp-content\/uploads\/2019\/10\/Sodre-1bruno.jpg","width":1200,"height":675,"caption":"Bruno Fratus - Foto: Satiro Sodr\u00e9\/SSPress"},{"@type":"BreadcrumbList","@id":"https:\/\/swimchannel.net\/br\/bruno-fratus-e-adam-peaty-nadam-pela-primeira-vez-no-ano\/#breadcrumb","itemListElement":[{"@type":"ListItem","position":1,"name":"Home","item":"https:\/\/swimchannel.net\/br\/"},{"@type":"ListItem","position":2,"name":"Bruno Fratus e Adam Peaty nadam pela primeira vez no ano"}]},{"@type":"WebSite","@id":"https:\/\/swimchannel.net\/br\/#website","url":"https:\/\/swimchannel.net\/br\/","name":"Swimchannel","description":"Maior portal de nata\u00e7\u00e3o da america latina","publisher":{"@id":"https:\/\/swimchannel.net\/br\/#organization"},"potentialAction":[{"@type":"SearchAction","target":{"@type":"EntryPoint","urlTemplate":"https:\/\/swimchannel.net\/br\/?s={search_term_string}"},"query-input":{"@type":"PropertyValueSpecification","valueRequired":true,"valueName":"search_term_string"}}],"inLanguage":"pt-BR"},{"@type":"Organization","@id":"https:\/\/swimchannel.net\/br\/#organization","name":"Swimchannel - Conectando voc\u00ea a Nata\u00e7\u00e3o","url":"https:\/\/swimchannel.net\/br\/","logo":{"@type":"ImageObject","inLanguage":"pt-BR","@id":"https:\/\/swimchannel.net\/br\/#\/schema\/logo\/image\/","url":"https:\/\/swimchannel.net\/br\/wp-content\/uploads\/2026\/02\/SWIM-CHANNEL.png","contentUrl":"https:\/\/swimchannel.net\/br\/wp-content\/uploads\/2026\/02\/SWIM-CHANNEL.png","width":1120,"height":630,"caption":"Swimchannel - Conectando voc\u00ea a Nata\u00e7\u00e3o"},"image":{"@id":"https:\/\/swimchannel.net\/br\/#\/schema\/logo\/image\/"},"sameAs":["https:\/\/www.facebook.com\/swimchannel","https:\/\/www.instagram.com\/swimchannel"]},{"@type":"Person","@id":"https:\/\/swimchannel.net\/br\/#\/schema\/person\/aa2a63bab3275f53749a83276b213c48","name":"Guilherme Freitas","image":{"@type":"ImageObject","inLanguage":"pt-BR","@id":"https:\/\/swimchannel.net\/br\/#\/schema\/person\/image\/","url":"https:\/\/swimchannel.net\/br\/wp-content\/uploads\/2025\/10\/gui22-193x180.png","contentUrl":"https:\/\/swimchannel.net\/br\/wp-content\/uploads\/2025\/10\/gui22-193x180.png","caption":"Guilherme Freitas"},"description":"Jornalista s\u00eanior da SWIM CHANNEL, ex-correspondente da FINA no Brasil e pesquisador acad\u00eamico.","sameAs":["instagram.com\/guifreitas86"],"url":"https:\/\/swimchannel.net\/br\/author\/guilherme-freitas\/"}]}},"_links":{"self":[{"href":"https:\/\/swimchannel.net\/br\/wp-json\/wp\/v2\/posts\/28513","targetHints":{"allow":["GET"]}}],"collection":[{"href":"https:\/\/swimchannel.net\/br\/wp-json\/wp\/v2\/posts"}],"about":[{"href":"https:\/\/swimchannel.net\/br\/wp-json\/wp\/v2\/types\/post"}],"author":[{"embeddable":true,"href":"https:\/\/swimchannel.net\/br\/wp-json\/wp\/v2\/users\/3"}],"replies":[{"embeddable":true,"href":"https:\/\/swimchannel.net\/br\/wp-json\/wp\/v2\/comments?post=28513"}],"version-history":[{"count":0,"href":"https:\/\/swimchannel.net\/br\/wp-json\/wp\/v2\/posts\/28513\/revisions"}],"wp:featuredmedia":[{"embeddable":true,"href":"https:\/\/swimchannel.net\/br\/wp-json\/wp\/v2\/media\/20484"}],"wp:attachment":[{"href":"https:\/\/swimchannel.net\/br\/wp-json\/wp\/v2\/media?parent=28513"}],"wp:term":[{"taxonomy":"category","embeddable":true,"href":"https:\/\/swimchannel.net\/br\/wp-json\/wp\/v2\/categories?post=28513"},{"taxonomy":"post_tag","embeddable":true,"href":"https:\/\/swimchannel.net\/br\/wp-json\/wp\/v2\/tags?post=28513"}],"curies":[{"name":"wp","href":"https:\/\/api.w.org\/{rel}","templated":true}]}}