{"id":29987,"date":"2021-03-15T15:52:33","date_gmt":"2021-03-15T18:52:33","guid":{"rendered":"https:\/\/swimchannel.net\/br\/?p=29987"},"modified":"2021-03-15T16:34:17","modified_gmt":"2021-03-15T19:34:17","slug":"artur-pedroza-completa-o-desafio-dos-reis-com-a-volta-na-ilha-grande","status":"publish","type":"post","link":"https:\/\/swimchannel.net\/br\/artur-pedroza-completa-o-desafio-dos-reis-com-a-volta-na-ilha-grande\/","title":{"rendered":"Artur Pedroza completa o Desafio dos Reis com a volta na Ilha Grande"},"content":{"rendered":"<p>O ultramaratonista aqu\u00e1tico Artur Pedroza completou, na \u00faltima semana, mais um desafio. O atleta nadou a volta da Ilha Grande, em Angra dos Reis, no Rio de Janeiro, pelo projeto Desafio dos Reis. Foram 82,5 km em 23 horas e 19 minutos de nado.<\/p>\n<p>O nadador do Rezende \u00c1guas Abertas enfrentou, aos 47 anos, uma das provas mais dif\u00edceis de toda sua carreira. Ele come\u00e7ou o desafio na \u00faltima quinta-feira, dia 11 de mar\u00e7o, \u00e0s 5h08 da manh\u00e3 e terminou de nadar por volta de 4h30 da manh\u00e3 da sexta, dia 12. Patrim\u00f4nio Cultural e Natural da Humanidade, a Ilha Grande \u00e9 conhecida pela beleza e \u00e1guas cristalinas. Na prova, Artur enfrentou &#8220;sol, chuva, ventos, ondas grandes, correntezas contra, mar calmo, dores, tudo o que um grande desafio pode proporcionar&#8221;, como escreveu em suas redes sociais.<\/p>\n<p>&#8220;Foi uma prova dura. Mas fui com muita paci\u00eancia, ritmo constante e confiando na equipe de seguran\u00e7a que estava comigo. Foram tr\u00eas lanchas e um jet ski que me acompanharam em todo o percurso. Fora o caiaque que me acompanhou no in\u00edcio e no final. Uma lancha foi levando o pessoal de filmagem, pois vai virar um document\u00e1rio&#8221; disse o atleta para a<strong> SWIM CHANNEL.<\/strong><\/p>\n<figure id=\"attachment_30006\" aria-describedby=\"caption-attachment-30006\" style=\"width: 1280px\" class=\"wp-caption alignnone\"><img loading=\"lazy\" decoding=\"async\" class=\"size-full wp-image-30006\" src=\"https:\/\/swimchannel.net\/br\/wp-content\/uploads\/2021\/03\/2bb50c1a-5d43-4370-a49e-bf5a63f386d3.jpeg\" alt=\"\" width=\"1280\" height=\"853\" srcset=\"https:\/\/swimchannel.net\/br\/wp-content\/uploads\/2021\/03\/2bb50c1a-5d43-4370-a49e-bf5a63f386d3.jpeg 1280w, https:\/\/swimchannel.net\/br\/wp-content\/uploads\/2021\/03\/2bb50c1a-5d43-4370-a49e-bf5a63f386d3-1013x675.jpeg 1013w, https:\/\/swimchannel.net\/br\/wp-content\/uploads\/2021\/03\/2bb50c1a-5d43-4370-a49e-bf5a63f386d3-1200x800.jpeg 1200w, https:\/\/swimchannel.net\/br\/wp-content\/uploads\/2021\/03\/2bb50c1a-5d43-4370-a49e-bf5a63f386d3-270x180.jpeg 270w, https:\/\/swimchannel.net\/br\/wp-content\/uploads\/2021\/03\/2bb50c1a-5d43-4370-a49e-bf5a63f386d3-768x512.jpeg 768w, https:\/\/swimchannel.net\/br\/wp-content\/uploads\/2021\/03\/2bb50c1a-5d43-4370-a49e-bf5a63f386d3-600x400.jpeg 600w, https:\/\/swimchannel.net\/br\/wp-content\/uploads\/2021\/03\/2bb50c1a-5d43-4370-a49e-bf5a63f386d3-750x500.jpeg 750w, https:\/\/swimchannel.net\/br\/wp-content\/uploads\/2021\/03\/2bb50c1a-5d43-4370-a49e-bf5a63f386d3-1140x760.jpeg 1140w\" sizes=\"auto, (max-width: 1280px) 100vw, 1280px\" \/><figcaption id=\"caption-attachment-30006\" class=\"wp-caption-text\">Artur Pedroza &#8211; Foto: @temporadadesafiodosreis<\/figcaption><\/figure>\n<p>&#8220;Come\u00e7amos pelo lado de fora da Ilha Grande, mar aberto e muito agitado. Por volta do km 25 (antes da Parnaioca) peguei uma correnteza contra muito forte e encostamos mais na costa para conseguir passar. Na Ponta do Drago tamb\u00e9m foi dif\u00edcil, pois o mar estava bem agitado. No km 47 tamb\u00e9m pegamos mais correnteza contra, mas j\u00e1 est\u00e1vamos na parte abrigada (virada para o continente) da Ilha. Foi um desafio muito grande, pois quase metade foi nadando \u00e0 noite \u00e9 tamb\u00e9m pelas caracter\u00edsticas do mar aberto, com bastante ondula\u00e7\u00e3o e correntes&#8221;, completou.<\/p>\n<p>&#8220;Fiquei muito feliz com esta conquista, principalmente porque foi realizada junto com minha esposa Luciana que ficou \u00e0s 23hs me hidratando de 30 em 30 minutos, alimentando de duas em duas horas, me orientando e me motivando. E tamb\u00e9m ao lado do meu amigo Del Jord\u00e3o, bombeiro em Angra que me orientou durante todo desafio e que me acompanhou no caiaque. Tamb\u00e9m foi fundamental toda a equipe do projeto Desafio dos Reis, que me proporcionou toda a estrutura para fazer esta prova, desde o idealizador Miguel Veiga, \u00e0 produ\u00e7\u00e3o at\u00e9 os marinheiros (alguns cai\u00e7aras) que me acompanharam com tanta maestria&#8221;, finalizou.<\/p>\n<p>Ultramaratonista, Pedroza \u00e9 um dos nomes mais conhecidos atualmente em provas de de \u00e1guas abertas no Brasil, tendo sido campe\u00e3o geral da maior e mais tradicional ultramaratona aqu\u00e1tica do pa\u00eds: a Travessia 14 bis &#8211; (24km). A largada e chegada do atleta foi na Ilha do Amolar, na enseada do Abra\u00e3o.<\/p>\n<blockquote class=\"instagram-media\" style=\"background: #FFF; border: 0; border-radius: 3px; box-shadow: 0 0 1px 0 rgba(0,0,0,0.5),0 1px 10px 0 rgba(0,0,0,0.15); margin: 1px; max-width: 540px; min-width: 326px; padding: 0; width: calc(100% - 2px);\" data-instgrm-captioned=\"\" data-instgrm-permalink=\"https:\/\/www.instagram.com\/tv\/CMT3m1dF0jT\/?utm_source=ig_embed&amp;utm_campaign=loading\" data-instgrm-version=\"13\">\n<div style=\"padding: 16px;\">\n<p>&nbsp;<\/p>\n<div style=\"display: flex; flex-direction: row; align-items: center;\">\n<div style=\"background-color: #f4f4f4; border-radius: 50%; flex-grow: 0; height: 40px; margin-right: 14px; width: 40px;\"><\/div>\n<div style=\"display: flex; flex-direction: column; flex-grow: 1; justify-content: center;\">\n<div style=\"background-color: #f4f4f4; border-radius: 4px; flex-grow: 0; height: 14px; margin-bottom: 6px; width: 100px;\"><\/div>\n<div style=\"background-color: #f4f4f4; border-radius: 4px; flex-grow: 0; height: 14px; width: 60px;\"><\/div>\n<\/div>\n<\/div>\n<div style=\"padding: 19% 0;\"><\/div>\n<div style=\"display: block; height: 50px; margin: 0 auto 12px; width: 50px;\"><\/div>\n<div style=\"padding-top: 8px;\">\n<div style=\"color: #3897f0; font-family: Arial,sans-serif; font-size: 14px; font-style: normal; font-weight: 550; line-height: 18px;\">Ver essa foto no Instagram<\/div>\n<\/div>\n<div style=\"padding: 12.5% 0;\"><\/div>\n<div style=\"display: flex; flex-direction: row; margin-bottom: 14px; align-items: center;\">\n<div>\n<div style=\"background-color: #f4f4f4; border-radius: 50%; height: 12.5px; width: 12.5px; transform: translateX(0px) translateY(7px);\"><\/div>\n<div style=\"background-color: #f4f4f4; height: 12.5px; transform: rotate(-45deg) translateX(3px) translateY(1px); width: 12.5px; flex-grow: 0; margin-right: 14px; margin-left: 2px;\"><\/div>\n<div style=\"background-color: #f4f4f4; border-radius: 50%; height: 12.5px; width: 12.5px; transform: translateX(9px) translateY(-18px);\"><\/div>\n<\/div>\n<div style=\"margin-left: 8px;\">\n<div style=\"background-color: #f4f4f4; border-radius: 50%; flex-grow: 0; height: 20px; width: 20px;\"><\/div>\n<div style=\"width: 0; height: 0; border-top: 2px solid transparent; border-left: 6px solid #f4f4f4; border-bottom: 2px solid transparent; transform: translateX(16px) translateY(-4px) rotate(30deg);\"><\/div>\n<\/div>\n<div style=\"margin-left: auto;\">\n<div style=\"width: 0px; border-top: 8px solid #F4F4F4; border-right: 8px solid transparent; transform: translateY(16px);\"><\/div>\n<div style=\"background-color: #f4f4f4; flex-grow: 0; height: 12px; width: 16px; transform: translateY(-4px);\"><\/div>\n<div style=\"width: 0; height: 0; border-top: 8px solid #F4F4F4; border-left: 8px solid transparent; transform: translateY(-4px) translateX(8px);\"><\/div>\n<\/div>\n<\/div>\n<div style=\"display: flex; flex-direction: column; flex-grow: 1; justify-content: center; margin-bottom: 24px;\">\n<div style=\"background-color: #f4f4f4; border-radius: 4px; flex-grow: 0; height: 14px; margin-bottom: 6px; width: 224px;\"><\/div>\n<div style=\"background-color: #f4f4f4; border-radius: 4px; flex-grow: 0; height: 14px; width: 144px;\"><\/div>\n<\/div>\n<p>&nbsp;<\/p>\n<p style=\"color: #c9c8cd; font-family: Arial,sans-serif; font-size: 14px; line-height: 17px; margin-bottom: 0; margin-top: 8px; overflow: hidden; padding: 8px 0 7px; text-align: center; text-overflow: ellipsis; white-space: nowrap;\"><a style=\"color: #c9c8cd; font-family: Arial,sans-serif; font-size: 14px; font-style: normal; font-weight: normal; line-height: 17px; text-decoration: none;\" href=\"https:\/\/www.instagram.com\/tv\/CMT3m1dF0jT\/?utm_source=ig_embed&amp;utm_campaign=loading\" target=\"_blank\" rel=\"noopener\">Uma publica\u00e7\u00e3o compartilhada por Artur Pedroza (@artur_pedroza)<\/a><\/p>\n<\/div>\n<\/blockquote>\n<p><script async src=\"\/\/www.instagram.com\/embed.js\"><\/script><\/p>\n<p>A temporada esportiva Desafios dos Reis que acontece a partir do m\u00eas de mar\u00e7o na Ilha Grande, ter\u00e1 outros eventos como provas de longa corrida, que ser\u00e1 realizada pela corredora Tatiana Brito entre os dias 10 e 11 de abril e uma volta a nado em torno da Ilha Grande, realizada na \u00faltima semana por Artur.<\/p>\n<p>Al\u00e9m de propor as atividades, a temporada esportiva vai ser material para a produ\u00e7\u00e3o de um document\u00e1rio que vai relatar a trajet\u00f3ria dos atletas durante a realiza\u00e7\u00e3o dessas provas, com os objetivos de fortalecer Angra dos Reis como polo internacional de turismo sustent\u00e1vel de aventura, e promover a cultura local da Ilha Grande.<\/p>\n<p>A Temporada Desafio dos Reis tamb\u00e9m assume a responsabilidade de preserva\u00e7\u00e3o e valoriza\u00e7\u00e3o de biomas da mata atl\u00e2ntica a fim de fortalecer o t\u00edtulo de patrim\u00f4nio mundial dedicado a Ilha Grande pela UNESCO (2019). O projeto \u00e9 realizado por meio da Lei Municipal de Incentivo ao Esporte da Prefeitura de Angra dos Reis e conta com diversos patroc\u00ednios e apoios.<\/p>\n","protected":false},"excerpt":{"rendered":"<p>Ultramaratonista nadou 82 km em quase 24 horas em travessia que ir\u00e1 se transformar em um document\u00e1rio<\/p>\n","protected":false},"author":9,"featured_media":30005,"comment_status":"open","ping_status":"open","sticky":false,"template":"","format":"gallery","meta":{"footnotes":""},"categories":[115],"tags":[14,481,2651,5],"class_list":["post-29987","post","type-post","status-publish","format-gallery","has-post-thumbnail","hentry","category-aguas-abertas","tag-aguas-abertas","tag-artur-pedroza","tag-desafio-dos-reis","tag-natacao","post_format-post-format-gallery"],"yoast_head":"<!-- This site is optimized with the Yoast SEO plugin v27.0 - https:\/\/yoast.com\/product\/yoast-seo-wordpress\/ -->\n<title>Artur Pedroza completa o Desafio dos Reis com a volta na Ilha Grande - Swimchannel<\/title>\n<meta name=\"robots\" content=\"index, follow, max-snippet:-1, max-image-preview:large, max-video-preview:-1\" \/>\n<link rel=\"canonical\" href=\"https:\/\/swimchannel.net\/br\/artur-pedroza-completa-o-desafio-dos-reis-com-a-volta-na-ilha-grande\/\" \/>\n<meta property=\"og:locale\" content=\"pt_BR\" \/>\n<meta property=\"og:type\" content=\"article\" \/>\n<meta property=\"og:title\" content=\"Artur Pedroza completa o Desafio dos Reis com a volta na Ilha Grande - Swimchannel\" \/>\n<meta property=\"og:description\" content=\"Ultramaratonista nadou 82 km em quase 24 horas em travessia que ir\u00e1 se transformar em um document\u00e1rio\" \/>\n<meta property=\"og:url\" content=\"https:\/\/swimchannel.net\/br\/artur-pedroza-completa-o-desafio-dos-reis-com-a-volta-na-ilha-grande\/\" \/>\n<meta property=\"og:site_name\" content=\"Swimchannel\" \/>\n<meta property=\"article:publisher\" content=\"https:\/\/www.facebook.com\/swimchannel\" \/>\n<meta property=\"article:published_time\" content=\"2021-03-15T18:52:33+00:00\" \/>\n<meta property=\"article:modified_time\" content=\"2021-03-15T19:34:17+00:00\" \/>\n<meta property=\"og:image\" content=\"https:\/\/swimchannel.net\/br\/wp-content\/uploads\/2021\/03\/655181ed-77e0-4362-ac61-ea66e37ed42a.jpeg\" \/>\n\t<meta property=\"og:image:width\" content=\"1280\" \/>\n\t<meta property=\"og:image:height\" content=\"853\" \/>\n\t<meta property=\"og:image:type\" content=\"image\/jpeg\" \/>\n<meta name=\"author\" content=\"Katarine Monteiro\" \/>\n<meta name=\"twitter:card\" content=\"summary_large_image\" \/>\n<meta name=\"twitter:creator\" content=\"@https:\/\/twitter.com\/Katarinem\" \/>\n<meta name=\"twitter:label1\" content=\"Escrito por\" \/>\n\t<meta name=\"twitter:data1\" content=\"Katarine Monteiro\" \/>\n\t<meta name=\"twitter:label2\" content=\"Est. tempo de leitura\" \/>\n\t<meta name=\"twitter:data2\" content=\"3 minutos\" \/>\n<script type=\"application\/ld+json\" class=\"yoast-schema-graph\">{\"@context\":\"https:\/\/schema.org\",\"@graph\":[{\"@type\":\"Article\",\"@id\":\"https:\/\/swimchannel.net\/br\/artur-pedroza-completa-o-desafio-dos-reis-com-a-volta-na-ilha-grande\/#article\",\"isPartOf\":{\"@id\":\"https:\/\/swimchannel.net\/br\/artur-pedroza-completa-o-desafio-dos-reis-com-a-volta-na-ilha-grande\/\"},\"author\":{\"name\":\"Katarine Monteiro\",\"@id\":\"https:\/\/swimchannel.net\/br\/#\/schema\/person\/73ae9cec62249968bca1f0a8098ef002\"},\"headline\":\"Artur Pedroza completa o Desafio dos Reis com a volta na Ilha Grande\",\"datePublished\":\"2021-03-15T18:52:33+00:00\",\"dateModified\":\"2021-03-15T19:34:17+00:00\",\"mainEntityOfPage\":{\"@id\":\"https:\/\/swimchannel.net\/br\/artur-pedroza-completa-o-desafio-dos-reis-com-a-volta-na-ilha-grande\/\"},\"wordCount\":678,\"commentCount\":0,\"publisher\":{\"@id\":\"https:\/\/swimchannel.net\/br\/#organization\"},\"image\":{\"@id\":\"https:\/\/swimchannel.net\/br\/artur-pedroza-completa-o-desafio-dos-reis-com-a-volta-na-ilha-grande\/#primaryimage\"},\"thumbnailUrl\":\"https:\/\/swimchannel.net\/br\/wp-content\/uploads\/2021\/03\/655181ed-77e0-4362-ac61-ea66e37ed42a.jpeg\",\"keywords\":[\"\u00c1guas abertas\",\"Artur Pedroza\",\"Desafio dos Reis\",\"natacao\"],\"articleSection\":[\"\u00c1guas Abertas\"],\"inLanguage\":\"pt-BR\",\"potentialAction\":[{\"@type\":\"CommentAction\",\"name\":\"Comment\",\"target\":[\"https:\/\/swimchannel.net\/br\/artur-pedroza-completa-o-desafio-dos-reis-com-a-volta-na-ilha-grande\/#respond\"]}]},{\"@type\":\"WebPage\",\"@id\":\"https:\/\/swimchannel.net\/br\/artur-pedroza-completa-o-desafio-dos-reis-com-a-volta-na-ilha-grande\/\",\"url\":\"https:\/\/swimchannel.net\/br\/artur-pedroza-completa-o-desafio-dos-reis-com-a-volta-na-ilha-grande\/\",\"name\":\"Artur Pedroza completa o Desafio dos Reis com a volta na Ilha Grande - Swimchannel\",\"isPartOf\":{\"@id\":\"https:\/\/swimchannel.net\/br\/#website\"},\"primaryImageOfPage\":{\"@id\":\"https:\/\/swimchannel.net\/br\/artur-pedroza-completa-o-desafio-dos-reis-com-a-volta-na-ilha-grande\/#primaryimage\"},\"image\":{\"@id\":\"https:\/\/swimchannel.net\/br\/artur-pedroza-completa-o-desafio-dos-reis-com-a-volta-na-ilha-grande\/#primaryimage\"},\"thumbnailUrl\":\"https:\/\/swimchannel.net\/br\/wp-content\/uploads\/2021\/03\/655181ed-77e0-4362-ac61-ea66e37ed42a.jpeg\",\"datePublished\":\"2021-03-15T18:52:33+00:00\",\"dateModified\":\"2021-03-15T19:34:17+00:00\",\"breadcrumb\":{\"@id\":\"https:\/\/swimchannel.net\/br\/artur-pedroza-completa-o-desafio-dos-reis-com-a-volta-na-ilha-grande\/#breadcrumb\"},\"inLanguage\":\"pt-BR\",\"potentialAction\":[{\"@type\":\"ReadAction\",\"target\":[\"https:\/\/swimchannel.net\/br\/artur-pedroza-completa-o-desafio-dos-reis-com-a-volta-na-ilha-grande\/\"]}]},{\"@type\":\"ImageObject\",\"inLanguage\":\"pt-BR\",\"@id\":\"https:\/\/swimchannel.net\/br\/artur-pedroza-completa-o-desafio-dos-reis-com-a-volta-na-ilha-grande\/#primaryimage\",\"url\":\"https:\/\/swimchannel.net\/br\/wp-content\/uploads\/2021\/03\/655181ed-77e0-4362-ac61-ea66e37ed42a.jpeg\",\"contentUrl\":\"https:\/\/swimchannel.net\/br\/wp-content\/uploads\/2021\/03\/655181ed-77e0-4362-ac61-ea66e37ed42a.jpeg\",\"width\":1280,\"height\":853,\"caption\":\"Artur Pedroza - Foto: @temporadadesafiodosreis\"},{\"@type\":\"BreadcrumbList\",\"@id\":\"https:\/\/swimchannel.net\/br\/artur-pedroza-completa-o-desafio-dos-reis-com-a-volta-na-ilha-grande\/#breadcrumb\",\"itemListElement\":[{\"@type\":\"ListItem\",\"position\":1,\"name\":\"Home\",\"item\":\"https:\/\/swimchannel.net\/br\/\"},{\"@type\":\"ListItem\",\"position\":2,\"name\":\"Artur Pedroza completa o Desafio dos Reis com a volta na Ilha Grande\"}]},{\"@type\":\"WebSite\",\"@id\":\"https:\/\/swimchannel.net\/br\/#website\",\"url\":\"https:\/\/swimchannel.net\/br\/\",\"name\":\"Swimchannel\",\"description\":\"Maior portal de nata\u00e7\u00e3o da america latina\",\"publisher\":{\"@id\":\"https:\/\/swimchannel.net\/br\/#organization\"},\"potentialAction\":[{\"@type\":\"SearchAction\",\"target\":{\"@type\":\"EntryPoint\",\"urlTemplate\":\"https:\/\/swimchannel.net\/br\/?s={search_term_string}\"},\"query-input\":{\"@type\":\"PropertyValueSpecification\",\"valueRequired\":true,\"valueName\":\"search_term_string\"}}],\"inLanguage\":\"pt-BR\"},{\"@type\":\"Organization\",\"@id\":\"https:\/\/swimchannel.net\/br\/#organization\",\"name\":\"Swimchannel - Conectando voc\u00ea a Nata\u00e7\u00e3o\",\"url\":\"https:\/\/swimchannel.net\/br\/\",\"logo\":{\"@type\":\"ImageObject\",\"inLanguage\":\"pt-BR\",\"@id\":\"https:\/\/swimchannel.net\/br\/#\/schema\/logo\/image\/\",\"url\":\"https:\/\/swimchannel.net\/br\/wp-content\/uploads\/2026\/02\/SWIM-CHANNEL.png\",\"contentUrl\":\"https:\/\/swimchannel.net\/br\/wp-content\/uploads\/2026\/02\/SWIM-CHANNEL.png\",\"width\":1120,\"height\":630,\"caption\":\"Swimchannel - Conectando voc\u00ea a Nata\u00e7\u00e3o\"},\"image\":{\"@id\":\"https:\/\/swimchannel.net\/br\/#\/schema\/logo\/image\/\"},\"sameAs\":[\"https:\/\/www.facebook.com\/swimchannel\",\"https:\/\/www.instagram.com\/swimchannel\"]},{\"@type\":\"Person\",\"@id\":\"https:\/\/swimchannel.net\/br\/#\/schema\/person\/73ae9cec62249968bca1f0a8098ef002\",\"name\":\"Katarine Monteiro\",\"image\":{\"@type\":\"ImageObject\",\"inLanguage\":\"pt-BR\",\"@id\":\"https:\/\/swimchannel.net\/br\/#\/schema\/person\/image\/\",\"url\":\"https:\/\/swimchannel.net\/br\/wp-content\/uploads\/2022\/01\/Katarine-Monteiro-100x100.jpg\",\"contentUrl\":\"https:\/\/swimchannel.net\/br\/wp-content\/uploads\/2022\/01\/Katarine-Monteiro-100x100.jpg\",\"caption\":\"Katarine Monteiro\"},\"description\":\"Jornalista SWIM CHANNEL especializada em esportes ol\u00edmpicos e em sa\u00fade. Com cobertura de grandes eventos internacionais, como Jogos Ol\u00edmpicos Rio 2016, Jogos Pan-Americanos em Lima 2019, Qatar Total Open 2020, Qatar ExxonMobil Open 2019 - t\u00eanis em Doha (QT), Semana Internacional de Vela de Ilhabela, Transat Jacques Vabre 2019 (Fran\u00e7a-Brasil), L'\u00c9tape Brasil by Tour de France, j\u00e1 fez in\u00fameras coberturas de nata\u00e7\u00e3o, maratona aqu\u00e1tica e polo aqu\u00e1tico. Formada tamb\u00e9m em Letras, a jornalista atua como assessora de imprensa, rela\u00e7\u00f5es p\u00fablicas e social media, com especializa\u00e7\u00e3o em marketing esportivo. Nadadora amadora de \u00e1guas abertas, j\u00e1 trabalhou com grandes nomes da nata\u00e7\u00e3o e do polo aqu\u00e1tico brasileiro.\",\"sameAs\":[\"https:\/\/www.instagram.com\/_katarinemonteiro\/\",\"https:\/\/www.linkedin.com\/in\/katarine-monteiro-19385297\/\",\"https:\/\/x.com\/https:\/\/twitter.com\/Katarinem\"],\"url\":\"https:\/\/swimchannel.net\/br\/author\/katarine-monteiro\/\"}]}<\/script>\n<!-- \/ Yoast SEO plugin. -->","yoast_head_json":{"title":"Artur Pedroza completa o Desafio dos Reis com a volta na Ilha Grande - Swimchannel","robots":{"index":"index","follow":"follow","max-snippet":"max-snippet:-1","max-image-preview":"max-image-preview:large","max-video-preview":"max-video-preview:-1"},"canonical":"https:\/\/swimchannel.net\/br\/artur-pedroza-completa-o-desafio-dos-reis-com-a-volta-na-ilha-grande\/","og_locale":"pt_BR","og_type":"article","og_title":"Artur Pedroza completa o Desafio dos Reis com a volta na Ilha Grande - Swimchannel","og_description":"Ultramaratonista nadou 82 km em quase 24 horas em travessia que ir\u00e1 se transformar em um document\u00e1rio","og_url":"https:\/\/swimchannel.net\/br\/artur-pedroza-completa-o-desafio-dos-reis-com-a-volta-na-ilha-grande\/","og_site_name":"Swimchannel","article_publisher":"https:\/\/www.facebook.com\/swimchannel","article_published_time":"2021-03-15T18:52:33+00:00","article_modified_time":"2021-03-15T19:34:17+00:00","og_image":[{"width":1280,"height":853,"url":"https:\/\/swimchannel.net\/br\/wp-content\/uploads\/2021\/03\/655181ed-77e0-4362-ac61-ea66e37ed42a.jpeg","type":"image\/jpeg"}],"author":"Katarine Monteiro","twitter_card":"summary_large_image","twitter_creator":"@https:\/\/twitter.com\/Katarinem","twitter_misc":{"Escrito por":"Katarine Monteiro","Est. tempo de leitura":"3 minutos"},"schema":{"@context":"https:\/\/schema.org","@graph":[{"@type":"Article","@id":"https:\/\/swimchannel.net\/br\/artur-pedroza-completa-o-desafio-dos-reis-com-a-volta-na-ilha-grande\/#article","isPartOf":{"@id":"https:\/\/swimchannel.net\/br\/artur-pedroza-completa-o-desafio-dos-reis-com-a-volta-na-ilha-grande\/"},"author":{"name":"Katarine Monteiro","@id":"https:\/\/swimchannel.net\/br\/#\/schema\/person\/73ae9cec62249968bca1f0a8098ef002"},"headline":"Artur Pedroza completa o Desafio dos Reis com a volta na Ilha Grande","datePublished":"2021-03-15T18:52:33+00:00","dateModified":"2021-03-15T19:34:17+00:00","mainEntityOfPage":{"@id":"https:\/\/swimchannel.net\/br\/artur-pedroza-completa-o-desafio-dos-reis-com-a-volta-na-ilha-grande\/"},"wordCount":678,"commentCount":0,"publisher":{"@id":"https:\/\/swimchannel.net\/br\/#organization"},"image":{"@id":"https:\/\/swimchannel.net\/br\/artur-pedroza-completa-o-desafio-dos-reis-com-a-volta-na-ilha-grande\/#primaryimage"},"thumbnailUrl":"https:\/\/swimchannel.net\/br\/wp-content\/uploads\/2021\/03\/655181ed-77e0-4362-ac61-ea66e37ed42a.jpeg","keywords":["\u00c1guas abertas","Artur Pedroza","Desafio dos Reis","natacao"],"articleSection":["\u00c1guas Abertas"],"inLanguage":"pt-BR","potentialAction":[{"@type":"CommentAction","name":"Comment","target":["https:\/\/swimchannel.net\/br\/artur-pedroza-completa-o-desafio-dos-reis-com-a-volta-na-ilha-grande\/#respond"]}]},{"@type":"WebPage","@id":"https:\/\/swimchannel.net\/br\/artur-pedroza-completa-o-desafio-dos-reis-com-a-volta-na-ilha-grande\/","url":"https:\/\/swimchannel.net\/br\/artur-pedroza-completa-o-desafio-dos-reis-com-a-volta-na-ilha-grande\/","name":"Artur Pedroza completa o Desafio dos Reis com a volta na Ilha Grande - Swimchannel","isPartOf":{"@id":"https:\/\/swimchannel.net\/br\/#website"},"primaryImageOfPage":{"@id":"https:\/\/swimchannel.net\/br\/artur-pedroza-completa-o-desafio-dos-reis-com-a-volta-na-ilha-grande\/#primaryimage"},"image":{"@id":"https:\/\/swimchannel.net\/br\/artur-pedroza-completa-o-desafio-dos-reis-com-a-volta-na-ilha-grande\/#primaryimage"},"thumbnailUrl":"https:\/\/swimchannel.net\/br\/wp-content\/uploads\/2021\/03\/655181ed-77e0-4362-ac61-ea66e37ed42a.jpeg","datePublished":"2021-03-15T18:52:33+00:00","dateModified":"2021-03-15T19:34:17+00:00","breadcrumb":{"@id":"https:\/\/swimchannel.net\/br\/artur-pedroza-completa-o-desafio-dos-reis-com-a-volta-na-ilha-grande\/#breadcrumb"},"inLanguage":"pt-BR","potentialAction":[{"@type":"ReadAction","target":["https:\/\/swimchannel.net\/br\/artur-pedroza-completa-o-desafio-dos-reis-com-a-volta-na-ilha-grande\/"]}]},{"@type":"ImageObject","inLanguage":"pt-BR","@id":"https:\/\/swimchannel.net\/br\/artur-pedroza-completa-o-desafio-dos-reis-com-a-volta-na-ilha-grande\/#primaryimage","url":"https:\/\/swimchannel.net\/br\/wp-content\/uploads\/2021\/03\/655181ed-77e0-4362-ac61-ea66e37ed42a.jpeg","contentUrl":"https:\/\/swimchannel.net\/br\/wp-content\/uploads\/2021\/03\/655181ed-77e0-4362-ac61-ea66e37ed42a.jpeg","width":1280,"height":853,"caption":"Artur Pedroza - Foto: @temporadadesafiodosreis"},{"@type":"BreadcrumbList","@id":"https:\/\/swimchannel.net\/br\/artur-pedroza-completa-o-desafio-dos-reis-com-a-volta-na-ilha-grande\/#breadcrumb","itemListElement":[{"@type":"ListItem","position":1,"name":"Home","item":"https:\/\/swimchannel.net\/br\/"},{"@type":"ListItem","position":2,"name":"Artur Pedroza completa o Desafio dos Reis com a volta na Ilha Grande"}]},{"@type":"WebSite","@id":"https:\/\/swimchannel.net\/br\/#website","url":"https:\/\/swimchannel.net\/br\/","name":"Swimchannel","description":"Maior portal de nata\u00e7\u00e3o da america latina","publisher":{"@id":"https:\/\/swimchannel.net\/br\/#organization"},"potentialAction":[{"@type":"SearchAction","target":{"@type":"EntryPoint","urlTemplate":"https:\/\/swimchannel.net\/br\/?s={search_term_string}"},"query-input":{"@type":"PropertyValueSpecification","valueRequired":true,"valueName":"search_term_string"}}],"inLanguage":"pt-BR"},{"@type":"Organization","@id":"https:\/\/swimchannel.net\/br\/#organization","name":"Swimchannel - Conectando voc\u00ea a Nata\u00e7\u00e3o","url":"https:\/\/swimchannel.net\/br\/","logo":{"@type":"ImageObject","inLanguage":"pt-BR","@id":"https:\/\/swimchannel.net\/br\/#\/schema\/logo\/image\/","url":"https:\/\/swimchannel.net\/br\/wp-content\/uploads\/2026\/02\/SWIM-CHANNEL.png","contentUrl":"https:\/\/swimchannel.net\/br\/wp-content\/uploads\/2026\/02\/SWIM-CHANNEL.png","width":1120,"height":630,"caption":"Swimchannel - Conectando voc\u00ea a Nata\u00e7\u00e3o"},"image":{"@id":"https:\/\/swimchannel.net\/br\/#\/schema\/logo\/image\/"},"sameAs":["https:\/\/www.facebook.com\/swimchannel","https:\/\/www.instagram.com\/swimchannel"]},{"@type":"Person","@id":"https:\/\/swimchannel.net\/br\/#\/schema\/person\/73ae9cec62249968bca1f0a8098ef002","name":"Katarine Monteiro","image":{"@type":"ImageObject","inLanguage":"pt-BR","@id":"https:\/\/swimchannel.net\/br\/#\/schema\/person\/image\/","url":"https:\/\/swimchannel.net\/br\/wp-content\/uploads\/2022\/01\/Katarine-Monteiro-100x100.jpg","contentUrl":"https:\/\/swimchannel.net\/br\/wp-content\/uploads\/2022\/01\/Katarine-Monteiro-100x100.jpg","caption":"Katarine Monteiro"},"description":"Jornalista SWIM CHANNEL especializada em esportes ol\u00edmpicos e em sa\u00fade. Com cobertura de grandes eventos internacionais, como Jogos Ol\u00edmpicos Rio 2016, Jogos Pan-Americanos em Lima 2019, Qatar Total Open 2020, Qatar ExxonMobil Open 2019 - t\u00eanis em Doha (QT), Semana Internacional de Vela de Ilhabela, Transat Jacques Vabre 2019 (Fran\u00e7a-Brasil), L'\u00c9tape Brasil by Tour de France, j\u00e1 fez in\u00fameras coberturas de nata\u00e7\u00e3o, maratona aqu\u00e1tica e polo aqu\u00e1tico. Formada tamb\u00e9m em Letras, a jornalista atua como assessora de imprensa, rela\u00e7\u00f5es p\u00fablicas e social media, com especializa\u00e7\u00e3o em marketing esportivo. Nadadora amadora de \u00e1guas abertas, j\u00e1 trabalhou com grandes nomes da nata\u00e7\u00e3o e do polo aqu\u00e1tico brasileiro.","sameAs":["https:\/\/www.instagram.com\/_katarinemonteiro\/","https:\/\/www.linkedin.com\/in\/katarine-monteiro-19385297\/","https:\/\/x.com\/https:\/\/twitter.com\/Katarinem"],"url":"https:\/\/swimchannel.net\/br\/author\/katarine-monteiro\/"}]}},"_links":{"self":[{"href":"https:\/\/swimchannel.net\/br\/wp-json\/wp\/v2\/posts\/29987","targetHints":{"allow":["GET"]}}],"collection":[{"href":"https:\/\/swimchannel.net\/br\/wp-json\/wp\/v2\/posts"}],"about":[{"href":"https:\/\/swimchannel.net\/br\/wp-json\/wp\/v2\/types\/post"}],"author":[{"embeddable":true,"href":"https:\/\/swimchannel.net\/br\/wp-json\/wp\/v2\/users\/9"}],"replies":[{"embeddable":true,"href":"https:\/\/swimchannel.net\/br\/wp-json\/wp\/v2\/comments?post=29987"}],"version-history":[{"count":0,"href":"https:\/\/swimchannel.net\/br\/wp-json\/wp\/v2\/posts\/29987\/revisions"}],"wp:featuredmedia":[{"embeddable":true,"href":"https:\/\/swimchannel.net\/br\/wp-json\/wp\/v2\/media\/30005"}],"wp:attachment":[{"href":"https:\/\/swimchannel.net\/br\/wp-json\/wp\/v2\/media?parent=29987"}],"wp:term":[{"taxonomy":"category","embeddable":true,"href":"https:\/\/swimchannel.net\/br\/wp-json\/wp\/v2\/categories?post=29987"},{"taxonomy":"post_tag","embeddable":true,"href":"https:\/\/swimchannel.net\/br\/wp-json\/wp\/v2\/tags?post=29987"}],"curies":[{"name":"wp","href":"https:\/\/api.w.org\/{rel}","templated":true}]}}