{"id":3158,"date":"2017-03-08T17:11:04","date_gmt":"2017-03-08T17:11:04","guid":{"rendered":"https:\/\/digitalprojects.websiteseguro.com\/projetos\/swimchannel\/?p=3158"},"modified":"2017-03-08T19:01:09","modified_gmt":"2017-03-08T19:01:09","slug":"um-fim-de-semana-intenso-na-ilha-do-mel","status":"publish","type":"post","link":"https:\/\/swimchannel.net\/br\/um-fim-de-semana-intenso-na-ilha-do-mel\/","title":{"rendered":"Um fim de semana intenso na Ilha do Mel"},"content":{"rendered":"<p style=\"text-align: justify;\">Nos dias 22 e 23 de abril a Ilha do Mel ser\u00e1 palco de um dos maiores eventos de esportes aqu\u00e1ticos da temporada. Localizada no oeste do estado do Paran\u00e1, a cerca de 120 km da capital Curitiba, a Ilha do Mel faz parte do munic\u00edpio de Paranagu\u00e1 e \u00e9 conhecida por ser um dos locais mais interessantes do sul do Brasil devido suas belas paisagens naturais, o clima de cidadezinha do interior e praias agitadas que s\u00e3o \u00f3timas para o surf. Mas n\u00e3o \u00e9 s\u00f3 por isso que o arquip\u00e9lago ganha fama. O local tamb\u00e9m \u00e9 conhecido pela comunidade aqu\u00e1tica por sediar um dos maiores eventos de \u00e1guas abertas do Brasil.<\/p>\n<p style=\"text-align: justify;\">Promovido pela ag\u00eancia esportiva Correr &amp; Nadar, o fim de semana na Ilha do Mel promete muita nata\u00e7\u00e3o e esportes aqu\u00e1ticos para os aficionados. Haver\u00e1 disputas de \u00e1guas abertas, corrida, aquathlon, stand up paddle e caminhada. Ser\u00e3o ao todo cinco dist\u00e2ncias de nata\u00e7\u00e3o em \u00e1guas abertas: 600m, 1,5 km, 4 km, 10 km e 20 km. No s\u00e1bado, dia 22, acontecer\u00e3o as provas maiores chamadas de &#8220;Ultra Maratona Aqu\u00e1tica&#8221;. Indicadas para nadadores mais experientes, as duas travessias contam com beleza \u00fanica, j\u00e1 que \u00e9 poss\u00edvel visualizar as belezas da ilha durante as bra\u00e7adas. O n\u00edvel de dificuldade para os participantes \u00e9 um pouco devido a mudan\u00e7a de mar\u00e9 ao longo do percurso e caso seja seu dia de sorte poder\u00e1 ser acompanhado por golfinhos ao longo da prova.<\/p>\n<p style=\"text-align: justify;\">\n<figure id=\"attachment_3163\" aria-describedby=\"caption-attachment-3163\" style=\"width: 800px\" class=\"wp-caption aligncenter\"><a href=\"https:\/\/digitalprojects.websiteseguro.com\/projetos\/swimchannel\/wp-content\/uploads\/2017\/03\/largada-20k-2017-ilha-final.jpg\"><img loading=\"lazy\" decoding=\"async\" class=\"wp-image-3163\" src=\"https:\/\/digitalprojects.websiteseguro.com\/projetos\/swimchannel\/wp-content\/uploads\/2017\/03\/largada-20k-2017-ilha-final.jpg\" alt=\"Percurso das provas de 10 km e 20 km - Foto: Organiza\u00e7\u00e3o do evento\" width=\"800\" height=\"603\" srcset=\"https:\/\/swimchannel.net\/br\/wp-content\/uploads\/2017\/03\/largada-20k-2017-ilha-final.jpg 1055w, https:\/\/swimchannel.net\/br\/wp-content\/uploads\/2017\/03\/largada-20k-2017-ilha-final-600x452.jpg 600w, https:\/\/swimchannel.net\/br\/wp-content\/uploads\/2017\/03\/largada-20k-2017-ilha-final-300x226.jpg 300w, https:\/\/swimchannel.net\/br\/wp-content\/uploads\/2017\/03\/largada-20k-2017-ilha-final-768x579.jpg 768w, https:\/\/swimchannel.net\/br\/wp-content\/uploads\/2017\/03\/largada-20k-2017-ilha-final-1024x772.jpg 1024w\" sizes=\"auto, (max-width: 800px) 100vw, 800px\" \/><\/a><figcaption id=\"caption-attachment-3163\" class=\"wp-caption-text\">Percurso das provas de 10 km e 20 km &#8211; Foto: Organiza\u00e7\u00e3o do evento<\/figcaption><\/figure>\n<p style=\"text-align: justify;\">\n<p style=\"text-align: justify;\">No domingo, dia 23, \u00e9 a vez das provas mais populares e de menor dist\u00e2ncia. Com a expectativa de atrair cerca de 700 atletas o evento recebe o nome de &#8220;Maratona Aqu\u00e1tica Farol ao Forte&#8221; por ligar justamente os dois pontos mais famosos da ilha, com largada no Farol das Conchas e chegada ao Forte da Ilha do Mel. \u00c9 uma prova tranquila de ser realizada, j\u00e1 que nesta \u00e9poca do ano a temperatura da \u00e1gua n\u00e3o \u00e9 muito gelada e o trajeto normalmente \u00e9 feito\u00a0a favor da correnteza. De acordo com o regulamento todos os nadadores podem competir nos dois dias, contando que nadem apenas uma prova em cada dia. E se\u00a0a temperatura da \u00e1gua cair\u00a0os trajes de neoprene ser\u00e3o liberados para uso.<\/p>\n<p style=\"text-align: justify;\">Al\u00e9m das travessias haver\u00e1 um prova de aquathlon com o percurso total de 6,5 km, sendo 1,5 km de nata\u00e7\u00e3o e outros 5 km de corrida. As outras modalidades ser\u00e3o o stand up paddle (com dist\u00e2ncia de 4 km e 20 km) e a corrida e caminhada noturna (com percurso de 5 km). Ou seja, um final de semana insano para quem gosta de esportes, aprecia um lindo local com belezas naturais e pode aproveitar o fim de semana de viagem para conhecer um pouco mais da\u00a0ilha.<\/p>\n<p style=\"text-align: justify;\">\n<figure id=\"attachment_3162\" aria-describedby=\"caption-attachment-3162\" style=\"width: 600px\" class=\"wp-caption aligncenter\"><a href=\"https:\/\/digitalprojects.websiteseguro.com\/projetos\/swimchannel\/wp-content\/uploads\/2017\/03\/img_7758.jpg\"><img loading=\"lazy\" decoding=\"async\" class=\"size-full wp-image-3162\" src=\"https:\/\/digitalprojects.websiteseguro.com\/projetos\/swimchannel\/wp-content\/uploads\/2017\/03\/img_7758.jpg\" alt=\"Atleta durante prova do Correr &amp; Nadar - Foto: Organiza\u00e7\u00e3o do evento\" width=\"600\" height=\"400\" srcset=\"https:\/\/swimchannel.net\/br\/wp-content\/uploads\/2017\/03\/img_7758.jpg 600w, https:\/\/swimchannel.net\/br\/wp-content\/uploads\/2017\/03\/img_7758-300x200.jpg 300w\" sizes=\"auto, (max-width: 600px) 100vw, 600px\" \/><\/a><figcaption id=\"caption-attachment-3162\" class=\"wp-caption-text\">Atleta durante prova do Correr &amp; Nadar &#8211; Foto: Organiza\u00e7\u00e3o do evento<\/figcaption><\/figure>\n<p style=\"text-align: justify;\">\n<p style=\"text-align: justify;\">As inscri\u00e7\u00f5es para todos estes eventos\u00a0j\u00e1 est\u00e3o abertas e v\u00e3o at\u00e9 o dia 14 de abril. Elas podem ser feitas atrav\u00e9s do site da <strong>SWIM CHANNEL<\/strong>, no nosso novo servi\u00e7o chamado Inscri\u00e7\u00f5es de prova. Os interessados em nadar a <strong>III Ultra Maratona Aqu\u00e1tica<\/strong> (provas de 10 km e 20 km) podem <a href=\"https:\/\/swimchannel.net\/br\/provas\/33376\/III+Ultra+Maratona+Aqu%C3%A1tica+Ilha+do+Mel\/\" target=\"_blank\">clicar aqui<\/a> e fazer a sua. J\u00e1 para quem procura uma prova menor e que nadar <strong>VII Maratona Aqu\u00e1tica Farol ao Forte<\/strong> (provas de 600m, 1,5 km e 3 km) devem fazer sua inscri\u00e7\u00e3o <a href=\"https:\/\/swimchannel.net\/br\/provas\/33379\/VIII+Maratona+Aqu%C3%A1tica+Farol+ao+Forte+Ilha+do+Mel\/\" target=\"_blank\">aqui<\/a>. As inscri\u00e7\u00f5es para o <strong>III Aquathlon da Fortaleza<\/strong>\u00a0estar\u00e3o dispon\u00edveis em breve tamb\u00e9m no nosso site. Para mais detalhes sobre o calend\u00e1rio e informa\u00e7\u00f5es sobre o Correr &amp; Nadar visite o site oficial da ag\u00eancia <a href=\"http:\/\/www.correrenadar.com.br\/\" target=\"_blank\">clicando aqui<\/a>.<\/p>\n<p style=\"text-align: justify;\"><strong>Por Guilherme Freitas<\/strong><\/p>\n","protected":false},"excerpt":{"rendered":"<p>Evento acontecer\u00e1 em abril e ter\u00e1 cinco provas de \u00e1guas abertas, mais um aquathlon<\/p>\n","protected":false},"author":3,"featured_media":3160,"comment_status":"open","ping_status":"open","sticky":false,"template":"","format":"standard","meta":{"footnotes":""},"categories":[61],"tags":[14,730,297,729,713,37],"class_list":["post-3158","post","type-post","status-publish","format-standard","has-post-thumbnail","hentry","category-eventos","tag-aguas-abertas","tag-correr-nadar","tag-eventos","tag-ilha-do-mel","tag-inscricao-de-prova","tag-swim-channel"],"yoast_head":"<!-- This site is optimized with the Yoast SEO plugin v27.0 - https:\/\/yoast.com\/product\/yoast-seo-wordpress\/ -->\n<title>Um fim de semana intenso na Ilha do Mel - Swimchannel<\/title>\n<meta name=\"robots\" content=\"index, follow, max-snippet:-1, max-image-preview:large, max-video-preview:-1\" \/>\n<link rel=\"canonical\" href=\"https:\/\/swimchannel.net\/br\/um-fim-de-semana-intenso-na-ilha-do-mel\/\" \/>\n<meta property=\"og:locale\" content=\"pt_BR\" \/>\n<meta property=\"og:type\" content=\"article\" \/>\n<meta property=\"og:title\" content=\"Um fim de semana intenso na Ilha do Mel - Swimchannel\" \/>\n<meta property=\"og:description\" content=\"Evento acontecer\u00e1 em abril e ter\u00e1 cinco provas de \u00e1guas abertas, mais um aquathlon\" \/>\n<meta property=\"og:url\" content=\"https:\/\/swimchannel.net\/br\/um-fim-de-semana-intenso-na-ilha-do-mel\/\" \/>\n<meta property=\"og:site_name\" content=\"Swimchannel\" \/>\n<meta property=\"article:publisher\" content=\"https:\/\/www.facebook.com\/swimchannel\" \/>\n<meta property=\"article:published_time\" content=\"2017-03-08T17:11:04+00:00\" \/>\n<meta property=\"article:modified_time\" content=\"2017-03-08T19:01:09+00:00\" \/>\n<meta property=\"og:image\" content=\"https:\/\/swimchannel.net\/br\/wp-content\/uploads\/2017\/03\/Ilha-do-Mel-Parana-scaled.jpg\" \/>\n\t<meta property=\"og:image:width\" content=\"2560\" \/>\n\t<meta property=\"og:image:height\" content=\"1703\" \/>\n\t<meta property=\"og:image:type\" content=\"image\/jpeg\" \/>\n<meta name=\"author\" content=\"Guilherme Freitas\" \/>\n<meta name=\"twitter:card\" content=\"summary_large_image\" \/>\n<meta name=\"twitter:label1\" content=\"Escrito por\" \/>\n\t<meta name=\"twitter:data1\" content=\"Guilherme Freitas\" \/>\n\t<meta name=\"twitter:label2\" content=\"Est. tempo de leitura\" \/>\n\t<meta name=\"twitter:data2\" content=\"3 minutos\" \/>\n<script type=\"application\/ld+json\" class=\"yoast-schema-graph\">{\"@context\":\"https:\/\/schema.org\",\"@graph\":[{\"@type\":\"Article\",\"@id\":\"https:\/\/swimchannel.net\/br\/um-fim-de-semana-intenso-na-ilha-do-mel\/#article\",\"isPartOf\":{\"@id\":\"https:\/\/swimchannel.net\/br\/um-fim-de-semana-intenso-na-ilha-do-mel\/\"},\"author\":{\"name\":\"Guilherme Freitas\",\"@id\":\"https:\/\/swimchannel.net\/br\/#\/schema\/person\/aa2a63bab3275f53749a83276b213c48\"},\"headline\":\"Um fim de semana intenso na Ilha do Mel\",\"datePublished\":\"2017-03-08T17:11:04+00:00\",\"dateModified\":\"2017-03-08T19:01:09+00:00\",\"mainEntityOfPage\":{\"@id\":\"https:\/\/swimchannel.net\/br\/um-fim-de-semana-intenso-na-ilha-do-mel\/\"},\"wordCount\":645,\"commentCount\":0,\"publisher\":{\"@id\":\"https:\/\/swimchannel.net\/br\/#organization\"},\"image\":{\"@id\":\"https:\/\/swimchannel.net\/br\/um-fim-de-semana-intenso-na-ilha-do-mel\/#primaryimage\"},\"thumbnailUrl\":\"https:\/\/swimchannel.net\/br\/wp-content\/uploads\/2017\/03\/Ilha-do-Mel-Parana-scaled.jpg\",\"keywords\":[\"\u00c1guas abertas\",\"Correr &amp; Nadar\",\"eventos\",\"Ilha do Mel\",\"inscri\u00e7\u00e3o de prova\",\"Swim Channel\"],\"articleSection\":[\"Eventos\"],\"inLanguage\":\"pt-BR\",\"potentialAction\":[{\"@type\":\"CommentAction\",\"name\":\"Comment\",\"target\":[\"https:\/\/swimchannel.net\/br\/um-fim-de-semana-intenso-na-ilha-do-mel\/#respond\"]}]},{\"@type\":\"WebPage\",\"@id\":\"https:\/\/swimchannel.net\/br\/um-fim-de-semana-intenso-na-ilha-do-mel\/\",\"url\":\"https:\/\/swimchannel.net\/br\/um-fim-de-semana-intenso-na-ilha-do-mel\/\",\"name\":\"Um fim de semana intenso na Ilha do Mel - Swimchannel\",\"isPartOf\":{\"@id\":\"https:\/\/swimchannel.net\/br\/#website\"},\"primaryImageOfPage\":{\"@id\":\"https:\/\/swimchannel.net\/br\/um-fim-de-semana-intenso-na-ilha-do-mel\/#primaryimage\"},\"image\":{\"@id\":\"https:\/\/swimchannel.net\/br\/um-fim-de-semana-intenso-na-ilha-do-mel\/#primaryimage\"},\"thumbnailUrl\":\"https:\/\/swimchannel.net\/br\/wp-content\/uploads\/2017\/03\/Ilha-do-Mel-Parana-scaled.jpg\",\"datePublished\":\"2017-03-08T17:11:04+00:00\",\"dateModified\":\"2017-03-08T19:01:09+00:00\",\"breadcrumb\":{\"@id\":\"https:\/\/swimchannel.net\/br\/um-fim-de-semana-intenso-na-ilha-do-mel\/#breadcrumb\"},\"inLanguage\":\"pt-BR\",\"potentialAction\":[{\"@type\":\"ReadAction\",\"target\":[\"https:\/\/swimchannel.net\/br\/um-fim-de-semana-intenso-na-ilha-do-mel\/\"]}]},{\"@type\":\"ImageObject\",\"inLanguage\":\"pt-BR\",\"@id\":\"https:\/\/swimchannel.net\/br\/um-fim-de-semana-intenso-na-ilha-do-mel\/#primaryimage\",\"url\":\"https:\/\/swimchannel.net\/br\/wp-content\/uploads\/2017\/03\/Ilha-do-Mel-Parana-scaled.jpg\",\"contentUrl\":\"https:\/\/swimchannel.net\/br\/wp-content\/uploads\/2017\/03\/Ilha-do-Mel-Parana-scaled.jpg\",\"width\":2560,\"height\":1703,\"caption\":\"Vista da Ilha do Mel - Foto: Reprodu\u00e7\u00e3o\"},{\"@type\":\"BreadcrumbList\",\"@id\":\"https:\/\/swimchannel.net\/br\/um-fim-de-semana-intenso-na-ilha-do-mel\/#breadcrumb\",\"itemListElement\":[{\"@type\":\"ListItem\",\"position\":1,\"name\":\"Home\",\"item\":\"https:\/\/swimchannel.net\/br\/\"},{\"@type\":\"ListItem\",\"position\":2,\"name\":\"Um fim de semana intenso na Ilha do Mel\"}]},{\"@type\":\"WebSite\",\"@id\":\"https:\/\/swimchannel.net\/br\/#website\",\"url\":\"https:\/\/swimchannel.net\/br\/\",\"name\":\"Swimchannel\",\"description\":\"Maior portal de nata\u00e7\u00e3o da america latina\",\"publisher\":{\"@id\":\"https:\/\/swimchannel.net\/br\/#organization\"},\"potentialAction\":[{\"@type\":\"SearchAction\",\"target\":{\"@type\":\"EntryPoint\",\"urlTemplate\":\"https:\/\/swimchannel.net\/br\/?s={search_term_string}\"},\"query-input\":{\"@type\":\"PropertyValueSpecification\",\"valueRequired\":true,\"valueName\":\"search_term_string\"}}],\"inLanguage\":\"pt-BR\"},{\"@type\":\"Organization\",\"@id\":\"https:\/\/swimchannel.net\/br\/#organization\",\"name\":\"Swimchannel - Conectando voc\u00ea a Nata\u00e7\u00e3o\",\"url\":\"https:\/\/swimchannel.net\/br\/\",\"logo\":{\"@type\":\"ImageObject\",\"inLanguage\":\"pt-BR\",\"@id\":\"https:\/\/swimchannel.net\/br\/#\/schema\/logo\/image\/\",\"url\":\"https:\/\/swimchannel.net\/br\/wp-content\/uploads\/2026\/02\/SWIM-CHANNEL.png\",\"contentUrl\":\"https:\/\/swimchannel.net\/br\/wp-content\/uploads\/2026\/02\/SWIM-CHANNEL.png\",\"width\":1120,\"height\":630,\"caption\":\"Swimchannel - Conectando voc\u00ea a Nata\u00e7\u00e3o\"},\"image\":{\"@id\":\"https:\/\/swimchannel.net\/br\/#\/schema\/logo\/image\/\"},\"sameAs\":[\"https:\/\/www.facebook.com\/swimchannel\",\"https:\/\/www.instagram.com\/swimchannel\"]},{\"@type\":\"Person\",\"@id\":\"https:\/\/swimchannel.net\/br\/#\/schema\/person\/aa2a63bab3275f53749a83276b213c48\",\"name\":\"Guilherme Freitas\",\"image\":{\"@type\":\"ImageObject\",\"inLanguage\":\"pt-BR\",\"@id\":\"https:\/\/swimchannel.net\/br\/#\/schema\/person\/image\/\",\"url\":\"https:\/\/swimchannel.net\/br\/wp-content\/uploads\/2025\/10\/gui22-193x180.png\",\"contentUrl\":\"https:\/\/swimchannel.net\/br\/wp-content\/uploads\/2025\/10\/gui22-193x180.png\",\"caption\":\"Guilherme Freitas\"},\"description\":\"Jornalista s\u00eanior da SWIM CHANNEL, ex-correspondente da FINA no Brasil e pesquisador acad\u00eamico.\",\"sameAs\":[\"instagram.com\/guifreitas86\"],\"url\":\"https:\/\/swimchannel.net\/br\/author\/guilherme-freitas\/\"}]}<\/script>\n<!-- \/ Yoast SEO plugin. -->","yoast_head_json":{"title":"Um fim de semana intenso na Ilha do Mel - Swimchannel","robots":{"index":"index","follow":"follow","max-snippet":"max-snippet:-1","max-image-preview":"max-image-preview:large","max-video-preview":"max-video-preview:-1"},"canonical":"https:\/\/swimchannel.net\/br\/um-fim-de-semana-intenso-na-ilha-do-mel\/","og_locale":"pt_BR","og_type":"article","og_title":"Um fim de semana intenso na Ilha do Mel - Swimchannel","og_description":"Evento acontecer\u00e1 em abril e ter\u00e1 cinco provas de \u00e1guas abertas, mais um aquathlon","og_url":"https:\/\/swimchannel.net\/br\/um-fim-de-semana-intenso-na-ilha-do-mel\/","og_site_name":"Swimchannel","article_publisher":"https:\/\/www.facebook.com\/swimchannel","article_published_time":"2017-03-08T17:11:04+00:00","article_modified_time":"2017-03-08T19:01:09+00:00","og_image":[{"width":2560,"height":1703,"url":"https:\/\/swimchannel.net\/br\/wp-content\/uploads\/2017\/03\/Ilha-do-Mel-Parana-scaled.jpg","type":"image\/jpeg"}],"author":"Guilherme Freitas","twitter_card":"summary_large_image","twitter_misc":{"Escrito por":"Guilherme Freitas","Est. tempo de leitura":"3 minutos"},"schema":{"@context":"https:\/\/schema.org","@graph":[{"@type":"Article","@id":"https:\/\/swimchannel.net\/br\/um-fim-de-semana-intenso-na-ilha-do-mel\/#article","isPartOf":{"@id":"https:\/\/swimchannel.net\/br\/um-fim-de-semana-intenso-na-ilha-do-mel\/"},"author":{"name":"Guilherme Freitas","@id":"https:\/\/swimchannel.net\/br\/#\/schema\/person\/aa2a63bab3275f53749a83276b213c48"},"headline":"Um fim de semana intenso na Ilha do Mel","datePublished":"2017-03-08T17:11:04+00:00","dateModified":"2017-03-08T19:01:09+00:00","mainEntityOfPage":{"@id":"https:\/\/swimchannel.net\/br\/um-fim-de-semana-intenso-na-ilha-do-mel\/"},"wordCount":645,"commentCount":0,"publisher":{"@id":"https:\/\/swimchannel.net\/br\/#organization"},"image":{"@id":"https:\/\/swimchannel.net\/br\/um-fim-de-semana-intenso-na-ilha-do-mel\/#primaryimage"},"thumbnailUrl":"https:\/\/swimchannel.net\/br\/wp-content\/uploads\/2017\/03\/Ilha-do-Mel-Parana-scaled.jpg","keywords":["\u00c1guas abertas","Correr &amp; Nadar","eventos","Ilha do Mel","inscri\u00e7\u00e3o de prova","Swim Channel"],"articleSection":["Eventos"],"inLanguage":"pt-BR","potentialAction":[{"@type":"CommentAction","name":"Comment","target":["https:\/\/swimchannel.net\/br\/um-fim-de-semana-intenso-na-ilha-do-mel\/#respond"]}]},{"@type":"WebPage","@id":"https:\/\/swimchannel.net\/br\/um-fim-de-semana-intenso-na-ilha-do-mel\/","url":"https:\/\/swimchannel.net\/br\/um-fim-de-semana-intenso-na-ilha-do-mel\/","name":"Um fim de semana intenso na Ilha do Mel - Swimchannel","isPartOf":{"@id":"https:\/\/swimchannel.net\/br\/#website"},"primaryImageOfPage":{"@id":"https:\/\/swimchannel.net\/br\/um-fim-de-semana-intenso-na-ilha-do-mel\/#primaryimage"},"image":{"@id":"https:\/\/swimchannel.net\/br\/um-fim-de-semana-intenso-na-ilha-do-mel\/#primaryimage"},"thumbnailUrl":"https:\/\/swimchannel.net\/br\/wp-content\/uploads\/2017\/03\/Ilha-do-Mel-Parana-scaled.jpg","datePublished":"2017-03-08T17:11:04+00:00","dateModified":"2017-03-08T19:01:09+00:00","breadcrumb":{"@id":"https:\/\/swimchannel.net\/br\/um-fim-de-semana-intenso-na-ilha-do-mel\/#breadcrumb"},"inLanguage":"pt-BR","potentialAction":[{"@type":"ReadAction","target":["https:\/\/swimchannel.net\/br\/um-fim-de-semana-intenso-na-ilha-do-mel\/"]}]},{"@type":"ImageObject","inLanguage":"pt-BR","@id":"https:\/\/swimchannel.net\/br\/um-fim-de-semana-intenso-na-ilha-do-mel\/#primaryimage","url":"https:\/\/swimchannel.net\/br\/wp-content\/uploads\/2017\/03\/Ilha-do-Mel-Parana-scaled.jpg","contentUrl":"https:\/\/swimchannel.net\/br\/wp-content\/uploads\/2017\/03\/Ilha-do-Mel-Parana-scaled.jpg","width":2560,"height":1703,"caption":"Vista da Ilha do Mel - Foto: Reprodu\u00e7\u00e3o"},{"@type":"BreadcrumbList","@id":"https:\/\/swimchannel.net\/br\/um-fim-de-semana-intenso-na-ilha-do-mel\/#breadcrumb","itemListElement":[{"@type":"ListItem","position":1,"name":"Home","item":"https:\/\/swimchannel.net\/br\/"},{"@type":"ListItem","position":2,"name":"Um fim de semana intenso na Ilha do Mel"}]},{"@type":"WebSite","@id":"https:\/\/swimchannel.net\/br\/#website","url":"https:\/\/swimchannel.net\/br\/","name":"Swimchannel","description":"Maior portal de nata\u00e7\u00e3o da america latina","publisher":{"@id":"https:\/\/swimchannel.net\/br\/#organization"},"potentialAction":[{"@type":"SearchAction","target":{"@type":"EntryPoint","urlTemplate":"https:\/\/swimchannel.net\/br\/?s={search_term_string}"},"query-input":{"@type":"PropertyValueSpecification","valueRequired":true,"valueName":"search_term_string"}}],"inLanguage":"pt-BR"},{"@type":"Organization","@id":"https:\/\/swimchannel.net\/br\/#organization","name":"Swimchannel - Conectando voc\u00ea a Nata\u00e7\u00e3o","url":"https:\/\/swimchannel.net\/br\/","logo":{"@type":"ImageObject","inLanguage":"pt-BR","@id":"https:\/\/swimchannel.net\/br\/#\/schema\/logo\/image\/","url":"https:\/\/swimchannel.net\/br\/wp-content\/uploads\/2026\/02\/SWIM-CHANNEL.png","contentUrl":"https:\/\/swimchannel.net\/br\/wp-content\/uploads\/2026\/02\/SWIM-CHANNEL.png","width":1120,"height":630,"caption":"Swimchannel - Conectando voc\u00ea a Nata\u00e7\u00e3o"},"image":{"@id":"https:\/\/swimchannel.net\/br\/#\/schema\/logo\/image\/"},"sameAs":["https:\/\/www.facebook.com\/swimchannel","https:\/\/www.instagram.com\/swimchannel"]},{"@type":"Person","@id":"https:\/\/swimchannel.net\/br\/#\/schema\/person\/aa2a63bab3275f53749a83276b213c48","name":"Guilherme Freitas","image":{"@type":"ImageObject","inLanguage":"pt-BR","@id":"https:\/\/swimchannel.net\/br\/#\/schema\/person\/image\/","url":"https:\/\/swimchannel.net\/br\/wp-content\/uploads\/2025\/10\/gui22-193x180.png","contentUrl":"https:\/\/swimchannel.net\/br\/wp-content\/uploads\/2025\/10\/gui22-193x180.png","caption":"Guilherme Freitas"},"description":"Jornalista s\u00eanior da SWIM CHANNEL, ex-correspondente da FINA no Brasil e pesquisador acad\u00eamico.","sameAs":["instagram.com\/guifreitas86"],"url":"https:\/\/swimchannel.net\/br\/author\/guilherme-freitas\/"}]}},"_links":{"self":[{"href":"https:\/\/swimchannel.net\/br\/wp-json\/wp\/v2\/posts\/3158","targetHints":{"allow":["GET"]}}],"collection":[{"href":"https:\/\/swimchannel.net\/br\/wp-json\/wp\/v2\/posts"}],"about":[{"href":"https:\/\/swimchannel.net\/br\/wp-json\/wp\/v2\/types\/post"}],"author":[{"embeddable":true,"href":"https:\/\/swimchannel.net\/br\/wp-json\/wp\/v2\/users\/3"}],"replies":[{"embeddable":true,"href":"https:\/\/swimchannel.net\/br\/wp-json\/wp\/v2\/comments?post=3158"}],"version-history":[{"count":0,"href":"https:\/\/swimchannel.net\/br\/wp-json\/wp\/v2\/posts\/3158\/revisions"}],"wp:featuredmedia":[{"embeddable":true,"href":"https:\/\/swimchannel.net\/br\/wp-json\/wp\/v2\/media\/3160"}],"wp:attachment":[{"href":"https:\/\/swimchannel.net\/br\/wp-json\/wp\/v2\/media?parent=3158"}],"wp:term":[{"taxonomy":"category","embeddable":true,"href":"https:\/\/swimchannel.net\/br\/wp-json\/wp\/v2\/categories?post=3158"},{"taxonomy":"post_tag","embeddable":true,"href":"https:\/\/swimchannel.net\/br\/wp-json\/wp\/v2\/tags?post=3158"}],"curies":[{"name":"wp","href":"https:\/\/api.w.org\/{rel}","templated":true}]}}