{"id":392,"date":"2015-09-09T02:38:52","date_gmt":"2015-09-09T02:38:52","guid":{"rendered":"https:\/\/swimchannel.flywheelsites.com\/?p=392"},"modified":"2016-05-09T18:57:49","modified_gmt":"2016-05-09T18:57:49","slug":"swim4change-promovendo-a-integracao-atraves-do-esporte","status":"publish","type":"post","link":"https:\/\/swimchannel.net\/br\/swim4change-promovendo-a-integracao-atraves-do-esporte\/","title":{"rendered":"Swim4change: promovendo a integra\u00e7\u00e3o atrav\u00e9s do esporte"},"content":{"rendered":"<p>Neste fim de semana acontece a segunda edi\u00e7\u00e3o do Swim4change, um torneio de nata\u00e7\u00e3o que promove a integra\u00e7\u00e3o atrav\u00e9s do esporte e foi idealizado pelo casal de nadadores Fabiola Molina e Diogo Yabe. No pr\u00f3ximo s\u00e1bado, dia 12 de setembro, na piscina da Associa\u00e7\u00e3o Esportiva S\u00e3o Jos\u00e9 estar\u00e3o em a\u00e7\u00e3o dezenas de nadadores da sele\u00e7\u00e3o brasileira e jovens atletas que treinam nas 14 piscinas comunit\u00e1rias da cidade de S\u00e3o Jos\u00e9 dos Campos.<\/p>\n<p>Realizado pela primeira vez em 2013, durante a despedida oficial de Fabiola Molina das piscinas, o Swim4change foi um grande sucesso reunindo v\u00e1rios nomes da elite da nata\u00e7\u00e3o brasileira e internacional que nadaram lado a lado com crian\u00e7as e atletas paral\u00edmpicos atrav\u00e9s de provas de revezamento.\u00a0O maior objetivo do projeto \u00e9 justamente esse: promover a integra\u00e7\u00e3o e aumentar a cultura de intera\u00e7\u00e3o e uni\u00e3o entre atletas de variados n\u00edveis t\u00e9cnicos dentro da piscina com a meta de ajudar no desenvolvimento das pessoas, principalmente das crian\u00e7as, atrav\u00e9s do esporte. Ele \u00e9 tamb\u00e9m o maior programa de nata\u00e7\u00e3o comunit\u00e1ria do pa\u00eds, j\u00e1 que cerca de 10 mil pessoas s\u00e3o atendidas pelo Swim4change.<\/p>\n<p>Este ano mais de 20 nadadores que representam ou j\u00e1 defenderam a sele\u00e7\u00e3o brasileira em competi\u00e7\u00f5es internacionais estar\u00e3o no evento, entre eles Nicolas Oliveira, Manuela Lyrio, Daynara de Paula, Graciele Herrmann, Jessica Cavalheiro e Daiane Becker, todos medalhistas nos Jogos Pan-Americanos de Toronto, al\u00e9m do casal e idealizador do evento Fab\u00edola Molina e Diogo Yabe. Um evento que ficar\u00e1 marcado para esses consagrados atletas e para os jovens que ganharam ainda mais motiva\u00e7\u00e3o.<\/p>\n<p><strong>Por Guilherme Freitas<\/strong><\/p>\n","protected":false},"excerpt":{"rendered":"<p>Neste fim de semana acontece a segunda edi\u00e7\u00e3o do Swim4change, um torneio de nata\u00e7\u00e3o que promove a integra\u00e7\u00e3o atrav\u00e9s do esporte e foi idealizado pelo casal de nadadores Fabiola Molina e Diogo Yabe. No pr\u00f3ximo s\u00e1bado, dia 12 de setembro, na piscina da Associa\u00e7\u00e3o Esportiva S\u00e3o Jos\u00e9 estar\u00e3o em a\u00e7\u00e3o dezenas de nadadores da sele\u00e7\u00e3o [&hellip;]<\/p>\n","protected":false},"author":3,"featured_media":393,"comment_status":"open","ping_status":"open","sticky":false,"template":"","format":"standard","meta":{"footnotes":""},"categories":[137],"tags":[147,146,149,5,148,145],"class_list":["post-392","post","type-post","status-publish","format-standard","has-post-thumbnail","hentry","category-natacao","tag-diogo-yabe","tag-fabiola-molina","tag-integracao-no-esporte","tag-natacao","tag-sao-jose-dos-campos","tag-swim4change"],"yoast_head":"<!-- This site is optimized with the Yoast SEO plugin v27.0 - https:\/\/yoast.com\/product\/yoast-seo-wordpress\/ -->\n<title>Swim4change: promovendo a integra\u00e7\u00e3o atrav\u00e9s do esporte - Swimchannel<\/title>\n<meta name=\"robots\" content=\"index, follow, max-snippet:-1, max-image-preview:large, max-video-preview:-1\" \/>\n<link rel=\"canonical\" href=\"https:\/\/swimchannel.net\/br\/swim4change-promovendo-a-integracao-atraves-do-esporte\/\" \/>\n<meta property=\"og:locale\" content=\"pt_BR\" \/>\n<meta property=\"og:type\" content=\"article\" \/>\n<meta property=\"og:title\" content=\"Swim4change: promovendo a integra\u00e7\u00e3o atrav\u00e9s do esporte - Swimchannel\" \/>\n<meta property=\"og:description\" content=\"Neste fim de semana acontece a segunda edi\u00e7\u00e3o do Swim4change, um torneio de nata\u00e7\u00e3o que promove a integra\u00e7\u00e3o atrav\u00e9s do esporte e foi idealizado pelo casal de nadadores Fabiola Molina e Diogo Yabe. No pr\u00f3ximo s\u00e1bado, dia 12 de setembro, na piscina da Associa\u00e7\u00e3o Esportiva S\u00e3o Jos\u00e9 estar\u00e3o em a\u00e7\u00e3o dezenas de nadadores da sele\u00e7\u00e3o [&hellip;]\" \/>\n<meta property=\"og:url\" content=\"https:\/\/swimchannel.net\/br\/swim4change-promovendo-a-integracao-atraves-do-esporte\/\" \/>\n<meta property=\"og:site_name\" content=\"Swimchannel\" \/>\n<meta property=\"article:publisher\" content=\"https:\/\/www.facebook.com\/swimchannel\" \/>\n<meta property=\"article:published_time\" content=\"2015-09-09T02:38:52+00:00\" \/>\n<meta property=\"article:modified_time\" content=\"2016-05-09T18:57:49+00:00\" \/>\n<meta property=\"og:image\" content=\"https:\/\/swimchannel.net\/br\/wp-content\/uploads\/2015\/09\/11045402_1594241124149199_6493927322404706890_n.jpg\" \/>\n\t<meta property=\"og:image:width\" content=\"960\" \/>\n\t<meta property=\"og:image:height\" content=\"640\" \/>\n\t<meta property=\"og:image:type\" content=\"image\/jpeg\" \/>\n<meta name=\"author\" content=\"Guilherme Freitas\" \/>\n<meta name=\"twitter:card\" content=\"summary_large_image\" \/>\n<meta name=\"twitter:label1\" content=\"Escrito por\" \/>\n\t<meta name=\"twitter:data1\" content=\"Guilherme Freitas\" \/>\n\t<meta name=\"twitter:label2\" content=\"Est. tempo de leitura\" \/>\n\t<meta name=\"twitter:data2\" content=\"1 minuto\" \/>\n<script type=\"application\/ld+json\" class=\"yoast-schema-graph\">{\"@context\":\"https:\/\/schema.org\",\"@graph\":[{\"@type\":\"Article\",\"@id\":\"https:\/\/swimchannel.net\/br\/swim4change-promovendo-a-integracao-atraves-do-esporte\/#article\",\"isPartOf\":{\"@id\":\"https:\/\/swimchannel.net\/br\/swim4change-promovendo-a-integracao-atraves-do-esporte\/\"},\"author\":{\"name\":\"Guilherme Freitas\",\"@id\":\"https:\/\/swimchannel.net\/br\/#\/schema\/person\/aa2a63bab3275f53749a83276b213c48\"},\"headline\":\"Swim4change: promovendo a integra\u00e7\u00e3o atrav\u00e9s do esporte\",\"datePublished\":\"2015-09-09T02:38:52+00:00\",\"dateModified\":\"2016-05-09T18:57:49+00:00\",\"mainEntityOfPage\":{\"@id\":\"https:\/\/swimchannel.net\/br\/swim4change-promovendo-a-integracao-atraves-do-esporte\/\"},\"wordCount\":301,\"commentCount\":0,\"publisher\":{\"@id\":\"https:\/\/swimchannel.net\/br\/#organization\"},\"image\":{\"@id\":\"https:\/\/swimchannel.net\/br\/swim4change-promovendo-a-integracao-atraves-do-esporte\/#primaryimage\"},\"thumbnailUrl\":\"https:\/\/swimchannel.net\/br\/wp-content\/uploads\/2015\/09\/11045402_1594241124149199_6493927322404706890_n.jpg\",\"keywords\":[\"Diogo Yabe\",\"Fabiola Molina\",\"integra\u00e7\u00e3o no esporte\",\"natacao\",\"S\u00e3o Jos\u00e9 dos Campos\",\"Swim4change\"],\"articleSection\":[\"Nata\u00e7\u00e3o\"],\"inLanguage\":\"pt-BR\",\"potentialAction\":[{\"@type\":\"CommentAction\",\"name\":\"Comment\",\"target\":[\"https:\/\/swimchannel.net\/br\/swim4change-promovendo-a-integracao-atraves-do-esporte\/#respond\"]}]},{\"@type\":\"WebPage\",\"@id\":\"https:\/\/swimchannel.net\/br\/swim4change-promovendo-a-integracao-atraves-do-esporte\/\",\"url\":\"https:\/\/swimchannel.net\/br\/swim4change-promovendo-a-integracao-atraves-do-esporte\/\",\"name\":\"Swim4change: promovendo a integra\u00e7\u00e3o atrav\u00e9s do esporte - Swimchannel\",\"isPartOf\":{\"@id\":\"https:\/\/swimchannel.net\/br\/#website\"},\"primaryImageOfPage\":{\"@id\":\"https:\/\/swimchannel.net\/br\/swim4change-promovendo-a-integracao-atraves-do-esporte\/#primaryimage\"},\"image\":{\"@id\":\"https:\/\/swimchannel.net\/br\/swim4change-promovendo-a-integracao-atraves-do-esporte\/#primaryimage\"},\"thumbnailUrl\":\"https:\/\/swimchannel.net\/br\/wp-content\/uploads\/2015\/09\/11045402_1594241124149199_6493927322404706890_n.jpg\",\"datePublished\":\"2015-09-09T02:38:52+00:00\",\"dateModified\":\"2016-05-09T18:57:49+00:00\",\"breadcrumb\":{\"@id\":\"https:\/\/swimchannel.net\/br\/swim4change-promovendo-a-integracao-atraves-do-esporte\/#breadcrumb\"},\"inLanguage\":\"pt-BR\",\"potentialAction\":[{\"@type\":\"ReadAction\",\"target\":[\"https:\/\/swimchannel.net\/br\/swim4change-promovendo-a-integracao-atraves-do-esporte\/\"]}]},{\"@type\":\"ImageObject\",\"inLanguage\":\"pt-BR\",\"@id\":\"https:\/\/swimchannel.net\/br\/swim4change-promovendo-a-integracao-atraves-do-esporte\/#primaryimage\",\"url\":\"https:\/\/swimchannel.net\/br\/wp-content\/uploads\/2015\/09\/11045402_1594241124149199_6493927322404706890_n.jpg\",\"contentUrl\":\"https:\/\/swimchannel.net\/br\/wp-content\/uploads\/2015\/09\/11045402_1594241124149199_6493927322404706890_n.jpg\",\"width\":960,\"height\":640,\"caption\":\"Nadadores durante o Swim4Change em 2013 - Foto: Reprodu\u00e7\u00e3o\/Swim4change\"},{\"@type\":\"BreadcrumbList\",\"@id\":\"https:\/\/swimchannel.net\/br\/swim4change-promovendo-a-integracao-atraves-do-esporte\/#breadcrumb\",\"itemListElement\":[{\"@type\":\"ListItem\",\"position\":1,\"name\":\"Home\",\"item\":\"https:\/\/swimchannel.net\/br\/\"},{\"@type\":\"ListItem\",\"position\":2,\"name\":\"Swim4change: promovendo a integra\u00e7\u00e3o atrav\u00e9s do esporte\"}]},{\"@type\":\"WebSite\",\"@id\":\"https:\/\/swimchannel.net\/br\/#website\",\"url\":\"https:\/\/swimchannel.net\/br\/\",\"name\":\"Swimchannel\",\"description\":\"Maior portal de nata\u00e7\u00e3o da america latina\",\"publisher\":{\"@id\":\"https:\/\/swimchannel.net\/br\/#organization\"},\"potentialAction\":[{\"@type\":\"SearchAction\",\"target\":{\"@type\":\"EntryPoint\",\"urlTemplate\":\"https:\/\/swimchannel.net\/br\/?s={search_term_string}\"},\"query-input\":{\"@type\":\"PropertyValueSpecification\",\"valueRequired\":true,\"valueName\":\"search_term_string\"}}],\"inLanguage\":\"pt-BR\"},{\"@type\":\"Organization\",\"@id\":\"https:\/\/swimchannel.net\/br\/#organization\",\"name\":\"Swimchannel - Conectando voc\u00ea a Nata\u00e7\u00e3o\",\"url\":\"https:\/\/swimchannel.net\/br\/\",\"logo\":{\"@type\":\"ImageObject\",\"inLanguage\":\"pt-BR\",\"@id\":\"https:\/\/swimchannel.net\/br\/#\/schema\/logo\/image\/\",\"url\":\"https:\/\/swimchannel.net\/br\/wp-content\/uploads\/2026\/02\/SWIM-CHANNEL.png\",\"contentUrl\":\"https:\/\/swimchannel.net\/br\/wp-content\/uploads\/2026\/02\/SWIM-CHANNEL.png\",\"width\":1120,\"height\":630,\"caption\":\"Swimchannel - Conectando voc\u00ea a Nata\u00e7\u00e3o\"},\"image\":{\"@id\":\"https:\/\/swimchannel.net\/br\/#\/schema\/logo\/image\/\"},\"sameAs\":[\"https:\/\/www.facebook.com\/swimchannel\",\"https:\/\/www.instagram.com\/swimchannel\"]},{\"@type\":\"Person\",\"@id\":\"https:\/\/swimchannel.net\/br\/#\/schema\/person\/aa2a63bab3275f53749a83276b213c48\",\"name\":\"Guilherme Freitas\",\"image\":{\"@type\":\"ImageObject\",\"inLanguage\":\"pt-BR\",\"@id\":\"https:\/\/swimchannel.net\/br\/#\/schema\/person\/image\/\",\"url\":\"https:\/\/swimchannel.net\/br\/wp-content\/uploads\/2025\/10\/gui22-193x180.png\",\"contentUrl\":\"https:\/\/swimchannel.net\/br\/wp-content\/uploads\/2025\/10\/gui22-193x180.png\",\"caption\":\"Guilherme Freitas\"},\"description\":\"Jornalista s\u00eanior da SWIM CHANNEL, ex-correspondente da FINA no Brasil e pesquisador acad\u00eamico.\",\"sameAs\":[\"instagram.com\/guifreitas86\"],\"url\":\"https:\/\/swimchannel.net\/br\/author\/guilherme-freitas\/\"}]}<\/script>\n<!-- \/ Yoast SEO plugin. -->","yoast_head_json":{"title":"Swim4change: promovendo a integra\u00e7\u00e3o atrav\u00e9s do esporte - Swimchannel","robots":{"index":"index","follow":"follow","max-snippet":"max-snippet:-1","max-image-preview":"max-image-preview:large","max-video-preview":"max-video-preview:-1"},"canonical":"https:\/\/swimchannel.net\/br\/swim4change-promovendo-a-integracao-atraves-do-esporte\/","og_locale":"pt_BR","og_type":"article","og_title":"Swim4change: promovendo a integra\u00e7\u00e3o atrav\u00e9s do esporte - Swimchannel","og_description":"Neste fim de semana acontece a segunda edi\u00e7\u00e3o do Swim4change, um torneio de nata\u00e7\u00e3o que promove a integra\u00e7\u00e3o atrav\u00e9s do esporte e foi idealizado pelo casal de nadadores Fabiola Molina e Diogo Yabe. No pr\u00f3ximo s\u00e1bado, dia 12 de setembro, na piscina da Associa\u00e7\u00e3o Esportiva S\u00e3o Jos\u00e9 estar\u00e3o em a\u00e7\u00e3o dezenas de nadadores da sele\u00e7\u00e3o [&hellip;]","og_url":"https:\/\/swimchannel.net\/br\/swim4change-promovendo-a-integracao-atraves-do-esporte\/","og_site_name":"Swimchannel","article_publisher":"https:\/\/www.facebook.com\/swimchannel","article_published_time":"2015-09-09T02:38:52+00:00","article_modified_time":"2016-05-09T18:57:49+00:00","og_image":[{"width":960,"height":640,"url":"https:\/\/swimchannel.net\/br\/wp-content\/uploads\/2015\/09\/11045402_1594241124149199_6493927322404706890_n.jpg","type":"image\/jpeg"}],"author":"Guilherme Freitas","twitter_card":"summary_large_image","twitter_misc":{"Escrito por":"Guilherme Freitas","Est. tempo de leitura":"1 minuto"},"schema":{"@context":"https:\/\/schema.org","@graph":[{"@type":"Article","@id":"https:\/\/swimchannel.net\/br\/swim4change-promovendo-a-integracao-atraves-do-esporte\/#article","isPartOf":{"@id":"https:\/\/swimchannel.net\/br\/swim4change-promovendo-a-integracao-atraves-do-esporte\/"},"author":{"name":"Guilherme Freitas","@id":"https:\/\/swimchannel.net\/br\/#\/schema\/person\/aa2a63bab3275f53749a83276b213c48"},"headline":"Swim4change: promovendo a integra\u00e7\u00e3o atrav\u00e9s do esporte","datePublished":"2015-09-09T02:38:52+00:00","dateModified":"2016-05-09T18:57:49+00:00","mainEntityOfPage":{"@id":"https:\/\/swimchannel.net\/br\/swim4change-promovendo-a-integracao-atraves-do-esporte\/"},"wordCount":301,"commentCount":0,"publisher":{"@id":"https:\/\/swimchannel.net\/br\/#organization"},"image":{"@id":"https:\/\/swimchannel.net\/br\/swim4change-promovendo-a-integracao-atraves-do-esporte\/#primaryimage"},"thumbnailUrl":"https:\/\/swimchannel.net\/br\/wp-content\/uploads\/2015\/09\/11045402_1594241124149199_6493927322404706890_n.jpg","keywords":["Diogo Yabe","Fabiola Molina","integra\u00e7\u00e3o no esporte","natacao","S\u00e3o Jos\u00e9 dos Campos","Swim4change"],"articleSection":["Nata\u00e7\u00e3o"],"inLanguage":"pt-BR","potentialAction":[{"@type":"CommentAction","name":"Comment","target":["https:\/\/swimchannel.net\/br\/swim4change-promovendo-a-integracao-atraves-do-esporte\/#respond"]}]},{"@type":"WebPage","@id":"https:\/\/swimchannel.net\/br\/swim4change-promovendo-a-integracao-atraves-do-esporte\/","url":"https:\/\/swimchannel.net\/br\/swim4change-promovendo-a-integracao-atraves-do-esporte\/","name":"Swim4change: promovendo a integra\u00e7\u00e3o atrav\u00e9s do esporte - Swimchannel","isPartOf":{"@id":"https:\/\/swimchannel.net\/br\/#website"},"primaryImageOfPage":{"@id":"https:\/\/swimchannel.net\/br\/swim4change-promovendo-a-integracao-atraves-do-esporte\/#primaryimage"},"image":{"@id":"https:\/\/swimchannel.net\/br\/swim4change-promovendo-a-integracao-atraves-do-esporte\/#primaryimage"},"thumbnailUrl":"https:\/\/swimchannel.net\/br\/wp-content\/uploads\/2015\/09\/11045402_1594241124149199_6493927322404706890_n.jpg","datePublished":"2015-09-09T02:38:52+00:00","dateModified":"2016-05-09T18:57:49+00:00","breadcrumb":{"@id":"https:\/\/swimchannel.net\/br\/swim4change-promovendo-a-integracao-atraves-do-esporte\/#breadcrumb"},"inLanguage":"pt-BR","potentialAction":[{"@type":"ReadAction","target":["https:\/\/swimchannel.net\/br\/swim4change-promovendo-a-integracao-atraves-do-esporte\/"]}]},{"@type":"ImageObject","inLanguage":"pt-BR","@id":"https:\/\/swimchannel.net\/br\/swim4change-promovendo-a-integracao-atraves-do-esporte\/#primaryimage","url":"https:\/\/swimchannel.net\/br\/wp-content\/uploads\/2015\/09\/11045402_1594241124149199_6493927322404706890_n.jpg","contentUrl":"https:\/\/swimchannel.net\/br\/wp-content\/uploads\/2015\/09\/11045402_1594241124149199_6493927322404706890_n.jpg","width":960,"height":640,"caption":"Nadadores durante o Swim4Change em 2013 - Foto: Reprodu\u00e7\u00e3o\/Swim4change"},{"@type":"BreadcrumbList","@id":"https:\/\/swimchannel.net\/br\/swim4change-promovendo-a-integracao-atraves-do-esporte\/#breadcrumb","itemListElement":[{"@type":"ListItem","position":1,"name":"Home","item":"https:\/\/swimchannel.net\/br\/"},{"@type":"ListItem","position":2,"name":"Swim4change: promovendo a integra\u00e7\u00e3o atrav\u00e9s do esporte"}]},{"@type":"WebSite","@id":"https:\/\/swimchannel.net\/br\/#website","url":"https:\/\/swimchannel.net\/br\/","name":"Swimchannel","description":"Maior portal de nata\u00e7\u00e3o da america latina","publisher":{"@id":"https:\/\/swimchannel.net\/br\/#organization"},"potentialAction":[{"@type":"SearchAction","target":{"@type":"EntryPoint","urlTemplate":"https:\/\/swimchannel.net\/br\/?s={search_term_string}"},"query-input":{"@type":"PropertyValueSpecification","valueRequired":true,"valueName":"search_term_string"}}],"inLanguage":"pt-BR"},{"@type":"Organization","@id":"https:\/\/swimchannel.net\/br\/#organization","name":"Swimchannel - Conectando voc\u00ea a Nata\u00e7\u00e3o","url":"https:\/\/swimchannel.net\/br\/","logo":{"@type":"ImageObject","inLanguage":"pt-BR","@id":"https:\/\/swimchannel.net\/br\/#\/schema\/logo\/image\/","url":"https:\/\/swimchannel.net\/br\/wp-content\/uploads\/2026\/02\/SWIM-CHANNEL.png","contentUrl":"https:\/\/swimchannel.net\/br\/wp-content\/uploads\/2026\/02\/SWIM-CHANNEL.png","width":1120,"height":630,"caption":"Swimchannel - Conectando voc\u00ea a Nata\u00e7\u00e3o"},"image":{"@id":"https:\/\/swimchannel.net\/br\/#\/schema\/logo\/image\/"},"sameAs":["https:\/\/www.facebook.com\/swimchannel","https:\/\/www.instagram.com\/swimchannel"]},{"@type":"Person","@id":"https:\/\/swimchannel.net\/br\/#\/schema\/person\/aa2a63bab3275f53749a83276b213c48","name":"Guilherme Freitas","image":{"@type":"ImageObject","inLanguage":"pt-BR","@id":"https:\/\/swimchannel.net\/br\/#\/schema\/person\/image\/","url":"https:\/\/swimchannel.net\/br\/wp-content\/uploads\/2025\/10\/gui22-193x180.png","contentUrl":"https:\/\/swimchannel.net\/br\/wp-content\/uploads\/2025\/10\/gui22-193x180.png","caption":"Guilherme Freitas"},"description":"Jornalista s\u00eanior da SWIM CHANNEL, ex-correspondente da FINA no Brasil e pesquisador acad\u00eamico.","sameAs":["instagram.com\/guifreitas86"],"url":"https:\/\/swimchannel.net\/br\/author\/guilherme-freitas\/"}]}},"_links":{"self":[{"href":"https:\/\/swimchannel.net\/br\/wp-json\/wp\/v2\/posts\/392","targetHints":{"allow":["GET"]}}],"collection":[{"href":"https:\/\/swimchannel.net\/br\/wp-json\/wp\/v2\/posts"}],"about":[{"href":"https:\/\/swimchannel.net\/br\/wp-json\/wp\/v2\/types\/post"}],"author":[{"embeddable":true,"href":"https:\/\/swimchannel.net\/br\/wp-json\/wp\/v2\/users\/3"}],"replies":[{"embeddable":true,"href":"https:\/\/swimchannel.net\/br\/wp-json\/wp\/v2\/comments?post=392"}],"version-history":[{"count":0,"href":"https:\/\/swimchannel.net\/br\/wp-json\/wp\/v2\/posts\/392\/revisions"}],"wp:featuredmedia":[{"embeddable":true,"href":"https:\/\/swimchannel.net\/br\/wp-json\/wp\/v2\/media\/393"}],"wp:attachment":[{"href":"https:\/\/swimchannel.net\/br\/wp-json\/wp\/v2\/media?parent=392"}],"wp:term":[{"taxonomy":"category","embeddable":true,"href":"https:\/\/swimchannel.net\/br\/wp-json\/wp\/v2\/categories?post=392"},{"taxonomy":"post_tag","embeddable":true,"href":"https:\/\/swimchannel.net\/br\/wp-json\/wp\/v2\/tags?post=392"}],"curies":[{"name":"wp","href":"https:\/\/api.w.org\/{rel}","templated":true}]}}