{"id":40083,"date":"2021-04-02T07:00:48","date_gmt":"2021-04-02T10:00:48","guid":{"rendered":"https:\/\/swimchannel.net\/br\/?p=40083"},"modified":"2026-03-10T19:44:06","modified_gmt":"2026-03-10T22:44:06","slug":"gabrielle-detti-e-vacinado-contra-covid-19","status":"publish","type":"post","link":"https:\/\/swimchannel.net\/br\/gabrielle-detti-e-vacinado-contra-covid-19\/","title":{"rendered":"Gabrielle Detti \u00e9 vacinado contra COVID-19"},"content":{"rendered":"<p>Um dos principais nadadores italianos da atualidade, Gabrielle Detti revelou a imprensa de seu pa\u00eds que j\u00e1 tomou a primeira dose da vacina contra o COVID-19. J\u00e1 classificado para os Jogos Ol\u00edmpicos na prova dos 400m livre, Detti foi imunizado as v\u00e9speras do Campeonato Italiano de Riccione onde esta competindo nesta semana. O italiano afirmou que n\u00e3o teve rea\u00e7\u00f5es graves a vacina e que tudo correu bem.<\/p>\n<p>\u201cTomei a vacina na segunda-feira, depois tive um pouco de febre, mas agora est\u00e1 tudo bem. Esperava chegar a esta competi\u00e7\u00e3o um pouco mais relaxado, mas tudo correu bem durante minha prepara\u00e7\u00e3o para o campeonato&#8221;, disse Detti que venceu os 400m livre em Riccione e levou a prata nos 800m livre. Ele ainda vai nadar os 200m e 1500m livre no evento.<\/p>\n<p>Ano passado Detti testou positivo para o COVID-19 juntamente com outros dez nadadores italianos durante um training camp em Livigno. Outros nadadores como <a href=\"https:\/\/swimchannel.net\/br\/federica-pellegrini\/\">Federica Pellegrini<\/a>, Benedetta Pilato e Simona Quadarella tamb\u00e9m j\u00e1 foram infectadas pelo v\u00edrus e n\u00e3o tiveram maiores gravidades. At\u00e9 o momento a It\u00e1lia vacinou apenas pouco mais de 8% de sua popula\u00e7\u00e3o de 60 milh\u00f5es de habitantes.<\/p>\n<p>Gionanni Malago, presidente do Comit\u00ea Ol\u00edmpico Nacional da It\u00e1lia, j\u00e1 avisou que a entidade n\u00e3o colocar\u00e1 seus atletas a frente na fila da vacina\u00e7\u00e3o do pa\u00eds. Por outro lado, Paolo Barello, presidente da Federa\u00e7\u00e3o Italiana, \u00e9 a favor que os nadadores sejam considerados como grupos priorit\u00e1rios e pede que sejam vacinados at\u00e9 os Jogos Ol\u00edmpicos de T\u00f3quio.<\/p>\n","protected":false},"excerpt":{"rendered":"<p>Nadador italiano foi imunizado no in\u00edcio da semana as v\u00e9speras do Campeonato Italiano em Riccione<\/p>\n","protected":false},"author":3,"featured_media":0,"comment_status":"open","ping_status":"open","sticky":false,"template":"","format":"gallery","meta":{"footnotes":""},"categories":[137],"tags":[2167,4123,183,5],"class_list":["post-40083","post","type-post","status-publish","format-gallery","hentry","category-natacao","tag-covid-19","tag-gabrielle-detti","tag-jogos-olimpicos","tag-natacao","post_format-post-format-gallery"],"yoast_head":"<!-- This site is optimized with the Yoast SEO plugin v27.0 - https:\/\/yoast.com\/product\/yoast-seo-wordpress\/ -->\n<title>Gabrielle Detti \u00e9 vacinado contra COVID-19 - Swimchannel<\/title>\n<meta name=\"robots\" content=\"index, follow, max-snippet:-1, max-image-preview:large, max-video-preview:-1\" \/>\n<link rel=\"canonical\" href=\"https:\/\/swimchannel.net\/br\/gabrielle-detti-e-vacinado-contra-covid-19\/\" \/>\n<meta property=\"og:locale\" content=\"pt_BR\" \/>\n<meta property=\"og:type\" content=\"article\" \/>\n<meta property=\"og:title\" content=\"Gabrielle Detti \u00e9 vacinado contra COVID-19 - Swimchannel\" \/>\n<meta property=\"og:description\" content=\"Nadador italiano foi imunizado no in\u00edcio da semana as v\u00e9speras do Campeonato Italiano em Riccione\" \/>\n<meta property=\"og:url\" content=\"https:\/\/swimchannel.net\/br\/gabrielle-detti-e-vacinado-contra-covid-19\/\" \/>\n<meta property=\"og:site_name\" content=\"Swimchannel\" \/>\n<meta property=\"article:publisher\" content=\"https:\/\/www.facebook.com\/swimchannel\" \/>\n<meta property=\"article:published_time\" content=\"2021-04-02T10:00:48+00:00\" \/>\n<meta property=\"article:modified_time\" content=\"2026-03-10T22:44:06+00:00\" \/>\n<meta name=\"author\" content=\"Guilherme Freitas\" \/>\n<meta name=\"twitter:card\" content=\"summary_large_image\" \/>\n<meta name=\"twitter:label1\" content=\"Escrito por\" \/>\n\t<meta name=\"twitter:data1\" content=\"Guilherme Freitas\" \/>\n\t<meta name=\"twitter:label2\" content=\"Est. tempo de leitura\" \/>\n\t<meta name=\"twitter:data2\" content=\"2 minutos\" \/>\n<script type=\"application\/ld+json\" class=\"yoast-schema-graph\">{\"@context\":\"https:\/\/schema.org\",\"@graph\":[{\"@type\":\"Article\",\"@id\":\"https:\/\/swimchannel.net\/br\/gabrielle-detti-e-vacinado-contra-covid-19\/#article\",\"isPartOf\":{\"@id\":\"https:\/\/swimchannel.net\/br\/gabrielle-detti-e-vacinado-contra-covid-19\/\"},\"author\":{\"name\":\"Guilherme Freitas\",\"@id\":\"https:\/\/swimchannel.net\/br\/#\/schema\/person\/aa2a63bab3275f53749a83276b213c48\"},\"headline\":\"Gabrielle Detti \u00e9 vacinado contra COVID-19\",\"datePublished\":\"2021-04-02T10:00:48+00:00\",\"dateModified\":\"2026-03-10T22:44:06+00:00\",\"mainEntityOfPage\":{\"@id\":\"https:\/\/swimchannel.net\/br\/gabrielle-detti-e-vacinado-contra-covid-19\/\"},\"wordCount\":270,\"commentCount\":0,\"publisher\":{\"@id\":\"https:\/\/swimchannel.net\/br\/#organization\"},\"keywords\":[\"COVID-19\",\"Gabrielle Detti\",\"Jogos Ol\u00edmpicos\",\"natacao\"],\"articleSection\":[\"Nata\u00e7\u00e3o\"],\"inLanguage\":\"pt-BR\",\"potentialAction\":[{\"@type\":\"CommentAction\",\"name\":\"Comment\",\"target\":[\"https:\/\/swimchannel.net\/br\/gabrielle-detti-e-vacinado-contra-covid-19\/#respond\"]}]},{\"@type\":\"WebPage\",\"@id\":\"https:\/\/swimchannel.net\/br\/gabrielle-detti-e-vacinado-contra-covid-19\/\",\"url\":\"https:\/\/swimchannel.net\/br\/gabrielle-detti-e-vacinado-contra-covid-19\/\",\"name\":\"Gabrielle Detti \u00e9 vacinado contra COVID-19 - Swimchannel\",\"isPartOf\":{\"@id\":\"https:\/\/swimchannel.net\/br\/#website\"},\"datePublished\":\"2021-04-02T10:00:48+00:00\",\"dateModified\":\"2026-03-10T22:44:06+00:00\",\"breadcrumb\":{\"@id\":\"https:\/\/swimchannel.net\/br\/gabrielle-detti-e-vacinado-contra-covid-19\/#breadcrumb\"},\"inLanguage\":\"pt-BR\",\"potentialAction\":[{\"@type\":\"ReadAction\",\"target\":[\"https:\/\/swimchannel.net\/br\/gabrielle-detti-e-vacinado-contra-covid-19\/\"]}]},{\"@type\":\"BreadcrumbList\",\"@id\":\"https:\/\/swimchannel.net\/br\/gabrielle-detti-e-vacinado-contra-covid-19\/#breadcrumb\",\"itemListElement\":[{\"@type\":\"ListItem\",\"position\":1,\"name\":\"Home\",\"item\":\"https:\/\/swimchannel.net\/br\/\"},{\"@type\":\"ListItem\",\"position\":2,\"name\":\"Gabrielle Detti \u00e9 vacinado contra COVID-19\"}]},{\"@type\":\"WebSite\",\"@id\":\"https:\/\/swimchannel.net\/br\/#website\",\"url\":\"https:\/\/swimchannel.net\/br\/\",\"name\":\"Swimchannel\",\"description\":\"Maior portal de nata\u00e7\u00e3o da america latina\",\"publisher\":{\"@id\":\"https:\/\/swimchannel.net\/br\/#organization\"},\"potentialAction\":[{\"@type\":\"SearchAction\",\"target\":{\"@type\":\"EntryPoint\",\"urlTemplate\":\"https:\/\/swimchannel.net\/br\/?s={search_term_string}\"},\"query-input\":{\"@type\":\"PropertyValueSpecification\",\"valueRequired\":true,\"valueName\":\"search_term_string\"}}],\"inLanguage\":\"pt-BR\"},{\"@type\":\"Organization\",\"@id\":\"https:\/\/swimchannel.net\/br\/#organization\",\"name\":\"Swimchannel - Conectando voc\u00ea a Nata\u00e7\u00e3o\",\"url\":\"https:\/\/swimchannel.net\/br\/\",\"logo\":{\"@type\":\"ImageObject\",\"inLanguage\":\"pt-BR\",\"@id\":\"https:\/\/swimchannel.net\/br\/#\/schema\/logo\/image\/\",\"url\":\"https:\/\/swimchannel.net\/br\/wp-content\/uploads\/2026\/02\/SWIM-CHANNEL.png\",\"contentUrl\":\"https:\/\/swimchannel.net\/br\/wp-content\/uploads\/2026\/02\/SWIM-CHANNEL.png\",\"width\":1120,\"height\":630,\"caption\":\"Swimchannel - Conectando voc\u00ea a Nata\u00e7\u00e3o\"},\"image\":{\"@id\":\"https:\/\/swimchannel.net\/br\/#\/schema\/logo\/image\/\"},\"sameAs\":[\"https:\/\/www.facebook.com\/swimchannel\",\"https:\/\/www.instagram.com\/swimchannel\"]},{\"@type\":\"Person\",\"@id\":\"https:\/\/swimchannel.net\/br\/#\/schema\/person\/aa2a63bab3275f53749a83276b213c48\",\"name\":\"Guilherme Freitas\",\"image\":{\"@type\":\"ImageObject\",\"inLanguage\":\"pt-BR\",\"@id\":\"https:\/\/swimchannel.net\/br\/#\/schema\/person\/image\/\",\"url\":\"https:\/\/swimchannel.net\/br\/wp-content\/uploads\/2025\/10\/gui22-193x180.png\",\"contentUrl\":\"https:\/\/swimchannel.net\/br\/wp-content\/uploads\/2025\/10\/gui22-193x180.png\",\"caption\":\"Guilherme Freitas\"},\"description\":\"Jornalista s\u00eanior da SWIM CHANNEL, ex-correspondente da FINA no Brasil e pesquisador acad\u00eamico.\",\"sameAs\":[\"instagram.com\/guifreitas86\"],\"url\":\"https:\/\/swimchannel.net\/br\/author\/guilherme-freitas\/\"}]}<\/script>\n<!-- \/ Yoast SEO plugin. -->","yoast_head_json":{"title":"Gabrielle Detti \u00e9 vacinado contra COVID-19 - Swimchannel","robots":{"index":"index","follow":"follow","max-snippet":"max-snippet:-1","max-image-preview":"max-image-preview:large","max-video-preview":"max-video-preview:-1"},"canonical":"https:\/\/swimchannel.net\/br\/gabrielle-detti-e-vacinado-contra-covid-19\/","og_locale":"pt_BR","og_type":"article","og_title":"Gabrielle Detti \u00e9 vacinado contra COVID-19 - Swimchannel","og_description":"Nadador italiano foi imunizado no in\u00edcio da semana as v\u00e9speras do Campeonato Italiano em Riccione","og_url":"https:\/\/swimchannel.net\/br\/gabrielle-detti-e-vacinado-contra-covid-19\/","og_site_name":"Swimchannel","article_publisher":"https:\/\/www.facebook.com\/swimchannel","article_published_time":"2021-04-02T10:00:48+00:00","article_modified_time":"2026-03-10T22:44:06+00:00","author":"Guilherme Freitas","twitter_card":"summary_large_image","twitter_misc":{"Escrito por":"Guilherme Freitas","Est. tempo de leitura":"2 minutos"},"schema":{"@context":"https:\/\/schema.org","@graph":[{"@type":"Article","@id":"https:\/\/swimchannel.net\/br\/gabrielle-detti-e-vacinado-contra-covid-19\/#article","isPartOf":{"@id":"https:\/\/swimchannel.net\/br\/gabrielle-detti-e-vacinado-contra-covid-19\/"},"author":{"name":"Guilherme Freitas","@id":"https:\/\/swimchannel.net\/br\/#\/schema\/person\/aa2a63bab3275f53749a83276b213c48"},"headline":"Gabrielle Detti \u00e9 vacinado contra COVID-19","datePublished":"2021-04-02T10:00:48+00:00","dateModified":"2026-03-10T22:44:06+00:00","mainEntityOfPage":{"@id":"https:\/\/swimchannel.net\/br\/gabrielle-detti-e-vacinado-contra-covid-19\/"},"wordCount":270,"commentCount":0,"publisher":{"@id":"https:\/\/swimchannel.net\/br\/#organization"},"keywords":["COVID-19","Gabrielle Detti","Jogos Ol\u00edmpicos","natacao"],"articleSection":["Nata\u00e7\u00e3o"],"inLanguage":"pt-BR","potentialAction":[{"@type":"CommentAction","name":"Comment","target":["https:\/\/swimchannel.net\/br\/gabrielle-detti-e-vacinado-contra-covid-19\/#respond"]}]},{"@type":"WebPage","@id":"https:\/\/swimchannel.net\/br\/gabrielle-detti-e-vacinado-contra-covid-19\/","url":"https:\/\/swimchannel.net\/br\/gabrielle-detti-e-vacinado-contra-covid-19\/","name":"Gabrielle Detti \u00e9 vacinado contra COVID-19 - Swimchannel","isPartOf":{"@id":"https:\/\/swimchannel.net\/br\/#website"},"datePublished":"2021-04-02T10:00:48+00:00","dateModified":"2026-03-10T22:44:06+00:00","breadcrumb":{"@id":"https:\/\/swimchannel.net\/br\/gabrielle-detti-e-vacinado-contra-covid-19\/#breadcrumb"},"inLanguage":"pt-BR","potentialAction":[{"@type":"ReadAction","target":["https:\/\/swimchannel.net\/br\/gabrielle-detti-e-vacinado-contra-covid-19\/"]}]},{"@type":"BreadcrumbList","@id":"https:\/\/swimchannel.net\/br\/gabrielle-detti-e-vacinado-contra-covid-19\/#breadcrumb","itemListElement":[{"@type":"ListItem","position":1,"name":"Home","item":"https:\/\/swimchannel.net\/br\/"},{"@type":"ListItem","position":2,"name":"Gabrielle Detti \u00e9 vacinado contra COVID-19"}]},{"@type":"WebSite","@id":"https:\/\/swimchannel.net\/br\/#website","url":"https:\/\/swimchannel.net\/br\/","name":"Swimchannel","description":"Maior portal de nata\u00e7\u00e3o da america latina","publisher":{"@id":"https:\/\/swimchannel.net\/br\/#organization"},"potentialAction":[{"@type":"SearchAction","target":{"@type":"EntryPoint","urlTemplate":"https:\/\/swimchannel.net\/br\/?s={search_term_string}"},"query-input":{"@type":"PropertyValueSpecification","valueRequired":true,"valueName":"search_term_string"}}],"inLanguage":"pt-BR"},{"@type":"Organization","@id":"https:\/\/swimchannel.net\/br\/#organization","name":"Swimchannel - Conectando voc\u00ea a Nata\u00e7\u00e3o","url":"https:\/\/swimchannel.net\/br\/","logo":{"@type":"ImageObject","inLanguage":"pt-BR","@id":"https:\/\/swimchannel.net\/br\/#\/schema\/logo\/image\/","url":"https:\/\/swimchannel.net\/br\/wp-content\/uploads\/2026\/02\/SWIM-CHANNEL.png","contentUrl":"https:\/\/swimchannel.net\/br\/wp-content\/uploads\/2026\/02\/SWIM-CHANNEL.png","width":1120,"height":630,"caption":"Swimchannel - Conectando voc\u00ea a Nata\u00e7\u00e3o"},"image":{"@id":"https:\/\/swimchannel.net\/br\/#\/schema\/logo\/image\/"},"sameAs":["https:\/\/www.facebook.com\/swimchannel","https:\/\/www.instagram.com\/swimchannel"]},{"@type":"Person","@id":"https:\/\/swimchannel.net\/br\/#\/schema\/person\/aa2a63bab3275f53749a83276b213c48","name":"Guilherme Freitas","image":{"@type":"ImageObject","inLanguage":"pt-BR","@id":"https:\/\/swimchannel.net\/br\/#\/schema\/person\/image\/","url":"https:\/\/swimchannel.net\/br\/wp-content\/uploads\/2025\/10\/gui22-193x180.png","contentUrl":"https:\/\/swimchannel.net\/br\/wp-content\/uploads\/2025\/10\/gui22-193x180.png","caption":"Guilherme Freitas"},"description":"Jornalista s\u00eanior da SWIM CHANNEL, ex-correspondente da FINA no Brasil e pesquisador acad\u00eamico.","sameAs":["instagram.com\/guifreitas86"],"url":"https:\/\/swimchannel.net\/br\/author\/guilherme-freitas\/"}]}},"_links":{"self":[{"href":"https:\/\/swimchannel.net\/br\/wp-json\/wp\/v2\/posts\/40083","targetHints":{"allow":["GET"]}}],"collection":[{"href":"https:\/\/swimchannel.net\/br\/wp-json\/wp\/v2\/posts"}],"about":[{"href":"https:\/\/swimchannel.net\/br\/wp-json\/wp\/v2\/types\/post"}],"author":[{"embeddable":true,"href":"https:\/\/swimchannel.net\/br\/wp-json\/wp\/v2\/users\/3"}],"replies":[{"embeddable":true,"href":"https:\/\/swimchannel.net\/br\/wp-json\/wp\/v2\/comments?post=40083"}],"version-history":[{"count":1,"href":"https:\/\/swimchannel.net\/br\/wp-json\/wp\/v2\/posts\/40083\/revisions"}],"predecessor-version":[{"id":80093,"href":"https:\/\/swimchannel.net\/br\/wp-json\/wp\/v2\/posts\/40083\/revisions\/80093"}],"wp:attachment":[{"href":"https:\/\/swimchannel.net\/br\/wp-json\/wp\/v2\/media?parent=40083"}],"wp:term":[{"taxonomy":"category","embeddable":true,"href":"https:\/\/swimchannel.net\/br\/wp-json\/wp\/v2\/categories?post=40083"},{"taxonomy":"post_tag","embeddable":true,"href":"https:\/\/swimchannel.net\/br\/wp-json\/wp\/v2\/tags?post=40083"}],"curies":[{"name":"wp","href":"https:\/\/api.w.org\/{rel}","templated":true}]}}