{"id":40859,"date":"2021-04-19T11:00:20","date_gmt":"2021-04-19T14:00:20","guid":{"rendered":"https:\/\/swimchannel.net\/br\/?p=40859"},"modified":"2021-04-19T16:26:06","modified_gmt":"2021-04-19T19:26:06","slug":"felipe-lima-abre-as-eliminatorias-abaixo-do-indice","status":"publish","type":"post","link":"https:\/\/swimchannel.net\/br\/felipe-lima-abre-as-eliminatorias-abaixo-do-indice\/","title":{"rendered":"Felipe Lima abre as eliminat\u00f3rias abaixo do \u00edndice"},"content":{"rendered":"<p>Come\u00e7ou a t\u00e3o esperada seletiva ol\u00edmpica que vai definir o time brasileiro para os Jogos de T\u00f3quio. E no primeiro tivemos alguns destaque como Felipe Lima que foi o \u00fanico a nadar abaixo do \u00edndice ol\u00edmpico nesta manh\u00e3, o jovem Stephan Steverink liderando nos 400m medley e uma apertada disputa nos 400m livre que promete muita emo\u00e7\u00e3o para as finais a partir das 18h30. Veja abaixo os destaques de cada prova desta manh\u00e3 no Parque Aqu\u00e1tico Maria Lenk.<\/p>\n<p>&nbsp;<\/p>\n<figure id=\"attachment_40917\" aria-describedby=\"caption-attachment-40917\" style=\"width: 2362px\" class=\"wp-caption alignnone\"><img loading=\"lazy\" decoding=\"async\" class=\"size-full wp-image-40917\" src=\"https:\/\/swimchannel.net\/br\/wp-content\/uploads\/2021\/04\/71Q4899-1.jpg\" alt=\"\" width=\"2362\" height=\"1575\" srcset=\"https:\/\/swimchannel.net\/br\/wp-content\/uploads\/2021\/04\/71Q4899-1.jpg 2362w, https:\/\/swimchannel.net\/br\/wp-content\/uploads\/2021\/04\/71Q4899-1-1012x675.jpg 1012w, https:\/\/swimchannel.net\/br\/wp-content\/uploads\/2021\/04\/71Q4899-1-1200x800.jpg 1200w, https:\/\/swimchannel.net\/br\/wp-content\/uploads\/2021\/04\/71Q4899-1-270x180.jpg 270w, https:\/\/swimchannel.net\/br\/wp-content\/uploads\/2021\/04\/71Q4899-1-768x512.jpg 768w, https:\/\/swimchannel.net\/br\/wp-content\/uploads\/2021\/04\/71Q4899-1-1536x1024.jpg 1536w, https:\/\/swimchannel.net\/br\/wp-content\/uploads\/2021\/04\/71Q4899-1-2048x1366.jpg 2048w, https:\/\/swimchannel.net\/br\/wp-content\/uploads\/2021\/04\/71Q4899-1-600x400.jpg 600w, https:\/\/swimchannel.net\/br\/wp-content\/uploads\/2021\/04\/71Q4899-1-750x500.jpg 750w, https:\/\/swimchannel.net\/br\/wp-content\/uploads\/2021\/04\/71Q4899-1-1140x760.jpg 1140w\" sizes=\"auto, (max-width: 2362px) 100vw, 2362px\" \/><figcaption id=\"caption-attachment-40917\" class=\"wp-caption-text\">Stephan Steverink &#8211; Foto: Satiro Sodr\u00e9\/SSPress\/CBDA<\/figcaption><\/figure>\n<p><strong>400m medley masculino &#8211; \u00edndice 4min15s84<\/strong><br \/>\nO jovem Stephan Steverink foi o mais veloz da eliminat\u00f3ria com 4min23s16. Ele for\u00e7ou o ritmo na \u00faltima parcial e ultrapassou o favorito Brandonn Almeida que veio logo em seguida com 4min24s90 e tem tudo para baixar bem mais e ser o primeiro nome da nata\u00e7\u00e3o confirmado em T\u00f3quio. Em terceiro veio outro cotado a vaga, Leonardo Santos com distante 4min33s03.<\/p>\n<p>&nbsp;<\/p>\n<figure id=\"attachment_40918\" aria-describedby=\"caption-attachment-40918\" style=\"width: 2362px\" class=\"wp-caption alignnone\"><img loading=\"lazy\" decoding=\"async\" class=\"size-full wp-image-40918\" src=\"https:\/\/swimchannel.net\/br\/wp-content\/uploads\/2021\/04\/71Q5105.jpg\" alt=\"\" width=\"2362\" height=\"1575\" srcset=\"https:\/\/swimchannel.net\/br\/wp-content\/uploads\/2021\/04\/71Q5105.jpg 2362w, https:\/\/swimchannel.net\/br\/wp-content\/uploads\/2021\/04\/71Q5105-1012x675.jpg 1012w, https:\/\/swimchannel.net\/br\/wp-content\/uploads\/2021\/04\/71Q5105-1200x800.jpg 1200w, https:\/\/swimchannel.net\/br\/wp-content\/uploads\/2021\/04\/71Q5105-270x180.jpg 270w, https:\/\/swimchannel.net\/br\/wp-content\/uploads\/2021\/04\/71Q5105-768x512.jpg 768w, https:\/\/swimchannel.net\/br\/wp-content\/uploads\/2021\/04\/71Q5105-1536x1024.jpg 1536w, https:\/\/swimchannel.net\/br\/wp-content\/uploads\/2021\/04\/71Q5105-2048x1366.jpg 2048w, https:\/\/swimchannel.net\/br\/wp-content\/uploads\/2021\/04\/71Q5105-600x400.jpg 600w, https:\/\/swimchannel.net\/br\/wp-content\/uploads\/2021\/04\/71Q5105-750x500.jpg 750w, https:\/\/swimchannel.net\/br\/wp-content\/uploads\/2021\/04\/71Q5105-1140x760.jpg 1140w\" sizes=\"auto, (max-width: 2362px) 100vw, 2362px\" \/><figcaption id=\"caption-attachment-40918\" class=\"wp-caption-text\">Clarissa Brito &#8211; Foto: Satiro Sodr\u00e9\/SSPress\/CBDA<\/figcaption><\/figure>\n<p><strong>100m borboleta feminino &#8211; \u00edndice 57s92<\/strong><br \/>\nVit\u00f3ria de Clarissa Brito que conseguiu superar as duas mais cotadas a vaga ol\u00edmpica. A jovem nadadora venceu essa prova com 59s43, sendo seguida de perto por Daynara de Paula com 59s53 e Giovanna Diamante com 59s72. A tend\u00eancia a noite \u00e9 a prova ser bem mais forte com as atletas tentando chegar na casa dos 57 segundos para tentar o \u00edndice.<\/p>\n<p>&nbsp;<\/p>\n<figure id=\"attachment_40919\" aria-describedby=\"caption-attachment-40919\" style=\"width: 2362px\" class=\"wp-caption alignnone\"><img loading=\"lazy\" decoding=\"async\" class=\"size-full wp-image-40919\" src=\"https:\/\/swimchannel.net\/br\/wp-content\/uploads\/2021\/04\/71Q5154.jpg\" alt=\"\" width=\"2362\" height=\"1575\" srcset=\"https:\/\/swimchannel.net\/br\/wp-content\/uploads\/2021\/04\/71Q5154.jpg 2362w, https:\/\/swimchannel.net\/br\/wp-content\/uploads\/2021\/04\/71Q5154-1012x675.jpg 1012w, https:\/\/swimchannel.net\/br\/wp-content\/uploads\/2021\/04\/71Q5154-1200x800.jpg 1200w, https:\/\/swimchannel.net\/br\/wp-content\/uploads\/2021\/04\/71Q5154-270x180.jpg 270w, https:\/\/swimchannel.net\/br\/wp-content\/uploads\/2021\/04\/71Q5154-768x512.jpg 768w, https:\/\/swimchannel.net\/br\/wp-content\/uploads\/2021\/04\/71Q5154-1536x1024.jpg 1536w, https:\/\/swimchannel.net\/br\/wp-content\/uploads\/2021\/04\/71Q5154-2048x1366.jpg 2048w, https:\/\/swimchannel.net\/br\/wp-content\/uploads\/2021\/04\/71Q5154-600x400.jpg 600w, https:\/\/swimchannel.net\/br\/wp-content\/uploads\/2021\/04\/71Q5154-750x500.jpg 750w, https:\/\/swimchannel.net\/br\/wp-content\/uploads\/2021\/04\/71Q5154-1140x760.jpg 1140w\" sizes=\"auto, (max-width: 2362px) 100vw, 2362px\" \/><figcaption id=\"caption-attachment-40919\" class=\"wp-caption-text\">Fernando Scheffer &#8211; Foto: Satiro Sodr\u00e9\/SSPress\/CBDA<\/figcaption><\/figure>\n<p><strong>400m livre masculino &#8211; \u00edndice 3min46s78<\/strong><br \/>\nEssa \u00e9 uma das provas com muitos candidatos a vaga ol\u00edmpica. O principal favorito \u00e9 Guilherme Costa, atual recordista sul-americano e que passou para a final apenas com o quarto tempo: 3min53s86, controlando muito seu ritmo. Os tr\u00eas mais r\u00e1pidos nadaram na primeira s\u00e9rie e tamb\u00e9m prometeram nadar mais r\u00e1pido a noite: Fernando Scheffer, com o melhor tempo de 3min51s84, Murilo Sartori com 3min52s20 e Pablo Vieira com 3min52s46.<\/p>\n<p>&nbsp;<\/p>\n<figure id=\"attachment_40914\" aria-describedby=\"caption-attachment-40914\" style=\"width: 2362px\" class=\"wp-caption alignnone\"><img loading=\"lazy\" decoding=\"async\" class=\"size-full wp-image-40914\" src=\"https:\/\/swimchannel.net\/br\/wp-content\/uploads\/2021\/04\/71Q5991.jpg\" alt=\"\" width=\"2362\" height=\"1575\" srcset=\"https:\/\/swimchannel.net\/br\/wp-content\/uploads\/2021\/04\/71Q5991.jpg 2362w, https:\/\/swimchannel.net\/br\/wp-content\/uploads\/2021\/04\/71Q5991-1012x675.jpg 1012w, https:\/\/swimchannel.net\/br\/wp-content\/uploads\/2021\/04\/71Q5991-1200x800.jpg 1200w, https:\/\/swimchannel.net\/br\/wp-content\/uploads\/2021\/04\/71Q5991-270x180.jpg 270w, https:\/\/swimchannel.net\/br\/wp-content\/uploads\/2021\/04\/71Q5991-768x512.jpg 768w, https:\/\/swimchannel.net\/br\/wp-content\/uploads\/2021\/04\/71Q5991-1536x1024.jpg 1536w, https:\/\/swimchannel.net\/br\/wp-content\/uploads\/2021\/04\/71Q5991-2048x1366.jpg 2048w, https:\/\/swimchannel.net\/br\/wp-content\/uploads\/2021\/04\/71Q5991-600x400.jpg 600w, https:\/\/swimchannel.net\/br\/wp-content\/uploads\/2021\/04\/71Q5991-750x500.jpg 750w, https:\/\/swimchannel.net\/br\/wp-content\/uploads\/2021\/04\/71Q5991-1140x760.jpg 1140w\" sizes=\"auto, (max-width: 2362px) 100vw, 2362px\" \/><figcaption id=\"caption-attachment-40914\" class=\"wp-caption-text\">Gabrielle Roncatto &#8211; Foto: Satiro Sodr\u00e9\/SSPress\/CBDA<\/figcaption><\/figure>\n<p><strong>400m medley feminino &#8211; \u00edndice: 4min38s53<\/strong><br \/>\nA disputa se limitou a duas jovens que vem h\u00e1 alguns anos dominando a prova ap\u00f3s a aposentadoria de Joanna Maranh\u00e3o. A vit\u00f3ria na eliminat\u00f3ria foi de Gabrielle Roncatto com 4min52s44 seguida por Nathalia Almeida com 4min53s27. As duas est\u00e3o longe do \u00edndice, mas tentar\u00e3o melhorar suas marcas na final a noite.<\/p>\n<p>&nbsp;<\/p>\n<figure id=\"attachment_40920\" aria-describedby=\"caption-attachment-40920\" style=\"width: 2362px\" class=\"wp-caption alignnone\"><img loading=\"lazy\" decoding=\"async\" class=\"size-full wp-image-40920\" src=\"https:\/\/swimchannel.net\/br\/wp-content\/uploads\/2021\/04\/71Q6097.jpg\" alt=\"\" width=\"2362\" height=\"1575\" srcset=\"https:\/\/swimchannel.net\/br\/wp-content\/uploads\/2021\/04\/71Q6097.jpg 2362w, https:\/\/swimchannel.net\/br\/wp-content\/uploads\/2021\/04\/71Q6097-1012x675.jpg 1012w, https:\/\/swimchannel.net\/br\/wp-content\/uploads\/2021\/04\/71Q6097-1200x800.jpg 1200w, https:\/\/swimchannel.net\/br\/wp-content\/uploads\/2021\/04\/71Q6097-270x180.jpg 270w, https:\/\/swimchannel.net\/br\/wp-content\/uploads\/2021\/04\/71Q6097-768x512.jpg 768w, https:\/\/swimchannel.net\/br\/wp-content\/uploads\/2021\/04\/71Q6097-1536x1024.jpg 1536w, https:\/\/swimchannel.net\/br\/wp-content\/uploads\/2021\/04\/71Q6097-2048x1366.jpg 2048w, https:\/\/swimchannel.net\/br\/wp-content\/uploads\/2021\/04\/71Q6097-600x400.jpg 600w, https:\/\/swimchannel.net\/br\/wp-content\/uploads\/2021\/04\/71Q6097-750x500.jpg 750w, https:\/\/swimchannel.net\/br\/wp-content\/uploads\/2021\/04\/71Q6097-1140x760.jpg 1140w\" sizes=\"auto, (max-width: 2362px) 100vw, 2362px\" \/><figcaption id=\"caption-attachment-40920\" class=\"wp-caption-text\">Felipe Lima &#8211; Foto: Satiro Sodr\u00e9\/SSPress\/CBDA<\/figcaption><\/figure>\n<p><strong>100m peito masculino &#8211; \u00edndice 59s93<\/strong><br \/>\nFelipe Lima foi o destaque da prova nadando abaixo do \u00edndice ol\u00edmpico com 59s74, o \u00fanico do dia. O nadador afirmou que nadou tranquilo e que pode nadar bem mais r\u00e1pido a noite, dizendo querer a melhor prova de sua vida. A seguir vieram Jo\u00e3o Gomes Jr com 1min00s06, Caio Pumputis com 1min00s11 e Felipe Fran\u00e7a com 1min00s55, em uma prova que promete muita disputa e segue indefinida.<\/p>\n<p><a href=\"https:\/\/cbda.org.br\/cbda\/natacao\/evento\/34670\/seletiva-olimpica-brasileira-toquio-2020-2021-\" target=\"_blank\" rel=\"noopener\"><strong>Clique aqui<\/strong><\/a> para ver os resultados e balizamento das finais de hoje.<\/p>\n","protected":false},"excerpt":{"rendered":"<p>Nadador completou os 100m peito com 59s74, mas precisar\u00e1 agora confirmar esse resultado na final a partir das 18h30<\/p>\n","protected":false},"author":3,"featured_media":40921,"comment_status":"open","ping_status":"open","sticky":false,"template":"","format":"gallery","meta":{"footnotes":""},"categories":[137,406],"tags":[194,183,5,232,714],"class_list":["post-40859","post","type-post","status-publish","format-gallery","has-post-thumbnail","hentry","category-natacao","category-seletiva-olimpica","tag-cbda","tag-jogos-olimpicos","tag-natacao","tag-seletiva-olimpica","tag-toquio-2020","post_format-post-format-gallery"],"yoast_head":"<!-- This site is optimized with the Yoast SEO plugin v27.0 - https:\/\/yoast.com\/product\/yoast-seo-wordpress\/ -->\n<title>Felipe Lima abre as eliminat\u00f3rias abaixo do \u00edndice - Swimchannel<\/title>\n<meta name=\"robots\" content=\"index, follow, max-snippet:-1, max-image-preview:large, max-video-preview:-1\" \/>\n<link rel=\"canonical\" href=\"https:\/\/swimchannel.net\/br\/felipe-lima-abre-as-eliminatorias-abaixo-do-indice\/\" \/>\n<meta property=\"og:locale\" content=\"pt_BR\" \/>\n<meta property=\"og:type\" content=\"article\" \/>\n<meta property=\"og:title\" content=\"Felipe Lima abre as eliminat\u00f3rias abaixo do \u00edndice - Swimchannel\" \/>\n<meta property=\"og:description\" content=\"Nadador completou os 100m peito com 59s74, mas precisar\u00e1 agora confirmar esse resultado na final a partir das 18h30\" \/>\n<meta property=\"og:url\" content=\"https:\/\/swimchannel.net\/br\/felipe-lima-abre-as-eliminatorias-abaixo-do-indice\/\" \/>\n<meta property=\"og:site_name\" content=\"Swimchannel\" \/>\n<meta property=\"article:publisher\" content=\"https:\/\/www.facebook.com\/swimchannel\" \/>\n<meta property=\"article:published_time\" content=\"2021-04-19T14:00:20+00:00\" \/>\n<meta property=\"article:modified_time\" content=\"2021-04-19T19:26:06+00:00\" \/>\n<meta property=\"og:image\" content=\"https:\/\/swimchannel.net\/br\/wp-content\/uploads\/2021\/04\/71Q6164.jpg\" \/>\n\t<meta property=\"og:image:width\" content=\"2362\" \/>\n\t<meta property=\"og:image:height\" content=\"1575\" \/>\n\t<meta property=\"og:image:type\" content=\"image\/jpeg\" \/>\n<meta name=\"author\" content=\"Guilherme Freitas\" \/>\n<meta name=\"twitter:card\" content=\"summary_large_image\" \/>\n<meta name=\"twitter:label1\" content=\"Escrito por\" \/>\n\t<meta name=\"twitter:data1\" content=\"Guilherme Freitas\" \/>\n\t<meta name=\"twitter:label2\" content=\"Est. tempo de leitura\" \/>\n\t<meta name=\"twitter:data2\" content=\"3 minutos\" \/>\n<script type=\"application\/ld+json\" class=\"yoast-schema-graph\">{\"@context\":\"https:\/\/schema.org\",\"@graph\":[{\"@type\":\"Article\",\"@id\":\"https:\/\/swimchannel.net\/br\/felipe-lima-abre-as-eliminatorias-abaixo-do-indice\/#article\",\"isPartOf\":{\"@id\":\"https:\/\/swimchannel.net\/br\/felipe-lima-abre-as-eliminatorias-abaixo-do-indice\/\"},\"author\":{\"name\":\"Guilherme Freitas\",\"@id\":\"https:\/\/swimchannel.net\/br\/#\/schema\/person\/aa2a63bab3275f53749a83276b213c48\"},\"headline\":\"Felipe Lima abre as eliminat\u00f3rias abaixo do \u00edndice\",\"datePublished\":\"2021-04-19T14:00:20+00:00\",\"dateModified\":\"2021-04-19T19:26:06+00:00\",\"mainEntityOfPage\":{\"@id\":\"https:\/\/swimchannel.net\/br\/felipe-lima-abre-as-eliminatorias-abaixo-do-indice\/\"},\"wordCount\":562,\"commentCount\":0,\"publisher\":{\"@id\":\"https:\/\/swimchannel.net\/br\/#organization\"},\"image\":{\"@id\":\"https:\/\/swimchannel.net\/br\/felipe-lima-abre-as-eliminatorias-abaixo-do-indice\/#primaryimage\"},\"thumbnailUrl\":\"https:\/\/swimchannel.net\/br\/wp-content\/uploads\/2021\/04\/71Q6164.jpg\",\"keywords\":[\"CBDA\",\"Jogos Ol\u00edmpicos\",\"natacao\",\"seletiva ol\u00edmpica\",\"T\u00f3quio-2020\"],\"articleSection\":[\"Nata\u00e7\u00e3o\",\"Seletiva Ol\u00edmpica\"],\"inLanguage\":\"pt-BR\",\"potentialAction\":[{\"@type\":\"CommentAction\",\"name\":\"Comment\",\"target\":[\"https:\/\/swimchannel.net\/br\/felipe-lima-abre-as-eliminatorias-abaixo-do-indice\/#respond\"]}]},{\"@type\":\"WebPage\",\"@id\":\"https:\/\/swimchannel.net\/br\/felipe-lima-abre-as-eliminatorias-abaixo-do-indice\/\",\"url\":\"https:\/\/swimchannel.net\/br\/felipe-lima-abre-as-eliminatorias-abaixo-do-indice\/\",\"name\":\"Felipe Lima abre as eliminat\u00f3rias abaixo do \u00edndice - Swimchannel\",\"isPartOf\":{\"@id\":\"https:\/\/swimchannel.net\/br\/#website\"},\"primaryImageOfPage\":{\"@id\":\"https:\/\/swimchannel.net\/br\/felipe-lima-abre-as-eliminatorias-abaixo-do-indice\/#primaryimage\"},\"image\":{\"@id\":\"https:\/\/swimchannel.net\/br\/felipe-lima-abre-as-eliminatorias-abaixo-do-indice\/#primaryimage\"},\"thumbnailUrl\":\"https:\/\/swimchannel.net\/br\/wp-content\/uploads\/2021\/04\/71Q6164.jpg\",\"datePublished\":\"2021-04-19T14:00:20+00:00\",\"dateModified\":\"2021-04-19T19:26:06+00:00\",\"breadcrumb\":{\"@id\":\"https:\/\/swimchannel.net\/br\/felipe-lima-abre-as-eliminatorias-abaixo-do-indice\/#breadcrumb\"},\"inLanguage\":\"pt-BR\",\"potentialAction\":[{\"@type\":\"ReadAction\",\"target\":[\"https:\/\/swimchannel.net\/br\/felipe-lima-abre-as-eliminatorias-abaixo-do-indice\/\"]}]},{\"@type\":\"ImageObject\",\"inLanguage\":\"pt-BR\",\"@id\":\"https:\/\/swimchannel.net\/br\/felipe-lima-abre-as-eliminatorias-abaixo-do-indice\/#primaryimage\",\"url\":\"https:\/\/swimchannel.net\/br\/wp-content\/uploads\/2021\/04\/71Q6164.jpg\",\"contentUrl\":\"https:\/\/swimchannel.net\/br\/wp-content\/uploads\/2021\/04\/71Q6164.jpg\",\"width\":2362,\"height\":1575,\"caption\":\"Felipe Lima - Foto: Satiro Sodr\u00e9\/SSPress\/CBDA\"},{\"@type\":\"BreadcrumbList\",\"@id\":\"https:\/\/swimchannel.net\/br\/felipe-lima-abre-as-eliminatorias-abaixo-do-indice\/#breadcrumb\",\"itemListElement\":[{\"@type\":\"ListItem\",\"position\":1,\"name\":\"Home\",\"item\":\"https:\/\/swimchannel.net\/br\/\"},{\"@type\":\"ListItem\",\"position\":2,\"name\":\"Felipe Lima abre as eliminat\u00f3rias abaixo do \u00edndice\"}]},{\"@type\":\"WebSite\",\"@id\":\"https:\/\/swimchannel.net\/br\/#website\",\"url\":\"https:\/\/swimchannel.net\/br\/\",\"name\":\"Swimchannel\",\"description\":\"Maior portal de nata\u00e7\u00e3o da america latina\",\"publisher\":{\"@id\":\"https:\/\/swimchannel.net\/br\/#organization\"},\"potentialAction\":[{\"@type\":\"SearchAction\",\"target\":{\"@type\":\"EntryPoint\",\"urlTemplate\":\"https:\/\/swimchannel.net\/br\/?s={search_term_string}\"},\"query-input\":{\"@type\":\"PropertyValueSpecification\",\"valueRequired\":true,\"valueName\":\"search_term_string\"}}],\"inLanguage\":\"pt-BR\"},{\"@type\":\"Organization\",\"@id\":\"https:\/\/swimchannel.net\/br\/#organization\",\"name\":\"Swimchannel - Conectando voc\u00ea a Nata\u00e7\u00e3o\",\"url\":\"https:\/\/swimchannel.net\/br\/\",\"logo\":{\"@type\":\"ImageObject\",\"inLanguage\":\"pt-BR\",\"@id\":\"https:\/\/swimchannel.net\/br\/#\/schema\/logo\/image\/\",\"url\":\"https:\/\/swimchannel.net\/br\/wp-content\/uploads\/2026\/02\/SWIM-CHANNEL.png\",\"contentUrl\":\"https:\/\/swimchannel.net\/br\/wp-content\/uploads\/2026\/02\/SWIM-CHANNEL.png\",\"width\":1120,\"height\":630,\"caption\":\"Swimchannel - Conectando voc\u00ea a Nata\u00e7\u00e3o\"},\"image\":{\"@id\":\"https:\/\/swimchannel.net\/br\/#\/schema\/logo\/image\/\"},\"sameAs\":[\"https:\/\/www.facebook.com\/swimchannel\",\"https:\/\/www.instagram.com\/swimchannel\"]},{\"@type\":\"Person\",\"@id\":\"https:\/\/swimchannel.net\/br\/#\/schema\/person\/aa2a63bab3275f53749a83276b213c48\",\"name\":\"Guilherme Freitas\",\"image\":{\"@type\":\"ImageObject\",\"inLanguage\":\"pt-BR\",\"@id\":\"https:\/\/swimchannel.net\/br\/#\/schema\/person\/image\/\",\"url\":\"https:\/\/swimchannel.net\/br\/wp-content\/uploads\/2025\/10\/gui22-193x180.png\",\"contentUrl\":\"https:\/\/swimchannel.net\/br\/wp-content\/uploads\/2025\/10\/gui22-193x180.png\",\"caption\":\"Guilherme Freitas\"},\"description\":\"Jornalista s\u00eanior da SWIM CHANNEL, ex-correspondente da FINA no Brasil e pesquisador acad\u00eamico.\",\"sameAs\":[\"instagram.com\/guifreitas86\"],\"url\":\"https:\/\/swimchannel.net\/br\/author\/guilherme-freitas\/\"}]}<\/script>\n<!-- \/ Yoast SEO plugin. -->","yoast_head_json":{"title":"Felipe Lima abre as eliminat\u00f3rias abaixo do \u00edndice - Swimchannel","robots":{"index":"index","follow":"follow","max-snippet":"max-snippet:-1","max-image-preview":"max-image-preview:large","max-video-preview":"max-video-preview:-1"},"canonical":"https:\/\/swimchannel.net\/br\/felipe-lima-abre-as-eliminatorias-abaixo-do-indice\/","og_locale":"pt_BR","og_type":"article","og_title":"Felipe Lima abre as eliminat\u00f3rias abaixo do \u00edndice - Swimchannel","og_description":"Nadador completou os 100m peito com 59s74, mas precisar\u00e1 agora confirmar esse resultado na final a partir das 18h30","og_url":"https:\/\/swimchannel.net\/br\/felipe-lima-abre-as-eliminatorias-abaixo-do-indice\/","og_site_name":"Swimchannel","article_publisher":"https:\/\/www.facebook.com\/swimchannel","article_published_time":"2021-04-19T14:00:20+00:00","article_modified_time":"2021-04-19T19:26:06+00:00","og_image":[{"width":2362,"height":1575,"url":"https:\/\/swimchannel.net\/br\/wp-content\/uploads\/2021\/04\/71Q6164.jpg","type":"image\/jpeg"}],"author":"Guilherme Freitas","twitter_card":"summary_large_image","twitter_misc":{"Escrito por":"Guilherme Freitas","Est. tempo de leitura":"3 minutos"},"schema":{"@context":"https:\/\/schema.org","@graph":[{"@type":"Article","@id":"https:\/\/swimchannel.net\/br\/felipe-lima-abre-as-eliminatorias-abaixo-do-indice\/#article","isPartOf":{"@id":"https:\/\/swimchannel.net\/br\/felipe-lima-abre-as-eliminatorias-abaixo-do-indice\/"},"author":{"name":"Guilherme Freitas","@id":"https:\/\/swimchannel.net\/br\/#\/schema\/person\/aa2a63bab3275f53749a83276b213c48"},"headline":"Felipe Lima abre as eliminat\u00f3rias abaixo do \u00edndice","datePublished":"2021-04-19T14:00:20+00:00","dateModified":"2021-04-19T19:26:06+00:00","mainEntityOfPage":{"@id":"https:\/\/swimchannel.net\/br\/felipe-lima-abre-as-eliminatorias-abaixo-do-indice\/"},"wordCount":562,"commentCount":0,"publisher":{"@id":"https:\/\/swimchannel.net\/br\/#organization"},"image":{"@id":"https:\/\/swimchannel.net\/br\/felipe-lima-abre-as-eliminatorias-abaixo-do-indice\/#primaryimage"},"thumbnailUrl":"https:\/\/swimchannel.net\/br\/wp-content\/uploads\/2021\/04\/71Q6164.jpg","keywords":["CBDA","Jogos Ol\u00edmpicos","natacao","seletiva ol\u00edmpica","T\u00f3quio-2020"],"articleSection":["Nata\u00e7\u00e3o","Seletiva Ol\u00edmpica"],"inLanguage":"pt-BR","potentialAction":[{"@type":"CommentAction","name":"Comment","target":["https:\/\/swimchannel.net\/br\/felipe-lima-abre-as-eliminatorias-abaixo-do-indice\/#respond"]}]},{"@type":"WebPage","@id":"https:\/\/swimchannel.net\/br\/felipe-lima-abre-as-eliminatorias-abaixo-do-indice\/","url":"https:\/\/swimchannel.net\/br\/felipe-lima-abre-as-eliminatorias-abaixo-do-indice\/","name":"Felipe Lima abre as eliminat\u00f3rias abaixo do \u00edndice - Swimchannel","isPartOf":{"@id":"https:\/\/swimchannel.net\/br\/#website"},"primaryImageOfPage":{"@id":"https:\/\/swimchannel.net\/br\/felipe-lima-abre-as-eliminatorias-abaixo-do-indice\/#primaryimage"},"image":{"@id":"https:\/\/swimchannel.net\/br\/felipe-lima-abre-as-eliminatorias-abaixo-do-indice\/#primaryimage"},"thumbnailUrl":"https:\/\/swimchannel.net\/br\/wp-content\/uploads\/2021\/04\/71Q6164.jpg","datePublished":"2021-04-19T14:00:20+00:00","dateModified":"2021-04-19T19:26:06+00:00","breadcrumb":{"@id":"https:\/\/swimchannel.net\/br\/felipe-lima-abre-as-eliminatorias-abaixo-do-indice\/#breadcrumb"},"inLanguage":"pt-BR","potentialAction":[{"@type":"ReadAction","target":["https:\/\/swimchannel.net\/br\/felipe-lima-abre-as-eliminatorias-abaixo-do-indice\/"]}]},{"@type":"ImageObject","inLanguage":"pt-BR","@id":"https:\/\/swimchannel.net\/br\/felipe-lima-abre-as-eliminatorias-abaixo-do-indice\/#primaryimage","url":"https:\/\/swimchannel.net\/br\/wp-content\/uploads\/2021\/04\/71Q6164.jpg","contentUrl":"https:\/\/swimchannel.net\/br\/wp-content\/uploads\/2021\/04\/71Q6164.jpg","width":2362,"height":1575,"caption":"Felipe Lima - Foto: Satiro Sodr\u00e9\/SSPress\/CBDA"},{"@type":"BreadcrumbList","@id":"https:\/\/swimchannel.net\/br\/felipe-lima-abre-as-eliminatorias-abaixo-do-indice\/#breadcrumb","itemListElement":[{"@type":"ListItem","position":1,"name":"Home","item":"https:\/\/swimchannel.net\/br\/"},{"@type":"ListItem","position":2,"name":"Felipe Lima abre as eliminat\u00f3rias abaixo do \u00edndice"}]},{"@type":"WebSite","@id":"https:\/\/swimchannel.net\/br\/#website","url":"https:\/\/swimchannel.net\/br\/","name":"Swimchannel","description":"Maior portal de nata\u00e7\u00e3o da america latina","publisher":{"@id":"https:\/\/swimchannel.net\/br\/#organization"},"potentialAction":[{"@type":"SearchAction","target":{"@type":"EntryPoint","urlTemplate":"https:\/\/swimchannel.net\/br\/?s={search_term_string}"},"query-input":{"@type":"PropertyValueSpecification","valueRequired":true,"valueName":"search_term_string"}}],"inLanguage":"pt-BR"},{"@type":"Organization","@id":"https:\/\/swimchannel.net\/br\/#organization","name":"Swimchannel - Conectando voc\u00ea a Nata\u00e7\u00e3o","url":"https:\/\/swimchannel.net\/br\/","logo":{"@type":"ImageObject","inLanguage":"pt-BR","@id":"https:\/\/swimchannel.net\/br\/#\/schema\/logo\/image\/","url":"https:\/\/swimchannel.net\/br\/wp-content\/uploads\/2026\/02\/SWIM-CHANNEL.png","contentUrl":"https:\/\/swimchannel.net\/br\/wp-content\/uploads\/2026\/02\/SWIM-CHANNEL.png","width":1120,"height":630,"caption":"Swimchannel - Conectando voc\u00ea a Nata\u00e7\u00e3o"},"image":{"@id":"https:\/\/swimchannel.net\/br\/#\/schema\/logo\/image\/"},"sameAs":["https:\/\/www.facebook.com\/swimchannel","https:\/\/www.instagram.com\/swimchannel"]},{"@type":"Person","@id":"https:\/\/swimchannel.net\/br\/#\/schema\/person\/aa2a63bab3275f53749a83276b213c48","name":"Guilherme Freitas","image":{"@type":"ImageObject","inLanguage":"pt-BR","@id":"https:\/\/swimchannel.net\/br\/#\/schema\/person\/image\/","url":"https:\/\/swimchannel.net\/br\/wp-content\/uploads\/2025\/10\/gui22-193x180.png","contentUrl":"https:\/\/swimchannel.net\/br\/wp-content\/uploads\/2025\/10\/gui22-193x180.png","caption":"Guilherme Freitas"},"description":"Jornalista s\u00eanior da SWIM CHANNEL, ex-correspondente da FINA no Brasil e pesquisador acad\u00eamico.","sameAs":["instagram.com\/guifreitas86"],"url":"https:\/\/swimchannel.net\/br\/author\/guilherme-freitas\/"}]}},"_links":{"self":[{"href":"https:\/\/swimchannel.net\/br\/wp-json\/wp\/v2\/posts\/40859","targetHints":{"allow":["GET"]}}],"collection":[{"href":"https:\/\/swimchannel.net\/br\/wp-json\/wp\/v2\/posts"}],"about":[{"href":"https:\/\/swimchannel.net\/br\/wp-json\/wp\/v2\/types\/post"}],"author":[{"embeddable":true,"href":"https:\/\/swimchannel.net\/br\/wp-json\/wp\/v2\/users\/3"}],"replies":[{"embeddable":true,"href":"https:\/\/swimchannel.net\/br\/wp-json\/wp\/v2\/comments?post=40859"}],"version-history":[{"count":0,"href":"https:\/\/swimchannel.net\/br\/wp-json\/wp\/v2\/posts\/40859\/revisions"}],"wp:featuredmedia":[{"embeddable":true,"href":"https:\/\/swimchannel.net\/br\/wp-json\/wp\/v2\/media\/40921"}],"wp:attachment":[{"href":"https:\/\/swimchannel.net\/br\/wp-json\/wp\/v2\/media?parent=40859"}],"wp:term":[{"taxonomy":"category","embeddable":true,"href":"https:\/\/swimchannel.net\/br\/wp-json\/wp\/v2\/categories?post=40859"},{"taxonomy":"post_tag","embeddable":true,"href":"https:\/\/swimchannel.net\/br\/wp-json\/wp\/v2\/tags?post=40859"}],"curies":[{"name":"wp","href":"https:\/\/api.w.org\/{rel}","templated":true}]}}