{"id":41124,"date":"2021-04-22T15:17:36","date_gmt":"2021-04-22T18:17:36","guid":{"rendered":"https:\/\/swimchannel.net\/br\/?p=41124"},"modified":"2021-04-24T22:04:24","modified_gmt":"2021-04-25T01:04:24","slug":"classificados-olimpicos-apos-o-quarto-dia-de-seletiva","status":"publish","type":"post","link":"https:\/\/swimchannel.net\/br\/classificados-olimpicos-apos-o-quarto-dia-de-seletiva\/","title":{"rendered":"Classificados ol\u00edmpicos ap\u00f3s o quarto dia de seletiva"},"content":{"rendered":"<p>Ap\u00f3s o quarto dia de finais da seletiva ol\u00edmpica j\u00e1 temos 14 classificados e um pr\u00e9-classificado para os Jogos Ol\u00edmpicos. Confira abaixo que s\u00e3o os nadadores que j\u00e1 tem vaga garantida em T\u00f3quio-2020:<\/p>\n<p><strong>50m livre masculino:<\/strong> Bruno Fratus (21s80) * <em>pr\u00e9-classificado pela marca alcan\u00e7ada no TYR Pro Swim Series de Mission Viejo<\/em><\/p>\n<p><strong>100m livre masculino:<\/strong> Andre Calvelo (48s15) e Pedro Spajari (48s31)<\/p>\n<p><strong>200m livre masculino:<\/strong> Fernando Scheffer (1min46s28) e Breno Correia (1min46s72)<\/p>\n<p><strong>400m livre masculino:<\/strong> Guilherme Costa (3min45s85)<\/p>\n<p><strong>800m livre masculino:<\/strong> Guilherme Costa (7min50s41)<\/p>\n<p><strong>1500m livre feminino:<\/strong> Beatriz Dizotti (16:22.07) e Ana Marcela Cunha (16:25.76)<\/p>\n<p><strong>100m costas masculino:<\/strong> Guilherme Basseto (53s84) e Guilherme Guido (53s85)<\/p>\n<p><strong>100m peito masculino:<\/strong> Felipe Lima (59s43)<\/p>\n<p><strong>200m borboleta masculino:<\/strong> Leonardo de Deus (1min56s01)<\/p>\n<p><strong>Revezamento 4x100m livre masculino:<\/strong> Andre Calvelo (48s15), Pedro Spajari (48s31), Breno Correia (48s74) e Marcelo Chierighini (48s83)<\/p>\n<p><strong>Revezamento 4x200m livre masculino:<\/strong> Fernando Scheffer (1min46s28), Breno Correia (1min46s72), Murilo Sartori (1min47s33) e Luiz Altamir (1min48s02)<\/p>\n<p><strong>Revezamento 4x100m medley masculino:<\/strong> classificado pelo 6\u00ba lugar no Campeonato Mundial de Gwangju-2019. Resta apurar os membros da equipe. Por enquanto est\u00e3o na equipe Guilherme Basseto ou Guilherme Guido (costas), Felipe Lima (peito) e Andre Calvelo ou Pedro Spajari (livre).<\/p>\n<div id='gallery-1' class='gallery galleryid-41124 gallery-columns-3 gallery-size-thumbnail'><figure class='gallery-item'>\n\t\t\t<div class='gallery-icon landscape'>\n\t\t\t\t<a href='https:\/\/swimchannel.net\/br\/confira-a-programacao-trofeu-brasil-2020\/17th-fina-world-aquatics-championships\/'><img loading=\"lazy\" decoding=\"async\" width=\"270\" height=\"180\" src=\"https:\/\/swimchannel.net\/br\/wp-content\/uploads\/2020\/12\/fratus-270x180.jpg\" class=\"attachment-thumbnail size-thumbnail\" alt=\"\" aria-describedby=\"gallery-1-27702\" srcset=\"https:\/\/swimchannel.net\/br\/wp-content\/uploads\/2020\/12\/fratus-270x180.jpg 270w, https:\/\/swimchannel.net\/br\/wp-content\/uploads\/2020\/12\/fratus-600x400.jpg 600w, https:\/\/swimchannel.net\/br\/wp-content\/uploads\/2020\/12\/fratus-1013x675.jpg 1013w, https:\/\/swimchannel.net\/br\/wp-content\/uploads\/2020\/12\/fratus-1200x800.jpg 1200w, https:\/\/swimchannel.net\/br\/wp-content\/uploads\/2020\/12\/fratus-768x512.jpg 768w, https:\/\/swimchannel.net\/br\/wp-content\/uploads\/2020\/12\/fratus.jpg 1500w\" sizes=\"auto, (max-width: 270px) 100vw, 270px\" \/><\/a>\n\t\t\t<\/div>\n\t\t\t\t<figcaption class='wp-caption-text gallery-caption' id='gallery-1-27702'>\n\t\t\t\tBruno Fratus &#8211; Foto: Stefan Wermuth\/Reuters\n\t\t\t\t<\/figcaption><\/figure><figure class='gallery-item'>\n\t\t\t<div class='gallery-icon landscape'>\n\t\t\t\t<a href='https:\/\/swimchannel.net\/br\/andre-calvelo-lidera-a-corrida-pelo-4x100m-livre\/o-credito-da-foto-e-obrigatorio-satiro-sodre-sspress-cbda-518\/'><img loading=\"lazy\" decoding=\"async\" width=\"270\" height=\"180\" src=\"https:\/\/swimchannel.net\/br\/wp-content\/uploads\/2021\/04\/71Q3392-270x180.jpg\" class=\"attachment-thumbnail size-thumbnail\" alt=\"\" aria-describedby=\"gallery-1-41087\" srcset=\"https:\/\/swimchannel.net\/br\/wp-content\/uploads\/2021\/04\/71Q3392-270x180.jpg 270w, https:\/\/swimchannel.net\/br\/wp-content\/uploads\/2021\/04\/71Q3392-1012x675.jpg 1012w, https:\/\/swimchannel.net\/br\/wp-content\/uploads\/2021\/04\/71Q3392-1200x800.jpg 1200w, https:\/\/swimchannel.net\/br\/wp-content\/uploads\/2021\/04\/71Q3392-768x512.jpg 768w, https:\/\/swimchannel.net\/br\/wp-content\/uploads\/2021\/04\/71Q3392-1536x1024.jpg 1536w, https:\/\/swimchannel.net\/br\/wp-content\/uploads\/2021\/04\/71Q3392-2048x1366.jpg 2048w, https:\/\/swimchannel.net\/br\/wp-content\/uploads\/2021\/04\/71Q3392-600x400.jpg 600w, https:\/\/swimchannel.net\/br\/wp-content\/uploads\/2021\/04\/71Q3392-750x500.jpg 750w, https:\/\/swimchannel.net\/br\/wp-content\/uploads\/2021\/04\/71Q3392-1140x760.jpg 1140w\" sizes=\"auto, (max-width: 270px) 100vw, 270px\" \/><\/a>\n\t\t\t<\/div>\n\t\t\t\t<figcaption class='wp-caption-text gallery-caption' id='gallery-1-41087'>\n\t\t\t\tAndre Calvelo &#8211; Foto: Satiro Sodr\u00e9\/SSPress\n\t\t\t\t<\/figcaption><\/figure><figure class='gallery-item'>\n\t\t\t<div class='gallery-icon landscape'>\n\t\t\t\t<a href='https:\/\/swimchannel.net\/br\/classificados-olimpicos-apos-o-quarto-dia-de-seletiva\/o-credito-da-foto-e-obrigatorio-satiro-sodre-sspress-cbda-525\/'><img loading=\"lazy\" decoding=\"async\" width=\"270\" height=\"180\" src=\"https:\/\/swimchannel.net\/br\/wp-content\/uploads\/2021\/04\/71Q4958-270x180.jpg\" class=\"attachment-thumbnail size-thumbnail\" alt=\"\" aria-describedby=\"gallery-1-41197\" srcset=\"https:\/\/swimchannel.net\/br\/wp-content\/uploads\/2021\/04\/71Q4958-270x180.jpg 270w, https:\/\/swimchannel.net\/br\/wp-content\/uploads\/2021\/04\/71Q4958-1012x675.jpg 1012w, https:\/\/swimchannel.net\/br\/wp-content\/uploads\/2021\/04\/71Q4958-1200x800.jpg 1200w, https:\/\/swimchannel.net\/br\/wp-content\/uploads\/2021\/04\/71Q4958-768x512.jpg 768w, https:\/\/swimchannel.net\/br\/wp-content\/uploads\/2021\/04\/71Q4958-1536x1024.jpg 1536w, https:\/\/swimchannel.net\/br\/wp-content\/uploads\/2021\/04\/71Q4958-2048x1366.jpg 2048w, https:\/\/swimchannel.net\/br\/wp-content\/uploads\/2021\/04\/71Q4958-600x400.jpg 600w, https:\/\/swimchannel.net\/br\/wp-content\/uploads\/2021\/04\/71Q4958-750x500.jpg 750w, https:\/\/swimchannel.net\/br\/wp-content\/uploads\/2021\/04\/71Q4958-1140x760.jpg 1140w\" sizes=\"auto, (max-width: 270px) 100vw, 270px\" \/><\/a>\n\t\t\t<\/div>\n\t\t\t\t<figcaption class='wp-caption-text gallery-caption' id='gallery-1-41197'>\n\t\t\t\tPedro Spajari &#8211; Foto: Satiro Sodr\u00e9\/SSPress\/CBDA\n\t\t\t\t<\/figcaption><\/figure><figure class='gallery-item'>\n\t\t\t<div class='gallery-icon landscape'>\n\t\t\t\t<a href='https:\/\/swimchannel.net\/br\/classificados-olimpicos-apos-o-quarto-dia-de-seletiva\/o-credito-da-foto-e-obrigatorio-satiro-sodre-sspress-cbda-526\/'><img loading=\"lazy\" decoding=\"async\" width=\"270\" height=\"180\" src=\"https:\/\/swimchannel.net\/br\/wp-content\/uploads\/2021\/04\/71Q3734-270x180.jpg\" class=\"attachment-thumbnail size-thumbnail\" alt=\"\" aria-describedby=\"gallery-1-41198\" srcset=\"https:\/\/swimchannel.net\/br\/wp-content\/uploads\/2021\/04\/71Q3734-270x180.jpg 270w, https:\/\/swimchannel.net\/br\/wp-content\/uploads\/2021\/04\/71Q3734-1012x675.jpg 1012w, https:\/\/swimchannel.net\/br\/wp-content\/uploads\/2021\/04\/71Q3734-1200x800.jpg 1200w, https:\/\/swimchannel.net\/br\/wp-content\/uploads\/2021\/04\/71Q3734-768x512.jpg 768w, https:\/\/swimchannel.net\/br\/wp-content\/uploads\/2021\/04\/71Q3734-1536x1024.jpg 1536w, https:\/\/swimchannel.net\/br\/wp-content\/uploads\/2021\/04\/71Q3734-2048x1366.jpg 2048w, https:\/\/swimchannel.net\/br\/wp-content\/uploads\/2021\/04\/71Q3734-600x400.jpg 600w, https:\/\/swimchannel.net\/br\/wp-content\/uploads\/2021\/04\/71Q3734-750x500.jpg 750w, https:\/\/swimchannel.net\/br\/wp-content\/uploads\/2021\/04\/71Q3734-1140x760.jpg 1140w\" sizes=\"auto, (max-width: 270px) 100vw, 270px\" \/><\/a>\n\t\t\t<\/div>\n\t\t\t\t<figcaption class='wp-caption-text gallery-caption' id='gallery-1-41198'>\n\t\t\t\tMarcelo Chierighini &#8211; Foto:  Satiro Sodr\u00e9\/SSPress\/CBDA\n\t\t\t\t<\/figcaption><\/figure><figure class='gallery-item'>\n\t\t\t<div class='gallery-icon landscape'>\n\t\t\t\t<a href='https:\/\/swimchannel.net\/br\/segundo-dia-de-finais-promete-indices-e-definicao-de-revezamento-4x200m-livre\/o-credito-da-foto-e-obrigatorio-satiro-sodre-sspress-cbda-495\/'><img loading=\"lazy\" decoding=\"async\" width=\"270\" height=\"180\" src=\"https:\/\/swimchannel.net\/br\/wp-content\/uploads\/2021\/04\/71Q5154-1-270x180.jpg\" class=\"attachment-thumbnail size-thumbnail\" alt=\"\" aria-describedby=\"gallery-1-40987\" srcset=\"https:\/\/swimchannel.net\/br\/wp-content\/uploads\/2021\/04\/71Q5154-1-270x180.jpg 270w, https:\/\/swimchannel.net\/br\/wp-content\/uploads\/2021\/04\/71Q5154-1-1012x675.jpg 1012w, https:\/\/swimchannel.net\/br\/wp-content\/uploads\/2021\/04\/71Q5154-1-1200x800.jpg 1200w, https:\/\/swimchannel.net\/br\/wp-content\/uploads\/2021\/04\/71Q5154-1-768x512.jpg 768w, https:\/\/swimchannel.net\/br\/wp-content\/uploads\/2021\/04\/71Q5154-1-1536x1024.jpg 1536w, https:\/\/swimchannel.net\/br\/wp-content\/uploads\/2021\/04\/71Q5154-1-2048x1366.jpg 2048w, https:\/\/swimchannel.net\/br\/wp-content\/uploads\/2021\/04\/71Q5154-1-600x400.jpg 600w, https:\/\/swimchannel.net\/br\/wp-content\/uploads\/2021\/04\/71Q5154-1-750x500.jpg 750w, https:\/\/swimchannel.net\/br\/wp-content\/uploads\/2021\/04\/71Q5154-1-1140x760.jpg 1140w\" sizes=\"auto, (max-width: 270px) 100vw, 270px\" \/><\/a>\n\t\t\t<\/div>\n\t\t\t\t<figcaption class='wp-caption-text gallery-caption' id='gallery-1-40987'>\n\t\t\t\tFernando Scheffer &#8211; Foto: Satiro Sodr\u00e9\/SSPress\/CBDA\n\t\t\t\t<\/figcaption><\/figure><figure class='gallery-item'>\n\t\t\t<div class='gallery-icon landscape'>\n\t\t\t\t<a href='https:\/\/swimchannel.net\/br\/classificados-olimpicos-apos-o-segundo-dia-de-seletiva\/o-credito-da-foto-e-obrigatorio-satiro-sodre-sspress-cbda-497\/'><img loading=\"lazy\" decoding=\"async\" width=\"270\" height=\"180\" src=\"https:\/\/swimchannel.net\/br\/wp-content\/uploads\/2021\/04\/71Q9850-270x180.jpg\" class=\"attachment-thumbnail size-thumbnail\" alt=\"\" aria-describedby=\"gallery-1-41014\" srcset=\"https:\/\/swimchannel.net\/br\/wp-content\/uploads\/2021\/04\/71Q9850-270x180.jpg 270w, https:\/\/swimchannel.net\/br\/wp-content\/uploads\/2021\/04\/71Q9850-1012x675.jpg 1012w, https:\/\/swimchannel.net\/br\/wp-content\/uploads\/2021\/04\/71Q9850-1200x800.jpg 1200w, https:\/\/swimchannel.net\/br\/wp-content\/uploads\/2021\/04\/71Q9850-768x512.jpg 768w, https:\/\/swimchannel.net\/br\/wp-content\/uploads\/2021\/04\/71Q9850-1536x1024.jpg 1536w, https:\/\/swimchannel.net\/br\/wp-content\/uploads\/2021\/04\/71Q9850-2048x1366.jpg 2048w, https:\/\/swimchannel.net\/br\/wp-content\/uploads\/2021\/04\/71Q9850-600x400.jpg 600w, https:\/\/swimchannel.net\/br\/wp-content\/uploads\/2021\/04\/71Q9850-750x500.jpg 750w, https:\/\/swimchannel.net\/br\/wp-content\/uploads\/2021\/04\/71Q9850-1140x760.jpg 1140w\" sizes=\"auto, (max-width: 270px) 100vw, 270px\" \/><\/a>\n\t\t\t<\/div>\n\t\t\t\t<figcaption class='wp-caption-text gallery-caption' id='gallery-1-41014'>\n\t\t\t\tBreno Correia &#8211; Foto: Satiro Sodr\u00e9\/SSPress\n\t\t\t\t<\/figcaption><\/figure><figure class='gallery-item'>\n\t\t\t<div class='gallery-icon landscape'>\n\t\t\t\t<a href='https:\/\/swimchannel.net\/br\/murilo-sartori-e-bronze-no-mundial-junior\/sartori2\/'><img loading=\"lazy\" decoding=\"async\" width=\"320\" height=\"180\" src=\"https:\/\/swimchannel.net\/br\/wp-content\/uploads\/2019\/08\/sartori2.jpg\" class=\"attachment-thumbnail size-thumbnail\" alt=\"\" aria-describedby=\"gallery-1-19530\" srcset=\"https:\/\/swimchannel.net\/br\/wp-content\/uploads\/2019\/08\/sartori2.jpg 1200w, https:\/\/swimchannel.net\/br\/wp-content\/uploads\/2019\/08\/sartori2-600x338.jpg 600w\" sizes=\"auto, (max-width: 320px) 100vw, 320px\" \/><\/a>\n\t\t\t<\/div>\n\t\t\t\t<figcaption class='wp-caption-text gallery-caption' id='gallery-1-19530'>\n\t\t\t\tMurilo Sartori &#8211; Foto: Jonne Roriz\/COB\n\t\t\t\t<\/figcaption><\/figure><figure class='gallery-item'>\n\t\t\t<div class='gallery-icon landscape'>\n\t\t\t\t<a href='https:\/\/swimchannel.net\/br\/?attachment_id=23391'><img loading=\"lazy\" decoding=\"async\" width=\"320\" height=\"180\" src=\"https:\/\/swimchannel.net\/br\/wp-content\/uploads\/2018\/03\/altamir5-320x180.jpg\" class=\"attachment-thumbnail size-thumbnail\" alt=\"\" aria-describedby=\"gallery-1-23391\" srcset=\"https:\/\/swimchannel.net\/br\/wp-content\/uploads\/2018\/03\/altamir5-320x180.jpg 320w, https:\/\/swimchannel.net\/br\/wp-content\/uploads\/2018\/03\/altamir5-600x338.jpg 600w, https:\/\/swimchannel.net\/br\/wp-content\/uploads\/2018\/03\/altamir5.jpg 1200w, https:\/\/swimchannel.net\/br\/wp-content\/uploads\/2018\/03\/altamir5-768x432.jpg 768w, https:\/\/swimchannel.net\/br\/wp-content\/uploads\/2018\/03\/altamir5-640x360.jpg 640w\" sizes=\"auto, (max-width: 320px) 100vw, 320px\" \/><\/a>\n\t\t\t<\/div>\n\t\t\t\t<figcaption class='wp-caption-text gallery-caption' id='gallery-1-23391'>\n\t\t\t\tLuiz Altamir &#8211; Foto:  Satiro Sodr\u00e9\/SSPress\/CBDA\n\t\t\t\t<\/figcaption><\/figure><figure class='gallery-item'>\n\t\t\t<div class='gallery-icon landscape'>\n\t\t\t\t<a href='https:\/\/swimchannel.net\/br\/guilherme-costa-e-felipe-lima-os-primeiros-classificados-para-toquio\/o-credito-da-foto-e-obrigatorio-satiro-sodre-sspress-cbda-482\/'><img loading=\"lazy\" decoding=\"async\" width=\"270\" height=\"180\" src=\"https:\/\/swimchannel.net\/br\/wp-content\/uploads\/2021\/04\/71Q7006-270x180.jpg\" class=\"attachment-thumbnail size-thumbnail\" alt=\"\" aria-describedby=\"gallery-1-40946\" srcset=\"https:\/\/swimchannel.net\/br\/wp-content\/uploads\/2021\/04\/71Q7006-270x180.jpg 270w, https:\/\/swimchannel.net\/br\/wp-content\/uploads\/2021\/04\/71Q7006-1012x675.jpg 1012w, https:\/\/swimchannel.net\/br\/wp-content\/uploads\/2021\/04\/71Q7006-1200x800.jpg 1200w, https:\/\/swimchannel.net\/br\/wp-content\/uploads\/2021\/04\/71Q7006-768x512.jpg 768w, https:\/\/swimchannel.net\/br\/wp-content\/uploads\/2021\/04\/71Q7006-1536x1024.jpg 1536w, https:\/\/swimchannel.net\/br\/wp-content\/uploads\/2021\/04\/71Q7006-2048x1366.jpg 2048w, https:\/\/swimchannel.net\/br\/wp-content\/uploads\/2021\/04\/71Q7006-600x400.jpg 600w, https:\/\/swimchannel.net\/br\/wp-content\/uploads\/2021\/04\/71Q7006-750x500.jpg 750w, https:\/\/swimchannel.net\/br\/wp-content\/uploads\/2021\/04\/71Q7006-1140x760.jpg 1140w\" sizes=\"auto, (max-width: 270px) 100vw, 270px\" \/><\/a>\n\t\t\t<\/div>\n\t\t\t\t<figcaption class='wp-caption-text gallery-caption' id='gallery-1-40946'>\n\t\t\t\tGuilherme Costa &#8211; Foto: Satiro Sodr\u00e9\/SSPress\/CBDA\n\t\t\t\t<\/figcaption><\/figure><figure class='gallery-item'>\n\t\t\t<div class='gallery-icon landscape'>\n\t\t\t\t<a href='https:\/\/swimchannel.net\/br\/primeiros-indices-femininos-e-revezamento-4x100m-livre-definido\/whatsapp-image-2021-04-22-at-19-24-23\/'><img loading=\"lazy\" decoding=\"async\" width=\"270\" height=\"180\" src=\"https:\/\/swimchannel.net\/br\/wp-content\/uploads\/2021\/04\/WhatsApp-Image-2021-04-22-at-19.24.23-270x180.jpeg\" class=\"attachment-thumbnail size-thumbnail\" alt=\"\" aria-describedby=\"gallery-1-41189\" srcset=\"https:\/\/swimchannel.net\/br\/wp-content\/uploads\/2021\/04\/WhatsApp-Image-2021-04-22-at-19.24.23-270x180.jpeg 270w, https:\/\/swimchannel.net\/br\/wp-content\/uploads\/2021\/04\/WhatsApp-Image-2021-04-22-at-19.24.23-1013x675.jpeg 1013w, https:\/\/swimchannel.net\/br\/wp-content\/uploads\/2021\/04\/WhatsApp-Image-2021-04-22-at-19.24.23-1200x800.jpeg 1200w, https:\/\/swimchannel.net\/br\/wp-content\/uploads\/2021\/04\/WhatsApp-Image-2021-04-22-at-19.24.23-768x512.jpeg 768w, https:\/\/swimchannel.net\/br\/wp-content\/uploads\/2021\/04\/WhatsApp-Image-2021-04-22-at-19.24.23-600x400.jpeg 600w, https:\/\/swimchannel.net\/br\/wp-content\/uploads\/2021\/04\/WhatsApp-Image-2021-04-22-at-19.24.23-750x500.jpeg 750w, https:\/\/swimchannel.net\/br\/wp-content\/uploads\/2021\/04\/WhatsApp-Image-2021-04-22-at-19.24.23-1140x760.jpeg 1140w, https:\/\/swimchannel.net\/br\/wp-content\/uploads\/2021\/04\/WhatsApp-Image-2021-04-22-at-19.24.23.jpeg 1280w\" sizes=\"auto, (max-width: 270px) 100vw, 270px\" \/><\/a>\n\t\t\t<\/div>\n\t\t\t\t<figcaption class='wp-caption-text gallery-caption' id='gallery-1-41189'>\n\t\t\t\tBeatriz Dizotti &#8211; Foto: Satiro Sodr\u00e9\/SSPress\/CBDA\n\t\t\t\t<\/figcaption><\/figure><figure class='gallery-item'>\n\t\t\t<div class='gallery-icon landscape'>\n\t\t\t\t<a href='https:\/\/swimchannel.net\/br\/?attachment_id=5766'><img loading=\"lazy\" decoding=\"async\" width=\"150\" height=\"150\" src=\"https:\/\/swimchannel.net\/br\/wp-content\/uploads\/2018\/01\/ana-02-150x150.jpg\" class=\"attachment-thumbnail size-thumbnail\" alt=\"\" aria-describedby=\"gallery-1-5766\" srcset=\"https:\/\/swimchannel.net\/br\/wp-content\/uploads\/2018\/01\/ana-02-150x150.jpg 150w, https:\/\/swimchannel.net\/br\/wp-content\/uploads\/2018\/01\/ana-02-300x300.jpg 300w, https:\/\/swimchannel.net\/br\/wp-content\/uploads\/2018\/01\/ana-02-100x100.jpg 100w\" sizes=\"auto, (max-width: 150px) 100vw, 150px\" \/><\/a>\n\t\t\t<\/div>\n\t\t\t\t<figcaption class='wp-caption-text gallery-caption' id='gallery-1-5766'>\n\t\t\t\tAna Marcela Cunha &#8211; Foto: Satiro Sodr\u00e9\/SSPress\n\t\t\t\t<\/figcaption><\/figure><figure class='gallery-item'>\n\t\t\t<div class='gallery-icon landscape'>\n\t\t\t\t<a href='https:\/\/swimchannel.net\/br\/classificados-olimpicos-apos-o-segundo-dia-de-seletiva\/o-credito-da-foto-e-obrigatorio-satiro-sodre-sspress-cbda-498\/'><img loading=\"lazy\" decoding=\"async\" width=\"270\" height=\"180\" src=\"https:\/\/swimchannel.net\/br\/wp-content\/uploads\/2021\/04\/71Q0126-270x180.jpg\" class=\"attachment-thumbnail size-thumbnail\" alt=\"\" aria-describedby=\"gallery-1-41015\" srcset=\"https:\/\/swimchannel.net\/br\/wp-content\/uploads\/2021\/04\/71Q0126-270x180.jpg 270w, https:\/\/swimchannel.net\/br\/wp-content\/uploads\/2021\/04\/71Q0126-1012x675.jpg 1012w, https:\/\/swimchannel.net\/br\/wp-content\/uploads\/2021\/04\/71Q0126-1200x800.jpg 1200w, https:\/\/swimchannel.net\/br\/wp-content\/uploads\/2021\/04\/71Q0126-768x512.jpg 768w, https:\/\/swimchannel.net\/br\/wp-content\/uploads\/2021\/04\/71Q0126-1536x1024.jpg 1536w, https:\/\/swimchannel.net\/br\/wp-content\/uploads\/2021\/04\/71Q0126-2048x1366.jpg 2048w, https:\/\/swimchannel.net\/br\/wp-content\/uploads\/2021\/04\/71Q0126-600x400.jpg 600w, https:\/\/swimchannel.net\/br\/wp-content\/uploads\/2021\/04\/71Q0126-750x500.jpg 750w, https:\/\/swimchannel.net\/br\/wp-content\/uploads\/2021\/04\/71Q0126-1140x760.jpg 1140w\" sizes=\"auto, (max-width: 270px) 100vw, 270px\" \/><\/a>\n\t\t\t<\/div>\n\t\t\t\t<figcaption class='wp-caption-text gallery-caption' id='gallery-1-41015'>\n\t\t\t\tGuilherme Guido &#8211; Foto: Satiro Sodr\u00e9\/SSPress\/CBDA\n\t\t\t\t<\/figcaption><\/figure><figure class='gallery-item'>\n\t\t\t<div class='gallery-icon landscape'>\n\t\t\t\t<a href='https:\/\/swimchannel.net\/br\/classificados-olimpicos-apos-o-segundo-dia-de-seletiva\/o-credito-da-foto-e-obrigatorio-satiro-sodre-sspress-cbda-499\/'><img loading=\"lazy\" decoding=\"async\" width=\"270\" height=\"180\" src=\"https:\/\/swimchannel.net\/br\/wp-content\/uploads\/2021\/04\/71Q0220-270x180.jpg\" class=\"attachment-thumbnail size-thumbnail\" alt=\"\" aria-describedby=\"gallery-1-41016\" srcset=\"https:\/\/swimchannel.net\/br\/wp-content\/uploads\/2021\/04\/71Q0220-270x180.jpg 270w, https:\/\/swimchannel.net\/br\/wp-content\/uploads\/2021\/04\/71Q0220-1012x675.jpg 1012w, https:\/\/swimchannel.net\/br\/wp-content\/uploads\/2021\/04\/71Q0220-1200x800.jpg 1200w, https:\/\/swimchannel.net\/br\/wp-content\/uploads\/2021\/04\/71Q0220-768x512.jpg 768w, https:\/\/swimchannel.net\/br\/wp-content\/uploads\/2021\/04\/71Q0220-1536x1024.jpg 1536w, https:\/\/swimchannel.net\/br\/wp-content\/uploads\/2021\/04\/71Q0220-2048x1366.jpg 2048w, https:\/\/swimchannel.net\/br\/wp-content\/uploads\/2021\/04\/71Q0220-600x400.jpg 600w, https:\/\/swimchannel.net\/br\/wp-content\/uploads\/2021\/04\/71Q0220-750x500.jpg 750w, https:\/\/swimchannel.net\/br\/wp-content\/uploads\/2021\/04\/71Q0220-1140x760.jpg 1140w\" sizes=\"auto, (max-width: 270px) 100vw, 270px\" \/><\/a>\n\t\t\t<\/div>\n\t\t\t\t<figcaption class='wp-caption-text gallery-caption' id='gallery-1-41016'>\n\t\t\t\tGuilherme Basseto &#8211; Foto: Satiro Sodr\u00e9\/SSPress\/CBDA\n\t\t\t\t<\/figcaption><\/figure><figure class='gallery-item'>\n\t\t\t<div class='gallery-icon landscape'>\n\t\t\t\t<a href='https:\/\/swimchannel.net\/br\/guilherme-costa-e-felipe-lima-os-primeiros-classificados-para-toquio\/o-credito-da-foto-e-obrigatorio-satiro-sodre-sspress-cbda-483\/'><img loading=\"lazy\" decoding=\"async\" width=\"270\" height=\"180\" src=\"https:\/\/swimchannel.net\/br\/wp-content\/uploads\/2021\/04\/71Q7722-270x180.jpg\" class=\"attachment-thumbnail size-thumbnail\" alt=\"\" aria-describedby=\"gallery-1-40948\" srcset=\"https:\/\/swimchannel.net\/br\/wp-content\/uploads\/2021\/04\/71Q7722-270x180.jpg 270w, https:\/\/swimchannel.net\/br\/wp-content\/uploads\/2021\/04\/71Q7722-1012x675.jpg 1012w, https:\/\/swimchannel.net\/br\/wp-content\/uploads\/2021\/04\/71Q7722-1200x800.jpg 1200w, https:\/\/swimchannel.net\/br\/wp-content\/uploads\/2021\/04\/71Q7722-768x512.jpg 768w, https:\/\/swimchannel.net\/br\/wp-content\/uploads\/2021\/04\/71Q7722-1536x1024.jpg 1536w, https:\/\/swimchannel.net\/br\/wp-content\/uploads\/2021\/04\/71Q7722-2048x1366.jpg 2048w, https:\/\/swimchannel.net\/br\/wp-content\/uploads\/2021\/04\/71Q7722-600x400.jpg 600w, https:\/\/swimchannel.net\/br\/wp-content\/uploads\/2021\/04\/71Q7722-750x500.jpg 750w, https:\/\/swimchannel.net\/br\/wp-content\/uploads\/2021\/04\/71Q7722-1140x760.jpg 1140w\" sizes=\"auto, (max-width: 270px) 100vw, 270px\" \/><\/a>\n\t\t\t<\/div>\n\t\t\t\t<figcaption class='wp-caption-text gallery-caption' id='gallery-1-40948'>\n\t\t\t\tFelipe Lima &#8211; Foto: Satiro Sodr\u00e9\/SSPress\/CBDA\n\t\t\t\t<\/figcaption><\/figure><figure class='gallery-item'>\n\t\t\t<div class='gallery-icon landscape'>\n\t\t\t\t<a href='https:\/\/swimchannel.net\/br\/o-que-rola-no-terceiro-dia-de-finais-da-seletiva\/o-credito-da-foto-e-obrigatorio-satiro-sodre-sspress-cbda-510\/'><img loading=\"lazy\" decoding=\"async\" width=\"270\" height=\"180\" src=\"https:\/\/swimchannel.net\/br\/wp-content\/uploads\/2021\/04\/71Q1158-270x180.jpg\" class=\"attachment-thumbnail size-thumbnail\" alt=\"\" aria-describedby=\"gallery-1-41043\" srcset=\"https:\/\/swimchannel.net\/br\/wp-content\/uploads\/2021\/04\/71Q1158-270x180.jpg 270w, https:\/\/swimchannel.net\/br\/wp-content\/uploads\/2021\/04\/71Q1158-1012x675.jpg 1012w, https:\/\/swimchannel.net\/br\/wp-content\/uploads\/2021\/04\/71Q1158-1200x800.jpg 1200w, https:\/\/swimchannel.net\/br\/wp-content\/uploads\/2021\/04\/71Q1158-768x512.jpg 768w, https:\/\/swimchannel.net\/br\/wp-content\/uploads\/2021\/04\/71Q1158-1536x1024.jpg 1536w, https:\/\/swimchannel.net\/br\/wp-content\/uploads\/2021\/04\/71Q1158-2048x1366.jpg 2048w, https:\/\/swimchannel.net\/br\/wp-content\/uploads\/2021\/04\/71Q1158-600x400.jpg 600w, https:\/\/swimchannel.net\/br\/wp-content\/uploads\/2021\/04\/71Q1158-750x500.jpg 750w, https:\/\/swimchannel.net\/br\/wp-content\/uploads\/2021\/04\/71Q1158-1140x760.jpg 1140w\" sizes=\"auto, (max-width: 270px) 100vw, 270px\" \/><\/a>\n\t\t\t<\/div>\n\t\t\t\t<figcaption class='wp-caption-text gallery-caption' id='gallery-1-41043'>\n\t\t\t\tLeonardo de Deus &#8211; Foto: Satiro Sodr\u00e9\/SSPress\/CBDA\n\t\t\t\t<\/figcaption><\/figure>\n\t\t<\/div>\n\n<p><em><strong>* Observa\u00e7\u00e3o<\/strong><\/em><\/p>\n<p>Ap\u00f3s tomada de tempo o revezamento 4x200m livre feminino marcou o tempo de 8min00s92 e ocupa a segunda coloca\u00e7\u00e3o na repescagem mundial. Caso classificada a equipe ser\u00e1 formada por Aline Rodrigues, Larissa Oliveira, Nathalia Almeida e Gabrielle Roncatto.<\/p>\n<p>Betina Lorscheitter tamb\u00e9m nadou abaixo do \u00edndice ol\u00edmpico nos 1500m livre feminino com 16min27s73.<\/p>\n","protected":false},"excerpt":{"rendered":"<p>Contabilizando os n\u00fameros, agora s\u00e3o 14 nadadores confirmados para T\u00f3quio e Bruno Fratus pr\u00e9-classificado<\/p>\n","protected":false},"author":3,"featured_media":41190,"comment_status":"open","ping_status":"open","sticky":false,"template":"","format":"gallery","meta":{"footnotes":""},"categories":[137,406],"tags":[194,183,5,232,714],"class_list":["post-41124","post","type-post","status-publish","format-gallery","has-post-thumbnail","hentry","category-natacao","category-seletiva-olimpica","tag-cbda","tag-jogos-olimpicos","tag-natacao","tag-seletiva-olimpica","tag-toquio-2020","post_format-post-format-gallery"],"yoast_head":"<!-- This site is optimized with the Yoast SEO plugin v27.0 - https:\/\/yoast.com\/product\/yoast-seo-wordpress\/ -->\n<title>Classificados ol\u00edmpicos ap\u00f3s o quarto dia de seletiva - Swimchannel<\/title>\n<meta name=\"robots\" content=\"index, follow, max-snippet:-1, max-image-preview:large, max-video-preview:-1\" \/>\n<link rel=\"canonical\" href=\"https:\/\/swimchannel.net\/br\/classificados-olimpicos-apos-o-quarto-dia-de-seletiva\/\" \/>\n<meta property=\"og:locale\" content=\"pt_BR\" \/>\n<meta property=\"og:type\" content=\"article\" \/>\n<meta property=\"og:title\" content=\"Classificados ol\u00edmpicos ap\u00f3s o quarto dia de seletiva - Swimchannel\" \/>\n<meta property=\"og:description\" content=\"Contabilizando os n\u00fameros, agora s\u00e3o 14 nadadores confirmados para T\u00f3quio e Bruno Fratus pr\u00e9-classificado\" \/>\n<meta property=\"og:url\" content=\"https:\/\/swimchannel.net\/br\/classificados-olimpicos-apos-o-quarto-dia-de-seletiva\/\" \/>\n<meta property=\"og:site_name\" content=\"Swimchannel\" \/>\n<meta property=\"article:publisher\" content=\"https:\/\/www.facebook.com\/swimchannel\" \/>\n<meta property=\"article:published_time\" content=\"2021-04-22T18:17:36+00:00\" \/>\n<meta property=\"article:modified_time\" content=\"2021-04-25T01:04:24+00:00\" \/>\n<meta property=\"og:image\" content=\"https:\/\/swimchannel.net\/br\/wp-content\/uploads\/2021\/04\/WhatsApp-Image-2021-04-22-at-19.25.05.jpeg\" \/>\n\t<meta property=\"og:image:width\" content=\"1280\" \/>\n\t<meta property=\"og:image:height\" content=\"853\" \/>\n\t<meta property=\"og:image:type\" content=\"image\/jpeg\" \/>\n<meta name=\"author\" content=\"Guilherme Freitas\" \/>\n<meta name=\"twitter:card\" content=\"summary_large_image\" \/>\n<meta name=\"twitter:label1\" content=\"Escrito por\" \/>\n\t<meta name=\"twitter:data1\" content=\"Guilherme Freitas\" \/>\n\t<meta name=\"twitter:label2\" content=\"Est. tempo de leitura\" \/>\n\t<meta name=\"twitter:data2\" content=\"1 minuto\" \/>\n<script type=\"application\/ld+json\" class=\"yoast-schema-graph\">{\"@context\":\"https:\/\/schema.org\",\"@graph\":[{\"@type\":\"Article\",\"@id\":\"https:\/\/swimchannel.net\/br\/classificados-olimpicos-apos-o-quarto-dia-de-seletiva\/#article\",\"isPartOf\":{\"@id\":\"https:\/\/swimchannel.net\/br\/classificados-olimpicos-apos-o-quarto-dia-de-seletiva\/\"},\"author\":{\"name\":\"Guilherme Freitas\",\"@id\":\"https:\/\/swimchannel.net\/br\/#\/schema\/person\/aa2a63bab3275f53749a83276b213c48\"},\"headline\":\"Classificados ol\u00edmpicos ap\u00f3s o quarto dia de seletiva\",\"datePublished\":\"2021-04-22T18:17:36+00:00\",\"dateModified\":\"2021-04-25T01:04:24+00:00\",\"mainEntityOfPage\":{\"@id\":\"https:\/\/swimchannel.net\/br\/classificados-olimpicos-apos-o-quarto-dia-de-seletiva\/\"},\"wordCount\":281,\"commentCount\":0,\"publisher\":{\"@id\":\"https:\/\/swimchannel.net\/br\/#organization\"},\"image\":{\"@id\":\"https:\/\/swimchannel.net\/br\/classificados-olimpicos-apos-o-quarto-dia-de-seletiva\/#primaryimage\"},\"thumbnailUrl\":\"https:\/\/swimchannel.net\/br\/wp-content\/uploads\/2021\/04\/WhatsApp-Image-2021-04-22-at-19.25.05.jpeg\",\"keywords\":[\"CBDA\",\"Jogos Ol\u00edmpicos\",\"natacao\",\"seletiva ol\u00edmpica\",\"T\u00f3quio-2020\"],\"articleSection\":[\"Nata\u00e7\u00e3o\",\"Seletiva Ol\u00edmpica\"],\"inLanguage\":\"pt-BR\",\"potentialAction\":[{\"@type\":\"CommentAction\",\"name\":\"Comment\",\"target\":[\"https:\/\/swimchannel.net\/br\/classificados-olimpicos-apos-o-quarto-dia-de-seletiva\/#respond\"]}]},{\"@type\":\"WebPage\",\"@id\":\"https:\/\/swimchannel.net\/br\/classificados-olimpicos-apos-o-quarto-dia-de-seletiva\/\",\"url\":\"https:\/\/swimchannel.net\/br\/classificados-olimpicos-apos-o-quarto-dia-de-seletiva\/\",\"name\":\"Classificados ol\u00edmpicos ap\u00f3s o quarto dia de seletiva - Swimchannel\",\"isPartOf\":{\"@id\":\"https:\/\/swimchannel.net\/br\/#website\"},\"primaryImageOfPage\":{\"@id\":\"https:\/\/swimchannel.net\/br\/classificados-olimpicos-apos-o-quarto-dia-de-seletiva\/#primaryimage\"},\"image\":{\"@id\":\"https:\/\/swimchannel.net\/br\/classificados-olimpicos-apos-o-quarto-dia-de-seletiva\/#primaryimage\"},\"thumbnailUrl\":\"https:\/\/swimchannel.net\/br\/wp-content\/uploads\/2021\/04\/WhatsApp-Image-2021-04-22-at-19.25.05.jpeg\",\"datePublished\":\"2021-04-22T18:17:36+00:00\",\"dateModified\":\"2021-04-25T01:04:24+00:00\",\"breadcrumb\":{\"@id\":\"https:\/\/swimchannel.net\/br\/classificados-olimpicos-apos-o-quarto-dia-de-seletiva\/#breadcrumb\"},\"inLanguage\":\"pt-BR\",\"potentialAction\":[{\"@type\":\"ReadAction\",\"target\":[\"https:\/\/swimchannel.net\/br\/classificados-olimpicos-apos-o-quarto-dia-de-seletiva\/\"]}]},{\"@type\":\"ImageObject\",\"inLanguage\":\"pt-BR\",\"@id\":\"https:\/\/swimchannel.net\/br\/classificados-olimpicos-apos-o-quarto-dia-de-seletiva\/#primaryimage\",\"url\":\"https:\/\/swimchannel.net\/br\/wp-content\/uploads\/2021\/04\/WhatsApp-Image-2021-04-22-at-19.25.05.jpeg\",\"contentUrl\":\"https:\/\/swimchannel.net\/br\/wp-content\/uploads\/2021\/04\/WhatsApp-Image-2021-04-22-at-19.25.05.jpeg\",\"width\":1280,\"height\":853,\"caption\":\"Revezamento 4x100m livre - Foto: Satiro Sodr\u00e9\/SSPress\/CBDA\"},{\"@type\":\"BreadcrumbList\",\"@id\":\"https:\/\/swimchannel.net\/br\/classificados-olimpicos-apos-o-quarto-dia-de-seletiva\/#breadcrumb\",\"itemListElement\":[{\"@type\":\"ListItem\",\"position\":1,\"name\":\"Home\",\"item\":\"https:\/\/swimchannel.net\/br\/\"},{\"@type\":\"ListItem\",\"position\":2,\"name\":\"Classificados ol\u00edmpicos ap\u00f3s o quarto dia de seletiva\"}]},{\"@type\":\"WebSite\",\"@id\":\"https:\/\/swimchannel.net\/br\/#website\",\"url\":\"https:\/\/swimchannel.net\/br\/\",\"name\":\"Swimchannel\",\"description\":\"Maior portal de nata\u00e7\u00e3o da america latina\",\"publisher\":{\"@id\":\"https:\/\/swimchannel.net\/br\/#organization\"},\"potentialAction\":[{\"@type\":\"SearchAction\",\"target\":{\"@type\":\"EntryPoint\",\"urlTemplate\":\"https:\/\/swimchannel.net\/br\/?s={search_term_string}\"},\"query-input\":{\"@type\":\"PropertyValueSpecification\",\"valueRequired\":true,\"valueName\":\"search_term_string\"}}],\"inLanguage\":\"pt-BR\"},{\"@type\":\"Organization\",\"@id\":\"https:\/\/swimchannel.net\/br\/#organization\",\"name\":\"Swimchannel - Conectando voc\u00ea a Nata\u00e7\u00e3o\",\"url\":\"https:\/\/swimchannel.net\/br\/\",\"logo\":{\"@type\":\"ImageObject\",\"inLanguage\":\"pt-BR\",\"@id\":\"https:\/\/swimchannel.net\/br\/#\/schema\/logo\/image\/\",\"url\":\"https:\/\/swimchannel.net\/br\/wp-content\/uploads\/2026\/02\/SWIM-CHANNEL.png\",\"contentUrl\":\"https:\/\/swimchannel.net\/br\/wp-content\/uploads\/2026\/02\/SWIM-CHANNEL.png\",\"width\":1120,\"height\":630,\"caption\":\"Swimchannel - Conectando voc\u00ea a Nata\u00e7\u00e3o\"},\"image\":{\"@id\":\"https:\/\/swimchannel.net\/br\/#\/schema\/logo\/image\/\"},\"sameAs\":[\"https:\/\/www.facebook.com\/swimchannel\",\"https:\/\/www.instagram.com\/swimchannel\"]},{\"@type\":\"Person\",\"@id\":\"https:\/\/swimchannel.net\/br\/#\/schema\/person\/aa2a63bab3275f53749a83276b213c48\",\"name\":\"Guilherme Freitas\",\"image\":{\"@type\":\"ImageObject\",\"inLanguage\":\"pt-BR\",\"@id\":\"https:\/\/swimchannel.net\/br\/#\/schema\/person\/image\/\",\"url\":\"https:\/\/swimchannel.net\/br\/wp-content\/uploads\/2025\/10\/gui22-193x180.png\",\"contentUrl\":\"https:\/\/swimchannel.net\/br\/wp-content\/uploads\/2025\/10\/gui22-193x180.png\",\"caption\":\"Guilherme Freitas\"},\"description\":\"Jornalista s\u00eanior da SWIM CHANNEL, ex-correspondente da FINA no Brasil e pesquisador acad\u00eamico.\",\"sameAs\":[\"instagram.com\/guifreitas86\"],\"url\":\"https:\/\/swimchannel.net\/br\/author\/guilherme-freitas\/\"}]}<\/script>\n<!-- \/ Yoast SEO plugin. -->","yoast_head_json":{"title":"Classificados ol\u00edmpicos ap\u00f3s o quarto dia de seletiva - Swimchannel","robots":{"index":"index","follow":"follow","max-snippet":"max-snippet:-1","max-image-preview":"max-image-preview:large","max-video-preview":"max-video-preview:-1"},"canonical":"https:\/\/swimchannel.net\/br\/classificados-olimpicos-apos-o-quarto-dia-de-seletiva\/","og_locale":"pt_BR","og_type":"article","og_title":"Classificados ol\u00edmpicos ap\u00f3s o quarto dia de seletiva - Swimchannel","og_description":"Contabilizando os n\u00fameros, agora s\u00e3o 14 nadadores confirmados para T\u00f3quio e Bruno Fratus pr\u00e9-classificado","og_url":"https:\/\/swimchannel.net\/br\/classificados-olimpicos-apos-o-quarto-dia-de-seletiva\/","og_site_name":"Swimchannel","article_publisher":"https:\/\/www.facebook.com\/swimchannel","article_published_time":"2021-04-22T18:17:36+00:00","article_modified_time":"2021-04-25T01:04:24+00:00","og_image":[{"width":1280,"height":853,"url":"https:\/\/swimchannel.net\/br\/wp-content\/uploads\/2021\/04\/WhatsApp-Image-2021-04-22-at-19.25.05.jpeg","type":"image\/jpeg"}],"author":"Guilherme Freitas","twitter_card":"summary_large_image","twitter_misc":{"Escrito por":"Guilherme Freitas","Est. tempo de leitura":"1 minuto"},"schema":{"@context":"https:\/\/schema.org","@graph":[{"@type":"Article","@id":"https:\/\/swimchannel.net\/br\/classificados-olimpicos-apos-o-quarto-dia-de-seletiva\/#article","isPartOf":{"@id":"https:\/\/swimchannel.net\/br\/classificados-olimpicos-apos-o-quarto-dia-de-seletiva\/"},"author":{"name":"Guilherme Freitas","@id":"https:\/\/swimchannel.net\/br\/#\/schema\/person\/aa2a63bab3275f53749a83276b213c48"},"headline":"Classificados ol\u00edmpicos ap\u00f3s o quarto dia de seletiva","datePublished":"2021-04-22T18:17:36+00:00","dateModified":"2021-04-25T01:04:24+00:00","mainEntityOfPage":{"@id":"https:\/\/swimchannel.net\/br\/classificados-olimpicos-apos-o-quarto-dia-de-seletiva\/"},"wordCount":281,"commentCount":0,"publisher":{"@id":"https:\/\/swimchannel.net\/br\/#organization"},"image":{"@id":"https:\/\/swimchannel.net\/br\/classificados-olimpicos-apos-o-quarto-dia-de-seletiva\/#primaryimage"},"thumbnailUrl":"https:\/\/swimchannel.net\/br\/wp-content\/uploads\/2021\/04\/WhatsApp-Image-2021-04-22-at-19.25.05.jpeg","keywords":["CBDA","Jogos Ol\u00edmpicos","natacao","seletiva ol\u00edmpica","T\u00f3quio-2020"],"articleSection":["Nata\u00e7\u00e3o","Seletiva Ol\u00edmpica"],"inLanguage":"pt-BR","potentialAction":[{"@type":"CommentAction","name":"Comment","target":["https:\/\/swimchannel.net\/br\/classificados-olimpicos-apos-o-quarto-dia-de-seletiva\/#respond"]}]},{"@type":"WebPage","@id":"https:\/\/swimchannel.net\/br\/classificados-olimpicos-apos-o-quarto-dia-de-seletiva\/","url":"https:\/\/swimchannel.net\/br\/classificados-olimpicos-apos-o-quarto-dia-de-seletiva\/","name":"Classificados ol\u00edmpicos ap\u00f3s o quarto dia de seletiva - Swimchannel","isPartOf":{"@id":"https:\/\/swimchannel.net\/br\/#website"},"primaryImageOfPage":{"@id":"https:\/\/swimchannel.net\/br\/classificados-olimpicos-apos-o-quarto-dia-de-seletiva\/#primaryimage"},"image":{"@id":"https:\/\/swimchannel.net\/br\/classificados-olimpicos-apos-o-quarto-dia-de-seletiva\/#primaryimage"},"thumbnailUrl":"https:\/\/swimchannel.net\/br\/wp-content\/uploads\/2021\/04\/WhatsApp-Image-2021-04-22-at-19.25.05.jpeg","datePublished":"2021-04-22T18:17:36+00:00","dateModified":"2021-04-25T01:04:24+00:00","breadcrumb":{"@id":"https:\/\/swimchannel.net\/br\/classificados-olimpicos-apos-o-quarto-dia-de-seletiva\/#breadcrumb"},"inLanguage":"pt-BR","potentialAction":[{"@type":"ReadAction","target":["https:\/\/swimchannel.net\/br\/classificados-olimpicos-apos-o-quarto-dia-de-seletiva\/"]}]},{"@type":"ImageObject","inLanguage":"pt-BR","@id":"https:\/\/swimchannel.net\/br\/classificados-olimpicos-apos-o-quarto-dia-de-seletiva\/#primaryimage","url":"https:\/\/swimchannel.net\/br\/wp-content\/uploads\/2021\/04\/WhatsApp-Image-2021-04-22-at-19.25.05.jpeg","contentUrl":"https:\/\/swimchannel.net\/br\/wp-content\/uploads\/2021\/04\/WhatsApp-Image-2021-04-22-at-19.25.05.jpeg","width":1280,"height":853,"caption":"Revezamento 4x100m livre - Foto: Satiro Sodr\u00e9\/SSPress\/CBDA"},{"@type":"BreadcrumbList","@id":"https:\/\/swimchannel.net\/br\/classificados-olimpicos-apos-o-quarto-dia-de-seletiva\/#breadcrumb","itemListElement":[{"@type":"ListItem","position":1,"name":"Home","item":"https:\/\/swimchannel.net\/br\/"},{"@type":"ListItem","position":2,"name":"Classificados ol\u00edmpicos ap\u00f3s o quarto dia de seletiva"}]},{"@type":"WebSite","@id":"https:\/\/swimchannel.net\/br\/#website","url":"https:\/\/swimchannel.net\/br\/","name":"Swimchannel","description":"Maior portal de nata\u00e7\u00e3o da america latina","publisher":{"@id":"https:\/\/swimchannel.net\/br\/#organization"},"potentialAction":[{"@type":"SearchAction","target":{"@type":"EntryPoint","urlTemplate":"https:\/\/swimchannel.net\/br\/?s={search_term_string}"},"query-input":{"@type":"PropertyValueSpecification","valueRequired":true,"valueName":"search_term_string"}}],"inLanguage":"pt-BR"},{"@type":"Organization","@id":"https:\/\/swimchannel.net\/br\/#organization","name":"Swimchannel - Conectando voc\u00ea a Nata\u00e7\u00e3o","url":"https:\/\/swimchannel.net\/br\/","logo":{"@type":"ImageObject","inLanguage":"pt-BR","@id":"https:\/\/swimchannel.net\/br\/#\/schema\/logo\/image\/","url":"https:\/\/swimchannel.net\/br\/wp-content\/uploads\/2026\/02\/SWIM-CHANNEL.png","contentUrl":"https:\/\/swimchannel.net\/br\/wp-content\/uploads\/2026\/02\/SWIM-CHANNEL.png","width":1120,"height":630,"caption":"Swimchannel - Conectando voc\u00ea a Nata\u00e7\u00e3o"},"image":{"@id":"https:\/\/swimchannel.net\/br\/#\/schema\/logo\/image\/"},"sameAs":["https:\/\/www.facebook.com\/swimchannel","https:\/\/www.instagram.com\/swimchannel"]},{"@type":"Person","@id":"https:\/\/swimchannel.net\/br\/#\/schema\/person\/aa2a63bab3275f53749a83276b213c48","name":"Guilherme Freitas","image":{"@type":"ImageObject","inLanguage":"pt-BR","@id":"https:\/\/swimchannel.net\/br\/#\/schema\/person\/image\/","url":"https:\/\/swimchannel.net\/br\/wp-content\/uploads\/2025\/10\/gui22-193x180.png","contentUrl":"https:\/\/swimchannel.net\/br\/wp-content\/uploads\/2025\/10\/gui22-193x180.png","caption":"Guilherme Freitas"},"description":"Jornalista s\u00eanior da SWIM CHANNEL, ex-correspondente da FINA no Brasil e pesquisador acad\u00eamico.","sameAs":["instagram.com\/guifreitas86"],"url":"https:\/\/swimchannel.net\/br\/author\/guilherme-freitas\/"}]}},"_links":{"self":[{"href":"https:\/\/swimchannel.net\/br\/wp-json\/wp\/v2\/posts\/41124","targetHints":{"allow":["GET"]}}],"collection":[{"href":"https:\/\/swimchannel.net\/br\/wp-json\/wp\/v2\/posts"}],"about":[{"href":"https:\/\/swimchannel.net\/br\/wp-json\/wp\/v2\/types\/post"}],"author":[{"embeddable":true,"href":"https:\/\/swimchannel.net\/br\/wp-json\/wp\/v2\/users\/3"}],"replies":[{"embeddable":true,"href":"https:\/\/swimchannel.net\/br\/wp-json\/wp\/v2\/comments?post=41124"}],"version-history":[{"count":0,"href":"https:\/\/swimchannel.net\/br\/wp-json\/wp\/v2\/posts\/41124\/revisions"}],"wp:featuredmedia":[{"embeddable":true,"href":"https:\/\/swimchannel.net\/br\/wp-json\/wp\/v2\/media\/41190"}],"wp:attachment":[{"href":"https:\/\/swimchannel.net\/br\/wp-json\/wp\/v2\/media?parent=41124"}],"wp:term":[{"taxonomy":"category","embeddable":true,"href":"https:\/\/swimchannel.net\/br\/wp-json\/wp\/v2\/categories?post=41124"},{"taxonomy":"post_tag","embeddable":true,"href":"https:\/\/swimchannel.net\/br\/wp-json\/wp\/v2\/tags?post=41124"}],"curies":[{"name":"wp","href":"https:\/\/api.w.org\/{rel}","templated":true}]}}